{"id":75041,"date":"2026-01-29T09:46:54","date_gmt":"2026-01-29T09:46:54","guid":{"rendered":"https:\/\/transportjournal.com\/2026\/01\/29\/peter-ehler-sara-il-nuovo-amministratore-delegato-di-rheincargo\/"},"modified":"2026-01-29T09:46:54","modified_gmt":"2026-01-29T09:46:54","slug":"peter-ehler-sara-il-nuovo-amministratore-delegato-di-rheincargo","status":"publish","type":"post","link":"https:\/\/transportjournal.com\/it\/2026\/01\/29\/peter-ehler-sara-il-nuovo-amministratore-delegato-di-rheincargo\/","title":{"rendered":"Peter Ehler sar\u00e0 il nuovo amministratore delegato di RheinCargo"},"content":{"rendered":"<p>Peter Ehler (a sinistra) sar\u00e0 il nuovo amministratore delegato della RheinCargo GmbH &amp; Co. KG. Prende il posto di Sascha Odermatt (a destra), che si concentrer\u00e0 nuovamente sul suo ruolo di amministratore delegato della Neuss D\u00fcsseldorfer H\u00e4fen GmbH &amp; Co. KG (NDH). Ehler, che finora \u00e8 stato portavoce della direzione della AWISTA GmbH e AWISTA Kommunal a D\u00fcsseldorf, assumer\u00e0 la direzione commerciale dell&#8217;azienda il 1\u00b0 febbraio 2026.<\/p>\n<p>La RheinCargo GmbH &amp; Co. KG \u00e8 una joint venture tra la H\u00e4fen und G\u00fcterverkehr K\u00f6ln AG (HGK) e la NDH. Il cambio nella direzione avviene in un contesto sfidante per il settore della logistica, in particolare nel settore ferroviario. Jan Huth, presidente del consiglio di sorveglianza della RheinCargo, sottolinea la necessit\u00e0 di un management rafforzato per adattare l&#8217;azienda alle attuali condizioni di mercato. &#8222;Una domanda industriale pi\u00f9 debole, ampie chiusure di cantieri nella rete e l&#8217;aumento dei prezzi dei percorsi gravano sui risultati e sulla pianificazione&#8220;, spiega Huth.<\/p>\n<h3>Esperienze e sfide<\/h3>\n<p>Peter Ehler porta con s\u00e9 ampie esperienze dalla sua precedente attivit\u00e0. Ha guidato con successo l&#8217;AWISTA Kommunal a D\u00fcsseldorf in un contesto complesso e ora diriger\u00e0 la RheinCargo insieme all&#8217;amministratore delegato operativo G\u00f6tz Jesberg. Huth evidenzia che l&#8217;expertise di Ehler nella gestione di diversi stakeholder sar\u00e0 vantaggiosa per le performance economiche e operative della RheinCargo.<\/p>\n<p>Julien Mounier, presidente del consiglio di sorveglianza della AWISTA GmbH, esprime rammarico per il passaggio di Ehler, ma riconosce l&#8217;importanza dello sviluppo della RheinCargo per la regione. &#8222;Lo sviluppo della RheinCargo \u00e8 di grande importanza per D\u00fcsseldorf e la regione&#8220;, afferma Mounier.<\/p>\n<p>Ehler stesso si mostra ottimista riguardo alle nuove sfide. &#8222;La logistica su ferrovia e sul Reno \u00e8 una condizione fondamentale per un&#8217;economia e una societ\u00e0 prospera nella nostra regione&#8220;, spiega. Allo stesso tempo, sottolinea che lasciare l&#8217;AWISTA \u00e8 difficile, ma \u00e8 entusiasta del nuovo incarico alla RheinCargo.<\/p>\n<p>La pianificazione della successione di Ehler presso l&#8217;AWISTA \u00e8 gi\u00e0 in corso.<\/p>\n<p>&nbsp;<\/p>\n<p><a href=\"https:\/\/www.hgk.de\/\" target=\"_blank\" rel=\"noopener noreferrer\">www.hgk.de<\/a><\/p>\n","protected":false},"excerpt":{"rendered":"<p>Peter Ehler assumer\u00e0 il 1\u00b0 febbraio 2026 il ruolo di nuovo amministratore delegato della RheinCargo, succedendo cos\u00ec a Sascha Odermatt.<\/p>\n","protected":false},"author":12,"featured_media":75037,"comment_status":"open","ping_status":"open","sticky":false,"template":"","format":"standard","meta":{"_acf_changed":false,"footnotes":""},"categories":[9092,1638,1628,1627],"tags":[10862,10863,10864,7787,10865,10866,3739,10867,10868,10869,10870,10871,10872,2122,10873,10874,10875,10876,2123,10877,10878,10879,10880,10881,3745,2075,10882,2918,10883,2135,10884,5258,10885,10886,10887,10888,10889,2479,10890,10891,10892,10893,5263,10894,10895,10896,10897,10898,2153,2339,2106,10899,10900,10901,10902],"class_list":["post-75041","post","type-post","status-publish","format-standard","has-post-thumbnail","hentry","category-deutschland","category-europa","category-intermodale-strada","category-persone-e-aziende","tag-awista-gmbh","tag-baustellensperrungen","tag-construction-site-closures","tag-defis-logistiques","tag-demande-industrielle","tag-deutsch-rheincargo","tag-developpement-des-infrastructures","tag-directeur-general-rheincargo","tag-duesseldorf-logistics","tag-duesseldorf-logistik","tag-economic-performance","tag-eisenbahnbereich","tag-entreprises-logistiques-regionales","tag-fachkraeftemangel-logistik","tag-fermetures-de-chantiers","tag-freight-transport-cologne","tag-geschaeftsfuehrer-rheincargo","tag-gestion-dans-la-logistique","tag-gestion-de-la-chaine-dapprovisionnement","tag-gestion-operationnelle","tag-gueterverkehr-koeln","tag-herausforderungen-in-der-logistik","tag-industrial-demand","tag-industrielle-nachfrage","tag-infrastructure-development","tag-infrastrukturentwicklung","tag-logistics-challenges","tag-logistics-industry","tag-logistik-auf-der-schiene","tag-logistikbranche","tag-logistique-duesseldorf","tag-logistique-ferroviaire","tag-management-in-der-logistik","tag-management-in-logistics","tag-neuss-duesseldorf-ports","tag-neuss-duesseldorfer-haefen","tag-operational-management-francais-rheincargo","tag-penurie-de-competences-logistique","tag-performance-economique","tag-peter-ehler","tag-ports-de-neuss-duesseldorf","tag-prix-des-voies","tag-rail-logistics","tag-railway-sector","tag-regional-logistics-companies","tag-regionale-logistikunternehmen","tag-rheincargo-ceo","tag-secteur-ferroviaire","tag-secteur-logistique","tag-skills-shortage-logistics","tag-supply-chain-management","tag-track-prices","tag-transport-de-marchandises-cologne","tag-trassenpreise","tag-wirtschaftliche-performance-english-rheincargo"],"acf":[],"yoast_head":"<!-- This site is optimized with the Yoast SEO plugin v27.3 - https:\/\/yoast.com\/product\/yoast-seo-wordpress\/ -->\n<title>Peter Ehler sar\u00e0 il nuovo amministratore delegato di RheinCargo - ITJ | International Transport Journal<\/title>\n<meta name=\"robots\" content=\"index, follow, max-snippet:-1, max-image-preview:large, max-video-preview:-1\" \/>\n<link rel=\"canonical\" href=\"https:\/\/transportjournal.com\/it\/2026\/01\/29\/peter-ehler-sara-il-nuovo-amministratore-delegato-di-rheincargo\/\" \/>\n<meta property=\"og:locale\" content=\"it_IT\" \/>\n<meta property=\"og:type\" content=\"article\" \/>\n<meta property=\"og:title\" content=\"Peter Ehler sar\u00e0 il nuovo amministratore delegato di RheinCargo - ITJ | International Transport Journal\" \/>\n<meta property=\"og:description\" content=\"Peter Ehler assumer\u00e0 il 1\u00b0 febbraio 2026 il ruolo di nuovo amministratore delegato della RheinCargo, succedendo cos\u00ec a Sascha Odermatt.\" \/>\n<meta property=\"og:url\" content=\"https:\/\/transportjournal.com\/it\/2026\/01\/29\/peter-ehler-sara-il-nuovo-amministratore-delegato-di-rheincargo\/\" \/>\n<meta property=\"og:site_name\" content=\"ITJ | International Transport Journal\" \/>\n<meta property=\"article:published_time\" content=\"2026-01-29T09:46:54+00:00\" \/>\n<meta property=\"og:image\" content=\"https:\/\/transportjournal.com\/wp-content\/uploads\/sites\/2\/2026\/01\/2026_01_29_V_l_Peter_Ehler_Sascha_Odermatt-scaled-aspect-ratio-1400-788-scaled-1.jpg\" \/>\n\t<meta property=\"og:image:width\" content=\"2560\" \/>\n\t<meta property=\"og:image:height\" content=\"1441\" \/>\n\t<meta property=\"og:image:type\" content=\"image\/jpeg\" \/>\n<meta name=\"author\" content=\"Andreas Haug\" \/>\n<meta name=\"twitter:card\" content=\"summary_large_image\" \/>\n<meta name=\"twitter:label1\" content=\"Scritto da\" \/>\n\t<meta name=\"twitter:data1\" content=\"Andreas Haug\" \/>\n\t<meta name=\"twitter:label2\" content=\"Tempo di lettura stimato\" \/>\n\t<meta name=\"twitter:data2\" content=\"2 minuto\" \/>\n<script type=\"application\/ld+json\" class=\"yoast-schema-graph\">{\"@context\":\"https:\\\/\\\/schema.org\",\"@graph\":[{\"@type\":\"Article\",\"@id\":\"https:\\\/\\\/transportjournal.com\\\/it\\\/2026\\\/01\\\/29\\\/peter-ehler-sara-il-nuovo-amministratore-delegato-di-rheincargo\\\/#article\",\"isPartOf\":{\"@id\":\"https:\\\/\\\/transportjournal.com\\\/it\\\/2026\\\/01\\\/29\\\/peter-ehler-sara-il-nuovo-amministratore-delegato-di-rheincargo\\\/\"},\"author\":{\"name\":\"Andreas Haug\",\"@id\":\"https:\\\/\\\/transportjournal.com\\\/it\\\/#\\\/schema\\\/person\\\/cf538b3157f15afd7589245a4b3dbd25\"},\"headline\":\"Peter Ehler sar\u00e0 il nuovo amministratore delegato di RheinCargo\",\"datePublished\":\"2026-01-29T09:46:54+00:00\",\"mainEntityOfPage\":{\"@id\":\"https:\\\/\\\/transportjournal.com\\\/it\\\/2026\\\/01\\\/29\\\/peter-ehler-sara-il-nuovo-amministratore-delegato-di-rheincargo\\\/\"},\"wordCount\":338,\"commentCount\":0,\"publisher\":{\"@id\":\"https:\\\/\\\/transportjournal.com\\\/it\\\/#organization\"},\"image\":{\"@id\":\"https:\\\/\\\/transportjournal.com\\\/it\\\/2026\\\/01\\\/29\\\/peter-ehler-sara-il-nuovo-amministratore-delegato-di-rheincargo\\\/#primaryimage\"},\"thumbnailUrl\":\"https:\\\/\\\/transportjournal.com\\\/wp-content\\\/uploads\\\/sites\\\/2\\\/2026\\\/01\\\/2026_01_29_V_l_Peter_Ehler_Sascha_Odermatt-scaled-aspect-ratio-1400-788-scaled-1.jpg\",\"keywords\":[\"AWISTA GmbH\",\"Baustellensperrungen\",\"construction site closures\",\"d\u00e9fis logistiques\",\"demande industrielle\",\"Deutsch RheinCargo\",\"d\u00e9veloppement des infrastructures\",\"directeur g\u00e9n\u00e9ral RheinCargo\",\"D\u00fcsseldorf logistics\",\"D\u00fcsseldorf Logistik\",\"economic performance\",\"Eisenbahnbereich\",\"entreprises logistiques r\u00e9gionales\",\"Fachkr\u00e4ftemangel Logistik\",\"fermetures de chantiers\",\"freight transport Cologne\",\"Gesch\u00e4ftsf\u00fchrer RheinCargo\",\"gestion dans la logistique\",\"gestion de la cha\u00eene d'approvisionnement\",\"gestion op\u00e9rationnelle\",\"G\u00fcterverkehr K\u00f6ln\",\"Herausforderungen in der Logistik\",\"industrial demand\",\"industrielle Nachfrage\",\"infrastructure development\",\"Infrastrukturentwicklung\",\"logistics challenges\",\"logistics industry\",\"Logistik auf der Schiene\",\"Logistikbranche\",\"logistique D\u00fcsseldorf\",\"logistique ferroviaire\",\"Management in der Logistik\",\"management in logistics\",\"Neuss D\u00fcsseldorf ports\",\"Neuss D\u00fcsseldorfer H\u00e4fen\",\"operational management Fran\u00e7ais RheinCargo\",\"p\u00e9nurie de comp\u00e9tences logistique\",\"performance \u00e9conomique\",\"Peter Ehler\",\"ports de Neuss D\u00fcsseldorf\",\"prix des voies\",\"rail logistics\",\"railway sector\",\"regional logistics companies\",\"regionale Logistikunternehmen\",\"RheinCargo CEO\",\"secteur ferroviaire\",\"secteur logistique\",\"skills shortage logistics\",\"Supply Chain Management\",\"track prices\",\"transport de marchandises Cologne\",\"Trassenpreise\",\"wirtschaftliche Performance English RheinCargo\"],\"articleSection\":[\"Deutschland\",\"Europa\",\"Intermodale \\\/ Strada\",\"Persone e aziende\"],\"inLanguage\":\"it-IT\",\"potentialAction\":[{\"@type\":\"CommentAction\",\"name\":\"Comment\",\"target\":[\"https:\\\/\\\/transportjournal.com\\\/it\\\/2026\\\/01\\\/29\\\/peter-ehler-sara-il-nuovo-amministratore-delegato-di-rheincargo\\\/#respond\"]}]},{\"@type\":\"WebPage\",\"@id\":\"https:\\\/\\\/transportjournal.com\\\/it\\\/2026\\\/01\\\/29\\\/peter-ehler-sara-il-nuovo-amministratore-delegato-di-rheincargo\\\/\",\"url\":\"https:\\\/\\\/transportjournal.com\\\/it\\\/2026\\\/01\\\/29\\\/peter-ehler-sara-il-nuovo-amministratore-delegato-di-rheincargo\\\/\",\"name\":\"Peter Ehler sar\u00e0 il nuovo amministratore delegato di RheinCargo - ITJ | International Transport Journal\",\"isPartOf\":{\"@id\":\"https:\\\/\\\/transportjournal.com\\\/it\\\/#website\"},\"primaryImageOfPage\":{\"@id\":\"https:\\\/\\\/transportjournal.com\\\/it\\\/2026\\\/01\\\/29\\\/peter-ehler-sara-il-nuovo-amministratore-delegato-di-rheincargo\\\/#primaryimage\"},\"image\":{\"@id\":\"https:\\\/\\\/transportjournal.com\\\/it\\\/2026\\\/01\\\/29\\\/peter-ehler-sara-il-nuovo-amministratore-delegato-di-rheincargo\\\/#primaryimage\"},\"thumbnailUrl\":\"https:\\\/\\\/transportjournal.com\\\/wp-content\\\/uploads\\\/sites\\\/2\\\/2026\\\/01\\\/2026_01_29_V_l_Peter_Ehler_Sascha_Odermatt-scaled-aspect-ratio-1400-788-scaled-1.jpg\",\"datePublished\":\"2026-01-29T09:46:54+00:00\",\"breadcrumb\":{\"@id\":\"https:\\\/\\\/transportjournal.com\\\/it\\\/2026\\\/01\\\/29\\\/peter-ehler-sara-il-nuovo-amministratore-delegato-di-rheincargo\\\/#breadcrumb\"},\"inLanguage\":\"it-IT\",\"potentialAction\":[{\"@type\":\"ReadAction\",\"target\":[\"https:\\\/\\\/transportjournal.com\\\/it\\\/2026\\\/01\\\/29\\\/peter-ehler-sara-il-nuovo-amministratore-delegato-di-rheincargo\\\/\"]}]},{\"@type\":\"ImageObject\",\"inLanguage\":\"it-IT\",\"@id\":\"https:\\\/\\\/transportjournal.com\\\/it\\\/2026\\\/01\\\/29\\\/peter-ehler-sara-il-nuovo-amministratore-delegato-di-rheincargo\\\/#primaryimage\",\"url\":\"https:\\\/\\\/transportjournal.com\\\/wp-content\\\/uploads\\\/sites\\\/2\\\/2026\\\/01\\\/2026_01_29_V_l_Peter_Ehler_Sascha_Odermatt-scaled-aspect-ratio-1400-788-scaled-1.jpg\",\"contentUrl\":\"https:\\\/\\\/transportjournal.com\\\/wp-content\\\/uploads\\\/sites\\\/2\\\/2026\\\/01\\\/2026_01_29_V_l_Peter_Ehler_Sascha_Odermatt-scaled-aspect-ratio-1400-788-scaled-1.jpg\",\"width\":2560,\"height\":1441},{\"@type\":\"BreadcrumbList\",\"@id\":\"https:\\\/\\\/transportjournal.com\\\/it\\\/2026\\\/01\\\/29\\\/peter-ehler-sara-il-nuovo-amministratore-delegato-di-rheincargo\\\/#breadcrumb\",\"itemListElement\":[{\"@type\":\"ListItem\",\"position\":1,\"name\":\"Startseite\",\"item\":\"https:\\\/\\\/transportjournal.com\\\/it\\\/\"},{\"@type\":\"ListItem\",\"position\":2,\"name\":\"Peter Ehler sar\u00e0 il nuovo amministratore delegato di RheinCargo\"}]},{\"@type\":\"WebSite\",\"@id\":\"https:\\\/\\\/transportjournal.com\\\/it\\\/#website\",\"url\":\"https:\\\/\\\/transportjournal.com\\\/it\\\/\",\"name\":\"ITJ | International Transport Journal\",\"description\":\"Stay informed with the latest global news from the transport, logistics, and supply chain industries. Transport Journal delivers expert insights, analysis, and updates across shipping, aviation, intermodal, and forwarding.\",\"publisher\":{\"@id\":\"https:\\\/\\\/transportjournal.com\\\/it\\\/#organization\"},\"potentialAction\":[{\"@type\":\"SearchAction\",\"target\":{\"@type\":\"EntryPoint\",\"urlTemplate\":\"https:\\\/\\\/transportjournal.com\\\/it\\\/?s={search_term_string}\"},\"query-input\":{\"@type\":\"PropertyValueSpecification\",\"valueRequired\":true,\"valueName\":\"search_term_string\"}}],\"inLanguage\":\"it-IT\"},{\"@type\":\"Organization\",\"@id\":\"https:\\\/\\\/transportjournal.com\\\/it\\\/#organization\",\"name\":\"Logismedia Group AG\",\"alternateName\":\"Logismedia Group AG\",\"url\":\"https:\\\/\\\/transportjournal.com\\\/it\\\/\",\"logo\":{\"@type\":\"ImageObject\",\"inLanguage\":\"it-IT\",\"@id\":\"https:\\\/\\\/transportjournal.com\\\/it\\\/#\\\/schema\\\/logo\\\/image\\\/\",\"url\":\"https:\\\/\\\/transportjournal.com\\\/wp-content\\\/uploads\\\/sites\\\/2\\\/2025\\\/09\\\/Logo_ITJ.png\",\"contentUrl\":\"https:\\\/\\\/transportjournal.com\\\/wp-content\\\/uploads\\\/sites\\\/2\\\/2025\\\/09\\\/Logo_ITJ.png\",\"width\":799,\"height\":326,\"caption\":\"Logismedia Group AG\"},\"image\":{\"@id\":\"https:\\\/\\\/transportjournal.com\\\/it\\\/#\\\/schema\\\/logo\\\/image\\\/\"},\"sameAs\":[\"https:\\\/\\\/www.linkedin.com\\\/company\\\/56456496\\\/admin\\\/dashboard\\\/\",\"https:\\\/\\\/www.instagram.com\\\/logismediagroup\\\/\",\"https:\\\/\\\/www.youtube.com\\\/@LogiamediaGroupAG\"]},{\"@type\":\"Person\",\"@id\":\"https:\\\/\\\/transportjournal.com\\\/it\\\/#\\\/schema\\\/person\\\/cf538b3157f15afd7589245a4b3dbd25\",\"name\":\"Andreas Haug\",\"url\":\"https:\\\/\\\/transportjournal.com\\\/it\\\/author\\\/andreas\\\/\"}]}<\/script>\n<!-- \/ Yoast SEO plugin. -->","yoast_head_json":{"title":"Peter Ehler sar\u00e0 il nuovo amministratore delegato di RheinCargo - ITJ | International Transport Journal","robots":{"index":"index","follow":"follow","max-snippet":"max-snippet:-1","max-image-preview":"max-image-preview:large","max-video-preview":"max-video-preview:-1"},"canonical":"https:\/\/transportjournal.com\/it\/2026\/01\/29\/peter-ehler-sara-il-nuovo-amministratore-delegato-di-rheincargo\/","og_locale":"it_IT","og_type":"article","og_title":"Peter Ehler sar\u00e0 il nuovo amministratore delegato di RheinCargo - ITJ | International Transport Journal","og_description":"Peter Ehler assumer\u00e0 il 1\u00b0 febbraio 2026 il ruolo di nuovo amministratore delegato della RheinCargo, succedendo cos\u00ec a Sascha Odermatt.","og_url":"https:\/\/transportjournal.com\/it\/2026\/01\/29\/peter-ehler-sara-il-nuovo-amministratore-delegato-di-rheincargo\/","og_site_name":"ITJ | International Transport Journal","article_published_time":"2026-01-29T09:46:54+00:00","og_image":[{"width":2560,"height":1441,"url":"https:\/\/transportjournal.com\/wp-content\/uploads\/sites\/2\/2026\/01\/2026_01_29_V_l_Peter_Ehler_Sascha_Odermatt-scaled-aspect-ratio-1400-788-scaled-1.jpg","type":"image\/jpeg"}],"author":"Andreas Haug","twitter_card":"summary_large_image","twitter_misc":{"Scritto da":"Andreas Haug","Tempo di lettura stimato":"2 minuto"},"schema":{"@context":"https:\/\/schema.org","@graph":[{"@type":"Article","@id":"https:\/\/transportjournal.com\/it\/2026\/01\/29\/peter-ehler-sara-il-nuovo-amministratore-delegato-di-rheincargo\/#article","isPartOf":{"@id":"https:\/\/transportjournal.com\/it\/2026\/01\/29\/peter-ehler-sara-il-nuovo-amministratore-delegato-di-rheincargo\/"},"author":{"name":"Andreas Haug","@id":"https:\/\/transportjournal.com\/it\/#\/schema\/person\/cf538b3157f15afd7589245a4b3dbd25"},"headline":"Peter Ehler sar\u00e0 il nuovo amministratore delegato di RheinCargo","datePublished":"2026-01-29T09:46:54+00:00","mainEntityOfPage":{"@id":"https:\/\/transportjournal.com\/it\/2026\/01\/29\/peter-ehler-sara-il-nuovo-amministratore-delegato-di-rheincargo\/"},"wordCount":338,"commentCount":0,"publisher":{"@id":"https:\/\/transportjournal.com\/it\/#organization"},"image":{"@id":"https:\/\/transportjournal.com\/it\/2026\/01\/29\/peter-ehler-sara-il-nuovo-amministratore-delegato-di-rheincargo\/#primaryimage"},"thumbnailUrl":"https:\/\/transportjournal.com\/wp-content\/uploads\/sites\/2\/2026\/01\/2026_01_29_V_l_Peter_Ehler_Sascha_Odermatt-scaled-aspect-ratio-1400-788-scaled-1.jpg","keywords":["AWISTA GmbH","Baustellensperrungen","construction site closures","d\u00e9fis logistiques","demande industrielle","Deutsch RheinCargo","d\u00e9veloppement des infrastructures","directeur g\u00e9n\u00e9ral RheinCargo","D\u00fcsseldorf logistics","D\u00fcsseldorf Logistik","economic performance","Eisenbahnbereich","entreprises logistiques r\u00e9gionales","Fachkr\u00e4ftemangel Logistik","fermetures de chantiers","freight transport Cologne","Gesch\u00e4ftsf\u00fchrer RheinCargo","gestion dans la logistique","gestion de la cha\u00eene d'approvisionnement","gestion op\u00e9rationnelle","G\u00fcterverkehr K\u00f6ln","Herausforderungen in der Logistik","industrial demand","industrielle Nachfrage","infrastructure development","Infrastrukturentwicklung","logistics challenges","logistics industry","Logistik auf der Schiene","Logistikbranche","logistique D\u00fcsseldorf","logistique ferroviaire","Management in der Logistik","management in logistics","Neuss D\u00fcsseldorf ports","Neuss D\u00fcsseldorfer H\u00e4fen","operational management Fran\u00e7ais RheinCargo","p\u00e9nurie de comp\u00e9tences logistique","performance \u00e9conomique","Peter Ehler","ports de Neuss D\u00fcsseldorf","prix des voies","rail logistics","railway sector","regional logistics companies","regionale Logistikunternehmen","RheinCargo CEO","secteur ferroviaire","secteur logistique","skills shortage logistics","Supply Chain Management","track prices","transport de marchandises Cologne","Trassenpreise","wirtschaftliche Performance English RheinCargo"],"articleSection":["Deutschland","Europa","Intermodale \/ Strada","Persone e aziende"],"inLanguage":"it-IT","potentialAction":[{"@type":"CommentAction","name":"Comment","target":["https:\/\/transportjournal.com\/it\/2026\/01\/29\/peter-ehler-sara-il-nuovo-amministratore-delegato-di-rheincargo\/#respond"]}]},{"@type":"WebPage","@id":"https:\/\/transportjournal.com\/it\/2026\/01\/29\/peter-ehler-sara-il-nuovo-amministratore-delegato-di-rheincargo\/","url":"https:\/\/transportjournal.com\/it\/2026\/01\/29\/peter-ehler-sara-il-nuovo-amministratore-delegato-di-rheincargo\/","name":"Peter Ehler sar\u00e0 il nuovo amministratore delegato di RheinCargo - ITJ | International Transport Journal","isPartOf":{"@id":"https:\/\/transportjournal.com\/it\/#website"},"primaryImageOfPage":{"@id":"https:\/\/transportjournal.com\/it\/2026\/01\/29\/peter-ehler-sara-il-nuovo-amministratore-delegato-di-rheincargo\/#primaryimage"},"image":{"@id":"https:\/\/transportjournal.com\/it\/2026\/01\/29\/peter-ehler-sara-il-nuovo-amministratore-delegato-di-rheincargo\/#primaryimage"},"thumbnailUrl":"https:\/\/transportjournal.com\/wp-content\/uploads\/sites\/2\/2026\/01\/2026_01_29_V_l_Peter_Ehler_Sascha_Odermatt-scaled-aspect-ratio-1400-788-scaled-1.jpg","datePublished":"2026-01-29T09:46:54+00:00","breadcrumb":{"@id":"https:\/\/transportjournal.com\/it\/2026\/01\/29\/peter-ehler-sara-il-nuovo-amministratore-delegato-di-rheincargo\/#breadcrumb"},"inLanguage":"it-IT","potentialAction":[{"@type":"ReadAction","target":["https:\/\/transportjournal.com\/it\/2026\/01\/29\/peter-ehler-sara-il-nuovo-amministratore-delegato-di-rheincargo\/"]}]},{"@type":"ImageObject","inLanguage":"it-IT","@id":"https:\/\/transportjournal.com\/it\/2026\/01\/29\/peter-ehler-sara-il-nuovo-amministratore-delegato-di-rheincargo\/#primaryimage","url":"https:\/\/transportjournal.com\/wp-content\/uploads\/sites\/2\/2026\/01\/2026_01_29_V_l_Peter_Ehler_Sascha_Odermatt-scaled-aspect-ratio-1400-788-scaled-1.jpg","contentUrl":"https:\/\/transportjournal.com\/wp-content\/uploads\/sites\/2\/2026\/01\/2026_01_29_V_l_Peter_Ehler_Sascha_Odermatt-scaled-aspect-ratio-1400-788-scaled-1.jpg","width":2560,"height":1441},{"@type":"BreadcrumbList","@id":"https:\/\/transportjournal.com\/it\/2026\/01\/29\/peter-ehler-sara-il-nuovo-amministratore-delegato-di-rheincargo\/#breadcrumb","itemListElement":[{"@type":"ListItem","position":1,"name":"Startseite","item":"https:\/\/transportjournal.com\/it\/"},{"@type":"ListItem","position":2,"name":"Peter Ehler sar\u00e0 il nuovo amministratore delegato di RheinCargo"}]},{"@type":"WebSite","@id":"https:\/\/transportjournal.com\/it\/#website","url":"https:\/\/transportjournal.com\/it\/","name":"ITJ | International Transport Journal","description":"Stay informed with the latest global news from the transport, logistics, and supply chain industries. Transport Journal delivers expert insights, analysis, and updates across shipping, aviation, intermodal, and forwarding.","publisher":{"@id":"https:\/\/transportjournal.com\/it\/#organization"},"potentialAction":[{"@type":"SearchAction","target":{"@type":"EntryPoint","urlTemplate":"https:\/\/transportjournal.com\/it\/?s={search_term_string}"},"query-input":{"@type":"PropertyValueSpecification","valueRequired":true,"valueName":"search_term_string"}}],"inLanguage":"it-IT"},{"@type":"Organization","@id":"https:\/\/transportjournal.com\/it\/#organization","name":"Logismedia Group AG","alternateName":"Logismedia Group AG","url":"https:\/\/transportjournal.com\/it\/","logo":{"@type":"ImageObject","inLanguage":"it-IT","@id":"https:\/\/transportjournal.com\/it\/#\/schema\/logo\/image\/","url":"https:\/\/transportjournal.com\/wp-content\/uploads\/sites\/2\/2025\/09\/Logo_ITJ.png","contentUrl":"https:\/\/transportjournal.com\/wp-content\/uploads\/sites\/2\/2025\/09\/Logo_ITJ.png","width":799,"height":326,"caption":"Logismedia Group AG"},"image":{"@id":"https:\/\/transportjournal.com\/it\/#\/schema\/logo\/image\/"},"sameAs":["https:\/\/www.linkedin.com\/company\/56456496\/admin\/dashboard\/","https:\/\/www.instagram.com\/logismediagroup\/","https:\/\/www.youtube.com\/@LogiamediaGroupAG"]},{"@type":"Person","@id":"https:\/\/transportjournal.com\/it\/#\/schema\/person\/cf538b3157f15afd7589245a4b3dbd25","name":"Andreas Haug","url":"https:\/\/transportjournal.com\/it\/author\/andreas\/"}]}},"_links":{"self":[{"href":"https:\/\/transportjournal.com\/it\/wp-json\/wp\/v2\/posts\/75041","targetHints":{"allow":["GET"]}}],"collection":[{"href":"https:\/\/transportjournal.com\/it\/wp-json\/wp\/v2\/posts"}],"about":[{"href":"https:\/\/transportjournal.com\/it\/wp-json\/wp\/v2\/types\/post"}],"author":[{"embeddable":true,"href":"https:\/\/transportjournal.com\/it\/wp-json\/wp\/v2\/users\/12"}],"replies":[{"embeddable":true,"href":"https:\/\/transportjournal.com\/it\/wp-json\/wp\/v2\/comments?post=75041"}],"version-history":[{"count":0,"href":"https:\/\/transportjournal.com\/it\/wp-json\/wp\/v2\/posts\/75041\/revisions"}],"wp:featuredmedia":[{"embeddable":true,"href":"https:\/\/transportjournal.com\/it\/wp-json\/wp\/v2\/media\/75037"}],"wp:attachment":[{"href":"https:\/\/transportjournal.com\/it\/wp-json\/wp\/v2\/media?parent=75041"}],"wp:term":[{"taxonomy":"category","embeddable":true,"href":"https:\/\/transportjournal.com\/it\/wp-json\/wp\/v2\/categories?post=75041"},{"taxonomy":"post_tag","embeddable":true,"href":"https:\/\/transportjournal.com\/it\/wp-json\/wp\/v2\/tags?post=75041"}],"curies":[{"name":"wp","href":"https:\/\/api.w.org\/{rel}","templated":true}]}}