{"id":75025,"date":"2026-01-29T08:29:29","date_gmt":"2026-01-29T08:29:29","guid":{"rendered":"https:\/\/transportjournal.com\/2026\/01\/29\/air-charter-service-espande-la-sua-presenza-a-brisbane\/"},"modified":"2026-01-29T08:29:29","modified_gmt":"2026-01-29T08:29:29","slug":"air-charter-service-espande-la-sua-presenza-a-brisbane","status":"publish","type":"post","link":"https:\/\/transportjournal.com\/it\/2026\/01\/29\/air-charter-service-espande-la-sua-presenza-a-brisbane\/","title":{"rendered":"Air Charter Service espande la sua presenza a Brisbane"},"content":{"rendered":"<p>Air Charter Service ha ulteriormente ampliato la sua presenza in Australia con l&#8217;apertura di un nuovo ufficio a Brisbane. Questo ufficio \u00e8 pi\u00f9 di quattro volte pi\u00f9 grande rispetto al precedente luogo di lavoro del team. L&#8217;espansione avviene solo sei mesi dopo l&#8217;apertura di un ufficio a Perth.<\/p>\n<p>Melissa Rogers, Direttore Vendite Charter di Air Charter Service a Brisbane, ha commentato gli sviluppi: &#8222;Negli ultimi quattro anni, da quando Matthew Haigh ed io abbiamo aperto il nostro ufficio qui, abbiamo vissuto una crescita notevole e ora abbiamo un team in continua espansione di quasi 20 persone.&#8220;<\/p>\n<p>I numeri attestano il successo dell&#8217;azienda: nell&#8217;anno scorso, il numero di voli charter \u00e8 pi\u00f9 che raddoppiato rispetto ai risultati del 2024. Inoltre, Air Charter Service ha acquisito diversi nuovi contratti FIFO (Fly In, Fly Out) con clienti importanti, sottolineando la crescente reputazione dell&#8217;azienda nella regione.<\/p>\n<h3>Scelta strategica della posizione e prospettive future<\/h3>\n<p>Il nuovo ufficio si trova nel quartiere di James Street nel Fortitude Valley di Brisbane e offre spazio sufficiente per realizzare i piani di crescita dell&#8217;azienda per gli anni a venire. Rogers sottolinea: &#8222;Questo \u00e8 un momento entusiasmante per Air Charter Service in Australia, poich\u00e9 vogliamo continuare a espandere il nostro successo e ampliare i nostri team qui a Brisbane, oltre alle operazioni esistenti a Sydney e Perth.&#8220;<\/p>\n<p>Air Charter Service \u00e8 un broker di charter aereo globale con 40 uffici su sei continenti. L&#8217;azienda organizza oltre 35.000 voli all&#8217;anno e genera un fatturato di oltre 1 miliardo di USD da cinque anni. \u00c8 stata fondata nel 1990 da Chris e Tina Leach. Oggi l&#8217;azienda impiega oltre 750 persone in tutto il mondo.<\/p>\n<p>&nbsp;<\/p>\n<p><a href=\"https:\/\/www.aircharterservice.com\/\" target=\"_blank\" rel=\"noopener noreferrer\">www.aircharterservice.com<\/a><\/p>\n<p>&nbsp;<\/p>\n","protected":false},"excerpt":{"rendered":"<p>Air Charter Service ha inaugurato un nuovo, ampio ufficio a Brisbane per continuare a promuovere la crescita dell&#8217;azienda e l&#8217;espansione in Australia.<\/p>\n","protected":false},"author":12,"featured_media":75021,"comment_status":"open","ping_status":"open","sticky":false,"template":"","format":"standard","meta":{"_acf_changed":false,"footnotes":""},"categories":[1627,1630],"tags":[10833,10834,7581,10835,10836,10837,6438,10838,6439,10839,10840,10841,10842,6305,3739,4281,4282,10843,10844,10845,10846,7594,10847,10848,10849,10850,2125,3745,2075,10851,10852,2469,1831,10853,3252,9220,9221,4298,9227,10854,4031,10855,10856,10857,10858,10859,2155,1837,5621,10860,10861],"class_list":["post-75025","post","type-post","status-publish","format-standard","has-post-thumbnail","hentry","category-persone-e-aziende","category-trasporto-aereo","tag-affretement-davions","tag-air-transport-market-francais-air-charter-service","tag-aircraft-charter","tag-augmentation-des-revenus","tag-aviation-internationale","tag-brisbane","tag-charter-flights","tag-charter-sales-director","tag-charterfluege","tag-choix-strategique-de-localisation","tag-contrats-fifo","tag-croissance-de-lequipe","tag-croissance-en-australie","tag-deutsch-air-charter-service","tag-developpement-des-infrastructures","tag-digitalisierung-in-der-luftfahrt","tag-digitalization-in-aviation","tag-directeur-des-ventes-charter","tag-expansion-mondiale","tag-fifo-contracts","tag-fifo-vertraege","tag-flugzeugcharter","tag-fortitude-valley","tag-global-expansion","tag-globale-expansion","tag-growth-in-australia","tag-industrie-du-transport","tag-infrastructure-development","tag-infrastrukturentwicklung","tag-international-aviation","tag-internationale-luftfahrt","tag-logistics-service-provider","tag-logistikdienstleister","tag-luftverkehrsmarkt-english-air-charter-service","tag-marche-du-transport-aerien","tag-market-share","tag-marktanteil","tag-numerisation-dans-laviation","tag-part-de-marche","tag-perth","tag-prestataire-de-services-logistiques","tag-revenue-increase","tag-strategic-location-choice","tag-strategische-standortwahl","tag-team-growth","tag-teamwachstum","tag-transport-industry","tag-transportwirtschaft","tag-umsatzsteigerung","tag-vols-charters","tag-wachstum-in-australien"],"acf":[],"yoast_head":"<!-- This site is optimized with the Yoast SEO plugin v27.3 - https:\/\/yoast.com\/product\/yoast-seo-wordpress\/ -->\n<title>Air Charter Service espande la sua presenza a Brisbane - ITJ | International Transport Journal<\/title>\n<meta name=\"robots\" content=\"index, follow, max-snippet:-1, max-image-preview:large, max-video-preview:-1\" \/>\n<link rel=\"canonical\" href=\"https:\/\/transportjournal.com\/it\/2026\/01\/29\/air-charter-service-espande-la-sua-presenza-a-brisbane\/\" \/>\n<meta property=\"og:locale\" content=\"it_IT\" \/>\n<meta property=\"og:type\" content=\"article\" \/>\n<meta property=\"og:title\" content=\"Air Charter Service espande la sua presenza a Brisbane - ITJ | International Transport Journal\" \/>\n<meta property=\"og:description\" content=\"Air Charter Service ha inaugurato un nuovo, ampio ufficio a Brisbane per continuare a promuovere la crescita dell&#039;azienda e l&#039;espansione in Australia.\" \/>\n<meta property=\"og:url\" content=\"https:\/\/transportjournal.com\/it\/2026\/01\/29\/air-charter-service-espande-la-sua-presenza-a-brisbane\/\" \/>\n<meta property=\"og:site_name\" content=\"ITJ | International Transport Journal\" \/>\n<meta property=\"article:published_time\" content=\"2026-01-29T08:29:29+00:00\" \/>\n<meta property=\"og:image\" content=\"https:\/\/transportjournal.com\/wp-content\/uploads\/sites\/2\/2026\/01\/BNE-office-team-photo-scaled-aspect-ratio-1400-788-scaled-1.jpg\" \/>\n\t<meta property=\"og:image:width\" content=\"2560\" \/>\n\t<meta property=\"og:image:height\" content=\"1441\" \/>\n\t<meta property=\"og:image:type\" content=\"image\/jpeg\" \/>\n<meta name=\"author\" content=\"Andreas Haug\" \/>\n<meta name=\"twitter:card\" content=\"summary_large_image\" \/>\n<meta name=\"twitter:label1\" content=\"Scritto da\" \/>\n\t<meta name=\"twitter:data1\" content=\"Andreas Haug\" \/>\n\t<meta name=\"twitter:label2\" content=\"Tempo di lettura stimato\" \/>\n\t<meta name=\"twitter:data2\" content=\"1 minuto\" \/>\n<script type=\"application\/ld+json\" class=\"yoast-schema-graph\">{\"@context\":\"https:\\\/\\\/schema.org\",\"@graph\":[{\"@type\":\"Article\",\"@id\":\"https:\\\/\\\/transportjournal.com\\\/it\\\/2026\\\/01\\\/29\\\/air-charter-service-espande-la-sua-presenza-a-brisbane\\\/#article\",\"isPartOf\":{\"@id\":\"https:\\\/\\\/transportjournal.com\\\/it\\\/2026\\\/01\\\/29\\\/air-charter-service-espande-la-sua-presenza-a-brisbane\\\/\"},\"author\":{\"name\":\"Andreas Haug\",\"@id\":\"https:\\\/\\\/transportjournal.com\\\/it\\\/#\\\/schema\\\/person\\\/cf538b3157f15afd7589245a4b3dbd25\"},\"headline\":\"Air Charter Service espande la sua presenza a Brisbane\",\"datePublished\":\"2026-01-29T08:29:29+00:00\",\"mainEntityOfPage\":{\"@id\":\"https:\\\/\\\/transportjournal.com\\\/it\\\/2026\\\/01\\\/29\\\/air-charter-service-espande-la-sua-presenza-a-brisbane\\\/\"},\"wordCount\":284,\"commentCount\":0,\"publisher\":{\"@id\":\"https:\\\/\\\/transportjournal.com\\\/it\\\/#organization\"},\"image\":{\"@id\":\"https:\\\/\\\/transportjournal.com\\\/it\\\/2026\\\/01\\\/29\\\/air-charter-service-espande-la-sua-presenza-a-brisbane\\\/#primaryimage\"},\"thumbnailUrl\":\"https:\\\/\\\/transportjournal.com\\\/wp-content\\\/uploads\\\/sites\\\/2\\\/2026\\\/01\\\/BNE-office-team-photo-scaled-aspect-ratio-1400-788-scaled-1.jpg\",\"keywords\":[\"affr\u00e8tement d'avions\",\"air transport market Fran\u00e7ais Air Charter Service\",\"aircraft charter\",\"augmentation des revenus\",\"aviation internationale\",\"Brisbane\",\"charter flights\",\"Charter Sales Director\",\"Charterfl\u00fcge\",\"choix strat\u00e9gique de localisation\",\"contrats FIFO\",\"croissance de l'\u00e9quipe\",\"croissance en Australie\",\"Deutsch Air Charter Service\",\"d\u00e9veloppement des infrastructures\",\"Digitalisierung in der Luftfahrt\",\"digitalization in aviation\",\"directeur des ventes charter\",\"expansion mondiale\",\"FIFO contracts\",\"FIFO Vertr\u00e4ge\",\"Flugzeugcharter\",\"Fortitude Valley\",\"global expansion\",\"globale Expansion\",\"growth in Australia\",\"industrie du transport\",\"infrastructure development\",\"Infrastrukturentwicklung\",\"international aviation\",\"internationale Luftfahrt\",\"logistics service provider\",\"Logistikdienstleister\",\"Luftverkehrsmarkt English Air Charter Service\",\"march\u00e9 du transport a\u00e9rien\",\"market share\",\"Marktanteil\",\"num\u00e9risation dans l'aviation\",\"part de march\u00e9\",\"Perth\",\"prestataire de services logistiques\",\"revenue increase\",\"strategic location choice\",\"strategische Standortwahl\",\"team growth\",\"Teamwachstum\",\"transport industry\",\"Transportwirtschaft\",\"Umsatzsteigerung\",\"vols charters\",\"Wachstum in Australien\"],\"articleSection\":[\"Persone e aziende\",\"Trasporto aereo\"],\"inLanguage\":\"it-IT\",\"potentialAction\":[{\"@type\":\"CommentAction\",\"name\":\"Comment\",\"target\":[\"https:\\\/\\\/transportjournal.com\\\/it\\\/2026\\\/01\\\/29\\\/air-charter-service-espande-la-sua-presenza-a-brisbane\\\/#respond\"]}]},{\"@type\":\"WebPage\",\"@id\":\"https:\\\/\\\/transportjournal.com\\\/it\\\/2026\\\/01\\\/29\\\/air-charter-service-espande-la-sua-presenza-a-brisbane\\\/\",\"url\":\"https:\\\/\\\/transportjournal.com\\\/it\\\/2026\\\/01\\\/29\\\/air-charter-service-espande-la-sua-presenza-a-brisbane\\\/\",\"name\":\"Air Charter Service espande la sua presenza a Brisbane - ITJ | International Transport Journal\",\"isPartOf\":{\"@id\":\"https:\\\/\\\/transportjournal.com\\\/it\\\/#website\"},\"primaryImageOfPage\":{\"@id\":\"https:\\\/\\\/transportjournal.com\\\/it\\\/2026\\\/01\\\/29\\\/air-charter-service-espande-la-sua-presenza-a-brisbane\\\/#primaryimage\"},\"image\":{\"@id\":\"https:\\\/\\\/transportjournal.com\\\/it\\\/2026\\\/01\\\/29\\\/air-charter-service-espande-la-sua-presenza-a-brisbane\\\/#primaryimage\"},\"thumbnailUrl\":\"https:\\\/\\\/transportjournal.com\\\/wp-content\\\/uploads\\\/sites\\\/2\\\/2026\\\/01\\\/BNE-office-team-photo-scaled-aspect-ratio-1400-788-scaled-1.jpg\",\"datePublished\":\"2026-01-29T08:29:29+00:00\",\"breadcrumb\":{\"@id\":\"https:\\\/\\\/transportjournal.com\\\/it\\\/2026\\\/01\\\/29\\\/air-charter-service-espande-la-sua-presenza-a-brisbane\\\/#breadcrumb\"},\"inLanguage\":\"it-IT\",\"potentialAction\":[{\"@type\":\"ReadAction\",\"target\":[\"https:\\\/\\\/transportjournal.com\\\/it\\\/2026\\\/01\\\/29\\\/air-charter-service-espande-la-sua-presenza-a-brisbane\\\/\"]}]},{\"@type\":\"ImageObject\",\"inLanguage\":\"it-IT\",\"@id\":\"https:\\\/\\\/transportjournal.com\\\/it\\\/2026\\\/01\\\/29\\\/air-charter-service-espande-la-sua-presenza-a-brisbane\\\/#primaryimage\",\"url\":\"https:\\\/\\\/transportjournal.com\\\/wp-content\\\/uploads\\\/sites\\\/2\\\/2026\\\/01\\\/BNE-office-team-photo-scaled-aspect-ratio-1400-788-scaled-1.jpg\",\"contentUrl\":\"https:\\\/\\\/transportjournal.com\\\/wp-content\\\/uploads\\\/sites\\\/2\\\/2026\\\/01\\\/BNE-office-team-photo-scaled-aspect-ratio-1400-788-scaled-1.jpg\",\"width\":2560,\"height\":1441},{\"@type\":\"BreadcrumbList\",\"@id\":\"https:\\\/\\\/transportjournal.com\\\/it\\\/2026\\\/01\\\/29\\\/air-charter-service-espande-la-sua-presenza-a-brisbane\\\/#breadcrumb\",\"itemListElement\":[{\"@type\":\"ListItem\",\"position\":1,\"name\":\"Startseite\",\"item\":\"https:\\\/\\\/transportjournal.com\\\/it\\\/\"},{\"@type\":\"ListItem\",\"position\":2,\"name\":\"Air Charter Service espande la sua presenza a Brisbane\"}]},{\"@type\":\"WebSite\",\"@id\":\"https:\\\/\\\/transportjournal.com\\\/it\\\/#website\",\"url\":\"https:\\\/\\\/transportjournal.com\\\/it\\\/\",\"name\":\"ITJ | International Transport Journal\",\"description\":\"Stay informed with the latest global news from the transport, logistics, and supply chain industries. Transport Journal delivers expert insights, analysis, and updates across shipping, aviation, intermodal, and forwarding.\",\"publisher\":{\"@id\":\"https:\\\/\\\/transportjournal.com\\\/it\\\/#organization\"},\"potentialAction\":[{\"@type\":\"SearchAction\",\"target\":{\"@type\":\"EntryPoint\",\"urlTemplate\":\"https:\\\/\\\/transportjournal.com\\\/it\\\/?s={search_term_string}\"},\"query-input\":{\"@type\":\"PropertyValueSpecification\",\"valueRequired\":true,\"valueName\":\"search_term_string\"}}],\"inLanguage\":\"it-IT\"},{\"@type\":\"Organization\",\"@id\":\"https:\\\/\\\/transportjournal.com\\\/it\\\/#organization\",\"name\":\"Logismedia Group AG\",\"alternateName\":\"Logismedia Group AG\",\"url\":\"https:\\\/\\\/transportjournal.com\\\/it\\\/\",\"logo\":{\"@type\":\"ImageObject\",\"inLanguage\":\"it-IT\",\"@id\":\"https:\\\/\\\/transportjournal.com\\\/it\\\/#\\\/schema\\\/logo\\\/image\\\/\",\"url\":\"https:\\\/\\\/transportjournal.com\\\/wp-content\\\/uploads\\\/sites\\\/2\\\/2025\\\/09\\\/Logo_ITJ.png\",\"contentUrl\":\"https:\\\/\\\/transportjournal.com\\\/wp-content\\\/uploads\\\/sites\\\/2\\\/2025\\\/09\\\/Logo_ITJ.png\",\"width\":799,\"height\":326,\"caption\":\"Logismedia Group AG\"},\"image\":{\"@id\":\"https:\\\/\\\/transportjournal.com\\\/it\\\/#\\\/schema\\\/logo\\\/image\\\/\"},\"sameAs\":[\"https:\\\/\\\/www.linkedin.com\\\/company\\\/56456496\\\/admin\\\/dashboard\\\/\",\"https:\\\/\\\/www.instagram.com\\\/logismediagroup\\\/\",\"https:\\\/\\\/www.youtube.com\\\/@LogiamediaGroupAG\"]},{\"@type\":\"Person\",\"@id\":\"https:\\\/\\\/transportjournal.com\\\/it\\\/#\\\/schema\\\/person\\\/cf538b3157f15afd7589245a4b3dbd25\",\"name\":\"Andreas Haug\",\"url\":\"https:\\\/\\\/transportjournal.com\\\/it\\\/author\\\/andreas\\\/\"}]}<\/script>\n<!-- \/ Yoast SEO plugin. -->","yoast_head_json":{"title":"Air Charter Service espande la sua presenza a Brisbane - ITJ | International Transport Journal","robots":{"index":"index","follow":"follow","max-snippet":"max-snippet:-1","max-image-preview":"max-image-preview:large","max-video-preview":"max-video-preview:-1"},"canonical":"https:\/\/transportjournal.com\/it\/2026\/01\/29\/air-charter-service-espande-la-sua-presenza-a-brisbane\/","og_locale":"it_IT","og_type":"article","og_title":"Air Charter Service espande la sua presenza a Brisbane - ITJ | International Transport Journal","og_description":"Air Charter Service ha inaugurato un nuovo, ampio ufficio a Brisbane per continuare a promuovere la crescita dell'azienda e l'espansione in Australia.","og_url":"https:\/\/transportjournal.com\/it\/2026\/01\/29\/air-charter-service-espande-la-sua-presenza-a-brisbane\/","og_site_name":"ITJ | International Transport Journal","article_published_time":"2026-01-29T08:29:29+00:00","og_image":[{"width":2560,"height":1441,"url":"https:\/\/transportjournal.com\/wp-content\/uploads\/sites\/2\/2026\/01\/BNE-office-team-photo-scaled-aspect-ratio-1400-788-scaled-1.jpg","type":"image\/jpeg"}],"author":"Andreas Haug","twitter_card":"summary_large_image","twitter_misc":{"Scritto da":"Andreas Haug","Tempo di lettura stimato":"1 minuto"},"schema":{"@context":"https:\/\/schema.org","@graph":[{"@type":"Article","@id":"https:\/\/transportjournal.com\/it\/2026\/01\/29\/air-charter-service-espande-la-sua-presenza-a-brisbane\/#article","isPartOf":{"@id":"https:\/\/transportjournal.com\/it\/2026\/01\/29\/air-charter-service-espande-la-sua-presenza-a-brisbane\/"},"author":{"name":"Andreas Haug","@id":"https:\/\/transportjournal.com\/it\/#\/schema\/person\/cf538b3157f15afd7589245a4b3dbd25"},"headline":"Air Charter Service espande la sua presenza a Brisbane","datePublished":"2026-01-29T08:29:29+00:00","mainEntityOfPage":{"@id":"https:\/\/transportjournal.com\/it\/2026\/01\/29\/air-charter-service-espande-la-sua-presenza-a-brisbane\/"},"wordCount":284,"commentCount":0,"publisher":{"@id":"https:\/\/transportjournal.com\/it\/#organization"},"image":{"@id":"https:\/\/transportjournal.com\/it\/2026\/01\/29\/air-charter-service-espande-la-sua-presenza-a-brisbane\/#primaryimage"},"thumbnailUrl":"https:\/\/transportjournal.com\/wp-content\/uploads\/sites\/2\/2026\/01\/BNE-office-team-photo-scaled-aspect-ratio-1400-788-scaled-1.jpg","keywords":["affr\u00e8tement d'avions","air transport market Fran\u00e7ais Air Charter Service","aircraft charter","augmentation des revenus","aviation internationale","Brisbane","charter flights","Charter Sales Director","Charterfl\u00fcge","choix strat\u00e9gique de localisation","contrats FIFO","croissance de l'\u00e9quipe","croissance en Australie","Deutsch Air Charter Service","d\u00e9veloppement des infrastructures","Digitalisierung in der Luftfahrt","digitalization in aviation","directeur des ventes charter","expansion mondiale","FIFO contracts","FIFO Vertr\u00e4ge","Flugzeugcharter","Fortitude Valley","global expansion","globale Expansion","growth in Australia","industrie du transport","infrastructure development","Infrastrukturentwicklung","international aviation","internationale Luftfahrt","logistics service provider","Logistikdienstleister","Luftverkehrsmarkt English Air Charter Service","march\u00e9 du transport a\u00e9rien","market share","Marktanteil","num\u00e9risation dans l'aviation","part de march\u00e9","Perth","prestataire de services logistiques","revenue increase","strategic location choice","strategische Standortwahl","team growth","Teamwachstum","transport industry","Transportwirtschaft","Umsatzsteigerung","vols charters","Wachstum in Australien"],"articleSection":["Persone e aziende","Trasporto aereo"],"inLanguage":"it-IT","potentialAction":[{"@type":"CommentAction","name":"Comment","target":["https:\/\/transportjournal.com\/it\/2026\/01\/29\/air-charter-service-espande-la-sua-presenza-a-brisbane\/#respond"]}]},{"@type":"WebPage","@id":"https:\/\/transportjournal.com\/it\/2026\/01\/29\/air-charter-service-espande-la-sua-presenza-a-brisbane\/","url":"https:\/\/transportjournal.com\/it\/2026\/01\/29\/air-charter-service-espande-la-sua-presenza-a-brisbane\/","name":"Air Charter Service espande la sua presenza a Brisbane - ITJ | International Transport Journal","isPartOf":{"@id":"https:\/\/transportjournal.com\/it\/#website"},"primaryImageOfPage":{"@id":"https:\/\/transportjournal.com\/it\/2026\/01\/29\/air-charter-service-espande-la-sua-presenza-a-brisbane\/#primaryimage"},"image":{"@id":"https:\/\/transportjournal.com\/it\/2026\/01\/29\/air-charter-service-espande-la-sua-presenza-a-brisbane\/#primaryimage"},"thumbnailUrl":"https:\/\/transportjournal.com\/wp-content\/uploads\/sites\/2\/2026\/01\/BNE-office-team-photo-scaled-aspect-ratio-1400-788-scaled-1.jpg","datePublished":"2026-01-29T08:29:29+00:00","breadcrumb":{"@id":"https:\/\/transportjournal.com\/it\/2026\/01\/29\/air-charter-service-espande-la-sua-presenza-a-brisbane\/#breadcrumb"},"inLanguage":"it-IT","potentialAction":[{"@type":"ReadAction","target":["https:\/\/transportjournal.com\/it\/2026\/01\/29\/air-charter-service-espande-la-sua-presenza-a-brisbane\/"]}]},{"@type":"ImageObject","inLanguage":"it-IT","@id":"https:\/\/transportjournal.com\/it\/2026\/01\/29\/air-charter-service-espande-la-sua-presenza-a-brisbane\/#primaryimage","url":"https:\/\/transportjournal.com\/wp-content\/uploads\/sites\/2\/2026\/01\/BNE-office-team-photo-scaled-aspect-ratio-1400-788-scaled-1.jpg","contentUrl":"https:\/\/transportjournal.com\/wp-content\/uploads\/sites\/2\/2026\/01\/BNE-office-team-photo-scaled-aspect-ratio-1400-788-scaled-1.jpg","width":2560,"height":1441},{"@type":"BreadcrumbList","@id":"https:\/\/transportjournal.com\/it\/2026\/01\/29\/air-charter-service-espande-la-sua-presenza-a-brisbane\/#breadcrumb","itemListElement":[{"@type":"ListItem","position":1,"name":"Startseite","item":"https:\/\/transportjournal.com\/it\/"},{"@type":"ListItem","position":2,"name":"Air Charter Service espande la sua presenza a Brisbane"}]},{"@type":"WebSite","@id":"https:\/\/transportjournal.com\/it\/#website","url":"https:\/\/transportjournal.com\/it\/","name":"ITJ | International Transport Journal","description":"Stay informed with the latest global news from the transport, logistics, and supply chain industries. Transport Journal delivers expert insights, analysis, and updates across shipping, aviation, intermodal, and forwarding.","publisher":{"@id":"https:\/\/transportjournal.com\/it\/#organization"},"potentialAction":[{"@type":"SearchAction","target":{"@type":"EntryPoint","urlTemplate":"https:\/\/transportjournal.com\/it\/?s={search_term_string}"},"query-input":{"@type":"PropertyValueSpecification","valueRequired":true,"valueName":"search_term_string"}}],"inLanguage":"it-IT"},{"@type":"Organization","@id":"https:\/\/transportjournal.com\/it\/#organization","name":"Logismedia Group AG","alternateName":"Logismedia Group AG","url":"https:\/\/transportjournal.com\/it\/","logo":{"@type":"ImageObject","inLanguage":"it-IT","@id":"https:\/\/transportjournal.com\/it\/#\/schema\/logo\/image\/","url":"https:\/\/transportjournal.com\/wp-content\/uploads\/sites\/2\/2025\/09\/Logo_ITJ.png","contentUrl":"https:\/\/transportjournal.com\/wp-content\/uploads\/sites\/2\/2025\/09\/Logo_ITJ.png","width":799,"height":326,"caption":"Logismedia Group AG"},"image":{"@id":"https:\/\/transportjournal.com\/it\/#\/schema\/logo\/image\/"},"sameAs":["https:\/\/www.linkedin.com\/company\/56456496\/admin\/dashboard\/","https:\/\/www.instagram.com\/logismediagroup\/","https:\/\/www.youtube.com\/@LogiamediaGroupAG"]},{"@type":"Person","@id":"https:\/\/transportjournal.com\/it\/#\/schema\/person\/cf538b3157f15afd7589245a4b3dbd25","name":"Andreas Haug","url":"https:\/\/transportjournal.com\/it\/author\/andreas\/"}]}},"_links":{"self":[{"href":"https:\/\/transportjournal.com\/it\/wp-json\/wp\/v2\/posts\/75025","targetHints":{"allow":["GET"]}}],"collection":[{"href":"https:\/\/transportjournal.com\/it\/wp-json\/wp\/v2\/posts"}],"about":[{"href":"https:\/\/transportjournal.com\/it\/wp-json\/wp\/v2\/types\/post"}],"author":[{"embeddable":true,"href":"https:\/\/transportjournal.com\/it\/wp-json\/wp\/v2\/users\/12"}],"replies":[{"embeddable":true,"href":"https:\/\/transportjournal.com\/it\/wp-json\/wp\/v2\/comments?post=75025"}],"version-history":[{"count":0,"href":"https:\/\/transportjournal.com\/it\/wp-json\/wp\/v2\/posts\/75025\/revisions"}],"wp:featuredmedia":[{"embeddable":true,"href":"https:\/\/transportjournal.com\/it\/wp-json\/wp\/v2\/media\/75021"}],"wp:attachment":[{"href":"https:\/\/transportjournal.com\/it\/wp-json\/wp\/v2\/media?parent=75025"}],"wp:term":[{"taxonomy":"category","embeddable":true,"href":"https:\/\/transportjournal.com\/it\/wp-json\/wp\/v2\/categories?post=75025"},{"taxonomy":"post_tag","embeddable":true,"href":"https:\/\/transportjournal.com\/it\/wp-json\/wp\/v2\/tags?post=75025"}],"curies":[{"name":"wp","href":"https:\/\/api.w.org\/{rel}","templated":true}]}}