{"id":74958,"date":"2026-01-28T15:26:59","date_gmt":"2026-01-28T15:26:59","guid":{"rendered":"https:\/\/transportjournal.com\/2026\/01\/28\/nfi-riporta-melissa-curry\/"},"modified":"2026-01-28T15:26:59","modified_gmt":"2026-01-28T15:26:59","slug":"nfi-riporta-melissa-curry","status":"publish","type":"post","link":"https:\/\/transportjournal.com\/it\/2026\/01\/28\/nfi-riporta-melissa-curry\/","title":{"rendered":"NFI riporta Melissa Curry"},"content":{"rendered":"<p>NFI ha riportato Melissa Curry come Vice President of Global. Nel suo nuovo ruolo, guider\u00e0 il dipartimento Global Freight Forwarding e collaborer\u00e0 direttamente con gli attuali operatori. Curry porta con s\u00e9 una vasta esperienza nel settore della logistica, accumulata in diverse posizioni dirigenziali. La sua expertise include la costruzione e la scalabilit\u00e0 di operazioni logistiche e di fulfillment complesse, compresa la gestione di progetti che vanno dalla fase iniziale fino alla piena operativit\u00e0.<\/p>\n<p>Brian Webb, presidente dei Port Services di NFI, ha espresso un parere positivo sul ritorno di Curry: &#8222;Melissa \u00e8 una leader operativa altamente rispettata, la cui competenza e profonda comprensione delle catene di approvvigionamento globali saranno un vantaggio per il nostro dipartimento Port Services.&#8220; Webb ha sottolineato che il suo approccio sistematico e orientato all&#8217;implementazione delle strategie migliorer\u00e0 ulteriormente l&#8217;esperienza degli spedizionieri.<\/p>\n<p>Curry ha precedentemente lavorato come responsabile dei programmi presso Stord ed \u00e8 stata VP per le operazioni di fulfillment presso Nimble Robotics, dove ha guidato la strategia e l&#8217;implementazione per diversi centri di fulfillment moderni. Ha iniziato la sua carriera in NFI come VP regionale per le operazioni presso NFI California Cartage. Inoltre, \u00e8 membro del consiglio di Girls on the Run Los Angeles e ha conseguito un Bachelor of Science in Management &amp; International Business presso la Villanova University, oltre a un MBA presso la Pepperdine University. Ha completato la sua formazione in competenze di leadership presso la Stanford Graduate School of Business.<\/p>\n<p>NFI \u00e8 un fornitore integrato di soluzioni per la catena di approvvigionamento nordamericana con sede a Camden, New Jersey. L&#8217;azienda, di propriet\u00e0 della famiglia Brown dal 1932, genera un fatturato annuo di oltre 3,6 miliardi di dollari e impiega pi\u00f9 di 18.000 persone. NFI gestisce oltre 6,78 milioni di metri quadrati di spazio di magazzino e dispone di una flotta di 5.000 trattori e 14.000 rimorchi. I servizi dell&#8217;azienda includono, tra l&#8217;altro, trasporti dedicati, stoccaggio, fulfillment per l&#8217;e-commerce e soluzioni logistiche globali.<\/p>\n<p>&nbsp;<\/p>\n<p><a href=\"https:\/\/www.nfiindustries.com\/\" target=\"_blank\" rel=\"noopener noreferrer\">www.nfiindustries.com<\/a><\/p>\n<p>&nbsp;<\/p>\n","protected":false},"excerpt":{"rendered":"<p>NFI ha riportato Melissa Curry come Vice President of Global Freight Forwarding per portare la sua vasta esperienza logistica nel dipartimento.<\/p>\n","protected":false},"author":12,"featured_media":74954,"comment_status":"open","ping_status":"open","sticky":false,"template":"","format":"standard","meta":{"_acf_changed":false,"footnotes":""},"categories":[1628,1627,1629],"tags":[10805,10806,10807,3739,2115,2116,10808,2221,1889,10809,10810,10811,2123,10812,10813,10814,10815,10816,2910,3745,2075,10561,2225,10817,10818,2918,4028,2135,1855,2622,10819,10820,1800,10821,10822,3157,10823,10824,10825,2232,10826,10827,10828,4035,10829,10830,2106,2641,10831,10832,4632,2249],"class_list":["post-74958","post","type-post","status-publish","format-standard","has-post-thumbnail","hentry","category-intermodale-strada","category-persone-e-aziende","category-spedizioni-e-logistica","tag-camden-new-jersey","tag-chaine-dapprovisionnement-nord-americaine","tag-deutsch-nfi","tag-developpement-des-infrastructures","tag-digitalisierung-in-der-logistik","tag-digitalization-in-logistics","tag-e-commerce-fulfillment","tag-entreposage","tag-fachkraeftemangel","tag-fulfillment-e-commerce","tag-fulfillment-operations","tag-fulfillment-operationen","tag-gestion-de-la-chaine-dapprovisionnement","tag-gestion-de-projet-en-logistique","tag-global-freight-forwarding","tag-global-transportation-industry","tag-globale-transportwirtschaft","tag-industrie-du-transport-mondial","tag-industrie-logistique","tag-infrastructure-development","tag-infrastrukturentwicklung","tag-labor-shortage","tag-lagerhaltung","tag-leadership-operationnel","tag-lieferkettenmanagement","tag-logistics-industry","tag-logistics-solutions","tag-logistikbranche","tag-logistikloesungen","tag-logistique-durable","tag-melissa-curry","tag-mise-en-oeuvre-strategique","tag-nachhaltige-logistik","tag-nordamerikanische-lieferkette","tag-north-american-supply-chain","tag-numerisation-dans-la-logistique","tag-operational-leadership","tag-operations-de-fulfillment","tag-operative-fuehrungskraft","tag-penurie-de-main-doeuvre","tag-prestataires-de-transport","tag-project-management-in-logistics","tag-projektmanagement-in-der-logistik","tag-solutions-logistiques","tag-strategic-implementation-francais-nfi","tag-strategische-umsetzung-english-nfi","tag-supply-chain-management","tag-sustainable-logistics","tag-transport-de-fret-mondial","tag-transportation-providers","tag-transportdienstleister","tag-warehousing"],"acf":[],"yoast_head":"<!-- This site is optimized with the Yoast SEO plugin v27.3 - https:\/\/yoast.com\/product\/yoast-seo-wordpress\/ -->\n<title>NFI riporta Melissa Curry - ITJ | International Transport Journal<\/title>\n<meta name=\"robots\" content=\"index, follow, max-snippet:-1, max-image-preview:large, max-video-preview:-1\" \/>\n<link rel=\"canonical\" href=\"https:\/\/transportjournal.com\/it\/2026\/01\/28\/nfi-riporta-melissa-curry\/\" \/>\n<meta property=\"og:locale\" content=\"it_IT\" \/>\n<meta property=\"og:type\" content=\"article\" \/>\n<meta property=\"og:title\" content=\"NFI riporta Melissa Curry - ITJ | International Transport Journal\" \/>\n<meta property=\"og:description\" content=\"NFI ha riportato Melissa Curry come Vice President of Global Freight Forwarding per portare la sua vasta esperienza logistica nel dipartimento.\" \/>\n<meta property=\"og:url\" content=\"https:\/\/transportjournal.com\/it\/2026\/01\/28\/nfi-riporta-melissa-curry\/\" \/>\n<meta property=\"og:site_name\" content=\"ITJ | International Transport Journal\" \/>\n<meta property=\"article:published_time\" content=\"2026-01-28T15:26:59+00:00\" \/>\n<meta property=\"og:image\" content=\"https:\/\/transportjournal.com\/wp-content\/uploads\/sites\/2\/2026\/01\/Melissa_Curry_Headshot-836x1024-1-aspect-ratio-1400-788.jpeg\" \/>\n\t<meta property=\"og:image:width\" content=\"836\" \/>\n\t<meta property=\"og:image:height\" content=\"470\" \/>\n\t<meta property=\"og:image:type\" content=\"image\/jpeg\" \/>\n<meta name=\"author\" content=\"Andreas Haug\" \/>\n<meta name=\"twitter:card\" content=\"summary_large_image\" \/>\n<meta name=\"twitter:label1\" content=\"Scritto da\" \/>\n\t<meta name=\"twitter:data1\" content=\"Andreas Haug\" \/>\n\t<meta name=\"twitter:label2\" content=\"Tempo di lettura stimato\" \/>\n\t<meta name=\"twitter:data2\" content=\"2 minuto\" \/>\n<script type=\"application\/ld+json\" class=\"yoast-schema-graph\">{\"@context\":\"https:\\\/\\\/schema.org\",\"@graph\":[{\"@type\":\"Article\",\"@id\":\"https:\\\/\\\/transportjournal.com\\\/it\\\/2026\\\/01\\\/28\\\/nfi-riporta-melissa-curry\\\/#article\",\"isPartOf\":{\"@id\":\"https:\\\/\\\/transportjournal.com\\\/it\\\/2026\\\/01\\\/28\\\/nfi-riporta-melissa-curry\\\/\"},\"author\":{\"name\":\"Andreas Haug\",\"@id\":\"https:\\\/\\\/transportjournal.com\\\/it\\\/#\\\/schema\\\/person\\\/cf538b3157f15afd7589245a4b3dbd25\"},\"headline\":\"NFI riporta Melissa Curry\",\"datePublished\":\"2026-01-28T15:26:59+00:00\",\"mainEntityOfPage\":{\"@id\":\"https:\\\/\\\/transportjournal.com\\\/it\\\/2026\\\/01\\\/28\\\/nfi-riporta-melissa-curry\\\/\"},\"wordCount\":327,\"commentCount\":0,\"publisher\":{\"@id\":\"https:\\\/\\\/transportjournal.com\\\/it\\\/#organization\"},\"image\":{\"@id\":\"https:\\\/\\\/transportjournal.com\\\/it\\\/2026\\\/01\\\/28\\\/nfi-riporta-melissa-curry\\\/#primaryimage\"},\"thumbnailUrl\":\"https:\\\/\\\/transportjournal.com\\\/wp-content\\\/uploads\\\/sites\\\/2\\\/2026\\\/01\\\/Melissa_Curry_Headshot-836x1024-1-aspect-ratio-1400-788.jpeg\",\"keywords\":[\"Camden New Jersey\",\"cha\u00eene d'approvisionnement nord-am\u00e9ricaine\",\"Deutsch NFI\",\"d\u00e9veloppement des infrastructures\",\"Digitalisierung in der Logistik\",\"digitalization in logistics\",\"E-Commerce-Fulfillment\",\"entreposage\",\"Fachkr\u00e4ftemangel\",\"fulfillment e-commerce\",\"fulfillment operations\",\"Fulfillment-Operationen\",\"gestion de la cha\u00eene d'approvisionnement\",\"gestion de projet en logistique\",\"Global Freight Forwarding\",\"global transportation industry\",\"globale Transportwirtschaft\",\"industrie du transport mondial\",\"industrie logistique\",\"infrastructure development\",\"Infrastrukturentwicklung\",\"labor shortage\",\"Lagerhaltung\",\"leadership op\u00e9rationnel\",\"Lieferkettenmanagement\",\"logistics industry\",\"logistics solutions\",\"Logistikbranche\",\"Logistikl\u00f6sungen\",\"logistique durable\",\"Melissa Curry\",\"mise en \u0153uvre strat\u00e9gique\",\"nachhaltige Logistik\",\"nordamerikanische Lieferkette\",\"North American supply chain\",\"num\u00e9risation dans la logistique\",\"operational leadership\",\"op\u00e9rations de fulfillment\",\"operative F\u00fchrungskraft\",\"p\u00e9nurie de main-d'\u0153uvre\",\"prestataires de transport\",\"project management in logistics\",\"Projektmanagement in der Logistik\",\"solutions logistiques\",\"strategic implementation Fran\u00e7ais NFI\",\"strategische Umsetzung English NFI\",\"Supply Chain Management\",\"sustainable logistics\",\"transport de fret mondial\",\"transportation providers\",\"Transportdienstleister\",\"warehousing\"],\"articleSection\":[\"Intermodale \\\/ Strada\",\"Persone e aziende\",\"Spedizioniere e Logistica\"],\"inLanguage\":\"it-IT\",\"potentialAction\":[{\"@type\":\"CommentAction\",\"name\":\"Comment\",\"target\":[\"https:\\\/\\\/transportjournal.com\\\/it\\\/2026\\\/01\\\/28\\\/nfi-riporta-melissa-curry\\\/#respond\"]}]},{\"@type\":\"WebPage\",\"@id\":\"https:\\\/\\\/transportjournal.com\\\/it\\\/2026\\\/01\\\/28\\\/nfi-riporta-melissa-curry\\\/\",\"url\":\"https:\\\/\\\/transportjournal.com\\\/it\\\/2026\\\/01\\\/28\\\/nfi-riporta-melissa-curry\\\/\",\"name\":\"NFI riporta Melissa Curry - ITJ | International Transport Journal\",\"isPartOf\":{\"@id\":\"https:\\\/\\\/transportjournal.com\\\/it\\\/#website\"},\"primaryImageOfPage\":{\"@id\":\"https:\\\/\\\/transportjournal.com\\\/it\\\/2026\\\/01\\\/28\\\/nfi-riporta-melissa-curry\\\/#primaryimage\"},\"image\":{\"@id\":\"https:\\\/\\\/transportjournal.com\\\/it\\\/2026\\\/01\\\/28\\\/nfi-riporta-melissa-curry\\\/#primaryimage\"},\"thumbnailUrl\":\"https:\\\/\\\/transportjournal.com\\\/wp-content\\\/uploads\\\/sites\\\/2\\\/2026\\\/01\\\/Melissa_Curry_Headshot-836x1024-1-aspect-ratio-1400-788.jpeg\",\"datePublished\":\"2026-01-28T15:26:59+00:00\",\"breadcrumb\":{\"@id\":\"https:\\\/\\\/transportjournal.com\\\/it\\\/2026\\\/01\\\/28\\\/nfi-riporta-melissa-curry\\\/#breadcrumb\"},\"inLanguage\":\"it-IT\",\"potentialAction\":[{\"@type\":\"ReadAction\",\"target\":[\"https:\\\/\\\/transportjournal.com\\\/it\\\/2026\\\/01\\\/28\\\/nfi-riporta-melissa-curry\\\/\"]}]},{\"@type\":\"ImageObject\",\"inLanguage\":\"it-IT\",\"@id\":\"https:\\\/\\\/transportjournal.com\\\/it\\\/2026\\\/01\\\/28\\\/nfi-riporta-melissa-curry\\\/#primaryimage\",\"url\":\"https:\\\/\\\/transportjournal.com\\\/wp-content\\\/uploads\\\/sites\\\/2\\\/2026\\\/01\\\/Melissa_Curry_Headshot-836x1024-1-aspect-ratio-1400-788.jpeg\",\"contentUrl\":\"https:\\\/\\\/transportjournal.com\\\/wp-content\\\/uploads\\\/sites\\\/2\\\/2026\\\/01\\\/Melissa_Curry_Headshot-836x1024-1-aspect-ratio-1400-788.jpeg\",\"width\":836,\"height\":470},{\"@type\":\"BreadcrumbList\",\"@id\":\"https:\\\/\\\/transportjournal.com\\\/it\\\/2026\\\/01\\\/28\\\/nfi-riporta-melissa-curry\\\/#breadcrumb\",\"itemListElement\":[{\"@type\":\"ListItem\",\"position\":1,\"name\":\"Startseite\",\"item\":\"https:\\\/\\\/transportjournal.com\\\/it\\\/\"},{\"@type\":\"ListItem\",\"position\":2,\"name\":\"NFI riporta Melissa Curry\"}]},{\"@type\":\"WebSite\",\"@id\":\"https:\\\/\\\/transportjournal.com\\\/it\\\/#website\",\"url\":\"https:\\\/\\\/transportjournal.com\\\/it\\\/\",\"name\":\"ITJ | International Transport Journal\",\"description\":\"Stay informed with the latest global news from the transport, logistics, and supply chain industries. Transport Journal delivers expert insights, analysis, and updates across shipping, aviation, intermodal, and forwarding.\",\"publisher\":{\"@id\":\"https:\\\/\\\/transportjournal.com\\\/it\\\/#organization\"},\"potentialAction\":[{\"@type\":\"SearchAction\",\"target\":{\"@type\":\"EntryPoint\",\"urlTemplate\":\"https:\\\/\\\/transportjournal.com\\\/it\\\/?s={search_term_string}\"},\"query-input\":{\"@type\":\"PropertyValueSpecification\",\"valueRequired\":true,\"valueName\":\"search_term_string\"}}],\"inLanguage\":\"it-IT\"},{\"@type\":\"Organization\",\"@id\":\"https:\\\/\\\/transportjournal.com\\\/it\\\/#organization\",\"name\":\"Logismedia Group AG\",\"alternateName\":\"Logismedia Group AG\",\"url\":\"https:\\\/\\\/transportjournal.com\\\/it\\\/\",\"logo\":{\"@type\":\"ImageObject\",\"inLanguage\":\"it-IT\",\"@id\":\"https:\\\/\\\/transportjournal.com\\\/it\\\/#\\\/schema\\\/logo\\\/image\\\/\",\"url\":\"https:\\\/\\\/transportjournal.com\\\/wp-content\\\/uploads\\\/sites\\\/2\\\/2025\\\/09\\\/Logo_ITJ.png\",\"contentUrl\":\"https:\\\/\\\/transportjournal.com\\\/wp-content\\\/uploads\\\/sites\\\/2\\\/2025\\\/09\\\/Logo_ITJ.png\",\"width\":799,\"height\":326,\"caption\":\"Logismedia Group AG\"},\"image\":{\"@id\":\"https:\\\/\\\/transportjournal.com\\\/it\\\/#\\\/schema\\\/logo\\\/image\\\/\"},\"sameAs\":[\"https:\\\/\\\/www.linkedin.com\\\/company\\\/56456496\\\/admin\\\/dashboard\\\/\",\"https:\\\/\\\/www.instagram.com\\\/logismediagroup\\\/\",\"https:\\\/\\\/www.youtube.com\\\/@LogiamediaGroupAG\"]},{\"@type\":\"Person\",\"@id\":\"https:\\\/\\\/transportjournal.com\\\/it\\\/#\\\/schema\\\/person\\\/cf538b3157f15afd7589245a4b3dbd25\",\"name\":\"Andreas Haug\",\"url\":\"https:\\\/\\\/transportjournal.com\\\/it\\\/author\\\/andreas\\\/\"}]}<\/script>\n<!-- \/ Yoast SEO plugin. -->","yoast_head_json":{"title":"NFI riporta Melissa Curry - ITJ | International Transport Journal","robots":{"index":"index","follow":"follow","max-snippet":"max-snippet:-1","max-image-preview":"max-image-preview:large","max-video-preview":"max-video-preview:-1"},"canonical":"https:\/\/transportjournal.com\/it\/2026\/01\/28\/nfi-riporta-melissa-curry\/","og_locale":"it_IT","og_type":"article","og_title":"NFI riporta Melissa Curry - ITJ | International Transport Journal","og_description":"NFI ha riportato Melissa Curry come Vice President of Global Freight Forwarding per portare la sua vasta esperienza logistica nel dipartimento.","og_url":"https:\/\/transportjournal.com\/it\/2026\/01\/28\/nfi-riporta-melissa-curry\/","og_site_name":"ITJ | International Transport Journal","article_published_time":"2026-01-28T15:26:59+00:00","og_image":[{"width":836,"height":470,"url":"https:\/\/transportjournal.com\/wp-content\/uploads\/sites\/2\/2026\/01\/Melissa_Curry_Headshot-836x1024-1-aspect-ratio-1400-788.jpeg","type":"image\/jpeg"}],"author":"Andreas Haug","twitter_card":"summary_large_image","twitter_misc":{"Scritto da":"Andreas Haug","Tempo di lettura stimato":"2 minuto"},"schema":{"@context":"https:\/\/schema.org","@graph":[{"@type":"Article","@id":"https:\/\/transportjournal.com\/it\/2026\/01\/28\/nfi-riporta-melissa-curry\/#article","isPartOf":{"@id":"https:\/\/transportjournal.com\/it\/2026\/01\/28\/nfi-riporta-melissa-curry\/"},"author":{"name":"Andreas Haug","@id":"https:\/\/transportjournal.com\/it\/#\/schema\/person\/cf538b3157f15afd7589245a4b3dbd25"},"headline":"NFI riporta Melissa Curry","datePublished":"2026-01-28T15:26:59+00:00","mainEntityOfPage":{"@id":"https:\/\/transportjournal.com\/it\/2026\/01\/28\/nfi-riporta-melissa-curry\/"},"wordCount":327,"commentCount":0,"publisher":{"@id":"https:\/\/transportjournal.com\/it\/#organization"},"image":{"@id":"https:\/\/transportjournal.com\/it\/2026\/01\/28\/nfi-riporta-melissa-curry\/#primaryimage"},"thumbnailUrl":"https:\/\/transportjournal.com\/wp-content\/uploads\/sites\/2\/2026\/01\/Melissa_Curry_Headshot-836x1024-1-aspect-ratio-1400-788.jpeg","keywords":["Camden New Jersey","cha\u00eene d'approvisionnement nord-am\u00e9ricaine","Deutsch NFI","d\u00e9veloppement des infrastructures","Digitalisierung in der Logistik","digitalization in logistics","E-Commerce-Fulfillment","entreposage","Fachkr\u00e4ftemangel","fulfillment e-commerce","fulfillment operations","Fulfillment-Operationen","gestion de la cha\u00eene d'approvisionnement","gestion de projet en logistique","Global Freight Forwarding","global transportation industry","globale Transportwirtschaft","industrie du transport mondial","industrie logistique","infrastructure development","Infrastrukturentwicklung","labor shortage","Lagerhaltung","leadership op\u00e9rationnel","Lieferkettenmanagement","logistics industry","logistics solutions","Logistikbranche","Logistikl\u00f6sungen","logistique durable","Melissa Curry","mise en \u0153uvre strat\u00e9gique","nachhaltige Logistik","nordamerikanische Lieferkette","North American supply chain","num\u00e9risation dans la logistique","operational leadership","op\u00e9rations de fulfillment","operative F\u00fchrungskraft","p\u00e9nurie de main-d'\u0153uvre","prestataires de transport","project management in logistics","Projektmanagement in der Logistik","solutions logistiques","strategic implementation Fran\u00e7ais NFI","strategische Umsetzung English NFI","Supply Chain Management","sustainable logistics","transport de fret mondial","transportation providers","Transportdienstleister","warehousing"],"articleSection":["Intermodale \/ Strada","Persone e aziende","Spedizioniere e Logistica"],"inLanguage":"it-IT","potentialAction":[{"@type":"CommentAction","name":"Comment","target":["https:\/\/transportjournal.com\/it\/2026\/01\/28\/nfi-riporta-melissa-curry\/#respond"]}]},{"@type":"WebPage","@id":"https:\/\/transportjournal.com\/it\/2026\/01\/28\/nfi-riporta-melissa-curry\/","url":"https:\/\/transportjournal.com\/it\/2026\/01\/28\/nfi-riporta-melissa-curry\/","name":"NFI riporta Melissa Curry - ITJ | International Transport Journal","isPartOf":{"@id":"https:\/\/transportjournal.com\/it\/#website"},"primaryImageOfPage":{"@id":"https:\/\/transportjournal.com\/it\/2026\/01\/28\/nfi-riporta-melissa-curry\/#primaryimage"},"image":{"@id":"https:\/\/transportjournal.com\/it\/2026\/01\/28\/nfi-riporta-melissa-curry\/#primaryimage"},"thumbnailUrl":"https:\/\/transportjournal.com\/wp-content\/uploads\/sites\/2\/2026\/01\/Melissa_Curry_Headshot-836x1024-1-aspect-ratio-1400-788.jpeg","datePublished":"2026-01-28T15:26:59+00:00","breadcrumb":{"@id":"https:\/\/transportjournal.com\/it\/2026\/01\/28\/nfi-riporta-melissa-curry\/#breadcrumb"},"inLanguage":"it-IT","potentialAction":[{"@type":"ReadAction","target":["https:\/\/transportjournal.com\/it\/2026\/01\/28\/nfi-riporta-melissa-curry\/"]}]},{"@type":"ImageObject","inLanguage":"it-IT","@id":"https:\/\/transportjournal.com\/it\/2026\/01\/28\/nfi-riporta-melissa-curry\/#primaryimage","url":"https:\/\/transportjournal.com\/wp-content\/uploads\/sites\/2\/2026\/01\/Melissa_Curry_Headshot-836x1024-1-aspect-ratio-1400-788.jpeg","contentUrl":"https:\/\/transportjournal.com\/wp-content\/uploads\/sites\/2\/2026\/01\/Melissa_Curry_Headshot-836x1024-1-aspect-ratio-1400-788.jpeg","width":836,"height":470},{"@type":"BreadcrumbList","@id":"https:\/\/transportjournal.com\/it\/2026\/01\/28\/nfi-riporta-melissa-curry\/#breadcrumb","itemListElement":[{"@type":"ListItem","position":1,"name":"Startseite","item":"https:\/\/transportjournal.com\/it\/"},{"@type":"ListItem","position":2,"name":"NFI riporta Melissa Curry"}]},{"@type":"WebSite","@id":"https:\/\/transportjournal.com\/it\/#website","url":"https:\/\/transportjournal.com\/it\/","name":"ITJ | International Transport Journal","description":"Stay informed with the latest global news from the transport, logistics, and supply chain industries. Transport Journal delivers expert insights, analysis, and updates across shipping, aviation, intermodal, and forwarding.","publisher":{"@id":"https:\/\/transportjournal.com\/it\/#organization"},"potentialAction":[{"@type":"SearchAction","target":{"@type":"EntryPoint","urlTemplate":"https:\/\/transportjournal.com\/it\/?s={search_term_string}"},"query-input":{"@type":"PropertyValueSpecification","valueRequired":true,"valueName":"search_term_string"}}],"inLanguage":"it-IT"},{"@type":"Organization","@id":"https:\/\/transportjournal.com\/it\/#organization","name":"Logismedia Group AG","alternateName":"Logismedia Group AG","url":"https:\/\/transportjournal.com\/it\/","logo":{"@type":"ImageObject","inLanguage":"it-IT","@id":"https:\/\/transportjournal.com\/it\/#\/schema\/logo\/image\/","url":"https:\/\/transportjournal.com\/wp-content\/uploads\/sites\/2\/2025\/09\/Logo_ITJ.png","contentUrl":"https:\/\/transportjournal.com\/wp-content\/uploads\/sites\/2\/2025\/09\/Logo_ITJ.png","width":799,"height":326,"caption":"Logismedia Group AG"},"image":{"@id":"https:\/\/transportjournal.com\/it\/#\/schema\/logo\/image\/"},"sameAs":["https:\/\/www.linkedin.com\/company\/56456496\/admin\/dashboard\/","https:\/\/www.instagram.com\/logismediagroup\/","https:\/\/www.youtube.com\/@LogiamediaGroupAG"]},{"@type":"Person","@id":"https:\/\/transportjournal.com\/it\/#\/schema\/person\/cf538b3157f15afd7589245a4b3dbd25","name":"Andreas Haug","url":"https:\/\/transportjournal.com\/it\/author\/andreas\/"}]}},"_links":{"self":[{"href":"https:\/\/transportjournal.com\/it\/wp-json\/wp\/v2\/posts\/74958","targetHints":{"allow":["GET"]}}],"collection":[{"href":"https:\/\/transportjournal.com\/it\/wp-json\/wp\/v2\/posts"}],"about":[{"href":"https:\/\/transportjournal.com\/it\/wp-json\/wp\/v2\/types\/post"}],"author":[{"embeddable":true,"href":"https:\/\/transportjournal.com\/it\/wp-json\/wp\/v2\/users\/12"}],"replies":[{"embeddable":true,"href":"https:\/\/transportjournal.com\/it\/wp-json\/wp\/v2\/comments?post=74958"}],"version-history":[{"count":0,"href":"https:\/\/transportjournal.com\/it\/wp-json\/wp\/v2\/posts\/74958\/revisions"}],"wp:featuredmedia":[{"embeddable":true,"href":"https:\/\/transportjournal.com\/it\/wp-json\/wp\/v2\/media\/74954"}],"wp:attachment":[{"href":"https:\/\/transportjournal.com\/it\/wp-json\/wp\/v2\/media?parent=74958"}],"wp:term":[{"taxonomy":"category","embeddable":true,"href":"https:\/\/transportjournal.com\/it\/wp-json\/wp\/v2\/categories?post=74958"},{"taxonomy":"post_tag","embeddable":true,"href":"https:\/\/transportjournal.com\/it\/wp-json\/wp\/v2\/tags?post=74958"}],"curies":[{"name":"wp","href":"https:\/\/api.w.org\/{rel}","templated":true}]}}