{"id":74437,"date":"2026-01-26T15:51:26","date_gmt":"2026-01-26T15:51:26","guid":{"rendered":"https:\/\/transportjournal.com\/2026\/01\/26\/gol-fondatore-constantino-junior-scomparso\/"},"modified":"2026-01-26T15:51:26","modified_gmt":"2026-01-26T15:51:26","slug":"gol-fondatore-constantino-junior-scomparso","status":"publish","type":"post","link":"https:\/\/transportjournal.com\/it\/2026\/01\/26\/gol-fondatore-constantino-junior-scomparso\/","title":{"rendered":"GOL fondatore Constantino Junior scomparso"},"content":{"rendered":"<p>La GOL Linhas A\u00e9reas Inteligentes S.A. ha annunciato che il suo fondatore e presidente del consiglio di amministrazione, Constantino de Oliveira Junior, \u00e8 deceduto il 24 gennaio 2026 all&#8217;et\u00e0 di 57 anni. In una comunicazione agli azionisti e al pubblico, l&#8217;azienda esprime il suo profondo rammarico per la perdita.<\/p>\n<h3>Continuit\u00e0 della gestione aziendale<\/h3>\n<p>Nonostante la perdita, l&#8217;orientamento operativo e strategico della GOL rimane invariato. La responsabilit\u00e0 per la gestione aziendale continua a essere nelle mani dei direttori e del consiglio di amministrazione. Antonio Kandir, attuale vicepresidente del consiglio di amministrazione, assumer\u00e0 temporaneamente il ruolo di presidente. Kandir porta con s\u00e9 oltre 20 anni di esperienza in diverse posizioni dirigenziali all&#8217;interno dell&#8217;azienda.<\/p>\n<p>Nella comunicazione si sottolinea che le attivit\u00e0 quotidiane dell&#8217;azienda proseguiranno senza interruzioni.<\/p>\n<h3>Un&#8217;eredit\u00e0 nell&#8217;aviazione<\/h3>\n<p>Constantino Junior e la sua famiglia hanno fondato la GOL 25 anni fa, affermandosi come una delle principali compagnie aeree del Brasile. Sotto la sua guida, la compagnia aerea \u00e8 diventata un simbolo di innovazione e impegno nel settore dell&#8217;aviazione brasiliana. Junior \u00e8 descritto come un leader visionario, la cui integrit\u00e0 e dedizione hanno plasmato l&#8217;azienda attraverso diverse fasi di trasformazione.<\/p>\n<p>Durante il suo mandato, ha promosso una cultura aziendale che favorisce l&#8217;eccellenza, la responsabilit\u00e0 e la creazione di valore a lungo termine per azionisti, dipendenti, clienti e comunit\u00e0. La sua lungimiranza strategica e la sua determinazione sono state riconosciute, cos\u00ec come il suo approccio umano e il suo impegno per lo sviluppo dei suoi collaboratori.<\/p>\n<p>La GOL Linhas A\u00e9reas \u00e8 una delle compagnie aeree pi\u00f9 importanti del paese ed \u00e8 parte del Grupo Abra. Dalla sua fondazione nel 2001, la compagnia aerea si \u00e8 distinta per i bassi costi operativi e una vasta rete di accordi di codeshare. Con una flotta di 143 Boeing 737 e un team di 14.700 professionisti altamente qualificati, la GOL pone particolare attenzione alla sicurezza e all&#8217;esperienza del cliente.<\/p>\n<p>&nbsp;<\/p>\n<p><a href=\"https:\/\/www.gollog.com.br\/\" target=\"_blank\" rel=\"noopener noreferrer\">www.gollog.com.br<\/a><\/p>\n<p>&nbsp;<\/p>\n","protected":false},"excerpt":{"rendered":"<p>La GOL Linhas A\u00e9reas Inteligentes S.A. piange la scomparsa del suo fondatore Constantino de Oliveira Junior, deceduto il 24 gennaio 2026 all&#8217;et\u00e0 di 57 anni.<\/p>\n","protected":false},"author":12,"featured_media":74433,"comment_status":"open","ping_status":"open","sticky":false,"template":"","format":"standard","meta":{"_acf_changed":false,"footnotes":""},"categories":[1627,1630],"tags":[9537,9538,9539,9540,9541,9542,4370,9543,9544,9545,9546,9547,9548,9549,9550,5353,9551,9552,9553,9554,9555,9556,9557,9558,9559,8938,9560,9561,9562,9563,9564,9565,9566,9567,9568,4382,9569,9570,9571,9572,4390,9573,9574,9575,5379,9576,9577,9578,9579,9580,9581,9582,9583],"class_list":["post-74437","post","type-post","status-publish","format-standard","has-post-thumbnail","hentry","category-persone-e-aziende","category-trasporto-aereo","tag-accords-de-partage-de-code","tag-air-transport-market-brazil","tag-airline-operating-costs","tag-airlines-south-america","tag-antonio-kandir","tag-aviation-industry-brazil","tag-aviation-innovation","tag-betriebskosten-fluggesellschaften","tag-brasilianische-fluggesellschaft","tag-brazilian-airline","tag-codeshare-agreements","tag-codeshare-vereinbarungen","tag-compagnie-aerienne-bresilienne","tag-compagnies-aeriennes-amerique-du-sud","tag-constantino-junior","tag-corporate-responsibility","tag-couts-dexploitation-des-compagnies-aeriennes","tag-creation-de-valeur-a-long-terme","tag-customer-experience-airlines","tag-deutsch-gol","tag-direction-gol","tag-excellence-en-aviation","tag-excellence-in-aviation","tag-experience-client-compagnies-aeriennes","tag-exzellenz-in-der-luftfahrt","tag-fachkraeftemangel-luftfahrt","tag-fluggesellschaften-suedamerika","tag-gol-corporate-strategy","tag-gol-geschichte","tag-gol-history","tag-gol-linhas-aereas","tag-gol-management","tag-grupo-abra","tag-histoire-de-gol","tag-industrie-aeronautique-bresil","tag-innovation-aeronautique","tag-kundenerlebnis-fluggesellschaften","tag-langfristige-wertschoepfung-english-gol","tag-long-term-value-creation-francais-gol","tag-luftfahrtbranche-brasilien","tag-luftfahrtinnovation","tag-luftverkehrsmarkt-brasilien","tag-marche-du-transport-aerien-bresil","tag-penurie-de-main-doeuvre-aeronautique","tag-responsabilite-dentreprise","tag-safety-in-aviation","tag-securite-en-aviation","tag-sicherheit-in-der-luftfahrt","tag-strategie-dentreprise-gol","tag-unternehmensfuehrung-gol","tag-unternehmensstrategie-gol","tag-verantwortung-in-unternehmen","tag-workforce-shortage-aviation"],"acf":[],"yoast_head":"<!-- This site is optimized with the Yoast SEO plugin v27.3 - https:\/\/yoast.com\/product\/yoast-seo-wordpress\/ -->\n<title>GOL fondatore Constantino Junior scomparso - ITJ | International Transport Journal<\/title>\n<meta name=\"robots\" content=\"index, follow, max-snippet:-1, max-image-preview:large, max-video-preview:-1\" \/>\n<link rel=\"canonical\" href=\"https:\/\/transportjournal.com\/it\/2026\/01\/26\/gol-fondatore-constantino-junior-scomparso\/\" \/>\n<meta property=\"og:locale\" content=\"it_IT\" \/>\n<meta property=\"og:type\" content=\"article\" \/>\n<meta property=\"og:title\" content=\"GOL fondatore Constantino Junior scomparso - ITJ | International Transport Journal\" \/>\n<meta property=\"og:description\" content=\"La GOL Linhas A\u00e9reas Inteligentes S.A. piange la scomparsa del suo fondatore Constantino de Oliveira Junior, deceduto il 24 gennaio 2026 all&#039;et\u00e0 di 57 anni.\" \/>\n<meta property=\"og:url\" content=\"https:\/\/transportjournal.com\/it\/2026\/01\/26\/gol-fondatore-constantino-junior-scomparso\/\" \/>\n<meta property=\"og:site_name\" content=\"ITJ | International Transport Journal\" \/>\n<meta property=\"article:published_time\" content=\"2026-01-26T15:51:26+00:00\" \/>\n<meta property=\"og:image\" content=\"https:\/\/transportjournal.com\/wp-content\/uploads\/sites\/2\/2026\/01\/GOL-1769257672035-aspect-ratio-1400-788.jpg\" \/>\n\t<meta property=\"og:image:width\" content=\"1280\" \/>\n\t<meta property=\"og:image:height\" content=\"720\" \/>\n\t<meta property=\"og:image:type\" content=\"image\/jpeg\" \/>\n<meta name=\"author\" content=\"Andreas Haug\" \/>\n<meta name=\"twitter:card\" content=\"summary_large_image\" \/>\n<meta name=\"twitter:label1\" content=\"Scritto da\" \/>\n\t<meta name=\"twitter:data1\" content=\"Andreas Haug\" \/>\n\t<meta name=\"twitter:label2\" content=\"Tempo di lettura stimato\" \/>\n\t<meta name=\"twitter:data2\" content=\"2 minuto\" \/>\n<script type=\"application\/ld+json\" class=\"yoast-schema-graph\">{\"@context\":\"https:\\\/\\\/schema.org\",\"@graph\":[{\"@type\":\"Article\",\"@id\":\"https:\\\/\\\/transportjournal.com\\\/it\\\/2026\\\/01\\\/26\\\/gol-fondatore-constantino-junior-scomparso\\\/#article\",\"isPartOf\":{\"@id\":\"https:\\\/\\\/transportjournal.com\\\/it\\\/2026\\\/01\\\/26\\\/gol-fondatore-constantino-junior-scomparso\\\/\"},\"author\":{\"name\":\"Andreas Haug\",\"@id\":\"https:\\\/\\\/transportjournal.com\\\/it\\\/#\\\/schema\\\/person\\\/cf538b3157f15afd7589245a4b3dbd25\"},\"headline\":\"GOL fondatore Constantino Junior scomparso\",\"datePublished\":\"2026-01-26T15:51:26+00:00\",\"mainEntityOfPage\":{\"@id\":\"https:\\\/\\\/transportjournal.com\\\/it\\\/2026\\\/01\\\/26\\\/gol-fondatore-constantino-junior-scomparso\\\/\"},\"wordCount\":321,\"commentCount\":0,\"publisher\":{\"@id\":\"https:\\\/\\\/transportjournal.com\\\/it\\\/#organization\"},\"image\":{\"@id\":\"https:\\\/\\\/transportjournal.com\\\/it\\\/2026\\\/01\\\/26\\\/gol-fondatore-constantino-junior-scomparso\\\/#primaryimage\"},\"thumbnailUrl\":\"https:\\\/\\\/transportjournal.com\\\/wp-content\\\/uploads\\\/sites\\\/2\\\/2026\\\/01\\\/GOL-1769257672035-aspect-ratio-1400-788.jpg\",\"keywords\":[\"accords de partage de code\",\"air transport market Brazil\",\"airline operating costs\",\"airlines South America\",\"Antonio Kandir\",\"aviation industry Brazil\",\"aviation innovation\",\"Betriebskosten Fluggesellschaften\",\"brasilianische Fluggesellschaft\",\"Brazilian airline\",\"codeshare agreements\",\"Codeshare-Vereinbarungen\",\"compagnie a\u00e9rienne br\u00e9silienne\",\"compagnies a\u00e9riennes Am\u00e9rique du Sud\",\"Constantino Junior\",\"corporate responsibility\",\"co\u00fbts d'exploitation des compagnies a\u00e9riennes\",\"cr\u00e9ation de valeur \u00e0 long terme\",\"customer experience airlines\",\"Deutsch GOL\",\"direction GOL\",\"excellence en aviation\",\"excellence in aviation\",\"exp\u00e9rience client compagnies a\u00e9riennes\",\"Exzellenz in der Luftfahrt\",\"Fachkr\u00e4ftemangel Luftfahrt\",\"Fluggesellschaften S\u00fcdamerika\",\"GOL corporate strategy\",\"GOL Geschichte\",\"GOL history\",\"GOL Linhas A\u00e9reas\",\"GOL management\",\"Grupo Abra\",\"histoire de GOL\",\"industrie a\u00e9ronautique Br\u00e9sil\",\"innovation a\u00e9ronautique\",\"Kundenerlebnis Fluggesellschaften\",\"langfristige Wertsch\u00f6pfung English GOL\",\"long-term value creation Fran\u00e7ais GOL\",\"Luftfahrtbranche Brasilien\",\"Luftfahrtinnovation\",\"Luftverkehrsmarkt Brasilien\",\"march\u00e9 du transport a\u00e9rien Br\u00e9sil\",\"p\u00e9nurie de main-d'\u0153uvre a\u00e9ronautique\",\"responsabilit\u00e9 d'entreprise\",\"safety in aviation\",\"s\u00e9curit\u00e9 en aviation\",\"Sicherheit in der Luftfahrt\",\"strat\u00e9gie d'entreprise GOL\",\"Unternehmensf\u00fchrung GOL\",\"Unternehmensstrategie GOL\",\"Verantwortung in Unternehmen\",\"workforce shortage aviation\"],\"articleSection\":[\"Persone e aziende\",\"Trasporto aereo\"],\"inLanguage\":\"it-IT\",\"potentialAction\":[{\"@type\":\"CommentAction\",\"name\":\"Comment\",\"target\":[\"https:\\\/\\\/transportjournal.com\\\/it\\\/2026\\\/01\\\/26\\\/gol-fondatore-constantino-junior-scomparso\\\/#respond\"]}]},{\"@type\":\"WebPage\",\"@id\":\"https:\\\/\\\/transportjournal.com\\\/it\\\/2026\\\/01\\\/26\\\/gol-fondatore-constantino-junior-scomparso\\\/\",\"url\":\"https:\\\/\\\/transportjournal.com\\\/it\\\/2026\\\/01\\\/26\\\/gol-fondatore-constantino-junior-scomparso\\\/\",\"name\":\"GOL fondatore Constantino Junior scomparso - ITJ | International Transport Journal\",\"isPartOf\":{\"@id\":\"https:\\\/\\\/transportjournal.com\\\/it\\\/#website\"},\"primaryImageOfPage\":{\"@id\":\"https:\\\/\\\/transportjournal.com\\\/it\\\/2026\\\/01\\\/26\\\/gol-fondatore-constantino-junior-scomparso\\\/#primaryimage\"},\"image\":{\"@id\":\"https:\\\/\\\/transportjournal.com\\\/it\\\/2026\\\/01\\\/26\\\/gol-fondatore-constantino-junior-scomparso\\\/#primaryimage\"},\"thumbnailUrl\":\"https:\\\/\\\/transportjournal.com\\\/wp-content\\\/uploads\\\/sites\\\/2\\\/2026\\\/01\\\/GOL-1769257672035-aspect-ratio-1400-788.jpg\",\"datePublished\":\"2026-01-26T15:51:26+00:00\",\"breadcrumb\":{\"@id\":\"https:\\\/\\\/transportjournal.com\\\/it\\\/2026\\\/01\\\/26\\\/gol-fondatore-constantino-junior-scomparso\\\/#breadcrumb\"},\"inLanguage\":\"it-IT\",\"potentialAction\":[{\"@type\":\"ReadAction\",\"target\":[\"https:\\\/\\\/transportjournal.com\\\/it\\\/2026\\\/01\\\/26\\\/gol-fondatore-constantino-junior-scomparso\\\/\"]}]},{\"@type\":\"ImageObject\",\"inLanguage\":\"it-IT\",\"@id\":\"https:\\\/\\\/transportjournal.com\\\/it\\\/2026\\\/01\\\/26\\\/gol-fondatore-constantino-junior-scomparso\\\/#primaryimage\",\"url\":\"https:\\\/\\\/transportjournal.com\\\/wp-content\\\/uploads\\\/sites\\\/2\\\/2026\\\/01\\\/GOL-1769257672035-aspect-ratio-1400-788.jpg\",\"contentUrl\":\"https:\\\/\\\/transportjournal.com\\\/wp-content\\\/uploads\\\/sites\\\/2\\\/2026\\\/01\\\/GOL-1769257672035-aspect-ratio-1400-788.jpg\",\"width\":1280,\"height\":720},{\"@type\":\"BreadcrumbList\",\"@id\":\"https:\\\/\\\/transportjournal.com\\\/it\\\/2026\\\/01\\\/26\\\/gol-fondatore-constantino-junior-scomparso\\\/#breadcrumb\",\"itemListElement\":[{\"@type\":\"ListItem\",\"position\":1,\"name\":\"Startseite\",\"item\":\"https:\\\/\\\/transportjournal.com\\\/it\\\/\"},{\"@type\":\"ListItem\",\"position\":2,\"name\":\"GOL fondatore Constantino Junior scomparso\"}]},{\"@type\":\"WebSite\",\"@id\":\"https:\\\/\\\/transportjournal.com\\\/it\\\/#website\",\"url\":\"https:\\\/\\\/transportjournal.com\\\/it\\\/\",\"name\":\"ITJ | International Transport Journal\",\"description\":\"Stay informed with the latest global news from the transport, logistics, and supply chain industries. Transport Journal delivers expert insights, analysis, and updates across shipping, aviation, intermodal, and forwarding.\",\"publisher\":{\"@id\":\"https:\\\/\\\/transportjournal.com\\\/it\\\/#organization\"},\"potentialAction\":[{\"@type\":\"SearchAction\",\"target\":{\"@type\":\"EntryPoint\",\"urlTemplate\":\"https:\\\/\\\/transportjournal.com\\\/it\\\/?s={search_term_string}\"},\"query-input\":{\"@type\":\"PropertyValueSpecification\",\"valueRequired\":true,\"valueName\":\"search_term_string\"}}],\"inLanguage\":\"it-IT\"},{\"@type\":\"Organization\",\"@id\":\"https:\\\/\\\/transportjournal.com\\\/it\\\/#organization\",\"name\":\"Logismedia Group AG\",\"alternateName\":\"Logismedia Group AG\",\"url\":\"https:\\\/\\\/transportjournal.com\\\/it\\\/\",\"logo\":{\"@type\":\"ImageObject\",\"inLanguage\":\"it-IT\",\"@id\":\"https:\\\/\\\/transportjournal.com\\\/it\\\/#\\\/schema\\\/logo\\\/image\\\/\",\"url\":\"https:\\\/\\\/transportjournal.com\\\/wp-content\\\/uploads\\\/sites\\\/2\\\/2025\\\/09\\\/Logo_ITJ.png\",\"contentUrl\":\"https:\\\/\\\/transportjournal.com\\\/wp-content\\\/uploads\\\/sites\\\/2\\\/2025\\\/09\\\/Logo_ITJ.png\",\"width\":799,\"height\":326,\"caption\":\"Logismedia Group AG\"},\"image\":{\"@id\":\"https:\\\/\\\/transportjournal.com\\\/it\\\/#\\\/schema\\\/logo\\\/image\\\/\"},\"sameAs\":[\"https:\\\/\\\/www.linkedin.com\\\/company\\\/56456496\\\/admin\\\/dashboard\\\/\",\"https:\\\/\\\/www.instagram.com\\\/logismediagroup\\\/\",\"https:\\\/\\\/www.youtube.com\\\/@LogiamediaGroupAG\"]},{\"@type\":\"Person\",\"@id\":\"https:\\\/\\\/transportjournal.com\\\/it\\\/#\\\/schema\\\/person\\\/cf538b3157f15afd7589245a4b3dbd25\",\"name\":\"Andreas Haug\",\"url\":\"https:\\\/\\\/transportjournal.com\\\/it\\\/author\\\/andreas\\\/\"}]}<\/script>\n<!-- \/ Yoast SEO plugin. -->","yoast_head_json":{"title":"GOL fondatore Constantino Junior scomparso - ITJ | International Transport Journal","robots":{"index":"index","follow":"follow","max-snippet":"max-snippet:-1","max-image-preview":"max-image-preview:large","max-video-preview":"max-video-preview:-1"},"canonical":"https:\/\/transportjournal.com\/it\/2026\/01\/26\/gol-fondatore-constantino-junior-scomparso\/","og_locale":"it_IT","og_type":"article","og_title":"GOL fondatore Constantino Junior scomparso - ITJ | International Transport Journal","og_description":"La GOL Linhas A\u00e9reas Inteligentes S.A. piange la scomparsa del suo fondatore Constantino de Oliveira Junior, deceduto il 24 gennaio 2026 all'et\u00e0 di 57 anni.","og_url":"https:\/\/transportjournal.com\/it\/2026\/01\/26\/gol-fondatore-constantino-junior-scomparso\/","og_site_name":"ITJ | International Transport Journal","article_published_time":"2026-01-26T15:51:26+00:00","og_image":[{"width":1280,"height":720,"url":"https:\/\/transportjournal.com\/wp-content\/uploads\/sites\/2\/2026\/01\/GOL-1769257672035-aspect-ratio-1400-788.jpg","type":"image\/jpeg"}],"author":"Andreas Haug","twitter_card":"summary_large_image","twitter_misc":{"Scritto da":"Andreas Haug","Tempo di lettura stimato":"2 minuto"},"schema":{"@context":"https:\/\/schema.org","@graph":[{"@type":"Article","@id":"https:\/\/transportjournal.com\/it\/2026\/01\/26\/gol-fondatore-constantino-junior-scomparso\/#article","isPartOf":{"@id":"https:\/\/transportjournal.com\/it\/2026\/01\/26\/gol-fondatore-constantino-junior-scomparso\/"},"author":{"name":"Andreas Haug","@id":"https:\/\/transportjournal.com\/it\/#\/schema\/person\/cf538b3157f15afd7589245a4b3dbd25"},"headline":"GOL fondatore Constantino Junior scomparso","datePublished":"2026-01-26T15:51:26+00:00","mainEntityOfPage":{"@id":"https:\/\/transportjournal.com\/it\/2026\/01\/26\/gol-fondatore-constantino-junior-scomparso\/"},"wordCount":321,"commentCount":0,"publisher":{"@id":"https:\/\/transportjournal.com\/it\/#organization"},"image":{"@id":"https:\/\/transportjournal.com\/it\/2026\/01\/26\/gol-fondatore-constantino-junior-scomparso\/#primaryimage"},"thumbnailUrl":"https:\/\/transportjournal.com\/wp-content\/uploads\/sites\/2\/2026\/01\/GOL-1769257672035-aspect-ratio-1400-788.jpg","keywords":["accords de partage de code","air transport market Brazil","airline operating costs","airlines South America","Antonio Kandir","aviation industry Brazil","aviation innovation","Betriebskosten Fluggesellschaften","brasilianische Fluggesellschaft","Brazilian airline","codeshare agreements","Codeshare-Vereinbarungen","compagnie a\u00e9rienne br\u00e9silienne","compagnies a\u00e9riennes Am\u00e9rique du Sud","Constantino Junior","corporate responsibility","co\u00fbts d'exploitation des compagnies a\u00e9riennes","cr\u00e9ation de valeur \u00e0 long terme","customer experience airlines","Deutsch GOL","direction GOL","excellence en aviation","excellence in aviation","exp\u00e9rience client compagnies a\u00e9riennes","Exzellenz in der Luftfahrt","Fachkr\u00e4ftemangel Luftfahrt","Fluggesellschaften S\u00fcdamerika","GOL corporate strategy","GOL Geschichte","GOL history","GOL Linhas A\u00e9reas","GOL management","Grupo Abra","histoire de GOL","industrie a\u00e9ronautique Br\u00e9sil","innovation a\u00e9ronautique","Kundenerlebnis Fluggesellschaften","langfristige Wertsch\u00f6pfung English GOL","long-term value creation Fran\u00e7ais GOL","Luftfahrtbranche Brasilien","Luftfahrtinnovation","Luftverkehrsmarkt Brasilien","march\u00e9 du transport a\u00e9rien Br\u00e9sil","p\u00e9nurie de main-d'\u0153uvre a\u00e9ronautique","responsabilit\u00e9 d'entreprise","safety in aviation","s\u00e9curit\u00e9 en aviation","Sicherheit in der Luftfahrt","strat\u00e9gie d'entreprise GOL","Unternehmensf\u00fchrung GOL","Unternehmensstrategie GOL","Verantwortung in Unternehmen","workforce shortage aviation"],"articleSection":["Persone e aziende","Trasporto aereo"],"inLanguage":"it-IT","potentialAction":[{"@type":"CommentAction","name":"Comment","target":["https:\/\/transportjournal.com\/it\/2026\/01\/26\/gol-fondatore-constantino-junior-scomparso\/#respond"]}]},{"@type":"WebPage","@id":"https:\/\/transportjournal.com\/it\/2026\/01\/26\/gol-fondatore-constantino-junior-scomparso\/","url":"https:\/\/transportjournal.com\/it\/2026\/01\/26\/gol-fondatore-constantino-junior-scomparso\/","name":"GOL fondatore Constantino Junior scomparso - ITJ | International Transport Journal","isPartOf":{"@id":"https:\/\/transportjournal.com\/it\/#website"},"primaryImageOfPage":{"@id":"https:\/\/transportjournal.com\/it\/2026\/01\/26\/gol-fondatore-constantino-junior-scomparso\/#primaryimage"},"image":{"@id":"https:\/\/transportjournal.com\/it\/2026\/01\/26\/gol-fondatore-constantino-junior-scomparso\/#primaryimage"},"thumbnailUrl":"https:\/\/transportjournal.com\/wp-content\/uploads\/sites\/2\/2026\/01\/GOL-1769257672035-aspect-ratio-1400-788.jpg","datePublished":"2026-01-26T15:51:26+00:00","breadcrumb":{"@id":"https:\/\/transportjournal.com\/it\/2026\/01\/26\/gol-fondatore-constantino-junior-scomparso\/#breadcrumb"},"inLanguage":"it-IT","potentialAction":[{"@type":"ReadAction","target":["https:\/\/transportjournal.com\/it\/2026\/01\/26\/gol-fondatore-constantino-junior-scomparso\/"]}]},{"@type":"ImageObject","inLanguage":"it-IT","@id":"https:\/\/transportjournal.com\/it\/2026\/01\/26\/gol-fondatore-constantino-junior-scomparso\/#primaryimage","url":"https:\/\/transportjournal.com\/wp-content\/uploads\/sites\/2\/2026\/01\/GOL-1769257672035-aspect-ratio-1400-788.jpg","contentUrl":"https:\/\/transportjournal.com\/wp-content\/uploads\/sites\/2\/2026\/01\/GOL-1769257672035-aspect-ratio-1400-788.jpg","width":1280,"height":720},{"@type":"BreadcrumbList","@id":"https:\/\/transportjournal.com\/it\/2026\/01\/26\/gol-fondatore-constantino-junior-scomparso\/#breadcrumb","itemListElement":[{"@type":"ListItem","position":1,"name":"Startseite","item":"https:\/\/transportjournal.com\/it\/"},{"@type":"ListItem","position":2,"name":"GOL fondatore Constantino Junior scomparso"}]},{"@type":"WebSite","@id":"https:\/\/transportjournal.com\/it\/#website","url":"https:\/\/transportjournal.com\/it\/","name":"ITJ | International Transport Journal","description":"Stay informed with the latest global news from the transport, logistics, and supply chain industries. Transport Journal delivers expert insights, analysis, and updates across shipping, aviation, intermodal, and forwarding.","publisher":{"@id":"https:\/\/transportjournal.com\/it\/#organization"},"potentialAction":[{"@type":"SearchAction","target":{"@type":"EntryPoint","urlTemplate":"https:\/\/transportjournal.com\/it\/?s={search_term_string}"},"query-input":{"@type":"PropertyValueSpecification","valueRequired":true,"valueName":"search_term_string"}}],"inLanguage":"it-IT"},{"@type":"Organization","@id":"https:\/\/transportjournal.com\/it\/#organization","name":"Logismedia Group AG","alternateName":"Logismedia Group AG","url":"https:\/\/transportjournal.com\/it\/","logo":{"@type":"ImageObject","inLanguage":"it-IT","@id":"https:\/\/transportjournal.com\/it\/#\/schema\/logo\/image\/","url":"https:\/\/transportjournal.com\/wp-content\/uploads\/sites\/2\/2025\/09\/Logo_ITJ.png","contentUrl":"https:\/\/transportjournal.com\/wp-content\/uploads\/sites\/2\/2025\/09\/Logo_ITJ.png","width":799,"height":326,"caption":"Logismedia Group AG"},"image":{"@id":"https:\/\/transportjournal.com\/it\/#\/schema\/logo\/image\/"},"sameAs":["https:\/\/www.linkedin.com\/company\/56456496\/admin\/dashboard\/","https:\/\/www.instagram.com\/logismediagroup\/","https:\/\/www.youtube.com\/@LogiamediaGroupAG"]},{"@type":"Person","@id":"https:\/\/transportjournal.com\/it\/#\/schema\/person\/cf538b3157f15afd7589245a4b3dbd25","name":"Andreas Haug","url":"https:\/\/transportjournal.com\/it\/author\/andreas\/"}]}},"_links":{"self":[{"href":"https:\/\/transportjournal.com\/it\/wp-json\/wp\/v2\/posts\/74437","targetHints":{"allow":["GET"]}}],"collection":[{"href":"https:\/\/transportjournal.com\/it\/wp-json\/wp\/v2\/posts"}],"about":[{"href":"https:\/\/transportjournal.com\/it\/wp-json\/wp\/v2\/types\/post"}],"author":[{"embeddable":true,"href":"https:\/\/transportjournal.com\/it\/wp-json\/wp\/v2\/users\/12"}],"replies":[{"embeddable":true,"href":"https:\/\/transportjournal.com\/it\/wp-json\/wp\/v2\/comments?post=74437"}],"version-history":[{"count":0,"href":"https:\/\/transportjournal.com\/it\/wp-json\/wp\/v2\/posts\/74437\/revisions"}],"wp:featuredmedia":[{"embeddable":true,"href":"https:\/\/transportjournal.com\/it\/wp-json\/wp\/v2\/media\/74433"}],"wp:attachment":[{"href":"https:\/\/transportjournal.com\/it\/wp-json\/wp\/v2\/media?parent=74437"}],"wp:term":[{"taxonomy":"category","embeddable":true,"href":"https:\/\/transportjournal.com\/it\/wp-json\/wp\/v2\/categories?post=74437"},{"taxonomy":"post_tag","embeddable":true,"href":"https:\/\/transportjournal.com\/it\/wp-json\/wp\/v2\/tags?post=74437"}],"curies":[{"name":"wp","href":"https:\/\/api.w.org\/{rel}","templated":true}]}}