{"id":74412,"date":"2026-01-26T13:29:15","date_gmt":"2026-01-26T13:29:15","guid":{"rendered":"https:\/\/transportjournal.com\/2026\/01\/26\/leschaco-nomina-emile-goossens-come-cfo\/"},"modified":"2026-01-26T13:29:15","modified_gmt":"2026-01-26T13:29:15","slug":"leschaco-nomina-emile-goossens-come-cfo","status":"publish","type":"post","link":"https:\/\/transportjournal.com\/it\/2026\/01\/26\/leschaco-nomina-emile-goossens-come-cfo\/","title":{"rendered":"Leschaco nomina Emile Goossens come CFO"},"content":{"rendered":"<p>Leschaco ha nominato Emile Goossens come Chief Financial Officer (CFO) con effetto dal 1 aprile 2026. Sostituisce Lutz Weber, che terminer\u00e0 il suo incarico ad interim alla fine del 2025 dopo aver supportato con successo l&#8217;azienda in una fase di trasformazione importante.<\/p>\n<p>Emile Goossens porta con s\u00e9 oltre 30 anni di esperienza internazionale nel settore della logistica. Recentemente \u00e8 stato CFO per Belgio, Paesi Bassi e Lussemburgo presso DB Schenker, dove ha diretto un&#8217;organizzazione finanziaria con 30 dipendenti in 30 sedi e ha supportato oltre 3.400 dipendenti. Il suo percorso professionale unisce una vasta esperienza finanziaria a una solida esperienza nella gestione, inclusa un&#8217;attivit\u00e0 di nove mesi come CEO ad interim di DB Schenker Benelux.<\/p>\n<p>Nel corso della sua carriera, Goossens ha implementato con successo numerosi progetti di trasformazione complessi, integrato funzioni finanziarie in strutture di Shared Service e implementato sistemi di reporting e IT moderni. Ha dimostrato di migliorare in modo sostenibile le performance finanziarie di unit\u00e0 aziendali complesse attraverso una gestione finanziaria disciplinata, una governance trasparente e una stretta collaborazione con i team operativi. Il suo stile di leadership si distingue per integrit\u00e0, chiarezza e un forte focus sui dipendenti, in linea con i valori e gli obiettivi a lungo termine di Leschaco.<\/p>\n<p>La nomina avviene in un momento in cui Leschaco sta portando avanti continuamente l&#8217;implementazione della sua strategia 2030, introdotta nel 2021, e sta ottenendo progressi sempre pi\u00f9 visibili nella trasformazione del suo modello di business, della struttura organizzativa e della cultura aziendale. Il processo di selezione per la posizione di CFO \u00e8 stato mirato a garantire stabilit\u00e0 e continuit\u00e0 a lungo termine.<\/p>\n<p>&nbsp;<\/p>\n<p><a href=\"https:\/\/www.leschaco.com\/\" target=\"_blank\" rel=\"noopener noreferrer\">www.leschaco.com<\/a><\/p>\n<p>&nbsp;<\/p>\n","protected":false},"excerpt":{"rendered":"<p>Leschaco ha nominato Emile Goossens come CFO per promuovere la strategia 2030 e supportare ulteriormente la trasformazione dell&#8217;azienda.<\/p>\n","protected":false},"author":12,"featured_media":74408,"comment_status":"open","ping_status":"open","sticky":false,"template":"","format":"standard","meta":{"_acf_changed":false,"footnotes":""},"categories":[9092,1638,1627,1629],"tags":[9458,9459,2548,2651,9460,2211,2212,9461,9462,9463,9464,9465,9466,9467,5593,9468,5596,9469,9470,5599,9471,2562,9472,9473,9474,9475,9476,9477,2918,9478,2135,9479,9480,9481,9482,9483,2145,9484,9485,9486,2153,9487,9488,9489,9490,9491,9492,9493,2242,9494,9495,2157],"class_list":["post-74412","post","type-post","status-publish","format-standard","has-post-thumbnail","hentry","category-deutschland","category-europa","category-persone-e-aziende","category-spedizioni-e-logistica","tag-cfo-appointment","tag-cfo-ernennung","tag-corporate-governance","tag-db-schenker","tag-deutsch-leschaco","tag-digital-transformation","tag-digitale-transformation","tag-emile-goossens","tag-employee-leadership","tag-experience-internationale","tag-expertise-financiere","tag-fachkraeftemangel-logistik-english-leschaco","tag-finance-organization","tag-financial-expertise","tag-financial-management","tag-finanzexpertise","tag-finanzmanagement","tag-finanzorganisation","tag-gestion-dentreprise-durable","tag-gestion-financiere","tag-gouvernance","tag-gouvernance-dentreprise","tag-governance","tag-international-experience","tag-internationale-erfahrung","tag-labor-shortage-logistics-francais-leschaco","tag-leader-du-marche-logistique","tag-leadership-des-employes","tag-logistics-industry","tag-logistics-market-leader","tag-logistikbranche","tag-marktfuehrer-logistik","tag-mitarbeiterfuehrung","tag-nachhaltige-unternehmensfuehrung","tag-nomination-cfo","tag-organisation-financiere","tag-penurie-de-main-doeuvre-logistique","tag-projets-de-transformation","tag-reporting-systems","tag-reporting-systeme","tag-secteur-logistique","tag-shared-service-structures","tag-shared-service-strukturen","tag-strategie-2030","tag-strategy-2030","tag-structures-de-services-partages","tag-sustainable-corporate-management","tag-systemes-de-reporting","tag-transformation-numerique","tag-transformation-projects","tag-transformationsprojekte","tag-unternehmensfuehrung"],"acf":[],"yoast_head":"<!-- This site is optimized with the Yoast SEO plugin v27.3 - https:\/\/yoast.com\/product\/yoast-seo-wordpress\/ -->\n<title>Leschaco nomina Emile Goossens come CFO - ITJ | International Transport Journal<\/title>\n<meta name=\"robots\" content=\"index, follow, max-snippet:-1, max-image-preview:large, max-video-preview:-1\" \/>\n<link rel=\"canonical\" href=\"https:\/\/transportjournal.com\/it\/2026\/01\/26\/leschaco-nomina-emile-goossens-come-cfo\/\" \/>\n<meta property=\"og:locale\" content=\"it_IT\" \/>\n<meta property=\"og:type\" content=\"article\" \/>\n<meta property=\"og:title\" content=\"Leschaco nomina Emile Goossens come CFO - ITJ | International Transport Journal\" \/>\n<meta property=\"og:description\" content=\"Leschaco ha nominato Emile Goossens come CFO per promuovere la strategia 2030 e supportare ulteriormente la trasformazione dell&#039;azienda.\" \/>\n<meta property=\"og:url\" content=\"https:\/\/transportjournal.com\/it\/2026\/01\/26\/leschaco-nomina-emile-goossens-come-cfo\/\" \/>\n<meta property=\"og:site_name\" content=\"ITJ | International Transport Journal\" \/>\n<meta property=\"article:published_time\" content=\"2026-01-26T13:29:15+00:00\" \/>\n<meta property=\"og:image\" content=\"https:\/\/transportjournal.com\/wp-content\/uploads\/sites\/2\/2026\/01\/Emile-Goossens-high-aspect-ratio-1400-788.png\" \/>\n\t<meta property=\"og:image:width\" content=\"1920\" \/>\n\t<meta property=\"og:image:height\" content=\"1081\" \/>\n\t<meta property=\"og:image:type\" content=\"image\/png\" \/>\n<meta name=\"author\" content=\"Andreas Haug\" \/>\n<meta name=\"twitter:card\" content=\"summary_large_image\" \/>\n<meta name=\"twitter:label1\" content=\"Scritto da\" \/>\n\t<meta name=\"twitter:data1\" content=\"Andreas Haug\" \/>\n\t<meta name=\"twitter:label2\" content=\"Tempo di lettura stimato\" \/>\n\t<meta name=\"twitter:data2\" content=\"1 minuto\" \/>\n<script type=\"application\/ld+json\" class=\"yoast-schema-graph\">{\"@context\":\"https:\\\/\\\/schema.org\",\"@graph\":[{\"@type\":\"Article\",\"@id\":\"https:\\\/\\\/transportjournal.com\\\/it\\\/2026\\\/01\\\/26\\\/leschaco-nomina-emile-goossens-come-cfo\\\/#article\",\"isPartOf\":{\"@id\":\"https:\\\/\\\/transportjournal.com\\\/it\\\/2026\\\/01\\\/26\\\/leschaco-nomina-emile-goossens-come-cfo\\\/\"},\"author\":{\"name\":\"Andreas Haug\",\"@id\":\"https:\\\/\\\/transportjournal.com\\\/it\\\/#\\\/schema\\\/person\\\/cf538b3157f15afd7589245a4b3dbd25\"},\"headline\":\"Leschaco nomina Emile Goossens come CFO\",\"datePublished\":\"2026-01-26T13:29:15+00:00\",\"mainEntityOfPage\":{\"@id\":\"https:\\\/\\\/transportjournal.com\\\/it\\\/2026\\\/01\\\/26\\\/leschaco-nomina-emile-goossens-come-cfo\\\/\"},\"wordCount\":271,\"commentCount\":0,\"publisher\":{\"@id\":\"https:\\\/\\\/transportjournal.com\\\/it\\\/#organization\"},\"image\":{\"@id\":\"https:\\\/\\\/transportjournal.com\\\/it\\\/2026\\\/01\\\/26\\\/leschaco-nomina-emile-goossens-come-cfo\\\/#primaryimage\"},\"thumbnailUrl\":\"https:\\\/\\\/transportjournal.com\\\/wp-content\\\/uploads\\\/sites\\\/2\\\/2026\\\/01\\\/Emile-Goossens-high-aspect-ratio-1400-788.png\",\"keywords\":[\"CFO appointment\",\"CFO Ernennung\",\"corporate governance\",\"DB Schenker\",\"Deutsch Leschaco\",\"digital transformation\",\"digitale Transformation\",\"Emile Goossens\",\"employee leadership\",\"exp\u00e9rience internationale\",\"expertise financi\u00e8re\",\"Fachkr\u00e4ftemangel Logistik English Leschaco\",\"finance organization\",\"financial expertise\",\"financial management\",\"Finanzexpertise\",\"Finanzmanagement\",\"Finanzorganisation\",\"gestion d'entreprise durable\",\"gestion financi\u00e8re\",\"gouvernance\",\"gouvernance d'entreprise\",\"Governance\",\"international experience\",\"internationale Erfahrung\",\"labor shortage logistics Fran\u00e7ais Leschaco\",\"leader du march\u00e9 logistique\",\"leadership des employ\u00e9s\",\"logistics industry\",\"logistics market leader\",\"Logistikbranche\",\"Marktf\u00fchrer Logistik\",\"Mitarbeiterf\u00fchrung\",\"nachhaltige Unternehmensf\u00fchrung\",\"nomination CFO\",\"organisation financi\u00e8re\",\"p\u00e9nurie de main-d'\u0153uvre logistique\",\"projets de transformation\",\"reporting systems\",\"Reporting-Systeme\",\"secteur logistique\",\"shared service structures\",\"Shared-Service-Strukturen\",\"Strategie 2030\",\"strategy 2030\",\"structures de services partag\u00e9s\",\"sustainable corporate management\",\"syst\u00e8mes de reporting\",\"transformation num\u00e9rique\",\"transformation projects\",\"Transformationsprojekte\",\"Unternehmensf\u00fchrung\"],\"articleSection\":[\"Deutschland\",\"Europa\",\"Persone e aziende\",\"Spedizioniere e Logistica\"],\"inLanguage\":\"it-IT\",\"potentialAction\":[{\"@type\":\"CommentAction\",\"name\":\"Comment\",\"target\":[\"https:\\\/\\\/transportjournal.com\\\/it\\\/2026\\\/01\\\/26\\\/leschaco-nomina-emile-goossens-come-cfo\\\/#respond\"]}]},{\"@type\":\"WebPage\",\"@id\":\"https:\\\/\\\/transportjournal.com\\\/it\\\/2026\\\/01\\\/26\\\/leschaco-nomina-emile-goossens-come-cfo\\\/\",\"url\":\"https:\\\/\\\/transportjournal.com\\\/it\\\/2026\\\/01\\\/26\\\/leschaco-nomina-emile-goossens-come-cfo\\\/\",\"name\":\"Leschaco nomina Emile Goossens come CFO - ITJ | International Transport Journal\",\"isPartOf\":{\"@id\":\"https:\\\/\\\/transportjournal.com\\\/it\\\/#website\"},\"primaryImageOfPage\":{\"@id\":\"https:\\\/\\\/transportjournal.com\\\/it\\\/2026\\\/01\\\/26\\\/leschaco-nomina-emile-goossens-come-cfo\\\/#primaryimage\"},\"image\":{\"@id\":\"https:\\\/\\\/transportjournal.com\\\/it\\\/2026\\\/01\\\/26\\\/leschaco-nomina-emile-goossens-come-cfo\\\/#primaryimage\"},\"thumbnailUrl\":\"https:\\\/\\\/transportjournal.com\\\/wp-content\\\/uploads\\\/sites\\\/2\\\/2026\\\/01\\\/Emile-Goossens-high-aspect-ratio-1400-788.png\",\"datePublished\":\"2026-01-26T13:29:15+00:00\",\"breadcrumb\":{\"@id\":\"https:\\\/\\\/transportjournal.com\\\/it\\\/2026\\\/01\\\/26\\\/leschaco-nomina-emile-goossens-come-cfo\\\/#breadcrumb\"},\"inLanguage\":\"it-IT\",\"potentialAction\":[{\"@type\":\"ReadAction\",\"target\":[\"https:\\\/\\\/transportjournal.com\\\/it\\\/2026\\\/01\\\/26\\\/leschaco-nomina-emile-goossens-come-cfo\\\/\"]}]},{\"@type\":\"ImageObject\",\"inLanguage\":\"it-IT\",\"@id\":\"https:\\\/\\\/transportjournal.com\\\/it\\\/2026\\\/01\\\/26\\\/leschaco-nomina-emile-goossens-come-cfo\\\/#primaryimage\",\"url\":\"https:\\\/\\\/transportjournal.com\\\/wp-content\\\/uploads\\\/sites\\\/2\\\/2026\\\/01\\\/Emile-Goossens-high-aspect-ratio-1400-788.png\",\"contentUrl\":\"https:\\\/\\\/transportjournal.com\\\/wp-content\\\/uploads\\\/sites\\\/2\\\/2026\\\/01\\\/Emile-Goossens-high-aspect-ratio-1400-788.png\",\"width\":1920,\"height\":1081},{\"@type\":\"BreadcrumbList\",\"@id\":\"https:\\\/\\\/transportjournal.com\\\/it\\\/2026\\\/01\\\/26\\\/leschaco-nomina-emile-goossens-come-cfo\\\/#breadcrumb\",\"itemListElement\":[{\"@type\":\"ListItem\",\"position\":1,\"name\":\"Startseite\",\"item\":\"https:\\\/\\\/transportjournal.com\\\/it\\\/\"},{\"@type\":\"ListItem\",\"position\":2,\"name\":\"Leschaco nomina Emile Goossens come CFO\"}]},{\"@type\":\"WebSite\",\"@id\":\"https:\\\/\\\/transportjournal.com\\\/it\\\/#website\",\"url\":\"https:\\\/\\\/transportjournal.com\\\/it\\\/\",\"name\":\"ITJ | International Transport Journal\",\"description\":\"Stay informed with the latest global news from the transport, logistics, and supply chain industries. Transport Journal delivers expert insights, analysis, and updates across shipping, aviation, intermodal, and forwarding.\",\"publisher\":{\"@id\":\"https:\\\/\\\/transportjournal.com\\\/it\\\/#organization\"},\"potentialAction\":[{\"@type\":\"SearchAction\",\"target\":{\"@type\":\"EntryPoint\",\"urlTemplate\":\"https:\\\/\\\/transportjournal.com\\\/it\\\/?s={search_term_string}\"},\"query-input\":{\"@type\":\"PropertyValueSpecification\",\"valueRequired\":true,\"valueName\":\"search_term_string\"}}],\"inLanguage\":\"it-IT\"},{\"@type\":\"Organization\",\"@id\":\"https:\\\/\\\/transportjournal.com\\\/it\\\/#organization\",\"name\":\"Logismedia Group AG\",\"alternateName\":\"Logismedia Group AG\",\"url\":\"https:\\\/\\\/transportjournal.com\\\/it\\\/\",\"logo\":{\"@type\":\"ImageObject\",\"inLanguage\":\"it-IT\",\"@id\":\"https:\\\/\\\/transportjournal.com\\\/it\\\/#\\\/schema\\\/logo\\\/image\\\/\",\"url\":\"https:\\\/\\\/transportjournal.com\\\/wp-content\\\/uploads\\\/sites\\\/2\\\/2025\\\/09\\\/Logo_ITJ.png\",\"contentUrl\":\"https:\\\/\\\/transportjournal.com\\\/wp-content\\\/uploads\\\/sites\\\/2\\\/2025\\\/09\\\/Logo_ITJ.png\",\"width\":799,\"height\":326,\"caption\":\"Logismedia Group AG\"},\"image\":{\"@id\":\"https:\\\/\\\/transportjournal.com\\\/it\\\/#\\\/schema\\\/logo\\\/image\\\/\"},\"sameAs\":[\"https:\\\/\\\/www.linkedin.com\\\/company\\\/56456496\\\/admin\\\/dashboard\\\/\",\"https:\\\/\\\/www.instagram.com\\\/logismediagroup\\\/\",\"https:\\\/\\\/www.youtube.com\\\/@LogiamediaGroupAG\"]},{\"@type\":\"Person\",\"@id\":\"https:\\\/\\\/transportjournal.com\\\/it\\\/#\\\/schema\\\/person\\\/cf538b3157f15afd7589245a4b3dbd25\",\"name\":\"Andreas Haug\",\"url\":\"https:\\\/\\\/transportjournal.com\\\/it\\\/author\\\/andreas\\\/\"}]}<\/script>\n<!-- \/ Yoast SEO plugin. -->","yoast_head_json":{"title":"Leschaco nomina Emile Goossens come CFO - ITJ | International Transport Journal","robots":{"index":"index","follow":"follow","max-snippet":"max-snippet:-1","max-image-preview":"max-image-preview:large","max-video-preview":"max-video-preview:-1"},"canonical":"https:\/\/transportjournal.com\/it\/2026\/01\/26\/leschaco-nomina-emile-goossens-come-cfo\/","og_locale":"it_IT","og_type":"article","og_title":"Leschaco nomina Emile Goossens come CFO - ITJ | International Transport Journal","og_description":"Leschaco ha nominato Emile Goossens come CFO per promuovere la strategia 2030 e supportare ulteriormente la trasformazione dell'azienda.","og_url":"https:\/\/transportjournal.com\/it\/2026\/01\/26\/leschaco-nomina-emile-goossens-come-cfo\/","og_site_name":"ITJ | International Transport Journal","article_published_time":"2026-01-26T13:29:15+00:00","og_image":[{"width":1920,"height":1081,"url":"https:\/\/transportjournal.com\/wp-content\/uploads\/sites\/2\/2026\/01\/Emile-Goossens-high-aspect-ratio-1400-788.png","type":"image\/png"}],"author":"Andreas Haug","twitter_card":"summary_large_image","twitter_misc":{"Scritto da":"Andreas Haug","Tempo di lettura stimato":"1 minuto"},"schema":{"@context":"https:\/\/schema.org","@graph":[{"@type":"Article","@id":"https:\/\/transportjournal.com\/it\/2026\/01\/26\/leschaco-nomina-emile-goossens-come-cfo\/#article","isPartOf":{"@id":"https:\/\/transportjournal.com\/it\/2026\/01\/26\/leschaco-nomina-emile-goossens-come-cfo\/"},"author":{"name":"Andreas Haug","@id":"https:\/\/transportjournal.com\/it\/#\/schema\/person\/cf538b3157f15afd7589245a4b3dbd25"},"headline":"Leschaco nomina Emile Goossens come CFO","datePublished":"2026-01-26T13:29:15+00:00","mainEntityOfPage":{"@id":"https:\/\/transportjournal.com\/it\/2026\/01\/26\/leschaco-nomina-emile-goossens-come-cfo\/"},"wordCount":271,"commentCount":0,"publisher":{"@id":"https:\/\/transportjournal.com\/it\/#organization"},"image":{"@id":"https:\/\/transportjournal.com\/it\/2026\/01\/26\/leschaco-nomina-emile-goossens-come-cfo\/#primaryimage"},"thumbnailUrl":"https:\/\/transportjournal.com\/wp-content\/uploads\/sites\/2\/2026\/01\/Emile-Goossens-high-aspect-ratio-1400-788.png","keywords":["CFO appointment","CFO Ernennung","corporate governance","DB Schenker","Deutsch Leschaco","digital transformation","digitale Transformation","Emile Goossens","employee leadership","exp\u00e9rience internationale","expertise financi\u00e8re","Fachkr\u00e4ftemangel Logistik English Leschaco","finance organization","financial expertise","financial management","Finanzexpertise","Finanzmanagement","Finanzorganisation","gestion d'entreprise durable","gestion financi\u00e8re","gouvernance","gouvernance d'entreprise","Governance","international experience","internationale Erfahrung","labor shortage logistics Fran\u00e7ais Leschaco","leader du march\u00e9 logistique","leadership des employ\u00e9s","logistics industry","logistics market leader","Logistikbranche","Marktf\u00fchrer Logistik","Mitarbeiterf\u00fchrung","nachhaltige Unternehmensf\u00fchrung","nomination CFO","organisation financi\u00e8re","p\u00e9nurie de main-d'\u0153uvre logistique","projets de transformation","reporting systems","Reporting-Systeme","secteur logistique","shared service structures","Shared-Service-Strukturen","Strategie 2030","strategy 2030","structures de services partag\u00e9s","sustainable corporate management","syst\u00e8mes de reporting","transformation num\u00e9rique","transformation projects","Transformationsprojekte","Unternehmensf\u00fchrung"],"articleSection":["Deutschland","Europa","Persone e aziende","Spedizioniere e Logistica"],"inLanguage":"it-IT","potentialAction":[{"@type":"CommentAction","name":"Comment","target":["https:\/\/transportjournal.com\/it\/2026\/01\/26\/leschaco-nomina-emile-goossens-come-cfo\/#respond"]}]},{"@type":"WebPage","@id":"https:\/\/transportjournal.com\/it\/2026\/01\/26\/leschaco-nomina-emile-goossens-come-cfo\/","url":"https:\/\/transportjournal.com\/it\/2026\/01\/26\/leschaco-nomina-emile-goossens-come-cfo\/","name":"Leschaco nomina Emile Goossens come CFO - ITJ | International Transport Journal","isPartOf":{"@id":"https:\/\/transportjournal.com\/it\/#website"},"primaryImageOfPage":{"@id":"https:\/\/transportjournal.com\/it\/2026\/01\/26\/leschaco-nomina-emile-goossens-come-cfo\/#primaryimage"},"image":{"@id":"https:\/\/transportjournal.com\/it\/2026\/01\/26\/leschaco-nomina-emile-goossens-come-cfo\/#primaryimage"},"thumbnailUrl":"https:\/\/transportjournal.com\/wp-content\/uploads\/sites\/2\/2026\/01\/Emile-Goossens-high-aspect-ratio-1400-788.png","datePublished":"2026-01-26T13:29:15+00:00","breadcrumb":{"@id":"https:\/\/transportjournal.com\/it\/2026\/01\/26\/leschaco-nomina-emile-goossens-come-cfo\/#breadcrumb"},"inLanguage":"it-IT","potentialAction":[{"@type":"ReadAction","target":["https:\/\/transportjournal.com\/it\/2026\/01\/26\/leschaco-nomina-emile-goossens-come-cfo\/"]}]},{"@type":"ImageObject","inLanguage":"it-IT","@id":"https:\/\/transportjournal.com\/it\/2026\/01\/26\/leschaco-nomina-emile-goossens-come-cfo\/#primaryimage","url":"https:\/\/transportjournal.com\/wp-content\/uploads\/sites\/2\/2026\/01\/Emile-Goossens-high-aspect-ratio-1400-788.png","contentUrl":"https:\/\/transportjournal.com\/wp-content\/uploads\/sites\/2\/2026\/01\/Emile-Goossens-high-aspect-ratio-1400-788.png","width":1920,"height":1081},{"@type":"BreadcrumbList","@id":"https:\/\/transportjournal.com\/it\/2026\/01\/26\/leschaco-nomina-emile-goossens-come-cfo\/#breadcrumb","itemListElement":[{"@type":"ListItem","position":1,"name":"Startseite","item":"https:\/\/transportjournal.com\/it\/"},{"@type":"ListItem","position":2,"name":"Leschaco nomina Emile Goossens come CFO"}]},{"@type":"WebSite","@id":"https:\/\/transportjournal.com\/it\/#website","url":"https:\/\/transportjournal.com\/it\/","name":"ITJ | International Transport Journal","description":"Stay informed with the latest global news from the transport, logistics, and supply chain industries. Transport Journal delivers expert insights, analysis, and updates across shipping, aviation, intermodal, and forwarding.","publisher":{"@id":"https:\/\/transportjournal.com\/it\/#organization"},"potentialAction":[{"@type":"SearchAction","target":{"@type":"EntryPoint","urlTemplate":"https:\/\/transportjournal.com\/it\/?s={search_term_string}"},"query-input":{"@type":"PropertyValueSpecification","valueRequired":true,"valueName":"search_term_string"}}],"inLanguage":"it-IT"},{"@type":"Organization","@id":"https:\/\/transportjournal.com\/it\/#organization","name":"Logismedia Group AG","alternateName":"Logismedia Group AG","url":"https:\/\/transportjournal.com\/it\/","logo":{"@type":"ImageObject","inLanguage":"it-IT","@id":"https:\/\/transportjournal.com\/it\/#\/schema\/logo\/image\/","url":"https:\/\/transportjournal.com\/wp-content\/uploads\/sites\/2\/2025\/09\/Logo_ITJ.png","contentUrl":"https:\/\/transportjournal.com\/wp-content\/uploads\/sites\/2\/2025\/09\/Logo_ITJ.png","width":799,"height":326,"caption":"Logismedia Group AG"},"image":{"@id":"https:\/\/transportjournal.com\/it\/#\/schema\/logo\/image\/"},"sameAs":["https:\/\/www.linkedin.com\/company\/56456496\/admin\/dashboard\/","https:\/\/www.instagram.com\/logismediagroup\/","https:\/\/www.youtube.com\/@LogiamediaGroupAG"]},{"@type":"Person","@id":"https:\/\/transportjournal.com\/it\/#\/schema\/person\/cf538b3157f15afd7589245a4b3dbd25","name":"Andreas Haug","url":"https:\/\/transportjournal.com\/it\/author\/andreas\/"}]}},"_links":{"self":[{"href":"https:\/\/transportjournal.com\/it\/wp-json\/wp\/v2\/posts\/74412","targetHints":{"allow":["GET"]}}],"collection":[{"href":"https:\/\/transportjournal.com\/it\/wp-json\/wp\/v2\/posts"}],"about":[{"href":"https:\/\/transportjournal.com\/it\/wp-json\/wp\/v2\/types\/post"}],"author":[{"embeddable":true,"href":"https:\/\/transportjournal.com\/it\/wp-json\/wp\/v2\/users\/12"}],"replies":[{"embeddable":true,"href":"https:\/\/transportjournal.com\/it\/wp-json\/wp\/v2\/comments?post=74412"}],"version-history":[{"count":0,"href":"https:\/\/transportjournal.com\/it\/wp-json\/wp\/v2\/posts\/74412\/revisions"}],"wp:featuredmedia":[{"embeddable":true,"href":"https:\/\/transportjournal.com\/it\/wp-json\/wp\/v2\/media\/74408"}],"wp:attachment":[{"href":"https:\/\/transportjournal.com\/it\/wp-json\/wp\/v2\/media?parent=74412"}],"wp:term":[{"taxonomy":"category","embeddable":true,"href":"https:\/\/transportjournal.com\/it\/wp-json\/wp\/v2\/categories?post=74412"},{"taxonomy":"post_tag","embeddable":true,"href":"https:\/\/transportjournal.com\/it\/wp-json\/wp\/v2\/tags?post=74412"}],"curies":[{"name":"wp","href":"https:\/\/api.w.org\/{rel}","templated":true}]}}