{"id":74389,"date":"2026-01-26T10:02:57","date_gmt":"2026-01-26T10:02:57","guid":{"rendered":"https:\/\/transportjournal.com\/2026\/01\/26\/nuovo-servizio-di-trasporto-aereo-merci-verso-leuropa\/"},"modified":"2026-01-26T14:09:26","modified_gmt":"2026-01-26T13:09:26","slug":"nuovo-servizio-di-trasporto-aereo-merci-verso-leuropa","status":"publish","type":"post","link":"https:\/\/transportjournal.com\/it\/2026\/01\/26\/nuovo-servizio-di-trasporto-aereo-merci-verso-leuropa\/","title":{"rendered":"Nuovo servizio di trasporto aereo merci verso l&#8217;Europa"},"content":{"rendered":"<p>DP World e la Zona Franca di Punta Cana hanno lanciato un nuovo servizio internazionale di cargo aereo verso l&#8217;Europa, che mira a rafforzare il ruolo della Repubblica Dominicana come hub logistico e di transito per le Americhe. Il servizio sar\u00e0 gestito attraverso il centro cargo aereo di Punta Cana, situato nella parte orientale del paese.<\/p>\n<h3>Nuovo servizio di cargo aereo rafforza i collegamenti commerciali<\/h3>\n<p>Il nuovo servizio, che opera il marted\u00ec e il sabato, \u00e8 progettato per trasportare merci in transito dall&#8217;America del Sud, Centro America e Caraibi attraverso il centro cargo aereo di Punta Cana verso l&#8217;Europa. Nella fase iniziale, si prevede che il centro gestisca fino a 120 tonnellate di cargo aereo al mese, migliorando la velocit\u00e0 e l&#8217;affidabilit\u00e0 per gli esportatori regionali.<\/p>\n<p>Il servizio ampliato supporta il trasporto di beni preziosi e sensibili al tempo, tra cui prodotti deperibili come fiori e frutta, prodotti farmaceutici, pacchi e carichi secchi. Le spedizioni provenienti da Colombia, Ecuador e Per\u00f9 saranno consolidate a Punta Cana e collegate a mercati europei chiave come Madrid, Francoforte e Londra tramite voli regolari. I partner stanno inoltre valutando la possibilit\u00e0 di espandere il servizio verso il Canada, poich\u00e9 la domanda continua a crescere.<\/p>\n<h3>Infrastruttura per merci sensibili al tempo<\/h3>\n<p>Il centro cargo aereo di Punta Cana \u00e8 progettato specificamente per gestire merci sensibili alla temperatura e offre circa 4.000 metri quadrati di spazio refrigerato destinato a prodotti deperibili. Inoltre, i processi per le merci in transito sono ottimizzati per ridurre i tempi di trasferimento. L&#8217;accesso diretto alla rampa per aerei cargo e aerei di linea, insieme a servizi di sicurezza migliorati e attrezzature di manipolazione speciali per diverse tipologie di carico, fanno parte dell&#8217;infrastruttura.<\/p>\n<p>Il nuovo servizio si basa sull&#8217;arrivo del primo aereo cargo nel 2024, che ha validato l&#8217;infrastruttura e il modello operativo del terminal, ponendo le basi per una crescita sostenibile del traffico aereo cargo internazionale. Nel 2025, il terminal cargo aereo prevede di gestire oltre 33.000 tonnellate di importazioni, esportazioni e merci in transito, con un aumento del 15% rispetto al 2024.<\/p>\n<p>Manuel Mart\u00ednez, CEO di DP World nella Repubblica Dominicana, ha dichiarato: &#8222;Questa espansione rafforza la nostra visione comune con la Zona Franca di Punta Cana, posizionando Punta Cana come un importante punto di collegamento regionale all&#8217;interno delle reti commerciali globali. Aumentando la capacit\u00e0 e la prevedibilit\u00e0 del servizio, offriamo agli esportatori e ai fornitori di servizi logistici un accesso pi\u00f9 rapido e affidabile ai mercati internazionali, rafforzando la competitivit\u00e0 della regione.&#8220;<\/p>\n<p>&nbsp;<\/p>\n<p><a href=\"https:\/\/www.dpworld.com\/\" target=\"_blank\" rel=\"noopener noreferrer\">www.dpworld.com<\/a><\/p>\n<p>&nbsp;<\/p>\n","protected":false},"excerpt":{"rendered":"<p>DP World e la Zona Franca di Punta Cana hanno avviato un nuovo servizio di cargo aereo verso l&#8217;Europa per rafforzare la logistica della Repubblica Dominicana.<\/p>\n","protected":false},"author":12,"featured_media":74385,"comment_status":"open","ping_status":"open","sticky":false,"template":"","format":"standard","meta":{"_acf_changed":false,"footnotes":""},"categories":[1638,1630],"tags":[9388,5507,9389,3402,9390,9391,9392,2265,6754,9393,9394,2032,9395,9396,9397,2952,9398,9399,9400,9401,2960,2961,9402,9403,2133,9404,1831,9405,9406,9407,9408,9409,9410,9411,9412,9084,9085,2148,9413,9414,9415,9416,9417,9418,9419,9420,9421,9422,9423,9424,9425,9426,7052,9427],"class_list":["post-74389","post","type-post","status-publish","format-standard","has-post-thumbnail","hentry","category-europa","category-trasporto-aereo","tag-air-freight-service-2024","tag-avions-cargo","tag-cargaison-sensible-a-la-temperature","tag-cargo-aircraft","tag-centre-de-fret-aerien-de-punta-cana","tag-cold-storage-for-cargo","tag-connexions-commerciales-europe","tag-deutsch-luftfracht","tag-dp-world","tag-export-markets-europe","tag-exportmaerkte-europa","tag-frachtflugzeuge","tag-frachtservice-kanada","tag-freight-service-canada","tag-fret-aerien-amerique-du-sud","tag-fret-aerien-international","tag-handelsverbindungen-europa","tag-infrastructure-for-air-freight","tag-infrastructure-pour-fret-aerien","tag-infrastruktur-fuer-luftfracht","tag-international-air-freight","tag-internationale-luftfracht","tag-kuehlraum-fuer-fracht","tag-logistics-dominican-republic","tag-logistics-service-providers","tag-logistik-dominikanische-republik","tag-logistikdienstleister","tag-logistique-republique-dominicaine","tag-luftfrachtservice-2024","tag-luftfrachtzentrum-punta-cana","tag-marchandises-sensibles-au-temps","tag-marches-dexportation-europe","tag-nachhaltiger-luftfrachtverkehr","tag-optimisation-du-fret-en-transit","tag-optimizing-transit-cargo","tag-pharmaceuticals-transport","tag-pharmazeutika-transport","tag-prestataires-de-services-logistiques","tag-punta-cana","tag-punta-cana-air-freight-center","tag-service-de-fret-aerien-2024","tag-service-de-fret-canada","tag-south-america-air-freight","tag-stockage-frigorifique-pour-fret","tag-suedamerika-luftfracht","tag-sustainable-air-freight-traffic","tag-temperature-sensitive-cargo","tag-temperaturempfindliche-fracht","tag-time-sensitive-goods-francais-fret-aerien","tag-trade-connections-europe","tag-trafic-de-fret-aerien-durable","tag-transitfracht-optimieren","tag-transport-de-produits-pharmaceutiques","tag-zeitkritische-gueter-english-air-freight"],"acf":[],"yoast_head":"<!-- This site is optimized with the Yoast SEO plugin v27.3 - https:\/\/yoast.com\/product\/yoast-seo-wordpress\/ -->\n<title>Nuovo servizio di trasporto aereo merci verso l&#039;Europa - ITJ | International Transport Journal<\/title>\n<meta name=\"robots\" content=\"index, follow, max-snippet:-1, max-image-preview:large, max-video-preview:-1\" \/>\n<link rel=\"canonical\" href=\"https:\/\/transportjournal.com\/it\/2026\/01\/26\/nuovo-servizio-di-trasporto-aereo-merci-verso-leuropa\/\" \/>\n<meta property=\"og:locale\" content=\"it_IT\" \/>\n<meta property=\"og:type\" content=\"article\" \/>\n<meta property=\"og:title\" content=\"Nuovo servizio di trasporto aereo merci verso l&#039;Europa - ITJ | International Transport Journal\" \/>\n<meta property=\"og:description\" content=\"DP World e la Zona Franca di Punta Cana hanno avviato un nuovo servizio di cargo aereo verso l&#039;Europa per rafforzare la logistica della Repubblica Dominicana.\" \/>\n<meta property=\"og:url\" content=\"https:\/\/transportjournal.com\/it\/2026\/01\/26\/nuovo-servizio-di-trasporto-aereo-merci-verso-leuropa\/\" \/>\n<meta property=\"og:site_name\" content=\"ITJ | International Transport Journal\" \/>\n<meta property=\"article:published_time\" content=\"2026-01-26T10:02:57+00:00\" \/>\n<meta property=\"article:modified_time\" content=\"2026-01-26T13:09:26+00:00\" \/>\n<meta property=\"og:image\" content=\"https:\/\/transportjournal.com\/wp-content\/uploads\/sites\/2\/2026\/01\/DP-Woerld-movimiento-de-carga-tras-la-llegada-del-carguero-a-las-insta-scaled-aspect-ratio-1400-788-scaled-1.jpg\" \/>\n\t<meta property=\"og:image:width\" content=\"2560\" \/>\n\t<meta property=\"og:image:height\" content=\"1441\" \/>\n\t<meta property=\"og:image:type\" content=\"image\/jpeg\" \/>\n<meta name=\"author\" content=\"Andreas Haug\" \/>\n<meta name=\"twitter:card\" content=\"summary_large_image\" \/>\n<meta name=\"twitter:label1\" content=\"Scritto da\" \/>\n\t<meta name=\"twitter:data1\" content=\"Andreas Haug\" \/>\n\t<meta name=\"twitter:label2\" content=\"Tempo di lettura stimato\" \/>\n\t<meta name=\"twitter:data2\" content=\"2 minuto\" \/>\n<script type=\"application\/ld+json\" class=\"yoast-schema-graph\">{\"@context\":\"https:\\\/\\\/schema.org\",\"@graph\":[{\"@type\":\"Article\",\"@id\":\"https:\\\/\\\/transportjournal.com\\\/it\\\/2026\\\/01\\\/26\\\/nuovo-servizio-di-trasporto-aereo-merci-verso-leuropa\\\/#article\",\"isPartOf\":{\"@id\":\"https:\\\/\\\/transportjournal.com\\\/it\\\/2026\\\/01\\\/26\\\/nuovo-servizio-di-trasporto-aereo-merci-verso-leuropa\\\/\"},\"author\":{\"name\":\"Andreas Haug\",\"@id\":\"https:\\\/\\\/transportjournal.com\\\/it\\\/#\\\/schema\\\/person\\\/cf538b3157f15afd7589245a4b3dbd25\"},\"headline\":\"Nuovo servizio di trasporto aereo merci verso l&#8217;Europa\",\"datePublished\":\"2026-01-26T10:02:57+00:00\",\"dateModified\":\"2026-01-26T13:09:26+00:00\",\"mainEntityOfPage\":{\"@id\":\"https:\\\/\\\/transportjournal.com\\\/it\\\/2026\\\/01\\\/26\\\/nuovo-servizio-di-trasporto-aereo-merci-verso-leuropa\\\/\"},\"wordCount\":428,\"commentCount\":0,\"publisher\":{\"@id\":\"https:\\\/\\\/transportjournal.com\\\/it\\\/#organization\"},\"image\":{\"@id\":\"https:\\\/\\\/transportjournal.com\\\/it\\\/2026\\\/01\\\/26\\\/nuovo-servizio-di-trasporto-aereo-merci-verso-leuropa\\\/#primaryimage\"},\"thumbnailUrl\":\"https:\\\/\\\/transportjournal.com\\\/wp-content\\\/uploads\\\/sites\\\/2\\\/2026\\\/01\\\/DP-Woerld-movimiento-de-carga-tras-la-llegada-del-carguero-a-las-insta-scaled-aspect-ratio-1400-788-scaled-1.jpg\",\"keywords\":[\"air freight service 2024\",\"avions cargo\",\"cargaison sensible \u00e0 la temp\u00e9rature\",\"cargo aircraft\",\"centre de fret a\u00e9rien de Punta Cana\",\"cold storage for cargo\",\"connexions commerciales Europe\",\"Deutsch Luftfracht\",\"DP World\",\"export markets Europe\",\"Exportm\u00e4rkte Europa\",\"Frachtflugzeuge\",\"Frachtservice Kanada\",\"freight service Canada\",\"fret a\u00e9rien Am\u00e9rique du Sud\",\"fret a\u00e9rien international\",\"Handelsverbindungen Europa\",\"infrastructure for air freight\",\"infrastructure pour fret a\u00e9rien\",\"Infrastruktur f\u00fcr Luftfracht\",\"international air freight\",\"internationale Luftfracht\",\"K\u00fchlraum f\u00fcr Fracht\",\"logistics Dominican Republic\",\"logistics service providers\",\"Logistik Dominikanische Republik\",\"Logistikdienstleister\",\"logistique R\u00e9publique dominicaine\",\"Luftfrachtservice 2024\",\"Luftfrachtzentrum Punta Cana\",\"marchandises sensibles au temps\",\"march\u00e9s d'exportation Europe\",\"nachhaltiger Luftfrachtverkehr\",\"optimisation du fret en transit\",\"optimizing transit cargo\",\"pharmaceuticals transport\",\"Pharmazeutika Transport\",\"prestataires de services logistiques\",\"Punta Cana\",\"Punta Cana air freight center\",\"service de fret a\u00e9rien 2024\",\"service de fret Canada\",\"South America air freight\",\"stockage frigorifique pour fret\",\"S\u00fcdamerika Luftfracht\",\"sustainable air freight traffic\",\"temperature-sensitive cargo\",\"temperaturempfindliche Fracht\",\"time-sensitive goods Fran\u00e7ais Fret a\u00e9rien\",\"trade connections Europe\",\"trafic de fret a\u00e9rien durable\",\"Transitfracht optimieren\",\"transport de produits pharmaceutiques\",\"zeitkritische G\u00fcter English Air freight\"],\"articleSection\":[\"Europa\",\"Trasporto aereo\"],\"inLanguage\":\"it-IT\",\"potentialAction\":[{\"@type\":\"CommentAction\",\"name\":\"Comment\",\"target\":[\"https:\\\/\\\/transportjournal.com\\\/it\\\/2026\\\/01\\\/26\\\/nuovo-servizio-di-trasporto-aereo-merci-verso-leuropa\\\/#respond\"]}]},{\"@type\":\"WebPage\",\"@id\":\"https:\\\/\\\/transportjournal.com\\\/it\\\/2026\\\/01\\\/26\\\/nuovo-servizio-di-trasporto-aereo-merci-verso-leuropa\\\/\",\"url\":\"https:\\\/\\\/transportjournal.com\\\/it\\\/2026\\\/01\\\/26\\\/nuovo-servizio-di-trasporto-aereo-merci-verso-leuropa\\\/\",\"name\":\"Nuovo servizio di trasporto aereo merci verso l'Europa - ITJ | International Transport Journal\",\"isPartOf\":{\"@id\":\"https:\\\/\\\/transportjournal.com\\\/it\\\/#website\"},\"primaryImageOfPage\":{\"@id\":\"https:\\\/\\\/transportjournal.com\\\/it\\\/2026\\\/01\\\/26\\\/nuovo-servizio-di-trasporto-aereo-merci-verso-leuropa\\\/#primaryimage\"},\"image\":{\"@id\":\"https:\\\/\\\/transportjournal.com\\\/it\\\/2026\\\/01\\\/26\\\/nuovo-servizio-di-trasporto-aereo-merci-verso-leuropa\\\/#primaryimage\"},\"thumbnailUrl\":\"https:\\\/\\\/transportjournal.com\\\/wp-content\\\/uploads\\\/sites\\\/2\\\/2026\\\/01\\\/DP-Woerld-movimiento-de-carga-tras-la-llegada-del-carguero-a-las-insta-scaled-aspect-ratio-1400-788-scaled-1.jpg\",\"datePublished\":\"2026-01-26T10:02:57+00:00\",\"dateModified\":\"2026-01-26T13:09:26+00:00\",\"breadcrumb\":{\"@id\":\"https:\\\/\\\/transportjournal.com\\\/it\\\/2026\\\/01\\\/26\\\/nuovo-servizio-di-trasporto-aereo-merci-verso-leuropa\\\/#breadcrumb\"},\"inLanguage\":\"it-IT\",\"potentialAction\":[{\"@type\":\"ReadAction\",\"target\":[\"https:\\\/\\\/transportjournal.com\\\/it\\\/2026\\\/01\\\/26\\\/nuovo-servizio-di-trasporto-aereo-merci-verso-leuropa\\\/\"]}]},{\"@type\":\"ImageObject\",\"inLanguage\":\"it-IT\",\"@id\":\"https:\\\/\\\/transportjournal.com\\\/it\\\/2026\\\/01\\\/26\\\/nuovo-servizio-di-trasporto-aereo-merci-verso-leuropa\\\/#primaryimage\",\"url\":\"https:\\\/\\\/transportjournal.com\\\/wp-content\\\/uploads\\\/sites\\\/2\\\/2026\\\/01\\\/DP-Woerld-movimiento-de-carga-tras-la-llegada-del-carguero-a-las-insta-scaled-aspect-ratio-1400-788-scaled-1.jpg\",\"contentUrl\":\"https:\\\/\\\/transportjournal.com\\\/wp-content\\\/uploads\\\/sites\\\/2\\\/2026\\\/01\\\/DP-Woerld-movimiento-de-carga-tras-la-llegada-del-carguero-a-las-insta-scaled-aspect-ratio-1400-788-scaled-1.jpg\",\"width\":2560,\"height\":1441},{\"@type\":\"BreadcrumbList\",\"@id\":\"https:\\\/\\\/transportjournal.com\\\/it\\\/2026\\\/01\\\/26\\\/nuovo-servizio-di-trasporto-aereo-merci-verso-leuropa\\\/#breadcrumb\",\"itemListElement\":[{\"@type\":\"ListItem\",\"position\":1,\"name\":\"Startseite\",\"item\":\"https:\\\/\\\/transportjournal.com\\\/it\\\/\"},{\"@type\":\"ListItem\",\"position\":2,\"name\":\"Nuovo servizio di trasporto aereo merci verso l&#8217;Europa\"}]},{\"@type\":\"WebSite\",\"@id\":\"https:\\\/\\\/transportjournal.com\\\/it\\\/#website\",\"url\":\"https:\\\/\\\/transportjournal.com\\\/it\\\/\",\"name\":\"ITJ | International Transport Journal\",\"description\":\"Stay informed with the latest global news from the transport, logistics, and supply chain industries. Transport Journal delivers expert insights, analysis, and updates across shipping, aviation, intermodal, and forwarding.\",\"publisher\":{\"@id\":\"https:\\\/\\\/transportjournal.com\\\/it\\\/#organization\"},\"potentialAction\":[{\"@type\":\"SearchAction\",\"target\":{\"@type\":\"EntryPoint\",\"urlTemplate\":\"https:\\\/\\\/transportjournal.com\\\/it\\\/?s={search_term_string}\"},\"query-input\":{\"@type\":\"PropertyValueSpecification\",\"valueRequired\":true,\"valueName\":\"search_term_string\"}}],\"inLanguage\":\"it-IT\"},{\"@type\":\"Organization\",\"@id\":\"https:\\\/\\\/transportjournal.com\\\/it\\\/#organization\",\"name\":\"Logismedia Group AG\",\"alternateName\":\"Logismedia Group AG\",\"url\":\"https:\\\/\\\/transportjournal.com\\\/it\\\/\",\"logo\":{\"@type\":\"ImageObject\",\"inLanguage\":\"it-IT\",\"@id\":\"https:\\\/\\\/transportjournal.com\\\/it\\\/#\\\/schema\\\/logo\\\/image\\\/\",\"url\":\"https:\\\/\\\/transportjournal.com\\\/wp-content\\\/uploads\\\/sites\\\/2\\\/2025\\\/09\\\/Logo_ITJ.png\",\"contentUrl\":\"https:\\\/\\\/transportjournal.com\\\/wp-content\\\/uploads\\\/sites\\\/2\\\/2025\\\/09\\\/Logo_ITJ.png\",\"width\":799,\"height\":326,\"caption\":\"Logismedia Group AG\"},\"image\":{\"@id\":\"https:\\\/\\\/transportjournal.com\\\/it\\\/#\\\/schema\\\/logo\\\/image\\\/\"},\"sameAs\":[\"https:\\\/\\\/www.linkedin.com\\\/company\\\/56456496\\\/admin\\\/dashboard\\\/\",\"https:\\\/\\\/www.instagram.com\\\/logismediagroup\\\/\",\"https:\\\/\\\/www.youtube.com\\\/@LogiamediaGroupAG\"]},{\"@type\":\"Person\",\"@id\":\"https:\\\/\\\/transportjournal.com\\\/it\\\/#\\\/schema\\\/person\\\/cf538b3157f15afd7589245a4b3dbd25\",\"name\":\"Andreas Haug\",\"url\":\"https:\\\/\\\/transportjournal.com\\\/it\\\/author\\\/andreas\\\/\"}]}<\/script>\n<!-- \/ Yoast SEO plugin. -->","yoast_head_json":{"title":"Nuovo servizio di trasporto aereo merci verso l'Europa - ITJ | International Transport Journal","robots":{"index":"index","follow":"follow","max-snippet":"max-snippet:-1","max-image-preview":"max-image-preview:large","max-video-preview":"max-video-preview:-1"},"canonical":"https:\/\/transportjournal.com\/it\/2026\/01\/26\/nuovo-servizio-di-trasporto-aereo-merci-verso-leuropa\/","og_locale":"it_IT","og_type":"article","og_title":"Nuovo servizio di trasporto aereo merci verso l'Europa - ITJ | International Transport Journal","og_description":"DP World e la Zona Franca di Punta Cana hanno avviato un nuovo servizio di cargo aereo verso l'Europa per rafforzare la logistica della Repubblica Dominicana.","og_url":"https:\/\/transportjournal.com\/it\/2026\/01\/26\/nuovo-servizio-di-trasporto-aereo-merci-verso-leuropa\/","og_site_name":"ITJ | International Transport Journal","article_published_time":"2026-01-26T10:02:57+00:00","article_modified_time":"2026-01-26T13:09:26+00:00","og_image":[{"width":2560,"height":1441,"url":"https:\/\/transportjournal.com\/wp-content\/uploads\/sites\/2\/2026\/01\/DP-Woerld-movimiento-de-carga-tras-la-llegada-del-carguero-a-las-insta-scaled-aspect-ratio-1400-788-scaled-1.jpg","type":"image\/jpeg"}],"author":"Andreas Haug","twitter_card":"summary_large_image","twitter_misc":{"Scritto da":"Andreas Haug","Tempo di lettura stimato":"2 minuto"},"schema":{"@context":"https:\/\/schema.org","@graph":[{"@type":"Article","@id":"https:\/\/transportjournal.com\/it\/2026\/01\/26\/nuovo-servizio-di-trasporto-aereo-merci-verso-leuropa\/#article","isPartOf":{"@id":"https:\/\/transportjournal.com\/it\/2026\/01\/26\/nuovo-servizio-di-trasporto-aereo-merci-verso-leuropa\/"},"author":{"name":"Andreas Haug","@id":"https:\/\/transportjournal.com\/it\/#\/schema\/person\/cf538b3157f15afd7589245a4b3dbd25"},"headline":"Nuovo servizio di trasporto aereo merci verso l&#8217;Europa","datePublished":"2026-01-26T10:02:57+00:00","dateModified":"2026-01-26T13:09:26+00:00","mainEntityOfPage":{"@id":"https:\/\/transportjournal.com\/it\/2026\/01\/26\/nuovo-servizio-di-trasporto-aereo-merci-verso-leuropa\/"},"wordCount":428,"commentCount":0,"publisher":{"@id":"https:\/\/transportjournal.com\/it\/#organization"},"image":{"@id":"https:\/\/transportjournal.com\/it\/2026\/01\/26\/nuovo-servizio-di-trasporto-aereo-merci-verso-leuropa\/#primaryimage"},"thumbnailUrl":"https:\/\/transportjournal.com\/wp-content\/uploads\/sites\/2\/2026\/01\/DP-Woerld-movimiento-de-carga-tras-la-llegada-del-carguero-a-las-insta-scaled-aspect-ratio-1400-788-scaled-1.jpg","keywords":["air freight service 2024","avions cargo","cargaison sensible \u00e0 la temp\u00e9rature","cargo aircraft","centre de fret a\u00e9rien de Punta Cana","cold storage for cargo","connexions commerciales Europe","Deutsch Luftfracht","DP World","export markets Europe","Exportm\u00e4rkte Europa","Frachtflugzeuge","Frachtservice Kanada","freight service Canada","fret a\u00e9rien Am\u00e9rique du Sud","fret a\u00e9rien international","Handelsverbindungen Europa","infrastructure for air freight","infrastructure pour fret a\u00e9rien","Infrastruktur f\u00fcr Luftfracht","international air freight","internationale Luftfracht","K\u00fchlraum f\u00fcr Fracht","logistics Dominican Republic","logistics service providers","Logistik Dominikanische Republik","Logistikdienstleister","logistique R\u00e9publique dominicaine","Luftfrachtservice 2024","Luftfrachtzentrum Punta Cana","marchandises sensibles au temps","march\u00e9s d'exportation Europe","nachhaltiger Luftfrachtverkehr","optimisation du fret en transit","optimizing transit cargo","pharmaceuticals transport","Pharmazeutika Transport","prestataires de services logistiques","Punta Cana","Punta Cana air freight center","service de fret a\u00e9rien 2024","service de fret Canada","South America air freight","stockage frigorifique pour fret","S\u00fcdamerika Luftfracht","sustainable air freight traffic","temperature-sensitive cargo","temperaturempfindliche Fracht","time-sensitive goods Fran\u00e7ais Fret a\u00e9rien","trade connections Europe","trafic de fret a\u00e9rien durable","Transitfracht optimieren","transport de produits pharmaceutiques","zeitkritische G\u00fcter English Air freight"],"articleSection":["Europa","Trasporto aereo"],"inLanguage":"it-IT","potentialAction":[{"@type":"CommentAction","name":"Comment","target":["https:\/\/transportjournal.com\/it\/2026\/01\/26\/nuovo-servizio-di-trasporto-aereo-merci-verso-leuropa\/#respond"]}]},{"@type":"WebPage","@id":"https:\/\/transportjournal.com\/it\/2026\/01\/26\/nuovo-servizio-di-trasporto-aereo-merci-verso-leuropa\/","url":"https:\/\/transportjournal.com\/it\/2026\/01\/26\/nuovo-servizio-di-trasporto-aereo-merci-verso-leuropa\/","name":"Nuovo servizio di trasporto aereo merci verso l'Europa - ITJ | International Transport Journal","isPartOf":{"@id":"https:\/\/transportjournal.com\/it\/#website"},"primaryImageOfPage":{"@id":"https:\/\/transportjournal.com\/it\/2026\/01\/26\/nuovo-servizio-di-trasporto-aereo-merci-verso-leuropa\/#primaryimage"},"image":{"@id":"https:\/\/transportjournal.com\/it\/2026\/01\/26\/nuovo-servizio-di-trasporto-aereo-merci-verso-leuropa\/#primaryimage"},"thumbnailUrl":"https:\/\/transportjournal.com\/wp-content\/uploads\/sites\/2\/2026\/01\/DP-Woerld-movimiento-de-carga-tras-la-llegada-del-carguero-a-las-insta-scaled-aspect-ratio-1400-788-scaled-1.jpg","datePublished":"2026-01-26T10:02:57+00:00","dateModified":"2026-01-26T13:09:26+00:00","breadcrumb":{"@id":"https:\/\/transportjournal.com\/it\/2026\/01\/26\/nuovo-servizio-di-trasporto-aereo-merci-verso-leuropa\/#breadcrumb"},"inLanguage":"it-IT","potentialAction":[{"@type":"ReadAction","target":["https:\/\/transportjournal.com\/it\/2026\/01\/26\/nuovo-servizio-di-trasporto-aereo-merci-verso-leuropa\/"]}]},{"@type":"ImageObject","inLanguage":"it-IT","@id":"https:\/\/transportjournal.com\/it\/2026\/01\/26\/nuovo-servizio-di-trasporto-aereo-merci-verso-leuropa\/#primaryimage","url":"https:\/\/transportjournal.com\/wp-content\/uploads\/sites\/2\/2026\/01\/DP-Woerld-movimiento-de-carga-tras-la-llegada-del-carguero-a-las-insta-scaled-aspect-ratio-1400-788-scaled-1.jpg","contentUrl":"https:\/\/transportjournal.com\/wp-content\/uploads\/sites\/2\/2026\/01\/DP-Woerld-movimiento-de-carga-tras-la-llegada-del-carguero-a-las-insta-scaled-aspect-ratio-1400-788-scaled-1.jpg","width":2560,"height":1441},{"@type":"BreadcrumbList","@id":"https:\/\/transportjournal.com\/it\/2026\/01\/26\/nuovo-servizio-di-trasporto-aereo-merci-verso-leuropa\/#breadcrumb","itemListElement":[{"@type":"ListItem","position":1,"name":"Startseite","item":"https:\/\/transportjournal.com\/it\/"},{"@type":"ListItem","position":2,"name":"Nuovo servizio di trasporto aereo merci verso l&#8217;Europa"}]},{"@type":"WebSite","@id":"https:\/\/transportjournal.com\/it\/#website","url":"https:\/\/transportjournal.com\/it\/","name":"ITJ | International Transport Journal","description":"Stay informed with the latest global news from the transport, logistics, and supply chain industries. Transport Journal delivers expert insights, analysis, and updates across shipping, aviation, intermodal, and forwarding.","publisher":{"@id":"https:\/\/transportjournal.com\/it\/#organization"},"potentialAction":[{"@type":"SearchAction","target":{"@type":"EntryPoint","urlTemplate":"https:\/\/transportjournal.com\/it\/?s={search_term_string}"},"query-input":{"@type":"PropertyValueSpecification","valueRequired":true,"valueName":"search_term_string"}}],"inLanguage":"it-IT"},{"@type":"Organization","@id":"https:\/\/transportjournal.com\/it\/#organization","name":"Logismedia Group AG","alternateName":"Logismedia Group AG","url":"https:\/\/transportjournal.com\/it\/","logo":{"@type":"ImageObject","inLanguage":"it-IT","@id":"https:\/\/transportjournal.com\/it\/#\/schema\/logo\/image\/","url":"https:\/\/transportjournal.com\/wp-content\/uploads\/sites\/2\/2025\/09\/Logo_ITJ.png","contentUrl":"https:\/\/transportjournal.com\/wp-content\/uploads\/sites\/2\/2025\/09\/Logo_ITJ.png","width":799,"height":326,"caption":"Logismedia Group AG"},"image":{"@id":"https:\/\/transportjournal.com\/it\/#\/schema\/logo\/image\/"},"sameAs":["https:\/\/www.linkedin.com\/company\/56456496\/admin\/dashboard\/","https:\/\/www.instagram.com\/logismediagroup\/","https:\/\/www.youtube.com\/@LogiamediaGroupAG"]},{"@type":"Person","@id":"https:\/\/transportjournal.com\/it\/#\/schema\/person\/cf538b3157f15afd7589245a4b3dbd25","name":"Andreas Haug","url":"https:\/\/transportjournal.com\/it\/author\/andreas\/"}]}},"_links":{"self":[{"href":"https:\/\/transportjournal.com\/it\/wp-json\/wp\/v2\/posts\/74389","targetHints":{"allow":["GET"]}}],"collection":[{"href":"https:\/\/transportjournal.com\/it\/wp-json\/wp\/v2\/posts"}],"about":[{"href":"https:\/\/transportjournal.com\/it\/wp-json\/wp\/v2\/types\/post"}],"author":[{"embeddable":true,"href":"https:\/\/transportjournal.com\/it\/wp-json\/wp\/v2\/users\/12"}],"replies":[{"embeddable":true,"href":"https:\/\/transportjournal.com\/it\/wp-json\/wp\/v2\/comments?post=74389"}],"version-history":[{"count":1,"href":"https:\/\/transportjournal.com\/it\/wp-json\/wp\/v2\/posts\/74389\/revisions"}],"predecessor-version":[{"id":74396,"href":"https:\/\/transportjournal.com\/it\/wp-json\/wp\/v2\/posts\/74389\/revisions\/74396"}],"wp:featuredmedia":[{"embeddable":true,"href":"https:\/\/transportjournal.com\/it\/wp-json\/wp\/v2\/media\/74385"}],"wp:attachment":[{"href":"https:\/\/transportjournal.com\/it\/wp-json\/wp\/v2\/media?parent=74389"}],"wp:term":[{"taxonomy":"category","embeddable":true,"href":"https:\/\/transportjournal.com\/it\/wp-json\/wp\/v2\/categories?post=74389"},{"taxonomy":"post_tag","embeddable":true,"href":"https:\/\/transportjournal.com\/it\/wp-json\/wp\/v2\/tags?post=74389"}],"curies":[{"name":"wp","href":"https:\/\/api.w.org\/{rel}","templated":true}]}}