{"id":74328,"date":"2026-01-26T09:52:22","date_gmt":"2026-01-26T09:52:22","guid":{"rendered":"https:\/\/transportjournal.com\/2026\/01\/26\/groupe-stef-nomina-nuovi-direttori-generali\/"},"modified":"2026-01-26T09:52:22","modified_gmt":"2026-01-26T09:52:22","slug":"groupe-stef-nomina-nuovi-direttori-generali","status":"publish","type":"post","link":"https:\/\/transportjournal.com\/it\/2026\/01\/26\/groupe-stef-nomina-nuovi-direttori-generali\/","title":{"rendered":"Groupe STEF nomina nuovi direttori generali"},"content":{"rendered":"<p>Groupe STEF ha ristrutturato la sua direzione aziendale e nominato due nuovi amministratori delegati operativi. Questa decisione segue la crescita dell&#8217;azienda e l&#8217;espansione del suo campo d&#8217;azione e della sua presenza geografica. L&#8217;obiettivo \u00e8 adattare l&#8217;organizzazione e la governance in modo da supportare efficacemente le priorit\u00e0 strategiche e lo sviluppo internazionale dell&#8217;azienda.<\/p>\n<p>Secondo un comunicato dell&#8217;azienda, Damien Chapotot \u00e8 stato nominato amministratore delegato operativo per la Francia, mentre Fran\u00e7ois Pinto (foto) assumer\u00e0 il ruolo di amministratore delegato operativo per le questioni internazionali. Entrambi riporteranno direttamente al presidente del consiglio di amministrazione Stanislas Lemor. La loro nomina entrer\u00e0 in vigore dopo l&#8217;assemblea generale del 23 aprile 2026.<\/p>\n<p>Questi cambiamenti sono anche legati al prossimo pensionamento di Marc Vettard, che ha lavorato per oltre 40 anni nell&#8217;azienda, di cui sette anni nella direzione. Vettard ha contribuito in modo significativo a posizionare Groupe STEF come un attore importante nel settore del trasporto e della logistica in Europa. Sotto la sua guida, l&#8217;azienda ha subito una trasformazione completa ed ha ampliato le sue attivit\u00e0 internazionali. Lascia l&#8217;azienda mentre ha gi\u00e0 raggiunto un obiettivo di fatturato di 5 miliardi di EUR, un anno prima del previsto.<\/p>\n<h3>Nuova struttura di leadership per supportare la crescita<\/h3>\n<p>La nuova struttura di governance di Groupe STEF sar\u00e0 costruita attorno al presidente del consiglio di amministrazione e ai due amministratori delegati operativi. Questa struttura mira a rispondere alle diverse sfide economiche, geografiche e operative dei vari mercati dell&#8217;azienda e a supportare l&#8217;evoluzione del fatturato.<\/p>\n<p>Damien Chapotot porta con s\u00e9 quasi 30 anni di esperienza nel settore del trasporto e della logistica. Ha ricoperto diverse posizioni dirigenziali nella sua carriera ed \u00e8 stato recentemente vice amministratore delegato presso STEF Transport. Nel suo nuovo ruolo, sar\u00e0 responsabile del mercato pi\u00f9 grande dell&#8217;azienda e si concentrer\u00e0 sullo sviluppo di nuove strategie di crescita e sulla modernizzazione delle operazioni.<\/p>\n<p>Fran\u00e7ois Pinto ha accumulato quasi 20 anni di esperienza in vari paesi e guider\u00e0 la strategia internazionale dell&#8217;azienda. Ha iniziato la sua carriera presso STEF nel 1999 e da allora ha ricoperto diverse posizioni in Francia e all&#8217;estero. Nella sua nuova funzione, si concentrer\u00e0 sulla crescita, sull&#8217;integrazione di nuove acquisizioni e sull&#8217;attuazione della strategia aziendale.<\/p>\n<p>Stanislas Lemor, presidente di Groupe STEF, ha espresso gratitudine per i meriti di Marc Vettard e ha sottolineato l&#8217;importanza della sua visione strategica per l&#8217;azienda. Ha accolto i nuovi amministratori delegati e ha evidenziato che la loro esperienza e collaborazione saranno decisive per lo sviluppo futuro dell&#8217;azienda. Lemor ha inoltre sottolineato l&#8217;importanza di mettere al centro della strategia aziendale le esigenze dei clienti e dei dipendenti.<\/p>\n<p>&nbsp;<\/p>\n<p><a href=\"https:\/\/www.stef.com\/\" target=\"_blank\" rel=\"noopener noreferrer\">www.stef.com<\/a><\/p>\n<p>&nbsp;<\/p>\n","protected":false},"excerpt":{"rendered":"<p>Groupe STEF ha ristrutturato la sua direzione aziendale nominando Damien Chapotot e Fran\u00e7ois Pinto come amministratori delegati operativi per promuovere la crescita e lo sviluppo internazionale.<\/p>\n","protected":false},"author":12,"featured_media":74324,"comment_status":"open","ping_status":"open","sticky":false,"template":"","format":"standard","meta":{"_acf_changed":false,"footnotes":""},"categories":[1638,1627,1629],"tags":[9203,9204,9205,2548,9206,3739,9207,2115,2116,9208,2040,9209,6097,1889,9210,2562,9211,9212,4291,3745,2075,9213,9214,9215,9216,9217,3750,2622,9218,9219,9220,9221,1800,9222,9223,9224,3157,9225,9226,3756,3757,9227,3602,2193,9228,1916,9229,2237,4305,9230,9231,2641,9232,3125,9233,9234,2157,9235],"class_list":["post-74328","post","type-post","status-publish","format-standard","has-post-thumbnail","hentry","category-europa","category-persone-e-aziende","category-spedizioni-e-logistica","tag-acquisitions-dans-le-transport","tag-acquisitions-in-transport","tag-akquisitionen-im-transport","tag-corporate-governance","tag-deutsch-groupe-stef","tag-developpement-des-infrastructures","tag-developpement-des-revenus","tag-digitalisierung-in-der-logistik","tag-digitalization-in-logistics","tag-directeurs-operationnels","tag-europaeischer-markt","tag-european-market","tag-expansion-internationale","tag-fachkraeftemangel","tag-frankreich-logistik","tag-gouvernance-dentreprise","tag-governance-structure","tag-governance-struktur","tag-growth-strategy","tag-infrastructure-development","tag-infrastrukturentwicklung","tag-international-expansion-francais-groupe-stef","tag-international-strategy","tag-internationale-expansion-english-groupe-stef","tag-internationale-strategie","tag-logistics-in-france","tag-logistique-de-colis","tag-logistique-durable","tag-logistique-en-france","tag-marche-europeen","tag-market-share","tag-marktanteil","tag-nachhaltige-logistik","tag-neue-geschaeftsfuehrer","tag-new-managing-directors","tag-nouveaux-directeurs-generaux","tag-numerisation-dans-la-logistique","tag-operational-directors","tag-operative-geschaeftsfuehrer","tag-paketlogistik","tag-parcel-logistics","tag-part-de-marche","tag-penurie-de-competences","tag-rail-freight-transport","tag-revenue-development","tag-schienengueterverkehr","tag-secteur-du-transport-et-de-la-logistique","tag-skills-shortage","tag-strategie-de-croissance","tag-strategie-internationale","tag-structure-de-gouvernance","tag-sustainable-logistics","tag-transport-and-logistics-sector","tag-transport-ferroviaire-de-marchandises","tag-transport-und-logistiksektor","tag-umsatzentwicklung","tag-unternehmensfuehrung","tag-wachstumskurs"],"acf":[],"yoast_head":"<!-- This site is optimized with the Yoast SEO plugin v27.3 - https:\/\/yoast.com\/product\/yoast-seo-wordpress\/ -->\n<title>Groupe STEF nomina nuovi direttori generali - ITJ | International Transport Journal<\/title>\n<meta name=\"robots\" content=\"index, follow, max-snippet:-1, max-image-preview:large, max-video-preview:-1\" \/>\n<link rel=\"canonical\" href=\"https:\/\/transportjournal.com\/it\/2026\/01\/26\/groupe-stef-nomina-nuovi-direttori-generali\/\" \/>\n<meta property=\"og:locale\" content=\"it_IT\" \/>\n<meta property=\"og:type\" content=\"article\" \/>\n<meta property=\"og:title\" content=\"Groupe STEF nomina nuovi direttori generali - ITJ | International Transport Journal\" \/>\n<meta property=\"og:description\" content=\"Groupe STEF ha ristrutturato la sua direzione aziendale nominando Damien Chapotot e Fran\u00e7ois Pinto come amministratori delegati operativi per promuovere la crescita e lo sviluppo internazionale.\" \/>\n<meta property=\"og:url\" content=\"https:\/\/transportjournal.com\/it\/2026\/01\/26\/groupe-stef-nomina-nuovi-direttori-generali\/\" \/>\n<meta property=\"og:site_name\" content=\"ITJ | International Transport Journal\" \/>\n<meta property=\"article:published_time\" content=\"2026-01-26T09:52:22+00:00\" \/>\n<meta property=\"og:image\" content=\"https:\/\/transportjournal.com\/wp-content\/uploads\/sites\/2\/2026\/01\/FRANCOIS-PINTO-\u00a9-OBOClandoeil.fr_.jpg-aspect-ratio-1400-788.webp\" \/>\n\t<meta property=\"og:image:width\" content=\"1755\" \/>\n\t<meta property=\"og:image:height\" content=\"988\" \/>\n\t<meta property=\"og:image:type\" content=\"image\/webp\" \/>\n<meta name=\"author\" content=\"Andreas Haug\" \/>\n<meta name=\"twitter:card\" content=\"summary_large_image\" \/>\n<meta name=\"twitter:label1\" content=\"Scritto da\" \/>\n\t<meta name=\"twitter:data1\" content=\"Andreas Haug\" \/>\n\t<meta name=\"twitter:label2\" content=\"Tempo di lettura stimato\" \/>\n\t<meta name=\"twitter:data2\" content=\"2 minuto\" \/>\n<script type=\"application\/ld+json\" class=\"yoast-schema-graph\">{\"@context\":\"https:\\\/\\\/schema.org\",\"@graph\":[{\"@type\":\"Article\",\"@id\":\"https:\\\/\\\/transportjournal.com\\\/it\\\/2026\\\/01\\\/26\\\/groupe-stef-nomina-nuovi-direttori-generali\\\/#article\",\"isPartOf\":{\"@id\":\"https:\\\/\\\/transportjournal.com\\\/it\\\/2026\\\/01\\\/26\\\/groupe-stef-nomina-nuovi-direttori-generali\\\/\"},\"author\":{\"name\":\"Andreas Haug\",\"@id\":\"https:\\\/\\\/transportjournal.com\\\/it\\\/#\\\/schema\\\/person\\\/cf538b3157f15afd7589245a4b3dbd25\"},\"headline\":\"Groupe STEF nomina nuovi direttori generali\",\"datePublished\":\"2026-01-26T09:52:22+00:00\",\"mainEntityOfPage\":{\"@id\":\"https:\\\/\\\/transportjournal.com\\\/it\\\/2026\\\/01\\\/26\\\/groupe-stef-nomina-nuovi-direttori-generali\\\/\"},\"wordCount\":451,\"commentCount\":0,\"publisher\":{\"@id\":\"https:\\\/\\\/transportjournal.com\\\/it\\\/#organization\"},\"image\":{\"@id\":\"https:\\\/\\\/transportjournal.com\\\/it\\\/2026\\\/01\\\/26\\\/groupe-stef-nomina-nuovi-direttori-generali\\\/#primaryimage\"},\"thumbnailUrl\":\"https:\\\/\\\/transportjournal.com\\\/wp-content\\\/uploads\\\/sites\\\/2\\\/2026\\\/01\\\/FRANCOIS-PINTO-\u00a9-OBOClandoeil.fr_.jpg-aspect-ratio-1400-788.webp\",\"keywords\":[\"acquisitions dans le transport\",\"acquisitions in transport\",\"Akquisitionen im Transport\",\"corporate governance\",\"Deutsch Groupe STEF\",\"d\u00e9veloppement des infrastructures\",\"d\u00e9veloppement des revenus\",\"Digitalisierung in der Logistik\",\"digitalization in logistics\",\"directeurs op\u00e9rationnels\",\"europ\u00e4ischer Markt\",\"European market\",\"expansion internationale\",\"Fachkr\u00e4ftemangel\",\"Frankreich Logistik\",\"gouvernance d'entreprise\",\"governance structure\",\"Governance-Struktur\",\"growth strategy\",\"infrastructure development\",\"Infrastrukturentwicklung\",\"international expansion Fran\u00e7ais Groupe STEF\",\"international strategy\",\"internationale Expansion English Groupe STEF\",\"internationale Strategie\",\"logistics in France\",\"logistique de colis\",\"logistique durable\",\"logistique en France\",\"march\u00e9 europ\u00e9en\",\"market share\",\"Marktanteil\",\"nachhaltige Logistik\",\"neue Gesch\u00e4ftsf\u00fchrer\",\"new managing directors\",\"nouveaux directeurs g\u00e9n\u00e9raux\",\"num\u00e9risation dans la logistique\",\"operational directors\",\"operative Gesch\u00e4ftsf\u00fchrer\",\"Paketlogistik\",\"parcel logistics\",\"part de march\u00e9\",\"p\u00e9nurie de comp\u00e9tences\",\"rail freight transport\",\"revenue development\",\"Schieneng\u00fcterverkehr\",\"secteur du transport et de la logistique\",\"skills shortage\",\"strat\u00e9gie de croissance\",\"strat\u00e9gie internationale\",\"structure de gouvernance\",\"sustainable logistics\",\"transport and logistics sector\",\"transport ferroviaire de marchandises\",\"Transport- und Logistiksektor\",\"Umsatzentwicklung\",\"Unternehmensf\u00fchrung\",\"Wachstumskurs\"],\"articleSection\":[\"Europa\",\"Persone e aziende\",\"Spedizioniere e Logistica\"],\"inLanguage\":\"it-IT\",\"potentialAction\":[{\"@type\":\"CommentAction\",\"name\":\"Comment\",\"target\":[\"https:\\\/\\\/transportjournal.com\\\/it\\\/2026\\\/01\\\/26\\\/groupe-stef-nomina-nuovi-direttori-generali\\\/#respond\"]}]},{\"@type\":\"WebPage\",\"@id\":\"https:\\\/\\\/transportjournal.com\\\/it\\\/2026\\\/01\\\/26\\\/groupe-stef-nomina-nuovi-direttori-generali\\\/\",\"url\":\"https:\\\/\\\/transportjournal.com\\\/it\\\/2026\\\/01\\\/26\\\/groupe-stef-nomina-nuovi-direttori-generali\\\/\",\"name\":\"Groupe STEF nomina nuovi direttori generali - ITJ | International Transport Journal\",\"isPartOf\":{\"@id\":\"https:\\\/\\\/transportjournal.com\\\/it\\\/#website\"},\"primaryImageOfPage\":{\"@id\":\"https:\\\/\\\/transportjournal.com\\\/it\\\/2026\\\/01\\\/26\\\/groupe-stef-nomina-nuovi-direttori-generali\\\/#primaryimage\"},\"image\":{\"@id\":\"https:\\\/\\\/transportjournal.com\\\/it\\\/2026\\\/01\\\/26\\\/groupe-stef-nomina-nuovi-direttori-generali\\\/#primaryimage\"},\"thumbnailUrl\":\"https:\\\/\\\/transportjournal.com\\\/wp-content\\\/uploads\\\/sites\\\/2\\\/2026\\\/01\\\/FRANCOIS-PINTO-\u00a9-OBOClandoeil.fr_.jpg-aspect-ratio-1400-788.webp\",\"datePublished\":\"2026-01-26T09:52:22+00:00\",\"breadcrumb\":{\"@id\":\"https:\\\/\\\/transportjournal.com\\\/it\\\/2026\\\/01\\\/26\\\/groupe-stef-nomina-nuovi-direttori-generali\\\/#breadcrumb\"},\"inLanguage\":\"it-IT\",\"potentialAction\":[{\"@type\":\"ReadAction\",\"target\":[\"https:\\\/\\\/transportjournal.com\\\/it\\\/2026\\\/01\\\/26\\\/groupe-stef-nomina-nuovi-direttori-generali\\\/\"]}]},{\"@type\":\"ImageObject\",\"inLanguage\":\"it-IT\",\"@id\":\"https:\\\/\\\/transportjournal.com\\\/it\\\/2026\\\/01\\\/26\\\/groupe-stef-nomina-nuovi-direttori-generali\\\/#primaryimage\",\"url\":\"https:\\\/\\\/transportjournal.com\\\/wp-content\\\/uploads\\\/sites\\\/2\\\/2026\\\/01\\\/FRANCOIS-PINTO-\u00a9-OBOClandoeil.fr_.jpg-aspect-ratio-1400-788.webp\",\"contentUrl\":\"https:\\\/\\\/transportjournal.com\\\/wp-content\\\/uploads\\\/sites\\\/2\\\/2026\\\/01\\\/FRANCOIS-PINTO-\u00a9-OBOClandoeil.fr_.jpg-aspect-ratio-1400-788.webp\",\"width\":1755,\"height\":988},{\"@type\":\"BreadcrumbList\",\"@id\":\"https:\\\/\\\/transportjournal.com\\\/it\\\/2026\\\/01\\\/26\\\/groupe-stef-nomina-nuovi-direttori-generali\\\/#breadcrumb\",\"itemListElement\":[{\"@type\":\"ListItem\",\"position\":1,\"name\":\"Startseite\",\"item\":\"https:\\\/\\\/transportjournal.com\\\/it\\\/\"},{\"@type\":\"ListItem\",\"position\":2,\"name\":\"Groupe STEF nomina nuovi direttori generali\"}]},{\"@type\":\"WebSite\",\"@id\":\"https:\\\/\\\/transportjournal.com\\\/it\\\/#website\",\"url\":\"https:\\\/\\\/transportjournal.com\\\/it\\\/\",\"name\":\"ITJ | International Transport Journal\",\"description\":\"Stay informed with the latest global news from the transport, logistics, and supply chain industries. Transport Journal delivers expert insights, analysis, and updates across shipping, aviation, intermodal, and forwarding.\",\"publisher\":{\"@id\":\"https:\\\/\\\/transportjournal.com\\\/it\\\/#organization\"},\"potentialAction\":[{\"@type\":\"SearchAction\",\"target\":{\"@type\":\"EntryPoint\",\"urlTemplate\":\"https:\\\/\\\/transportjournal.com\\\/it\\\/?s={search_term_string}\"},\"query-input\":{\"@type\":\"PropertyValueSpecification\",\"valueRequired\":true,\"valueName\":\"search_term_string\"}}],\"inLanguage\":\"it-IT\"},{\"@type\":\"Organization\",\"@id\":\"https:\\\/\\\/transportjournal.com\\\/it\\\/#organization\",\"name\":\"Logismedia Group AG\",\"alternateName\":\"Logismedia Group AG\",\"url\":\"https:\\\/\\\/transportjournal.com\\\/it\\\/\",\"logo\":{\"@type\":\"ImageObject\",\"inLanguage\":\"it-IT\",\"@id\":\"https:\\\/\\\/transportjournal.com\\\/it\\\/#\\\/schema\\\/logo\\\/image\\\/\",\"url\":\"https:\\\/\\\/transportjournal.com\\\/wp-content\\\/uploads\\\/sites\\\/2\\\/2025\\\/09\\\/Logo_ITJ.png\",\"contentUrl\":\"https:\\\/\\\/transportjournal.com\\\/wp-content\\\/uploads\\\/sites\\\/2\\\/2025\\\/09\\\/Logo_ITJ.png\",\"width\":799,\"height\":326,\"caption\":\"Logismedia Group AG\"},\"image\":{\"@id\":\"https:\\\/\\\/transportjournal.com\\\/it\\\/#\\\/schema\\\/logo\\\/image\\\/\"},\"sameAs\":[\"https:\\\/\\\/www.linkedin.com\\\/company\\\/56456496\\\/admin\\\/dashboard\\\/\",\"https:\\\/\\\/www.instagram.com\\\/logismediagroup\\\/\",\"https:\\\/\\\/www.youtube.com\\\/@LogiamediaGroupAG\"]},{\"@type\":\"Person\",\"@id\":\"https:\\\/\\\/transportjournal.com\\\/it\\\/#\\\/schema\\\/person\\\/cf538b3157f15afd7589245a4b3dbd25\",\"name\":\"Andreas Haug\",\"url\":\"https:\\\/\\\/transportjournal.com\\\/it\\\/author\\\/andreas\\\/\"}]}<\/script>\n<!-- \/ Yoast SEO plugin. -->","yoast_head_json":{"title":"Groupe STEF nomina nuovi direttori generali - ITJ | International Transport Journal","robots":{"index":"index","follow":"follow","max-snippet":"max-snippet:-1","max-image-preview":"max-image-preview:large","max-video-preview":"max-video-preview:-1"},"canonical":"https:\/\/transportjournal.com\/it\/2026\/01\/26\/groupe-stef-nomina-nuovi-direttori-generali\/","og_locale":"it_IT","og_type":"article","og_title":"Groupe STEF nomina nuovi direttori generali - ITJ | International Transport Journal","og_description":"Groupe STEF ha ristrutturato la sua direzione aziendale nominando Damien Chapotot e Fran\u00e7ois Pinto come amministratori delegati operativi per promuovere la crescita e lo sviluppo internazionale.","og_url":"https:\/\/transportjournal.com\/it\/2026\/01\/26\/groupe-stef-nomina-nuovi-direttori-generali\/","og_site_name":"ITJ | International Transport Journal","article_published_time":"2026-01-26T09:52:22+00:00","og_image":[{"width":1755,"height":988,"url":"https:\/\/transportjournal.com\/wp-content\/uploads\/sites\/2\/2026\/01\/FRANCOIS-PINTO-\u00a9-OBOClandoeil.fr_.jpg-aspect-ratio-1400-788.webp","type":"image\/webp"}],"author":"Andreas Haug","twitter_card":"summary_large_image","twitter_misc":{"Scritto da":"Andreas Haug","Tempo di lettura stimato":"2 minuto"},"schema":{"@context":"https:\/\/schema.org","@graph":[{"@type":"Article","@id":"https:\/\/transportjournal.com\/it\/2026\/01\/26\/groupe-stef-nomina-nuovi-direttori-generali\/#article","isPartOf":{"@id":"https:\/\/transportjournal.com\/it\/2026\/01\/26\/groupe-stef-nomina-nuovi-direttori-generali\/"},"author":{"name":"Andreas Haug","@id":"https:\/\/transportjournal.com\/it\/#\/schema\/person\/cf538b3157f15afd7589245a4b3dbd25"},"headline":"Groupe STEF nomina nuovi direttori generali","datePublished":"2026-01-26T09:52:22+00:00","mainEntityOfPage":{"@id":"https:\/\/transportjournal.com\/it\/2026\/01\/26\/groupe-stef-nomina-nuovi-direttori-generali\/"},"wordCount":451,"commentCount":0,"publisher":{"@id":"https:\/\/transportjournal.com\/it\/#organization"},"image":{"@id":"https:\/\/transportjournal.com\/it\/2026\/01\/26\/groupe-stef-nomina-nuovi-direttori-generali\/#primaryimage"},"thumbnailUrl":"https:\/\/transportjournal.com\/wp-content\/uploads\/sites\/2\/2026\/01\/FRANCOIS-PINTO-\u00a9-OBOClandoeil.fr_.jpg-aspect-ratio-1400-788.webp","keywords":["acquisitions dans le transport","acquisitions in transport","Akquisitionen im Transport","corporate governance","Deutsch Groupe STEF","d\u00e9veloppement des infrastructures","d\u00e9veloppement des revenus","Digitalisierung in der Logistik","digitalization in logistics","directeurs op\u00e9rationnels","europ\u00e4ischer Markt","European market","expansion internationale","Fachkr\u00e4ftemangel","Frankreich Logistik","gouvernance d'entreprise","governance structure","Governance-Struktur","growth strategy","infrastructure development","Infrastrukturentwicklung","international expansion Fran\u00e7ais Groupe STEF","international strategy","internationale Expansion English Groupe STEF","internationale Strategie","logistics in France","logistique de colis","logistique durable","logistique en France","march\u00e9 europ\u00e9en","market share","Marktanteil","nachhaltige Logistik","neue Gesch\u00e4ftsf\u00fchrer","new managing directors","nouveaux directeurs g\u00e9n\u00e9raux","num\u00e9risation dans la logistique","operational directors","operative Gesch\u00e4ftsf\u00fchrer","Paketlogistik","parcel logistics","part de march\u00e9","p\u00e9nurie de comp\u00e9tences","rail freight transport","revenue development","Schieneng\u00fcterverkehr","secteur du transport et de la logistique","skills shortage","strat\u00e9gie de croissance","strat\u00e9gie internationale","structure de gouvernance","sustainable logistics","transport and logistics sector","transport ferroviaire de marchandises","Transport- und Logistiksektor","Umsatzentwicklung","Unternehmensf\u00fchrung","Wachstumskurs"],"articleSection":["Europa","Persone e aziende","Spedizioniere e Logistica"],"inLanguage":"it-IT","potentialAction":[{"@type":"CommentAction","name":"Comment","target":["https:\/\/transportjournal.com\/it\/2026\/01\/26\/groupe-stef-nomina-nuovi-direttori-generali\/#respond"]}]},{"@type":"WebPage","@id":"https:\/\/transportjournal.com\/it\/2026\/01\/26\/groupe-stef-nomina-nuovi-direttori-generali\/","url":"https:\/\/transportjournal.com\/it\/2026\/01\/26\/groupe-stef-nomina-nuovi-direttori-generali\/","name":"Groupe STEF nomina nuovi direttori generali - ITJ | International Transport Journal","isPartOf":{"@id":"https:\/\/transportjournal.com\/it\/#website"},"primaryImageOfPage":{"@id":"https:\/\/transportjournal.com\/it\/2026\/01\/26\/groupe-stef-nomina-nuovi-direttori-generali\/#primaryimage"},"image":{"@id":"https:\/\/transportjournal.com\/it\/2026\/01\/26\/groupe-stef-nomina-nuovi-direttori-generali\/#primaryimage"},"thumbnailUrl":"https:\/\/transportjournal.com\/wp-content\/uploads\/sites\/2\/2026\/01\/FRANCOIS-PINTO-\u00a9-OBOClandoeil.fr_.jpg-aspect-ratio-1400-788.webp","datePublished":"2026-01-26T09:52:22+00:00","breadcrumb":{"@id":"https:\/\/transportjournal.com\/it\/2026\/01\/26\/groupe-stef-nomina-nuovi-direttori-generali\/#breadcrumb"},"inLanguage":"it-IT","potentialAction":[{"@type":"ReadAction","target":["https:\/\/transportjournal.com\/it\/2026\/01\/26\/groupe-stef-nomina-nuovi-direttori-generali\/"]}]},{"@type":"ImageObject","inLanguage":"it-IT","@id":"https:\/\/transportjournal.com\/it\/2026\/01\/26\/groupe-stef-nomina-nuovi-direttori-generali\/#primaryimage","url":"https:\/\/transportjournal.com\/wp-content\/uploads\/sites\/2\/2026\/01\/FRANCOIS-PINTO-\u00a9-OBOClandoeil.fr_.jpg-aspect-ratio-1400-788.webp","contentUrl":"https:\/\/transportjournal.com\/wp-content\/uploads\/sites\/2\/2026\/01\/FRANCOIS-PINTO-\u00a9-OBOClandoeil.fr_.jpg-aspect-ratio-1400-788.webp","width":1755,"height":988},{"@type":"BreadcrumbList","@id":"https:\/\/transportjournal.com\/it\/2026\/01\/26\/groupe-stef-nomina-nuovi-direttori-generali\/#breadcrumb","itemListElement":[{"@type":"ListItem","position":1,"name":"Startseite","item":"https:\/\/transportjournal.com\/it\/"},{"@type":"ListItem","position":2,"name":"Groupe STEF nomina nuovi direttori generali"}]},{"@type":"WebSite","@id":"https:\/\/transportjournal.com\/it\/#website","url":"https:\/\/transportjournal.com\/it\/","name":"ITJ | International Transport Journal","description":"Stay informed with the latest global news from the transport, logistics, and supply chain industries. Transport Journal delivers expert insights, analysis, and updates across shipping, aviation, intermodal, and forwarding.","publisher":{"@id":"https:\/\/transportjournal.com\/it\/#organization"},"potentialAction":[{"@type":"SearchAction","target":{"@type":"EntryPoint","urlTemplate":"https:\/\/transportjournal.com\/it\/?s={search_term_string}"},"query-input":{"@type":"PropertyValueSpecification","valueRequired":true,"valueName":"search_term_string"}}],"inLanguage":"it-IT"},{"@type":"Organization","@id":"https:\/\/transportjournal.com\/it\/#organization","name":"Logismedia Group AG","alternateName":"Logismedia Group AG","url":"https:\/\/transportjournal.com\/it\/","logo":{"@type":"ImageObject","inLanguage":"it-IT","@id":"https:\/\/transportjournal.com\/it\/#\/schema\/logo\/image\/","url":"https:\/\/transportjournal.com\/wp-content\/uploads\/sites\/2\/2025\/09\/Logo_ITJ.png","contentUrl":"https:\/\/transportjournal.com\/wp-content\/uploads\/sites\/2\/2025\/09\/Logo_ITJ.png","width":799,"height":326,"caption":"Logismedia Group AG"},"image":{"@id":"https:\/\/transportjournal.com\/it\/#\/schema\/logo\/image\/"},"sameAs":["https:\/\/www.linkedin.com\/company\/56456496\/admin\/dashboard\/","https:\/\/www.instagram.com\/logismediagroup\/","https:\/\/www.youtube.com\/@LogiamediaGroupAG"]},{"@type":"Person","@id":"https:\/\/transportjournal.com\/it\/#\/schema\/person\/cf538b3157f15afd7589245a4b3dbd25","name":"Andreas Haug","url":"https:\/\/transportjournal.com\/it\/author\/andreas\/"}]}},"_links":{"self":[{"href":"https:\/\/transportjournal.com\/it\/wp-json\/wp\/v2\/posts\/74328","targetHints":{"allow":["GET"]}}],"collection":[{"href":"https:\/\/transportjournal.com\/it\/wp-json\/wp\/v2\/posts"}],"about":[{"href":"https:\/\/transportjournal.com\/it\/wp-json\/wp\/v2\/types\/post"}],"author":[{"embeddable":true,"href":"https:\/\/transportjournal.com\/it\/wp-json\/wp\/v2\/users\/12"}],"replies":[{"embeddable":true,"href":"https:\/\/transportjournal.com\/it\/wp-json\/wp\/v2\/comments?post=74328"}],"version-history":[{"count":0,"href":"https:\/\/transportjournal.com\/it\/wp-json\/wp\/v2\/posts\/74328\/revisions"}],"wp:featuredmedia":[{"embeddable":true,"href":"https:\/\/transportjournal.com\/it\/wp-json\/wp\/v2\/media\/74324"}],"wp:attachment":[{"href":"https:\/\/transportjournal.com\/it\/wp-json\/wp\/v2\/media?parent=74328"}],"wp:term":[{"taxonomy":"category","embeddable":true,"href":"https:\/\/transportjournal.com\/it\/wp-json\/wp\/v2\/categories?post=74328"},{"taxonomy":"post_tag","embeddable":true,"href":"https:\/\/transportjournal.com\/it\/wp-json\/wp\/v2\/tags?post=74328"}],"curies":[{"name":"wp","href":"https:\/\/api.w.org\/{rel}","templated":true}]}}