{"id":74313,"date":"2026-01-26T09:15:47","date_gmt":"2026-01-26T09:15:47","guid":{"rendered":"https:\/\/transportjournal.com\/2026\/01\/26\/lacune-nella-supply-chain\/"},"modified":"2026-01-26T10:55:31","modified_gmt":"2026-01-26T09:55:31","slug":"lacune-nella-supply-chain","status":"publish","type":"post","link":"https:\/\/transportjournal.com\/it\/2026\/01\/26\/lacune-nella-supply-chain\/","title":{"rendered":"Lacune nella Supply Chain"},"content":{"rendered":"<p>I risultati di un&#8217;indagine congiunta di ORTEC e JBF Consulting mostrano che nel settore della logistica e della gestione della supply chain esistono significative lacune strategiche e tecnologiche. L&#8217;indagine, che ha coinvolto oltre 3.000 professionisti di diversi settori, tra cui vendita al dettaglio, distribuzione all&#8217;ingrosso e produzione, evidenzia le sfide che le aziende devono affrontare entro il 2026, come riportato dalle stesse aziende.<\/p>\n<p>Secondo l&#8217;indagine, attualmente il 68% delle aziende utilizza una soluzione per il routing e la pianificazione (R&amp;S). Tuttavia, emerge un evidente &#8222;gap di soddisfazione&#8220; nel mercato. Solo il 10% degli intervistati ha dichiarato di essere &#8222;molto soddisfatto&#8220; del proprio fornitore attuale. Il 46% dei partecipanti si \u00e8 espresso in modo neutro, mentre il 20% \u00e8 insoddisfatto. I dati suggeriscono che quasi il 30% delle aziende mira a pianificazioni integrate per aree e programmi giornalieri nei prossimi tre anni. Inoltre, il 26% degli intervistati attribuisce importanza a stime predittive dei tempi di consegna.<\/p>\n<h3>Ottimizzazione come chiave per la soddisfazione<\/h3>\n<p>Tra le principali scoperte c&#8217;\u00e8 che il tasso di soddisfazione neutra del 46% \u00e8 visto come un invito a offrire uno standard di servizio pi\u00f9 elevato. ORTEC intende rivolgersi specificamente al 24% degli utenti che cercano adattamenti di percorso automatizzati e dinamici, per passare da &#8222;neutro&#8220; a &#8222;soddisfatto&#8220;. Inoltre, l&#8217;indagine mostra che la domanda di soluzioni tecnologiche \u00e8 in aumento. I dirigenti a livello C (9%) e a livello di direttore (36%) stanno spingendo sempre pi\u00f9 per l&#8217;adozione di nuove tecnologie. Pertanto, ORTEC si concentra su funzionalit\u00e0 come la pianificazione integrata di aree e giornate, che sono prioritarie per quasi il 30% degli intervistati.<\/p>\n<p><a href=\"https:\/\/ortec.com\/en-us\" target=\"_blank\" rel=\"noopener noreferrer\">www.ortec.com<\/a><\/p>\n","protected":false},"excerpt":{"rendered":"<p>Un sondaggio di ORTEC e JBF Consulting mostra che le aziende nella gestione della supply chain devono colmare lacune strategiche per aumentare la soddisfazione.<\/p>\n","protected":false},"author":10,"featured_media":74309,"comment_status":"open","ping_status":"open","sticky":false,"template":"","format":"standard","meta":{"_acf_changed":false,"footnotes":""},"categories":[1638,1628],"tags":[9160,9161,9162,9163,9164,9165,9166,9167,9168,9169,9170,2115,2116,9171,9172,9173,9174,9175,1889,9176,9177,9178,9179,2125,9180,9181,9182,2131,2133,2134,1831,2136,9183,9184,3157,9185,9186,9187,3602,9188,9189,9190,9191,2148,9192,9193,9194,9195,9196,9197,2237,7467,9198,9199,9200,2155,1837,9201,9202],"class_list":["post-74313","post","type-post","status-publish","format-standard","has-post-thumbnail","hentry","category-europa","category-intermodale-strada","tag-ajustements-de-route-automatises","tag-ameliorer-les-standards-de-service","tag-automated-route-adjustments","tag-automatisierte-routenanpassungen","tag-c-ebene-fuehrungskraefte","tag-c-level-executives","tag-cadres-de-niveau-c","tag-challenges-in-supply-chain-management","tag-daily-planning","tag-defis-de-la-gestion-de-la-chaine-dapprovisionnement","tag-deutsch-supply-chain","tag-digitalisierung-in-der-logistik","tag-digitalization-in-logistics","tag-distribution-en-gros","tag-ecart-de-satisfaction","tag-einzelhandel-logistik","tag-estimations-predictives","tag-fabrication-et-logistique","tag-fachkraeftemangel","tag-fertigung-und-logistik","tag-grosshandelsvertrieb","tag-herausforderungen-im-supply-chain-management","tag-improving-service-standards","tag-industrie-du-transport","tag-integrated-planning","tag-integrierte-planung","tag-lieferzeiten-optimieren-english-supply-chain","tag-logistics","tag-logistics-service-providers","tag-logistik","tag-logistikdienstleister","tag-logistique","tag-logistique-de-detail","tag-manufacturing-and-logistics","tag-numerisation-dans-la-logistique","tag-optimisation-des-delais-de-livraison","tag-optimizing-delivery-times-francais-supply-chain","tag-ortec","tag-penurie-de-competences","tag-planification-integree","tag-planification-quotidienne","tag-praediktive-schaetzungen","tag-predictive-estimates","tag-prestataires-de-services-logistiques","tag-retail-logistics","tag-routage-et-planification","tag-routing-and-planning","tag-routing-und-planung","tag-satisfaction-gap","tag-servicestandard-erhoehen","tag-skills-shortage","tag-solutions-technologiques","tag-tagesplanung","tag-technological-solutions","tag-technologische-loesungen","tag-transport-industry","tag-transportwirtschaft","tag-wholesale-distribution","tag-zufriedenheitsgap"],"acf":[],"yoast_head":"<!-- This site is optimized with the Yoast SEO plugin v27.3 - https:\/\/yoast.com\/product\/yoast-seo-wordpress\/ -->\n<title>Lacune nella Supply Chain - ITJ | International Transport Journal<\/title>\n<meta name=\"robots\" content=\"index, follow, max-snippet:-1, max-image-preview:large, max-video-preview:-1\" \/>\n<link rel=\"canonical\" href=\"https:\/\/transportjournal.com\/it\/2026\/01\/26\/lacune-nella-supply-chain\/\" \/>\n<meta property=\"og:locale\" content=\"it_IT\" \/>\n<meta property=\"og:type\" content=\"article\" \/>\n<meta property=\"og:title\" content=\"Lacune nella Supply Chain - ITJ | International Transport Journal\" \/>\n<meta property=\"og:description\" content=\"Un sondaggio di ORTEC e JBF Consulting mostra che le aziende nella gestione della supply chain devono colmare lacune strategiche per aumentare la soddisfazione.\" \/>\n<meta property=\"og:url\" content=\"https:\/\/transportjournal.com\/it\/2026\/01\/26\/lacune-nella-supply-chain\/\" \/>\n<meta property=\"og:site_name\" content=\"ITJ | International Transport Journal\" \/>\n<meta property=\"article:published_time\" content=\"2026-01-26T09:15:47+00:00\" \/>\n<meta property=\"article:modified_time\" content=\"2026-01-26T09:55:31+00:00\" \/>\n<meta property=\"og:image\" content=\"https:\/\/transportjournal.com\/wp-content\/uploads\/sites\/2\/2026\/01\/AdobeStock_1493918974-4-scaled-aspect-ratio-1400-788-scaled-1.jpeg\" \/>\n\t<meta property=\"og:image:width\" content=\"2560\" \/>\n\t<meta property=\"og:image:height\" content=\"1441\" \/>\n\t<meta property=\"og:image:type\" content=\"image\/jpeg\" \/>\n<meta name=\"author\" content=\"Jeremy Soland\" \/>\n<meta name=\"twitter:card\" content=\"summary_large_image\" \/>\n<meta name=\"twitter:label1\" content=\"Scritto da\" \/>\n\t<meta name=\"twitter:data1\" content=\"Jeremy Soland\" \/>\n\t<meta name=\"twitter:label2\" content=\"Tempo di lettura stimato\" \/>\n\t<meta name=\"twitter:data2\" content=\"1 minuto\" \/>\n<script type=\"application\/ld+json\" class=\"yoast-schema-graph\">{\"@context\":\"https:\\\/\\\/schema.org\",\"@graph\":[{\"@type\":\"Article\",\"@id\":\"https:\\\/\\\/transportjournal.com\\\/it\\\/2026\\\/01\\\/26\\\/lacune-nella-supply-chain\\\/#article\",\"isPartOf\":{\"@id\":\"https:\\\/\\\/transportjournal.com\\\/it\\\/2026\\\/01\\\/26\\\/lacune-nella-supply-chain\\\/\"},\"author\":{\"name\":\"Jeremy Soland\",\"@id\":\"https:\\\/\\\/transportjournal.com\\\/it\\\/#\\\/schema\\\/person\\\/41d36b5474b623392fa613e97e2363fa\"},\"headline\":\"Lacune nella Supply Chain\",\"datePublished\":\"2026-01-26T09:15:47+00:00\",\"dateModified\":\"2026-01-26T09:55:31+00:00\",\"mainEntityOfPage\":{\"@id\":\"https:\\\/\\\/transportjournal.com\\\/it\\\/2026\\\/01\\\/26\\\/lacune-nella-supply-chain\\\/\"},\"wordCount\":263,\"commentCount\":0,\"publisher\":{\"@id\":\"https:\\\/\\\/transportjournal.com\\\/it\\\/#organization\"},\"image\":{\"@id\":\"https:\\\/\\\/transportjournal.com\\\/it\\\/2026\\\/01\\\/26\\\/lacune-nella-supply-chain\\\/#primaryimage\"},\"thumbnailUrl\":\"https:\\\/\\\/transportjournal.com\\\/wp-content\\\/uploads\\\/sites\\\/2\\\/2026\\\/01\\\/AdobeStock_1493918974-4-scaled-aspect-ratio-1400-788-scaled-1.jpeg\",\"keywords\":[\"ajustements de route automatis\u00e9s\",\"am\u00e9liorer les standards de service\",\"automated route adjustments\",\"automatisierte Routenanpassungen\",\"C-Ebene F\u00fchrungskr\u00e4fte\",\"C-level executives\",\"cadres de niveau C\",\"challenges in supply chain management\",\"daily planning\",\"d\u00e9fis de la gestion de la cha\u00eene d'approvisionnement\",\"Deutsch Supply Chain\",\"Digitalisierung in der Logistik\",\"digitalization in logistics\",\"distribution en gros\",\"\u00e9cart de satisfaction\",\"Einzelhandel Logistik\",\"estimations pr\u00e9dictives\",\"fabrication et logistique\",\"Fachkr\u00e4ftemangel\",\"Fertigung und Logistik\",\"Grosshandelsvertrieb\",\"Herausforderungen im Supply Chain Management\",\"improving service standards\",\"industrie du transport\",\"integrated planning\",\"integrierte Planung\",\"Lieferzeiten optimieren English Supply Chain\",\"logistics\",\"logistics service providers\",\"Logistik\",\"Logistikdienstleister\",\"logistique\",\"logistique de d\u00e9tail\",\"manufacturing and logistics\",\"num\u00e9risation dans la logistique\",\"optimisation des d\u00e9lais de livraison\",\"optimizing delivery times Fran\u00e7ais Supply Chain\",\"ORTEC\",\"p\u00e9nurie de comp\u00e9tences\",\"planification int\u00e9gr\u00e9e\",\"planification quotidienne\",\"pr\u00e4diktive Sch\u00e4tzungen\",\"predictive estimates\",\"prestataires de services logistiques\",\"retail logistics\",\"routage et planification\",\"routing and planning\",\"Routing und Planung\",\"satisfaction gap\",\"Servicestandard erh\u00f6hen\",\"skills shortage\",\"solutions technologiques\",\"Tagesplanung\",\"technological solutions\",\"technologische L\u00f6sungen\",\"transport industry\",\"Transportwirtschaft\",\"wholesale distribution\",\"Zufriedenheitsgap\"],\"articleSection\":[\"Europa\",\"Intermodale \\\/ Strada\"],\"inLanguage\":\"it-IT\",\"potentialAction\":[{\"@type\":\"CommentAction\",\"name\":\"Comment\",\"target\":[\"https:\\\/\\\/transportjournal.com\\\/it\\\/2026\\\/01\\\/26\\\/lacune-nella-supply-chain\\\/#respond\"]}]},{\"@type\":\"WebPage\",\"@id\":\"https:\\\/\\\/transportjournal.com\\\/it\\\/2026\\\/01\\\/26\\\/lacune-nella-supply-chain\\\/\",\"url\":\"https:\\\/\\\/transportjournal.com\\\/it\\\/2026\\\/01\\\/26\\\/lacune-nella-supply-chain\\\/\",\"name\":\"Lacune nella Supply Chain - ITJ | International Transport Journal\",\"isPartOf\":{\"@id\":\"https:\\\/\\\/transportjournal.com\\\/it\\\/#website\"},\"primaryImageOfPage\":{\"@id\":\"https:\\\/\\\/transportjournal.com\\\/it\\\/2026\\\/01\\\/26\\\/lacune-nella-supply-chain\\\/#primaryimage\"},\"image\":{\"@id\":\"https:\\\/\\\/transportjournal.com\\\/it\\\/2026\\\/01\\\/26\\\/lacune-nella-supply-chain\\\/#primaryimage\"},\"thumbnailUrl\":\"https:\\\/\\\/transportjournal.com\\\/wp-content\\\/uploads\\\/sites\\\/2\\\/2026\\\/01\\\/AdobeStock_1493918974-4-scaled-aspect-ratio-1400-788-scaled-1.jpeg\",\"datePublished\":\"2026-01-26T09:15:47+00:00\",\"dateModified\":\"2026-01-26T09:55:31+00:00\",\"breadcrumb\":{\"@id\":\"https:\\\/\\\/transportjournal.com\\\/it\\\/2026\\\/01\\\/26\\\/lacune-nella-supply-chain\\\/#breadcrumb\"},\"inLanguage\":\"it-IT\",\"potentialAction\":[{\"@type\":\"ReadAction\",\"target\":[\"https:\\\/\\\/transportjournal.com\\\/it\\\/2026\\\/01\\\/26\\\/lacune-nella-supply-chain\\\/\"]}]},{\"@type\":\"ImageObject\",\"inLanguage\":\"it-IT\",\"@id\":\"https:\\\/\\\/transportjournal.com\\\/it\\\/2026\\\/01\\\/26\\\/lacune-nella-supply-chain\\\/#primaryimage\",\"url\":\"https:\\\/\\\/transportjournal.com\\\/wp-content\\\/uploads\\\/sites\\\/2\\\/2026\\\/01\\\/AdobeStock_1493918974-4-scaled-aspect-ratio-1400-788-scaled-1.jpeg\",\"contentUrl\":\"https:\\\/\\\/transportjournal.com\\\/wp-content\\\/uploads\\\/sites\\\/2\\\/2026\\\/01\\\/AdobeStock_1493918974-4-scaled-aspect-ratio-1400-788-scaled-1.jpeg\",\"width\":2560,\"height\":1441},{\"@type\":\"BreadcrumbList\",\"@id\":\"https:\\\/\\\/transportjournal.com\\\/it\\\/2026\\\/01\\\/26\\\/lacune-nella-supply-chain\\\/#breadcrumb\",\"itemListElement\":[{\"@type\":\"ListItem\",\"position\":1,\"name\":\"Startseite\",\"item\":\"https:\\\/\\\/transportjournal.com\\\/it\\\/\"},{\"@type\":\"ListItem\",\"position\":2,\"name\":\"Lacune nella Supply Chain\"}]},{\"@type\":\"WebSite\",\"@id\":\"https:\\\/\\\/transportjournal.com\\\/it\\\/#website\",\"url\":\"https:\\\/\\\/transportjournal.com\\\/it\\\/\",\"name\":\"ITJ | International Transport Journal\",\"description\":\"Stay informed with the latest global news from the transport, logistics, and supply chain industries. Transport Journal delivers expert insights, analysis, and updates across shipping, aviation, intermodal, and forwarding.\",\"publisher\":{\"@id\":\"https:\\\/\\\/transportjournal.com\\\/it\\\/#organization\"},\"potentialAction\":[{\"@type\":\"SearchAction\",\"target\":{\"@type\":\"EntryPoint\",\"urlTemplate\":\"https:\\\/\\\/transportjournal.com\\\/it\\\/?s={search_term_string}\"},\"query-input\":{\"@type\":\"PropertyValueSpecification\",\"valueRequired\":true,\"valueName\":\"search_term_string\"}}],\"inLanguage\":\"it-IT\"},{\"@type\":\"Organization\",\"@id\":\"https:\\\/\\\/transportjournal.com\\\/it\\\/#organization\",\"name\":\"Logismedia Group AG\",\"alternateName\":\"Logismedia Group AG\",\"url\":\"https:\\\/\\\/transportjournal.com\\\/it\\\/\",\"logo\":{\"@type\":\"ImageObject\",\"inLanguage\":\"it-IT\",\"@id\":\"https:\\\/\\\/transportjournal.com\\\/it\\\/#\\\/schema\\\/logo\\\/image\\\/\",\"url\":\"https:\\\/\\\/transportjournal.com\\\/wp-content\\\/uploads\\\/sites\\\/2\\\/2025\\\/09\\\/Logo_ITJ.png\",\"contentUrl\":\"https:\\\/\\\/transportjournal.com\\\/wp-content\\\/uploads\\\/sites\\\/2\\\/2025\\\/09\\\/Logo_ITJ.png\",\"width\":799,\"height\":326,\"caption\":\"Logismedia Group AG\"},\"image\":{\"@id\":\"https:\\\/\\\/transportjournal.com\\\/it\\\/#\\\/schema\\\/logo\\\/image\\\/\"},\"sameAs\":[\"https:\\\/\\\/www.linkedin.com\\\/company\\\/56456496\\\/admin\\\/dashboard\\\/\",\"https:\\\/\\\/www.instagram.com\\\/logismediagroup\\\/\",\"https:\\\/\\\/www.youtube.com\\\/@LogiamediaGroupAG\"]},{\"@type\":\"Person\",\"@id\":\"https:\\\/\\\/transportjournal.com\\\/it\\\/#\\\/schema\\\/person\\\/41d36b5474b623392fa613e97e2363fa\",\"name\":\"Jeremy Soland\",\"url\":\"https:\\\/\\\/transportjournal.com\\\/it\\\/author\\\/jeremy\\\/\"}]}<\/script>\n<!-- \/ Yoast SEO plugin. -->","yoast_head_json":{"title":"Lacune nella Supply Chain - ITJ | International Transport Journal","robots":{"index":"index","follow":"follow","max-snippet":"max-snippet:-1","max-image-preview":"max-image-preview:large","max-video-preview":"max-video-preview:-1"},"canonical":"https:\/\/transportjournal.com\/it\/2026\/01\/26\/lacune-nella-supply-chain\/","og_locale":"it_IT","og_type":"article","og_title":"Lacune nella Supply Chain - ITJ | International Transport Journal","og_description":"Un sondaggio di ORTEC e JBF Consulting mostra che le aziende nella gestione della supply chain devono colmare lacune strategiche per aumentare la soddisfazione.","og_url":"https:\/\/transportjournal.com\/it\/2026\/01\/26\/lacune-nella-supply-chain\/","og_site_name":"ITJ | International Transport Journal","article_published_time":"2026-01-26T09:15:47+00:00","article_modified_time":"2026-01-26T09:55:31+00:00","og_image":[{"width":2560,"height":1441,"url":"https:\/\/transportjournal.com\/wp-content\/uploads\/sites\/2\/2026\/01\/AdobeStock_1493918974-4-scaled-aspect-ratio-1400-788-scaled-1.jpeg","type":"image\/jpeg"}],"author":"Jeremy Soland","twitter_card":"summary_large_image","twitter_misc":{"Scritto da":"Jeremy Soland","Tempo di lettura stimato":"1 minuto"},"schema":{"@context":"https:\/\/schema.org","@graph":[{"@type":"Article","@id":"https:\/\/transportjournal.com\/it\/2026\/01\/26\/lacune-nella-supply-chain\/#article","isPartOf":{"@id":"https:\/\/transportjournal.com\/it\/2026\/01\/26\/lacune-nella-supply-chain\/"},"author":{"name":"Jeremy Soland","@id":"https:\/\/transportjournal.com\/it\/#\/schema\/person\/41d36b5474b623392fa613e97e2363fa"},"headline":"Lacune nella Supply Chain","datePublished":"2026-01-26T09:15:47+00:00","dateModified":"2026-01-26T09:55:31+00:00","mainEntityOfPage":{"@id":"https:\/\/transportjournal.com\/it\/2026\/01\/26\/lacune-nella-supply-chain\/"},"wordCount":263,"commentCount":0,"publisher":{"@id":"https:\/\/transportjournal.com\/it\/#organization"},"image":{"@id":"https:\/\/transportjournal.com\/it\/2026\/01\/26\/lacune-nella-supply-chain\/#primaryimage"},"thumbnailUrl":"https:\/\/transportjournal.com\/wp-content\/uploads\/sites\/2\/2026\/01\/AdobeStock_1493918974-4-scaled-aspect-ratio-1400-788-scaled-1.jpeg","keywords":["ajustements de route automatis\u00e9s","am\u00e9liorer les standards de service","automated route adjustments","automatisierte Routenanpassungen","C-Ebene F\u00fchrungskr\u00e4fte","C-level executives","cadres de niveau C","challenges in supply chain management","daily planning","d\u00e9fis de la gestion de la cha\u00eene d'approvisionnement","Deutsch Supply Chain","Digitalisierung in der Logistik","digitalization in logistics","distribution en gros","\u00e9cart de satisfaction","Einzelhandel Logistik","estimations pr\u00e9dictives","fabrication et logistique","Fachkr\u00e4ftemangel","Fertigung und Logistik","Grosshandelsvertrieb","Herausforderungen im Supply Chain Management","improving service standards","industrie du transport","integrated planning","integrierte Planung","Lieferzeiten optimieren English Supply Chain","logistics","logistics service providers","Logistik","Logistikdienstleister","logistique","logistique de d\u00e9tail","manufacturing and logistics","num\u00e9risation dans la logistique","optimisation des d\u00e9lais de livraison","optimizing delivery times Fran\u00e7ais Supply Chain","ORTEC","p\u00e9nurie de comp\u00e9tences","planification int\u00e9gr\u00e9e","planification quotidienne","pr\u00e4diktive Sch\u00e4tzungen","predictive estimates","prestataires de services logistiques","retail logistics","routage et planification","routing and planning","Routing und Planung","satisfaction gap","Servicestandard erh\u00f6hen","skills shortage","solutions technologiques","Tagesplanung","technological solutions","technologische L\u00f6sungen","transport industry","Transportwirtschaft","wholesale distribution","Zufriedenheitsgap"],"articleSection":["Europa","Intermodale \/ Strada"],"inLanguage":"it-IT","potentialAction":[{"@type":"CommentAction","name":"Comment","target":["https:\/\/transportjournal.com\/it\/2026\/01\/26\/lacune-nella-supply-chain\/#respond"]}]},{"@type":"WebPage","@id":"https:\/\/transportjournal.com\/it\/2026\/01\/26\/lacune-nella-supply-chain\/","url":"https:\/\/transportjournal.com\/it\/2026\/01\/26\/lacune-nella-supply-chain\/","name":"Lacune nella Supply Chain - ITJ | International Transport Journal","isPartOf":{"@id":"https:\/\/transportjournal.com\/it\/#website"},"primaryImageOfPage":{"@id":"https:\/\/transportjournal.com\/it\/2026\/01\/26\/lacune-nella-supply-chain\/#primaryimage"},"image":{"@id":"https:\/\/transportjournal.com\/it\/2026\/01\/26\/lacune-nella-supply-chain\/#primaryimage"},"thumbnailUrl":"https:\/\/transportjournal.com\/wp-content\/uploads\/sites\/2\/2026\/01\/AdobeStock_1493918974-4-scaled-aspect-ratio-1400-788-scaled-1.jpeg","datePublished":"2026-01-26T09:15:47+00:00","dateModified":"2026-01-26T09:55:31+00:00","breadcrumb":{"@id":"https:\/\/transportjournal.com\/it\/2026\/01\/26\/lacune-nella-supply-chain\/#breadcrumb"},"inLanguage":"it-IT","potentialAction":[{"@type":"ReadAction","target":["https:\/\/transportjournal.com\/it\/2026\/01\/26\/lacune-nella-supply-chain\/"]}]},{"@type":"ImageObject","inLanguage":"it-IT","@id":"https:\/\/transportjournal.com\/it\/2026\/01\/26\/lacune-nella-supply-chain\/#primaryimage","url":"https:\/\/transportjournal.com\/wp-content\/uploads\/sites\/2\/2026\/01\/AdobeStock_1493918974-4-scaled-aspect-ratio-1400-788-scaled-1.jpeg","contentUrl":"https:\/\/transportjournal.com\/wp-content\/uploads\/sites\/2\/2026\/01\/AdobeStock_1493918974-4-scaled-aspect-ratio-1400-788-scaled-1.jpeg","width":2560,"height":1441},{"@type":"BreadcrumbList","@id":"https:\/\/transportjournal.com\/it\/2026\/01\/26\/lacune-nella-supply-chain\/#breadcrumb","itemListElement":[{"@type":"ListItem","position":1,"name":"Startseite","item":"https:\/\/transportjournal.com\/it\/"},{"@type":"ListItem","position":2,"name":"Lacune nella Supply Chain"}]},{"@type":"WebSite","@id":"https:\/\/transportjournal.com\/it\/#website","url":"https:\/\/transportjournal.com\/it\/","name":"ITJ | International Transport Journal","description":"Stay informed with the latest global news from the transport, logistics, and supply chain industries. Transport Journal delivers expert insights, analysis, and updates across shipping, aviation, intermodal, and forwarding.","publisher":{"@id":"https:\/\/transportjournal.com\/it\/#organization"},"potentialAction":[{"@type":"SearchAction","target":{"@type":"EntryPoint","urlTemplate":"https:\/\/transportjournal.com\/it\/?s={search_term_string}"},"query-input":{"@type":"PropertyValueSpecification","valueRequired":true,"valueName":"search_term_string"}}],"inLanguage":"it-IT"},{"@type":"Organization","@id":"https:\/\/transportjournal.com\/it\/#organization","name":"Logismedia Group AG","alternateName":"Logismedia Group AG","url":"https:\/\/transportjournal.com\/it\/","logo":{"@type":"ImageObject","inLanguage":"it-IT","@id":"https:\/\/transportjournal.com\/it\/#\/schema\/logo\/image\/","url":"https:\/\/transportjournal.com\/wp-content\/uploads\/sites\/2\/2025\/09\/Logo_ITJ.png","contentUrl":"https:\/\/transportjournal.com\/wp-content\/uploads\/sites\/2\/2025\/09\/Logo_ITJ.png","width":799,"height":326,"caption":"Logismedia Group AG"},"image":{"@id":"https:\/\/transportjournal.com\/it\/#\/schema\/logo\/image\/"},"sameAs":["https:\/\/www.linkedin.com\/company\/56456496\/admin\/dashboard\/","https:\/\/www.instagram.com\/logismediagroup\/","https:\/\/www.youtube.com\/@LogiamediaGroupAG"]},{"@type":"Person","@id":"https:\/\/transportjournal.com\/it\/#\/schema\/person\/41d36b5474b623392fa613e97e2363fa","name":"Jeremy Soland","url":"https:\/\/transportjournal.com\/it\/author\/jeremy\/"}]}},"_links":{"self":[{"href":"https:\/\/transportjournal.com\/it\/wp-json\/wp\/v2\/posts\/74313","targetHints":{"allow":["GET"]}}],"collection":[{"href":"https:\/\/transportjournal.com\/it\/wp-json\/wp\/v2\/posts"}],"about":[{"href":"https:\/\/transportjournal.com\/it\/wp-json\/wp\/v2\/types\/post"}],"author":[{"embeddable":true,"href":"https:\/\/transportjournal.com\/it\/wp-json\/wp\/v2\/users\/10"}],"replies":[{"embeddable":true,"href":"https:\/\/transportjournal.com\/it\/wp-json\/wp\/v2\/comments?post=74313"}],"version-history":[{"count":1,"href":"https:\/\/transportjournal.com\/it\/wp-json\/wp\/v2\/posts\/74313\/revisions"}],"predecessor-version":[{"id":74320,"href":"https:\/\/transportjournal.com\/it\/wp-json\/wp\/v2\/posts\/74313\/revisions\/74320"}],"wp:featuredmedia":[{"embeddable":true,"href":"https:\/\/transportjournal.com\/it\/wp-json\/wp\/v2\/media\/74309"}],"wp:attachment":[{"href":"https:\/\/transportjournal.com\/it\/wp-json\/wp\/v2\/media?parent=74313"}],"wp:term":[{"taxonomy":"category","embeddable":true,"href":"https:\/\/transportjournal.com\/it\/wp-json\/wp\/v2\/categories?post=74313"},{"taxonomy":"post_tag","embeddable":true,"href":"https:\/\/transportjournal.com\/it\/wp-json\/wp\/v2\/tags?post=74313"}],"curies":[{"name":"wp","href":"https:\/\/api.w.org\/{rel}","templated":true}]}}