{"id":74251,"date":"2026-01-23T15:03:25","date_gmt":"2026-01-23T15:03:25","guid":{"rendered":"https:\/\/transportjournal.com\/2026\/01\/23\/emirates-skycargo-permanent-su-lgg\/"},"modified":"2026-01-23T15:03:25","modified_gmt":"2026-01-23T15:03:25","slug":"emirates-skycargo-permanent-su-lgg","status":"publish","type":"post","link":"https:\/\/transportjournal.com\/it\/2026\/01\/23\/emirates-skycargo-permanent-su-lgg\/","title":{"rendered":"Emirates SkyCargo permanent su LGG"},"content":{"rendered":"<p>Emirates SkyCargo ha incluso l&#8217;aeroporto belga di Liegi (LGG) nella sua rete di voli cargo. Questa \u00e8 la prima nuova destinazione per il 2026, con l&#8217;azienda che prevede di espandersi significativamente nel corso dell&#8217;anno. La decisione segue una domanda costante, soddisfatta negli ultimi anni tramite servizi ad hoc.<\/p>\n<p>L&#8217;aeroporto di Liegi si trova in una posizione strategica nel cosiddetto &#8222;triangolo d&#8217;oro&#8220; tra Amsterdam, Parigi e Francoforte ed \u00e8 diventato uno dei centri di cargo in pi\u00f9 rapida crescita al mondo. Nel 2025, l&#8217;aeroporto ha registrato un aumento del volume di merci del 14%. Emirates SkyCargo aveva gi\u00e0 servito Liegi in passato con voli cargo ad hoc (foto), per trasportare prodotti specializzati come fiori freschi e pacchi di e-commerce. Inoltre, sono stati offerti voli charter speciali per cavalli destinati a competizioni internazionali. Con la nuova connessione regolare, la capacit\u00e0 di carico disponibile aumenter\u00e0 di 500 t a settimana.<\/p>\n<h3>Espansione dell&#8217;offerta cargo<\/h3>\n<p>Dei cinque voli cargo settimanali, tre collegheranno Liegi con l&#8217;O&#8217;Hare International Airport di Chicago e l&#8217;Al Maktoum International Airport di Dubai. Questi voli sono progettati per trasportare farmaci sensibili alla temperatura attraverso una catena del freddo continua. Gli altri due voli partono da Hong Kong e trasportano spedizioni di e-commerce verso e attraverso Liegi.<\/p>\n<p>Khawla Abdulla, Vice President of Cargo Commercial per l&#8217;Europa di Emirates SkyCargo, ha dichiarato: &#8222;L&#8217;inclusione di Liegi nella nostra rete di voli cargo \u00e8 un passo strategico che rafforza la nostra presenza in Europa e offre maggiore connettivit\u00e0 ai nostri clienti globali.&#8220; Nel 2025, sono state trasportate oltre 15.000 t di merci dal Belgio, sia tramite voli cargo che attraverso la capacit\u00e0 bellyhold dei voli passeggeri verso Bruxelles. Abdulla prevede una crescita significativa con l&#8217;introduzione dei cinque voli cargo settimanali.<\/p>\n<p>Torsten Wefers, Vice President Sales and Marketing dell&#8217;aeroporto di Liegi, ha espresso anch&#8217;esso un parere positivo sulla nuova connessione: &#8222;Siamo onorati che Emirates SkyCargo abbia incluso l&#8217;aeroporto di Liegi nella sua rete globale di voli cargo. I nuovi servizi regolari collegano Liegi con altri importanti aeroporti globali, incluso l&#8217;hub di Dubai di Emirates SkyCargo.&#8220; Wefers ha sottolineato l&#8217;importanza crescente dell&#8217;aeroporto per l&#8217;industria europea del cargo aereo e il rafforzamento della sua posizione &#8222;come il pi\u00f9 grande hub cargo europeo con un focus su farmaci, prodotti freschi, animali vivi e consegne espresse.&#8220;<\/p>\n<p>Emirates SkyCargo serve l&#8217;Europa con 38 aerei cargo e 538 voli passeggeri a settimana. L&#8217;azienda prevede di espandere ulteriormente la sua copertura, anche attraverso l&#8217;annuncio di voli passeggeri per Helsinki, che dovrebbero iniziare nell&#8217;ottobre 2026. Con la consegna di fino a dieci nuovi Boeing 777F entro dicembre 2026, Emirates SkyCargo sar\u00e0 in grado di espandere la sua rete e servire ulteriori destinazioni con il suo prodotto e servizio.<\/p>\n<p>&nbsp;<\/p>\n<p><a href=\"https:\/\/www.skycargo.com\/\" target=\"_blank\" rel=\"noopener noreferrer\">www.skycargo.com<\/a><\/p>\n<p>&nbsp;<\/p>\n","protected":false},"excerpt":{"rendered":"<p>Emirates SkyCargo espande la sua rete di voli cargo a Liegi in Belgio per soddisfare la crescente domanda e aumentare significativamente la capacit\u00e0 di carico.<\/p>\n","protected":false},"author":12,"featured_media":74247,"comment_status":"open","ping_status":"open","sticky":false,"template":"","format":"standard","meta":{"_acf_changed":false,"footnotes":""},"categories":[1638,1640,1630],"tags":[9066,9067,7017,2648,2252,2794,5507,9068,5285,9069,9070,2800,9071,9072,9073,5289,9074,9075,2810,5291,9076,9077,5293,2655,9078,9079,9080,2817,2277,9081,9082,2045,9083,1962,2634,9084,9085,9086,9087,9088,7052,9089,9090,9091,5311],"class_list":["post-74251","post","type-post","status-publish","format-standard","has-post-thumbnail","hentry","category-europa","category-medio-oriente","category-trasporto-aereo","tag-ad-hoc-cargo-flights","tag-ad-hoc-frachtfluege","tag-aeroport-de-liege","tag-air-freight","tag-air-freight-industry","tag-augmenter-la-capacite-de-fret","tag-avions-cargo","tag-cargo-aircraft-francais-emirates-skycargo","tag-cargo-flights","tag-cargo-network-europe","tag-competitions-internationales","tag-deutsch-emirates-skycargo","tag-e-commerce-shipments","tag-e-commerce-pakete","tag-envois-e-commerce","tag-frachtfluege","tag-frachtflugnetz-europa","tag-frachtflugzeuge-english-emirates-skycargo","tag-frachtkapazitaet-erhoehen","tag-frachtvolumen-2025","tag-frachtzentrum-belgien","tag-freight-hub-belgium","tag-freight-volume-2025","tag-fret-aerien","tag-golden-triangle","tag-goldenes-dreieck","tag-hub-de-fret-belgique","tag-increase-cargo-capacity","tag-industrie-du-fret-aerien","tag-international-competitions","tag-internationale-wettbewerbe","tag-liege-airport","tag-logistique-sous-temperature-controlee","tag-luftfracht","tag-luftfrachtindustrie","tag-pharmaceuticals-transport","tag-pharmazeutika-transport","tag-reseau-de-fret-europe","tag-temperature-controlled-logistics","tag-temperaturkontrollierte-logistik","tag-transport-de-produits-pharmaceutiques","tag-triangle-dor","tag-vols-cargo","tag-vols-cargo-ad-hoc","tag-volume-de-fret-2025"],"acf":[],"yoast_head":"<!-- This site is optimized with the Yoast SEO plugin v27.3 - https:\/\/yoast.com\/product\/yoast-seo-wordpress\/ -->\n<title>Emirates SkyCargo permanent su LGG - ITJ | International Transport Journal<\/title>\n<meta name=\"robots\" content=\"index, follow, max-snippet:-1, max-image-preview:large, max-video-preview:-1\" \/>\n<link rel=\"canonical\" href=\"https:\/\/transportjournal.com\/it\/2026\/01\/23\/emirates-skycargo-permanent-su-lgg\/\" \/>\n<meta property=\"og:locale\" content=\"it_IT\" \/>\n<meta property=\"og:type\" content=\"article\" \/>\n<meta property=\"og:title\" content=\"Emirates SkyCargo permanent su LGG - ITJ | International Transport Journal\" \/>\n<meta property=\"og:description\" content=\"Emirates SkyCargo espande la sua rete di voli cargo a Liegi in Belgio per soddisfare la crescente domanda e aumentare significativamente la capacit\u00e0 di carico.\" \/>\n<meta property=\"og:url\" content=\"https:\/\/transportjournal.com\/it\/2026\/01\/23\/emirates-skycargo-permanent-su-lgg\/\" \/>\n<meta property=\"og:site_name\" content=\"ITJ | International Transport Journal\" \/>\n<meta property=\"article:published_time\" content=\"2026-01-23T15:03:25+00:00\" \/>\n<meta property=\"og:image\" content=\"https:\/\/transportjournal.com\/wp-content\/uploads\/sites\/2\/2026\/01\/LGG-Emirates-SkyCargo-556513928_31392595357051186_6402906136866486571_n-aspect-ratio-1400-788.jpg\" \/>\n\t<meta property=\"og:image:width\" content=\"2048\" \/>\n\t<meta property=\"og:image:height\" content=\"1153\" \/>\n\t<meta property=\"og:image:type\" content=\"image\/jpeg\" \/>\n<meta name=\"author\" content=\"Andreas Haug\" \/>\n<meta name=\"twitter:card\" content=\"summary_large_image\" \/>\n<meta name=\"twitter:label1\" content=\"Scritto da\" \/>\n\t<meta name=\"twitter:data1\" content=\"Andreas Haug\" \/>\n\t<meta name=\"twitter:label2\" content=\"Tempo di lettura stimato\" \/>\n\t<meta name=\"twitter:data2\" content=\"2 minuto\" \/>\n<script type=\"application\/ld+json\" class=\"yoast-schema-graph\">{\"@context\":\"https:\\\/\\\/schema.org\",\"@graph\":[{\"@type\":\"Article\",\"@id\":\"https:\\\/\\\/transportjournal.com\\\/it\\\/2026\\\/01\\\/23\\\/emirates-skycargo-permanent-su-lgg\\\/#article\",\"isPartOf\":{\"@id\":\"https:\\\/\\\/transportjournal.com\\\/it\\\/2026\\\/01\\\/23\\\/emirates-skycargo-permanent-su-lgg\\\/\"},\"author\":{\"name\":\"Andreas Haug\",\"@id\":\"https:\\\/\\\/transportjournal.com\\\/it\\\/#\\\/schema\\\/person\\\/cf538b3157f15afd7589245a4b3dbd25\"},\"headline\":\"Emirates SkyCargo permanent su LGG\",\"datePublished\":\"2026-01-23T15:03:25+00:00\",\"mainEntityOfPage\":{\"@id\":\"https:\\\/\\\/transportjournal.com\\\/it\\\/2026\\\/01\\\/23\\\/emirates-skycargo-permanent-su-lgg\\\/\"},\"wordCount\":464,\"commentCount\":0,\"publisher\":{\"@id\":\"https:\\\/\\\/transportjournal.com\\\/it\\\/#organization\"},\"image\":{\"@id\":\"https:\\\/\\\/transportjournal.com\\\/it\\\/2026\\\/01\\\/23\\\/emirates-skycargo-permanent-su-lgg\\\/#primaryimage\"},\"thumbnailUrl\":\"https:\\\/\\\/transportjournal.com\\\/wp-content\\\/uploads\\\/sites\\\/2\\\/2026\\\/01\\\/LGG-Emirates-SkyCargo-556513928_31392595357051186_6402906136866486571_n-aspect-ratio-1400-788.jpg\",\"keywords\":[\"ad-hoc cargo flights\",\"Ad-hoc-Frachtfl\u00fcge\",\"a\u00e9roport de Li\u00e8ge\",\"air freight\",\"air freight industry\",\"augmenter la capacit\u00e9 de fret\",\"avions cargo\",\"cargo aircraft Fran\u00e7ais Emirates SkyCargo\",\"cargo flights\",\"cargo network Europe\",\"comp\u00e9titions internationales\",\"Deutsch Emirates SkyCargo\",\"e-commerce shipments\",\"E-Commerce-Pakete\",\"envois e-commerce\",\"Frachtfl\u00fcge\",\"Frachtflugnetz Europa\",\"Frachtflugzeuge English Emirates SkyCargo\",\"Frachtkapazit\u00e4t erh\u00f6hen\",\"Frachtvolumen 2025\",\"Frachtzentrum Belgien\",\"freight hub Belgium\",\"freight volume 2025\",\"fret a\u00e9rien\",\"golden triangle\",\"goldenes Dreieck\",\"hub de fret Belgique\",\"increase cargo capacity\",\"industrie du fret a\u00e9rien\",\"international competitions\",\"internationale Wettbewerbe\",\"Liege Airport\",\"logistique sous temp\u00e9rature contr\u00f4l\u00e9e\",\"Luftfracht\",\"Luftfrachtindustrie\",\"pharmaceuticals transport\",\"Pharmazeutika Transport\",\"r\u00e9seau de fret Europe\",\"temperature-controlled logistics\",\"temperaturkontrollierte Logistik\",\"transport de produits pharmaceutiques\",\"triangle d'or\",\"vols cargo\",\"vols cargo ad hoc\",\"volume de fret 2025\"],\"articleSection\":[\"Europa\",\"Medio Oriente\",\"Trasporto aereo\"],\"inLanguage\":\"it-IT\",\"potentialAction\":[{\"@type\":\"CommentAction\",\"name\":\"Comment\",\"target\":[\"https:\\\/\\\/transportjournal.com\\\/it\\\/2026\\\/01\\\/23\\\/emirates-skycargo-permanent-su-lgg\\\/#respond\"]}]},{\"@type\":\"WebPage\",\"@id\":\"https:\\\/\\\/transportjournal.com\\\/it\\\/2026\\\/01\\\/23\\\/emirates-skycargo-permanent-su-lgg\\\/\",\"url\":\"https:\\\/\\\/transportjournal.com\\\/it\\\/2026\\\/01\\\/23\\\/emirates-skycargo-permanent-su-lgg\\\/\",\"name\":\"Emirates SkyCargo permanent su LGG - ITJ | International Transport Journal\",\"isPartOf\":{\"@id\":\"https:\\\/\\\/transportjournal.com\\\/it\\\/#website\"},\"primaryImageOfPage\":{\"@id\":\"https:\\\/\\\/transportjournal.com\\\/it\\\/2026\\\/01\\\/23\\\/emirates-skycargo-permanent-su-lgg\\\/#primaryimage\"},\"image\":{\"@id\":\"https:\\\/\\\/transportjournal.com\\\/it\\\/2026\\\/01\\\/23\\\/emirates-skycargo-permanent-su-lgg\\\/#primaryimage\"},\"thumbnailUrl\":\"https:\\\/\\\/transportjournal.com\\\/wp-content\\\/uploads\\\/sites\\\/2\\\/2026\\\/01\\\/LGG-Emirates-SkyCargo-556513928_31392595357051186_6402906136866486571_n-aspect-ratio-1400-788.jpg\",\"datePublished\":\"2026-01-23T15:03:25+00:00\",\"breadcrumb\":{\"@id\":\"https:\\\/\\\/transportjournal.com\\\/it\\\/2026\\\/01\\\/23\\\/emirates-skycargo-permanent-su-lgg\\\/#breadcrumb\"},\"inLanguage\":\"it-IT\",\"potentialAction\":[{\"@type\":\"ReadAction\",\"target\":[\"https:\\\/\\\/transportjournal.com\\\/it\\\/2026\\\/01\\\/23\\\/emirates-skycargo-permanent-su-lgg\\\/\"]}]},{\"@type\":\"ImageObject\",\"inLanguage\":\"it-IT\",\"@id\":\"https:\\\/\\\/transportjournal.com\\\/it\\\/2026\\\/01\\\/23\\\/emirates-skycargo-permanent-su-lgg\\\/#primaryimage\",\"url\":\"https:\\\/\\\/transportjournal.com\\\/wp-content\\\/uploads\\\/sites\\\/2\\\/2026\\\/01\\\/LGG-Emirates-SkyCargo-556513928_31392595357051186_6402906136866486571_n-aspect-ratio-1400-788.jpg\",\"contentUrl\":\"https:\\\/\\\/transportjournal.com\\\/wp-content\\\/uploads\\\/sites\\\/2\\\/2026\\\/01\\\/LGG-Emirates-SkyCargo-556513928_31392595357051186_6402906136866486571_n-aspect-ratio-1400-788.jpg\",\"width\":2048,\"height\":1153},{\"@type\":\"BreadcrumbList\",\"@id\":\"https:\\\/\\\/transportjournal.com\\\/it\\\/2026\\\/01\\\/23\\\/emirates-skycargo-permanent-su-lgg\\\/#breadcrumb\",\"itemListElement\":[{\"@type\":\"ListItem\",\"position\":1,\"name\":\"Startseite\",\"item\":\"https:\\\/\\\/transportjournal.com\\\/it\\\/\"},{\"@type\":\"ListItem\",\"position\":2,\"name\":\"Emirates SkyCargo permanent su LGG\"}]},{\"@type\":\"WebSite\",\"@id\":\"https:\\\/\\\/transportjournal.com\\\/it\\\/#website\",\"url\":\"https:\\\/\\\/transportjournal.com\\\/it\\\/\",\"name\":\"ITJ | International Transport Journal\",\"description\":\"Stay informed with the latest global news from the transport, logistics, and supply chain industries. Transport Journal delivers expert insights, analysis, and updates across shipping, aviation, intermodal, and forwarding.\",\"publisher\":{\"@id\":\"https:\\\/\\\/transportjournal.com\\\/it\\\/#organization\"},\"potentialAction\":[{\"@type\":\"SearchAction\",\"target\":{\"@type\":\"EntryPoint\",\"urlTemplate\":\"https:\\\/\\\/transportjournal.com\\\/it\\\/?s={search_term_string}\"},\"query-input\":{\"@type\":\"PropertyValueSpecification\",\"valueRequired\":true,\"valueName\":\"search_term_string\"}}],\"inLanguage\":\"it-IT\"},{\"@type\":\"Organization\",\"@id\":\"https:\\\/\\\/transportjournal.com\\\/it\\\/#organization\",\"name\":\"Logismedia Group AG\",\"alternateName\":\"Logismedia Group AG\",\"url\":\"https:\\\/\\\/transportjournal.com\\\/it\\\/\",\"logo\":{\"@type\":\"ImageObject\",\"inLanguage\":\"it-IT\",\"@id\":\"https:\\\/\\\/transportjournal.com\\\/it\\\/#\\\/schema\\\/logo\\\/image\\\/\",\"url\":\"https:\\\/\\\/transportjournal.com\\\/wp-content\\\/uploads\\\/sites\\\/2\\\/2025\\\/09\\\/Logo_ITJ.png\",\"contentUrl\":\"https:\\\/\\\/transportjournal.com\\\/wp-content\\\/uploads\\\/sites\\\/2\\\/2025\\\/09\\\/Logo_ITJ.png\",\"width\":799,\"height\":326,\"caption\":\"Logismedia Group AG\"},\"image\":{\"@id\":\"https:\\\/\\\/transportjournal.com\\\/it\\\/#\\\/schema\\\/logo\\\/image\\\/\"},\"sameAs\":[\"https:\\\/\\\/www.linkedin.com\\\/company\\\/56456496\\\/admin\\\/dashboard\\\/\",\"https:\\\/\\\/www.instagram.com\\\/logismediagroup\\\/\",\"https:\\\/\\\/www.youtube.com\\\/@LogiamediaGroupAG\"]},{\"@type\":\"Person\",\"@id\":\"https:\\\/\\\/transportjournal.com\\\/it\\\/#\\\/schema\\\/person\\\/cf538b3157f15afd7589245a4b3dbd25\",\"name\":\"Andreas Haug\",\"url\":\"https:\\\/\\\/transportjournal.com\\\/it\\\/author\\\/andreas\\\/\"}]}<\/script>\n<!-- \/ Yoast SEO plugin. -->","yoast_head_json":{"title":"Emirates SkyCargo permanent su LGG - ITJ | International Transport Journal","robots":{"index":"index","follow":"follow","max-snippet":"max-snippet:-1","max-image-preview":"max-image-preview:large","max-video-preview":"max-video-preview:-1"},"canonical":"https:\/\/transportjournal.com\/it\/2026\/01\/23\/emirates-skycargo-permanent-su-lgg\/","og_locale":"it_IT","og_type":"article","og_title":"Emirates SkyCargo permanent su LGG - ITJ | International Transport Journal","og_description":"Emirates SkyCargo espande la sua rete di voli cargo a Liegi in Belgio per soddisfare la crescente domanda e aumentare significativamente la capacit\u00e0 di carico.","og_url":"https:\/\/transportjournal.com\/it\/2026\/01\/23\/emirates-skycargo-permanent-su-lgg\/","og_site_name":"ITJ | International Transport Journal","article_published_time":"2026-01-23T15:03:25+00:00","og_image":[{"width":2048,"height":1153,"url":"https:\/\/transportjournal.com\/wp-content\/uploads\/sites\/2\/2026\/01\/LGG-Emirates-SkyCargo-556513928_31392595357051186_6402906136866486571_n-aspect-ratio-1400-788.jpg","type":"image\/jpeg"}],"author":"Andreas Haug","twitter_card":"summary_large_image","twitter_misc":{"Scritto da":"Andreas Haug","Tempo di lettura stimato":"2 minuto"},"schema":{"@context":"https:\/\/schema.org","@graph":[{"@type":"Article","@id":"https:\/\/transportjournal.com\/it\/2026\/01\/23\/emirates-skycargo-permanent-su-lgg\/#article","isPartOf":{"@id":"https:\/\/transportjournal.com\/it\/2026\/01\/23\/emirates-skycargo-permanent-su-lgg\/"},"author":{"name":"Andreas Haug","@id":"https:\/\/transportjournal.com\/it\/#\/schema\/person\/cf538b3157f15afd7589245a4b3dbd25"},"headline":"Emirates SkyCargo permanent su LGG","datePublished":"2026-01-23T15:03:25+00:00","mainEntityOfPage":{"@id":"https:\/\/transportjournal.com\/it\/2026\/01\/23\/emirates-skycargo-permanent-su-lgg\/"},"wordCount":464,"commentCount":0,"publisher":{"@id":"https:\/\/transportjournal.com\/it\/#organization"},"image":{"@id":"https:\/\/transportjournal.com\/it\/2026\/01\/23\/emirates-skycargo-permanent-su-lgg\/#primaryimage"},"thumbnailUrl":"https:\/\/transportjournal.com\/wp-content\/uploads\/sites\/2\/2026\/01\/LGG-Emirates-SkyCargo-556513928_31392595357051186_6402906136866486571_n-aspect-ratio-1400-788.jpg","keywords":["ad-hoc cargo flights","Ad-hoc-Frachtfl\u00fcge","a\u00e9roport de Li\u00e8ge","air freight","air freight industry","augmenter la capacit\u00e9 de fret","avions cargo","cargo aircraft Fran\u00e7ais Emirates SkyCargo","cargo flights","cargo network Europe","comp\u00e9titions internationales","Deutsch Emirates SkyCargo","e-commerce shipments","E-Commerce-Pakete","envois e-commerce","Frachtfl\u00fcge","Frachtflugnetz Europa","Frachtflugzeuge English Emirates SkyCargo","Frachtkapazit\u00e4t erh\u00f6hen","Frachtvolumen 2025","Frachtzentrum Belgien","freight hub Belgium","freight volume 2025","fret a\u00e9rien","golden triangle","goldenes Dreieck","hub de fret Belgique","increase cargo capacity","industrie du fret a\u00e9rien","international competitions","internationale Wettbewerbe","Liege Airport","logistique sous temp\u00e9rature contr\u00f4l\u00e9e","Luftfracht","Luftfrachtindustrie","pharmaceuticals transport","Pharmazeutika Transport","r\u00e9seau de fret Europe","temperature-controlled logistics","temperaturkontrollierte Logistik","transport de produits pharmaceutiques","triangle d'or","vols cargo","vols cargo ad hoc","volume de fret 2025"],"articleSection":["Europa","Medio Oriente","Trasporto aereo"],"inLanguage":"it-IT","potentialAction":[{"@type":"CommentAction","name":"Comment","target":["https:\/\/transportjournal.com\/it\/2026\/01\/23\/emirates-skycargo-permanent-su-lgg\/#respond"]}]},{"@type":"WebPage","@id":"https:\/\/transportjournal.com\/it\/2026\/01\/23\/emirates-skycargo-permanent-su-lgg\/","url":"https:\/\/transportjournal.com\/it\/2026\/01\/23\/emirates-skycargo-permanent-su-lgg\/","name":"Emirates SkyCargo permanent su LGG - ITJ | International Transport Journal","isPartOf":{"@id":"https:\/\/transportjournal.com\/it\/#website"},"primaryImageOfPage":{"@id":"https:\/\/transportjournal.com\/it\/2026\/01\/23\/emirates-skycargo-permanent-su-lgg\/#primaryimage"},"image":{"@id":"https:\/\/transportjournal.com\/it\/2026\/01\/23\/emirates-skycargo-permanent-su-lgg\/#primaryimage"},"thumbnailUrl":"https:\/\/transportjournal.com\/wp-content\/uploads\/sites\/2\/2026\/01\/LGG-Emirates-SkyCargo-556513928_31392595357051186_6402906136866486571_n-aspect-ratio-1400-788.jpg","datePublished":"2026-01-23T15:03:25+00:00","breadcrumb":{"@id":"https:\/\/transportjournal.com\/it\/2026\/01\/23\/emirates-skycargo-permanent-su-lgg\/#breadcrumb"},"inLanguage":"it-IT","potentialAction":[{"@type":"ReadAction","target":["https:\/\/transportjournal.com\/it\/2026\/01\/23\/emirates-skycargo-permanent-su-lgg\/"]}]},{"@type":"ImageObject","inLanguage":"it-IT","@id":"https:\/\/transportjournal.com\/it\/2026\/01\/23\/emirates-skycargo-permanent-su-lgg\/#primaryimage","url":"https:\/\/transportjournal.com\/wp-content\/uploads\/sites\/2\/2026\/01\/LGG-Emirates-SkyCargo-556513928_31392595357051186_6402906136866486571_n-aspect-ratio-1400-788.jpg","contentUrl":"https:\/\/transportjournal.com\/wp-content\/uploads\/sites\/2\/2026\/01\/LGG-Emirates-SkyCargo-556513928_31392595357051186_6402906136866486571_n-aspect-ratio-1400-788.jpg","width":2048,"height":1153},{"@type":"BreadcrumbList","@id":"https:\/\/transportjournal.com\/it\/2026\/01\/23\/emirates-skycargo-permanent-su-lgg\/#breadcrumb","itemListElement":[{"@type":"ListItem","position":1,"name":"Startseite","item":"https:\/\/transportjournal.com\/it\/"},{"@type":"ListItem","position":2,"name":"Emirates SkyCargo permanent su LGG"}]},{"@type":"WebSite","@id":"https:\/\/transportjournal.com\/it\/#website","url":"https:\/\/transportjournal.com\/it\/","name":"ITJ | International Transport Journal","description":"Stay informed with the latest global news from the transport, logistics, and supply chain industries. Transport Journal delivers expert insights, analysis, and updates across shipping, aviation, intermodal, and forwarding.","publisher":{"@id":"https:\/\/transportjournal.com\/it\/#organization"},"potentialAction":[{"@type":"SearchAction","target":{"@type":"EntryPoint","urlTemplate":"https:\/\/transportjournal.com\/it\/?s={search_term_string}"},"query-input":{"@type":"PropertyValueSpecification","valueRequired":true,"valueName":"search_term_string"}}],"inLanguage":"it-IT"},{"@type":"Organization","@id":"https:\/\/transportjournal.com\/it\/#organization","name":"Logismedia Group AG","alternateName":"Logismedia Group AG","url":"https:\/\/transportjournal.com\/it\/","logo":{"@type":"ImageObject","inLanguage":"it-IT","@id":"https:\/\/transportjournal.com\/it\/#\/schema\/logo\/image\/","url":"https:\/\/transportjournal.com\/wp-content\/uploads\/sites\/2\/2025\/09\/Logo_ITJ.png","contentUrl":"https:\/\/transportjournal.com\/wp-content\/uploads\/sites\/2\/2025\/09\/Logo_ITJ.png","width":799,"height":326,"caption":"Logismedia Group AG"},"image":{"@id":"https:\/\/transportjournal.com\/it\/#\/schema\/logo\/image\/"},"sameAs":["https:\/\/www.linkedin.com\/company\/56456496\/admin\/dashboard\/","https:\/\/www.instagram.com\/logismediagroup\/","https:\/\/www.youtube.com\/@LogiamediaGroupAG"]},{"@type":"Person","@id":"https:\/\/transportjournal.com\/it\/#\/schema\/person\/cf538b3157f15afd7589245a4b3dbd25","name":"Andreas Haug","url":"https:\/\/transportjournal.com\/it\/author\/andreas\/"}]}},"_links":{"self":[{"href":"https:\/\/transportjournal.com\/it\/wp-json\/wp\/v2\/posts\/74251","targetHints":{"allow":["GET"]}}],"collection":[{"href":"https:\/\/transportjournal.com\/it\/wp-json\/wp\/v2\/posts"}],"about":[{"href":"https:\/\/transportjournal.com\/it\/wp-json\/wp\/v2\/types\/post"}],"author":[{"embeddable":true,"href":"https:\/\/transportjournal.com\/it\/wp-json\/wp\/v2\/users\/12"}],"replies":[{"embeddable":true,"href":"https:\/\/transportjournal.com\/it\/wp-json\/wp\/v2\/comments?post=74251"}],"version-history":[{"count":0,"href":"https:\/\/transportjournal.com\/it\/wp-json\/wp\/v2\/posts\/74251\/revisions"}],"wp:featuredmedia":[{"embeddable":true,"href":"https:\/\/transportjournal.com\/it\/wp-json\/wp\/v2\/media\/74247"}],"wp:attachment":[{"href":"https:\/\/transportjournal.com\/it\/wp-json\/wp\/v2\/media?parent=74251"}],"wp:term":[{"taxonomy":"category","embeddable":true,"href":"https:\/\/transportjournal.com\/it\/wp-json\/wp\/v2\/categories?post=74251"},{"taxonomy":"post_tag","embeddable":true,"href":"https:\/\/transportjournal.com\/it\/wp-json\/wp\/v2\/tags?post=74251"}],"curies":[{"name":"wp","href":"https:\/\/api.w.org\/{rel}","templated":true}]}}