{"id":74225,"date":"2026-01-23T08:23:52","date_gmt":"2026-01-23T08:23:52","guid":{"rendered":"https:\/\/transportjournal.com\/2026\/01\/23\/ansali-group-celebra-75-anni-di-attivita\/"},"modified":"2026-01-23T08:23:52","modified_gmt":"2026-01-23T08:23:52","slug":"ansali-group-celebra-75-anni-di-attivita","status":"publish","type":"post","link":"https:\/\/transportjournal.com\/it\/2026\/01\/23\/ansali-group-celebra-75-anni-di-attivita\/","title":{"rendered":"Ansali Group celebra 75 anni di attivit\u00e0"},"content":{"rendered":"<p>Il gruppo Ansali di Chiasso celebra quest&#8217;anno il suo 75\u00b0 anniversario. L&#8217;azienda, specializzata nel trasporto internazionale di merci, vanta una lunga storia caratterizzata da affidabilit\u00e0, precisione e un alto grado di attenzione ai dettagli. Queste caratteristiche hanno permesso all&#8217;azienda di affermarsi nel corso degli anni in un mercato in continua evoluzione.<\/p>\n<p>Lo sviluppo di Ansali \u00e8 il risultato di solide competenze professionali e decisioni coerenti. L&#8217;azienda si \u00e8 sempre presa cura delle esigenze dei propri clienti, soddisfacendo le loro richieste di trasporto in tutto il mondo. Questa orientamento al cliente \u00e8 un elemento centrale della filosofia aziendale, che si \u00e8 dimostrata valida nel corso dei decenni.<\/p>\n<h3>Uno sguardo al passato e al futuro<\/h3>\n<p>La storia di Ansali \u00e8 segnata dalla capacit\u00e0 di adattarsi a nuovi mercati e tecnologie. L&#8217;azienda ha saputo evolversi continuamente mantenendo al contempo il suo rigoroso e responsabile approccio lavorativo. Questa adattabilit\u00e0 ha permesso ad Ansali di operare con successo attraverso le generazioni, mantenendo sempre al centro la qualit\u00e0 del servizio.<\/p>\n<p>In occasione del anniversario della fondazione, il 21 gennaio 1951, l&#8217;azienda sottolinea che desidera guardare al futuro con lo stesso impegno e la stessa visione. Il continuo sviluppo e la spinta all&#8217;innovazione rimangono elementi centrali della strategia aziendale. Ansali si mostra pronta ad affrontare anche nei prossimi anni le sfide del mercato e a mantenere gli elevati standard che si \u00e8 prefissata.<\/p>\n<p>&nbsp;<\/p>\n<p><a href=\"https:\/\/www.ansali.net\/\" target=\"_blank\" rel=\"noopener noreferrer\">www.ansali.net<\/a><\/p>\n<p>&nbsp;<\/p>\n","protected":false},"excerpt":{"rendered":"<p>Il gruppo Ansali di Chiasso celebra il suo 75\u00b0 anniversario e continua a impegnarsi per soddisfare gli elevati standard nel trasporto internazionale.<\/p>\n","protected":false},"author":12,"featured_media":74221,"comment_status":"open","ping_status":"open","sticky":false,"template":"","format":"standard","meta":{"_acf_changed":false,"footnotes":""},"categories":[1638,1627,1629],"tags":[8954,8955,8956,8957,8958,8959,8960,8961,3739,5180,4231,2700,4091,2123,8962,8963,8964,3745,2075,8965,8966,8967,2279,8968,8969,8970,8971,6478,8972,8973,2282,8974,8975,8976,5112,4254,8977,8978,6489,8979,8980,8981,8982,8983,8984,8985,8986,5119,2106,5120,6500,3536,3537,2837,8987,8988,8989],"class_list":["post-74225","post","type-post","status-publish","format-standard","has-post-thumbnail","hentry","category-europa","category-persone-e-aziende","category-spedizioni-e-logistica","tag-75-ans-dansali","tag-75-jahre-ansali","tag-75-years-of-ansali","tag-adaptation-au-marche-dans-le-transport","tag-ansali-company-history","tag-ansali-unternehmensgeschichte","tag-customer-orientation-in-logistics","tag-deutsch-ansali","tag-developpement-des-infrastructures","tag-digitalisierung-im-transport","tag-digitalization-in-transport","tag-fachkraeftemangel-in-der-logistik","tag-freight-transport","tag-gestion-de-la-chaine-dapprovisionnement","tag-gestion-de-la-qualite-en-logistique","tag-hafenbetrieb-chiasso","tag-histoire-de-lentreprise-ansali","tag-infrastructure-development","tag-infrastrukturentwicklung","tag-innovation-en-logistique","tag-innovation-in-der-logistik-english-ansali","tag-innovation-in-logistics-francais-ansali","tag-international-logistics","tag-international-transport-markets","tag-internationale-transportmaerkte","tag-internationales-transportwesen","tag-kundenorientierung-in-der-logistik","tag-labor-shortage-in-logistics","tag-logistics-provider-switzerland","tag-logistikdienstleister-schweiz","tag-logistique-internationale","tag-marches-du-transport-international","tag-market-adaptation-in-transport","tag-marktanpassung-im-transport","tag-nachhaltige-logistikloesungen","tag-numerisation-dans-le-transport","tag-operations-portuaires-chiasso","tag-orientation-client-en-logistique","tag-penurie-de-main-doeuvre-en-logistique","tag-port-operations-chiasso","tag-praeziser-transport","tag-precise-transportation","tag-prestataire-logistique-suisse","tag-qualitaetsmanagement-in-der-logistik","tag-quality-management-in-logistics","tag-responsabilite-dans-lindustrie-du-transport","tag-responsibility-in-transport-industry","tag-solutions-logistiques-durables","tag-supply-chain-management","tag-sustainable-logistics-solutions","tag-technologie-en-logistique","tag-technologie-in-der-logistik","tag-technology-in-logistics","tag-transport-de-marchandises","tag-transport-precis","tag-transport-von-waren","tag-verantwortung-in-der-transportwirtschaft"],"acf":[],"yoast_head":"<!-- This site is optimized with the Yoast SEO plugin v27.3 - https:\/\/yoast.com\/product\/yoast-seo-wordpress\/ -->\n<title>Ansali Group celebra 75 anni di attivit\u00e0 - ITJ | International Transport Journal<\/title>\n<meta name=\"robots\" content=\"index, follow, max-snippet:-1, max-image-preview:large, max-video-preview:-1\" \/>\n<link rel=\"canonical\" href=\"https:\/\/transportjournal.com\/it\/2026\/01\/23\/ansali-group-celebra-75-anni-di-attivita\/\" \/>\n<meta property=\"og:locale\" content=\"it_IT\" \/>\n<meta property=\"og:type\" content=\"article\" \/>\n<meta property=\"og:title\" content=\"Ansali Group celebra 75 anni di attivit\u00e0 - ITJ | International Transport Journal\" \/>\n<meta property=\"og:description\" content=\"Il gruppo Ansali di Chiasso celebra il suo 75\u00b0 anniversario e continua a impegnarsi per soddisfare gli elevati standard nel trasporto internazionale.\" \/>\n<meta property=\"og:url\" content=\"https:\/\/transportjournal.com\/it\/2026\/01\/23\/ansali-group-celebra-75-anni-di-attivita\/\" \/>\n<meta property=\"og:site_name\" content=\"ITJ | International Transport Journal\" \/>\n<meta property=\"article:published_time\" content=\"2026-01-23T08:23:52+00:00\" \/>\n<meta property=\"og:image\" content=\"https:\/\/transportjournal.com\/wp-content\/uploads\/sites\/2\/2026\/01\/Ansali-1768904340448-aspect-ratio-1400-788.jpg\" \/>\n\t<meta property=\"og:image:width\" content=\"1280\" \/>\n\t<meta property=\"og:image:height\" content=\"721\" \/>\n\t<meta property=\"og:image:type\" content=\"image\/jpeg\" \/>\n<meta name=\"author\" content=\"Andreas Haug\" \/>\n<meta name=\"twitter:card\" content=\"summary_large_image\" \/>\n<meta name=\"twitter:label1\" content=\"Scritto da\" \/>\n\t<meta name=\"twitter:data1\" content=\"Andreas Haug\" \/>\n\t<meta name=\"twitter:label2\" content=\"Tempo di lettura stimato\" \/>\n\t<meta name=\"twitter:data2\" content=\"1 minuto\" \/>\n<script type=\"application\/ld+json\" class=\"yoast-schema-graph\">{\"@context\":\"https:\\\/\\\/schema.org\",\"@graph\":[{\"@type\":\"Article\",\"@id\":\"https:\\\/\\\/transportjournal.com\\\/it\\\/2026\\\/01\\\/23\\\/ansali-group-celebra-75-anni-di-attivita\\\/#article\",\"isPartOf\":{\"@id\":\"https:\\\/\\\/transportjournal.com\\\/it\\\/2026\\\/01\\\/23\\\/ansali-group-celebra-75-anni-di-attivita\\\/\"},\"author\":{\"name\":\"Andreas Haug\",\"@id\":\"https:\\\/\\\/transportjournal.com\\\/it\\\/#\\\/schema\\\/person\\\/cf538b3157f15afd7589245a4b3dbd25\"},\"headline\":\"Ansali Group celebra 75 anni di attivit\u00e0\",\"datePublished\":\"2026-01-23T08:23:52+00:00\",\"mainEntityOfPage\":{\"@id\":\"https:\\\/\\\/transportjournal.com\\\/it\\\/2026\\\/01\\\/23\\\/ansali-group-celebra-75-anni-di-attivita\\\/\"},\"wordCount\":235,\"commentCount\":0,\"publisher\":{\"@id\":\"https:\\\/\\\/transportjournal.com\\\/it\\\/#organization\"},\"image\":{\"@id\":\"https:\\\/\\\/transportjournal.com\\\/it\\\/2026\\\/01\\\/23\\\/ansali-group-celebra-75-anni-di-attivita\\\/#primaryimage\"},\"thumbnailUrl\":\"https:\\\/\\\/transportjournal.com\\\/wp-content\\\/uploads\\\/sites\\\/2\\\/2026\\\/01\\\/Ansali-1768904340448-aspect-ratio-1400-788.jpg\",\"keywords\":[\"75 ans d'Ansali\",\"75 Jahre Ansali\",\"75 years of Ansali\",\"adaptation au march\u00e9 dans le transport\",\"Ansali company history\",\"Ansali Unternehmensgeschichte\",\"customer orientation in logistics\",\"Deutsch Ansali\",\"d\u00e9veloppement des infrastructures\",\"Digitalisierung im Transport\",\"digitalization in transport\",\"Fachkr\u00e4ftemangel in der Logistik\",\"freight transport\",\"gestion de la cha\u00eene d'approvisionnement\",\"gestion de la qualit\u00e9 en logistique\",\"Hafenbetrieb Chiasso\",\"histoire de l'entreprise Ansali\",\"infrastructure development\",\"Infrastrukturentwicklung\",\"innovation en logistique\",\"Innovation in der Logistik English Ansali\",\"innovation in logistics Fran\u00e7ais Ansali\",\"international logistics\",\"international transport markets\",\"internationale Transportm\u00e4rkte\",\"internationales Transportwesen\",\"Kundenorientierung in der Logistik\",\"labor shortage in logistics\",\"logistics provider Switzerland\",\"Logistikdienstleister Schweiz\",\"logistique internationale\",\"march\u00e9s du transport international\",\"market adaptation in transport\",\"Marktanpassung im Transport\",\"nachhaltige Logistikl\u00f6sungen\",\"num\u00e9risation dans le transport\",\"op\u00e9rations portuaires Chiasso\",\"orientation client en logistique\",\"p\u00e9nurie de main-d'\u0153uvre en logistique\",\"port operations Chiasso\",\"pr\u00e4ziser Transport\",\"precise transportation\",\"prestataire logistique Suisse\",\"Qualit\u00e4tsmanagement in der Logistik\",\"quality management in logistics\",\"responsabilit\u00e9 dans l'industrie du transport\",\"responsibility in transport industry\",\"solutions logistiques durables\",\"Supply Chain Management\",\"sustainable logistics solutions\",\"technologie en logistique\",\"Technologie in der Logistik\",\"technology in logistics\",\"transport de marchandises\",\"transport pr\u00e9cis\",\"Transport von Waren\",\"Verantwortung in der Transportwirtschaft\"],\"articleSection\":[\"Europa\",\"Persone e aziende\",\"Spedizioniere e Logistica\"],\"inLanguage\":\"it-IT\",\"potentialAction\":[{\"@type\":\"CommentAction\",\"name\":\"Comment\",\"target\":[\"https:\\\/\\\/transportjournal.com\\\/it\\\/2026\\\/01\\\/23\\\/ansali-group-celebra-75-anni-di-attivita\\\/#respond\"]}]},{\"@type\":\"WebPage\",\"@id\":\"https:\\\/\\\/transportjournal.com\\\/it\\\/2026\\\/01\\\/23\\\/ansali-group-celebra-75-anni-di-attivita\\\/\",\"url\":\"https:\\\/\\\/transportjournal.com\\\/it\\\/2026\\\/01\\\/23\\\/ansali-group-celebra-75-anni-di-attivita\\\/\",\"name\":\"Ansali Group celebra 75 anni di attivit\u00e0 - ITJ | International Transport Journal\",\"isPartOf\":{\"@id\":\"https:\\\/\\\/transportjournal.com\\\/it\\\/#website\"},\"primaryImageOfPage\":{\"@id\":\"https:\\\/\\\/transportjournal.com\\\/it\\\/2026\\\/01\\\/23\\\/ansali-group-celebra-75-anni-di-attivita\\\/#primaryimage\"},\"image\":{\"@id\":\"https:\\\/\\\/transportjournal.com\\\/it\\\/2026\\\/01\\\/23\\\/ansali-group-celebra-75-anni-di-attivita\\\/#primaryimage\"},\"thumbnailUrl\":\"https:\\\/\\\/transportjournal.com\\\/wp-content\\\/uploads\\\/sites\\\/2\\\/2026\\\/01\\\/Ansali-1768904340448-aspect-ratio-1400-788.jpg\",\"datePublished\":\"2026-01-23T08:23:52+00:00\",\"breadcrumb\":{\"@id\":\"https:\\\/\\\/transportjournal.com\\\/it\\\/2026\\\/01\\\/23\\\/ansali-group-celebra-75-anni-di-attivita\\\/#breadcrumb\"},\"inLanguage\":\"it-IT\",\"potentialAction\":[{\"@type\":\"ReadAction\",\"target\":[\"https:\\\/\\\/transportjournal.com\\\/it\\\/2026\\\/01\\\/23\\\/ansali-group-celebra-75-anni-di-attivita\\\/\"]}]},{\"@type\":\"ImageObject\",\"inLanguage\":\"it-IT\",\"@id\":\"https:\\\/\\\/transportjournal.com\\\/it\\\/2026\\\/01\\\/23\\\/ansali-group-celebra-75-anni-di-attivita\\\/#primaryimage\",\"url\":\"https:\\\/\\\/transportjournal.com\\\/wp-content\\\/uploads\\\/sites\\\/2\\\/2026\\\/01\\\/Ansali-1768904340448-aspect-ratio-1400-788.jpg\",\"contentUrl\":\"https:\\\/\\\/transportjournal.com\\\/wp-content\\\/uploads\\\/sites\\\/2\\\/2026\\\/01\\\/Ansali-1768904340448-aspect-ratio-1400-788.jpg\",\"width\":1280,\"height\":721},{\"@type\":\"BreadcrumbList\",\"@id\":\"https:\\\/\\\/transportjournal.com\\\/it\\\/2026\\\/01\\\/23\\\/ansali-group-celebra-75-anni-di-attivita\\\/#breadcrumb\",\"itemListElement\":[{\"@type\":\"ListItem\",\"position\":1,\"name\":\"Startseite\",\"item\":\"https:\\\/\\\/transportjournal.com\\\/it\\\/\"},{\"@type\":\"ListItem\",\"position\":2,\"name\":\"Ansali Group celebra 75 anni di attivit\u00e0\"}]},{\"@type\":\"WebSite\",\"@id\":\"https:\\\/\\\/transportjournal.com\\\/it\\\/#website\",\"url\":\"https:\\\/\\\/transportjournal.com\\\/it\\\/\",\"name\":\"ITJ | International Transport Journal\",\"description\":\"Stay informed with the latest global news from the transport, logistics, and supply chain industries. Transport Journal delivers expert insights, analysis, and updates across shipping, aviation, intermodal, and forwarding.\",\"publisher\":{\"@id\":\"https:\\\/\\\/transportjournal.com\\\/it\\\/#organization\"},\"potentialAction\":[{\"@type\":\"SearchAction\",\"target\":{\"@type\":\"EntryPoint\",\"urlTemplate\":\"https:\\\/\\\/transportjournal.com\\\/it\\\/?s={search_term_string}\"},\"query-input\":{\"@type\":\"PropertyValueSpecification\",\"valueRequired\":true,\"valueName\":\"search_term_string\"}}],\"inLanguage\":\"it-IT\"},{\"@type\":\"Organization\",\"@id\":\"https:\\\/\\\/transportjournal.com\\\/it\\\/#organization\",\"name\":\"Logismedia Group AG\",\"alternateName\":\"Logismedia Group AG\",\"url\":\"https:\\\/\\\/transportjournal.com\\\/it\\\/\",\"logo\":{\"@type\":\"ImageObject\",\"inLanguage\":\"it-IT\",\"@id\":\"https:\\\/\\\/transportjournal.com\\\/it\\\/#\\\/schema\\\/logo\\\/image\\\/\",\"url\":\"https:\\\/\\\/transportjournal.com\\\/wp-content\\\/uploads\\\/sites\\\/2\\\/2025\\\/09\\\/Logo_ITJ.png\",\"contentUrl\":\"https:\\\/\\\/transportjournal.com\\\/wp-content\\\/uploads\\\/sites\\\/2\\\/2025\\\/09\\\/Logo_ITJ.png\",\"width\":799,\"height\":326,\"caption\":\"Logismedia Group AG\"},\"image\":{\"@id\":\"https:\\\/\\\/transportjournal.com\\\/it\\\/#\\\/schema\\\/logo\\\/image\\\/\"},\"sameAs\":[\"https:\\\/\\\/www.linkedin.com\\\/company\\\/56456496\\\/admin\\\/dashboard\\\/\",\"https:\\\/\\\/www.instagram.com\\\/logismediagroup\\\/\",\"https:\\\/\\\/www.youtube.com\\\/@LogiamediaGroupAG\"]},{\"@type\":\"Person\",\"@id\":\"https:\\\/\\\/transportjournal.com\\\/it\\\/#\\\/schema\\\/person\\\/cf538b3157f15afd7589245a4b3dbd25\",\"name\":\"Andreas Haug\",\"url\":\"https:\\\/\\\/transportjournal.com\\\/it\\\/author\\\/andreas\\\/\"}]}<\/script>\n<!-- \/ Yoast SEO plugin. -->","yoast_head_json":{"title":"Ansali Group celebra 75 anni di attivit\u00e0 - ITJ | International Transport Journal","robots":{"index":"index","follow":"follow","max-snippet":"max-snippet:-1","max-image-preview":"max-image-preview:large","max-video-preview":"max-video-preview:-1"},"canonical":"https:\/\/transportjournal.com\/it\/2026\/01\/23\/ansali-group-celebra-75-anni-di-attivita\/","og_locale":"it_IT","og_type":"article","og_title":"Ansali Group celebra 75 anni di attivit\u00e0 - ITJ | International Transport Journal","og_description":"Il gruppo Ansali di Chiasso celebra il suo 75\u00b0 anniversario e continua a impegnarsi per soddisfare gli elevati standard nel trasporto internazionale.","og_url":"https:\/\/transportjournal.com\/it\/2026\/01\/23\/ansali-group-celebra-75-anni-di-attivita\/","og_site_name":"ITJ | International Transport Journal","article_published_time":"2026-01-23T08:23:52+00:00","og_image":[{"width":1280,"height":721,"url":"https:\/\/transportjournal.com\/wp-content\/uploads\/sites\/2\/2026\/01\/Ansali-1768904340448-aspect-ratio-1400-788.jpg","type":"image\/jpeg"}],"author":"Andreas Haug","twitter_card":"summary_large_image","twitter_misc":{"Scritto da":"Andreas Haug","Tempo di lettura stimato":"1 minuto"},"schema":{"@context":"https:\/\/schema.org","@graph":[{"@type":"Article","@id":"https:\/\/transportjournal.com\/it\/2026\/01\/23\/ansali-group-celebra-75-anni-di-attivita\/#article","isPartOf":{"@id":"https:\/\/transportjournal.com\/it\/2026\/01\/23\/ansali-group-celebra-75-anni-di-attivita\/"},"author":{"name":"Andreas Haug","@id":"https:\/\/transportjournal.com\/it\/#\/schema\/person\/cf538b3157f15afd7589245a4b3dbd25"},"headline":"Ansali Group celebra 75 anni di attivit\u00e0","datePublished":"2026-01-23T08:23:52+00:00","mainEntityOfPage":{"@id":"https:\/\/transportjournal.com\/it\/2026\/01\/23\/ansali-group-celebra-75-anni-di-attivita\/"},"wordCount":235,"commentCount":0,"publisher":{"@id":"https:\/\/transportjournal.com\/it\/#organization"},"image":{"@id":"https:\/\/transportjournal.com\/it\/2026\/01\/23\/ansali-group-celebra-75-anni-di-attivita\/#primaryimage"},"thumbnailUrl":"https:\/\/transportjournal.com\/wp-content\/uploads\/sites\/2\/2026\/01\/Ansali-1768904340448-aspect-ratio-1400-788.jpg","keywords":["75 ans d'Ansali","75 Jahre Ansali","75 years of Ansali","adaptation au march\u00e9 dans le transport","Ansali company history","Ansali Unternehmensgeschichte","customer orientation in logistics","Deutsch Ansali","d\u00e9veloppement des infrastructures","Digitalisierung im Transport","digitalization in transport","Fachkr\u00e4ftemangel in der Logistik","freight transport","gestion de la cha\u00eene d'approvisionnement","gestion de la qualit\u00e9 en logistique","Hafenbetrieb Chiasso","histoire de l'entreprise Ansali","infrastructure development","Infrastrukturentwicklung","innovation en logistique","Innovation in der Logistik English Ansali","innovation in logistics Fran\u00e7ais Ansali","international logistics","international transport markets","internationale Transportm\u00e4rkte","internationales Transportwesen","Kundenorientierung in der Logistik","labor shortage in logistics","logistics provider Switzerland","Logistikdienstleister Schweiz","logistique internationale","march\u00e9s du transport international","market adaptation in transport","Marktanpassung im Transport","nachhaltige Logistikl\u00f6sungen","num\u00e9risation dans le transport","op\u00e9rations portuaires Chiasso","orientation client en logistique","p\u00e9nurie de main-d'\u0153uvre en logistique","port operations Chiasso","pr\u00e4ziser Transport","precise transportation","prestataire logistique Suisse","Qualit\u00e4tsmanagement in der Logistik","quality management in logistics","responsabilit\u00e9 dans l'industrie du transport","responsibility in transport industry","solutions logistiques durables","Supply Chain Management","sustainable logistics solutions","technologie en logistique","Technologie in der Logistik","technology in logistics","transport de marchandises","transport pr\u00e9cis","Transport von Waren","Verantwortung in der Transportwirtschaft"],"articleSection":["Europa","Persone e aziende","Spedizioniere e Logistica"],"inLanguage":"it-IT","potentialAction":[{"@type":"CommentAction","name":"Comment","target":["https:\/\/transportjournal.com\/it\/2026\/01\/23\/ansali-group-celebra-75-anni-di-attivita\/#respond"]}]},{"@type":"WebPage","@id":"https:\/\/transportjournal.com\/it\/2026\/01\/23\/ansali-group-celebra-75-anni-di-attivita\/","url":"https:\/\/transportjournal.com\/it\/2026\/01\/23\/ansali-group-celebra-75-anni-di-attivita\/","name":"Ansali Group celebra 75 anni di attivit\u00e0 - ITJ | International Transport Journal","isPartOf":{"@id":"https:\/\/transportjournal.com\/it\/#website"},"primaryImageOfPage":{"@id":"https:\/\/transportjournal.com\/it\/2026\/01\/23\/ansali-group-celebra-75-anni-di-attivita\/#primaryimage"},"image":{"@id":"https:\/\/transportjournal.com\/it\/2026\/01\/23\/ansali-group-celebra-75-anni-di-attivita\/#primaryimage"},"thumbnailUrl":"https:\/\/transportjournal.com\/wp-content\/uploads\/sites\/2\/2026\/01\/Ansali-1768904340448-aspect-ratio-1400-788.jpg","datePublished":"2026-01-23T08:23:52+00:00","breadcrumb":{"@id":"https:\/\/transportjournal.com\/it\/2026\/01\/23\/ansali-group-celebra-75-anni-di-attivita\/#breadcrumb"},"inLanguage":"it-IT","potentialAction":[{"@type":"ReadAction","target":["https:\/\/transportjournal.com\/it\/2026\/01\/23\/ansali-group-celebra-75-anni-di-attivita\/"]}]},{"@type":"ImageObject","inLanguage":"it-IT","@id":"https:\/\/transportjournal.com\/it\/2026\/01\/23\/ansali-group-celebra-75-anni-di-attivita\/#primaryimage","url":"https:\/\/transportjournal.com\/wp-content\/uploads\/sites\/2\/2026\/01\/Ansali-1768904340448-aspect-ratio-1400-788.jpg","contentUrl":"https:\/\/transportjournal.com\/wp-content\/uploads\/sites\/2\/2026\/01\/Ansali-1768904340448-aspect-ratio-1400-788.jpg","width":1280,"height":721},{"@type":"BreadcrumbList","@id":"https:\/\/transportjournal.com\/it\/2026\/01\/23\/ansali-group-celebra-75-anni-di-attivita\/#breadcrumb","itemListElement":[{"@type":"ListItem","position":1,"name":"Startseite","item":"https:\/\/transportjournal.com\/it\/"},{"@type":"ListItem","position":2,"name":"Ansali Group celebra 75 anni di attivit\u00e0"}]},{"@type":"WebSite","@id":"https:\/\/transportjournal.com\/it\/#website","url":"https:\/\/transportjournal.com\/it\/","name":"ITJ | International Transport Journal","description":"Stay informed with the latest global news from the transport, logistics, and supply chain industries. Transport Journal delivers expert insights, analysis, and updates across shipping, aviation, intermodal, and forwarding.","publisher":{"@id":"https:\/\/transportjournal.com\/it\/#organization"},"potentialAction":[{"@type":"SearchAction","target":{"@type":"EntryPoint","urlTemplate":"https:\/\/transportjournal.com\/it\/?s={search_term_string}"},"query-input":{"@type":"PropertyValueSpecification","valueRequired":true,"valueName":"search_term_string"}}],"inLanguage":"it-IT"},{"@type":"Organization","@id":"https:\/\/transportjournal.com\/it\/#organization","name":"Logismedia Group AG","alternateName":"Logismedia Group AG","url":"https:\/\/transportjournal.com\/it\/","logo":{"@type":"ImageObject","inLanguage":"it-IT","@id":"https:\/\/transportjournal.com\/it\/#\/schema\/logo\/image\/","url":"https:\/\/transportjournal.com\/wp-content\/uploads\/sites\/2\/2025\/09\/Logo_ITJ.png","contentUrl":"https:\/\/transportjournal.com\/wp-content\/uploads\/sites\/2\/2025\/09\/Logo_ITJ.png","width":799,"height":326,"caption":"Logismedia Group AG"},"image":{"@id":"https:\/\/transportjournal.com\/it\/#\/schema\/logo\/image\/"},"sameAs":["https:\/\/www.linkedin.com\/company\/56456496\/admin\/dashboard\/","https:\/\/www.instagram.com\/logismediagroup\/","https:\/\/www.youtube.com\/@LogiamediaGroupAG"]},{"@type":"Person","@id":"https:\/\/transportjournal.com\/it\/#\/schema\/person\/cf538b3157f15afd7589245a4b3dbd25","name":"Andreas Haug","url":"https:\/\/transportjournal.com\/it\/author\/andreas\/"}]}},"_links":{"self":[{"href":"https:\/\/transportjournal.com\/it\/wp-json\/wp\/v2\/posts\/74225","targetHints":{"allow":["GET"]}}],"collection":[{"href":"https:\/\/transportjournal.com\/it\/wp-json\/wp\/v2\/posts"}],"about":[{"href":"https:\/\/transportjournal.com\/it\/wp-json\/wp\/v2\/types\/post"}],"author":[{"embeddable":true,"href":"https:\/\/transportjournal.com\/it\/wp-json\/wp\/v2\/users\/12"}],"replies":[{"embeddable":true,"href":"https:\/\/transportjournal.com\/it\/wp-json\/wp\/v2\/comments?post=74225"}],"version-history":[{"count":0,"href":"https:\/\/transportjournal.com\/it\/wp-json\/wp\/v2\/posts\/74225\/revisions"}],"wp:featuredmedia":[{"embeddable":true,"href":"https:\/\/transportjournal.com\/it\/wp-json\/wp\/v2\/media\/74221"}],"wp:attachment":[{"href":"https:\/\/transportjournal.com\/it\/wp-json\/wp\/v2\/media?parent=74225"}],"wp:term":[{"taxonomy":"category","embeddable":true,"href":"https:\/\/transportjournal.com\/it\/wp-json\/wp\/v2\/categories?post=74225"},{"taxonomy":"post_tag","embeddable":true,"href":"https:\/\/transportjournal.com\/it\/wp-json\/wp\/v2\/tags?post=74225"}],"curies":[{"name":"wp","href":"https:\/\/api.w.org\/{rel}","templated":true}]}}