{"id":74188,"date":"2026-01-23T10:43:30","date_gmt":"2026-01-23T10:43:30","guid":{"rendered":"https:\/\/transportjournal.com\/2026\/01\/23\/esportazioni-di-fiori-dallecuador-avviate\/"},"modified":"2026-01-23T10:43:30","modified_gmt":"2026-01-23T10:43:30","slug":"esportazioni-di-fiori-dallecuador-avviate","status":"publish","type":"post","link":"https:\/\/transportjournal.com\/it\/2026\/01\/23\/esportazioni-di-fiori-dallecuador-avviate\/","title":{"rendered":"Esportazioni di fiori dall&#8217;Ecuador avviate"},"content":{"rendered":"<p>Il 20 gennaio 2026, presso l&#8217;aeroporto internazionale Mariscal Sucre di Quito, \u00e8 iniziata la stagione per l&#8217;esportazione di fiori in occasione della festa di San Valentino. Questa fase durer\u00e0 fino al 10 febbraio. Secondo le prime stime del settore, si prevede un aumento delle esportazioni di fiori del 6% rispetto all&#8217;anno precedente.<\/p>\n<p>Nel 2025, l&#8217;Ecuador ha registrato durante la stagione di maggior successo della sua storia un&#8217;esportazione totale di quasi 29.000 t di fiori. Questi sono stati spediti con 534 voli dall&#8217;aeroporto Mariscal Sucre. Per la stagione attuale si prevede inoltre un aumento delle connessioni aeree.<\/p>\n<h3>Importanti rotte commerciali per le esportazioni di fiori<\/h3>\n<p>Le principali destinazioni per i fiori dall&#8217;Ecuador sono i grandi centri di distribuzione negli Stati Uniti e in Europa, in particolare Miami e Amsterdam. Da questi hub, i fiori vengono distribuiti in tutto il mondo verso diversi mercati.<\/p>\n<p>Le operazioni di carico all&#8217;aeroporto di Quito mostrano una crescita continua, che assicura all&#8217;aeroporto il quinto posto in termini di volume di carico annuale in America Latina e nei Caraibi. Nel 2025, sono state trasportate complessivamente 407.240 t di merci nelle categorie esportazione, importazione e carico nazionale. Considerando esclusivamente le esportazioni di carico aereo, sono state esportate 336.480 t da Quito, con un aumento dell&#8217;11,2% rispetto al 2024.<\/p>\n<p>Ram\u00f3n Mir\u00f3, presidente e amministratore delegato della Corporaci\u00f3n Quiport, ha espresso un giudizio positivo su questi sviluppi. &#8222;Il successo nel settore del carico aereo \u00e8 senza dubbio uno dei principali indicatori che utilizziamo per valutare le operazioni aeroportuali, poich\u00e9 ci consente di misurare il contributo dell&#8217;aeroporto di Quito a un&#8217;attivit\u00e0 fondamentale per lo sviluppo economico della citt\u00e0 e del paese&#8220;, ha dichiarato Mir\u00f3.<\/p>\n<p>&nbsp;<\/p>\n<p><a href=\"https:\/\/www.quiport.com\/\" target=\"_blank\" rel=\"noopener noreferrer\">www.quiport.com<\/a><\/p>\n<p>&nbsp;<\/p>\n","protected":false},"excerpt":{"rendered":"<p>Il 20 gennaio 2026 \u00e8 iniziata la stagione di esportazione dei fiori per San Valentino all&#8217;aeroporto Mariscal Sucre di Quito, che durer\u00e0 fino al 10 febbraio.<\/p>\n","protected":false},"author":12,"featured_media":74184,"comment_status":"open","ping_status":"open","sticky":false,"template":"","format":"standard","meta":{"_acf_changed":false,"footnotes":""},"categories":[1638,1629,1630],"tags":[8851,8852,5212,8853,8854,8855,8856,8857,8858,8859,8860,8861,8862,8863,8864,7059,8865,8866,8867,8868,8869,8870,8871,8872,8873,8874,8875,8876,8877,8878,8879,8880,8881,8882,8883,8884,8885,8886,8887,8888,8889,8890,8891,7081,8892,8893,8894,8895,8896,8897,8898,8899,8900,8901,8902,8903,8904,8905],"class_list":["post-74188","post","type-post","status-publish","format-standard","has-post-thumbnail","hentry","category-europa","category-spedizioni-e-logistica","category-trasporto-aereo","tag-aeroport-mariscal-sucre","tag-air-freight-export-ecuador","tag-air-freight-growth","tag-augmentation-de-lexportation-de-fleurs","tag-blumenexport-anstieg","tag-blumenexport-saison-2026","tag-blumenexport-usa","tag-blumenindustrie-ecuador","tag-blumenlogistik-amsterdam","tag-blumenvermarktung-miami","tag-blumenverteilung-europa","tag-blumenverteilung-weltweit","tag-corporacion-quiport","tag-corporacion-quiport-english-ecuador-flower-export","tag-corporacion-quiport-francais-exportation-de-fleurs-equateur","tag-croissance-du-fret-aerien","tag-deutsch-blumenexport-ecuador","tag-distribution-de-fleurs-europe","tag-distribution-mondiale-de-fleurs","tag-export-statistics-ecuador","tag-exportation-de-fleurs-etats-unis","tag-exportation-de-fleurs-saint-valentin","tag-exportation-de-fret-aerien-equateur","tag-exportstatistik-ecuador","tag-flower-distribution-europe","tag-flower-export-increase","tag-flower-export-season-2026","tag-flower-export-usa","tag-flower-industry-ecuador","tag-flower-logistics-amsterdam","tag-flower-marketing-miami","tag-flughafen-mariscal-sucre","tag-frachtfluege-ecuador","tag-frachtoperationen-quito","tag-frachtvolumen-lateinamerika","tag-freight-flights-ecuador","tag-freight-operations-quito","tag-freight-volume-latin-america","tag-global-flower-distribution","tag-handelsrouten-blumenexport","tag-industrie-florale-equateur","tag-logistique-des-fleurs-amsterdam","tag-luftfracht-export-ecuador","tag-luftfracht-wachstum","tag-mariscal-sucre-airport","tag-marketing-des-fleurs-miami","tag-operations-aeroport-quito","tag-operations-de-fret-quito","tag-quito-airport-operations","tag-quito-flughafenbetrieb","tag-routes-commerciales-exportation-de-fleurs","tag-saison-dexportation-de-fleurs-2026","tag-statistiques-dexportation-equateur","tag-trade-routes-flower-export","tag-valentines-day-flower-export","tag-valentinstag-blumenexport","tag-vols-de-fret-equateur","tag-volume-de-fret-amerique-latine"],"acf":[],"yoast_head":"<!-- This site is optimized with the Yoast SEO plugin v27.3 - https:\/\/yoast.com\/product\/yoast-seo-wordpress\/ -->\n<title>Esportazioni di fiori dall&#039;Ecuador avviate - ITJ | International Transport Journal<\/title>\n<meta name=\"robots\" content=\"index, follow, max-snippet:-1, max-image-preview:large, max-video-preview:-1\" \/>\n<link rel=\"canonical\" href=\"https:\/\/transportjournal.com\/it\/2026\/01\/23\/esportazioni-di-fiori-dallecuador-avviate\/\" \/>\n<meta property=\"og:locale\" content=\"it_IT\" \/>\n<meta property=\"og:type\" content=\"article\" \/>\n<meta property=\"og:title\" content=\"Esportazioni di fiori dall&#039;Ecuador avviate - ITJ | International Transport Journal\" \/>\n<meta property=\"og:description\" content=\"Il 20 gennaio 2026 \u00e8 iniziata la stagione di esportazione dei fiori per San Valentino all&#039;aeroporto Mariscal Sucre di Quito, che durer\u00e0 fino al 10 febbraio.\" \/>\n<meta property=\"og:url\" content=\"https:\/\/transportjournal.com\/it\/2026\/01\/23\/esportazioni-di-fiori-dallecuador-avviate\/\" \/>\n<meta property=\"og:site_name\" content=\"ITJ | International Transport Journal\" \/>\n<meta property=\"article:published_time\" content=\"2026-01-23T10:43:30+00:00\" \/>\n<meta property=\"og:image\" content=\"https:\/\/transportjournal.com\/wp-content\/uploads\/sites\/2\/2026\/01\/Quiport-DSC02956-1-scaled-1-aspect-ratio-1400-788.jpg\" \/>\n\t<meta property=\"og:image:width\" content=\"2541\" \/>\n\t<meta property=\"og:image:height\" content=\"1430\" \/>\n\t<meta property=\"og:image:type\" content=\"image\/jpeg\" \/>\n<meta name=\"author\" content=\"Andreas Haug\" \/>\n<meta name=\"twitter:card\" content=\"summary_large_image\" \/>\n<meta name=\"twitter:label1\" content=\"Scritto da\" \/>\n\t<meta name=\"twitter:data1\" content=\"Andreas Haug\" \/>\n\t<meta name=\"twitter:label2\" content=\"Tempo di lettura stimato\" \/>\n\t<meta name=\"twitter:data2\" content=\"1 minuto\" \/>\n<script type=\"application\/ld+json\" class=\"yoast-schema-graph\">{\"@context\":\"https:\\\/\\\/schema.org\",\"@graph\":[{\"@type\":\"Article\",\"@id\":\"https:\\\/\\\/transportjournal.com\\\/it\\\/2026\\\/01\\\/23\\\/esportazioni-di-fiori-dallecuador-avviate\\\/#article\",\"isPartOf\":{\"@id\":\"https:\\\/\\\/transportjournal.com\\\/it\\\/2026\\\/01\\\/23\\\/esportazioni-di-fiori-dallecuador-avviate\\\/\"},\"author\":{\"name\":\"Andreas Haug\",\"@id\":\"https:\\\/\\\/transportjournal.com\\\/it\\\/#\\\/schema\\\/person\\\/cf538b3157f15afd7589245a4b3dbd25\"},\"headline\":\"Esportazioni di fiori dall&#8217;Ecuador avviate\",\"datePublished\":\"2026-01-23T10:43:30+00:00\",\"mainEntityOfPage\":{\"@id\":\"https:\\\/\\\/transportjournal.com\\\/it\\\/2026\\\/01\\\/23\\\/esportazioni-di-fiori-dallecuador-avviate\\\/\"},\"wordCount\":284,\"commentCount\":0,\"publisher\":{\"@id\":\"https:\\\/\\\/transportjournal.com\\\/it\\\/#organization\"},\"image\":{\"@id\":\"https:\\\/\\\/transportjournal.com\\\/it\\\/2026\\\/01\\\/23\\\/esportazioni-di-fiori-dallecuador-avviate\\\/#primaryimage\"},\"thumbnailUrl\":\"https:\\\/\\\/transportjournal.com\\\/wp-content\\\/uploads\\\/sites\\\/2\\\/2026\\\/01\\\/Quiport-DSC02956-1-scaled-1-aspect-ratio-1400-788.jpg\",\"keywords\":[\"a\u00e9roport Mariscal Sucre\",\"air freight export Ecuador\",\"air freight growth\",\"augmentation de l'exportation de fleurs\",\"Blumenexport Anstieg\",\"Blumenexport Saison 2026\",\"Blumenexport USA\",\"Blumenindustrie Ecuador\",\"Blumenlogistik Amsterdam\",\"Blumenvermarktung Miami\",\"Blumenverteilung Europa\",\"Blumenverteilung weltweit\",\"Corporaci\u00f3n Quiport\",\"Corporaci\u00f3n Quiport English Ecuador flower export\",\"Corporaci\u00f3n Quiport Fran\u00e7ais exportation de fleurs \u00c9quateur\",\"croissance du fret a\u00e9rien\",\"Deutsch Blumenexport Ecuador\",\"distribution de fleurs Europe\",\"distribution mondiale de fleurs\",\"export statistics Ecuador\",\"exportation de fleurs \u00c9tats-Unis\",\"exportation de fleurs Saint-Valentin\",\"exportation de fret a\u00e9rien \u00c9quateur\",\"Exportstatistik Ecuador\",\"flower distribution Europe\",\"flower export increase\",\"flower export season 2026\",\"flower export USA\",\"flower industry Ecuador\",\"flower logistics Amsterdam\",\"flower marketing Miami\",\"Flughafen Mariscal Sucre\",\"Frachtfl\u00fcge Ecuador\",\"Frachtoperationen Quito\",\"Frachtvolumen Lateinamerika\",\"freight flights Ecuador\",\"freight operations Quito\",\"freight volume Latin America\",\"global flower distribution\",\"Handelsrouten Blumenexport\",\"industrie florale \u00c9quateur\",\"logistique des fleurs Amsterdam\",\"Luftfracht Export Ecuador\",\"Luftfracht Wachstum\",\"Mariscal Sucre airport\",\"marketing des fleurs Miami\",\"op\u00e9rations a\u00e9roport Quito\",\"op\u00e9rations de fret Quito\",\"Quito airport operations\",\"Quito Flughafenbetrieb\",\"routes commerciales exportation de fleurs\",\"saison d'exportation de fleurs 2026\",\"statistiques d'exportation \u00c9quateur\",\"trade routes flower export\",\"Valentine's Day flower export\",\"Valentinstag Blumenexport\",\"vols de fret \u00c9quateur\",\"volume de fret Am\u00e9rique Latine\"],\"articleSection\":[\"Europa\",\"Spedizioniere e Logistica\",\"Trasporto aereo\"],\"inLanguage\":\"it-IT\",\"potentialAction\":[{\"@type\":\"CommentAction\",\"name\":\"Comment\",\"target\":[\"https:\\\/\\\/transportjournal.com\\\/it\\\/2026\\\/01\\\/23\\\/esportazioni-di-fiori-dallecuador-avviate\\\/#respond\"]}]},{\"@type\":\"WebPage\",\"@id\":\"https:\\\/\\\/transportjournal.com\\\/it\\\/2026\\\/01\\\/23\\\/esportazioni-di-fiori-dallecuador-avviate\\\/\",\"url\":\"https:\\\/\\\/transportjournal.com\\\/it\\\/2026\\\/01\\\/23\\\/esportazioni-di-fiori-dallecuador-avviate\\\/\",\"name\":\"Esportazioni di fiori dall'Ecuador avviate - ITJ | International Transport Journal\",\"isPartOf\":{\"@id\":\"https:\\\/\\\/transportjournal.com\\\/it\\\/#website\"},\"primaryImageOfPage\":{\"@id\":\"https:\\\/\\\/transportjournal.com\\\/it\\\/2026\\\/01\\\/23\\\/esportazioni-di-fiori-dallecuador-avviate\\\/#primaryimage\"},\"image\":{\"@id\":\"https:\\\/\\\/transportjournal.com\\\/it\\\/2026\\\/01\\\/23\\\/esportazioni-di-fiori-dallecuador-avviate\\\/#primaryimage\"},\"thumbnailUrl\":\"https:\\\/\\\/transportjournal.com\\\/wp-content\\\/uploads\\\/sites\\\/2\\\/2026\\\/01\\\/Quiport-DSC02956-1-scaled-1-aspect-ratio-1400-788.jpg\",\"datePublished\":\"2026-01-23T10:43:30+00:00\",\"breadcrumb\":{\"@id\":\"https:\\\/\\\/transportjournal.com\\\/it\\\/2026\\\/01\\\/23\\\/esportazioni-di-fiori-dallecuador-avviate\\\/#breadcrumb\"},\"inLanguage\":\"it-IT\",\"potentialAction\":[{\"@type\":\"ReadAction\",\"target\":[\"https:\\\/\\\/transportjournal.com\\\/it\\\/2026\\\/01\\\/23\\\/esportazioni-di-fiori-dallecuador-avviate\\\/\"]}]},{\"@type\":\"ImageObject\",\"inLanguage\":\"it-IT\",\"@id\":\"https:\\\/\\\/transportjournal.com\\\/it\\\/2026\\\/01\\\/23\\\/esportazioni-di-fiori-dallecuador-avviate\\\/#primaryimage\",\"url\":\"https:\\\/\\\/transportjournal.com\\\/wp-content\\\/uploads\\\/sites\\\/2\\\/2026\\\/01\\\/Quiport-DSC02956-1-scaled-1-aspect-ratio-1400-788.jpg\",\"contentUrl\":\"https:\\\/\\\/transportjournal.com\\\/wp-content\\\/uploads\\\/sites\\\/2\\\/2026\\\/01\\\/Quiport-DSC02956-1-scaled-1-aspect-ratio-1400-788.jpg\",\"width\":2541,\"height\":1430},{\"@type\":\"BreadcrumbList\",\"@id\":\"https:\\\/\\\/transportjournal.com\\\/it\\\/2026\\\/01\\\/23\\\/esportazioni-di-fiori-dallecuador-avviate\\\/#breadcrumb\",\"itemListElement\":[{\"@type\":\"ListItem\",\"position\":1,\"name\":\"Startseite\",\"item\":\"https:\\\/\\\/transportjournal.com\\\/it\\\/\"},{\"@type\":\"ListItem\",\"position\":2,\"name\":\"Esportazioni di fiori dall&#8217;Ecuador avviate\"}]},{\"@type\":\"WebSite\",\"@id\":\"https:\\\/\\\/transportjournal.com\\\/it\\\/#website\",\"url\":\"https:\\\/\\\/transportjournal.com\\\/it\\\/\",\"name\":\"ITJ | International Transport Journal\",\"description\":\"Stay informed with the latest global news from the transport, logistics, and supply chain industries. Transport Journal delivers expert insights, analysis, and updates across shipping, aviation, intermodal, and forwarding.\",\"publisher\":{\"@id\":\"https:\\\/\\\/transportjournal.com\\\/it\\\/#organization\"},\"potentialAction\":[{\"@type\":\"SearchAction\",\"target\":{\"@type\":\"EntryPoint\",\"urlTemplate\":\"https:\\\/\\\/transportjournal.com\\\/it\\\/?s={search_term_string}\"},\"query-input\":{\"@type\":\"PropertyValueSpecification\",\"valueRequired\":true,\"valueName\":\"search_term_string\"}}],\"inLanguage\":\"it-IT\"},{\"@type\":\"Organization\",\"@id\":\"https:\\\/\\\/transportjournal.com\\\/it\\\/#organization\",\"name\":\"Logismedia Group AG\",\"alternateName\":\"Logismedia Group AG\",\"url\":\"https:\\\/\\\/transportjournal.com\\\/it\\\/\",\"logo\":{\"@type\":\"ImageObject\",\"inLanguage\":\"it-IT\",\"@id\":\"https:\\\/\\\/transportjournal.com\\\/it\\\/#\\\/schema\\\/logo\\\/image\\\/\",\"url\":\"https:\\\/\\\/transportjournal.com\\\/wp-content\\\/uploads\\\/sites\\\/2\\\/2025\\\/09\\\/Logo_ITJ.png\",\"contentUrl\":\"https:\\\/\\\/transportjournal.com\\\/wp-content\\\/uploads\\\/sites\\\/2\\\/2025\\\/09\\\/Logo_ITJ.png\",\"width\":799,\"height\":326,\"caption\":\"Logismedia Group AG\"},\"image\":{\"@id\":\"https:\\\/\\\/transportjournal.com\\\/it\\\/#\\\/schema\\\/logo\\\/image\\\/\"},\"sameAs\":[\"https:\\\/\\\/www.linkedin.com\\\/company\\\/56456496\\\/admin\\\/dashboard\\\/\",\"https:\\\/\\\/www.instagram.com\\\/logismediagroup\\\/\",\"https:\\\/\\\/www.youtube.com\\\/@LogiamediaGroupAG\"]},{\"@type\":\"Person\",\"@id\":\"https:\\\/\\\/transportjournal.com\\\/it\\\/#\\\/schema\\\/person\\\/cf538b3157f15afd7589245a4b3dbd25\",\"name\":\"Andreas Haug\",\"url\":\"https:\\\/\\\/transportjournal.com\\\/it\\\/author\\\/andreas\\\/\"}]}<\/script>\n<!-- \/ Yoast SEO plugin. -->","yoast_head_json":{"title":"Esportazioni di fiori dall'Ecuador avviate - ITJ | International Transport Journal","robots":{"index":"index","follow":"follow","max-snippet":"max-snippet:-1","max-image-preview":"max-image-preview:large","max-video-preview":"max-video-preview:-1"},"canonical":"https:\/\/transportjournal.com\/it\/2026\/01\/23\/esportazioni-di-fiori-dallecuador-avviate\/","og_locale":"it_IT","og_type":"article","og_title":"Esportazioni di fiori dall'Ecuador avviate - ITJ | International Transport Journal","og_description":"Il 20 gennaio 2026 \u00e8 iniziata la stagione di esportazione dei fiori per San Valentino all'aeroporto Mariscal Sucre di Quito, che durer\u00e0 fino al 10 febbraio.","og_url":"https:\/\/transportjournal.com\/it\/2026\/01\/23\/esportazioni-di-fiori-dallecuador-avviate\/","og_site_name":"ITJ | International Transport Journal","article_published_time":"2026-01-23T10:43:30+00:00","og_image":[{"width":2541,"height":1430,"url":"https:\/\/transportjournal.com\/wp-content\/uploads\/sites\/2\/2026\/01\/Quiport-DSC02956-1-scaled-1-aspect-ratio-1400-788.jpg","type":"image\/jpeg"}],"author":"Andreas Haug","twitter_card":"summary_large_image","twitter_misc":{"Scritto da":"Andreas Haug","Tempo di lettura stimato":"1 minuto"},"schema":{"@context":"https:\/\/schema.org","@graph":[{"@type":"Article","@id":"https:\/\/transportjournal.com\/it\/2026\/01\/23\/esportazioni-di-fiori-dallecuador-avviate\/#article","isPartOf":{"@id":"https:\/\/transportjournal.com\/it\/2026\/01\/23\/esportazioni-di-fiori-dallecuador-avviate\/"},"author":{"name":"Andreas Haug","@id":"https:\/\/transportjournal.com\/it\/#\/schema\/person\/cf538b3157f15afd7589245a4b3dbd25"},"headline":"Esportazioni di fiori dall&#8217;Ecuador avviate","datePublished":"2026-01-23T10:43:30+00:00","mainEntityOfPage":{"@id":"https:\/\/transportjournal.com\/it\/2026\/01\/23\/esportazioni-di-fiori-dallecuador-avviate\/"},"wordCount":284,"commentCount":0,"publisher":{"@id":"https:\/\/transportjournal.com\/it\/#organization"},"image":{"@id":"https:\/\/transportjournal.com\/it\/2026\/01\/23\/esportazioni-di-fiori-dallecuador-avviate\/#primaryimage"},"thumbnailUrl":"https:\/\/transportjournal.com\/wp-content\/uploads\/sites\/2\/2026\/01\/Quiport-DSC02956-1-scaled-1-aspect-ratio-1400-788.jpg","keywords":["a\u00e9roport Mariscal Sucre","air freight export Ecuador","air freight growth","augmentation de l'exportation de fleurs","Blumenexport Anstieg","Blumenexport Saison 2026","Blumenexport USA","Blumenindustrie Ecuador","Blumenlogistik Amsterdam","Blumenvermarktung Miami","Blumenverteilung Europa","Blumenverteilung weltweit","Corporaci\u00f3n Quiport","Corporaci\u00f3n Quiport English Ecuador flower export","Corporaci\u00f3n Quiport Fran\u00e7ais exportation de fleurs \u00c9quateur","croissance du fret a\u00e9rien","Deutsch Blumenexport Ecuador","distribution de fleurs Europe","distribution mondiale de fleurs","export statistics Ecuador","exportation de fleurs \u00c9tats-Unis","exportation de fleurs Saint-Valentin","exportation de fret a\u00e9rien \u00c9quateur","Exportstatistik Ecuador","flower distribution Europe","flower export increase","flower export season 2026","flower export USA","flower industry Ecuador","flower logistics Amsterdam","flower marketing Miami","Flughafen Mariscal Sucre","Frachtfl\u00fcge Ecuador","Frachtoperationen Quito","Frachtvolumen Lateinamerika","freight flights Ecuador","freight operations Quito","freight volume Latin America","global flower distribution","Handelsrouten Blumenexport","industrie florale \u00c9quateur","logistique des fleurs Amsterdam","Luftfracht Export Ecuador","Luftfracht Wachstum","Mariscal Sucre airport","marketing des fleurs Miami","op\u00e9rations a\u00e9roport Quito","op\u00e9rations de fret Quito","Quito airport operations","Quito Flughafenbetrieb","routes commerciales exportation de fleurs","saison d'exportation de fleurs 2026","statistiques d'exportation \u00c9quateur","trade routes flower export","Valentine's Day flower export","Valentinstag Blumenexport","vols de fret \u00c9quateur","volume de fret Am\u00e9rique Latine"],"articleSection":["Europa","Spedizioniere e Logistica","Trasporto aereo"],"inLanguage":"it-IT","potentialAction":[{"@type":"CommentAction","name":"Comment","target":["https:\/\/transportjournal.com\/it\/2026\/01\/23\/esportazioni-di-fiori-dallecuador-avviate\/#respond"]}]},{"@type":"WebPage","@id":"https:\/\/transportjournal.com\/it\/2026\/01\/23\/esportazioni-di-fiori-dallecuador-avviate\/","url":"https:\/\/transportjournal.com\/it\/2026\/01\/23\/esportazioni-di-fiori-dallecuador-avviate\/","name":"Esportazioni di fiori dall'Ecuador avviate - ITJ | International Transport Journal","isPartOf":{"@id":"https:\/\/transportjournal.com\/it\/#website"},"primaryImageOfPage":{"@id":"https:\/\/transportjournal.com\/it\/2026\/01\/23\/esportazioni-di-fiori-dallecuador-avviate\/#primaryimage"},"image":{"@id":"https:\/\/transportjournal.com\/it\/2026\/01\/23\/esportazioni-di-fiori-dallecuador-avviate\/#primaryimage"},"thumbnailUrl":"https:\/\/transportjournal.com\/wp-content\/uploads\/sites\/2\/2026\/01\/Quiport-DSC02956-1-scaled-1-aspect-ratio-1400-788.jpg","datePublished":"2026-01-23T10:43:30+00:00","breadcrumb":{"@id":"https:\/\/transportjournal.com\/it\/2026\/01\/23\/esportazioni-di-fiori-dallecuador-avviate\/#breadcrumb"},"inLanguage":"it-IT","potentialAction":[{"@type":"ReadAction","target":["https:\/\/transportjournal.com\/it\/2026\/01\/23\/esportazioni-di-fiori-dallecuador-avviate\/"]}]},{"@type":"ImageObject","inLanguage":"it-IT","@id":"https:\/\/transportjournal.com\/it\/2026\/01\/23\/esportazioni-di-fiori-dallecuador-avviate\/#primaryimage","url":"https:\/\/transportjournal.com\/wp-content\/uploads\/sites\/2\/2026\/01\/Quiport-DSC02956-1-scaled-1-aspect-ratio-1400-788.jpg","contentUrl":"https:\/\/transportjournal.com\/wp-content\/uploads\/sites\/2\/2026\/01\/Quiport-DSC02956-1-scaled-1-aspect-ratio-1400-788.jpg","width":2541,"height":1430},{"@type":"BreadcrumbList","@id":"https:\/\/transportjournal.com\/it\/2026\/01\/23\/esportazioni-di-fiori-dallecuador-avviate\/#breadcrumb","itemListElement":[{"@type":"ListItem","position":1,"name":"Startseite","item":"https:\/\/transportjournal.com\/it\/"},{"@type":"ListItem","position":2,"name":"Esportazioni di fiori dall&#8217;Ecuador avviate"}]},{"@type":"WebSite","@id":"https:\/\/transportjournal.com\/it\/#website","url":"https:\/\/transportjournal.com\/it\/","name":"ITJ | International Transport Journal","description":"Stay informed with the latest global news from the transport, logistics, and supply chain industries. Transport Journal delivers expert insights, analysis, and updates across shipping, aviation, intermodal, and forwarding.","publisher":{"@id":"https:\/\/transportjournal.com\/it\/#organization"},"potentialAction":[{"@type":"SearchAction","target":{"@type":"EntryPoint","urlTemplate":"https:\/\/transportjournal.com\/it\/?s={search_term_string}"},"query-input":{"@type":"PropertyValueSpecification","valueRequired":true,"valueName":"search_term_string"}}],"inLanguage":"it-IT"},{"@type":"Organization","@id":"https:\/\/transportjournal.com\/it\/#organization","name":"Logismedia Group AG","alternateName":"Logismedia Group AG","url":"https:\/\/transportjournal.com\/it\/","logo":{"@type":"ImageObject","inLanguage":"it-IT","@id":"https:\/\/transportjournal.com\/it\/#\/schema\/logo\/image\/","url":"https:\/\/transportjournal.com\/wp-content\/uploads\/sites\/2\/2025\/09\/Logo_ITJ.png","contentUrl":"https:\/\/transportjournal.com\/wp-content\/uploads\/sites\/2\/2025\/09\/Logo_ITJ.png","width":799,"height":326,"caption":"Logismedia Group AG"},"image":{"@id":"https:\/\/transportjournal.com\/it\/#\/schema\/logo\/image\/"},"sameAs":["https:\/\/www.linkedin.com\/company\/56456496\/admin\/dashboard\/","https:\/\/www.instagram.com\/logismediagroup\/","https:\/\/www.youtube.com\/@LogiamediaGroupAG"]},{"@type":"Person","@id":"https:\/\/transportjournal.com\/it\/#\/schema\/person\/cf538b3157f15afd7589245a4b3dbd25","name":"Andreas Haug","url":"https:\/\/transportjournal.com\/it\/author\/andreas\/"}]}},"_links":{"self":[{"href":"https:\/\/transportjournal.com\/it\/wp-json\/wp\/v2\/posts\/74188","targetHints":{"allow":["GET"]}}],"collection":[{"href":"https:\/\/transportjournal.com\/it\/wp-json\/wp\/v2\/posts"}],"about":[{"href":"https:\/\/transportjournal.com\/it\/wp-json\/wp\/v2\/types\/post"}],"author":[{"embeddable":true,"href":"https:\/\/transportjournal.com\/it\/wp-json\/wp\/v2\/users\/12"}],"replies":[{"embeddable":true,"href":"https:\/\/transportjournal.com\/it\/wp-json\/wp\/v2\/comments?post=74188"}],"version-history":[{"count":0,"href":"https:\/\/transportjournal.com\/it\/wp-json\/wp\/v2\/posts\/74188\/revisions"}],"wp:featuredmedia":[{"embeddable":true,"href":"https:\/\/transportjournal.com\/it\/wp-json\/wp\/v2\/media\/74184"}],"wp:attachment":[{"href":"https:\/\/transportjournal.com\/it\/wp-json\/wp\/v2\/media?parent=74188"}],"wp:term":[{"taxonomy":"category","embeddable":true,"href":"https:\/\/transportjournal.com\/it\/wp-json\/wp\/v2\/categories?post=74188"},{"taxonomy":"post_tag","embeddable":true,"href":"https:\/\/transportjournal.com\/it\/wp-json\/wp\/v2\/tags?post=74188"}],"curies":[{"name":"wp","href":"https:\/\/api.w.org\/{rel}","templated":true}]}}