{"id":74165,"date":"2026-01-23T10:08:57","date_gmt":"2026-01-23T10:08:57","guid":{"rendered":"https:\/\/transportjournal.com\/2026\/01\/23\/fedex-nomina-salil-chari-a-presidente\/"},"modified":"2026-01-23T10:08:57","modified_gmt":"2026-01-23T10:08:57","slug":"fedex-nomina-salil-chari-a-presidente","status":"publish","type":"post","link":"https:\/\/transportjournal.com\/it\/2026\/01\/23\/fedex-nomina-salil-chari-a-presidente\/","title":{"rendered":"FedEx nomina Salil Chari a presidente"},"content":{"rendered":"<p>Federal Express Corporation (FedEx) ha nominato Salil Chari nuovo presidente della regione Asia-Pacifico. Chari, che in precedenza ha ricoperto il ruolo di Senior Vice President per Marketing e Customer Experience nella regione APAC, ha assunto la sua nuova posizione il 1\u00b0 gennaio 2026. Succede a Kawal Preet, che \u00e8 passata a un nuovo ruolo di Executive Vice President per Pianificazione, Ingegneria e Trasformazione.<\/p>\n<p>In qualit\u00e0 di presidente regionale, Chari \u00e8 responsabile della direzione strategica dell&#8217;azienda e guida un team di quasi 30.000 dipendenti nella regione APAC. Tra i suoi compiti ci sono la promozione di una crescita redditizia, la fornitura di esperienze eccezionali per i clienti e il miglioramento dell&#8217;eccellenza operativa nella regione.<\/p>\n<p>Richard W. Smith, Chief Operating Officer di FedEx International, ha espresso commenti positivi sulla nomina: &#8222;Sono lieto di dare il benvenuto a Salil come nuovo presidente per l&#8217;Asia-Pacifico. Questo segna un nuovo capitolo entusiasmante per la nostra attivit\u00e0 nella regione APAC. Salil porta con s\u00e9 esperienze eccezionali nella leadership multiregionale e ha una passione per offrire valore ai nostri clienti. Con la sua profonda comprensione della regione, sono fiducioso che porter\u00e0 la nostra attivit\u00e0 nella regione APAC a nuove vette.&#8220;<\/p>\n<p>Salil Chari ha iniziato la sua carriera in FedEx nel 1997 come analista di marketing a Memphis, negli Stati Uniti. Attraverso vari ruoli di leadership in America Latina, nei Caraibi, nella regione APAC, nonch\u00e9 in Medio Oriente, nel subcontinente indiano e in Africa, si \u00e8 sempre impegnato a migliorare l&#8217;esperienza del cliente e a supportare le aziende nell&#8217;espandere la loro portata globale e nel cogliere nuove opportunit\u00e0 di mercato.<\/p>\n<p>&#8222;\u00c8 un onore per me guidare un team cos\u00ec talentuoso in una regione che \u00e8 al centro del commercio globale&#8220;, ha dichiarato Chari. &#8222;L&#8217;Asia-Pacifico ospita alcune delle rotte commerciali pi\u00f9 dinamiche e in rapida evoluzione del mondo, che offrono opportunit\u00e0 di crescita e competitivit\u00e0 alle aziende di tutte le dimensioni. Mentre costruiamo su una base solida, il mio obiettivo \u00e8 rafforzare la resilienza, accelerare la crescita e approfondire il ruolo di FedEx come partner prezioso per i nostri clienti e le nostre comunit\u00e0. Con l&#8217;impegno instancabile dei nostri membri del team, che vivono il Purple Promise ogni giorno per rendere ogni esperienza del cliente eccezionale, continueremo a connettere le aziende con nuove opportunit\u00e0, a promuovere l&#8217;innovazione e a facilitare il commercio globale in un mercato in continua evoluzione.&#8220;<\/p>\n<p>&nbsp;<\/p>\n<p><a href=\"https:\/\/www.fedex.com\/\" target=\"_blank\" rel=\"noopener noreferrer\">www.fedex.com<\/a><\/p>\n<p>&nbsp;<\/p>\n","protected":false},"excerpt":{"rendered":"<p>Salil Chari \u00e8 stato nominato presidente della regione APAC di FedEx e guider\u00e0 l&#8217;orientamento strategico e la crescita dell&#8217;azienda.<\/p>\n","protected":false},"author":12,"featured_media":74161,"comment_status":"open","ping_status":"open","sticky":false,"template":"","format":"standard","meta":{"_acf_changed":false,"footnotes":""},"categories":[1627,1629],"tags":[8811,5128,2112,8812,8813,4755,3739,2211,2212,4984,8814,2122,4207,2123,5139,5140,8815,8816,2125,3745,2075,2279,2280,8817,8818,2130,4128,1831,2622,8819,8820,1800,4988,8821,8822,8823,2479,8824,8825,8826,2481,8827,8828,8829,2339,2106,2641,8830,2242,2155,1837,2157,8831],"class_list":["post-74165","post","type-post","status-publish","format-standard","has-post-thumbnail","hentry","category-persone-e-aziende","category-spedizioni-e-logistica","tag-apac-region","tag-commerce-mondial","tag-corporate-leadership","tag-customer-experience","tag-customer-retention-francais-fedex","tag-deutsch-fedex","tag-developpement-des-infrastructures","tag-digital-transformation","tag-digitale-transformation","tag-excellence-operationnelle","tag-experience-client","tag-fachkraeftemangel-logistik","tag-fidelisation-des-clients","tag-gestion-de-la-chaine-dapprovisionnement","tag-global-trade","tag-globaler-handel","tag-growth-opportunities","tag-handelswege-asien","tag-industrie-du-transport","tag-infrastructure-development","tag-infrastrukturentwicklung","tag-international-logistics","tag-internationale-logistik","tag-kundenbindung-english-fedex","tag-kundenerfahrung","tag-leadership-dentreprise","tag-logistics-provider","tag-logistikdienstleister","tag-logistique-durable","tag-market-opportunities","tag-marktchancen","tag-nachhaltige-logistik","tag-operational-excellence","tag-operativen-exzellenz","tag-opportunites-de-croissance","tag-opportunites-de-marche","tag-penurie-de-competences-logistique","tag-praesident-asien-pazifik","tag-president-asia-pacific","tag-president-asie-pacifique","tag-prestataire-logistique","tag-region-apac","tag-routes-commerciales-asie","tag-salil-chari","tag-skills-shortage-logistics","tag-supply-chain-management","tag-sustainable-logistics","tag-trade-routes-asia","tag-transformation-numerique","tag-transport-industry","tag-transportwirtschaft","tag-unternehmensfuehrung","tag-wachstumsmoeglichkeiten"],"acf":[],"yoast_head":"<!-- This site is optimized with the Yoast SEO plugin v27.3 - https:\/\/yoast.com\/product\/yoast-seo-wordpress\/ -->\n<title>FedEx nomina Salil Chari a presidente - ITJ | International Transport Journal<\/title>\n<meta name=\"robots\" content=\"index, follow, max-snippet:-1, max-image-preview:large, max-video-preview:-1\" \/>\n<link rel=\"canonical\" href=\"https:\/\/transportjournal.com\/it\/2026\/01\/23\/fedex-nomina-salil-chari-a-presidente\/\" \/>\n<meta property=\"og:locale\" content=\"it_IT\" \/>\n<meta property=\"og:type\" content=\"article\" \/>\n<meta property=\"og:title\" content=\"FedEx nomina Salil Chari a presidente - ITJ | International Transport Journal\" \/>\n<meta property=\"og:description\" content=\"Salil Chari \u00e8 stato nominato presidente della regione APAC di FedEx e guider\u00e0 l&#039;orientamento strategico e la crescita dell&#039;azienda.\" \/>\n<meta property=\"og:url\" content=\"https:\/\/transportjournal.com\/it\/2026\/01\/23\/fedex-nomina-salil-chari-a-presidente\/\" \/>\n<meta property=\"og:site_name\" content=\"ITJ | International Transport Journal\" \/>\n<meta property=\"article:published_time\" content=\"2026-01-23T10:08:57+00:00\" \/>\n<meta property=\"og:image\" content=\"https:\/\/transportjournal.com\/wp-content\/uploads\/sites\/2\/2026\/01\/Fedex-Salil-Chari-aspect-ratio-1400-788-1.webp\" \/>\n\t<meta property=\"og:image:width\" content=\"878\" \/>\n\t<meta property=\"og:image:height\" content=\"494\" \/>\n\t<meta property=\"og:image:type\" content=\"image\/webp\" \/>\n<meta name=\"author\" content=\"Andreas Haug\" \/>\n<meta name=\"twitter:card\" content=\"summary_large_image\" \/>\n<meta name=\"twitter:label1\" content=\"Scritto da\" \/>\n\t<meta name=\"twitter:data1\" content=\"Andreas Haug\" \/>\n\t<meta name=\"twitter:label2\" content=\"Tempo di lettura stimato\" \/>\n\t<meta name=\"twitter:data2\" content=\"2 minuto\" \/>\n<script type=\"application\/ld+json\" class=\"yoast-schema-graph\">{\"@context\":\"https:\\\/\\\/schema.org\",\"@graph\":[{\"@type\":\"Article\",\"@id\":\"https:\\\/\\\/transportjournal.com\\\/it\\\/2026\\\/01\\\/23\\\/fedex-nomina-salil-chari-a-presidente\\\/#article\",\"isPartOf\":{\"@id\":\"https:\\\/\\\/transportjournal.com\\\/it\\\/2026\\\/01\\\/23\\\/fedex-nomina-salil-chari-a-presidente\\\/\"},\"author\":{\"name\":\"Andreas Haug\",\"@id\":\"https:\\\/\\\/transportjournal.com\\\/it\\\/#\\\/schema\\\/person\\\/cf538b3157f15afd7589245a4b3dbd25\"},\"headline\":\"FedEx nomina Salil Chari a presidente\",\"datePublished\":\"2026-01-23T10:08:57+00:00\",\"mainEntityOfPage\":{\"@id\":\"https:\\\/\\\/transportjournal.com\\\/it\\\/2026\\\/01\\\/23\\\/fedex-nomina-salil-chari-a-presidente\\\/\"},\"wordCount\":399,\"commentCount\":0,\"publisher\":{\"@id\":\"https:\\\/\\\/transportjournal.com\\\/it\\\/#organization\"},\"image\":{\"@id\":\"https:\\\/\\\/transportjournal.com\\\/it\\\/2026\\\/01\\\/23\\\/fedex-nomina-salil-chari-a-presidente\\\/#primaryimage\"},\"thumbnailUrl\":\"https:\\\/\\\/transportjournal.com\\\/wp-content\\\/uploads\\\/sites\\\/2\\\/2026\\\/01\\\/Fedex-Salil-Chari-aspect-ratio-1400-788-1.webp\",\"keywords\":[\"APAC-Region\",\"commerce mondial\",\"corporate leadership\",\"customer experience\",\"customer retention Fran\u00e7ais FedEx\",\"Deutsch FedEx\",\"d\u00e9veloppement des infrastructures\",\"digital transformation\",\"digitale Transformation\",\"excellence op\u00e9rationnelle\",\"exp\u00e9rience client\",\"Fachkr\u00e4ftemangel Logistik\",\"fid\u00e9lisation des clients\",\"gestion de la cha\u00eene d'approvisionnement\",\"global trade\",\"globaler Handel\",\"growth opportunities\",\"Handelswege Asien\",\"industrie du transport\",\"infrastructure development\",\"Infrastrukturentwicklung\",\"international logistics\",\"internationale Logistik\",\"Kundenbindung English FedEx\",\"Kundenerfahrung\",\"leadership d'entreprise\",\"logistics provider\",\"Logistikdienstleister\",\"logistique durable\",\"market opportunities\",\"Marktchancen\",\"nachhaltige Logistik\",\"operational excellence\",\"operativen Exzellenz\",\"opportunit\u00e9s de croissance\",\"opportunit\u00e9s de march\u00e9\",\"p\u00e9nurie de comp\u00e9tences logistique\",\"Pr\u00e4sident Asien-Pazifik\",\"President Asia-Pacific\",\"Pr\u00e9sident Asie-Pacifique\",\"prestataire logistique\",\"r\u00e9gion APAC\",\"routes commerciales Asie\",\"Salil Chari\",\"skills shortage logistics\",\"Supply Chain Management\",\"sustainable logistics\",\"trade routes Asia\",\"transformation num\u00e9rique\",\"transport industry\",\"Transportwirtschaft\",\"Unternehmensf\u00fchrung\",\"Wachstumsm\u00f6glichkeiten\"],\"articleSection\":[\"Persone e aziende\",\"Spedizioniere e Logistica\"],\"inLanguage\":\"it-IT\",\"potentialAction\":[{\"@type\":\"CommentAction\",\"name\":\"Comment\",\"target\":[\"https:\\\/\\\/transportjournal.com\\\/it\\\/2026\\\/01\\\/23\\\/fedex-nomina-salil-chari-a-presidente\\\/#respond\"]}]},{\"@type\":\"WebPage\",\"@id\":\"https:\\\/\\\/transportjournal.com\\\/it\\\/2026\\\/01\\\/23\\\/fedex-nomina-salil-chari-a-presidente\\\/\",\"url\":\"https:\\\/\\\/transportjournal.com\\\/it\\\/2026\\\/01\\\/23\\\/fedex-nomina-salil-chari-a-presidente\\\/\",\"name\":\"FedEx nomina Salil Chari a presidente - ITJ | International Transport Journal\",\"isPartOf\":{\"@id\":\"https:\\\/\\\/transportjournal.com\\\/it\\\/#website\"},\"primaryImageOfPage\":{\"@id\":\"https:\\\/\\\/transportjournal.com\\\/it\\\/2026\\\/01\\\/23\\\/fedex-nomina-salil-chari-a-presidente\\\/#primaryimage\"},\"image\":{\"@id\":\"https:\\\/\\\/transportjournal.com\\\/it\\\/2026\\\/01\\\/23\\\/fedex-nomina-salil-chari-a-presidente\\\/#primaryimage\"},\"thumbnailUrl\":\"https:\\\/\\\/transportjournal.com\\\/wp-content\\\/uploads\\\/sites\\\/2\\\/2026\\\/01\\\/Fedex-Salil-Chari-aspect-ratio-1400-788-1.webp\",\"datePublished\":\"2026-01-23T10:08:57+00:00\",\"breadcrumb\":{\"@id\":\"https:\\\/\\\/transportjournal.com\\\/it\\\/2026\\\/01\\\/23\\\/fedex-nomina-salil-chari-a-presidente\\\/#breadcrumb\"},\"inLanguage\":\"it-IT\",\"potentialAction\":[{\"@type\":\"ReadAction\",\"target\":[\"https:\\\/\\\/transportjournal.com\\\/it\\\/2026\\\/01\\\/23\\\/fedex-nomina-salil-chari-a-presidente\\\/\"]}]},{\"@type\":\"ImageObject\",\"inLanguage\":\"it-IT\",\"@id\":\"https:\\\/\\\/transportjournal.com\\\/it\\\/2026\\\/01\\\/23\\\/fedex-nomina-salil-chari-a-presidente\\\/#primaryimage\",\"url\":\"https:\\\/\\\/transportjournal.com\\\/wp-content\\\/uploads\\\/sites\\\/2\\\/2026\\\/01\\\/Fedex-Salil-Chari-aspect-ratio-1400-788-1.webp\",\"contentUrl\":\"https:\\\/\\\/transportjournal.com\\\/wp-content\\\/uploads\\\/sites\\\/2\\\/2026\\\/01\\\/Fedex-Salil-Chari-aspect-ratio-1400-788-1.webp\",\"width\":878,\"height\":494},{\"@type\":\"BreadcrumbList\",\"@id\":\"https:\\\/\\\/transportjournal.com\\\/it\\\/2026\\\/01\\\/23\\\/fedex-nomina-salil-chari-a-presidente\\\/#breadcrumb\",\"itemListElement\":[{\"@type\":\"ListItem\",\"position\":1,\"name\":\"Startseite\",\"item\":\"https:\\\/\\\/transportjournal.com\\\/it\\\/\"},{\"@type\":\"ListItem\",\"position\":2,\"name\":\"FedEx nomina Salil Chari a presidente\"}]},{\"@type\":\"WebSite\",\"@id\":\"https:\\\/\\\/transportjournal.com\\\/it\\\/#website\",\"url\":\"https:\\\/\\\/transportjournal.com\\\/it\\\/\",\"name\":\"ITJ | International Transport Journal\",\"description\":\"Stay informed with the latest global news from the transport, logistics, and supply chain industries. Transport Journal delivers expert insights, analysis, and updates across shipping, aviation, intermodal, and forwarding.\",\"publisher\":{\"@id\":\"https:\\\/\\\/transportjournal.com\\\/it\\\/#organization\"},\"potentialAction\":[{\"@type\":\"SearchAction\",\"target\":{\"@type\":\"EntryPoint\",\"urlTemplate\":\"https:\\\/\\\/transportjournal.com\\\/it\\\/?s={search_term_string}\"},\"query-input\":{\"@type\":\"PropertyValueSpecification\",\"valueRequired\":true,\"valueName\":\"search_term_string\"}}],\"inLanguage\":\"it-IT\"},{\"@type\":\"Organization\",\"@id\":\"https:\\\/\\\/transportjournal.com\\\/it\\\/#organization\",\"name\":\"Logismedia Group AG\",\"alternateName\":\"Logismedia Group AG\",\"url\":\"https:\\\/\\\/transportjournal.com\\\/it\\\/\",\"logo\":{\"@type\":\"ImageObject\",\"inLanguage\":\"it-IT\",\"@id\":\"https:\\\/\\\/transportjournal.com\\\/it\\\/#\\\/schema\\\/logo\\\/image\\\/\",\"url\":\"https:\\\/\\\/transportjournal.com\\\/wp-content\\\/uploads\\\/sites\\\/2\\\/2025\\\/09\\\/Logo_ITJ.png\",\"contentUrl\":\"https:\\\/\\\/transportjournal.com\\\/wp-content\\\/uploads\\\/sites\\\/2\\\/2025\\\/09\\\/Logo_ITJ.png\",\"width\":799,\"height\":326,\"caption\":\"Logismedia Group AG\"},\"image\":{\"@id\":\"https:\\\/\\\/transportjournal.com\\\/it\\\/#\\\/schema\\\/logo\\\/image\\\/\"},\"sameAs\":[\"https:\\\/\\\/www.linkedin.com\\\/company\\\/56456496\\\/admin\\\/dashboard\\\/\",\"https:\\\/\\\/www.instagram.com\\\/logismediagroup\\\/\",\"https:\\\/\\\/www.youtube.com\\\/@LogiamediaGroupAG\"]},{\"@type\":\"Person\",\"@id\":\"https:\\\/\\\/transportjournal.com\\\/it\\\/#\\\/schema\\\/person\\\/cf538b3157f15afd7589245a4b3dbd25\",\"name\":\"Andreas Haug\",\"url\":\"https:\\\/\\\/transportjournal.com\\\/it\\\/author\\\/andreas\\\/\"}]}<\/script>\n<!-- \/ Yoast SEO plugin. -->","yoast_head_json":{"title":"FedEx nomina Salil Chari a presidente - ITJ | International Transport Journal","robots":{"index":"index","follow":"follow","max-snippet":"max-snippet:-1","max-image-preview":"max-image-preview:large","max-video-preview":"max-video-preview:-1"},"canonical":"https:\/\/transportjournal.com\/it\/2026\/01\/23\/fedex-nomina-salil-chari-a-presidente\/","og_locale":"it_IT","og_type":"article","og_title":"FedEx nomina Salil Chari a presidente - ITJ | International Transport Journal","og_description":"Salil Chari \u00e8 stato nominato presidente della regione APAC di FedEx e guider\u00e0 l'orientamento strategico e la crescita dell'azienda.","og_url":"https:\/\/transportjournal.com\/it\/2026\/01\/23\/fedex-nomina-salil-chari-a-presidente\/","og_site_name":"ITJ | International Transport Journal","article_published_time":"2026-01-23T10:08:57+00:00","og_image":[{"width":878,"height":494,"url":"https:\/\/transportjournal.com\/wp-content\/uploads\/sites\/2\/2026\/01\/Fedex-Salil-Chari-aspect-ratio-1400-788-1.webp","type":"image\/webp"}],"author":"Andreas Haug","twitter_card":"summary_large_image","twitter_misc":{"Scritto da":"Andreas Haug","Tempo di lettura stimato":"2 minuto"},"schema":{"@context":"https:\/\/schema.org","@graph":[{"@type":"Article","@id":"https:\/\/transportjournal.com\/it\/2026\/01\/23\/fedex-nomina-salil-chari-a-presidente\/#article","isPartOf":{"@id":"https:\/\/transportjournal.com\/it\/2026\/01\/23\/fedex-nomina-salil-chari-a-presidente\/"},"author":{"name":"Andreas Haug","@id":"https:\/\/transportjournal.com\/it\/#\/schema\/person\/cf538b3157f15afd7589245a4b3dbd25"},"headline":"FedEx nomina Salil Chari a presidente","datePublished":"2026-01-23T10:08:57+00:00","mainEntityOfPage":{"@id":"https:\/\/transportjournal.com\/it\/2026\/01\/23\/fedex-nomina-salil-chari-a-presidente\/"},"wordCount":399,"commentCount":0,"publisher":{"@id":"https:\/\/transportjournal.com\/it\/#organization"},"image":{"@id":"https:\/\/transportjournal.com\/it\/2026\/01\/23\/fedex-nomina-salil-chari-a-presidente\/#primaryimage"},"thumbnailUrl":"https:\/\/transportjournal.com\/wp-content\/uploads\/sites\/2\/2026\/01\/Fedex-Salil-Chari-aspect-ratio-1400-788-1.webp","keywords":["APAC-Region","commerce mondial","corporate leadership","customer experience","customer retention Fran\u00e7ais FedEx","Deutsch FedEx","d\u00e9veloppement des infrastructures","digital transformation","digitale Transformation","excellence op\u00e9rationnelle","exp\u00e9rience client","Fachkr\u00e4ftemangel Logistik","fid\u00e9lisation des clients","gestion de la cha\u00eene d'approvisionnement","global trade","globaler Handel","growth opportunities","Handelswege Asien","industrie du transport","infrastructure development","Infrastrukturentwicklung","international logistics","internationale Logistik","Kundenbindung English FedEx","Kundenerfahrung","leadership d'entreprise","logistics provider","Logistikdienstleister","logistique durable","market opportunities","Marktchancen","nachhaltige Logistik","operational excellence","operativen Exzellenz","opportunit\u00e9s de croissance","opportunit\u00e9s de march\u00e9","p\u00e9nurie de comp\u00e9tences logistique","Pr\u00e4sident Asien-Pazifik","President Asia-Pacific","Pr\u00e9sident Asie-Pacifique","prestataire logistique","r\u00e9gion APAC","routes commerciales Asie","Salil Chari","skills shortage logistics","Supply Chain Management","sustainable logistics","trade routes Asia","transformation num\u00e9rique","transport industry","Transportwirtschaft","Unternehmensf\u00fchrung","Wachstumsm\u00f6glichkeiten"],"articleSection":["Persone e aziende","Spedizioniere e Logistica"],"inLanguage":"it-IT","potentialAction":[{"@type":"CommentAction","name":"Comment","target":["https:\/\/transportjournal.com\/it\/2026\/01\/23\/fedex-nomina-salil-chari-a-presidente\/#respond"]}]},{"@type":"WebPage","@id":"https:\/\/transportjournal.com\/it\/2026\/01\/23\/fedex-nomina-salil-chari-a-presidente\/","url":"https:\/\/transportjournal.com\/it\/2026\/01\/23\/fedex-nomina-salil-chari-a-presidente\/","name":"FedEx nomina Salil Chari a presidente - ITJ | International Transport Journal","isPartOf":{"@id":"https:\/\/transportjournal.com\/it\/#website"},"primaryImageOfPage":{"@id":"https:\/\/transportjournal.com\/it\/2026\/01\/23\/fedex-nomina-salil-chari-a-presidente\/#primaryimage"},"image":{"@id":"https:\/\/transportjournal.com\/it\/2026\/01\/23\/fedex-nomina-salil-chari-a-presidente\/#primaryimage"},"thumbnailUrl":"https:\/\/transportjournal.com\/wp-content\/uploads\/sites\/2\/2026\/01\/Fedex-Salil-Chari-aspect-ratio-1400-788-1.webp","datePublished":"2026-01-23T10:08:57+00:00","breadcrumb":{"@id":"https:\/\/transportjournal.com\/it\/2026\/01\/23\/fedex-nomina-salil-chari-a-presidente\/#breadcrumb"},"inLanguage":"it-IT","potentialAction":[{"@type":"ReadAction","target":["https:\/\/transportjournal.com\/it\/2026\/01\/23\/fedex-nomina-salil-chari-a-presidente\/"]}]},{"@type":"ImageObject","inLanguage":"it-IT","@id":"https:\/\/transportjournal.com\/it\/2026\/01\/23\/fedex-nomina-salil-chari-a-presidente\/#primaryimage","url":"https:\/\/transportjournal.com\/wp-content\/uploads\/sites\/2\/2026\/01\/Fedex-Salil-Chari-aspect-ratio-1400-788-1.webp","contentUrl":"https:\/\/transportjournal.com\/wp-content\/uploads\/sites\/2\/2026\/01\/Fedex-Salil-Chari-aspect-ratio-1400-788-1.webp","width":878,"height":494},{"@type":"BreadcrumbList","@id":"https:\/\/transportjournal.com\/it\/2026\/01\/23\/fedex-nomina-salil-chari-a-presidente\/#breadcrumb","itemListElement":[{"@type":"ListItem","position":1,"name":"Startseite","item":"https:\/\/transportjournal.com\/it\/"},{"@type":"ListItem","position":2,"name":"FedEx nomina Salil Chari a presidente"}]},{"@type":"WebSite","@id":"https:\/\/transportjournal.com\/it\/#website","url":"https:\/\/transportjournal.com\/it\/","name":"ITJ | International Transport Journal","description":"Stay informed with the latest global news from the transport, logistics, and supply chain industries. Transport Journal delivers expert insights, analysis, and updates across shipping, aviation, intermodal, and forwarding.","publisher":{"@id":"https:\/\/transportjournal.com\/it\/#organization"},"potentialAction":[{"@type":"SearchAction","target":{"@type":"EntryPoint","urlTemplate":"https:\/\/transportjournal.com\/it\/?s={search_term_string}"},"query-input":{"@type":"PropertyValueSpecification","valueRequired":true,"valueName":"search_term_string"}}],"inLanguage":"it-IT"},{"@type":"Organization","@id":"https:\/\/transportjournal.com\/it\/#organization","name":"Logismedia Group AG","alternateName":"Logismedia Group AG","url":"https:\/\/transportjournal.com\/it\/","logo":{"@type":"ImageObject","inLanguage":"it-IT","@id":"https:\/\/transportjournal.com\/it\/#\/schema\/logo\/image\/","url":"https:\/\/transportjournal.com\/wp-content\/uploads\/sites\/2\/2025\/09\/Logo_ITJ.png","contentUrl":"https:\/\/transportjournal.com\/wp-content\/uploads\/sites\/2\/2025\/09\/Logo_ITJ.png","width":799,"height":326,"caption":"Logismedia Group AG"},"image":{"@id":"https:\/\/transportjournal.com\/it\/#\/schema\/logo\/image\/"},"sameAs":["https:\/\/www.linkedin.com\/company\/56456496\/admin\/dashboard\/","https:\/\/www.instagram.com\/logismediagroup\/","https:\/\/www.youtube.com\/@LogiamediaGroupAG"]},{"@type":"Person","@id":"https:\/\/transportjournal.com\/it\/#\/schema\/person\/cf538b3157f15afd7589245a4b3dbd25","name":"Andreas Haug","url":"https:\/\/transportjournal.com\/it\/author\/andreas\/"}]}},"_links":{"self":[{"href":"https:\/\/transportjournal.com\/it\/wp-json\/wp\/v2\/posts\/74165","targetHints":{"allow":["GET"]}}],"collection":[{"href":"https:\/\/transportjournal.com\/it\/wp-json\/wp\/v2\/posts"}],"about":[{"href":"https:\/\/transportjournal.com\/it\/wp-json\/wp\/v2\/types\/post"}],"author":[{"embeddable":true,"href":"https:\/\/transportjournal.com\/it\/wp-json\/wp\/v2\/users\/12"}],"replies":[{"embeddable":true,"href":"https:\/\/transportjournal.com\/it\/wp-json\/wp\/v2\/comments?post=74165"}],"version-history":[{"count":0,"href":"https:\/\/transportjournal.com\/it\/wp-json\/wp\/v2\/posts\/74165\/revisions"}],"wp:featuredmedia":[{"embeddable":true,"href":"https:\/\/transportjournal.com\/it\/wp-json\/wp\/v2\/media\/74161"}],"wp:attachment":[{"href":"https:\/\/transportjournal.com\/it\/wp-json\/wp\/v2\/media?parent=74165"}],"wp:term":[{"taxonomy":"category","embeddable":true,"href":"https:\/\/transportjournal.com\/it\/wp-json\/wp\/v2\/categories?post=74165"},{"taxonomy":"post_tag","embeddable":true,"href":"https:\/\/transportjournal.com\/it\/wp-json\/wp\/v2\/tags?post=74165"}],"curies":[{"name":"wp","href":"https:\/\/api.w.org\/{rel}","templated":true}]}}