{"id":73619,"date":"2026-01-20T14:27:48","date_gmt":"2026-01-20T14:27:48","guid":{"rendered":"https:\/\/transportjournal.com\/2026\/01\/20\/niccoli-nuovo-presidente-del-gruppo-anfia\/"},"modified":"2026-01-20T20:41:27","modified_gmt":"2026-01-20T19:41:27","slug":"niccoli-nuovo-presidente-del-gruppo-anfia","status":"publish","type":"post","link":"https:\/\/transportjournal.com\/it\/2026\/01\/20\/niccoli-nuovo-presidente-del-gruppo-anfia\/","title":{"rendered":"Niccoli nuovo presidente del gruppo ANFIA"},"content":{"rendered":"<p>Ranieri Niccoli \u00e8 stato nominato nuovo presidente del Gruppo dei costruttori di automobili all&#8217;interno dell&#8217;associazione di settore italiana ANFIA. Niccoli, che ricopre il ruolo di Chief Manufacturing Officer presso Automobili Lamborghini, succede a Umberto Tossini. Tossini \u00e8 stato riconosciuto per il suo impegno e il lavoro svolto a favore della rappresentanza della produzione automobilistica italiana in un periodo difficile.<\/p>\n<p>Nella sua prima dichiarazione, Niccoli ha espresso che \u00e8 un onore assumere questa posizione. Ha sottolineato le attuali sfide che l&#8217;industria automobilistica deve affrontare e ha evidenziato la necessit\u00e0 che i produttori si impegnino attivamente con innovazioni e decisioni industriali. Queste misure sono fondamentali per sostenere lo sviluppo tecnologico nel settore.<\/p>\n<p>Niccoli ha fatto notare che l&#8217;industria automobilistica gioca un ruolo strategico per l&#8217;Italia e l&#8217;Europa. Ha enfatizzato l&#8217;importanza di costruire sulla solida cultura industriale del paese, che \u00e8 profondamente radicata. Questa cultura deve essere promossa e valorizzata per dare alle aziende la possibilit\u00e0 di affrontare con successo le sfide future.<\/p>\n<p>La nomina di Niccoli avviene in un contesto in cui l&#8217;industria automobilistica si trova di fronte a numerose sfide, tra cui cambiamenti tecnologici e la necessit\u00e0 di adattarsi a nuove condizioni di mercato. L&#8217;ANFIA, l&#8217;associazione dei costruttori di automobili in Italia, gioca un ruolo centrale nel supportare il settore in questi tempi.<\/p>\n<p>&nbsp;<\/p>\n<p><a href=\"https:\/\/www.anfia.it\/\" target=\"_blank\" rel=\"noopener noreferrer\">www.anfia.it<\/a><\/p>\n<p>&nbsp;<\/p>\n","protected":false},"excerpt":{"rendered":"<p>Ranieri Niccoli \u00e8 stato nominato presidente dell&#8217;ANFIA e sottolinea l&#8217;importanza delle innovazioni per il settore automobilistico in Italia e in Europa<\/p>\n","protected":false},"author":12,"featured_media":73615,"comment_status":"open","ping_status":"open","sticky":false,"template":"","format":"standard","meta":{"_acf_changed":false,"footnotes":""},"categories":[1638,1627,1634,1629],"tags":[7328,7329,7330,7331,7332,7333,7334,7335,7336,7337,7338,7339,7340,7341,7342,7343,7344,7345,7346,7347,7348,7349,7350,7351,7352,7353,7354,7355,7356,7357,7358,7359,7360,7361,7362,7363,7364,7365,7366,7367,7368,7369,7370],"class_list":["post-73619","post","type-post","status-publish","format-standard","has-post-thumbnail","hentry","category-europa","category-persone-e-aziende","category-regioni","category-spedizioni-e-logistica","tag-anfia","tag-associations-de-fabricants-automobiles","tag-automobili-lamborghini","tag-automotive-manufacturers-associations-francais-industrie-automobile","tag-avenir-de-lindustrie-automobile","tag-challenges-in-the-automotive-sector","tag-changements-technologiques","tag-conditions-du-marche-du-secteur-automobile","tag-culture-industrielle-en-italie","tag-defis-du-secteur-automobile","tag-deutsch-automobilindustrie","tag-digitalisierung-in-der-automobilindustrie","tag-digitalization-in-the-automotive-industry","tag-europaeische-automobilproduktion","tag-european-automotive-production","tag-fabricants-automobiles-italiens","tag-fachkraeftemangel-automobilbranche","tag-future-of-the-automotive-industry","tag-herausforderungen-der-automobilbranche","tag-industrial-culture-in-italy","tag-industrial-innovations","tag-industrielle-innovationen","tag-industrielle-kultur-italien","tag-innovations-industrielles","tag-italian-car-manufacturers","tag-italienische-automobilhersteller","tag-market-conditions-automotive-sector","tag-marktbedingungen-automobilsektor","tag-nachhaltige-automobilproduktion","tag-numerisation-dans-lindustrie-automobile","tag-penurie-de-competences-dans-lindustrie-automobile","tag-production-automobile-durable","tag-production-automobile-europeenne","tag-ranieri-niccoli","tag-role-strategique-de-lindustrie-automobile","tag-skills-shortage-automotive-industry","tag-strategic-role-of-the-automotive-industry","tag-strategische-rolle-der-automobilindustrie","tag-sustainable-automotive-production","tag-technological-changes","tag-technologische-veraenderungen","tag-verbaende-der-automobilhersteller-english-automotive-industry","tag-zukunft-der-automobilindustrie"],"acf":[],"yoast_head":"<!-- This site is optimized with the Yoast SEO plugin v27.3 - https:\/\/yoast.com\/product\/yoast-seo-wordpress\/ -->\n<title>Niccoli nuovo presidente del gruppo ANFIA - ITJ | International Transport Journal<\/title>\n<meta name=\"robots\" content=\"index, follow, max-snippet:-1, max-image-preview:large, max-video-preview:-1\" \/>\n<link rel=\"canonical\" href=\"https:\/\/transportjournal.com\/it\/2026\/01\/20\/niccoli-nuovo-presidente-del-gruppo-anfia\/\" \/>\n<meta property=\"og:locale\" content=\"it_IT\" \/>\n<meta property=\"og:type\" content=\"article\" \/>\n<meta property=\"og:title\" content=\"Niccoli nuovo presidente del gruppo ANFIA - ITJ | International Transport Journal\" \/>\n<meta property=\"og:description\" content=\"Ranieri Niccoli \u00e8 stato nominato presidente dell&#039;ANFIA e sottolinea l&#039;importanza delle innovazioni per il settore automobilistico in Italia e in Europa\" \/>\n<meta property=\"og:url\" content=\"https:\/\/transportjournal.com\/it\/2026\/01\/20\/niccoli-nuovo-presidente-del-gruppo-anfia\/\" \/>\n<meta property=\"og:site_name\" content=\"ITJ | International Transport Journal\" \/>\n<meta property=\"article:published_time\" content=\"2026-01-20T14:27:48+00:00\" \/>\n<meta property=\"article:modified_time\" content=\"2026-01-20T19:41:27+00:00\" \/>\n<meta property=\"og:image\" content=\"https:\/\/transportjournal.com\/wp-content\/uploads\/sites\/2\/2026\/01\/Anfia-Foto_Ranieri_Niccoli_sito-aspect-ratio-1400-788.png\" \/>\n\t<meta property=\"og:image:width\" content=\"746\" \/>\n\t<meta property=\"og:image:height\" content=\"420\" \/>\n\t<meta property=\"og:image:type\" content=\"image\/png\" \/>\n<meta name=\"author\" content=\"Andreas Haug\" \/>\n<meta name=\"twitter:card\" content=\"summary_large_image\" \/>\n<meta name=\"twitter:label1\" content=\"Scritto da\" \/>\n\t<meta name=\"twitter:data1\" content=\"Andreas Haug\" \/>\n\t<meta name=\"twitter:label2\" content=\"Tempo di lettura stimato\" \/>\n\t<meta name=\"twitter:data2\" content=\"1 minuto\" \/>\n<script type=\"application\/ld+json\" class=\"yoast-schema-graph\">{\"@context\":\"https:\\\/\\\/schema.org\",\"@graph\":[{\"@type\":\"Article\",\"@id\":\"https:\\\/\\\/transportjournal.com\\\/it\\\/2026\\\/01\\\/20\\\/niccoli-nuovo-presidente-del-gruppo-anfia\\\/#article\",\"isPartOf\":{\"@id\":\"https:\\\/\\\/transportjournal.com\\\/it\\\/2026\\\/01\\\/20\\\/niccoli-nuovo-presidente-del-gruppo-anfia\\\/\"},\"author\":{\"name\":\"Andreas Haug\",\"@id\":\"https:\\\/\\\/transportjournal.com\\\/it\\\/#\\\/schema\\\/person\\\/cf538b3157f15afd7589245a4b3dbd25\"},\"headline\":\"Niccoli nuovo presidente del gruppo ANFIA\",\"datePublished\":\"2026-01-20T14:27:48+00:00\",\"dateModified\":\"2026-01-20T19:41:27+00:00\",\"mainEntityOfPage\":{\"@id\":\"https:\\\/\\\/transportjournal.com\\\/it\\\/2026\\\/01\\\/20\\\/niccoli-nuovo-presidente-del-gruppo-anfia\\\/\"},\"wordCount\":229,\"commentCount\":0,\"publisher\":{\"@id\":\"https:\\\/\\\/transportjournal.com\\\/it\\\/#organization\"},\"image\":{\"@id\":\"https:\\\/\\\/transportjournal.com\\\/it\\\/2026\\\/01\\\/20\\\/niccoli-nuovo-presidente-del-gruppo-anfia\\\/#primaryimage\"},\"thumbnailUrl\":\"https:\\\/\\\/transportjournal.com\\\/wp-content\\\/uploads\\\/sites\\\/2\\\/2026\\\/01\\\/Anfia-Foto_Ranieri_Niccoli_sito-aspect-ratio-1400-788.png\",\"keywords\":[\"ANFIA\",\"associations de fabricants automobiles\",\"Automobili Lamborghini\",\"automotive manufacturers associations Fran\u00e7ais industrie automobile\",\"avenir de l'industrie automobile\",\"challenges in the automotive sector\",\"changements technologiques\",\"conditions du march\u00e9 du secteur automobile\",\"culture industrielle en Italie\",\"d\u00e9fis du secteur automobile\",\"Deutsch Automobilindustrie\",\"Digitalisierung in der Automobilindustrie\",\"digitalization in the automotive industry\",\"europ\u00e4ische Automobilproduktion\",\"European automotive production\",\"fabricants automobiles italiens\",\"Fachkr\u00e4ftemangel Automobilbranche\",\"future of the automotive industry\",\"Herausforderungen der Automobilbranche\",\"industrial culture in Italy\",\"industrial innovations\",\"industrielle Innovationen\",\"industrielle Kultur Italien\",\"innovations industrielles\",\"Italian car manufacturers\",\"italienische Automobilhersteller\",\"market conditions automotive sector\",\"Marktbedingungen Automobilsektor\",\"nachhaltige Automobilproduktion\",\"num\u00e9risation dans l'industrie automobile\",\"p\u00e9nurie de comp\u00e9tences dans l'industrie automobile\",\"production automobile durable\",\"production automobile europ\u00e9enne\",\"Ranieri Niccoli\",\"r\u00f4le strat\u00e9gique de l'industrie automobile\",\"skills shortage automotive industry\",\"strategic role of the automotive industry\",\"strategische Rolle der Automobilindustrie\",\"sustainable automotive production\",\"technological changes\",\"technologische Ver\u00e4nderungen\",\"Verb\u00e4nde der Automobilhersteller English automotive industry\",\"Zukunft der Automobilindustrie\"],\"articleSection\":[\"Europa\",\"Persone e aziende\",\"Regioni\",\"Spedizioniere e Logistica\"],\"inLanguage\":\"it-IT\",\"potentialAction\":[{\"@type\":\"CommentAction\",\"name\":\"Comment\",\"target\":[\"https:\\\/\\\/transportjournal.com\\\/it\\\/2026\\\/01\\\/20\\\/niccoli-nuovo-presidente-del-gruppo-anfia\\\/#respond\"]}]},{\"@type\":\"WebPage\",\"@id\":\"https:\\\/\\\/transportjournal.com\\\/it\\\/2026\\\/01\\\/20\\\/niccoli-nuovo-presidente-del-gruppo-anfia\\\/\",\"url\":\"https:\\\/\\\/transportjournal.com\\\/it\\\/2026\\\/01\\\/20\\\/niccoli-nuovo-presidente-del-gruppo-anfia\\\/\",\"name\":\"Niccoli nuovo presidente del gruppo ANFIA - ITJ | International Transport Journal\",\"isPartOf\":{\"@id\":\"https:\\\/\\\/transportjournal.com\\\/it\\\/#website\"},\"primaryImageOfPage\":{\"@id\":\"https:\\\/\\\/transportjournal.com\\\/it\\\/2026\\\/01\\\/20\\\/niccoli-nuovo-presidente-del-gruppo-anfia\\\/#primaryimage\"},\"image\":{\"@id\":\"https:\\\/\\\/transportjournal.com\\\/it\\\/2026\\\/01\\\/20\\\/niccoli-nuovo-presidente-del-gruppo-anfia\\\/#primaryimage\"},\"thumbnailUrl\":\"https:\\\/\\\/transportjournal.com\\\/wp-content\\\/uploads\\\/sites\\\/2\\\/2026\\\/01\\\/Anfia-Foto_Ranieri_Niccoli_sito-aspect-ratio-1400-788.png\",\"datePublished\":\"2026-01-20T14:27:48+00:00\",\"dateModified\":\"2026-01-20T19:41:27+00:00\",\"breadcrumb\":{\"@id\":\"https:\\\/\\\/transportjournal.com\\\/it\\\/2026\\\/01\\\/20\\\/niccoli-nuovo-presidente-del-gruppo-anfia\\\/#breadcrumb\"},\"inLanguage\":\"it-IT\",\"potentialAction\":[{\"@type\":\"ReadAction\",\"target\":[\"https:\\\/\\\/transportjournal.com\\\/it\\\/2026\\\/01\\\/20\\\/niccoli-nuovo-presidente-del-gruppo-anfia\\\/\"]}]},{\"@type\":\"ImageObject\",\"inLanguage\":\"it-IT\",\"@id\":\"https:\\\/\\\/transportjournal.com\\\/it\\\/2026\\\/01\\\/20\\\/niccoli-nuovo-presidente-del-gruppo-anfia\\\/#primaryimage\",\"url\":\"https:\\\/\\\/transportjournal.com\\\/wp-content\\\/uploads\\\/sites\\\/2\\\/2026\\\/01\\\/Anfia-Foto_Ranieri_Niccoli_sito-aspect-ratio-1400-788.png\",\"contentUrl\":\"https:\\\/\\\/transportjournal.com\\\/wp-content\\\/uploads\\\/sites\\\/2\\\/2026\\\/01\\\/Anfia-Foto_Ranieri_Niccoli_sito-aspect-ratio-1400-788.png\",\"width\":746,\"height\":420},{\"@type\":\"BreadcrumbList\",\"@id\":\"https:\\\/\\\/transportjournal.com\\\/it\\\/2026\\\/01\\\/20\\\/niccoli-nuovo-presidente-del-gruppo-anfia\\\/#breadcrumb\",\"itemListElement\":[{\"@type\":\"ListItem\",\"position\":1,\"name\":\"Startseite\",\"item\":\"https:\\\/\\\/transportjournal.com\\\/it\\\/\"},{\"@type\":\"ListItem\",\"position\":2,\"name\":\"Niccoli nuovo presidente del gruppo ANFIA\"}]},{\"@type\":\"WebSite\",\"@id\":\"https:\\\/\\\/transportjournal.com\\\/it\\\/#website\",\"url\":\"https:\\\/\\\/transportjournal.com\\\/it\\\/\",\"name\":\"ITJ | International Transport Journal\",\"description\":\"Stay informed with the latest global news from the transport, logistics, and supply chain industries. Transport Journal delivers expert insights, analysis, and updates across shipping, aviation, intermodal, and forwarding.\",\"publisher\":{\"@id\":\"https:\\\/\\\/transportjournal.com\\\/it\\\/#organization\"},\"potentialAction\":[{\"@type\":\"SearchAction\",\"target\":{\"@type\":\"EntryPoint\",\"urlTemplate\":\"https:\\\/\\\/transportjournal.com\\\/it\\\/?s={search_term_string}\"},\"query-input\":{\"@type\":\"PropertyValueSpecification\",\"valueRequired\":true,\"valueName\":\"search_term_string\"}}],\"inLanguage\":\"it-IT\"},{\"@type\":\"Organization\",\"@id\":\"https:\\\/\\\/transportjournal.com\\\/it\\\/#organization\",\"name\":\"Logismedia Group AG\",\"alternateName\":\"Logismedia Group AG\",\"url\":\"https:\\\/\\\/transportjournal.com\\\/it\\\/\",\"logo\":{\"@type\":\"ImageObject\",\"inLanguage\":\"it-IT\",\"@id\":\"https:\\\/\\\/transportjournal.com\\\/it\\\/#\\\/schema\\\/logo\\\/image\\\/\",\"url\":\"https:\\\/\\\/transportjournal.com\\\/wp-content\\\/uploads\\\/sites\\\/2\\\/2025\\\/09\\\/Logo_ITJ.png\",\"contentUrl\":\"https:\\\/\\\/transportjournal.com\\\/wp-content\\\/uploads\\\/sites\\\/2\\\/2025\\\/09\\\/Logo_ITJ.png\",\"width\":799,\"height\":326,\"caption\":\"Logismedia Group AG\"},\"image\":{\"@id\":\"https:\\\/\\\/transportjournal.com\\\/it\\\/#\\\/schema\\\/logo\\\/image\\\/\"},\"sameAs\":[\"https:\\\/\\\/www.linkedin.com\\\/company\\\/56456496\\\/admin\\\/dashboard\\\/\",\"https:\\\/\\\/www.instagram.com\\\/logismediagroup\\\/\",\"https:\\\/\\\/www.youtube.com\\\/@LogiamediaGroupAG\"]},{\"@type\":\"Person\",\"@id\":\"https:\\\/\\\/transportjournal.com\\\/it\\\/#\\\/schema\\\/person\\\/cf538b3157f15afd7589245a4b3dbd25\",\"name\":\"Andreas Haug\",\"url\":\"https:\\\/\\\/transportjournal.com\\\/it\\\/author\\\/andreas\\\/\"}]}<\/script>\n<!-- \/ Yoast SEO plugin. -->","yoast_head_json":{"title":"Niccoli nuovo presidente del gruppo ANFIA - ITJ | International Transport Journal","robots":{"index":"index","follow":"follow","max-snippet":"max-snippet:-1","max-image-preview":"max-image-preview:large","max-video-preview":"max-video-preview:-1"},"canonical":"https:\/\/transportjournal.com\/it\/2026\/01\/20\/niccoli-nuovo-presidente-del-gruppo-anfia\/","og_locale":"it_IT","og_type":"article","og_title":"Niccoli nuovo presidente del gruppo ANFIA - ITJ | International Transport Journal","og_description":"Ranieri Niccoli \u00e8 stato nominato presidente dell'ANFIA e sottolinea l'importanza delle innovazioni per il settore automobilistico in Italia e in Europa","og_url":"https:\/\/transportjournal.com\/it\/2026\/01\/20\/niccoli-nuovo-presidente-del-gruppo-anfia\/","og_site_name":"ITJ | International Transport Journal","article_published_time":"2026-01-20T14:27:48+00:00","article_modified_time":"2026-01-20T19:41:27+00:00","og_image":[{"width":746,"height":420,"url":"https:\/\/transportjournal.com\/wp-content\/uploads\/sites\/2\/2026\/01\/Anfia-Foto_Ranieri_Niccoli_sito-aspect-ratio-1400-788.png","type":"image\/png"}],"author":"Andreas Haug","twitter_card":"summary_large_image","twitter_misc":{"Scritto da":"Andreas Haug","Tempo di lettura stimato":"1 minuto"},"schema":{"@context":"https:\/\/schema.org","@graph":[{"@type":"Article","@id":"https:\/\/transportjournal.com\/it\/2026\/01\/20\/niccoli-nuovo-presidente-del-gruppo-anfia\/#article","isPartOf":{"@id":"https:\/\/transportjournal.com\/it\/2026\/01\/20\/niccoli-nuovo-presidente-del-gruppo-anfia\/"},"author":{"name":"Andreas Haug","@id":"https:\/\/transportjournal.com\/it\/#\/schema\/person\/cf538b3157f15afd7589245a4b3dbd25"},"headline":"Niccoli nuovo presidente del gruppo ANFIA","datePublished":"2026-01-20T14:27:48+00:00","dateModified":"2026-01-20T19:41:27+00:00","mainEntityOfPage":{"@id":"https:\/\/transportjournal.com\/it\/2026\/01\/20\/niccoli-nuovo-presidente-del-gruppo-anfia\/"},"wordCount":229,"commentCount":0,"publisher":{"@id":"https:\/\/transportjournal.com\/it\/#organization"},"image":{"@id":"https:\/\/transportjournal.com\/it\/2026\/01\/20\/niccoli-nuovo-presidente-del-gruppo-anfia\/#primaryimage"},"thumbnailUrl":"https:\/\/transportjournal.com\/wp-content\/uploads\/sites\/2\/2026\/01\/Anfia-Foto_Ranieri_Niccoli_sito-aspect-ratio-1400-788.png","keywords":["ANFIA","associations de fabricants automobiles","Automobili Lamborghini","automotive manufacturers associations Fran\u00e7ais industrie automobile","avenir de l'industrie automobile","challenges in the automotive sector","changements technologiques","conditions du march\u00e9 du secteur automobile","culture industrielle en Italie","d\u00e9fis du secteur automobile","Deutsch Automobilindustrie","Digitalisierung in der Automobilindustrie","digitalization in the automotive industry","europ\u00e4ische Automobilproduktion","European automotive production","fabricants automobiles italiens","Fachkr\u00e4ftemangel Automobilbranche","future of the automotive industry","Herausforderungen der Automobilbranche","industrial culture in Italy","industrial innovations","industrielle Innovationen","industrielle Kultur Italien","innovations industrielles","Italian car manufacturers","italienische Automobilhersteller","market conditions automotive sector","Marktbedingungen Automobilsektor","nachhaltige Automobilproduktion","num\u00e9risation dans l'industrie automobile","p\u00e9nurie de comp\u00e9tences dans l'industrie automobile","production automobile durable","production automobile europ\u00e9enne","Ranieri Niccoli","r\u00f4le strat\u00e9gique de l'industrie automobile","skills shortage automotive industry","strategic role of the automotive industry","strategische Rolle der Automobilindustrie","sustainable automotive production","technological changes","technologische Ver\u00e4nderungen","Verb\u00e4nde der Automobilhersteller English automotive industry","Zukunft der Automobilindustrie"],"articleSection":["Europa","Persone e aziende","Regioni","Spedizioniere e Logistica"],"inLanguage":"it-IT","potentialAction":[{"@type":"CommentAction","name":"Comment","target":["https:\/\/transportjournal.com\/it\/2026\/01\/20\/niccoli-nuovo-presidente-del-gruppo-anfia\/#respond"]}]},{"@type":"WebPage","@id":"https:\/\/transportjournal.com\/it\/2026\/01\/20\/niccoli-nuovo-presidente-del-gruppo-anfia\/","url":"https:\/\/transportjournal.com\/it\/2026\/01\/20\/niccoli-nuovo-presidente-del-gruppo-anfia\/","name":"Niccoli nuovo presidente del gruppo ANFIA - ITJ | International Transport Journal","isPartOf":{"@id":"https:\/\/transportjournal.com\/it\/#website"},"primaryImageOfPage":{"@id":"https:\/\/transportjournal.com\/it\/2026\/01\/20\/niccoli-nuovo-presidente-del-gruppo-anfia\/#primaryimage"},"image":{"@id":"https:\/\/transportjournal.com\/it\/2026\/01\/20\/niccoli-nuovo-presidente-del-gruppo-anfia\/#primaryimage"},"thumbnailUrl":"https:\/\/transportjournal.com\/wp-content\/uploads\/sites\/2\/2026\/01\/Anfia-Foto_Ranieri_Niccoli_sito-aspect-ratio-1400-788.png","datePublished":"2026-01-20T14:27:48+00:00","dateModified":"2026-01-20T19:41:27+00:00","breadcrumb":{"@id":"https:\/\/transportjournal.com\/it\/2026\/01\/20\/niccoli-nuovo-presidente-del-gruppo-anfia\/#breadcrumb"},"inLanguage":"it-IT","potentialAction":[{"@type":"ReadAction","target":["https:\/\/transportjournal.com\/it\/2026\/01\/20\/niccoli-nuovo-presidente-del-gruppo-anfia\/"]}]},{"@type":"ImageObject","inLanguage":"it-IT","@id":"https:\/\/transportjournal.com\/it\/2026\/01\/20\/niccoli-nuovo-presidente-del-gruppo-anfia\/#primaryimage","url":"https:\/\/transportjournal.com\/wp-content\/uploads\/sites\/2\/2026\/01\/Anfia-Foto_Ranieri_Niccoli_sito-aspect-ratio-1400-788.png","contentUrl":"https:\/\/transportjournal.com\/wp-content\/uploads\/sites\/2\/2026\/01\/Anfia-Foto_Ranieri_Niccoli_sito-aspect-ratio-1400-788.png","width":746,"height":420},{"@type":"BreadcrumbList","@id":"https:\/\/transportjournal.com\/it\/2026\/01\/20\/niccoli-nuovo-presidente-del-gruppo-anfia\/#breadcrumb","itemListElement":[{"@type":"ListItem","position":1,"name":"Startseite","item":"https:\/\/transportjournal.com\/it\/"},{"@type":"ListItem","position":2,"name":"Niccoli nuovo presidente del gruppo ANFIA"}]},{"@type":"WebSite","@id":"https:\/\/transportjournal.com\/it\/#website","url":"https:\/\/transportjournal.com\/it\/","name":"ITJ | International Transport Journal","description":"Stay informed with the latest global news from the transport, logistics, and supply chain industries. Transport Journal delivers expert insights, analysis, and updates across shipping, aviation, intermodal, and forwarding.","publisher":{"@id":"https:\/\/transportjournal.com\/it\/#organization"},"potentialAction":[{"@type":"SearchAction","target":{"@type":"EntryPoint","urlTemplate":"https:\/\/transportjournal.com\/it\/?s={search_term_string}"},"query-input":{"@type":"PropertyValueSpecification","valueRequired":true,"valueName":"search_term_string"}}],"inLanguage":"it-IT"},{"@type":"Organization","@id":"https:\/\/transportjournal.com\/it\/#organization","name":"Logismedia Group AG","alternateName":"Logismedia Group AG","url":"https:\/\/transportjournal.com\/it\/","logo":{"@type":"ImageObject","inLanguage":"it-IT","@id":"https:\/\/transportjournal.com\/it\/#\/schema\/logo\/image\/","url":"https:\/\/transportjournal.com\/wp-content\/uploads\/sites\/2\/2025\/09\/Logo_ITJ.png","contentUrl":"https:\/\/transportjournal.com\/wp-content\/uploads\/sites\/2\/2025\/09\/Logo_ITJ.png","width":799,"height":326,"caption":"Logismedia Group AG"},"image":{"@id":"https:\/\/transportjournal.com\/it\/#\/schema\/logo\/image\/"},"sameAs":["https:\/\/www.linkedin.com\/company\/56456496\/admin\/dashboard\/","https:\/\/www.instagram.com\/logismediagroup\/","https:\/\/www.youtube.com\/@LogiamediaGroupAG"]},{"@type":"Person","@id":"https:\/\/transportjournal.com\/it\/#\/schema\/person\/cf538b3157f15afd7589245a4b3dbd25","name":"Andreas Haug","url":"https:\/\/transportjournal.com\/it\/author\/andreas\/"}]}},"_links":{"self":[{"href":"https:\/\/transportjournal.com\/it\/wp-json\/wp\/v2\/posts\/73619","targetHints":{"allow":["GET"]}}],"collection":[{"href":"https:\/\/transportjournal.com\/it\/wp-json\/wp\/v2\/posts"}],"about":[{"href":"https:\/\/transportjournal.com\/it\/wp-json\/wp\/v2\/types\/post"}],"author":[{"embeddable":true,"href":"https:\/\/transportjournal.com\/it\/wp-json\/wp\/v2\/users\/12"}],"replies":[{"embeddable":true,"href":"https:\/\/transportjournal.com\/it\/wp-json\/wp\/v2\/comments?post=73619"}],"version-history":[{"count":1,"href":"https:\/\/transportjournal.com\/it\/wp-json\/wp\/v2\/posts\/73619\/revisions"}],"predecessor-version":[{"id":73734,"href":"https:\/\/transportjournal.com\/it\/wp-json\/wp\/v2\/posts\/73619\/revisions\/73734"}],"wp:featuredmedia":[{"embeddable":true,"href":"https:\/\/transportjournal.com\/it\/wp-json\/wp\/v2\/media\/73615"}],"wp:attachment":[{"href":"https:\/\/transportjournal.com\/it\/wp-json\/wp\/v2\/media?parent=73619"}],"wp:term":[{"taxonomy":"category","embeddable":true,"href":"https:\/\/transportjournal.com\/it\/wp-json\/wp\/v2\/categories?post=73619"},{"taxonomy":"post_tag","embeddable":true,"href":"https:\/\/transportjournal.com\/it\/wp-json\/wp\/v2\/tags?post=73619"}],"curies":[{"name":"wp","href":"https:\/\/api.w.org\/{rel}","templated":true}]}}