{"id":73602,"date":"2026-01-20T13:44:45","date_gmt":"2026-01-20T13:44:45","guid":{"rendered":"https:\/\/transportjournal.com\/2026\/01\/20\/michael-hansen-e-il-nuovo-ceo-di-dfds\/"},"modified":"2026-01-20T13:44:45","modified_gmt":"2026-01-20T13:44:45","slug":"michael-hansen-e-il-nuovo-ceo-di-dfds","status":"publish","type":"post","link":"https:\/\/transportjournal.com\/it\/2026\/01\/20\/michael-hansen-e-il-nuovo-ceo-di-dfds\/","title":{"rendered":"Michael Hansen \u00e8 il nuovo CEO di DFDS"},"content":{"rendered":"<p>DFDS ha nominato Michael Hansen nuovo Presidente e CEO, che assumer\u00e0 la sua posizione il 1\u00b0 luglio 2026. Hansen, attualmente Presidente e CEO di Hempel, succede a Torben Carlsen, che si dimetter\u00e0 lo stesso giorno. La nomina avviene nell&#8217;ambito di un processo di successione annunciato il 6 novembre 2025, per portare nuove prospettive alla trasformazione in corso di DFDS.<\/p>\n<h3>Nuovo approccio alla leadership per DFDS<\/h3>\n<p>Claus V. Hemmingsen, Presidente del Consiglio di Sorveglianza, ha espresso un parere positivo sulla nomina di Hansen: \u201cSono molto felice di dare il benvenuto a Michael Hansen in DFDS. Michael porta nuove prospettive ed esperienze per guidare la trasformazione in corso dell&#8217;azienda. L&#8217;obiettivo a breve termine \u00e8 migliorare le performance finanziarie. A lungo termine, dobbiamo sbloccare il valore della rete ottimizzando le operazioni e promuovendo la crescita organica, basandoci sui punti di forza costanti di DFDS, in particolare le nostre offerte e livelli di servizio apprezzati dai clienti e i nostri dipendenti capaci.\u201d<\/p>\n<p>Michael Hansen ha una vasta esperienza di leadership nei settori della navigazione, dei trasporti e dell&#8217;industria. Nel suo ruolo presso Hempel, ha guidato una trasformazione strategica che ha migliorato le performance finanziarie e rafforzato la scalabilit\u00e0 delle operazioni. In precedenza, ha lavorato per quasi due decenni in A.P. Moller &#8211; Maersk, dove ha ricoperto diverse posizioni dirigenziali in Europa, America Latina e Oceania, tra cui quella di CEO di Seago Line e la direzione globale delle vendite per Maersk Line.<\/p>\n<p>In una prima dichiarazione, Hansen ha affermato: \u201cNon vedo l&#8217;ora di unirmi a DFDS e guidare la trasformazione in corso verso una crescita redditizia. Sono appassionato di motivare e responsabilizzare le persone per ottenere risultati commerciali e finanziari, e altrettanto appassionato nel promuovere la sostenibilit\u00e0. DFDS ha un&#8217;eredit\u00e0 impressionante, ma affronta sfide in alcune aree. Collaborando e sfruttando la nostra forte rete, possiamo realizzare il pieno potenziale.\u201d<\/p>\n<p>Il percorso professionale di Michael Hansen include, tra l&#8217;altro, le seguenti tappe: dal 2017 \u00e8 Group President e CEO di Hempel. In precedenza, \u00e8 stato Vice President e responsabile globale delle vendite di Maersk Line dal 2016 al 2017. Prima di ci\u00f2, \u00e8 stato CEO di Seago Line e ha ricoperto diverse posizioni dirigenziali in Maersk Line, tra cui in Messico, Spagna e Nuova Zelanda.<\/p>\n<p>DFDS gestisce una rete di trasporti in Europa e nei dintorni con un fatturato annuale di 30 miliardi di DKK e impiega 16.500 dipendenti a tempo pieno. L&#8217;azienda trasporta merci in rimorchi via traghetto, strada e ferrovia e offre soluzioni di trasporto e logistica complementari. Inoltre, DFDS trasporta passeggeri in auto e a piedi su traghetti a corto raggio e notturni. DFDS \u00e8 stata fondata nel 1866 e ha sede a Copenaghen.<\/p>\n<p>&nbsp;<\/p>\n<p><a href=\"https:\/\/www.dfds.com\/\" target=\"_blank\" rel=\"noopener noreferrer\">www.dfds.com<\/a><\/p>\n<p>&nbsp;<\/p>\n","protected":false},"excerpt":{"rendered":"<p>Michael Hansen sar\u00e0 il nuovo presidente e CEO di DFDS a partire dal 1\u00b0 luglio 2026, succedendo a Torben Carlsen, che si dimetter\u00e0 in quella data.<\/p>\n","protected":false},"author":12,"featured_media":73598,"comment_status":"open","ping_status":"open","sticky":false,"template":"","format":"standard","meta":{"_acf_changed":false,"footnotes":""},"categories":[1638,1627,1634,1631],"tags":[4017,7265,7266,7267,7268,7269,7270,7271,7272,2166,7273,7274,7275,2909,7276,7277,7278,2223,7279,2133,1831,3750,7280,7281,2139,2925,7282,7283,3756,3757,7284,2929,2148,2193,7285,1916,1766,7286,2728,2154,7287,7288,7289,3125,7290,7291,1837],"class_list":["post-73602","post","type-post","status-publish","format-standard","has-post-thumbnail","hentry","category-europa","category-persone-e-aziende","category-regioni","category-spedizioni-e-porti","tag-a-p-moller-maersk","tag-amelioration-de-la-performance-financiere","tag-approche-de-leadership-dfds","tag-ceo-dfds","tag-challenges-in-shipping","tag-croissance-organique","tag-defis-dans-le-secteur-maritime","tag-deutsch-dfds","tag-developpement-des-employes","tag-durabilite-dans-la-logistique","tag-employee-development-francais-dfds","tag-finanzielle-leistung-steigern","tag-fuehrungsansatz-dfds","tag-hafenbetrieb","tag-hempel","tag-herausforderungen-in-der-schifffahrt","tag-improving-financial-performance","tag-industrie-maritime","tag-leadership-approach-dfds","tag-logistics-service-providers","tag-logistikdienstleister","tag-logistique-de-colis","tag-michael-hansen","tag-mitarbeiterentwicklung-english-dfds","tag-nachhaltigkeit-in-der-logistik","tag-operations-portuaires","tag-organic-growth","tag-organisches-wachstum","tag-paketlogistik","tag-parcel-logistics","tag-pdg-dfds","tag-port-operations","tag-prestataires-de-services-logistiques","tag-rail-freight-transport","tag-reseau-de-transport-europe","tag-schienengueterverkehr","tag-schifffahrt","tag-seago-line","tag-shipping-industry","tag-sustainability-in-logistics","tag-transformation-de-dfds","tag-transformation-of-dfds","tag-transformation-von-dfds","tag-transport-ferroviaire-de-marchandises","tag-transport-network-europe","tag-transportnetzwerk-europa","tag-transportwirtschaft"],"acf":[],"yoast_head":"<!-- This site is optimized with the Yoast SEO plugin v27.3 - https:\/\/yoast.com\/product\/yoast-seo-wordpress\/ -->\n<title>Michael Hansen \u00e8 il nuovo CEO di DFDS - ITJ | International Transport Journal<\/title>\n<meta name=\"robots\" content=\"index, follow, max-snippet:-1, max-image-preview:large, max-video-preview:-1\" \/>\n<link rel=\"canonical\" href=\"https:\/\/transportjournal.com\/it\/2026\/01\/20\/michael-hansen-e-il-nuovo-ceo-di-dfds\/\" \/>\n<meta property=\"og:locale\" content=\"it_IT\" \/>\n<meta property=\"og:type\" content=\"article\" \/>\n<meta property=\"og:title\" content=\"Michael Hansen \u00e8 il nuovo CEO di DFDS - ITJ | International Transport Journal\" \/>\n<meta property=\"og:description\" content=\"Michael Hansen sar\u00e0 il nuovo presidente e CEO di DFDS a partire dal 1\u00b0 luglio 2026, succedendo a Torben Carlsen, che si dimetter\u00e0 in quella data.\" \/>\n<meta property=\"og:url\" content=\"https:\/\/transportjournal.com\/it\/2026\/01\/20\/michael-hansen-e-il-nuovo-ceo-di-dfds\/\" \/>\n<meta property=\"og:site_name\" content=\"ITJ | International Transport Journal\" \/>\n<meta property=\"article:published_time\" content=\"2026-01-20T13:44:45+00:00\" \/>\n<meta property=\"og:image\" content=\"https:\/\/transportjournal.com\/wp-content\/uploads\/sites\/2\/2026\/01\/michael-hansen-aspect-ratio-1400-788.webp\" \/>\n\t<meta property=\"og:image:width\" content=\"514\" \/>\n\t<meta property=\"og:image:height\" content=\"289\" \/>\n\t<meta property=\"og:image:type\" content=\"image\/webp\" \/>\n<meta name=\"author\" content=\"Andreas Haug\" \/>\n<meta name=\"twitter:card\" content=\"summary_large_image\" \/>\n<meta name=\"twitter:label1\" content=\"Scritto da\" \/>\n\t<meta name=\"twitter:data1\" content=\"Andreas Haug\" \/>\n\t<meta name=\"twitter:label2\" content=\"Tempo di lettura stimato\" \/>\n\t<meta name=\"twitter:data2\" content=\"2 minuto\" \/>\n<script type=\"application\/ld+json\" class=\"yoast-schema-graph\">{\"@context\":\"https:\\\/\\\/schema.org\",\"@graph\":[{\"@type\":\"Article\",\"@id\":\"https:\\\/\\\/transportjournal.com\\\/it\\\/2026\\\/01\\\/20\\\/michael-hansen-e-il-nuovo-ceo-di-dfds\\\/#article\",\"isPartOf\":{\"@id\":\"https:\\\/\\\/transportjournal.com\\\/it\\\/2026\\\/01\\\/20\\\/michael-hansen-e-il-nuovo-ceo-di-dfds\\\/\"},\"author\":{\"name\":\"Andreas Haug\",\"@id\":\"https:\\\/\\\/transportjournal.com\\\/it\\\/#\\\/schema\\\/person\\\/cf538b3157f15afd7589245a4b3dbd25\"},\"headline\":\"Michael Hansen \u00e8 il nuovo CEO di DFDS\",\"datePublished\":\"2026-01-20T13:44:45+00:00\",\"mainEntityOfPage\":{\"@id\":\"https:\\\/\\\/transportjournal.com\\\/it\\\/2026\\\/01\\\/20\\\/michael-hansen-e-il-nuovo-ceo-di-dfds\\\/\"},\"wordCount\":447,\"commentCount\":0,\"publisher\":{\"@id\":\"https:\\\/\\\/transportjournal.com\\\/it\\\/#organization\"},\"image\":{\"@id\":\"https:\\\/\\\/transportjournal.com\\\/it\\\/2026\\\/01\\\/20\\\/michael-hansen-e-il-nuovo-ceo-di-dfds\\\/#primaryimage\"},\"thumbnailUrl\":\"https:\\\/\\\/transportjournal.com\\\/wp-content\\\/uploads\\\/sites\\\/2\\\/2026\\\/01\\\/michael-hansen-aspect-ratio-1400-788.webp\",\"keywords\":[\"A.P. Moller - Maersk\",\"am\u00e9lioration de la performance financi\u00e8re\",\"approche de leadership DFDS\",\"CEO DFDS\",\"challenges in shipping\",\"croissance organique\",\"d\u00e9fis dans le secteur maritime\",\"Deutsch DFDS\",\"d\u00e9veloppement des employ\u00e9s\",\"durabilit\u00e9 dans la logistique\",\"employee development Fran\u00e7ais DFDS\",\"Finanzielle Leistung steigern\",\"F\u00fchrungsansatz DFDS\",\"Hafenbetrieb\",\"Hempel\",\"Herausforderungen in der Schifffahrt\",\"improving financial performance\",\"industrie maritime\",\"leadership approach DFDS\",\"logistics service providers\",\"Logistikdienstleister\",\"logistique de colis\",\"Michael Hansen\",\"Mitarbeiterentwicklung English DFDS\",\"Nachhaltigkeit in der Logistik\",\"op\u00e9rations portuaires\",\"organic growth\",\"Organisches Wachstum\",\"Paketlogistik\",\"parcel logistics\",\"PDG DFDS\",\"port operations\",\"prestataires de services logistiques\",\"rail freight transport\",\"r\u00e9seau de transport Europe\",\"Schieneng\u00fcterverkehr\",\"Schifffahrt\",\"Seago Line\",\"shipping industry\",\"sustainability in logistics\",\"transformation de DFDS\",\"transformation of DFDS\",\"Transformation von DFDS\",\"transport ferroviaire de marchandises\",\"transport network Europe\",\"Transportnetzwerk Europa\",\"Transportwirtschaft\"],\"articleSection\":[\"Europa\",\"Persone e aziende\",\"Regioni\",\"Spedizioni e porti\"],\"inLanguage\":\"it-IT\",\"potentialAction\":[{\"@type\":\"CommentAction\",\"name\":\"Comment\",\"target\":[\"https:\\\/\\\/transportjournal.com\\\/it\\\/2026\\\/01\\\/20\\\/michael-hansen-e-il-nuovo-ceo-di-dfds\\\/#respond\"]}]},{\"@type\":\"WebPage\",\"@id\":\"https:\\\/\\\/transportjournal.com\\\/it\\\/2026\\\/01\\\/20\\\/michael-hansen-e-il-nuovo-ceo-di-dfds\\\/\",\"url\":\"https:\\\/\\\/transportjournal.com\\\/it\\\/2026\\\/01\\\/20\\\/michael-hansen-e-il-nuovo-ceo-di-dfds\\\/\",\"name\":\"Michael Hansen \u00e8 il nuovo CEO di DFDS - ITJ | International Transport Journal\",\"isPartOf\":{\"@id\":\"https:\\\/\\\/transportjournal.com\\\/it\\\/#website\"},\"primaryImageOfPage\":{\"@id\":\"https:\\\/\\\/transportjournal.com\\\/it\\\/2026\\\/01\\\/20\\\/michael-hansen-e-il-nuovo-ceo-di-dfds\\\/#primaryimage\"},\"image\":{\"@id\":\"https:\\\/\\\/transportjournal.com\\\/it\\\/2026\\\/01\\\/20\\\/michael-hansen-e-il-nuovo-ceo-di-dfds\\\/#primaryimage\"},\"thumbnailUrl\":\"https:\\\/\\\/transportjournal.com\\\/wp-content\\\/uploads\\\/sites\\\/2\\\/2026\\\/01\\\/michael-hansen-aspect-ratio-1400-788.webp\",\"datePublished\":\"2026-01-20T13:44:45+00:00\",\"breadcrumb\":{\"@id\":\"https:\\\/\\\/transportjournal.com\\\/it\\\/2026\\\/01\\\/20\\\/michael-hansen-e-il-nuovo-ceo-di-dfds\\\/#breadcrumb\"},\"inLanguage\":\"it-IT\",\"potentialAction\":[{\"@type\":\"ReadAction\",\"target\":[\"https:\\\/\\\/transportjournal.com\\\/it\\\/2026\\\/01\\\/20\\\/michael-hansen-e-il-nuovo-ceo-di-dfds\\\/\"]}]},{\"@type\":\"ImageObject\",\"inLanguage\":\"it-IT\",\"@id\":\"https:\\\/\\\/transportjournal.com\\\/it\\\/2026\\\/01\\\/20\\\/michael-hansen-e-il-nuovo-ceo-di-dfds\\\/#primaryimage\",\"url\":\"https:\\\/\\\/transportjournal.com\\\/wp-content\\\/uploads\\\/sites\\\/2\\\/2026\\\/01\\\/michael-hansen-aspect-ratio-1400-788.webp\",\"contentUrl\":\"https:\\\/\\\/transportjournal.com\\\/wp-content\\\/uploads\\\/sites\\\/2\\\/2026\\\/01\\\/michael-hansen-aspect-ratio-1400-788.webp\",\"width\":514,\"height\":289},{\"@type\":\"BreadcrumbList\",\"@id\":\"https:\\\/\\\/transportjournal.com\\\/it\\\/2026\\\/01\\\/20\\\/michael-hansen-e-il-nuovo-ceo-di-dfds\\\/#breadcrumb\",\"itemListElement\":[{\"@type\":\"ListItem\",\"position\":1,\"name\":\"Startseite\",\"item\":\"https:\\\/\\\/transportjournal.com\\\/it\\\/\"},{\"@type\":\"ListItem\",\"position\":2,\"name\":\"Michael Hansen \u00e8 il nuovo CEO di DFDS\"}]},{\"@type\":\"WebSite\",\"@id\":\"https:\\\/\\\/transportjournal.com\\\/it\\\/#website\",\"url\":\"https:\\\/\\\/transportjournal.com\\\/it\\\/\",\"name\":\"ITJ | International Transport Journal\",\"description\":\"Stay informed with the latest global news from the transport, logistics, and supply chain industries. Transport Journal delivers expert insights, analysis, and updates across shipping, aviation, intermodal, and forwarding.\",\"publisher\":{\"@id\":\"https:\\\/\\\/transportjournal.com\\\/it\\\/#organization\"},\"potentialAction\":[{\"@type\":\"SearchAction\",\"target\":{\"@type\":\"EntryPoint\",\"urlTemplate\":\"https:\\\/\\\/transportjournal.com\\\/it\\\/?s={search_term_string}\"},\"query-input\":{\"@type\":\"PropertyValueSpecification\",\"valueRequired\":true,\"valueName\":\"search_term_string\"}}],\"inLanguage\":\"it-IT\"},{\"@type\":\"Organization\",\"@id\":\"https:\\\/\\\/transportjournal.com\\\/it\\\/#organization\",\"name\":\"Logismedia Group AG\",\"alternateName\":\"Logismedia Group AG\",\"url\":\"https:\\\/\\\/transportjournal.com\\\/it\\\/\",\"logo\":{\"@type\":\"ImageObject\",\"inLanguage\":\"it-IT\",\"@id\":\"https:\\\/\\\/transportjournal.com\\\/it\\\/#\\\/schema\\\/logo\\\/image\\\/\",\"url\":\"https:\\\/\\\/transportjournal.com\\\/wp-content\\\/uploads\\\/sites\\\/2\\\/2025\\\/09\\\/Logo_ITJ.png\",\"contentUrl\":\"https:\\\/\\\/transportjournal.com\\\/wp-content\\\/uploads\\\/sites\\\/2\\\/2025\\\/09\\\/Logo_ITJ.png\",\"width\":799,\"height\":326,\"caption\":\"Logismedia Group AG\"},\"image\":{\"@id\":\"https:\\\/\\\/transportjournal.com\\\/it\\\/#\\\/schema\\\/logo\\\/image\\\/\"},\"sameAs\":[\"https:\\\/\\\/www.linkedin.com\\\/company\\\/56456496\\\/admin\\\/dashboard\\\/\",\"https:\\\/\\\/www.instagram.com\\\/logismediagroup\\\/\",\"https:\\\/\\\/www.youtube.com\\\/@LogiamediaGroupAG\"]},{\"@type\":\"Person\",\"@id\":\"https:\\\/\\\/transportjournal.com\\\/it\\\/#\\\/schema\\\/person\\\/cf538b3157f15afd7589245a4b3dbd25\",\"name\":\"Andreas Haug\",\"url\":\"https:\\\/\\\/transportjournal.com\\\/it\\\/author\\\/andreas\\\/\"}]}<\/script>\n<!-- \/ Yoast SEO plugin. -->","yoast_head_json":{"title":"Michael Hansen \u00e8 il nuovo CEO di DFDS - ITJ | International Transport Journal","robots":{"index":"index","follow":"follow","max-snippet":"max-snippet:-1","max-image-preview":"max-image-preview:large","max-video-preview":"max-video-preview:-1"},"canonical":"https:\/\/transportjournal.com\/it\/2026\/01\/20\/michael-hansen-e-il-nuovo-ceo-di-dfds\/","og_locale":"it_IT","og_type":"article","og_title":"Michael Hansen \u00e8 il nuovo CEO di DFDS - ITJ | International Transport Journal","og_description":"Michael Hansen sar\u00e0 il nuovo presidente e CEO di DFDS a partire dal 1\u00b0 luglio 2026, succedendo a Torben Carlsen, che si dimetter\u00e0 in quella data.","og_url":"https:\/\/transportjournal.com\/it\/2026\/01\/20\/michael-hansen-e-il-nuovo-ceo-di-dfds\/","og_site_name":"ITJ | International Transport Journal","article_published_time":"2026-01-20T13:44:45+00:00","og_image":[{"width":514,"height":289,"url":"https:\/\/transportjournal.com\/wp-content\/uploads\/sites\/2\/2026\/01\/michael-hansen-aspect-ratio-1400-788.webp","type":"image\/webp"}],"author":"Andreas Haug","twitter_card":"summary_large_image","twitter_misc":{"Scritto da":"Andreas Haug","Tempo di lettura stimato":"2 minuto"},"schema":{"@context":"https:\/\/schema.org","@graph":[{"@type":"Article","@id":"https:\/\/transportjournal.com\/it\/2026\/01\/20\/michael-hansen-e-il-nuovo-ceo-di-dfds\/#article","isPartOf":{"@id":"https:\/\/transportjournal.com\/it\/2026\/01\/20\/michael-hansen-e-il-nuovo-ceo-di-dfds\/"},"author":{"name":"Andreas Haug","@id":"https:\/\/transportjournal.com\/it\/#\/schema\/person\/cf538b3157f15afd7589245a4b3dbd25"},"headline":"Michael Hansen \u00e8 il nuovo CEO di DFDS","datePublished":"2026-01-20T13:44:45+00:00","mainEntityOfPage":{"@id":"https:\/\/transportjournal.com\/it\/2026\/01\/20\/michael-hansen-e-il-nuovo-ceo-di-dfds\/"},"wordCount":447,"commentCount":0,"publisher":{"@id":"https:\/\/transportjournal.com\/it\/#organization"},"image":{"@id":"https:\/\/transportjournal.com\/it\/2026\/01\/20\/michael-hansen-e-il-nuovo-ceo-di-dfds\/#primaryimage"},"thumbnailUrl":"https:\/\/transportjournal.com\/wp-content\/uploads\/sites\/2\/2026\/01\/michael-hansen-aspect-ratio-1400-788.webp","keywords":["A.P. Moller - Maersk","am\u00e9lioration de la performance financi\u00e8re","approche de leadership DFDS","CEO DFDS","challenges in shipping","croissance organique","d\u00e9fis dans le secteur maritime","Deutsch DFDS","d\u00e9veloppement des employ\u00e9s","durabilit\u00e9 dans la logistique","employee development Fran\u00e7ais DFDS","Finanzielle Leistung steigern","F\u00fchrungsansatz DFDS","Hafenbetrieb","Hempel","Herausforderungen in der Schifffahrt","improving financial performance","industrie maritime","leadership approach DFDS","logistics service providers","Logistikdienstleister","logistique de colis","Michael Hansen","Mitarbeiterentwicklung English DFDS","Nachhaltigkeit in der Logistik","op\u00e9rations portuaires","organic growth","Organisches Wachstum","Paketlogistik","parcel logistics","PDG DFDS","port operations","prestataires de services logistiques","rail freight transport","r\u00e9seau de transport Europe","Schieneng\u00fcterverkehr","Schifffahrt","Seago Line","shipping industry","sustainability in logistics","transformation de DFDS","transformation of DFDS","Transformation von DFDS","transport ferroviaire de marchandises","transport network Europe","Transportnetzwerk Europa","Transportwirtschaft"],"articleSection":["Europa","Persone e aziende","Regioni","Spedizioni e porti"],"inLanguage":"it-IT","potentialAction":[{"@type":"CommentAction","name":"Comment","target":["https:\/\/transportjournal.com\/it\/2026\/01\/20\/michael-hansen-e-il-nuovo-ceo-di-dfds\/#respond"]}]},{"@type":"WebPage","@id":"https:\/\/transportjournal.com\/it\/2026\/01\/20\/michael-hansen-e-il-nuovo-ceo-di-dfds\/","url":"https:\/\/transportjournal.com\/it\/2026\/01\/20\/michael-hansen-e-il-nuovo-ceo-di-dfds\/","name":"Michael Hansen \u00e8 il nuovo CEO di DFDS - ITJ | International Transport Journal","isPartOf":{"@id":"https:\/\/transportjournal.com\/it\/#website"},"primaryImageOfPage":{"@id":"https:\/\/transportjournal.com\/it\/2026\/01\/20\/michael-hansen-e-il-nuovo-ceo-di-dfds\/#primaryimage"},"image":{"@id":"https:\/\/transportjournal.com\/it\/2026\/01\/20\/michael-hansen-e-il-nuovo-ceo-di-dfds\/#primaryimage"},"thumbnailUrl":"https:\/\/transportjournal.com\/wp-content\/uploads\/sites\/2\/2026\/01\/michael-hansen-aspect-ratio-1400-788.webp","datePublished":"2026-01-20T13:44:45+00:00","breadcrumb":{"@id":"https:\/\/transportjournal.com\/it\/2026\/01\/20\/michael-hansen-e-il-nuovo-ceo-di-dfds\/#breadcrumb"},"inLanguage":"it-IT","potentialAction":[{"@type":"ReadAction","target":["https:\/\/transportjournal.com\/it\/2026\/01\/20\/michael-hansen-e-il-nuovo-ceo-di-dfds\/"]}]},{"@type":"ImageObject","inLanguage":"it-IT","@id":"https:\/\/transportjournal.com\/it\/2026\/01\/20\/michael-hansen-e-il-nuovo-ceo-di-dfds\/#primaryimage","url":"https:\/\/transportjournal.com\/wp-content\/uploads\/sites\/2\/2026\/01\/michael-hansen-aspect-ratio-1400-788.webp","contentUrl":"https:\/\/transportjournal.com\/wp-content\/uploads\/sites\/2\/2026\/01\/michael-hansen-aspect-ratio-1400-788.webp","width":514,"height":289},{"@type":"BreadcrumbList","@id":"https:\/\/transportjournal.com\/it\/2026\/01\/20\/michael-hansen-e-il-nuovo-ceo-di-dfds\/#breadcrumb","itemListElement":[{"@type":"ListItem","position":1,"name":"Startseite","item":"https:\/\/transportjournal.com\/it\/"},{"@type":"ListItem","position":2,"name":"Michael Hansen \u00e8 il nuovo CEO di DFDS"}]},{"@type":"WebSite","@id":"https:\/\/transportjournal.com\/it\/#website","url":"https:\/\/transportjournal.com\/it\/","name":"ITJ | International Transport Journal","description":"Stay informed with the latest global news from the transport, logistics, and supply chain industries. Transport Journal delivers expert insights, analysis, and updates across shipping, aviation, intermodal, and forwarding.","publisher":{"@id":"https:\/\/transportjournal.com\/it\/#organization"},"potentialAction":[{"@type":"SearchAction","target":{"@type":"EntryPoint","urlTemplate":"https:\/\/transportjournal.com\/it\/?s={search_term_string}"},"query-input":{"@type":"PropertyValueSpecification","valueRequired":true,"valueName":"search_term_string"}}],"inLanguage":"it-IT"},{"@type":"Organization","@id":"https:\/\/transportjournal.com\/it\/#organization","name":"Logismedia Group AG","alternateName":"Logismedia Group AG","url":"https:\/\/transportjournal.com\/it\/","logo":{"@type":"ImageObject","inLanguage":"it-IT","@id":"https:\/\/transportjournal.com\/it\/#\/schema\/logo\/image\/","url":"https:\/\/transportjournal.com\/wp-content\/uploads\/sites\/2\/2025\/09\/Logo_ITJ.png","contentUrl":"https:\/\/transportjournal.com\/wp-content\/uploads\/sites\/2\/2025\/09\/Logo_ITJ.png","width":799,"height":326,"caption":"Logismedia Group AG"},"image":{"@id":"https:\/\/transportjournal.com\/it\/#\/schema\/logo\/image\/"},"sameAs":["https:\/\/www.linkedin.com\/company\/56456496\/admin\/dashboard\/","https:\/\/www.instagram.com\/logismediagroup\/","https:\/\/www.youtube.com\/@LogiamediaGroupAG"]},{"@type":"Person","@id":"https:\/\/transportjournal.com\/it\/#\/schema\/person\/cf538b3157f15afd7589245a4b3dbd25","name":"Andreas Haug","url":"https:\/\/transportjournal.com\/it\/author\/andreas\/"}]}},"_links":{"self":[{"href":"https:\/\/transportjournal.com\/it\/wp-json\/wp\/v2\/posts\/73602","targetHints":{"allow":["GET"]}}],"collection":[{"href":"https:\/\/transportjournal.com\/it\/wp-json\/wp\/v2\/posts"}],"about":[{"href":"https:\/\/transportjournal.com\/it\/wp-json\/wp\/v2\/types\/post"}],"author":[{"embeddable":true,"href":"https:\/\/transportjournal.com\/it\/wp-json\/wp\/v2\/users\/12"}],"replies":[{"embeddable":true,"href":"https:\/\/transportjournal.com\/it\/wp-json\/wp\/v2\/comments?post=73602"}],"version-history":[{"count":0,"href":"https:\/\/transportjournal.com\/it\/wp-json\/wp\/v2\/posts\/73602\/revisions"}],"wp:featuredmedia":[{"embeddable":true,"href":"https:\/\/transportjournal.com\/it\/wp-json\/wp\/v2\/media\/73598"}],"wp:attachment":[{"href":"https:\/\/transportjournal.com\/it\/wp-json\/wp\/v2\/media?parent=73602"}],"wp:term":[{"taxonomy":"category","embeddable":true,"href":"https:\/\/transportjournal.com\/it\/wp-json\/wp\/v2\/categories?post=73602"},{"taxonomy":"post_tag","embeddable":true,"href":"https:\/\/transportjournal.com\/it\/wp-json\/wp\/v2\/tags?post=73602"}],"curies":[{"name":"wp","href":"https:\/\/api.w.org\/{rel}","templated":true}]}}