{"id":73570,"date":"2026-01-20T11:33:30","date_gmt":"2026-01-20T11:33:30","guid":{"rendered":"https:\/\/transportjournal.com\/2026\/01\/20\/interferry-chiede-la-sospensione-delleu-ets\/"},"modified":"2026-01-20T11:33:30","modified_gmt":"2026-01-20T11:33:30","slug":"interferry-chiede-la-sospensione-delleu-ets","status":"publish","type":"post","link":"https:\/\/transportjournal.com\/it\/2026\/01\/20\/interferry-chiede-la-sospensione-delleu-ets\/","title":{"rendered":"Interferry chiede la sospensione dell&#8217;EU-ETS"},"content":{"rendered":"<p>Interferry, un&#8217;associazione di categoria dell&#8217;industria dei traghetti, ha recentemente richiesto un&#8217;interruzione dell&#8217;ulteriore introduzione del sistema di scambio di emissioni dell&#8217;UE (ETS) per il settore marittimo. Questa richiesta segue la recente decisione di escludere il traffico stradale da un meccanismo ETS parallelo, nonch\u00e9 la mancanza di chiare normative sull&#8217;uso dei fondi raccolti, come comunica l&#8217;associazione.<\/p>\n<h3>Richiesta di parit\u00e0 di trattamento nel commercio delle emissioni<\/h3>\n<p>Interferry richiede che l&#8217;obbligo di riduzione delle emissioni nel settore marittimo venga congelato temporaneamente al livello del 70% previsto per il 2025. L&#8217;aumento programmato al 100% nel 2026 dovrebbe essere sospeso. Mike Corrigan (nella foto), CEO di Interferry, sottolinea: \u201eQuesta misura deve rimanere in vigore fino a quando anche il traffico stradale non sar\u00e0 integrato in un ETS e i fondi raccolti saranno effettivamente utilizzati per la decarbonizzazione del settore marittimo.\u201d Egli esorta l&#8217;UE a mantenere il suo impegno per una concorrenza leale e a garantire che la politica climatica non graviti finanziariamente sul settore dei trasporti.<\/p>\n<p>Pi\u00f9 della met\u00e0 della tonnellata lorda globale di navi RoRo e passeggeri opera, secondo l&#8217;associazione, nelle acque europee, trasportando annualmente 400 milioni di passeggeri e 200 milioni di veicoli e merci. Un aumento dei prezzi delle merci sui traghetti potrebbe portare a un ritorno dei volumi di carico sulle gi\u00e0 sovraccariche strade europee.<\/p>\n<p><a href=\"https:\/\/interferry.com\/\" target=\"_blank\" rel=\"noopener noreferrer\">www.interferry.com<\/a><\/p>\n","protected":false},"excerpt":{"rendered":"<p>Interferry chiede un&#8217;immediata sospensione dell&#8217;introduzione del sistema di scambio di emissioni dell&#8217;UE per il settore marittimo, fino a quando anche il traffico stradale non sar\u00e0 incluso.<\/p>\n","protected":false},"author":10,"featured_media":73566,"comment_status":"open","ping_status":"open","sticky":false,"template":"","format":"standard","meta":{"_acf_changed":false,"footnotes":""},"categories":[1638,1631],"tags":[7094,7095,6265,6266,2079,7096,2695,2696,5443,4021,7097,7098,7099,7100,7101,7102,7103,7104,4022,4023,1889,7105,7106,7107,7108,7109,7110,7111,3682,3683,7112,2918,3597,3598,5454,7113,7114,2717,7115,7116,4096,7117,7118,7119,7120,6358,7121,2153,3609,6359,4099,5460,7122,7123,7124,6362,7125,1837,7126],"class_list":["post-73570","post","type-post","status-publish","format-standard","has-post-thumbnail","hentry","category-europa","category-spedizioni-e-porti","tag-climate-policy","tag-concurrence-equitable","tag-decarbonisation","tag-decarbonization","tag-dekarbonisierung","tag-deutsch-interferry","tag-digitalisierung","tag-digitalization","tag-durabilite","tag-eaux-europeennes","tag-emissionen","tag-emissions","tag-emissions-trading-scheme","tag-emissionshandelssystem","tag-eu-emissions-trading-system","tag-eu-regulations-francais-interferry","tag-eu-emissionshandel","tag-eu-richtlinien-english-interferry","tag-europaeische-gewaesser","tag-european-waters","tag-fachkraeftemangel","tag-faehrindustrie","tag-fair-competition","tag-faire-wettbewerbsbedingungen","tag-ferry-industry","tag-frachtpreise","tag-freight-rates","tag-industrie-des-ferries","tag-infrastructure","tag-infrastruktur","tag-klimapolitik","tag-logistics-industry","tag-maritime-sector","tag-maritimer-sektor","tag-nachhaltigkeit","tag-navires-de-passagers","tag-navires-roro","tag-numerisation","tag-passagierschiffe","tag-passenger-ships","tag-penurie-de-main-doeuvre-qualifiee","tag-politique-climatique","tag-reglementations-de-lue","tag-roro-ships","tag-roro-schiffe","tag-schiffsverkehr","tag-secteur-des-transports","tag-secteur-logistique","tag-secteur-maritime","tag-shipping-traffic","tag-skilled-labor-shortage","tag-sustainability","tag-systeme-dechange-de-quotas-demission-de-lue","tag-systeme-de-commerce-demissions","tag-tarifs-de-fret","tag-trafic-maritime","tag-transport-sector","tag-transportwirtschaft","tag-verkehrssektor"],"acf":[],"yoast_head":"<!-- This site is optimized with the Yoast SEO plugin v27.3 - https:\/\/yoast.com\/product\/yoast-seo-wordpress\/ -->\n<title>Interferry chiede la sospensione dell&#039;EU-ETS - ITJ | International Transport Journal<\/title>\n<meta name=\"robots\" content=\"index, follow, max-snippet:-1, max-image-preview:large, max-video-preview:-1\" \/>\n<link rel=\"canonical\" href=\"https:\/\/transportjournal.com\/it\/2026\/01\/20\/interferry-chiede-la-sospensione-delleu-ets\/\" \/>\n<meta property=\"og:locale\" content=\"it_IT\" \/>\n<meta property=\"og:type\" content=\"article\" \/>\n<meta property=\"og:title\" content=\"Interferry chiede la sospensione dell&#039;EU-ETS - ITJ | International Transport Journal\" \/>\n<meta property=\"og:description\" content=\"Interferry chiede un&#039;immediata sospensione dell&#039;introduzione del sistema di scambio di emissioni dell&#039;UE per il settore marittimo, fino a quando anche il traffico stradale non sar\u00e0 incluso.\" \/>\n<meta property=\"og:url\" content=\"https:\/\/transportjournal.com\/it\/2026\/01\/20\/interferry-chiede-la-sospensione-delleu-ets\/\" \/>\n<meta property=\"og:site_name\" content=\"ITJ | International Transport Journal\" \/>\n<meta property=\"article:published_time\" content=\"2026-01-20T11:33:30+00:00\" \/>\n<meta property=\"og:image\" content=\"https:\/\/transportjournal.com\/wp-content\/uploads\/sites\/2\/2026\/01\/Screenshot-2026-01-20-124616-aspect-ratio-1400-788.jpg\" \/>\n\t<meta property=\"og:image:width\" content=\"1019\" \/>\n\t<meta property=\"og:image:height\" content=\"573\" \/>\n\t<meta property=\"og:image:type\" content=\"image\/jpeg\" \/>\n<meta name=\"author\" content=\"Jeremy Soland\" \/>\n<meta name=\"twitter:card\" content=\"summary_large_image\" \/>\n<meta name=\"twitter:label1\" content=\"Scritto da\" \/>\n\t<meta name=\"twitter:data1\" content=\"Jeremy Soland\" \/>\n\t<meta name=\"twitter:label2\" content=\"Tempo di lettura stimato\" \/>\n\t<meta name=\"twitter:data2\" content=\"1 minuto\" \/>\n<script type=\"application\/ld+json\" class=\"yoast-schema-graph\">{\"@context\":\"https:\\\/\\\/schema.org\",\"@graph\":[{\"@type\":\"Article\",\"@id\":\"https:\\\/\\\/transportjournal.com\\\/it\\\/2026\\\/01\\\/20\\\/interferry-chiede-la-sospensione-delleu-ets\\\/#article\",\"isPartOf\":{\"@id\":\"https:\\\/\\\/transportjournal.com\\\/it\\\/2026\\\/01\\\/20\\\/interferry-chiede-la-sospensione-delleu-ets\\\/\"},\"author\":{\"name\":\"Jeremy Soland\",\"@id\":\"https:\\\/\\\/transportjournal.com\\\/it\\\/#\\\/schema\\\/person\\\/41d36b5474b623392fa613e97e2363fa\"},\"headline\":\"Interferry chiede la sospensione dell&#8217;EU-ETS\",\"datePublished\":\"2026-01-20T11:33:30+00:00\",\"mainEntityOfPage\":{\"@id\":\"https:\\\/\\\/transportjournal.com\\\/it\\\/2026\\\/01\\\/20\\\/interferry-chiede-la-sospensione-delleu-ets\\\/\"},\"wordCount\":227,\"commentCount\":0,\"publisher\":{\"@id\":\"https:\\\/\\\/transportjournal.com\\\/it\\\/#organization\"},\"image\":{\"@id\":\"https:\\\/\\\/transportjournal.com\\\/it\\\/2026\\\/01\\\/20\\\/interferry-chiede-la-sospensione-delleu-ets\\\/#primaryimage\"},\"thumbnailUrl\":\"https:\\\/\\\/transportjournal.com\\\/wp-content\\\/uploads\\\/sites\\\/2\\\/2026\\\/01\\\/Screenshot-2026-01-20-124616-aspect-ratio-1400-788.jpg\",\"keywords\":[\"climate policy\",\"concurrence \u00e9quitable\",\"d\u00e9carbonisation\",\"decarbonization\",\"Dekarbonisierung\",\"Deutsch Interferry\",\"Digitalisierung\",\"digitalization\",\"durabilit\u00e9\",\"eaux europ\u00e9ennes\",\"Emissionen\",\"emissions\",\"emissions trading scheme\",\"Emissionshandelssystem\",\"EU Emissions Trading System\",\"EU regulations Fran\u00e7ais Interferry\",\"EU-Emissionshandel\",\"EU-Richtlinien English Interferry\",\"europ\u00e4ische Gew\u00e4sser\",\"European waters\",\"Fachkr\u00e4ftemangel\",\"F\u00e4hrindustrie\",\"fair competition\",\"faire Wettbewerbsbedingungen\",\"ferry industry\",\"Frachtpreise\",\"freight rates\",\"industrie des ferries\",\"infrastructure\",\"Infrastruktur\",\"Klimapolitik\",\"logistics industry\",\"maritime sector\",\"maritimer Sektor\",\"Nachhaltigkeit\",\"navires de passagers\",\"navires RoRo\",\"num\u00e9risation\",\"Passagierschiffe\",\"passenger ships\",\"p\u00e9nurie de main-d'\u0153uvre qualifi\u00e9e\",\"politique climatique\",\"r\u00e9glementations de l'UE\",\"RoRo ships\",\"RoRo-Schiffe\",\"Schiffsverkehr\",\"secteur des transports\",\"secteur logistique\",\"secteur maritime\",\"shipping traffic\",\"skilled labor shortage\",\"sustainability\",\"syst\u00e8me d'\u00e9change de quotas d'\u00e9mission de l'UE\",\"syst\u00e8me de commerce d'\u00e9missions\",\"tarifs de fret\",\"trafic maritime\",\"transport sector\",\"Transportwirtschaft\",\"Verkehrssektor\"],\"articleSection\":[\"Europa\",\"Spedizioni e porti\"],\"inLanguage\":\"it-IT\",\"potentialAction\":[{\"@type\":\"CommentAction\",\"name\":\"Comment\",\"target\":[\"https:\\\/\\\/transportjournal.com\\\/it\\\/2026\\\/01\\\/20\\\/interferry-chiede-la-sospensione-delleu-ets\\\/#respond\"]}]},{\"@type\":\"WebPage\",\"@id\":\"https:\\\/\\\/transportjournal.com\\\/it\\\/2026\\\/01\\\/20\\\/interferry-chiede-la-sospensione-delleu-ets\\\/\",\"url\":\"https:\\\/\\\/transportjournal.com\\\/it\\\/2026\\\/01\\\/20\\\/interferry-chiede-la-sospensione-delleu-ets\\\/\",\"name\":\"Interferry chiede la sospensione dell'EU-ETS - ITJ | International Transport Journal\",\"isPartOf\":{\"@id\":\"https:\\\/\\\/transportjournal.com\\\/it\\\/#website\"},\"primaryImageOfPage\":{\"@id\":\"https:\\\/\\\/transportjournal.com\\\/it\\\/2026\\\/01\\\/20\\\/interferry-chiede-la-sospensione-delleu-ets\\\/#primaryimage\"},\"image\":{\"@id\":\"https:\\\/\\\/transportjournal.com\\\/it\\\/2026\\\/01\\\/20\\\/interferry-chiede-la-sospensione-delleu-ets\\\/#primaryimage\"},\"thumbnailUrl\":\"https:\\\/\\\/transportjournal.com\\\/wp-content\\\/uploads\\\/sites\\\/2\\\/2026\\\/01\\\/Screenshot-2026-01-20-124616-aspect-ratio-1400-788.jpg\",\"datePublished\":\"2026-01-20T11:33:30+00:00\",\"breadcrumb\":{\"@id\":\"https:\\\/\\\/transportjournal.com\\\/it\\\/2026\\\/01\\\/20\\\/interferry-chiede-la-sospensione-delleu-ets\\\/#breadcrumb\"},\"inLanguage\":\"it-IT\",\"potentialAction\":[{\"@type\":\"ReadAction\",\"target\":[\"https:\\\/\\\/transportjournal.com\\\/it\\\/2026\\\/01\\\/20\\\/interferry-chiede-la-sospensione-delleu-ets\\\/\"]}]},{\"@type\":\"ImageObject\",\"inLanguage\":\"it-IT\",\"@id\":\"https:\\\/\\\/transportjournal.com\\\/it\\\/2026\\\/01\\\/20\\\/interferry-chiede-la-sospensione-delleu-ets\\\/#primaryimage\",\"url\":\"https:\\\/\\\/transportjournal.com\\\/wp-content\\\/uploads\\\/sites\\\/2\\\/2026\\\/01\\\/Screenshot-2026-01-20-124616-aspect-ratio-1400-788.jpg\",\"contentUrl\":\"https:\\\/\\\/transportjournal.com\\\/wp-content\\\/uploads\\\/sites\\\/2\\\/2026\\\/01\\\/Screenshot-2026-01-20-124616-aspect-ratio-1400-788.jpg\",\"width\":1019,\"height\":573},{\"@type\":\"BreadcrumbList\",\"@id\":\"https:\\\/\\\/transportjournal.com\\\/it\\\/2026\\\/01\\\/20\\\/interferry-chiede-la-sospensione-delleu-ets\\\/#breadcrumb\",\"itemListElement\":[{\"@type\":\"ListItem\",\"position\":1,\"name\":\"Startseite\",\"item\":\"https:\\\/\\\/transportjournal.com\\\/it\\\/\"},{\"@type\":\"ListItem\",\"position\":2,\"name\":\"Interferry chiede la sospensione dell&#8217;EU-ETS\"}]},{\"@type\":\"WebSite\",\"@id\":\"https:\\\/\\\/transportjournal.com\\\/it\\\/#website\",\"url\":\"https:\\\/\\\/transportjournal.com\\\/it\\\/\",\"name\":\"ITJ | International Transport Journal\",\"description\":\"Stay informed with the latest global news from the transport, logistics, and supply chain industries. Transport Journal delivers expert insights, analysis, and updates across shipping, aviation, intermodal, and forwarding.\",\"publisher\":{\"@id\":\"https:\\\/\\\/transportjournal.com\\\/it\\\/#organization\"},\"potentialAction\":[{\"@type\":\"SearchAction\",\"target\":{\"@type\":\"EntryPoint\",\"urlTemplate\":\"https:\\\/\\\/transportjournal.com\\\/it\\\/?s={search_term_string}\"},\"query-input\":{\"@type\":\"PropertyValueSpecification\",\"valueRequired\":true,\"valueName\":\"search_term_string\"}}],\"inLanguage\":\"it-IT\"},{\"@type\":\"Organization\",\"@id\":\"https:\\\/\\\/transportjournal.com\\\/it\\\/#organization\",\"name\":\"Logismedia Group AG\",\"alternateName\":\"Logismedia Group AG\",\"url\":\"https:\\\/\\\/transportjournal.com\\\/it\\\/\",\"logo\":{\"@type\":\"ImageObject\",\"inLanguage\":\"it-IT\",\"@id\":\"https:\\\/\\\/transportjournal.com\\\/it\\\/#\\\/schema\\\/logo\\\/image\\\/\",\"url\":\"https:\\\/\\\/transportjournal.com\\\/wp-content\\\/uploads\\\/sites\\\/2\\\/2025\\\/09\\\/Logo_ITJ.png\",\"contentUrl\":\"https:\\\/\\\/transportjournal.com\\\/wp-content\\\/uploads\\\/sites\\\/2\\\/2025\\\/09\\\/Logo_ITJ.png\",\"width\":799,\"height\":326,\"caption\":\"Logismedia Group AG\"},\"image\":{\"@id\":\"https:\\\/\\\/transportjournal.com\\\/it\\\/#\\\/schema\\\/logo\\\/image\\\/\"},\"sameAs\":[\"https:\\\/\\\/www.linkedin.com\\\/company\\\/56456496\\\/admin\\\/dashboard\\\/\",\"https:\\\/\\\/www.instagram.com\\\/logismediagroup\\\/\",\"https:\\\/\\\/www.youtube.com\\\/@LogiamediaGroupAG\"]},{\"@type\":\"Person\",\"@id\":\"https:\\\/\\\/transportjournal.com\\\/it\\\/#\\\/schema\\\/person\\\/41d36b5474b623392fa613e97e2363fa\",\"name\":\"Jeremy Soland\",\"url\":\"https:\\\/\\\/transportjournal.com\\\/it\\\/author\\\/jeremy\\\/\"}]}<\/script>\n<!-- \/ Yoast SEO plugin. -->","yoast_head_json":{"title":"Interferry chiede la sospensione dell'EU-ETS - ITJ | International Transport Journal","robots":{"index":"index","follow":"follow","max-snippet":"max-snippet:-1","max-image-preview":"max-image-preview:large","max-video-preview":"max-video-preview:-1"},"canonical":"https:\/\/transportjournal.com\/it\/2026\/01\/20\/interferry-chiede-la-sospensione-delleu-ets\/","og_locale":"it_IT","og_type":"article","og_title":"Interferry chiede la sospensione dell'EU-ETS - ITJ | International Transport Journal","og_description":"Interferry chiede un'immediata sospensione dell'introduzione del sistema di scambio di emissioni dell'UE per il settore marittimo, fino a quando anche il traffico stradale non sar\u00e0 incluso.","og_url":"https:\/\/transportjournal.com\/it\/2026\/01\/20\/interferry-chiede-la-sospensione-delleu-ets\/","og_site_name":"ITJ | International Transport Journal","article_published_time":"2026-01-20T11:33:30+00:00","og_image":[{"width":1019,"height":573,"url":"https:\/\/transportjournal.com\/wp-content\/uploads\/sites\/2\/2026\/01\/Screenshot-2026-01-20-124616-aspect-ratio-1400-788.jpg","type":"image\/jpeg"}],"author":"Jeremy Soland","twitter_card":"summary_large_image","twitter_misc":{"Scritto da":"Jeremy Soland","Tempo di lettura stimato":"1 minuto"},"schema":{"@context":"https:\/\/schema.org","@graph":[{"@type":"Article","@id":"https:\/\/transportjournal.com\/it\/2026\/01\/20\/interferry-chiede-la-sospensione-delleu-ets\/#article","isPartOf":{"@id":"https:\/\/transportjournal.com\/it\/2026\/01\/20\/interferry-chiede-la-sospensione-delleu-ets\/"},"author":{"name":"Jeremy Soland","@id":"https:\/\/transportjournal.com\/it\/#\/schema\/person\/41d36b5474b623392fa613e97e2363fa"},"headline":"Interferry chiede la sospensione dell&#8217;EU-ETS","datePublished":"2026-01-20T11:33:30+00:00","mainEntityOfPage":{"@id":"https:\/\/transportjournal.com\/it\/2026\/01\/20\/interferry-chiede-la-sospensione-delleu-ets\/"},"wordCount":227,"commentCount":0,"publisher":{"@id":"https:\/\/transportjournal.com\/it\/#organization"},"image":{"@id":"https:\/\/transportjournal.com\/it\/2026\/01\/20\/interferry-chiede-la-sospensione-delleu-ets\/#primaryimage"},"thumbnailUrl":"https:\/\/transportjournal.com\/wp-content\/uploads\/sites\/2\/2026\/01\/Screenshot-2026-01-20-124616-aspect-ratio-1400-788.jpg","keywords":["climate policy","concurrence \u00e9quitable","d\u00e9carbonisation","decarbonization","Dekarbonisierung","Deutsch Interferry","Digitalisierung","digitalization","durabilit\u00e9","eaux europ\u00e9ennes","Emissionen","emissions","emissions trading scheme","Emissionshandelssystem","EU Emissions Trading System","EU regulations Fran\u00e7ais Interferry","EU-Emissionshandel","EU-Richtlinien English Interferry","europ\u00e4ische Gew\u00e4sser","European waters","Fachkr\u00e4ftemangel","F\u00e4hrindustrie","fair competition","faire Wettbewerbsbedingungen","ferry industry","Frachtpreise","freight rates","industrie des ferries","infrastructure","Infrastruktur","Klimapolitik","logistics industry","maritime sector","maritimer Sektor","Nachhaltigkeit","navires de passagers","navires RoRo","num\u00e9risation","Passagierschiffe","passenger ships","p\u00e9nurie de main-d'\u0153uvre qualifi\u00e9e","politique climatique","r\u00e9glementations de l'UE","RoRo ships","RoRo-Schiffe","Schiffsverkehr","secteur des transports","secteur logistique","secteur maritime","shipping traffic","skilled labor shortage","sustainability","syst\u00e8me d'\u00e9change de quotas d'\u00e9mission de l'UE","syst\u00e8me de commerce d'\u00e9missions","tarifs de fret","trafic maritime","transport sector","Transportwirtschaft","Verkehrssektor"],"articleSection":["Europa","Spedizioni e porti"],"inLanguage":"it-IT","potentialAction":[{"@type":"CommentAction","name":"Comment","target":["https:\/\/transportjournal.com\/it\/2026\/01\/20\/interferry-chiede-la-sospensione-delleu-ets\/#respond"]}]},{"@type":"WebPage","@id":"https:\/\/transportjournal.com\/it\/2026\/01\/20\/interferry-chiede-la-sospensione-delleu-ets\/","url":"https:\/\/transportjournal.com\/it\/2026\/01\/20\/interferry-chiede-la-sospensione-delleu-ets\/","name":"Interferry chiede la sospensione dell'EU-ETS - ITJ | International Transport Journal","isPartOf":{"@id":"https:\/\/transportjournal.com\/it\/#website"},"primaryImageOfPage":{"@id":"https:\/\/transportjournal.com\/it\/2026\/01\/20\/interferry-chiede-la-sospensione-delleu-ets\/#primaryimage"},"image":{"@id":"https:\/\/transportjournal.com\/it\/2026\/01\/20\/interferry-chiede-la-sospensione-delleu-ets\/#primaryimage"},"thumbnailUrl":"https:\/\/transportjournal.com\/wp-content\/uploads\/sites\/2\/2026\/01\/Screenshot-2026-01-20-124616-aspect-ratio-1400-788.jpg","datePublished":"2026-01-20T11:33:30+00:00","breadcrumb":{"@id":"https:\/\/transportjournal.com\/it\/2026\/01\/20\/interferry-chiede-la-sospensione-delleu-ets\/#breadcrumb"},"inLanguage":"it-IT","potentialAction":[{"@type":"ReadAction","target":["https:\/\/transportjournal.com\/it\/2026\/01\/20\/interferry-chiede-la-sospensione-delleu-ets\/"]}]},{"@type":"ImageObject","inLanguage":"it-IT","@id":"https:\/\/transportjournal.com\/it\/2026\/01\/20\/interferry-chiede-la-sospensione-delleu-ets\/#primaryimage","url":"https:\/\/transportjournal.com\/wp-content\/uploads\/sites\/2\/2026\/01\/Screenshot-2026-01-20-124616-aspect-ratio-1400-788.jpg","contentUrl":"https:\/\/transportjournal.com\/wp-content\/uploads\/sites\/2\/2026\/01\/Screenshot-2026-01-20-124616-aspect-ratio-1400-788.jpg","width":1019,"height":573},{"@type":"BreadcrumbList","@id":"https:\/\/transportjournal.com\/it\/2026\/01\/20\/interferry-chiede-la-sospensione-delleu-ets\/#breadcrumb","itemListElement":[{"@type":"ListItem","position":1,"name":"Startseite","item":"https:\/\/transportjournal.com\/it\/"},{"@type":"ListItem","position":2,"name":"Interferry chiede la sospensione dell&#8217;EU-ETS"}]},{"@type":"WebSite","@id":"https:\/\/transportjournal.com\/it\/#website","url":"https:\/\/transportjournal.com\/it\/","name":"ITJ | International Transport Journal","description":"Stay informed with the latest global news from the transport, logistics, and supply chain industries. Transport Journal delivers expert insights, analysis, and updates across shipping, aviation, intermodal, and forwarding.","publisher":{"@id":"https:\/\/transportjournal.com\/it\/#organization"},"potentialAction":[{"@type":"SearchAction","target":{"@type":"EntryPoint","urlTemplate":"https:\/\/transportjournal.com\/it\/?s={search_term_string}"},"query-input":{"@type":"PropertyValueSpecification","valueRequired":true,"valueName":"search_term_string"}}],"inLanguage":"it-IT"},{"@type":"Organization","@id":"https:\/\/transportjournal.com\/it\/#organization","name":"Logismedia Group AG","alternateName":"Logismedia Group AG","url":"https:\/\/transportjournal.com\/it\/","logo":{"@type":"ImageObject","inLanguage":"it-IT","@id":"https:\/\/transportjournal.com\/it\/#\/schema\/logo\/image\/","url":"https:\/\/transportjournal.com\/wp-content\/uploads\/sites\/2\/2025\/09\/Logo_ITJ.png","contentUrl":"https:\/\/transportjournal.com\/wp-content\/uploads\/sites\/2\/2025\/09\/Logo_ITJ.png","width":799,"height":326,"caption":"Logismedia Group AG"},"image":{"@id":"https:\/\/transportjournal.com\/it\/#\/schema\/logo\/image\/"},"sameAs":["https:\/\/www.linkedin.com\/company\/56456496\/admin\/dashboard\/","https:\/\/www.instagram.com\/logismediagroup\/","https:\/\/www.youtube.com\/@LogiamediaGroupAG"]},{"@type":"Person","@id":"https:\/\/transportjournal.com\/it\/#\/schema\/person\/41d36b5474b623392fa613e97e2363fa","name":"Jeremy Soland","url":"https:\/\/transportjournal.com\/it\/author\/jeremy\/"}]}},"_links":{"self":[{"href":"https:\/\/transportjournal.com\/it\/wp-json\/wp\/v2\/posts\/73570","targetHints":{"allow":["GET"]}}],"collection":[{"href":"https:\/\/transportjournal.com\/it\/wp-json\/wp\/v2\/posts"}],"about":[{"href":"https:\/\/transportjournal.com\/it\/wp-json\/wp\/v2\/types\/post"}],"author":[{"embeddable":true,"href":"https:\/\/transportjournal.com\/it\/wp-json\/wp\/v2\/users\/10"}],"replies":[{"embeddable":true,"href":"https:\/\/transportjournal.com\/it\/wp-json\/wp\/v2\/comments?post=73570"}],"version-history":[{"count":0,"href":"https:\/\/transportjournal.com\/it\/wp-json\/wp\/v2\/posts\/73570\/revisions"}],"wp:featuredmedia":[{"embeddable":true,"href":"https:\/\/transportjournal.com\/it\/wp-json\/wp\/v2\/media\/73566"}],"wp:attachment":[{"href":"https:\/\/transportjournal.com\/it\/wp-json\/wp\/v2\/media?parent=73570"}],"wp:term":[{"taxonomy":"category","embeddable":true,"href":"https:\/\/transportjournal.com\/it\/wp-json\/wp\/v2\/categories?post=73570"},{"taxonomy":"post_tag","embeddable":true,"href":"https:\/\/transportjournal.com\/it\/wp-json\/wp\/v2\/tags?post=73570"}],"curies":[{"name":"wp","href":"https:\/\/api.w.org\/{rel}","templated":true}]}}