{"id":73434,"date":"2026-01-19T11:40:46","date_gmt":"2026-01-19T11:40:46","guid":{"rendered":"https:\/\/transportjournal.com\/2026\/01\/19\/johann-ubben-nuovo-amministratore-delegato-di-ehb\/"},"modified":"2026-01-19T12:52:12","modified_gmt":"2026-01-19T11:52:12","slug":"johann-ubben-nuovo-amministratore-delegato-di-ehb","status":"publish","type":"post","link":"https:\/\/transportjournal.com\/it\/2026\/01\/19\/johann-ubben-nuovo-amministratore-delegato-di-ehb\/","title":{"rendered":"Johann Ubben nuovo amministratore delegato della EHB"},"content":{"rendered":"<p>Johann Ubben ha assunto la direzione della Eisenbahn- und Hafenbetriebsgesellschaft Region Osnabr\u00fcck (EHB) dal 1\u00b0 gennaio 2026. Prende il posto di Guido Giesen, che ha lasciato l&#8217;azienda per propria volont\u00e0. Ubben porta con s\u00e9 un&#8217;ampia esperienza nel settore ferroviario, acquisita in diverse posizioni.<\/p>\n<p>In precedenza, Ubben ha ricoperto ruoli dirigenziali presso ENERCON, NETINERA e la Westf\u00e4lische Landes-Eisenbahn. Ultimamente, \u00e8 stato amministratore delegato di diverse societ\u00e0 del gruppo Captrain e ha lavorato come manager ad interim. Le sue competenze includono, tra l&#8217;altro, la modernizzazione dei parchi locomotive, la riattivazione delle linee ferroviarie e la ristrutturazione delle connessioni di trasporto internazionali.<\/p>\n<h3>Sviluppo strategico del porto<\/h3>\n<p>Ubben ha commentato il suo nuovo ruolo, sottolineando l&#8217;importanza del porto di Osnabr\u00fcck, che dispone di un proprio laboratorio, infrastrutture e operazioni ferroviarie. &#8222;La sfida di sviluppare il porto in modo orientato al futuro e di garantirne la sicurezza mi entusiasma particolarmente&#8220;, ha dichiarato. Con la sua lunga esperienza e la sua visione strategica, guider\u00e0 in modo significativo lo sviluppo delle operazioni ferroviarie e portuali nella regione.<\/p>\n<p>La Eisenbahn- und Hafenbetriebsgesellschaft (EHB) \u00e8 una societ\u00e0 interamente controllata dalle Stadtwerke Osnabr\u00fcck. \u00c8 responsabile per le operazioni, le infrastrutture e lo sviluppo del porto di Osnabr\u00fcck. Tra i compiti dell&#8217;EHB vi \u00e8 in particolare il carico e scarico delle merci tra ferrovia e vie navigabili.<\/p>\n<p>&nbsp;<\/p>\n<p><a href=\"https:\/\/www.stadtwerke-osnabrueck.de\/\" target=\"_blank\" rel=\"noopener noreferrer\">www.stadtwerke-osnabrueck.de<\/a><\/p>\n<p>&nbsp;<\/p>\n","protected":false},"excerpt":{"rendered":"<p>Johann Ubben ha assunto la direzione della Eisenbahn- und Hafenbetriebsgesellschaft Region Osnabr\u00fcck e svilupper\u00e0 il porto in modo orientato al futuro.<\/p>\n","protected":false},"author":12,"featured_media":73430,"comment_status":"open","ping_status":"open","sticky":false,"template":"","format":"standard","meta":{"_acf_changed":false,"footnotes":""},"categories":[1638,1627,1634],"tags":[6683,6684,6685,6686,6687,3739,6688,3710,3711,6689,6690,2122,6691,6692,2909,6693,3745,2075,6694,6695,6696,2133,1831,6697,6698,6699,6700,6701,3726,2925,6702,6703,2145,6704,2929,2148,6705,6706,6707,6708,2339,6709,6710],"class_list":["post-73434","post","type-post","status-publish","format-standard","has-post-thumbnail","hentry","category-europa","category-persone-e-aziende","category-regioni","tag-captrain-group","tag-captrain-gruppe","tag-cargo-handling-rail-waterway","tag-connexions-de-transport-internationales","tag-deutsch-eisenbahn-und-hafenbetriebsgesellschaft","tag-developpement-des-infrastructures","tag-developpement-strategique-du-port","tag-digitalisierung-im-hafen","tag-digitalization-in-ports","tag-eisenbahnbranche","tag-enercon","tag-fachkraeftemangel-logistik","tag-groupe-captrain","tag-gueterumschlag-schiene-wasserstrasse","tag-hafenbetrieb","tag-industrie-ferroviaire","tag-infrastructure-development","tag-infrastrukturentwicklung","tag-international-transport-connections","tag-internationale-verkehrsverbindungen","tag-johann-ubben","tag-logistics-service-providers","tag-logistikdienstleister","tag-manutention-de-marchandises-rail-voie-navigable","tag-modernisation-des-parcs-de-locomotives","tag-modernisierung-lokparks","tag-modernization-of-locomotive-fleets","tag-netinera","tag-numerisation-dans-les-ports","tag-operations-portuaires","tag-osnabrueck-port","tag-osnabruecker-hafen","tag-penurie-de-main-doeuvre-logistique","tag-port-dosnabrueck","tag-port-operations","tag-prestataires-de-services-logistiques","tag-railway-industry","tag-reactivation-des-lignes-ferroviaires","tag-reactivation-of-railway-lines-francais-societe-dexploitation-ferroviaire-et-portuaire","tag-reaktivierung-eisenbahnstrecken-english-rail-and-port-operating-company","tag-skills-shortage-logistics","tag-strategic-port-development","tag-strategische-weiterentwicklung-hafen"],"acf":[],"yoast_head":"<!-- This site is optimized with the Yoast SEO plugin v27.3 - https:\/\/yoast.com\/product\/yoast-seo-wordpress\/ -->\n<title>Johann Ubben nuovo amministratore delegato della EHB - ITJ | International Transport Journal<\/title>\n<meta name=\"robots\" content=\"index, follow, max-snippet:-1, max-image-preview:large, max-video-preview:-1\" \/>\n<link rel=\"canonical\" href=\"https:\/\/transportjournal.com\/it\/2026\/01\/19\/johann-ubben-nuovo-amministratore-delegato-di-ehb\/\" \/>\n<meta property=\"og:locale\" content=\"it_IT\" \/>\n<meta property=\"og:type\" content=\"article\" \/>\n<meta property=\"og:title\" content=\"Johann Ubben nuovo amministratore delegato della EHB - ITJ | International Transport Journal\" \/>\n<meta property=\"og:description\" content=\"Johann Ubben ha assunto la direzione della Eisenbahn- und Hafenbetriebsgesellschaft Region Osnabr\u00fcck e svilupper\u00e0 il porto in modo orientato al futuro.\" \/>\n<meta property=\"og:url\" content=\"https:\/\/transportjournal.com\/it\/2026\/01\/19\/johann-ubben-nuovo-amministratore-delegato-di-ehb\/\" \/>\n<meta property=\"og:site_name\" content=\"ITJ | International Transport Journal\" \/>\n<meta property=\"article:published_time\" content=\"2026-01-19T11:40:46+00:00\" \/>\n<meta property=\"article:modified_time\" content=\"2026-01-19T11:52:12+00:00\" \/>\n<meta property=\"og:image\" content=\"https:\/\/transportjournal.com\/wp-content\/uploads\/sites\/2\/2026\/01\/EHB-johann.ubben_-aspect-ratio-1400-788.webp\" \/>\n\t<meta property=\"og:image:width\" content=\"560\" \/>\n\t<meta property=\"og:image:height\" content=\"315\" \/>\n\t<meta property=\"og:image:type\" content=\"image\/webp\" \/>\n<meta name=\"author\" content=\"Andreas Haug\" \/>\n<meta name=\"twitter:card\" content=\"summary_large_image\" \/>\n<meta name=\"twitter:label1\" content=\"Scritto da\" \/>\n\t<meta name=\"twitter:data1\" content=\"Andreas Haug\" \/>\n\t<meta name=\"twitter:label2\" content=\"Tempo di lettura stimato\" \/>\n\t<meta name=\"twitter:data2\" content=\"1 minuto\" \/>\n<script type=\"application\/ld+json\" class=\"yoast-schema-graph\">{\"@context\":\"https:\\\/\\\/schema.org\",\"@graph\":[{\"@type\":\"Article\",\"@id\":\"https:\\\/\\\/transportjournal.com\\\/it\\\/2026\\\/01\\\/19\\\/johann-ubben-nuovo-amministratore-delegato-di-ehb\\\/#article\",\"isPartOf\":{\"@id\":\"https:\\\/\\\/transportjournal.com\\\/it\\\/2026\\\/01\\\/19\\\/johann-ubben-nuovo-amministratore-delegato-di-ehb\\\/\"},\"author\":{\"name\":\"Andreas Haug\",\"@id\":\"https:\\\/\\\/transportjournal.com\\\/it\\\/#\\\/schema\\\/person\\\/cf538b3157f15afd7589245a4b3dbd25\"},\"headline\":\"Johann Ubben nuovo amministratore delegato della EHB\",\"datePublished\":\"2026-01-19T11:40:46+00:00\",\"dateModified\":\"2026-01-19T11:52:12+00:00\",\"mainEntityOfPage\":{\"@id\":\"https:\\\/\\\/transportjournal.com\\\/it\\\/2026\\\/01\\\/19\\\/johann-ubben-nuovo-amministratore-delegato-di-ehb\\\/\"},\"wordCount\":232,\"commentCount\":0,\"publisher\":{\"@id\":\"https:\\\/\\\/transportjournal.com\\\/it\\\/#organization\"},\"image\":{\"@id\":\"https:\\\/\\\/transportjournal.com\\\/it\\\/2026\\\/01\\\/19\\\/johann-ubben-nuovo-amministratore-delegato-di-ehb\\\/#primaryimage\"},\"thumbnailUrl\":\"https:\\\/\\\/transportjournal.com\\\/wp-content\\\/uploads\\\/sites\\\/2\\\/2026\\\/01\\\/EHB-johann.ubben_-aspect-ratio-1400-788.webp\",\"keywords\":[\"Captrain Group\",\"Captrain-Gruppe\",\"cargo handling rail waterway\",\"connexions de transport internationales\",\"Deutsch Eisenbahn- und Hafenbetriebsgesellschaft\",\"d\u00e9veloppement des infrastructures\",\"d\u00e9veloppement strat\u00e9gique du port\",\"Digitalisierung im Hafen\",\"digitalization in ports\",\"Eisenbahnbranche\",\"ENERCON\",\"Fachkr\u00e4ftemangel Logistik\",\"groupe Captrain\",\"G\u00fcterumschlag Schiene Wasserstra\u00dfe\",\"Hafenbetrieb\",\"industrie ferroviaire\",\"infrastructure development\",\"Infrastrukturentwicklung\",\"international transport connections\",\"internationale Verkehrsverbindungen\",\"Johann Ubben\",\"logistics service providers\",\"Logistikdienstleister\",\"manutention de marchandises rail voie navigable\",\"modernisation des parcs de locomotives\",\"Modernisierung Lokparks\",\"modernization of locomotive fleets\",\"NETINERA\",\"num\u00e9risation dans les ports\",\"op\u00e9rations portuaires\",\"Osnabr\u00fcck Port\",\"Osnabr\u00fccker Hafen\",\"p\u00e9nurie de main-d'\u0153uvre logistique\",\"port d'Osnabr\u00fcck\",\"port operations\",\"prestataires de services logistiques\",\"railway industry\",\"r\u00e9activation des lignes ferroviaires\",\"reactivation of railway lines Fran\u00e7ais Soci\u00e9t\u00e9 d'exploitation ferroviaire et portuaire\",\"Reaktivierung Eisenbahnstrecken English Rail and Port Operating Company\",\"skills shortage logistics\",\"strategic port development\",\"strategische Weiterentwicklung Hafen\"],\"articleSection\":[\"Europa\",\"Persone e aziende\",\"Regioni\"],\"inLanguage\":\"it-IT\",\"potentialAction\":[{\"@type\":\"CommentAction\",\"name\":\"Comment\",\"target\":[\"https:\\\/\\\/transportjournal.com\\\/it\\\/2026\\\/01\\\/19\\\/johann-ubben-nuovo-amministratore-delegato-di-ehb\\\/#respond\"]}]},{\"@type\":\"WebPage\",\"@id\":\"https:\\\/\\\/transportjournal.com\\\/it\\\/2026\\\/01\\\/19\\\/johann-ubben-nuovo-amministratore-delegato-di-ehb\\\/\",\"url\":\"https:\\\/\\\/transportjournal.com\\\/it\\\/2026\\\/01\\\/19\\\/johann-ubben-nuovo-amministratore-delegato-di-ehb\\\/\",\"name\":\"Johann Ubben nuovo amministratore delegato della EHB - ITJ | International Transport Journal\",\"isPartOf\":{\"@id\":\"https:\\\/\\\/transportjournal.com\\\/it\\\/#website\"},\"primaryImageOfPage\":{\"@id\":\"https:\\\/\\\/transportjournal.com\\\/it\\\/2026\\\/01\\\/19\\\/johann-ubben-nuovo-amministratore-delegato-di-ehb\\\/#primaryimage\"},\"image\":{\"@id\":\"https:\\\/\\\/transportjournal.com\\\/it\\\/2026\\\/01\\\/19\\\/johann-ubben-nuovo-amministratore-delegato-di-ehb\\\/#primaryimage\"},\"thumbnailUrl\":\"https:\\\/\\\/transportjournal.com\\\/wp-content\\\/uploads\\\/sites\\\/2\\\/2026\\\/01\\\/EHB-johann.ubben_-aspect-ratio-1400-788.webp\",\"datePublished\":\"2026-01-19T11:40:46+00:00\",\"dateModified\":\"2026-01-19T11:52:12+00:00\",\"breadcrumb\":{\"@id\":\"https:\\\/\\\/transportjournal.com\\\/it\\\/2026\\\/01\\\/19\\\/johann-ubben-nuovo-amministratore-delegato-di-ehb\\\/#breadcrumb\"},\"inLanguage\":\"it-IT\",\"potentialAction\":[{\"@type\":\"ReadAction\",\"target\":[\"https:\\\/\\\/transportjournal.com\\\/it\\\/2026\\\/01\\\/19\\\/johann-ubben-nuovo-amministratore-delegato-di-ehb\\\/\"]}]},{\"@type\":\"ImageObject\",\"inLanguage\":\"it-IT\",\"@id\":\"https:\\\/\\\/transportjournal.com\\\/it\\\/2026\\\/01\\\/19\\\/johann-ubben-nuovo-amministratore-delegato-di-ehb\\\/#primaryimage\",\"url\":\"https:\\\/\\\/transportjournal.com\\\/wp-content\\\/uploads\\\/sites\\\/2\\\/2026\\\/01\\\/EHB-johann.ubben_-aspect-ratio-1400-788.webp\",\"contentUrl\":\"https:\\\/\\\/transportjournal.com\\\/wp-content\\\/uploads\\\/sites\\\/2\\\/2026\\\/01\\\/EHB-johann.ubben_-aspect-ratio-1400-788.webp\",\"width\":560,\"height\":315},{\"@type\":\"BreadcrumbList\",\"@id\":\"https:\\\/\\\/transportjournal.com\\\/it\\\/2026\\\/01\\\/19\\\/johann-ubben-nuovo-amministratore-delegato-di-ehb\\\/#breadcrumb\",\"itemListElement\":[{\"@type\":\"ListItem\",\"position\":1,\"name\":\"Startseite\",\"item\":\"https:\\\/\\\/transportjournal.com\\\/it\\\/\"},{\"@type\":\"ListItem\",\"position\":2,\"name\":\"Johann Ubben nuovo amministratore delegato di EHB\"}]},{\"@type\":\"WebSite\",\"@id\":\"https:\\\/\\\/transportjournal.com\\\/it\\\/#website\",\"url\":\"https:\\\/\\\/transportjournal.com\\\/it\\\/\",\"name\":\"ITJ | International Transport Journal\",\"description\":\"Stay informed with the latest global news from the transport, logistics, and supply chain industries. Transport Journal delivers expert insights, analysis, and updates across shipping, aviation, intermodal, and forwarding.\",\"publisher\":{\"@id\":\"https:\\\/\\\/transportjournal.com\\\/it\\\/#organization\"},\"potentialAction\":[{\"@type\":\"SearchAction\",\"target\":{\"@type\":\"EntryPoint\",\"urlTemplate\":\"https:\\\/\\\/transportjournal.com\\\/it\\\/?s={search_term_string}\"},\"query-input\":{\"@type\":\"PropertyValueSpecification\",\"valueRequired\":true,\"valueName\":\"search_term_string\"}}],\"inLanguage\":\"it-IT\"},{\"@type\":\"Organization\",\"@id\":\"https:\\\/\\\/transportjournal.com\\\/it\\\/#organization\",\"name\":\"Logismedia Group AG\",\"alternateName\":\"Logismedia Group AG\",\"url\":\"https:\\\/\\\/transportjournal.com\\\/it\\\/\",\"logo\":{\"@type\":\"ImageObject\",\"inLanguage\":\"it-IT\",\"@id\":\"https:\\\/\\\/transportjournal.com\\\/it\\\/#\\\/schema\\\/logo\\\/image\\\/\",\"url\":\"https:\\\/\\\/transportjournal.com\\\/wp-content\\\/uploads\\\/sites\\\/2\\\/2025\\\/09\\\/Logo_ITJ.png\",\"contentUrl\":\"https:\\\/\\\/transportjournal.com\\\/wp-content\\\/uploads\\\/sites\\\/2\\\/2025\\\/09\\\/Logo_ITJ.png\",\"width\":799,\"height\":326,\"caption\":\"Logismedia Group AG\"},\"image\":{\"@id\":\"https:\\\/\\\/transportjournal.com\\\/it\\\/#\\\/schema\\\/logo\\\/image\\\/\"},\"sameAs\":[\"https:\\\/\\\/www.linkedin.com\\\/company\\\/56456496\\\/admin\\\/dashboard\\\/\",\"https:\\\/\\\/www.instagram.com\\\/logismediagroup\\\/\",\"https:\\\/\\\/www.youtube.com\\\/@LogiamediaGroupAG\"]},{\"@type\":\"Person\",\"@id\":\"https:\\\/\\\/transportjournal.com\\\/it\\\/#\\\/schema\\\/person\\\/cf538b3157f15afd7589245a4b3dbd25\",\"name\":\"Andreas Haug\",\"url\":\"https:\\\/\\\/transportjournal.com\\\/it\\\/author\\\/andreas\\\/\"}]}<\/script>\n<!-- \/ Yoast SEO plugin. -->","yoast_head_json":{"title":"Johann Ubben nuovo amministratore delegato della EHB - ITJ | International Transport Journal","robots":{"index":"index","follow":"follow","max-snippet":"max-snippet:-1","max-image-preview":"max-image-preview:large","max-video-preview":"max-video-preview:-1"},"canonical":"https:\/\/transportjournal.com\/it\/2026\/01\/19\/johann-ubben-nuovo-amministratore-delegato-di-ehb\/","og_locale":"it_IT","og_type":"article","og_title":"Johann Ubben nuovo amministratore delegato della EHB - ITJ | International Transport Journal","og_description":"Johann Ubben ha assunto la direzione della Eisenbahn- und Hafenbetriebsgesellschaft Region Osnabr\u00fcck e svilupper\u00e0 il porto in modo orientato al futuro.","og_url":"https:\/\/transportjournal.com\/it\/2026\/01\/19\/johann-ubben-nuovo-amministratore-delegato-di-ehb\/","og_site_name":"ITJ | International Transport Journal","article_published_time":"2026-01-19T11:40:46+00:00","article_modified_time":"2026-01-19T11:52:12+00:00","og_image":[{"width":560,"height":315,"url":"https:\/\/transportjournal.com\/wp-content\/uploads\/sites\/2\/2026\/01\/EHB-johann.ubben_-aspect-ratio-1400-788.webp","type":"image\/webp"}],"author":"Andreas Haug","twitter_card":"summary_large_image","twitter_misc":{"Scritto da":"Andreas Haug","Tempo di lettura stimato":"1 minuto"},"schema":{"@context":"https:\/\/schema.org","@graph":[{"@type":"Article","@id":"https:\/\/transportjournal.com\/it\/2026\/01\/19\/johann-ubben-nuovo-amministratore-delegato-di-ehb\/#article","isPartOf":{"@id":"https:\/\/transportjournal.com\/it\/2026\/01\/19\/johann-ubben-nuovo-amministratore-delegato-di-ehb\/"},"author":{"name":"Andreas Haug","@id":"https:\/\/transportjournal.com\/it\/#\/schema\/person\/cf538b3157f15afd7589245a4b3dbd25"},"headline":"Johann Ubben nuovo amministratore delegato della EHB","datePublished":"2026-01-19T11:40:46+00:00","dateModified":"2026-01-19T11:52:12+00:00","mainEntityOfPage":{"@id":"https:\/\/transportjournal.com\/it\/2026\/01\/19\/johann-ubben-nuovo-amministratore-delegato-di-ehb\/"},"wordCount":232,"commentCount":0,"publisher":{"@id":"https:\/\/transportjournal.com\/it\/#organization"},"image":{"@id":"https:\/\/transportjournal.com\/it\/2026\/01\/19\/johann-ubben-nuovo-amministratore-delegato-di-ehb\/#primaryimage"},"thumbnailUrl":"https:\/\/transportjournal.com\/wp-content\/uploads\/sites\/2\/2026\/01\/EHB-johann.ubben_-aspect-ratio-1400-788.webp","keywords":["Captrain Group","Captrain-Gruppe","cargo handling rail waterway","connexions de transport internationales","Deutsch Eisenbahn- und Hafenbetriebsgesellschaft","d\u00e9veloppement des infrastructures","d\u00e9veloppement strat\u00e9gique du port","Digitalisierung im Hafen","digitalization in ports","Eisenbahnbranche","ENERCON","Fachkr\u00e4ftemangel Logistik","groupe Captrain","G\u00fcterumschlag Schiene Wasserstra\u00dfe","Hafenbetrieb","industrie ferroviaire","infrastructure development","Infrastrukturentwicklung","international transport connections","internationale Verkehrsverbindungen","Johann Ubben","logistics service providers","Logistikdienstleister","manutention de marchandises rail voie navigable","modernisation des parcs de locomotives","Modernisierung Lokparks","modernization of locomotive fleets","NETINERA","num\u00e9risation dans les ports","op\u00e9rations portuaires","Osnabr\u00fcck Port","Osnabr\u00fccker Hafen","p\u00e9nurie de main-d'\u0153uvre logistique","port d'Osnabr\u00fcck","port operations","prestataires de services logistiques","railway industry","r\u00e9activation des lignes ferroviaires","reactivation of railway lines Fran\u00e7ais Soci\u00e9t\u00e9 d'exploitation ferroviaire et portuaire","Reaktivierung Eisenbahnstrecken English Rail and Port Operating Company","skills shortage logistics","strategic port development","strategische Weiterentwicklung Hafen"],"articleSection":["Europa","Persone e aziende","Regioni"],"inLanguage":"it-IT","potentialAction":[{"@type":"CommentAction","name":"Comment","target":["https:\/\/transportjournal.com\/it\/2026\/01\/19\/johann-ubben-nuovo-amministratore-delegato-di-ehb\/#respond"]}]},{"@type":"WebPage","@id":"https:\/\/transportjournal.com\/it\/2026\/01\/19\/johann-ubben-nuovo-amministratore-delegato-di-ehb\/","url":"https:\/\/transportjournal.com\/it\/2026\/01\/19\/johann-ubben-nuovo-amministratore-delegato-di-ehb\/","name":"Johann Ubben nuovo amministratore delegato della EHB - ITJ | International Transport Journal","isPartOf":{"@id":"https:\/\/transportjournal.com\/it\/#website"},"primaryImageOfPage":{"@id":"https:\/\/transportjournal.com\/it\/2026\/01\/19\/johann-ubben-nuovo-amministratore-delegato-di-ehb\/#primaryimage"},"image":{"@id":"https:\/\/transportjournal.com\/it\/2026\/01\/19\/johann-ubben-nuovo-amministratore-delegato-di-ehb\/#primaryimage"},"thumbnailUrl":"https:\/\/transportjournal.com\/wp-content\/uploads\/sites\/2\/2026\/01\/EHB-johann.ubben_-aspect-ratio-1400-788.webp","datePublished":"2026-01-19T11:40:46+00:00","dateModified":"2026-01-19T11:52:12+00:00","breadcrumb":{"@id":"https:\/\/transportjournal.com\/it\/2026\/01\/19\/johann-ubben-nuovo-amministratore-delegato-di-ehb\/#breadcrumb"},"inLanguage":"it-IT","potentialAction":[{"@type":"ReadAction","target":["https:\/\/transportjournal.com\/it\/2026\/01\/19\/johann-ubben-nuovo-amministratore-delegato-di-ehb\/"]}]},{"@type":"ImageObject","inLanguage":"it-IT","@id":"https:\/\/transportjournal.com\/it\/2026\/01\/19\/johann-ubben-nuovo-amministratore-delegato-di-ehb\/#primaryimage","url":"https:\/\/transportjournal.com\/wp-content\/uploads\/sites\/2\/2026\/01\/EHB-johann.ubben_-aspect-ratio-1400-788.webp","contentUrl":"https:\/\/transportjournal.com\/wp-content\/uploads\/sites\/2\/2026\/01\/EHB-johann.ubben_-aspect-ratio-1400-788.webp","width":560,"height":315},{"@type":"BreadcrumbList","@id":"https:\/\/transportjournal.com\/it\/2026\/01\/19\/johann-ubben-nuovo-amministratore-delegato-di-ehb\/#breadcrumb","itemListElement":[{"@type":"ListItem","position":1,"name":"Startseite","item":"https:\/\/transportjournal.com\/it\/"},{"@type":"ListItem","position":2,"name":"Johann Ubben nuovo amministratore delegato di EHB"}]},{"@type":"WebSite","@id":"https:\/\/transportjournal.com\/it\/#website","url":"https:\/\/transportjournal.com\/it\/","name":"ITJ | International Transport Journal","description":"Stay informed with the latest global news from the transport, logistics, and supply chain industries. Transport Journal delivers expert insights, analysis, and updates across shipping, aviation, intermodal, and forwarding.","publisher":{"@id":"https:\/\/transportjournal.com\/it\/#organization"},"potentialAction":[{"@type":"SearchAction","target":{"@type":"EntryPoint","urlTemplate":"https:\/\/transportjournal.com\/it\/?s={search_term_string}"},"query-input":{"@type":"PropertyValueSpecification","valueRequired":true,"valueName":"search_term_string"}}],"inLanguage":"it-IT"},{"@type":"Organization","@id":"https:\/\/transportjournal.com\/it\/#organization","name":"Logismedia Group AG","alternateName":"Logismedia Group AG","url":"https:\/\/transportjournal.com\/it\/","logo":{"@type":"ImageObject","inLanguage":"it-IT","@id":"https:\/\/transportjournal.com\/it\/#\/schema\/logo\/image\/","url":"https:\/\/transportjournal.com\/wp-content\/uploads\/sites\/2\/2025\/09\/Logo_ITJ.png","contentUrl":"https:\/\/transportjournal.com\/wp-content\/uploads\/sites\/2\/2025\/09\/Logo_ITJ.png","width":799,"height":326,"caption":"Logismedia Group AG"},"image":{"@id":"https:\/\/transportjournal.com\/it\/#\/schema\/logo\/image\/"},"sameAs":["https:\/\/www.linkedin.com\/company\/56456496\/admin\/dashboard\/","https:\/\/www.instagram.com\/logismediagroup\/","https:\/\/www.youtube.com\/@LogiamediaGroupAG"]},{"@type":"Person","@id":"https:\/\/transportjournal.com\/it\/#\/schema\/person\/cf538b3157f15afd7589245a4b3dbd25","name":"Andreas Haug","url":"https:\/\/transportjournal.com\/it\/author\/andreas\/"}]}},"_links":{"self":[{"href":"https:\/\/transportjournal.com\/it\/wp-json\/wp\/v2\/posts\/73434","targetHints":{"allow":["GET"]}}],"collection":[{"href":"https:\/\/transportjournal.com\/it\/wp-json\/wp\/v2\/posts"}],"about":[{"href":"https:\/\/transportjournal.com\/it\/wp-json\/wp\/v2\/types\/post"}],"author":[{"embeddable":true,"href":"https:\/\/transportjournal.com\/it\/wp-json\/wp\/v2\/users\/12"}],"replies":[{"embeddable":true,"href":"https:\/\/transportjournal.com\/it\/wp-json\/wp\/v2\/comments?post=73434"}],"version-history":[{"count":4,"href":"https:\/\/transportjournal.com\/it\/wp-json\/wp\/v2\/posts\/73434\/revisions"}],"predecessor-version":[{"id":73461,"href":"https:\/\/transportjournal.com\/it\/wp-json\/wp\/v2\/posts\/73434\/revisions\/73461"}],"wp:featuredmedia":[{"embeddable":true,"href":"https:\/\/transportjournal.com\/it\/wp-json\/wp\/v2\/media\/73430"}],"wp:attachment":[{"href":"https:\/\/transportjournal.com\/it\/wp-json\/wp\/v2\/media?parent=73434"}],"wp:term":[{"taxonomy":"category","embeddable":true,"href":"https:\/\/transportjournal.com\/it\/wp-json\/wp\/v2\/categories?post=73434"},{"taxonomy":"post_tag","embeddable":true,"href":"https:\/\/transportjournal.com\/it\/wp-json\/wp\/v2\/tags?post=73434"}],"curies":[{"name":"wp","href":"https:\/\/api.w.org\/{rel}","templated":true}]}}