{"id":73403,"date":"2026-01-19T09:40:06","date_gmt":"2026-01-19T09:40:06","guid":{"rendered":"https:\/\/transportjournal.com\/2026\/01\/19\/fs-logistix-acquisisce-servizi-di-manovra-ad-anversa\/"},"modified":"2026-01-19T11:45:37","modified_gmt":"2026-01-19T10:45:37","slug":"fs-logistix-acquisisce-servizi-di-manovra-ad-anversa","status":"publish","type":"post","link":"https:\/\/transportjournal.com\/it\/2026\/01\/19\/fs-logistix-acquisisce-servizi-di-manovra-ad-anversa\/","title":{"rendered":"FS Logistix acquisisce servizi di manovra ad Anversa"},"content":{"rendered":"<p>FS Logistix assumer\u00e0 i servizi di manovra nel porto di Anversa. Questo avviene tramite HSL Belgium, un&#8217;azienda di TX Logistik. Il contratto prevede l&#8217;esecuzione della prima e dell&#8217;ultima miglio nell&#8217;area 6A (Marshalldok) del porto di Anversa. L&#8217;assegnazione dell&#8217;incarico integra l&#8217;acquisizione recente del 30% delle quote dell&#8217;operazione del terminal Mainhub di Anversa da parte di FS Logistix. Questa partnership con Lineas mira a gestire il traffico commerciale tra Belgio e Italia, come comunica l&#8217;azienda.<\/p>\n<p>Le iniziative sono orientate a migliorare l&#8217;efficienza e la connettivit\u00e0 dei servizi ferroviari merci in Belgio su importanti rotte europee. &#8222;Continuiamo il nostro percorso di internazionalizzazione per diventare il leader di mercato europeo nel settore della logistica integrata&#8220;, afferma Sabrina De Filippis, CEO di FS Logistix.<\/p>\n<p><a href=\"https:\/\/www.fslogistix.com\/\" target=\"_blank\" rel=\"noopener noreferrer\">www.fslogistix.com<\/a><\/p>\n","protected":false},"excerpt":{"rendered":"<p>FS Logistix assume i servizi di manovra nel porto di Anversa per migliorare l&#8217;efficienza dei servizi ferroviari di merci<\/p>\n","protected":false},"author":10,"featured_media":73399,"comment_status":"open","ping_status":"open","sticky":false,"template":"","format":"standard","meta":{"_acf_changed":false,"footnotes":""},"categories":[1638,1628],"tags":[6557,5247,6558,2115,4521,2309,6559,6560,5249,5250,2122,6561,6562,2856,6563,6564,2125,6565,6458,6459,2279,2280,6566,2373,6567,6568,6569,6570,6460,2282,6571,6572,3725,3157,2865,6573,2145,6574,2868,6575,6576,6577,6578,6579,6580,6581,3735,6582,6583,2155,1837,6584,6585],"class_list":["post-73403","post","type-post","status-publish","format-standard","has-post-thumbnail","hentry","category-europa","category-intermodale-strada","tag-commercial-traffic-belgium-italy","tag-corridors-de-transport-europeens","tag-deutsch-rangierdienste-antwerpen","tag-digitalisierung-in-der-logistik","tag-digitization-in-logistics","tag-durabilite-dans-le-transport","tag-efficacite-du-fret-ferroviaire","tag-effizienz-schienengueterdienste","tag-europaeische-transportkorridore","tag-european-transport-corridors","tag-fachkraeftemangel-logistik","tag-fret-ferroviaire-belgique","tag-fs-logistix","tag-hafenbetrieb-antwerpen","tag-hafeninfrastruktur-antwerpen","tag-hsl-belgium","tag-industrie-du-transport","tag-infrastructure-portuaire-anvers","tag-integrated-logistics","tag-integrierte-logistik","tag-international-logistics","tag-internationale-logistik","tag-kommerzieller-verkehr-belgien-italien","tag-labor-shortage-logistics","tag-logistics-partnerships-francais-services-de-manoeuvre-anvers","tag-logistics-service-providers-europe","tag-logistikdienstleister-europa","tag-logistikpartnerschaften-english-shunting-services-antwerp","tag-logistique-integree","tag-logistique-internationale","tag-mainhub-terminal-antwerp","tag-mainhub-terminal-antwerpen","tag-nachhaltigkeit-im-transport","tag-numerisation-dans-la-logistique","tag-operations-portuaires-anvers","tag-partenariats-logistiques","tag-penurie-de-main-doeuvre-logistique","tag-port-infrastructure-antwerp","tag-port-operations-antwerp","tag-prestataires-de-services-logistiques-europe","tag-rail-freight-belgium","tag-rail-freight-efficiency","tag-rail-network-europe","tag-reseau-ferroviaire-europe","tag-schienengueterverkehr-belgien","tag-schienenverkehrsnetz-europa","tag-sustainability-in-transport","tag-terminal-mainhub-anvers","tag-trafic-commercial-belgique-italie","tag-transport-industry","tag-transportwirtschaft","tag-tx-logistics","tag-tx-logistik"],"acf":[],"yoast_head":"<!-- This site is optimized with the Yoast SEO plugin v27.3 - https:\/\/yoast.com\/product\/yoast-seo-wordpress\/ -->\n<title>FS Logistix acquisisce servizi di manovra ad Anversa - ITJ | International Transport Journal<\/title>\n<meta name=\"robots\" content=\"index, follow, max-snippet:-1, max-image-preview:large, max-video-preview:-1\" \/>\n<link rel=\"canonical\" href=\"https:\/\/transportjournal.com\/it\/2026\/01\/19\/fs-logistix-acquisisce-servizi-di-manovra-ad-anversa\/\" \/>\n<meta property=\"og:locale\" content=\"it_IT\" \/>\n<meta property=\"og:type\" content=\"article\" \/>\n<meta property=\"og:title\" content=\"FS Logistix acquisisce servizi di manovra ad Anversa - ITJ | International Transport Journal\" \/>\n<meta property=\"og:description\" content=\"FS Logistix assume i servizi di manovra nel porto di Anversa per migliorare l&#039;efficienza dei servizi ferroviari di merci\" \/>\n<meta property=\"og:url\" content=\"https:\/\/transportjournal.com\/it\/2026\/01\/19\/fs-logistix-acquisisce-servizi-di-manovra-ad-anversa\/\" \/>\n<meta property=\"og:site_name\" content=\"ITJ | International Transport Journal\" \/>\n<meta property=\"article:published_time\" content=\"2026-01-19T09:40:06+00:00\" \/>\n<meta property=\"article:modified_time\" content=\"2026-01-19T10:45:37+00:00\" \/>\n<meta property=\"og:image\" content=\"https:\/\/transportjournal.com\/wp-content\/uploads\/sites\/2\/2026\/01\/HSL-Belgium_zone-6A_DE18-hybrid-locomotive_The-Lion_\u00a9Henk-Zwoferink-aspect-ratio-1400-788.jpg\" \/>\n\t<meta property=\"og:image:width\" content=\"1492\" \/>\n\t<meta property=\"og:image:height\" content=\"839\" \/>\n\t<meta property=\"og:image:type\" content=\"image\/jpeg\" \/>\n<meta name=\"author\" content=\"Jeremy Soland\" \/>\n<meta name=\"twitter:card\" content=\"summary_large_image\" \/>\n<meta name=\"twitter:label1\" content=\"Scritto da\" \/>\n\t<meta name=\"twitter:data1\" content=\"Jeremy Soland\" \/>\n\t<meta name=\"twitter:label2\" content=\"Tempo di lettura stimato\" \/>\n\t<meta name=\"twitter:data2\" content=\"1 minuto\" \/>\n<script type=\"application\/ld+json\" class=\"yoast-schema-graph\">{\"@context\":\"https:\\\/\\\/schema.org\",\"@graph\":[{\"@type\":\"Article\",\"@id\":\"https:\\\/\\\/transportjournal.com\\\/it\\\/2026\\\/01\\\/19\\\/fs-logistix-acquisisce-servizi-di-manovra-ad-anversa\\\/#article\",\"isPartOf\":{\"@id\":\"https:\\\/\\\/transportjournal.com\\\/it\\\/2026\\\/01\\\/19\\\/fs-logistix-acquisisce-servizi-di-manovra-ad-anversa\\\/\"},\"author\":{\"name\":\"Jeremy Soland\",\"@id\":\"https:\\\/\\\/transportjournal.com\\\/it\\\/#\\\/schema\\\/person\\\/41d36b5474b623392fa613e97e2363fa\"},\"headline\":\"FS Logistix acquisisce servizi di manovra ad Anversa\",\"datePublished\":\"2026-01-19T09:40:06+00:00\",\"dateModified\":\"2026-01-19T10:45:37+00:00\",\"mainEntityOfPage\":{\"@id\":\"https:\\\/\\\/transportjournal.com\\\/it\\\/2026\\\/01\\\/19\\\/fs-logistix-acquisisce-servizi-di-manovra-ad-anversa\\\/\"},\"wordCount\":139,\"commentCount\":0,\"publisher\":{\"@id\":\"https:\\\/\\\/transportjournal.com\\\/it\\\/#organization\"},\"image\":{\"@id\":\"https:\\\/\\\/transportjournal.com\\\/it\\\/2026\\\/01\\\/19\\\/fs-logistix-acquisisce-servizi-di-manovra-ad-anversa\\\/#primaryimage\"},\"thumbnailUrl\":\"https:\\\/\\\/transportjournal.com\\\/wp-content\\\/uploads\\\/sites\\\/2\\\/2026\\\/01\\\/HSL-Belgium_zone-6A_DE18-hybrid-locomotive_The-Lion_\u00a9Henk-Zwoferink-aspect-ratio-1400-788.jpg\",\"keywords\":[\"commercial traffic Belgium Italy\",\"corridors de transport europ\u00e9ens\",\"Deutsch Rangierdienste Antwerpen\",\"Digitalisierung in der Logistik\",\"digitization in logistics\",\"durabilit\u00e9 dans le transport\",\"efficacit\u00e9 du fret ferroviaire\",\"Effizienz Schieneng\u00fcterdienste\",\"europ\u00e4ische Transportkorridore\",\"European transport corridors\",\"Fachkr\u00e4ftemangel Logistik\",\"fret ferroviaire Belgique\",\"FS Logistix\",\"Hafenbetrieb Antwerpen\",\"Hafeninfrastruktur Antwerpen\",\"HSL Belgium\",\"industrie du transport\",\"infrastructure portuaire Anvers\",\"integrated logistics\",\"integrierte Logistik\",\"international logistics\",\"internationale Logistik\",\"kommerzieller Verkehr Belgien Italien\",\"labor shortage logistics\",\"logistics partnerships Fran\u00e7ais services de man\u0153uvre Anvers\",\"logistics service providers Europe\",\"Logistikdienstleister Europa\",\"Logistikpartnerschaften English shunting services Antwerp\",\"logistique int\u00e9gr\u00e9e\",\"logistique internationale\",\"Mainhub terminal Antwerp\",\"Mainhub-Terminal Antwerpen\",\"Nachhaltigkeit im Transport\",\"num\u00e9risation dans la logistique\",\"op\u00e9rations portuaires Anvers\",\"partenariats logistiques\",\"p\u00e9nurie de main-d'\u0153uvre logistique\",\"port infrastructure Antwerp\",\"port operations Antwerp\",\"prestataires de services logistiques Europe\",\"rail freight Belgium\",\"rail freight efficiency\",\"rail network Europe\",\"r\u00e9seau ferroviaire Europe\",\"Schieneng\u00fcterverkehr Belgien\",\"Schienenverkehrsnetz Europa\",\"sustainability in transport\",\"terminal Mainhub Anvers\",\"trafic commercial Belgique Italie\",\"transport industry\",\"Transportwirtschaft\",\"TX Logistics\",\"TX Logistik\"],\"articleSection\":[\"Europa\",\"Intermodale \\\/ Strada\"],\"inLanguage\":\"it-IT\",\"potentialAction\":[{\"@type\":\"CommentAction\",\"name\":\"Comment\",\"target\":[\"https:\\\/\\\/transportjournal.com\\\/it\\\/2026\\\/01\\\/19\\\/fs-logistix-acquisisce-servizi-di-manovra-ad-anversa\\\/#respond\"]}]},{\"@type\":\"WebPage\",\"@id\":\"https:\\\/\\\/transportjournal.com\\\/it\\\/2026\\\/01\\\/19\\\/fs-logistix-acquisisce-servizi-di-manovra-ad-anversa\\\/\",\"url\":\"https:\\\/\\\/transportjournal.com\\\/it\\\/2026\\\/01\\\/19\\\/fs-logistix-acquisisce-servizi-di-manovra-ad-anversa\\\/\",\"name\":\"FS Logistix acquisisce servizi di manovra ad Anversa - ITJ | International Transport Journal\",\"isPartOf\":{\"@id\":\"https:\\\/\\\/transportjournal.com\\\/it\\\/#website\"},\"primaryImageOfPage\":{\"@id\":\"https:\\\/\\\/transportjournal.com\\\/it\\\/2026\\\/01\\\/19\\\/fs-logistix-acquisisce-servizi-di-manovra-ad-anversa\\\/#primaryimage\"},\"image\":{\"@id\":\"https:\\\/\\\/transportjournal.com\\\/it\\\/2026\\\/01\\\/19\\\/fs-logistix-acquisisce-servizi-di-manovra-ad-anversa\\\/#primaryimage\"},\"thumbnailUrl\":\"https:\\\/\\\/transportjournal.com\\\/wp-content\\\/uploads\\\/sites\\\/2\\\/2026\\\/01\\\/HSL-Belgium_zone-6A_DE18-hybrid-locomotive_The-Lion_\u00a9Henk-Zwoferink-aspect-ratio-1400-788.jpg\",\"datePublished\":\"2026-01-19T09:40:06+00:00\",\"dateModified\":\"2026-01-19T10:45:37+00:00\",\"breadcrumb\":{\"@id\":\"https:\\\/\\\/transportjournal.com\\\/it\\\/2026\\\/01\\\/19\\\/fs-logistix-acquisisce-servizi-di-manovra-ad-anversa\\\/#breadcrumb\"},\"inLanguage\":\"it-IT\",\"potentialAction\":[{\"@type\":\"ReadAction\",\"target\":[\"https:\\\/\\\/transportjournal.com\\\/it\\\/2026\\\/01\\\/19\\\/fs-logistix-acquisisce-servizi-di-manovra-ad-anversa\\\/\"]}]},{\"@type\":\"ImageObject\",\"inLanguage\":\"it-IT\",\"@id\":\"https:\\\/\\\/transportjournal.com\\\/it\\\/2026\\\/01\\\/19\\\/fs-logistix-acquisisce-servizi-di-manovra-ad-anversa\\\/#primaryimage\",\"url\":\"https:\\\/\\\/transportjournal.com\\\/wp-content\\\/uploads\\\/sites\\\/2\\\/2026\\\/01\\\/HSL-Belgium_zone-6A_DE18-hybrid-locomotive_The-Lion_\u00a9Henk-Zwoferink-aspect-ratio-1400-788.jpg\",\"contentUrl\":\"https:\\\/\\\/transportjournal.com\\\/wp-content\\\/uploads\\\/sites\\\/2\\\/2026\\\/01\\\/HSL-Belgium_zone-6A_DE18-hybrid-locomotive_The-Lion_\u00a9Henk-Zwoferink-aspect-ratio-1400-788.jpg\",\"width\":1492,\"height\":839},{\"@type\":\"BreadcrumbList\",\"@id\":\"https:\\\/\\\/transportjournal.com\\\/it\\\/2026\\\/01\\\/19\\\/fs-logistix-acquisisce-servizi-di-manovra-ad-anversa\\\/#breadcrumb\",\"itemListElement\":[{\"@type\":\"ListItem\",\"position\":1,\"name\":\"Startseite\",\"item\":\"https:\\\/\\\/transportjournal.com\\\/it\\\/\"},{\"@type\":\"ListItem\",\"position\":2,\"name\":\"FS Logistix acquisisce servizi di manovra ad Anversa\"}]},{\"@type\":\"WebSite\",\"@id\":\"https:\\\/\\\/transportjournal.com\\\/it\\\/#website\",\"url\":\"https:\\\/\\\/transportjournal.com\\\/it\\\/\",\"name\":\"ITJ | International Transport Journal\",\"description\":\"Stay informed with the latest global news from the transport, logistics, and supply chain industries. Transport Journal delivers expert insights, analysis, and updates across shipping, aviation, intermodal, and forwarding.\",\"publisher\":{\"@id\":\"https:\\\/\\\/transportjournal.com\\\/it\\\/#organization\"},\"potentialAction\":[{\"@type\":\"SearchAction\",\"target\":{\"@type\":\"EntryPoint\",\"urlTemplate\":\"https:\\\/\\\/transportjournal.com\\\/it\\\/?s={search_term_string}\"},\"query-input\":{\"@type\":\"PropertyValueSpecification\",\"valueRequired\":true,\"valueName\":\"search_term_string\"}}],\"inLanguage\":\"it-IT\"},{\"@type\":\"Organization\",\"@id\":\"https:\\\/\\\/transportjournal.com\\\/it\\\/#organization\",\"name\":\"Logismedia Group AG\",\"alternateName\":\"Logismedia Group AG\",\"url\":\"https:\\\/\\\/transportjournal.com\\\/it\\\/\",\"logo\":{\"@type\":\"ImageObject\",\"inLanguage\":\"it-IT\",\"@id\":\"https:\\\/\\\/transportjournal.com\\\/it\\\/#\\\/schema\\\/logo\\\/image\\\/\",\"url\":\"https:\\\/\\\/transportjournal.com\\\/wp-content\\\/uploads\\\/sites\\\/2\\\/2025\\\/09\\\/Logo_ITJ.png\",\"contentUrl\":\"https:\\\/\\\/transportjournal.com\\\/wp-content\\\/uploads\\\/sites\\\/2\\\/2025\\\/09\\\/Logo_ITJ.png\",\"width\":799,\"height\":326,\"caption\":\"Logismedia Group AG\"},\"image\":{\"@id\":\"https:\\\/\\\/transportjournal.com\\\/it\\\/#\\\/schema\\\/logo\\\/image\\\/\"},\"sameAs\":[\"https:\\\/\\\/www.linkedin.com\\\/company\\\/56456496\\\/admin\\\/dashboard\\\/\",\"https:\\\/\\\/www.instagram.com\\\/logismediagroup\\\/\",\"https:\\\/\\\/www.youtube.com\\\/@LogiamediaGroupAG\"]},{\"@type\":\"Person\",\"@id\":\"https:\\\/\\\/transportjournal.com\\\/it\\\/#\\\/schema\\\/person\\\/41d36b5474b623392fa613e97e2363fa\",\"name\":\"Jeremy Soland\",\"url\":\"https:\\\/\\\/transportjournal.com\\\/it\\\/author\\\/jeremy\\\/\"}]}<\/script>\n<!-- \/ Yoast SEO plugin. -->","yoast_head_json":{"title":"FS Logistix acquisisce servizi di manovra ad Anversa - ITJ | International Transport Journal","robots":{"index":"index","follow":"follow","max-snippet":"max-snippet:-1","max-image-preview":"max-image-preview:large","max-video-preview":"max-video-preview:-1"},"canonical":"https:\/\/transportjournal.com\/it\/2026\/01\/19\/fs-logistix-acquisisce-servizi-di-manovra-ad-anversa\/","og_locale":"it_IT","og_type":"article","og_title":"FS Logistix acquisisce servizi di manovra ad Anversa - ITJ | International Transport Journal","og_description":"FS Logistix assume i servizi di manovra nel porto di Anversa per migliorare l'efficienza dei servizi ferroviari di merci","og_url":"https:\/\/transportjournal.com\/it\/2026\/01\/19\/fs-logistix-acquisisce-servizi-di-manovra-ad-anversa\/","og_site_name":"ITJ | International Transport Journal","article_published_time":"2026-01-19T09:40:06+00:00","article_modified_time":"2026-01-19T10:45:37+00:00","og_image":[{"width":1492,"height":839,"url":"https:\/\/transportjournal.com\/wp-content\/uploads\/sites\/2\/2026\/01\/HSL-Belgium_zone-6A_DE18-hybrid-locomotive_The-Lion_\u00a9Henk-Zwoferink-aspect-ratio-1400-788.jpg","type":"image\/jpeg"}],"author":"Jeremy Soland","twitter_card":"summary_large_image","twitter_misc":{"Scritto da":"Jeremy Soland","Tempo di lettura stimato":"1 minuto"},"schema":{"@context":"https:\/\/schema.org","@graph":[{"@type":"Article","@id":"https:\/\/transportjournal.com\/it\/2026\/01\/19\/fs-logistix-acquisisce-servizi-di-manovra-ad-anversa\/#article","isPartOf":{"@id":"https:\/\/transportjournal.com\/it\/2026\/01\/19\/fs-logistix-acquisisce-servizi-di-manovra-ad-anversa\/"},"author":{"name":"Jeremy Soland","@id":"https:\/\/transportjournal.com\/it\/#\/schema\/person\/41d36b5474b623392fa613e97e2363fa"},"headline":"FS Logistix acquisisce servizi di manovra ad Anversa","datePublished":"2026-01-19T09:40:06+00:00","dateModified":"2026-01-19T10:45:37+00:00","mainEntityOfPage":{"@id":"https:\/\/transportjournal.com\/it\/2026\/01\/19\/fs-logistix-acquisisce-servizi-di-manovra-ad-anversa\/"},"wordCount":139,"commentCount":0,"publisher":{"@id":"https:\/\/transportjournal.com\/it\/#organization"},"image":{"@id":"https:\/\/transportjournal.com\/it\/2026\/01\/19\/fs-logistix-acquisisce-servizi-di-manovra-ad-anversa\/#primaryimage"},"thumbnailUrl":"https:\/\/transportjournal.com\/wp-content\/uploads\/sites\/2\/2026\/01\/HSL-Belgium_zone-6A_DE18-hybrid-locomotive_The-Lion_\u00a9Henk-Zwoferink-aspect-ratio-1400-788.jpg","keywords":["commercial traffic Belgium Italy","corridors de transport europ\u00e9ens","Deutsch Rangierdienste Antwerpen","Digitalisierung in der Logistik","digitization in logistics","durabilit\u00e9 dans le transport","efficacit\u00e9 du fret ferroviaire","Effizienz Schieneng\u00fcterdienste","europ\u00e4ische Transportkorridore","European transport corridors","Fachkr\u00e4ftemangel Logistik","fret ferroviaire Belgique","FS Logistix","Hafenbetrieb Antwerpen","Hafeninfrastruktur Antwerpen","HSL Belgium","industrie du transport","infrastructure portuaire Anvers","integrated logistics","integrierte Logistik","international logistics","internationale Logistik","kommerzieller Verkehr Belgien Italien","labor shortage logistics","logistics partnerships Fran\u00e7ais services de man\u0153uvre Anvers","logistics service providers Europe","Logistikdienstleister Europa","Logistikpartnerschaften English shunting services Antwerp","logistique int\u00e9gr\u00e9e","logistique internationale","Mainhub terminal Antwerp","Mainhub-Terminal Antwerpen","Nachhaltigkeit im Transport","num\u00e9risation dans la logistique","op\u00e9rations portuaires Anvers","partenariats logistiques","p\u00e9nurie de main-d'\u0153uvre logistique","port infrastructure Antwerp","port operations Antwerp","prestataires de services logistiques Europe","rail freight Belgium","rail freight efficiency","rail network Europe","r\u00e9seau ferroviaire Europe","Schieneng\u00fcterverkehr Belgien","Schienenverkehrsnetz Europa","sustainability in transport","terminal Mainhub Anvers","trafic commercial Belgique Italie","transport industry","Transportwirtschaft","TX Logistics","TX Logistik"],"articleSection":["Europa","Intermodale \/ Strada"],"inLanguage":"it-IT","potentialAction":[{"@type":"CommentAction","name":"Comment","target":["https:\/\/transportjournal.com\/it\/2026\/01\/19\/fs-logistix-acquisisce-servizi-di-manovra-ad-anversa\/#respond"]}]},{"@type":"WebPage","@id":"https:\/\/transportjournal.com\/it\/2026\/01\/19\/fs-logistix-acquisisce-servizi-di-manovra-ad-anversa\/","url":"https:\/\/transportjournal.com\/it\/2026\/01\/19\/fs-logistix-acquisisce-servizi-di-manovra-ad-anversa\/","name":"FS Logistix acquisisce servizi di manovra ad Anversa - ITJ | International Transport Journal","isPartOf":{"@id":"https:\/\/transportjournal.com\/it\/#website"},"primaryImageOfPage":{"@id":"https:\/\/transportjournal.com\/it\/2026\/01\/19\/fs-logistix-acquisisce-servizi-di-manovra-ad-anversa\/#primaryimage"},"image":{"@id":"https:\/\/transportjournal.com\/it\/2026\/01\/19\/fs-logistix-acquisisce-servizi-di-manovra-ad-anversa\/#primaryimage"},"thumbnailUrl":"https:\/\/transportjournal.com\/wp-content\/uploads\/sites\/2\/2026\/01\/HSL-Belgium_zone-6A_DE18-hybrid-locomotive_The-Lion_\u00a9Henk-Zwoferink-aspect-ratio-1400-788.jpg","datePublished":"2026-01-19T09:40:06+00:00","dateModified":"2026-01-19T10:45:37+00:00","breadcrumb":{"@id":"https:\/\/transportjournal.com\/it\/2026\/01\/19\/fs-logistix-acquisisce-servizi-di-manovra-ad-anversa\/#breadcrumb"},"inLanguage":"it-IT","potentialAction":[{"@type":"ReadAction","target":["https:\/\/transportjournal.com\/it\/2026\/01\/19\/fs-logistix-acquisisce-servizi-di-manovra-ad-anversa\/"]}]},{"@type":"ImageObject","inLanguage":"it-IT","@id":"https:\/\/transportjournal.com\/it\/2026\/01\/19\/fs-logistix-acquisisce-servizi-di-manovra-ad-anversa\/#primaryimage","url":"https:\/\/transportjournal.com\/wp-content\/uploads\/sites\/2\/2026\/01\/HSL-Belgium_zone-6A_DE18-hybrid-locomotive_The-Lion_\u00a9Henk-Zwoferink-aspect-ratio-1400-788.jpg","contentUrl":"https:\/\/transportjournal.com\/wp-content\/uploads\/sites\/2\/2026\/01\/HSL-Belgium_zone-6A_DE18-hybrid-locomotive_The-Lion_\u00a9Henk-Zwoferink-aspect-ratio-1400-788.jpg","width":1492,"height":839},{"@type":"BreadcrumbList","@id":"https:\/\/transportjournal.com\/it\/2026\/01\/19\/fs-logistix-acquisisce-servizi-di-manovra-ad-anversa\/#breadcrumb","itemListElement":[{"@type":"ListItem","position":1,"name":"Startseite","item":"https:\/\/transportjournal.com\/it\/"},{"@type":"ListItem","position":2,"name":"FS Logistix acquisisce servizi di manovra ad Anversa"}]},{"@type":"WebSite","@id":"https:\/\/transportjournal.com\/it\/#website","url":"https:\/\/transportjournal.com\/it\/","name":"ITJ | International Transport Journal","description":"Stay informed with the latest global news from the transport, logistics, and supply chain industries. Transport Journal delivers expert insights, analysis, and updates across shipping, aviation, intermodal, and forwarding.","publisher":{"@id":"https:\/\/transportjournal.com\/it\/#organization"},"potentialAction":[{"@type":"SearchAction","target":{"@type":"EntryPoint","urlTemplate":"https:\/\/transportjournal.com\/it\/?s={search_term_string}"},"query-input":{"@type":"PropertyValueSpecification","valueRequired":true,"valueName":"search_term_string"}}],"inLanguage":"it-IT"},{"@type":"Organization","@id":"https:\/\/transportjournal.com\/it\/#organization","name":"Logismedia Group AG","alternateName":"Logismedia Group AG","url":"https:\/\/transportjournal.com\/it\/","logo":{"@type":"ImageObject","inLanguage":"it-IT","@id":"https:\/\/transportjournal.com\/it\/#\/schema\/logo\/image\/","url":"https:\/\/transportjournal.com\/wp-content\/uploads\/sites\/2\/2025\/09\/Logo_ITJ.png","contentUrl":"https:\/\/transportjournal.com\/wp-content\/uploads\/sites\/2\/2025\/09\/Logo_ITJ.png","width":799,"height":326,"caption":"Logismedia Group AG"},"image":{"@id":"https:\/\/transportjournal.com\/it\/#\/schema\/logo\/image\/"},"sameAs":["https:\/\/www.linkedin.com\/company\/56456496\/admin\/dashboard\/","https:\/\/www.instagram.com\/logismediagroup\/","https:\/\/www.youtube.com\/@LogiamediaGroupAG"]},{"@type":"Person","@id":"https:\/\/transportjournal.com\/it\/#\/schema\/person\/41d36b5474b623392fa613e97e2363fa","name":"Jeremy Soland","url":"https:\/\/transportjournal.com\/it\/author\/jeremy\/"}]}},"_links":{"self":[{"href":"https:\/\/transportjournal.com\/it\/wp-json\/wp\/v2\/posts\/73403","targetHints":{"allow":["GET"]}}],"collection":[{"href":"https:\/\/transportjournal.com\/it\/wp-json\/wp\/v2\/posts"}],"about":[{"href":"https:\/\/transportjournal.com\/it\/wp-json\/wp\/v2\/types\/post"}],"author":[{"embeddable":true,"href":"https:\/\/transportjournal.com\/it\/wp-json\/wp\/v2\/users\/10"}],"replies":[{"embeddable":true,"href":"https:\/\/transportjournal.com\/it\/wp-json\/wp\/v2\/comments?post=73403"}],"version-history":[{"count":1,"href":"https:\/\/transportjournal.com\/it\/wp-json\/wp\/v2\/posts\/73403\/revisions"}],"predecessor-version":[{"id":73410,"href":"https:\/\/transportjournal.com\/it\/wp-json\/wp\/v2\/posts\/73403\/revisions\/73410"}],"wp:featuredmedia":[{"embeddable":true,"href":"https:\/\/transportjournal.com\/it\/wp-json\/wp\/v2\/media\/73399"}],"wp:attachment":[{"href":"https:\/\/transportjournal.com\/it\/wp-json\/wp\/v2\/media?parent=73403"}],"wp:term":[{"taxonomy":"category","embeddable":true,"href":"https:\/\/transportjournal.com\/it\/wp-json\/wp\/v2\/categories?post=73403"},{"taxonomy":"post_tag","embeddable":true,"href":"https:\/\/transportjournal.com\/it\/wp-json\/wp\/v2\/tags?post=73403"}],"curies":[{"name":"wp","href":"https:\/\/api.w.org\/{rel}","templated":true}]}}