{"id":73372,"date":"2026-01-19T08:26:09","date_gmt":"2026-01-19T08:26:09","guid":{"rendered":"https:\/\/transportjournal.com\/2026\/01\/19\/maersk-air-cargo-nuovo-membro-era\/"},"modified":"2026-01-19T15:58:41","modified_gmt":"2026-01-19T14:58:41","slug":"maersk-air-cargo-nuovo-membro-era","status":"publish","type":"post","link":"https:\/\/transportjournal.com\/it\/2026\/01\/19\/maersk-air-cargo-nuovo-membro-era\/","title":{"rendered":"Maersk Air Cargo nuovo membro ERA"},"content":{"rendered":"<p>La European Regions Airline Association (ERA) ha annunciato che Maersk Air Cargo \u00e8 stata accettata come nuovo membro dell&#8217;associazione. Questa adesione mira a rafforzare la rappresentanza del variegato e in evoluzione panorama dell&#8217;aviazione in Europa.<\/p>\n<p>Maersk Air Cargo svolge un ruolo centrale nella strategia logistica integrata di Maersk e porta con s\u00e9 decenni di esperienza nel settore del cargo aereo. La compagnia aerea gestisce hub in Danimarca, Germania, Belgio, Regno Unito e Cina, collegando oltre 30 aeroporti in tutto il mondo tramite voli programmati. Inoltre, ulteriori aeroporti sono serviti tramite voli charter. La flotta comprende 19 aerei, tra cui Boeing 777 e 767, che effettuano oltre 400 movimenti aerei settimanali in una rete globale in crescita.<\/p>\n<h3>Espansione delle competenze nel cargo aereo<\/h3>\n<p>Lars Jordahn, CEO di Maersk Air Cargo, ha espresso soddisfazione per l&#8217;adesione: \u201cMaersk Air Cargo \u00e8 entusiasta di unirsi all&#8217;ERA per rafforzare la nostra voce regionale ed europea, mentre espandiamo la nostra presenza e il nostro contributo nella definizione del futuro del cargo aereo.\u201d<\/p>\n<p>Montserrat Barriga, Direttore Generale dell&#8217;ERA, ha sottolineato l&#8217;importanza di Maersk Air Cargo per la comunit\u00e0 delle compagnie aeree dell&#8217;ERA: \u201cMaersk Air Cargo porta un&#8217;importante esperienza nel settore del cargo aereo e una forte prospettiva logistica integrata nella comunit\u00e0 aerea dell&#8217;ERA. Il cargo aereo \u00e8 un fattore essenziale per la connettivit\u00e0 europea e globale, e l&#8217;approccio orientato al futuro di Maersk Air Cargo, combinato con la sua scalabilit\u00e0 operativa e il focus sulla sostenibilit\u00e0, contribuisce in modo significativo al nostro impegno comune in Europa.\u201d<\/p>\n<p>L&#8217;adesione di Maersk Air Cargo sottolinea il ruolo dell&#8217;ERA come voce per le compagnie aeree passeggeri e cargo che operano in Europa e oltre. Mentre Maersk Air Cargo continua ad espandere le proprie operazioni e ad adottare pratiche ecologiche, la collaborazione con l&#8217;ERA \u00e8 considerata preziosa per rappresentare gli interessi del settore dell&#8217;aviazione.<\/p>\n<p>&nbsp;<\/p>\n<p><a href=\"https:\/\/www.eraa.org\/\" target=\"_blank\" rel=\"noopener noreferrer\">www.era.org<\/a><\/p>\n<p>&nbsp;<\/p>\n<p><a href=\"https:\/\/www.maersk.com\/\" target=\"_blank\" rel=\"noopener noreferrer\">www.maersk.com<\/a><\/p>\n<p>&nbsp;<\/p>\n","protected":false},"excerpt":{"rendered":"<p>Maersk Air Cargo \u00e8 stata accettata come nuovo membro nell&#8217;European Regions Airline Association per rafforzare il panorama aereo in Europa e rappresentare gli interessi del settore.<\/p>\n","protected":false},"author":12,"featured_media":73481,"comment_status":"open","ping_status":"open","sticky":false,"template":"","format":"standard","meta":{"_acf_changed":false,"footnotes":""},"categories":[1638,1634,1630],"tags":[6427,2648,6428,3447,6429,6430,6431,6432,6433,4364,6434,6435,6436,6437,6438,6439,6440,6441,6093,6442,6443,6444,6445,6446,6447,6448,6449,6450,6451,6452,6453,6454,6455,6456,2655,6457,6458,6459,2821,1831,6460,1962,6461,3472,6462,3475,4395,2829,6463,6464,4403,6465,6466,6467],"class_list":["post-73372","post","type-post","status-publish","format-standard","has-post-thumbnail","hentry","category-europa","category-regioni","category-trasporto-aereo","tag-adhesion-era","tag-air-freight","tag-air-freight-expertise","tag-air-freight-market","tag-air-transport-strategy","tag-airlines-europe","tag-airport-connections","tag-allemagne","tag-association-europeenne-des-regions-aeriennes","tag-aviation-durable","tag-belgien","tag-belgique","tag-belgium","tag-boeing-777","tag-charter-flights","tag-charterfluege","tag-china-english-maersk-air-cargo","tag-china-francais-maersk-air-cargo","tag-chine","tag-compagnies-aeriennes-europe","tag-connectivite-europeenne","tag-connexions-aeroportuaires","tag-daenemark","tag-denmark","tag-deutsch-maersk-air-cargo","tag-deutschland","tag-era-membership","tag-era-mitgliedschaft","tag-europaeische-konnektivitaet","tag-european-connectivity","tag-european-regions-airline-association","tag-expertise-en-fret-aerien","tag-fluggesellschaften-europa","tag-flughafenverbindungen","tag-fret-aerien","tag-germany","tag-integrated-logistics","tag-integrierte-logistik","tag-logistics-providers","tag-logistikdienstleister","tag-logistique-integree","tag-luftfracht","tag-luftfrachtkompetenz","tag-luftfrachtmarkt","tag-luftverkehrsstrategie","tag-marche-du-fret-aerien","tag-nachhaltige-luftfahrt","tag-prestataires-logistiques","tag-royaume-uni","tag-strategie-de-transport-aerien","tag-sustainable-aviation","tag-united-kingdom","tag-vereinigtes-koenigreich","tag-vols-charter"],"acf":[],"yoast_head":"<!-- This site is optimized with the Yoast SEO plugin v27.3 - https:\/\/yoast.com\/product\/yoast-seo-wordpress\/ -->\n<title>Maersk Air Cargo nuovo membro ERA - ITJ | International Transport Journal<\/title>\n<meta name=\"robots\" content=\"index, follow, max-snippet:-1, max-image-preview:large, max-video-preview:-1\" \/>\n<link rel=\"canonical\" href=\"https:\/\/transportjournal.com\/it\/2026\/01\/19\/maersk-air-cargo-nuovo-membro-era\/\" \/>\n<meta property=\"og:locale\" content=\"it_IT\" \/>\n<meta property=\"og:type\" content=\"article\" \/>\n<meta property=\"og:title\" content=\"Maersk Air Cargo nuovo membro ERA - ITJ | International Transport Journal\" \/>\n<meta property=\"og:description\" content=\"Maersk Air Cargo \u00e8 stata accettata come nuovo membro nell&#039;European Regions Airline Association per rafforzare il panorama aereo in Europa e rappresentare gli interessi del settore.\" \/>\n<meta property=\"og:url\" content=\"https:\/\/transportjournal.com\/it\/2026\/01\/19\/maersk-air-cargo-nuovo-membro-era\/\" \/>\n<meta property=\"og:site_name\" content=\"ITJ | International Transport Journal\" \/>\n<meta property=\"article:published_time\" content=\"2026-01-19T08:26:09+00:00\" \/>\n<meta property=\"article:modified_time\" content=\"2026-01-19T14:58:41+00:00\" \/>\n<meta name=\"author\" content=\"Andreas Haug\" \/>\n<meta name=\"twitter:card\" content=\"summary_large_image\" \/>\n<meta name=\"twitter:label1\" content=\"Scritto da\" \/>\n\t<meta name=\"twitter:data1\" content=\"Andreas Haug\" \/>\n\t<meta name=\"twitter:label2\" content=\"Tempo di lettura stimato\" \/>\n\t<meta name=\"twitter:data2\" content=\"2 minuto\" \/>\n<script type=\"application\/ld+json\" class=\"yoast-schema-graph\">{\"@context\":\"https:\\\/\\\/schema.org\",\"@graph\":[{\"@type\":\"Article\",\"@id\":\"https:\\\/\\\/transportjournal.com\\\/it\\\/2026\\\/01\\\/19\\\/maersk-air-cargo-nuovo-membro-era\\\/#article\",\"isPartOf\":{\"@id\":\"https:\\\/\\\/transportjournal.com\\\/it\\\/2026\\\/01\\\/19\\\/maersk-air-cargo-nuovo-membro-era\\\/\"},\"author\":{\"name\":\"Andreas Haug\",\"@id\":\"https:\\\/\\\/transportjournal.com\\\/it\\\/#\\\/schema\\\/person\\\/cf538b3157f15afd7589245a4b3dbd25\"},\"headline\":\"Maersk Air Cargo nuovo membro ERA\",\"datePublished\":\"2026-01-19T08:26:09+00:00\",\"dateModified\":\"2026-01-19T14:58:41+00:00\",\"mainEntityOfPage\":{\"@id\":\"https:\\\/\\\/transportjournal.com\\\/it\\\/2026\\\/01\\\/19\\\/maersk-air-cargo-nuovo-membro-era\\\/\"},\"wordCount\":322,\"commentCount\":0,\"publisher\":{\"@id\":\"https:\\\/\\\/transportjournal.com\\\/it\\\/#organization\"},\"image\":{\"@id\":\"https:\\\/\\\/transportjournal.com\\\/it\\\/2026\\\/01\\\/19\\\/maersk-air-cargo-nuovo-membro-era\\\/#primaryimage\"},\"thumbnailUrl\":\"https:\\\/\\\/transportjournal.com\\\/wp-content\\\/uploads\\\/sites\\\/2\\\/2026\\\/01\\\/Maersk.jpg\",\"keywords\":[\"adh\u00e9sion ERA\",\"air freight\",\"air freight expertise\",\"air freight market\",\"air transport strategy\",\"airlines Europe\",\"airport connections\",\"Allemagne\",\"Association Europ\u00e9enne des R\u00e9gions A\u00e9riennes\",\"aviation durable\",\"Belgien\",\"Belgique\",\"Belgium\",\"Boeing 777\",\"charter flights\",\"Charterfl\u00fcge\",\"China English Maersk Air Cargo\",\"China Fran\u00e7ais Maersk Air Cargo\",\"Chine\",\"compagnies a\u00e9riennes Europe\",\"connectivit\u00e9 europ\u00e9enne\",\"connexions a\u00e9roportuaires\",\"D\u00e4nemark\",\"Denmark\",\"Deutsch Maersk Air Cargo\",\"Deutschland\",\"ERA membership\",\"ERA Mitgliedschaft\",\"europ\u00e4ische Konnektivit\u00e4t\",\"European connectivity\",\"European Regions Airline Association\",\"expertise en fret a\u00e9rien\",\"Fluggesellschaften Europa\",\"Flughafenverbindungen\",\"fret a\u00e9rien\",\"Germany\",\"integrated logistics\",\"integrierte Logistik\",\"logistics providers\",\"Logistikdienstleister\",\"logistique int\u00e9gr\u00e9e\",\"Luftfracht\",\"Luftfrachtkompetenz\",\"Luftfrachtmarkt\",\"Luftverkehrsstrategie\",\"march\u00e9 du fret a\u00e9rien\",\"nachhaltige Luftfahrt\",\"prestataires logistiques\",\"Royaume-Uni\",\"strat\u00e9gie de transport a\u00e9rien\",\"sustainable aviation\",\"United Kingdom\",\"Vereinigtes K\u00f6nigreich\",\"vols charter\"],\"articleSection\":[\"Europa\",\"Regioni\",\"Trasporto aereo\"],\"inLanguage\":\"it-IT\",\"potentialAction\":[{\"@type\":\"CommentAction\",\"name\":\"Comment\",\"target\":[\"https:\\\/\\\/transportjournal.com\\\/it\\\/2026\\\/01\\\/19\\\/maersk-air-cargo-nuovo-membro-era\\\/#respond\"]}]},{\"@type\":\"WebPage\",\"@id\":\"https:\\\/\\\/transportjournal.com\\\/it\\\/2026\\\/01\\\/19\\\/maersk-air-cargo-nuovo-membro-era\\\/\",\"url\":\"https:\\\/\\\/transportjournal.com\\\/it\\\/2026\\\/01\\\/19\\\/maersk-air-cargo-nuovo-membro-era\\\/\",\"name\":\"Maersk Air Cargo nuovo membro ERA - ITJ | International Transport Journal\",\"isPartOf\":{\"@id\":\"https:\\\/\\\/transportjournal.com\\\/it\\\/#website\"},\"primaryImageOfPage\":{\"@id\":\"https:\\\/\\\/transportjournal.com\\\/it\\\/2026\\\/01\\\/19\\\/maersk-air-cargo-nuovo-membro-era\\\/#primaryimage\"},\"image\":{\"@id\":\"https:\\\/\\\/transportjournal.com\\\/it\\\/2026\\\/01\\\/19\\\/maersk-air-cargo-nuovo-membro-era\\\/#primaryimage\"},\"thumbnailUrl\":\"https:\\\/\\\/transportjournal.com\\\/wp-content\\\/uploads\\\/sites\\\/2\\\/2026\\\/01\\\/Maersk.jpg\",\"datePublished\":\"2026-01-19T08:26:09+00:00\",\"dateModified\":\"2026-01-19T14:58:41+00:00\",\"breadcrumb\":{\"@id\":\"https:\\\/\\\/transportjournal.com\\\/it\\\/2026\\\/01\\\/19\\\/maersk-air-cargo-nuovo-membro-era\\\/#breadcrumb\"},\"inLanguage\":\"it-IT\",\"potentialAction\":[{\"@type\":\"ReadAction\",\"target\":[\"https:\\\/\\\/transportjournal.com\\\/it\\\/2026\\\/01\\\/19\\\/maersk-air-cargo-nuovo-membro-era\\\/\"]}]},{\"@type\":\"ImageObject\",\"inLanguage\":\"it-IT\",\"@id\":\"https:\\\/\\\/transportjournal.com\\\/it\\\/2026\\\/01\\\/19\\\/maersk-air-cargo-nuovo-membro-era\\\/#primaryimage\",\"url\":\"https:\\\/\\\/transportjournal.com\\\/wp-content\\\/uploads\\\/sites\\\/2\\\/2026\\\/01\\\/Maersk.jpg\",\"contentUrl\":\"https:\\\/\\\/transportjournal.com\\\/wp-content\\\/uploads\\\/sites\\\/2\\\/2026\\\/01\\\/Maersk.jpg\",\"width\":720,\"height\":405},{\"@type\":\"BreadcrumbList\",\"@id\":\"https:\\\/\\\/transportjournal.com\\\/it\\\/2026\\\/01\\\/19\\\/maersk-air-cargo-nuovo-membro-era\\\/#breadcrumb\",\"itemListElement\":[{\"@type\":\"ListItem\",\"position\":1,\"name\":\"Startseite\",\"item\":\"https:\\\/\\\/transportjournal.com\\\/it\\\/\"},{\"@type\":\"ListItem\",\"position\":2,\"name\":\"Maersk Air Cargo nuovo membro ERA\"}]},{\"@type\":\"WebSite\",\"@id\":\"https:\\\/\\\/transportjournal.com\\\/it\\\/#website\",\"url\":\"https:\\\/\\\/transportjournal.com\\\/it\\\/\",\"name\":\"ITJ | International Transport Journal\",\"description\":\"Stay informed with the latest global news from the transport, logistics, and supply chain industries. Transport Journal delivers expert insights, analysis, and updates across shipping, aviation, intermodal, and forwarding.\",\"publisher\":{\"@id\":\"https:\\\/\\\/transportjournal.com\\\/it\\\/#organization\"},\"potentialAction\":[{\"@type\":\"SearchAction\",\"target\":{\"@type\":\"EntryPoint\",\"urlTemplate\":\"https:\\\/\\\/transportjournal.com\\\/it\\\/?s={search_term_string}\"},\"query-input\":{\"@type\":\"PropertyValueSpecification\",\"valueRequired\":true,\"valueName\":\"search_term_string\"}}],\"inLanguage\":\"it-IT\"},{\"@type\":\"Organization\",\"@id\":\"https:\\\/\\\/transportjournal.com\\\/it\\\/#organization\",\"name\":\"Logismedia Group AG\",\"alternateName\":\"Logismedia Group AG\",\"url\":\"https:\\\/\\\/transportjournal.com\\\/it\\\/\",\"logo\":{\"@type\":\"ImageObject\",\"inLanguage\":\"it-IT\",\"@id\":\"https:\\\/\\\/transportjournal.com\\\/it\\\/#\\\/schema\\\/logo\\\/image\\\/\",\"url\":\"https:\\\/\\\/transportjournal.com\\\/wp-content\\\/uploads\\\/sites\\\/2\\\/2025\\\/09\\\/Logo_ITJ.png\",\"contentUrl\":\"https:\\\/\\\/transportjournal.com\\\/wp-content\\\/uploads\\\/sites\\\/2\\\/2025\\\/09\\\/Logo_ITJ.png\",\"width\":799,\"height\":326,\"caption\":\"Logismedia Group AG\"},\"image\":{\"@id\":\"https:\\\/\\\/transportjournal.com\\\/it\\\/#\\\/schema\\\/logo\\\/image\\\/\"},\"sameAs\":[\"https:\\\/\\\/www.linkedin.com\\\/company\\\/56456496\\\/admin\\\/dashboard\\\/\",\"https:\\\/\\\/www.instagram.com\\\/logismediagroup\\\/\",\"https:\\\/\\\/www.youtube.com\\\/@LogiamediaGroupAG\"]},{\"@type\":\"Person\",\"@id\":\"https:\\\/\\\/transportjournal.com\\\/it\\\/#\\\/schema\\\/person\\\/cf538b3157f15afd7589245a4b3dbd25\",\"name\":\"Andreas Haug\",\"url\":\"https:\\\/\\\/transportjournal.com\\\/it\\\/author\\\/andreas\\\/\"}]}<\/script>\n<!-- \/ Yoast SEO plugin. -->","yoast_head_json":{"title":"Maersk Air Cargo nuovo membro ERA - ITJ | International Transport Journal","robots":{"index":"index","follow":"follow","max-snippet":"max-snippet:-1","max-image-preview":"max-image-preview:large","max-video-preview":"max-video-preview:-1"},"canonical":"https:\/\/transportjournal.com\/it\/2026\/01\/19\/maersk-air-cargo-nuovo-membro-era\/","og_locale":"it_IT","og_type":"article","og_title":"Maersk Air Cargo nuovo membro ERA - ITJ | International Transport Journal","og_description":"Maersk Air Cargo \u00e8 stata accettata come nuovo membro nell'European Regions Airline Association per rafforzare il panorama aereo in Europa e rappresentare gli interessi del settore.","og_url":"https:\/\/transportjournal.com\/it\/2026\/01\/19\/maersk-air-cargo-nuovo-membro-era\/","og_site_name":"ITJ | International Transport Journal","article_published_time":"2026-01-19T08:26:09+00:00","article_modified_time":"2026-01-19T14:58:41+00:00","author":"Andreas Haug","twitter_card":"summary_large_image","twitter_misc":{"Scritto da":"Andreas Haug","Tempo di lettura stimato":"2 minuto"},"schema":{"@context":"https:\/\/schema.org","@graph":[{"@type":"Article","@id":"https:\/\/transportjournal.com\/it\/2026\/01\/19\/maersk-air-cargo-nuovo-membro-era\/#article","isPartOf":{"@id":"https:\/\/transportjournal.com\/it\/2026\/01\/19\/maersk-air-cargo-nuovo-membro-era\/"},"author":{"name":"Andreas Haug","@id":"https:\/\/transportjournal.com\/it\/#\/schema\/person\/cf538b3157f15afd7589245a4b3dbd25"},"headline":"Maersk Air Cargo nuovo membro ERA","datePublished":"2026-01-19T08:26:09+00:00","dateModified":"2026-01-19T14:58:41+00:00","mainEntityOfPage":{"@id":"https:\/\/transportjournal.com\/it\/2026\/01\/19\/maersk-air-cargo-nuovo-membro-era\/"},"wordCount":322,"commentCount":0,"publisher":{"@id":"https:\/\/transportjournal.com\/it\/#organization"},"image":{"@id":"https:\/\/transportjournal.com\/it\/2026\/01\/19\/maersk-air-cargo-nuovo-membro-era\/#primaryimage"},"thumbnailUrl":"https:\/\/transportjournal.com\/wp-content\/uploads\/sites\/2\/2026\/01\/Maersk.jpg","keywords":["adh\u00e9sion ERA","air freight","air freight expertise","air freight market","air transport strategy","airlines Europe","airport connections","Allemagne","Association Europ\u00e9enne des R\u00e9gions A\u00e9riennes","aviation durable","Belgien","Belgique","Belgium","Boeing 777","charter flights","Charterfl\u00fcge","China English Maersk Air Cargo","China Fran\u00e7ais Maersk Air Cargo","Chine","compagnies a\u00e9riennes Europe","connectivit\u00e9 europ\u00e9enne","connexions a\u00e9roportuaires","D\u00e4nemark","Denmark","Deutsch Maersk Air Cargo","Deutschland","ERA membership","ERA Mitgliedschaft","europ\u00e4ische Konnektivit\u00e4t","European connectivity","European Regions Airline Association","expertise en fret a\u00e9rien","Fluggesellschaften Europa","Flughafenverbindungen","fret a\u00e9rien","Germany","integrated logistics","integrierte Logistik","logistics providers","Logistikdienstleister","logistique int\u00e9gr\u00e9e","Luftfracht","Luftfrachtkompetenz","Luftfrachtmarkt","Luftverkehrsstrategie","march\u00e9 du fret a\u00e9rien","nachhaltige Luftfahrt","prestataires logistiques","Royaume-Uni","strat\u00e9gie de transport a\u00e9rien","sustainable aviation","United Kingdom","Vereinigtes K\u00f6nigreich","vols charter"],"articleSection":["Europa","Regioni","Trasporto aereo"],"inLanguage":"it-IT","potentialAction":[{"@type":"CommentAction","name":"Comment","target":["https:\/\/transportjournal.com\/it\/2026\/01\/19\/maersk-air-cargo-nuovo-membro-era\/#respond"]}]},{"@type":"WebPage","@id":"https:\/\/transportjournal.com\/it\/2026\/01\/19\/maersk-air-cargo-nuovo-membro-era\/","url":"https:\/\/transportjournal.com\/it\/2026\/01\/19\/maersk-air-cargo-nuovo-membro-era\/","name":"Maersk Air Cargo nuovo membro ERA - ITJ | International Transport Journal","isPartOf":{"@id":"https:\/\/transportjournal.com\/it\/#website"},"primaryImageOfPage":{"@id":"https:\/\/transportjournal.com\/it\/2026\/01\/19\/maersk-air-cargo-nuovo-membro-era\/#primaryimage"},"image":{"@id":"https:\/\/transportjournal.com\/it\/2026\/01\/19\/maersk-air-cargo-nuovo-membro-era\/#primaryimage"},"thumbnailUrl":"https:\/\/transportjournal.com\/wp-content\/uploads\/sites\/2\/2026\/01\/Maersk.jpg","datePublished":"2026-01-19T08:26:09+00:00","dateModified":"2026-01-19T14:58:41+00:00","breadcrumb":{"@id":"https:\/\/transportjournal.com\/it\/2026\/01\/19\/maersk-air-cargo-nuovo-membro-era\/#breadcrumb"},"inLanguage":"it-IT","potentialAction":[{"@type":"ReadAction","target":["https:\/\/transportjournal.com\/it\/2026\/01\/19\/maersk-air-cargo-nuovo-membro-era\/"]}]},{"@type":"ImageObject","inLanguage":"it-IT","@id":"https:\/\/transportjournal.com\/it\/2026\/01\/19\/maersk-air-cargo-nuovo-membro-era\/#primaryimage","url":"https:\/\/transportjournal.com\/wp-content\/uploads\/sites\/2\/2026\/01\/Maersk.jpg","contentUrl":"https:\/\/transportjournal.com\/wp-content\/uploads\/sites\/2\/2026\/01\/Maersk.jpg","width":720,"height":405},{"@type":"BreadcrumbList","@id":"https:\/\/transportjournal.com\/it\/2026\/01\/19\/maersk-air-cargo-nuovo-membro-era\/#breadcrumb","itemListElement":[{"@type":"ListItem","position":1,"name":"Startseite","item":"https:\/\/transportjournal.com\/it\/"},{"@type":"ListItem","position":2,"name":"Maersk Air Cargo nuovo membro ERA"}]},{"@type":"WebSite","@id":"https:\/\/transportjournal.com\/it\/#website","url":"https:\/\/transportjournal.com\/it\/","name":"ITJ | International Transport Journal","description":"Stay informed with the latest global news from the transport, logistics, and supply chain industries. Transport Journal delivers expert insights, analysis, and updates across shipping, aviation, intermodal, and forwarding.","publisher":{"@id":"https:\/\/transportjournal.com\/it\/#organization"},"potentialAction":[{"@type":"SearchAction","target":{"@type":"EntryPoint","urlTemplate":"https:\/\/transportjournal.com\/it\/?s={search_term_string}"},"query-input":{"@type":"PropertyValueSpecification","valueRequired":true,"valueName":"search_term_string"}}],"inLanguage":"it-IT"},{"@type":"Organization","@id":"https:\/\/transportjournal.com\/it\/#organization","name":"Logismedia Group AG","alternateName":"Logismedia Group AG","url":"https:\/\/transportjournal.com\/it\/","logo":{"@type":"ImageObject","inLanguage":"it-IT","@id":"https:\/\/transportjournal.com\/it\/#\/schema\/logo\/image\/","url":"https:\/\/transportjournal.com\/wp-content\/uploads\/sites\/2\/2025\/09\/Logo_ITJ.png","contentUrl":"https:\/\/transportjournal.com\/wp-content\/uploads\/sites\/2\/2025\/09\/Logo_ITJ.png","width":799,"height":326,"caption":"Logismedia Group AG"},"image":{"@id":"https:\/\/transportjournal.com\/it\/#\/schema\/logo\/image\/"},"sameAs":["https:\/\/www.linkedin.com\/company\/56456496\/admin\/dashboard\/","https:\/\/www.instagram.com\/logismediagroup\/","https:\/\/www.youtube.com\/@LogiamediaGroupAG"]},{"@type":"Person","@id":"https:\/\/transportjournal.com\/it\/#\/schema\/person\/cf538b3157f15afd7589245a4b3dbd25","name":"Andreas Haug","url":"https:\/\/transportjournal.com\/it\/author\/andreas\/"}]}},"_links":{"self":[{"href":"https:\/\/transportjournal.com\/it\/wp-json\/wp\/v2\/posts\/73372","targetHints":{"allow":["GET"]}}],"collection":[{"href":"https:\/\/transportjournal.com\/it\/wp-json\/wp\/v2\/posts"}],"about":[{"href":"https:\/\/transportjournal.com\/it\/wp-json\/wp\/v2\/types\/post"}],"author":[{"embeddable":true,"href":"https:\/\/transportjournal.com\/it\/wp-json\/wp\/v2\/users\/12"}],"replies":[{"embeddable":true,"href":"https:\/\/transportjournal.com\/it\/wp-json\/wp\/v2\/comments?post=73372"}],"version-history":[{"count":1,"href":"https:\/\/transportjournal.com\/it\/wp-json\/wp\/v2\/posts\/73372\/revisions"}],"predecessor-version":[{"id":73485,"href":"https:\/\/transportjournal.com\/it\/wp-json\/wp\/v2\/posts\/73372\/revisions\/73485"}],"wp:featuredmedia":[{"embeddable":true,"href":"https:\/\/transportjournal.com\/it\/wp-json\/wp\/v2\/media\/73481"}],"wp:attachment":[{"href":"https:\/\/transportjournal.com\/it\/wp-json\/wp\/v2\/media?parent=73372"}],"wp:term":[{"taxonomy":"category","embeddable":true,"href":"https:\/\/transportjournal.com\/it\/wp-json\/wp\/v2\/categories?post=73372"},{"taxonomy":"post_tag","embeddable":true,"href":"https:\/\/transportjournal.com\/it\/wp-json\/wp\/v2\/tags?post=73372"}],"curies":[{"name":"wp","href":"https:\/\/api.w.org\/{rel}","templated":true}]}}