{"id":73364,"date":"2026-01-19T08:20:03","date_gmt":"2026-01-19T08:20:03","guid":{"rendered":"https:\/\/transportjournal.com\/2026\/01\/19\/efw-ottavo-aereo-cargo-consegnato-ad-air-china\/"},"modified":"2026-01-19T08:20:03","modified_gmt":"2026-01-19T08:20:03","slug":"efw-ottavo-aereo-cargo-consegnato-ad-air-china","status":"publish","type":"post","link":"https:\/\/transportjournal.com\/it\/2026\/01\/19\/efw-ottavo-aereo-cargo-consegnato-ad-air-china\/","title":{"rendered":"EFW: Ottavo aereo cargo consegnato ad Air China"},"content":{"rendered":"<p>Mercoled\u00ec 14 gennaio 2026, Elbe Flugzeugwerke (EFW) ha consegnato l&#8217;ottavo aereo cargo al suo cliente Air China Cargo. Con questa consegna, EFW ha concluso con successo un contratto significativo in Cina. La conversione dell&#8217;aereo passeggeri \u00e8 stata pianificata a Dresda e realizzata da Ameco a Chengdu, in Cina, uno degli otto siti di conversione internazionali nella rete di EFW.<\/p>\n<h3>Collaborazione di successo nella conversione<\/h3>\n<p>Torsten Kuehn, responsabile del programma di conversione presso EFW, ha espresso durante la cerimonia di consegna a Chengdu la sua soddisfazione per la riuscita collaborazione tra i team di Air China Cargo e Ameco. &#8222;Siamo entusiasti di continuare la nostra partnership nei prossimi anni&#8220;, ha dichiarato Kuehn.<\/p>\n<p>Shen Min, CEO di Ameco, ha sottolineato che la consegna del primo aereo ha segnato l&#8217;inizio della cooperazione e che la consegna completa rappresenta l&#8217;inizio di una nuova fase di collaborazione. Ameco prevede di avviare un nuovo ciclo di progetti globali P2F (Passenger-to-Freighter) con EFW. L&#8217;obiettivo \u00e8 approfondire la partnership strategica con EFW e promuovere insieme lo sviluppo continuo dell&#8217;ecosistema P2F.<\/p>\n<p>La conversione degli aerei cargo di Air China (A330-200) \u00e8 durata circa due anni; il primo aereo cargo convertito \u00e8 stato messo in servizio nel primo trimestre del 2023. EFW porta la sua esperienza e certificazioni nel processo di conversione e incarica direttamente Ameco di eseguire i lavori.<\/p>\n<p>Ameco \u00e8 responsabile della manutenzione dell&#8217;intera flotta di Air China. Una delle peculiarit\u00e0 del sito di Chengdu \u00e8 la conversione di aerei passeggeri in aerei cargo. EFW e Ameco collaborano dal luglio 2022. Nell&#8217;ambito della cooperazione, sono stati scambiati esperti e formati presso i rispettivi siti. Gli esperti di EFW supportano i loro colleghi cinesi durante determinate fasi della conversione in loco e conducono controlli di qualit\u00e0 e procedure di accettazione al termine del processo.<\/p>\n<p>&nbsp;<\/p>\n<p><a href=\"https:\/\/www.elbeflugzeugwerke.com\/\" target=\"_blank\" rel=\"noopener noreferrer\">www.elbeflugzeugwerke.com<\/a><\/p>\n<p>&nbsp;<\/p>\n","protected":false},"excerpt":{"rendered":"<p>Mercoled\u00ec 14 gennaio 2026, Elbe Flugzeugwerke ha consegnato con successo l&#8217;ottavo aereo cargo ad Air China Cargo, consolidando cos\u00ec la propria partnership.<\/p>\n","protected":false},"author":12,"featured_media":73360,"comment_status":"open","ping_status":"open","sticky":false,"template":"","format":"standard","meta":{"_acf_changed":false,"footnotes":""},"categories":[1638,1634,1630],"tags":[6403,6404,2648,3215,6405,3397,3398,2207,6406,6407,6408,6409,6410,2211,2212,1889,3417,6411,2655,3418,2125,6412,6413,6414,2133,1831,3423,1962,3251,6415,6416,6114,6417,3602,2148,6418,6419,6420,6421,6422,2237,6124,6125,1857,2242,2155,1837,6423,6424,6425,6426],"class_list":["post-73364","post","type-post","status-publish","format-standard","has-post-thumbnail","hentry","category-europa","category-regioni","category-trasporto-aereo","tag-a330-200","tag-air-china-cargo","tag-air-freight","tag-aircraft-maintenance","tag-ameco-chengdu","tag-aviation-industry","tag-avion-cargo","tag-chaine-dapprovisionnement","tag-collaboration","tag-collaboration-francais-efw","tag-conversion-passager-en-cargo","tag-conversion-process","tag-deutsch-efw","tag-digital-transformation","tag-digitale-transformation","tag-fachkraeftemangel","tag-frachtflugzeug","tag-freighter-aircraft","tag-fret-aerien","tag-industrie-aeronautique","tag-industrie-du-transport","tag-inspections-de-qualite","tag-international-conversion-sites","tag-internationale-umrueststandorte","tag-logistics-service-providers","tag-logistikdienstleister","tag-luftfahrtindustrie","tag-luftfracht","tag-maintenance-des-avions","tag-p2f-projects","tag-p2f-projekte","tag-partenariat-strategique","tag-passenger-to-freighter-conversion","tag-penurie-de-competences","tag-prestataires-de-services-logistiques","tag-processus-de-conversion","tag-projets-p2f","tag-qualitaetspruefungen","tag-quality-inspections","tag-sites-de-conversion-internationaux","tag-skills-shortage","tag-strategic-partnership","tag-strategische-partnerschaft","tag-supply-chain","tag-transformation-numerique","tag-transport-industry","tag-transportwirtschaft","tag-umruestung-passagierflugzeug","tag-umruestungsprozess","tag-wartung-flugzeuge","tag-zusammenarbeit-english-efw"],"acf":[],"yoast_head":"<!-- This site is optimized with the Yoast SEO plugin v27.3 - https:\/\/yoast.com\/product\/yoast-seo-wordpress\/ -->\n<title>EFW: Ottavo aereo cargo consegnato ad Air China - ITJ | International Transport Journal<\/title>\n<meta name=\"robots\" content=\"index, follow, max-snippet:-1, max-image-preview:large, max-video-preview:-1\" \/>\n<link rel=\"canonical\" href=\"https:\/\/transportjournal.com\/it\/2026\/01\/19\/efw-ottavo-aereo-cargo-consegnato-ad-air-china\/\" \/>\n<meta property=\"og:locale\" content=\"it_IT\" \/>\n<meta property=\"og:type\" content=\"article\" \/>\n<meta property=\"og:title\" content=\"EFW: Ottavo aereo cargo consegnato ad Air China - ITJ | International Transport Journal\" \/>\n<meta property=\"og:description\" content=\"Mercoled\u00ec 14 gennaio 2026, Elbe Flugzeugwerke ha consegnato con successo l&#039;ottavo aereo cargo ad Air China Cargo, consolidando cos\u00ec la propria partnership.\" \/>\n<meta property=\"og:url\" content=\"https:\/\/transportjournal.com\/it\/2026\/01\/19\/efw-ottavo-aereo-cargo-consegnato-ad-air-china\/\" \/>\n<meta property=\"og:site_name\" content=\"ITJ | International Transport Journal\" \/>\n<meta property=\"article:published_time\" content=\"2026-01-19T08:20:03+00:00\" \/>\n<meta property=\"og:image\" content=\"https:\/\/transportjournal.com\/wp-content\/uploads\/sites\/2\/2026\/01\/EFW-2026-efw-delivery-air-china-aspect-ratio-1400-788.jpg\" \/>\n\t<meta property=\"og:image:width\" content=\"1576\" \/>\n\t<meta property=\"og:image:height\" content=\"887\" \/>\n\t<meta property=\"og:image:type\" content=\"image\/jpeg\" \/>\n<meta name=\"author\" content=\"Andreas Haug\" \/>\n<meta name=\"twitter:card\" content=\"summary_large_image\" \/>\n<meta name=\"twitter:label1\" content=\"Scritto da\" \/>\n\t<meta name=\"twitter:data1\" content=\"Andreas Haug\" \/>\n\t<meta name=\"twitter:label2\" content=\"Tempo di lettura stimato\" \/>\n\t<meta name=\"twitter:data2\" content=\"2 minuto\" \/>\n<script type=\"application\/ld+json\" class=\"yoast-schema-graph\">{\"@context\":\"https:\\\/\\\/schema.org\",\"@graph\":[{\"@type\":\"Article\",\"@id\":\"https:\\\/\\\/transportjournal.com\\\/it\\\/2026\\\/01\\\/19\\\/efw-ottavo-aereo-cargo-consegnato-ad-air-china\\\/#article\",\"isPartOf\":{\"@id\":\"https:\\\/\\\/transportjournal.com\\\/it\\\/2026\\\/01\\\/19\\\/efw-ottavo-aereo-cargo-consegnato-ad-air-china\\\/\"},\"author\":{\"name\":\"Andreas Haug\",\"@id\":\"https:\\\/\\\/transportjournal.com\\\/it\\\/#\\\/schema\\\/person\\\/cf538b3157f15afd7589245a4b3dbd25\"},\"headline\":\"EFW: Ottavo aereo cargo consegnato ad Air China\",\"datePublished\":\"2026-01-19T08:20:03+00:00\",\"mainEntityOfPage\":{\"@id\":\"https:\\\/\\\/transportjournal.com\\\/it\\\/2026\\\/01\\\/19\\\/efw-ottavo-aereo-cargo-consegnato-ad-air-china\\\/\"},\"wordCount\":309,\"commentCount\":0,\"publisher\":{\"@id\":\"https:\\\/\\\/transportjournal.com\\\/it\\\/#organization\"},\"image\":{\"@id\":\"https:\\\/\\\/transportjournal.com\\\/it\\\/2026\\\/01\\\/19\\\/efw-ottavo-aereo-cargo-consegnato-ad-air-china\\\/#primaryimage\"},\"thumbnailUrl\":\"https:\\\/\\\/transportjournal.com\\\/wp-content\\\/uploads\\\/sites\\\/2\\\/2026\\\/01\\\/EFW-2026-efw-delivery-air-china-aspect-ratio-1400-788.jpg\",\"keywords\":[\"A330-200\",\"Air China Cargo\",\"air freight\",\"aircraft maintenance\",\"Ameco Chengdu\",\"aviation industry\",\"avion cargo\",\"cha\u00eene d'approvisionnement\",\"collaboration\",\"collaboration Fran\u00e7ais EFW\",\"conversion passager-en-cargo\",\"conversion process\",\"Deutsch EFW\",\"digital transformation\",\"digitale Transformation\",\"Fachkr\u00e4ftemangel\",\"Frachtflugzeug\",\"freighter aircraft\",\"fret a\u00e9rien\",\"industrie a\u00e9ronautique\",\"industrie du transport\",\"inspections de qualit\u00e9\",\"international conversion sites\",\"internationale Umr\u00fcststandorte\",\"logistics service providers\",\"Logistikdienstleister\",\"Luftfahrtindustrie\",\"Luftfracht\",\"maintenance des avions\",\"P2F projects\",\"P2F-Projekte\",\"partenariat strat\u00e9gique\",\"passenger-to-freighter conversion\",\"p\u00e9nurie de comp\u00e9tences\",\"prestataires de services logistiques\",\"processus de conversion\",\"projets P2F\",\"Qualit\u00e4tspr\u00fcfungen\",\"quality inspections\",\"sites de conversion internationaux\",\"skills shortage\",\"strategic partnership\",\"strategische Partnerschaft\",\"Supply Chain\",\"transformation num\u00e9rique\",\"transport industry\",\"Transportwirtschaft\",\"Umr\u00fcstung Passagierflugzeug\",\"Umr\u00fcstungsprozess\",\"Wartung Flugzeuge\",\"Zusammenarbeit English EFW\"],\"articleSection\":[\"Europa\",\"Regioni\",\"Trasporto aereo\"],\"inLanguage\":\"it-IT\",\"potentialAction\":[{\"@type\":\"CommentAction\",\"name\":\"Comment\",\"target\":[\"https:\\\/\\\/transportjournal.com\\\/it\\\/2026\\\/01\\\/19\\\/efw-ottavo-aereo-cargo-consegnato-ad-air-china\\\/#respond\"]}]},{\"@type\":\"WebPage\",\"@id\":\"https:\\\/\\\/transportjournal.com\\\/it\\\/2026\\\/01\\\/19\\\/efw-ottavo-aereo-cargo-consegnato-ad-air-china\\\/\",\"url\":\"https:\\\/\\\/transportjournal.com\\\/it\\\/2026\\\/01\\\/19\\\/efw-ottavo-aereo-cargo-consegnato-ad-air-china\\\/\",\"name\":\"EFW: Ottavo aereo cargo consegnato ad Air China - ITJ | International Transport Journal\",\"isPartOf\":{\"@id\":\"https:\\\/\\\/transportjournal.com\\\/it\\\/#website\"},\"primaryImageOfPage\":{\"@id\":\"https:\\\/\\\/transportjournal.com\\\/it\\\/2026\\\/01\\\/19\\\/efw-ottavo-aereo-cargo-consegnato-ad-air-china\\\/#primaryimage\"},\"image\":{\"@id\":\"https:\\\/\\\/transportjournal.com\\\/it\\\/2026\\\/01\\\/19\\\/efw-ottavo-aereo-cargo-consegnato-ad-air-china\\\/#primaryimage\"},\"thumbnailUrl\":\"https:\\\/\\\/transportjournal.com\\\/wp-content\\\/uploads\\\/sites\\\/2\\\/2026\\\/01\\\/EFW-2026-efw-delivery-air-china-aspect-ratio-1400-788.jpg\",\"datePublished\":\"2026-01-19T08:20:03+00:00\",\"breadcrumb\":{\"@id\":\"https:\\\/\\\/transportjournal.com\\\/it\\\/2026\\\/01\\\/19\\\/efw-ottavo-aereo-cargo-consegnato-ad-air-china\\\/#breadcrumb\"},\"inLanguage\":\"it-IT\",\"potentialAction\":[{\"@type\":\"ReadAction\",\"target\":[\"https:\\\/\\\/transportjournal.com\\\/it\\\/2026\\\/01\\\/19\\\/efw-ottavo-aereo-cargo-consegnato-ad-air-china\\\/\"]}]},{\"@type\":\"ImageObject\",\"inLanguage\":\"it-IT\",\"@id\":\"https:\\\/\\\/transportjournal.com\\\/it\\\/2026\\\/01\\\/19\\\/efw-ottavo-aereo-cargo-consegnato-ad-air-china\\\/#primaryimage\",\"url\":\"https:\\\/\\\/transportjournal.com\\\/wp-content\\\/uploads\\\/sites\\\/2\\\/2026\\\/01\\\/EFW-2026-efw-delivery-air-china-aspect-ratio-1400-788.jpg\",\"contentUrl\":\"https:\\\/\\\/transportjournal.com\\\/wp-content\\\/uploads\\\/sites\\\/2\\\/2026\\\/01\\\/EFW-2026-efw-delivery-air-china-aspect-ratio-1400-788.jpg\",\"width\":1576,\"height\":887},{\"@type\":\"BreadcrumbList\",\"@id\":\"https:\\\/\\\/transportjournal.com\\\/it\\\/2026\\\/01\\\/19\\\/efw-ottavo-aereo-cargo-consegnato-ad-air-china\\\/#breadcrumb\",\"itemListElement\":[{\"@type\":\"ListItem\",\"position\":1,\"name\":\"Startseite\",\"item\":\"https:\\\/\\\/transportjournal.com\\\/it\\\/\"},{\"@type\":\"ListItem\",\"position\":2,\"name\":\"EFW: Ottavo aereo cargo consegnato ad Air China\"}]},{\"@type\":\"WebSite\",\"@id\":\"https:\\\/\\\/transportjournal.com\\\/it\\\/#website\",\"url\":\"https:\\\/\\\/transportjournal.com\\\/it\\\/\",\"name\":\"ITJ | International Transport Journal\",\"description\":\"Stay informed with the latest global news from the transport, logistics, and supply chain industries. Transport Journal delivers expert insights, analysis, and updates across shipping, aviation, intermodal, and forwarding.\",\"publisher\":{\"@id\":\"https:\\\/\\\/transportjournal.com\\\/it\\\/#organization\"},\"potentialAction\":[{\"@type\":\"SearchAction\",\"target\":{\"@type\":\"EntryPoint\",\"urlTemplate\":\"https:\\\/\\\/transportjournal.com\\\/it\\\/?s={search_term_string}\"},\"query-input\":{\"@type\":\"PropertyValueSpecification\",\"valueRequired\":true,\"valueName\":\"search_term_string\"}}],\"inLanguage\":\"it-IT\"},{\"@type\":\"Organization\",\"@id\":\"https:\\\/\\\/transportjournal.com\\\/it\\\/#organization\",\"name\":\"Logismedia Group AG\",\"alternateName\":\"Logismedia Group AG\",\"url\":\"https:\\\/\\\/transportjournal.com\\\/it\\\/\",\"logo\":{\"@type\":\"ImageObject\",\"inLanguage\":\"it-IT\",\"@id\":\"https:\\\/\\\/transportjournal.com\\\/it\\\/#\\\/schema\\\/logo\\\/image\\\/\",\"url\":\"https:\\\/\\\/transportjournal.com\\\/wp-content\\\/uploads\\\/sites\\\/2\\\/2025\\\/09\\\/Logo_ITJ.png\",\"contentUrl\":\"https:\\\/\\\/transportjournal.com\\\/wp-content\\\/uploads\\\/sites\\\/2\\\/2025\\\/09\\\/Logo_ITJ.png\",\"width\":799,\"height\":326,\"caption\":\"Logismedia Group AG\"},\"image\":{\"@id\":\"https:\\\/\\\/transportjournal.com\\\/it\\\/#\\\/schema\\\/logo\\\/image\\\/\"},\"sameAs\":[\"https:\\\/\\\/www.linkedin.com\\\/company\\\/56456496\\\/admin\\\/dashboard\\\/\",\"https:\\\/\\\/www.instagram.com\\\/logismediagroup\\\/\",\"https:\\\/\\\/www.youtube.com\\\/@LogiamediaGroupAG\"]},{\"@type\":\"Person\",\"@id\":\"https:\\\/\\\/transportjournal.com\\\/it\\\/#\\\/schema\\\/person\\\/cf538b3157f15afd7589245a4b3dbd25\",\"name\":\"Andreas Haug\",\"url\":\"https:\\\/\\\/transportjournal.com\\\/it\\\/author\\\/andreas\\\/\"}]}<\/script>\n<!-- \/ Yoast SEO plugin. -->","yoast_head_json":{"title":"EFW: Ottavo aereo cargo consegnato ad Air China - ITJ | International Transport Journal","robots":{"index":"index","follow":"follow","max-snippet":"max-snippet:-1","max-image-preview":"max-image-preview:large","max-video-preview":"max-video-preview:-1"},"canonical":"https:\/\/transportjournal.com\/it\/2026\/01\/19\/efw-ottavo-aereo-cargo-consegnato-ad-air-china\/","og_locale":"it_IT","og_type":"article","og_title":"EFW: Ottavo aereo cargo consegnato ad Air China - ITJ | International Transport Journal","og_description":"Mercoled\u00ec 14 gennaio 2026, Elbe Flugzeugwerke ha consegnato con successo l'ottavo aereo cargo ad Air China Cargo, consolidando cos\u00ec la propria partnership.","og_url":"https:\/\/transportjournal.com\/it\/2026\/01\/19\/efw-ottavo-aereo-cargo-consegnato-ad-air-china\/","og_site_name":"ITJ | International Transport Journal","article_published_time":"2026-01-19T08:20:03+00:00","og_image":[{"width":1576,"height":887,"url":"https:\/\/transportjournal.com\/wp-content\/uploads\/sites\/2\/2026\/01\/EFW-2026-efw-delivery-air-china-aspect-ratio-1400-788.jpg","type":"image\/jpeg"}],"author":"Andreas Haug","twitter_card":"summary_large_image","twitter_misc":{"Scritto da":"Andreas Haug","Tempo di lettura stimato":"2 minuto"},"schema":{"@context":"https:\/\/schema.org","@graph":[{"@type":"Article","@id":"https:\/\/transportjournal.com\/it\/2026\/01\/19\/efw-ottavo-aereo-cargo-consegnato-ad-air-china\/#article","isPartOf":{"@id":"https:\/\/transportjournal.com\/it\/2026\/01\/19\/efw-ottavo-aereo-cargo-consegnato-ad-air-china\/"},"author":{"name":"Andreas Haug","@id":"https:\/\/transportjournal.com\/it\/#\/schema\/person\/cf538b3157f15afd7589245a4b3dbd25"},"headline":"EFW: Ottavo aereo cargo consegnato ad Air China","datePublished":"2026-01-19T08:20:03+00:00","mainEntityOfPage":{"@id":"https:\/\/transportjournal.com\/it\/2026\/01\/19\/efw-ottavo-aereo-cargo-consegnato-ad-air-china\/"},"wordCount":309,"commentCount":0,"publisher":{"@id":"https:\/\/transportjournal.com\/it\/#organization"},"image":{"@id":"https:\/\/transportjournal.com\/it\/2026\/01\/19\/efw-ottavo-aereo-cargo-consegnato-ad-air-china\/#primaryimage"},"thumbnailUrl":"https:\/\/transportjournal.com\/wp-content\/uploads\/sites\/2\/2026\/01\/EFW-2026-efw-delivery-air-china-aspect-ratio-1400-788.jpg","keywords":["A330-200","Air China Cargo","air freight","aircraft maintenance","Ameco Chengdu","aviation industry","avion cargo","cha\u00eene d'approvisionnement","collaboration","collaboration Fran\u00e7ais EFW","conversion passager-en-cargo","conversion process","Deutsch EFW","digital transformation","digitale Transformation","Fachkr\u00e4ftemangel","Frachtflugzeug","freighter aircraft","fret a\u00e9rien","industrie a\u00e9ronautique","industrie du transport","inspections de qualit\u00e9","international conversion sites","internationale Umr\u00fcststandorte","logistics service providers","Logistikdienstleister","Luftfahrtindustrie","Luftfracht","maintenance des avions","P2F projects","P2F-Projekte","partenariat strat\u00e9gique","passenger-to-freighter conversion","p\u00e9nurie de comp\u00e9tences","prestataires de services logistiques","processus de conversion","projets P2F","Qualit\u00e4tspr\u00fcfungen","quality inspections","sites de conversion internationaux","skills shortage","strategic partnership","strategische Partnerschaft","Supply Chain","transformation num\u00e9rique","transport industry","Transportwirtschaft","Umr\u00fcstung Passagierflugzeug","Umr\u00fcstungsprozess","Wartung Flugzeuge","Zusammenarbeit English EFW"],"articleSection":["Europa","Regioni","Trasporto aereo"],"inLanguage":"it-IT","potentialAction":[{"@type":"CommentAction","name":"Comment","target":["https:\/\/transportjournal.com\/it\/2026\/01\/19\/efw-ottavo-aereo-cargo-consegnato-ad-air-china\/#respond"]}]},{"@type":"WebPage","@id":"https:\/\/transportjournal.com\/it\/2026\/01\/19\/efw-ottavo-aereo-cargo-consegnato-ad-air-china\/","url":"https:\/\/transportjournal.com\/it\/2026\/01\/19\/efw-ottavo-aereo-cargo-consegnato-ad-air-china\/","name":"EFW: Ottavo aereo cargo consegnato ad Air China - ITJ | International Transport Journal","isPartOf":{"@id":"https:\/\/transportjournal.com\/it\/#website"},"primaryImageOfPage":{"@id":"https:\/\/transportjournal.com\/it\/2026\/01\/19\/efw-ottavo-aereo-cargo-consegnato-ad-air-china\/#primaryimage"},"image":{"@id":"https:\/\/transportjournal.com\/it\/2026\/01\/19\/efw-ottavo-aereo-cargo-consegnato-ad-air-china\/#primaryimage"},"thumbnailUrl":"https:\/\/transportjournal.com\/wp-content\/uploads\/sites\/2\/2026\/01\/EFW-2026-efw-delivery-air-china-aspect-ratio-1400-788.jpg","datePublished":"2026-01-19T08:20:03+00:00","breadcrumb":{"@id":"https:\/\/transportjournal.com\/it\/2026\/01\/19\/efw-ottavo-aereo-cargo-consegnato-ad-air-china\/#breadcrumb"},"inLanguage":"it-IT","potentialAction":[{"@type":"ReadAction","target":["https:\/\/transportjournal.com\/it\/2026\/01\/19\/efw-ottavo-aereo-cargo-consegnato-ad-air-china\/"]}]},{"@type":"ImageObject","inLanguage":"it-IT","@id":"https:\/\/transportjournal.com\/it\/2026\/01\/19\/efw-ottavo-aereo-cargo-consegnato-ad-air-china\/#primaryimage","url":"https:\/\/transportjournal.com\/wp-content\/uploads\/sites\/2\/2026\/01\/EFW-2026-efw-delivery-air-china-aspect-ratio-1400-788.jpg","contentUrl":"https:\/\/transportjournal.com\/wp-content\/uploads\/sites\/2\/2026\/01\/EFW-2026-efw-delivery-air-china-aspect-ratio-1400-788.jpg","width":1576,"height":887},{"@type":"BreadcrumbList","@id":"https:\/\/transportjournal.com\/it\/2026\/01\/19\/efw-ottavo-aereo-cargo-consegnato-ad-air-china\/#breadcrumb","itemListElement":[{"@type":"ListItem","position":1,"name":"Startseite","item":"https:\/\/transportjournal.com\/it\/"},{"@type":"ListItem","position":2,"name":"EFW: Ottavo aereo cargo consegnato ad Air China"}]},{"@type":"WebSite","@id":"https:\/\/transportjournal.com\/it\/#website","url":"https:\/\/transportjournal.com\/it\/","name":"ITJ | International Transport Journal","description":"Stay informed with the latest global news from the transport, logistics, and supply chain industries. Transport Journal delivers expert insights, analysis, and updates across shipping, aviation, intermodal, and forwarding.","publisher":{"@id":"https:\/\/transportjournal.com\/it\/#organization"},"potentialAction":[{"@type":"SearchAction","target":{"@type":"EntryPoint","urlTemplate":"https:\/\/transportjournal.com\/it\/?s={search_term_string}"},"query-input":{"@type":"PropertyValueSpecification","valueRequired":true,"valueName":"search_term_string"}}],"inLanguage":"it-IT"},{"@type":"Organization","@id":"https:\/\/transportjournal.com\/it\/#organization","name":"Logismedia Group AG","alternateName":"Logismedia Group AG","url":"https:\/\/transportjournal.com\/it\/","logo":{"@type":"ImageObject","inLanguage":"it-IT","@id":"https:\/\/transportjournal.com\/it\/#\/schema\/logo\/image\/","url":"https:\/\/transportjournal.com\/wp-content\/uploads\/sites\/2\/2025\/09\/Logo_ITJ.png","contentUrl":"https:\/\/transportjournal.com\/wp-content\/uploads\/sites\/2\/2025\/09\/Logo_ITJ.png","width":799,"height":326,"caption":"Logismedia Group AG"},"image":{"@id":"https:\/\/transportjournal.com\/it\/#\/schema\/logo\/image\/"},"sameAs":["https:\/\/www.linkedin.com\/company\/56456496\/admin\/dashboard\/","https:\/\/www.instagram.com\/logismediagroup\/","https:\/\/www.youtube.com\/@LogiamediaGroupAG"]},{"@type":"Person","@id":"https:\/\/transportjournal.com\/it\/#\/schema\/person\/cf538b3157f15afd7589245a4b3dbd25","name":"Andreas Haug","url":"https:\/\/transportjournal.com\/it\/author\/andreas\/"}]}},"_links":{"self":[{"href":"https:\/\/transportjournal.com\/it\/wp-json\/wp\/v2\/posts\/73364","targetHints":{"allow":["GET"]}}],"collection":[{"href":"https:\/\/transportjournal.com\/it\/wp-json\/wp\/v2\/posts"}],"about":[{"href":"https:\/\/transportjournal.com\/it\/wp-json\/wp\/v2\/types\/post"}],"author":[{"embeddable":true,"href":"https:\/\/transportjournal.com\/it\/wp-json\/wp\/v2\/users\/12"}],"replies":[{"embeddable":true,"href":"https:\/\/transportjournal.com\/it\/wp-json\/wp\/v2\/comments?post=73364"}],"version-history":[{"count":0,"href":"https:\/\/transportjournal.com\/it\/wp-json\/wp\/v2\/posts\/73364\/revisions"}],"wp:featuredmedia":[{"embeddable":true,"href":"https:\/\/transportjournal.com\/it\/wp-json\/wp\/v2\/media\/73360"}],"wp:attachment":[{"href":"https:\/\/transportjournal.com\/it\/wp-json\/wp\/v2\/media?parent=73364"}],"wp:term":[{"taxonomy":"category","embeddable":true,"href":"https:\/\/transportjournal.com\/it\/wp-json\/wp\/v2\/categories?post=73364"},{"taxonomy":"post_tag","embeddable":true,"href":"https:\/\/transportjournal.com\/it\/wp-json\/wp\/v2\/tags?post=73364"}],"curies":[{"name":"wp","href":"https:\/\/api.w.org\/{rel}","templated":true}]}}