{"id":73332,"date":"2026-01-16T10:02:47","date_gmt":"2026-01-16T10:02:47","guid":{"rendered":"https:\/\/transportjournal.com\/2026\/01\/16\/prossimo-passo-verso-la-decarbonizzazione\/"},"modified":"2026-01-16T10:02:47","modified_gmt":"2026-01-16T10:02:47","slug":"prossimo-passo-verso-la-decarbonizzazione","status":"publish","type":"post","link":"https:\/\/transportjournal.com\/it\/2026\/01\/16\/prossimo-passo-verso-la-decarbonizzazione\/","title":{"rendered":"Prossimo passo verso la decarbonizzazione"},"content":{"rendered":"<p>Cargill ha compiuto un ulteriore passo verso la decarbonizzazione della navigazione con la messa in servizio della nave &#8222;Brave Pioneer&#8220;. La nave, che funge da primo di cinque cargo a doppio carburante noleggiati, \u00e8 stata recentemente presentata. Questa iniziativa fa parte della strategia di Cargill per ridurre le emissioni di carbonio nel settore del trasporto merci, come comunicato dall&#8217;azienda.<\/p>\n<h3>Primo viaggio con metanolo verde<\/h3>\n<p>&#8222;Brave Pioneer&#8220; \u00e8 stata costruita dalla Tsuneishi Shipbuilding Co., Ltd. ed \u00e8 di propriet\u00e0 della Mitsui &amp; Co. Ltd. La nave \u00e8 in grado di operare sia con carburanti marittimi convenzionali che con metanolo verde, un combustibile considerato un&#8217;alternativa pi\u00f9 ecologica. Secondo le stime, l&#8217;uso di metanolo verde pu\u00f2 ridurre le emissioni di CO2 fino al 70% rispetto ai carburanti convenzionali, afferma l&#8217;azienda.<\/p>\n<p>La nave ha recentemente lasciato le Filippine e sar\u00e0 rifornita di metanolo verde a Singapore, prima di proseguire verso l&#8217;Australia occidentale e poi verso l&#8217;Europa. Durante questo viaggio inaugurale, Cargill prevede di effettuare test operativi per valutare la prontezza all&#8217;uso del metanolo verde. Inoltre, saranno esplorate le possibilit\u00e0 di monitoraggio e verifica delle caratteristiche ambientali. Un ulteriore obiettivo \u00e8 quello di determinare l&#8217;interesse del mercato.<\/p>\n<p><a href=\"https:\/\/www.cargill.com\/\" target=\"_blank\" rel=\"noopener noreferrer\">www.cargill.com<\/a><\/p>\n","protected":false},"excerpt":{"rendered":"<p>Cargill ha messo in servizio la nave &#8220;Brave Pioneer&#8221; per promuovere la decarbonizzazione della navigazione e soluzioni di trasporto a basse emissioni.<\/p>\n","protected":false},"author":10,"featured_media":73328,"comment_status":"open","ping_status":"open","sticky":false,"template":"","format":"standard","meta":{"_acf_changed":false,"footnotes":""},"categories":[1645],"tags":[6259,6260,6261,6262,6263,2207,6264,1803,6265,6266,2079,6267,6268,6269,2213,6270,6271,6272,6273,6274,6275,6276,2909,2223,3682,3683,6277,5840,6278,6279,6280,6281,6282,1809,6283,6284,2925,4096,2929,6285,1766,2728,6286,1857,5078,6287,6288,6289,2297,5081,1837,6290,6291],"class_list":["post-73332","post","type-post","status-publish","format-standard","has-post-thumbnail","hentry","category-uncategorized","tag-attributs-environnementaux","tag-betriebliche-tests","tag-bulk-freight-transport","tag-carbon-emissions","tag-carburants-maritimes","tag-chaine-dapprovisionnement","tag-co2-reduction","tag-co-reduktion","tag-decarbonisation","tag-decarbonization","tag-dekarbonisierung","tag-deutsch-cargill","tag-dual-fuel-cargo-ships","tag-dual-fuel-frachtschiffe","tag-economie-du-transport","tag-emissions-de-carbone","tag-environmental-attributes","tag-fachkraeftemangel-english-cargill","tag-green-methanol","tag-green-technologies","tag-gruene-technologien","tag-gruenes-methanol","tag-hafenbetrieb","tag-industrie-maritime","tag-infrastructure","tag-infrastruktur","tag-kohlenstoffemissionen","tag-lieferkette","tag-maritime-fuels","tag-maritime-kraftstoffe","tag-massengutfrachtverkehr","tag-methanol-vert","tag-mitsui-co-ltd","tag-nachhaltige-schifffahrt","tag-navires-a-double-carburant","tag-operational-testing","tag-operations-portuaires","tag-penurie-de-main-doeuvre-qualifiee","tag-port-operations","tag-reduction-du-co2","tag-schifffahrt","tag-shipping-industry","tag-skilled-labor-shortage-francais-cargill","tag-supply-chain","tag-sustainable-shipping","tag-technologies-vertes","tag-tests-operationnels","tag-transport-de-fret-en-vrac","tag-transport-economy","tag-transport-maritime-durable","tag-transportwirtschaft","tag-tsuneishi-shipbuilding","tag-umweltattribute"],"acf":[],"yoast_head":"<!-- This site is optimized with the Yoast SEO plugin v27.3 - https:\/\/yoast.com\/product\/yoast-seo-wordpress\/ -->\n<title>Prossimo passo verso la decarbonizzazione - ITJ | International Transport Journal<\/title>\n<meta name=\"robots\" content=\"index, follow, max-snippet:-1, max-image-preview:large, max-video-preview:-1\" \/>\n<link rel=\"canonical\" href=\"https:\/\/transportjournal.com\/it\/2026\/01\/16\/prossimo-passo-verso-la-decarbonizzazione\/\" \/>\n<meta property=\"og:locale\" content=\"it_IT\" \/>\n<meta property=\"og:type\" content=\"article\" \/>\n<meta property=\"og:title\" content=\"Prossimo passo verso la decarbonizzazione - ITJ | International Transport Journal\" \/>\n<meta property=\"og:description\" content=\"Cargill ha messo in servizio la nave &quot;Brave Pioneer&quot; per promuovere la decarbonizzazione della navigazione e soluzioni di trasporto a basse emissioni.\" \/>\n<meta property=\"og:url\" content=\"https:\/\/transportjournal.com\/it\/2026\/01\/16\/prossimo-passo-verso-la-decarbonizzazione\/\" \/>\n<meta property=\"og:site_name\" content=\"ITJ | International Transport Journal\" \/>\n<meta property=\"article:published_time\" content=\"2026-01-16T10:02:47+00:00\" \/>\n<meta property=\"og:image\" content=\"https:\/\/transportjournal.com\/wp-content\/uploads\/sites\/2\/2026\/01\/Hero_Pyxis_Ocean_Aug_2023-scaled-1.jpg\" \/>\n\t<meta property=\"og:image:width\" content=\"2560\" \/>\n\t<meta property=\"og:image:height\" content=\"1440\" \/>\n\t<meta property=\"og:image:type\" content=\"image\/jpeg\" \/>\n<meta name=\"author\" content=\"Jeremy Soland\" \/>\n<meta name=\"twitter:card\" content=\"summary_large_image\" \/>\n<meta name=\"twitter:label1\" content=\"Scritto da\" \/>\n\t<meta name=\"twitter:data1\" content=\"Jeremy Soland\" \/>\n\t<meta name=\"twitter:label2\" content=\"Tempo di lettura stimato\" \/>\n\t<meta name=\"twitter:data2\" content=\"1 minuto\" \/>\n<script type=\"application\/ld+json\" class=\"yoast-schema-graph\">{\"@context\":\"https:\\\/\\\/schema.org\",\"@graph\":[{\"@type\":\"Article\",\"@id\":\"https:\\\/\\\/transportjournal.com\\\/it\\\/2026\\\/01\\\/16\\\/prossimo-passo-verso-la-decarbonizzazione\\\/#article\",\"isPartOf\":{\"@id\":\"https:\\\/\\\/transportjournal.com\\\/it\\\/2026\\\/01\\\/16\\\/prossimo-passo-verso-la-decarbonizzazione\\\/\"},\"author\":{\"name\":\"Jeremy Soland\",\"@id\":\"https:\\\/\\\/transportjournal.com\\\/it\\\/#\\\/schema\\\/person\\\/41d36b5474b623392fa613e97e2363fa\"},\"headline\":\"Prossimo passo verso la decarbonizzazione\",\"datePublished\":\"2026-01-16T10:02:47+00:00\",\"mainEntityOfPage\":{\"@id\":\"https:\\\/\\\/transportjournal.com\\\/it\\\/2026\\\/01\\\/16\\\/prossimo-passo-verso-la-decarbonizzazione\\\/\"},\"wordCount\":202,\"commentCount\":0,\"publisher\":{\"@id\":\"https:\\\/\\\/transportjournal.com\\\/it\\\/#organization\"},\"image\":{\"@id\":\"https:\\\/\\\/transportjournal.com\\\/it\\\/2026\\\/01\\\/16\\\/prossimo-passo-verso-la-decarbonizzazione\\\/#primaryimage\"},\"thumbnailUrl\":\"https:\\\/\\\/transportjournal.com\\\/wp-content\\\/uploads\\\/sites\\\/2\\\/2026\\\/01\\\/Hero_Pyxis_Ocean_Aug_2023-scaled-1.jpg\",\"keywords\":[\"attributs environnementaux\",\"betriebliche Tests\",\"bulk freight transport\",\"carbon emissions\",\"carburants maritimes\",\"cha\u00eene d'approvisionnement\",\"CO2 reduction\",\"CO\u2082-Reduktion\",\"d\u00e9carbonisation\",\"decarbonization\",\"Dekarbonisierung\",\"Deutsch Cargill\",\"dual-fuel cargo ships\",\"dual-fuel Frachtschiffe\",\"\u00e9conomie du transport\",\"\u00e9missions de carbone\",\"environmental attributes\",\"Fachkr\u00e4ftemangel English Cargill\",\"green methanol\",\"green technologies\",\"gr\u00fcne Technologien\",\"gr\u00fcnes Methanol\",\"Hafenbetrieb\",\"industrie maritime\",\"infrastructure\",\"Infrastruktur\",\"Kohlenstoffemissionen\",\"Lieferkette\",\"maritime fuels\",\"maritime Kraftstoffe\",\"Massengutfrachtverkehr\",\"m\u00e9thanol vert\",\"Mitsui &amp; Co. Ltd.\",\"nachhaltige Schifffahrt\",\"navires \u00e0 double carburant\",\"operational testing\",\"op\u00e9rations portuaires\",\"p\u00e9nurie de main-d'\u0153uvre qualifi\u00e9e\",\"port operations\",\"r\u00e9duction du CO2\",\"Schifffahrt\",\"shipping industry\",\"skilled labor shortage Fran\u00e7ais Cargill\",\"Supply Chain\",\"sustainable shipping\",\"technologies vertes\",\"tests op\u00e9rationnels\",\"transport de fret en vrac\",\"transport economy\",\"transport maritime durable\",\"Transportwirtschaft\",\"Tsuneishi Shipbuilding\",\"Umweltattribute\"],\"articleSection\":[\"Uncategorized\"],\"inLanguage\":\"it-IT\",\"potentialAction\":[{\"@type\":\"CommentAction\",\"name\":\"Comment\",\"target\":[\"https:\\\/\\\/transportjournal.com\\\/it\\\/2026\\\/01\\\/16\\\/prossimo-passo-verso-la-decarbonizzazione\\\/#respond\"]}]},{\"@type\":\"WebPage\",\"@id\":\"https:\\\/\\\/transportjournal.com\\\/it\\\/2026\\\/01\\\/16\\\/prossimo-passo-verso-la-decarbonizzazione\\\/\",\"url\":\"https:\\\/\\\/transportjournal.com\\\/it\\\/2026\\\/01\\\/16\\\/prossimo-passo-verso-la-decarbonizzazione\\\/\",\"name\":\"Prossimo passo verso la decarbonizzazione - ITJ | International Transport Journal\",\"isPartOf\":{\"@id\":\"https:\\\/\\\/transportjournal.com\\\/it\\\/#website\"},\"primaryImageOfPage\":{\"@id\":\"https:\\\/\\\/transportjournal.com\\\/it\\\/2026\\\/01\\\/16\\\/prossimo-passo-verso-la-decarbonizzazione\\\/#primaryimage\"},\"image\":{\"@id\":\"https:\\\/\\\/transportjournal.com\\\/it\\\/2026\\\/01\\\/16\\\/prossimo-passo-verso-la-decarbonizzazione\\\/#primaryimage\"},\"thumbnailUrl\":\"https:\\\/\\\/transportjournal.com\\\/wp-content\\\/uploads\\\/sites\\\/2\\\/2026\\\/01\\\/Hero_Pyxis_Ocean_Aug_2023-scaled-1.jpg\",\"datePublished\":\"2026-01-16T10:02:47+00:00\",\"breadcrumb\":{\"@id\":\"https:\\\/\\\/transportjournal.com\\\/it\\\/2026\\\/01\\\/16\\\/prossimo-passo-verso-la-decarbonizzazione\\\/#breadcrumb\"},\"inLanguage\":\"it-IT\",\"potentialAction\":[{\"@type\":\"ReadAction\",\"target\":[\"https:\\\/\\\/transportjournal.com\\\/it\\\/2026\\\/01\\\/16\\\/prossimo-passo-verso-la-decarbonizzazione\\\/\"]}]},{\"@type\":\"ImageObject\",\"inLanguage\":\"it-IT\",\"@id\":\"https:\\\/\\\/transportjournal.com\\\/it\\\/2026\\\/01\\\/16\\\/prossimo-passo-verso-la-decarbonizzazione\\\/#primaryimage\",\"url\":\"https:\\\/\\\/transportjournal.com\\\/wp-content\\\/uploads\\\/sites\\\/2\\\/2026\\\/01\\\/Hero_Pyxis_Ocean_Aug_2023-scaled-1.jpg\",\"contentUrl\":\"https:\\\/\\\/transportjournal.com\\\/wp-content\\\/uploads\\\/sites\\\/2\\\/2026\\\/01\\\/Hero_Pyxis_Ocean_Aug_2023-scaled-1.jpg\",\"width\":2560,\"height\":1440},{\"@type\":\"BreadcrumbList\",\"@id\":\"https:\\\/\\\/transportjournal.com\\\/it\\\/2026\\\/01\\\/16\\\/prossimo-passo-verso-la-decarbonizzazione\\\/#breadcrumb\",\"itemListElement\":[{\"@type\":\"ListItem\",\"position\":1,\"name\":\"Startseite\",\"item\":\"https:\\\/\\\/transportjournal.com\\\/it\\\/\"},{\"@type\":\"ListItem\",\"position\":2,\"name\":\"Prossimo passo verso la decarbonizzazione\"}]},{\"@type\":\"WebSite\",\"@id\":\"https:\\\/\\\/transportjournal.com\\\/it\\\/#website\",\"url\":\"https:\\\/\\\/transportjournal.com\\\/it\\\/\",\"name\":\"ITJ | International Transport Journal\",\"description\":\"Stay informed with the latest global news from the transport, logistics, and supply chain industries. Transport Journal delivers expert insights, analysis, and updates across shipping, aviation, intermodal, and forwarding.\",\"publisher\":{\"@id\":\"https:\\\/\\\/transportjournal.com\\\/it\\\/#organization\"},\"potentialAction\":[{\"@type\":\"SearchAction\",\"target\":{\"@type\":\"EntryPoint\",\"urlTemplate\":\"https:\\\/\\\/transportjournal.com\\\/it\\\/?s={search_term_string}\"},\"query-input\":{\"@type\":\"PropertyValueSpecification\",\"valueRequired\":true,\"valueName\":\"search_term_string\"}}],\"inLanguage\":\"it-IT\"},{\"@type\":\"Organization\",\"@id\":\"https:\\\/\\\/transportjournal.com\\\/it\\\/#organization\",\"name\":\"Logismedia Group AG\",\"alternateName\":\"Logismedia Group AG\",\"url\":\"https:\\\/\\\/transportjournal.com\\\/it\\\/\",\"logo\":{\"@type\":\"ImageObject\",\"inLanguage\":\"it-IT\",\"@id\":\"https:\\\/\\\/transportjournal.com\\\/it\\\/#\\\/schema\\\/logo\\\/image\\\/\",\"url\":\"https:\\\/\\\/transportjournal.com\\\/wp-content\\\/uploads\\\/sites\\\/2\\\/2025\\\/09\\\/Logo_ITJ.png\",\"contentUrl\":\"https:\\\/\\\/transportjournal.com\\\/wp-content\\\/uploads\\\/sites\\\/2\\\/2025\\\/09\\\/Logo_ITJ.png\",\"width\":799,\"height\":326,\"caption\":\"Logismedia Group AG\"},\"image\":{\"@id\":\"https:\\\/\\\/transportjournal.com\\\/it\\\/#\\\/schema\\\/logo\\\/image\\\/\"},\"sameAs\":[\"https:\\\/\\\/www.linkedin.com\\\/company\\\/56456496\\\/admin\\\/dashboard\\\/\",\"https:\\\/\\\/www.instagram.com\\\/logismediagroup\\\/\",\"https:\\\/\\\/www.youtube.com\\\/@LogiamediaGroupAG\"]},{\"@type\":\"Person\",\"@id\":\"https:\\\/\\\/transportjournal.com\\\/it\\\/#\\\/schema\\\/person\\\/41d36b5474b623392fa613e97e2363fa\",\"name\":\"Jeremy Soland\",\"url\":\"https:\\\/\\\/transportjournal.com\\\/it\\\/author\\\/jeremy\\\/\"}]}<\/script>\n<!-- \/ Yoast SEO plugin. -->","yoast_head_json":{"title":"Prossimo passo verso la decarbonizzazione - ITJ | International Transport Journal","robots":{"index":"index","follow":"follow","max-snippet":"max-snippet:-1","max-image-preview":"max-image-preview:large","max-video-preview":"max-video-preview:-1"},"canonical":"https:\/\/transportjournal.com\/it\/2026\/01\/16\/prossimo-passo-verso-la-decarbonizzazione\/","og_locale":"it_IT","og_type":"article","og_title":"Prossimo passo verso la decarbonizzazione - ITJ | International Transport Journal","og_description":"Cargill ha messo in servizio la nave \"Brave Pioneer\" per promuovere la decarbonizzazione della navigazione e soluzioni di trasporto a basse emissioni.","og_url":"https:\/\/transportjournal.com\/it\/2026\/01\/16\/prossimo-passo-verso-la-decarbonizzazione\/","og_site_name":"ITJ | International Transport Journal","article_published_time":"2026-01-16T10:02:47+00:00","og_image":[{"width":2560,"height":1440,"url":"https:\/\/transportjournal.com\/wp-content\/uploads\/sites\/2\/2026\/01\/Hero_Pyxis_Ocean_Aug_2023-scaled-1.jpg","type":"image\/jpeg"}],"author":"Jeremy Soland","twitter_card":"summary_large_image","twitter_misc":{"Scritto da":"Jeremy Soland","Tempo di lettura stimato":"1 minuto"},"schema":{"@context":"https:\/\/schema.org","@graph":[{"@type":"Article","@id":"https:\/\/transportjournal.com\/it\/2026\/01\/16\/prossimo-passo-verso-la-decarbonizzazione\/#article","isPartOf":{"@id":"https:\/\/transportjournal.com\/it\/2026\/01\/16\/prossimo-passo-verso-la-decarbonizzazione\/"},"author":{"name":"Jeremy Soland","@id":"https:\/\/transportjournal.com\/it\/#\/schema\/person\/41d36b5474b623392fa613e97e2363fa"},"headline":"Prossimo passo verso la decarbonizzazione","datePublished":"2026-01-16T10:02:47+00:00","mainEntityOfPage":{"@id":"https:\/\/transportjournal.com\/it\/2026\/01\/16\/prossimo-passo-verso-la-decarbonizzazione\/"},"wordCount":202,"commentCount":0,"publisher":{"@id":"https:\/\/transportjournal.com\/it\/#organization"},"image":{"@id":"https:\/\/transportjournal.com\/it\/2026\/01\/16\/prossimo-passo-verso-la-decarbonizzazione\/#primaryimage"},"thumbnailUrl":"https:\/\/transportjournal.com\/wp-content\/uploads\/sites\/2\/2026\/01\/Hero_Pyxis_Ocean_Aug_2023-scaled-1.jpg","keywords":["attributs environnementaux","betriebliche Tests","bulk freight transport","carbon emissions","carburants maritimes","cha\u00eene d'approvisionnement","CO2 reduction","CO\u2082-Reduktion","d\u00e9carbonisation","decarbonization","Dekarbonisierung","Deutsch Cargill","dual-fuel cargo ships","dual-fuel Frachtschiffe","\u00e9conomie du transport","\u00e9missions de carbone","environmental attributes","Fachkr\u00e4ftemangel English Cargill","green methanol","green technologies","gr\u00fcne Technologien","gr\u00fcnes Methanol","Hafenbetrieb","industrie maritime","infrastructure","Infrastruktur","Kohlenstoffemissionen","Lieferkette","maritime fuels","maritime Kraftstoffe","Massengutfrachtverkehr","m\u00e9thanol vert","Mitsui &amp; Co. Ltd.","nachhaltige Schifffahrt","navires \u00e0 double carburant","operational testing","op\u00e9rations portuaires","p\u00e9nurie de main-d'\u0153uvre qualifi\u00e9e","port operations","r\u00e9duction du CO2","Schifffahrt","shipping industry","skilled labor shortage Fran\u00e7ais Cargill","Supply Chain","sustainable shipping","technologies vertes","tests op\u00e9rationnels","transport de fret en vrac","transport economy","transport maritime durable","Transportwirtschaft","Tsuneishi Shipbuilding","Umweltattribute"],"articleSection":["Uncategorized"],"inLanguage":"it-IT","potentialAction":[{"@type":"CommentAction","name":"Comment","target":["https:\/\/transportjournal.com\/it\/2026\/01\/16\/prossimo-passo-verso-la-decarbonizzazione\/#respond"]}]},{"@type":"WebPage","@id":"https:\/\/transportjournal.com\/it\/2026\/01\/16\/prossimo-passo-verso-la-decarbonizzazione\/","url":"https:\/\/transportjournal.com\/it\/2026\/01\/16\/prossimo-passo-verso-la-decarbonizzazione\/","name":"Prossimo passo verso la decarbonizzazione - ITJ | International Transport Journal","isPartOf":{"@id":"https:\/\/transportjournal.com\/it\/#website"},"primaryImageOfPage":{"@id":"https:\/\/transportjournal.com\/it\/2026\/01\/16\/prossimo-passo-verso-la-decarbonizzazione\/#primaryimage"},"image":{"@id":"https:\/\/transportjournal.com\/it\/2026\/01\/16\/prossimo-passo-verso-la-decarbonizzazione\/#primaryimage"},"thumbnailUrl":"https:\/\/transportjournal.com\/wp-content\/uploads\/sites\/2\/2026\/01\/Hero_Pyxis_Ocean_Aug_2023-scaled-1.jpg","datePublished":"2026-01-16T10:02:47+00:00","breadcrumb":{"@id":"https:\/\/transportjournal.com\/it\/2026\/01\/16\/prossimo-passo-verso-la-decarbonizzazione\/#breadcrumb"},"inLanguage":"it-IT","potentialAction":[{"@type":"ReadAction","target":["https:\/\/transportjournal.com\/it\/2026\/01\/16\/prossimo-passo-verso-la-decarbonizzazione\/"]}]},{"@type":"ImageObject","inLanguage":"it-IT","@id":"https:\/\/transportjournal.com\/it\/2026\/01\/16\/prossimo-passo-verso-la-decarbonizzazione\/#primaryimage","url":"https:\/\/transportjournal.com\/wp-content\/uploads\/sites\/2\/2026\/01\/Hero_Pyxis_Ocean_Aug_2023-scaled-1.jpg","contentUrl":"https:\/\/transportjournal.com\/wp-content\/uploads\/sites\/2\/2026\/01\/Hero_Pyxis_Ocean_Aug_2023-scaled-1.jpg","width":2560,"height":1440},{"@type":"BreadcrumbList","@id":"https:\/\/transportjournal.com\/it\/2026\/01\/16\/prossimo-passo-verso-la-decarbonizzazione\/#breadcrumb","itemListElement":[{"@type":"ListItem","position":1,"name":"Startseite","item":"https:\/\/transportjournal.com\/it\/"},{"@type":"ListItem","position":2,"name":"Prossimo passo verso la decarbonizzazione"}]},{"@type":"WebSite","@id":"https:\/\/transportjournal.com\/it\/#website","url":"https:\/\/transportjournal.com\/it\/","name":"ITJ | International Transport Journal","description":"Stay informed with the latest global news from the transport, logistics, and supply chain industries. Transport Journal delivers expert insights, analysis, and updates across shipping, aviation, intermodal, and forwarding.","publisher":{"@id":"https:\/\/transportjournal.com\/it\/#organization"},"potentialAction":[{"@type":"SearchAction","target":{"@type":"EntryPoint","urlTemplate":"https:\/\/transportjournal.com\/it\/?s={search_term_string}"},"query-input":{"@type":"PropertyValueSpecification","valueRequired":true,"valueName":"search_term_string"}}],"inLanguage":"it-IT"},{"@type":"Organization","@id":"https:\/\/transportjournal.com\/it\/#organization","name":"Logismedia Group AG","alternateName":"Logismedia Group AG","url":"https:\/\/transportjournal.com\/it\/","logo":{"@type":"ImageObject","inLanguage":"it-IT","@id":"https:\/\/transportjournal.com\/it\/#\/schema\/logo\/image\/","url":"https:\/\/transportjournal.com\/wp-content\/uploads\/sites\/2\/2025\/09\/Logo_ITJ.png","contentUrl":"https:\/\/transportjournal.com\/wp-content\/uploads\/sites\/2\/2025\/09\/Logo_ITJ.png","width":799,"height":326,"caption":"Logismedia Group AG"},"image":{"@id":"https:\/\/transportjournal.com\/it\/#\/schema\/logo\/image\/"},"sameAs":["https:\/\/www.linkedin.com\/company\/56456496\/admin\/dashboard\/","https:\/\/www.instagram.com\/logismediagroup\/","https:\/\/www.youtube.com\/@LogiamediaGroupAG"]},{"@type":"Person","@id":"https:\/\/transportjournal.com\/it\/#\/schema\/person\/41d36b5474b623392fa613e97e2363fa","name":"Jeremy Soland","url":"https:\/\/transportjournal.com\/it\/author\/jeremy\/"}]}},"_links":{"self":[{"href":"https:\/\/transportjournal.com\/it\/wp-json\/wp\/v2\/posts\/73332","targetHints":{"allow":["GET"]}}],"collection":[{"href":"https:\/\/transportjournal.com\/it\/wp-json\/wp\/v2\/posts"}],"about":[{"href":"https:\/\/transportjournal.com\/it\/wp-json\/wp\/v2\/types\/post"}],"author":[{"embeddable":true,"href":"https:\/\/transportjournal.com\/it\/wp-json\/wp\/v2\/users\/10"}],"replies":[{"embeddable":true,"href":"https:\/\/transportjournal.com\/it\/wp-json\/wp\/v2\/comments?post=73332"}],"version-history":[{"count":0,"href":"https:\/\/transportjournal.com\/it\/wp-json\/wp\/v2\/posts\/73332\/revisions"}],"wp:featuredmedia":[{"embeddable":true,"href":"https:\/\/transportjournal.com\/it\/wp-json\/wp\/v2\/media\/73328"}],"wp:attachment":[{"href":"https:\/\/transportjournal.com\/it\/wp-json\/wp\/v2\/media?parent=73332"}],"wp:term":[{"taxonomy":"category","embeddable":true,"href":"https:\/\/transportjournal.com\/it\/wp-json\/wp\/v2\/categories?post=73332"},{"taxonomy":"post_tag","embeddable":true,"href":"https:\/\/transportjournal.com\/it\/wp-json\/wp\/v2\/tags?post=73332"}],"curies":[{"name":"wp","href":"https:\/\/api.w.org\/{rel}","templated":true}]}}