{"id":73324,"date":"2026-01-16T10:05:45","date_gmt":"2026-01-16T10:05:45","guid":{"rendered":"https:\/\/transportjournal.com\/2026\/01\/16\/milan-tevel-nuovo-amministratore-delegato-di-supermaritime\/"},"modified":"2026-01-16T10:05:45","modified_gmt":"2026-01-16T10:05:45","slug":"milan-tevel-nuovo-amministratore-delegato-di-supermaritime","status":"publish","type":"post","link":"https:\/\/transportjournal.com\/it\/2026\/01\/16\/milan-tevel-nuovo-amministratore-delegato-di-supermaritime\/","title":{"rendered":"Milan Tevel nuovo amministratore delegato di Supermaritime"},"content":{"rendered":"<p>Supermaritime Nederland B.V. ha nominato Milan Tevel come nuovo amministratore delegato e sta ampliando le sue capacit\u00e0 di stoccaggio di quasi 13.000 m\u00b2. Tevel ha assunto la sua posizione il 1 gennaio 2026, succedendo a Martien Burger, che \u00e8 stato fondamentale per l&#8217;espansione dell&#8217;azienda negli ultimi decenni.<\/p>\n<h3>Espansione delle attivit\u00e0 logistiche<\/h3>\n<p>L&#8217;azienda Supermaritime, attiva nei settori della movimentazione portuale, stoccaggio e servizi di breakbulk, prevede la costruzione di un nuovo complesso logistico a Vlissingen. Questo passo \u00e8 in linea con gli obiettivi a lungo termine dell&#8217;azienda nella regione. La nuova sede comprende un totale di 12.787 m\u00b2, di cui 10.956 m\u00b2 di spazio di magazzino, 521 m\u00b2 di spazio per uffici e 1.310 m\u00b2 di spazio mezzanino. La posizione strategicamente favorevole del centro logistico consente eccellenti collegamenti con strade, vie navigabili e ferrovie.<\/p>\n<p>Peter van der Laan, CEO del gruppo Supermaritime, ha commentato i cambiamenti: \u201eContinueremo a servire i nostri clienti con lo stesso impegno e dedizione di sempre. Milan fa parte della nostra azienda dal 2012 e porta con s\u00e9 molta esperienza e una chiara visione per il futuro. Abbiamo piena fiducia nella sua leadership e non vediamo l&#8217;ora di continuare a collaborare sotto la sua guida.\u201c<\/p>\n<h3>Passaggio della direzione<\/h3>\n<p>Per garantire una transizione fluida, Martien Burger rimarr\u00e0 consulente presso Supermaritime nel prossimo anno, supportando sia Milan Tevel che l&#8217;organizzazione durante questa fase di transizione. Van der Laan ha riconosciuto i lunghi meriti di Burger: \u201eDopo molti anni di lavoro impegnato, Martien ora passa la sua responsabilit\u00e0 di amministratore delegato a Milan. Ha svolto un ruolo significativo nella crescita e nello sviluppo della nostra organizzazione, e gli esprimiamo il nostro sincero ringraziamento per il suo impegno di lunga data e il suo contributo.\u201c<\/p>\n<p>Supermaritime \u00e8 un fornitore di servizi logistici attivo a livello internazionale con sede a Rotterdam. L&#8217;azienda offre soluzioni su misura per clienti in tutto il mondo ed \u00e8 specializzata in agenzie marittime, stoccaggio, movimentazione e carico di progetto.<\/p>\n<p>&nbsp;<\/p>\n<p><a href=\"https:\/\/www.supermaritime.com\/\" target=\"_blank\" rel=\"noopener noreferrer\">www.supermaritime.com<\/a><\/p>\n<p>&nbsp;<\/p>\n","protected":false},"excerpt":{"rendered":"<p>Supermaritime Nederland B.V. ha nominato Milan Tevel come nuovo amministratore delegato e prevede la costruzione di un nuovo complesso logistico a Vlissingen.<\/p>\n","protected":false},"author":12,"featured_media":73320,"comment_status":"open","ping_status":"open","sticky":false,"template":"","format":"standard","meta":{"_acf_changed":false,"footnotes":""},"categories":[1638,1627,1634,1631,1629],"tags":[6229,6230,6231,6232,6233,6234,6235,6236,6237,3739,2115,2116,2221,6238,2700,6239,2123,6240,2125,3745,2075,2279,2280,6241,6242,6243,2469,1831,6244,2622,2282,6245,6246,6247,1800,3157,2720,3114,6248,2481,6249,6250,1884,6251,6252,6253,6254,2731,6255,6256,2106,2641,6257,2155,1837,6258,2157,2249],"class_list":["post-73324","post","type-post","status-publish","format-standard","has-post-thumbnail","hentry","category-europa","category-persone-e-aziende","category-regioni","category-spedizioni-e-porti","category-spedizioni-e-logistica","tag-agences-maritimes","tag-augmentation-de-la-capacite-de-stockage","tag-breakbulk-services","tag-breakbulk-dienstleistungen","tag-chargement-de-projet","tag-choix-strategique-de-site","tag-complexe-logistique-a-vlissingen","tag-corporate-management","tag-deutsch-supermaritime","tag-developpement-des-infrastructures","tag-digitalisierung-in-der-logistik","tag-digitalization-in-logistics","tag-entreposage","tag-expanding-storage-capacity","tag-fachkraeftemangel-in-der-logistik","tag-gestion-dentreprise","tag-gestion-de-la-chaine-dapprovisionnement","tag-hafenumschlag","tag-industrie-du-transport","tag-infrastructure-development","tag-infrastrukturentwicklung","tag-international-logistics","tag-internationale-logistik","tag-lagerkapazitaeten-erweitern","tag-lagerung","tag-logistics-complex-vlissingen","tag-logistics-service-provider","tag-logistikdienstleister","tag-logistikkomplex-vlissingen","tag-logistique-durable","tag-logistique-internationale","tag-management-transition","tag-manutention-portuaire","tag-milan-tevel","tag-nachhaltige-logistik","tag-numerisation-dans-la-logistique","tag-penurie-de-main-doeuvre-dans-la-logistique","tag-port-de-rotterdam","tag-port-handling","tag-prestataire-logistique","tag-project-cargo","tag-projektladung","tag-rotterdam-hafen","tag-rotterdam-port","tag-schiffsagenturen","tag-services-de-breakbulk","tag-ship-agencies","tag-skills-shortage-in-logistics","tag-strategic-site-selection-francais-supermaritime","tag-strategische-standortwahl-english-supermaritime","tag-supply-chain-management","tag-sustainable-logistics","tag-transition-de-direction","tag-transport-industry","tag-transportwirtschaft","tag-uebergabe-der-geschaeftsfuehrung","tag-unternehmensfuehrung","tag-warehousing"],"acf":[],"yoast_head":"<!-- This site is optimized with the Yoast SEO plugin v27.3 - https:\/\/yoast.com\/product\/yoast-seo-wordpress\/ -->\n<title>Milan Tevel nuovo amministratore delegato di Supermaritime - ITJ | International Transport Journal<\/title>\n<meta name=\"robots\" content=\"index, follow, max-snippet:-1, max-image-preview:large, max-video-preview:-1\" \/>\n<link rel=\"canonical\" href=\"https:\/\/transportjournal.com\/it\/2026\/01\/16\/milan-tevel-nuovo-amministratore-delegato-di-supermaritime\/\" \/>\n<meta property=\"og:locale\" content=\"it_IT\" \/>\n<meta property=\"og:type\" content=\"article\" \/>\n<meta property=\"og:title\" content=\"Milan Tevel nuovo amministratore delegato di Supermaritime - ITJ | International Transport Journal\" \/>\n<meta property=\"og:description\" content=\"Supermaritime Nederland B.V. ha nominato Milan Tevel come nuovo amministratore delegato e prevede la costruzione di un nuovo complesso logistico a Vlissingen.\" \/>\n<meta property=\"og:url\" content=\"https:\/\/transportjournal.com\/it\/2026\/01\/16\/milan-tevel-nuovo-amministratore-delegato-di-supermaritime\/\" \/>\n<meta property=\"og:site_name\" content=\"ITJ | International Transport Journal\" \/>\n<meta property=\"article:published_time\" content=\"2026-01-16T10:05:45+00:00\" \/>\n<meta property=\"og:image\" content=\"https:\/\/transportjournal.com\/wp-content\/uploads\/sites\/2\/2026\/01\/Milan-Tevel-GM-Supermaritime-Nederland-BV-4-aspect-ratio-1400-788.jpeg\" \/>\n\t<meta property=\"og:image:width\" content=\"900\" \/>\n\t<meta property=\"og:image:height\" content=\"506\" \/>\n\t<meta property=\"og:image:type\" content=\"image\/jpeg\" \/>\n<meta name=\"author\" content=\"Andreas Haug\" \/>\n<meta name=\"twitter:card\" content=\"summary_large_image\" \/>\n<meta name=\"twitter:label1\" content=\"Scritto da\" \/>\n\t<meta name=\"twitter:data1\" content=\"Andreas Haug\" \/>\n\t<meta name=\"twitter:label2\" content=\"Tempo di lettura stimato\" \/>\n\t<meta name=\"twitter:data2\" content=\"2 minuto\" \/>\n<script type=\"application\/ld+json\" class=\"yoast-schema-graph\">{\"@context\":\"https:\\\/\\\/schema.org\",\"@graph\":[{\"@type\":\"Article\",\"@id\":\"https:\\\/\\\/transportjournal.com\\\/it\\\/2026\\\/01\\\/16\\\/milan-tevel-nuovo-amministratore-delegato-di-supermaritime\\\/#article\",\"isPartOf\":{\"@id\":\"https:\\\/\\\/transportjournal.com\\\/it\\\/2026\\\/01\\\/16\\\/milan-tevel-nuovo-amministratore-delegato-di-supermaritime\\\/\"},\"author\":{\"name\":\"Andreas Haug\",\"@id\":\"https:\\\/\\\/transportjournal.com\\\/it\\\/#\\\/schema\\\/person\\\/cf538b3157f15afd7589245a4b3dbd25\"},\"headline\":\"Milan Tevel nuovo amministratore delegato di Supermaritime\",\"datePublished\":\"2026-01-16T10:05:45+00:00\",\"mainEntityOfPage\":{\"@id\":\"https:\\\/\\\/transportjournal.com\\\/it\\\/2026\\\/01\\\/16\\\/milan-tevel-nuovo-amministratore-delegato-di-supermaritime\\\/\"},\"wordCount\":330,\"commentCount\":0,\"publisher\":{\"@id\":\"https:\\\/\\\/transportjournal.com\\\/it\\\/#organization\"},\"image\":{\"@id\":\"https:\\\/\\\/transportjournal.com\\\/it\\\/2026\\\/01\\\/16\\\/milan-tevel-nuovo-amministratore-delegato-di-supermaritime\\\/#primaryimage\"},\"thumbnailUrl\":\"https:\\\/\\\/transportjournal.com\\\/wp-content\\\/uploads\\\/sites\\\/2\\\/2026\\\/01\\\/Milan-Tevel-GM-Supermaritime-Nederland-BV-4-aspect-ratio-1400-788.jpeg\",\"keywords\":[\"agences maritimes\",\"augmentation de la capacit\u00e9 de stockage\",\"breakbulk services\",\"Breakbulk-Dienstleistungen\",\"chargement de projet\",\"choix strat\u00e9gique de site\",\"complexe logistique \u00e0 Vlissingen\",\"corporate management\",\"Deutsch Supermaritime\",\"d\u00e9veloppement des infrastructures\",\"Digitalisierung in der Logistik\",\"digitalization in logistics\",\"entreposage\",\"expanding storage capacity\",\"Fachkr\u00e4ftemangel in der Logistik\",\"gestion d'entreprise\",\"gestion de la cha\u00eene d'approvisionnement\",\"Hafenumschlag\",\"industrie du transport\",\"infrastructure development\",\"Infrastrukturentwicklung\",\"international logistics\",\"internationale Logistik\",\"Lagerkapazit\u00e4ten erweitern\",\"Lagerung\",\"logistics complex Vlissingen\",\"logistics service provider\",\"Logistikdienstleister\",\"Logistikkomplex Vlissingen\",\"logistique durable\",\"logistique internationale\",\"management transition\",\"manutention portuaire\",\"Milan Tevel\",\"nachhaltige Logistik\",\"num\u00e9risation dans la logistique\",\"p\u00e9nurie de main-d'\u0153uvre dans la logistique\",\"port de Rotterdam\",\"port handling\",\"prestataire logistique\",\"project cargo\",\"Projektladung\",\"Rotterdam Hafen\",\"Rotterdam port\",\"Schiffsagenturen\",\"services de breakbulk\",\"ship agencies\",\"skills shortage in logistics\",\"strategic site selection Fran\u00e7ais Supermaritime\",\"strategische Standortwahl English Supermaritime\",\"Supply Chain Management\",\"sustainable logistics\",\"transition de direction\",\"transport industry\",\"Transportwirtschaft\",\"\u00dcbergabe der Gesch\u00e4ftsf\u00fchrung\",\"Unternehmensf\u00fchrung\",\"warehousing\"],\"articleSection\":[\"Europa\",\"Persone e aziende\",\"Regioni\",\"Spedizioni e porti\",\"Spedizioniere e Logistica\"],\"inLanguage\":\"it-IT\",\"potentialAction\":[{\"@type\":\"CommentAction\",\"name\":\"Comment\",\"target\":[\"https:\\\/\\\/transportjournal.com\\\/it\\\/2026\\\/01\\\/16\\\/milan-tevel-nuovo-amministratore-delegato-di-supermaritime\\\/#respond\"]}]},{\"@type\":\"WebPage\",\"@id\":\"https:\\\/\\\/transportjournal.com\\\/it\\\/2026\\\/01\\\/16\\\/milan-tevel-nuovo-amministratore-delegato-di-supermaritime\\\/\",\"url\":\"https:\\\/\\\/transportjournal.com\\\/it\\\/2026\\\/01\\\/16\\\/milan-tevel-nuovo-amministratore-delegato-di-supermaritime\\\/\",\"name\":\"Milan Tevel nuovo amministratore delegato di Supermaritime - ITJ | International Transport Journal\",\"isPartOf\":{\"@id\":\"https:\\\/\\\/transportjournal.com\\\/it\\\/#website\"},\"primaryImageOfPage\":{\"@id\":\"https:\\\/\\\/transportjournal.com\\\/it\\\/2026\\\/01\\\/16\\\/milan-tevel-nuovo-amministratore-delegato-di-supermaritime\\\/#primaryimage\"},\"image\":{\"@id\":\"https:\\\/\\\/transportjournal.com\\\/it\\\/2026\\\/01\\\/16\\\/milan-tevel-nuovo-amministratore-delegato-di-supermaritime\\\/#primaryimage\"},\"thumbnailUrl\":\"https:\\\/\\\/transportjournal.com\\\/wp-content\\\/uploads\\\/sites\\\/2\\\/2026\\\/01\\\/Milan-Tevel-GM-Supermaritime-Nederland-BV-4-aspect-ratio-1400-788.jpeg\",\"datePublished\":\"2026-01-16T10:05:45+00:00\",\"breadcrumb\":{\"@id\":\"https:\\\/\\\/transportjournal.com\\\/it\\\/2026\\\/01\\\/16\\\/milan-tevel-nuovo-amministratore-delegato-di-supermaritime\\\/#breadcrumb\"},\"inLanguage\":\"it-IT\",\"potentialAction\":[{\"@type\":\"ReadAction\",\"target\":[\"https:\\\/\\\/transportjournal.com\\\/it\\\/2026\\\/01\\\/16\\\/milan-tevel-nuovo-amministratore-delegato-di-supermaritime\\\/\"]}]},{\"@type\":\"ImageObject\",\"inLanguage\":\"it-IT\",\"@id\":\"https:\\\/\\\/transportjournal.com\\\/it\\\/2026\\\/01\\\/16\\\/milan-tevel-nuovo-amministratore-delegato-di-supermaritime\\\/#primaryimage\",\"url\":\"https:\\\/\\\/transportjournal.com\\\/wp-content\\\/uploads\\\/sites\\\/2\\\/2026\\\/01\\\/Milan-Tevel-GM-Supermaritime-Nederland-BV-4-aspect-ratio-1400-788.jpeg\",\"contentUrl\":\"https:\\\/\\\/transportjournal.com\\\/wp-content\\\/uploads\\\/sites\\\/2\\\/2026\\\/01\\\/Milan-Tevel-GM-Supermaritime-Nederland-BV-4-aspect-ratio-1400-788.jpeg\",\"width\":900,\"height\":506},{\"@type\":\"BreadcrumbList\",\"@id\":\"https:\\\/\\\/transportjournal.com\\\/it\\\/2026\\\/01\\\/16\\\/milan-tevel-nuovo-amministratore-delegato-di-supermaritime\\\/#breadcrumb\",\"itemListElement\":[{\"@type\":\"ListItem\",\"position\":1,\"name\":\"Startseite\",\"item\":\"https:\\\/\\\/transportjournal.com\\\/it\\\/\"},{\"@type\":\"ListItem\",\"position\":2,\"name\":\"Milan Tevel nuovo amministratore delegato di Supermaritime\"}]},{\"@type\":\"WebSite\",\"@id\":\"https:\\\/\\\/transportjournal.com\\\/it\\\/#website\",\"url\":\"https:\\\/\\\/transportjournal.com\\\/it\\\/\",\"name\":\"ITJ | International Transport Journal\",\"description\":\"Stay informed with the latest global news from the transport, logistics, and supply chain industries. Transport Journal delivers expert insights, analysis, and updates across shipping, aviation, intermodal, and forwarding.\",\"publisher\":{\"@id\":\"https:\\\/\\\/transportjournal.com\\\/it\\\/#organization\"},\"potentialAction\":[{\"@type\":\"SearchAction\",\"target\":{\"@type\":\"EntryPoint\",\"urlTemplate\":\"https:\\\/\\\/transportjournal.com\\\/it\\\/?s={search_term_string}\"},\"query-input\":{\"@type\":\"PropertyValueSpecification\",\"valueRequired\":true,\"valueName\":\"search_term_string\"}}],\"inLanguage\":\"it-IT\"},{\"@type\":\"Organization\",\"@id\":\"https:\\\/\\\/transportjournal.com\\\/it\\\/#organization\",\"name\":\"Logismedia Group AG\",\"alternateName\":\"Logismedia Group AG\",\"url\":\"https:\\\/\\\/transportjournal.com\\\/it\\\/\",\"logo\":{\"@type\":\"ImageObject\",\"inLanguage\":\"it-IT\",\"@id\":\"https:\\\/\\\/transportjournal.com\\\/it\\\/#\\\/schema\\\/logo\\\/image\\\/\",\"url\":\"https:\\\/\\\/transportjournal.com\\\/wp-content\\\/uploads\\\/sites\\\/2\\\/2025\\\/09\\\/Logo_ITJ.png\",\"contentUrl\":\"https:\\\/\\\/transportjournal.com\\\/wp-content\\\/uploads\\\/sites\\\/2\\\/2025\\\/09\\\/Logo_ITJ.png\",\"width\":799,\"height\":326,\"caption\":\"Logismedia Group AG\"},\"image\":{\"@id\":\"https:\\\/\\\/transportjournal.com\\\/it\\\/#\\\/schema\\\/logo\\\/image\\\/\"},\"sameAs\":[\"https:\\\/\\\/www.linkedin.com\\\/company\\\/56456496\\\/admin\\\/dashboard\\\/\",\"https:\\\/\\\/www.instagram.com\\\/logismediagroup\\\/\",\"https:\\\/\\\/www.youtube.com\\\/@LogiamediaGroupAG\"]},{\"@type\":\"Person\",\"@id\":\"https:\\\/\\\/transportjournal.com\\\/it\\\/#\\\/schema\\\/person\\\/cf538b3157f15afd7589245a4b3dbd25\",\"name\":\"Andreas Haug\",\"url\":\"https:\\\/\\\/transportjournal.com\\\/it\\\/author\\\/andreas\\\/\"}]}<\/script>\n<!-- \/ Yoast SEO plugin. -->","yoast_head_json":{"title":"Milan Tevel nuovo amministratore delegato di Supermaritime - ITJ | International Transport Journal","robots":{"index":"index","follow":"follow","max-snippet":"max-snippet:-1","max-image-preview":"max-image-preview:large","max-video-preview":"max-video-preview:-1"},"canonical":"https:\/\/transportjournal.com\/it\/2026\/01\/16\/milan-tevel-nuovo-amministratore-delegato-di-supermaritime\/","og_locale":"it_IT","og_type":"article","og_title":"Milan Tevel nuovo amministratore delegato di Supermaritime - ITJ | International Transport Journal","og_description":"Supermaritime Nederland B.V. ha nominato Milan Tevel come nuovo amministratore delegato e prevede la costruzione di un nuovo complesso logistico a Vlissingen.","og_url":"https:\/\/transportjournal.com\/it\/2026\/01\/16\/milan-tevel-nuovo-amministratore-delegato-di-supermaritime\/","og_site_name":"ITJ | International Transport Journal","article_published_time":"2026-01-16T10:05:45+00:00","og_image":[{"width":900,"height":506,"url":"https:\/\/transportjournal.com\/wp-content\/uploads\/sites\/2\/2026\/01\/Milan-Tevel-GM-Supermaritime-Nederland-BV-4-aspect-ratio-1400-788.jpeg","type":"image\/jpeg"}],"author":"Andreas Haug","twitter_card":"summary_large_image","twitter_misc":{"Scritto da":"Andreas Haug","Tempo di lettura stimato":"2 minuto"},"schema":{"@context":"https:\/\/schema.org","@graph":[{"@type":"Article","@id":"https:\/\/transportjournal.com\/it\/2026\/01\/16\/milan-tevel-nuovo-amministratore-delegato-di-supermaritime\/#article","isPartOf":{"@id":"https:\/\/transportjournal.com\/it\/2026\/01\/16\/milan-tevel-nuovo-amministratore-delegato-di-supermaritime\/"},"author":{"name":"Andreas Haug","@id":"https:\/\/transportjournal.com\/it\/#\/schema\/person\/cf538b3157f15afd7589245a4b3dbd25"},"headline":"Milan Tevel nuovo amministratore delegato di Supermaritime","datePublished":"2026-01-16T10:05:45+00:00","mainEntityOfPage":{"@id":"https:\/\/transportjournal.com\/it\/2026\/01\/16\/milan-tevel-nuovo-amministratore-delegato-di-supermaritime\/"},"wordCount":330,"commentCount":0,"publisher":{"@id":"https:\/\/transportjournal.com\/it\/#organization"},"image":{"@id":"https:\/\/transportjournal.com\/it\/2026\/01\/16\/milan-tevel-nuovo-amministratore-delegato-di-supermaritime\/#primaryimage"},"thumbnailUrl":"https:\/\/transportjournal.com\/wp-content\/uploads\/sites\/2\/2026\/01\/Milan-Tevel-GM-Supermaritime-Nederland-BV-4-aspect-ratio-1400-788.jpeg","keywords":["agences maritimes","augmentation de la capacit\u00e9 de stockage","breakbulk services","Breakbulk-Dienstleistungen","chargement de projet","choix strat\u00e9gique de site","complexe logistique \u00e0 Vlissingen","corporate management","Deutsch Supermaritime","d\u00e9veloppement des infrastructures","Digitalisierung in der Logistik","digitalization in logistics","entreposage","expanding storage capacity","Fachkr\u00e4ftemangel in der Logistik","gestion d'entreprise","gestion de la cha\u00eene d'approvisionnement","Hafenumschlag","industrie du transport","infrastructure development","Infrastrukturentwicklung","international logistics","internationale Logistik","Lagerkapazit\u00e4ten erweitern","Lagerung","logistics complex Vlissingen","logistics service provider","Logistikdienstleister","Logistikkomplex Vlissingen","logistique durable","logistique internationale","management transition","manutention portuaire","Milan Tevel","nachhaltige Logistik","num\u00e9risation dans la logistique","p\u00e9nurie de main-d'\u0153uvre dans la logistique","port de Rotterdam","port handling","prestataire logistique","project cargo","Projektladung","Rotterdam Hafen","Rotterdam port","Schiffsagenturen","services de breakbulk","ship agencies","skills shortage in logistics","strategic site selection Fran\u00e7ais Supermaritime","strategische Standortwahl English Supermaritime","Supply Chain Management","sustainable logistics","transition de direction","transport industry","Transportwirtschaft","\u00dcbergabe der Gesch\u00e4ftsf\u00fchrung","Unternehmensf\u00fchrung","warehousing"],"articleSection":["Europa","Persone e aziende","Regioni","Spedizioni e porti","Spedizioniere e Logistica"],"inLanguage":"it-IT","potentialAction":[{"@type":"CommentAction","name":"Comment","target":["https:\/\/transportjournal.com\/it\/2026\/01\/16\/milan-tevel-nuovo-amministratore-delegato-di-supermaritime\/#respond"]}]},{"@type":"WebPage","@id":"https:\/\/transportjournal.com\/it\/2026\/01\/16\/milan-tevel-nuovo-amministratore-delegato-di-supermaritime\/","url":"https:\/\/transportjournal.com\/it\/2026\/01\/16\/milan-tevel-nuovo-amministratore-delegato-di-supermaritime\/","name":"Milan Tevel nuovo amministratore delegato di Supermaritime - ITJ | International Transport Journal","isPartOf":{"@id":"https:\/\/transportjournal.com\/it\/#website"},"primaryImageOfPage":{"@id":"https:\/\/transportjournal.com\/it\/2026\/01\/16\/milan-tevel-nuovo-amministratore-delegato-di-supermaritime\/#primaryimage"},"image":{"@id":"https:\/\/transportjournal.com\/it\/2026\/01\/16\/milan-tevel-nuovo-amministratore-delegato-di-supermaritime\/#primaryimage"},"thumbnailUrl":"https:\/\/transportjournal.com\/wp-content\/uploads\/sites\/2\/2026\/01\/Milan-Tevel-GM-Supermaritime-Nederland-BV-4-aspect-ratio-1400-788.jpeg","datePublished":"2026-01-16T10:05:45+00:00","breadcrumb":{"@id":"https:\/\/transportjournal.com\/it\/2026\/01\/16\/milan-tevel-nuovo-amministratore-delegato-di-supermaritime\/#breadcrumb"},"inLanguage":"it-IT","potentialAction":[{"@type":"ReadAction","target":["https:\/\/transportjournal.com\/it\/2026\/01\/16\/milan-tevel-nuovo-amministratore-delegato-di-supermaritime\/"]}]},{"@type":"ImageObject","inLanguage":"it-IT","@id":"https:\/\/transportjournal.com\/it\/2026\/01\/16\/milan-tevel-nuovo-amministratore-delegato-di-supermaritime\/#primaryimage","url":"https:\/\/transportjournal.com\/wp-content\/uploads\/sites\/2\/2026\/01\/Milan-Tevel-GM-Supermaritime-Nederland-BV-4-aspect-ratio-1400-788.jpeg","contentUrl":"https:\/\/transportjournal.com\/wp-content\/uploads\/sites\/2\/2026\/01\/Milan-Tevel-GM-Supermaritime-Nederland-BV-4-aspect-ratio-1400-788.jpeg","width":900,"height":506},{"@type":"BreadcrumbList","@id":"https:\/\/transportjournal.com\/it\/2026\/01\/16\/milan-tevel-nuovo-amministratore-delegato-di-supermaritime\/#breadcrumb","itemListElement":[{"@type":"ListItem","position":1,"name":"Startseite","item":"https:\/\/transportjournal.com\/it\/"},{"@type":"ListItem","position":2,"name":"Milan Tevel nuovo amministratore delegato di Supermaritime"}]},{"@type":"WebSite","@id":"https:\/\/transportjournal.com\/it\/#website","url":"https:\/\/transportjournal.com\/it\/","name":"ITJ | International Transport Journal","description":"Stay informed with the latest global news from the transport, logistics, and supply chain industries. Transport Journal delivers expert insights, analysis, and updates across shipping, aviation, intermodal, and forwarding.","publisher":{"@id":"https:\/\/transportjournal.com\/it\/#organization"},"potentialAction":[{"@type":"SearchAction","target":{"@type":"EntryPoint","urlTemplate":"https:\/\/transportjournal.com\/it\/?s={search_term_string}"},"query-input":{"@type":"PropertyValueSpecification","valueRequired":true,"valueName":"search_term_string"}}],"inLanguage":"it-IT"},{"@type":"Organization","@id":"https:\/\/transportjournal.com\/it\/#organization","name":"Logismedia Group AG","alternateName":"Logismedia Group AG","url":"https:\/\/transportjournal.com\/it\/","logo":{"@type":"ImageObject","inLanguage":"it-IT","@id":"https:\/\/transportjournal.com\/it\/#\/schema\/logo\/image\/","url":"https:\/\/transportjournal.com\/wp-content\/uploads\/sites\/2\/2025\/09\/Logo_ITJ.png","contentUrl":"https:\/\/transportjournal.com\/wp-content\/uploads\/sites\/2\/2025\/09\/Logo_ITJ.png","width":799,"height":326,"caption":"Logismedia Group AG"},"image":{"@id":"https:\/\/transportjournal.com\/it\/#\/schema\/logo\/image\/"},"sameAs":["https:\/\/www.linkedin.com\/company\/56456496\/admin\/dashboard\/","https:\/\/www.instagram.com\/logismediagroup\/","https:\/\/www.youtube.com\/@LogiamediaGroupAG"]},{"@type":"Person","@id":"https:\/\/transportjournal.com\/it\/#\/schema\/person\/cf538b3157f15afd7589245a4b3dbd25","name":"Andreas Haug","url":"https:\/\/transportjournal.com\/it\/author\/andreas\/"}]}},"_links":{"self":[{"href":"https:\/\/transportjournal.com\/it\/wp-json\/wp\/v2\/posts\/73324","targetHints":{"allow":["GET"]}}],"collection":[{"href":"https:\/\/transportjournal.com\/it\/wp-json\/wp\/v2\/posts"}],"about":[{"href":"https:\/\/transportjournal.com\/it\/wp-json\/wp\/v2\/types\/post"}],"author":[{"embeddable":true,"href":"https:\/\/transportjournal.com\/it\/wp-json\/wp\/v2\/users\/12"}],"replies":[{"embeddable":true,"href":"https:\/\/transportjournal.com\/it\/wp-json\/wp\/v2\/comments?post=73324"}],"version-history":[{"count":0,"href":"https:\/\/transportjournal.com\/it\/wp-json\/wp\/v2\/posts\/73324\/revisions"}],"wp:featuredmedia":[{"embeddable":true,"href":"https:\/\/transportjournal.com\/it\/wp-json\/wp\/v2\/media\/73320"}],"wp:attachment":[{"href":"https:\/\/transportjournal.com\/it\/wp-json\/wp\/v2\/media?parent=73324"}],"wp:term":[{"taxonomy":"category","embeddable":true,"href":"https:\/\/transportjournal.com\/it\/wp-json\/wp\/v2\/categories?post=73324"},{"taxonomy":"post_tag","embeddable":true,"href":"https:\/\/transportjournal.com\/it\/wp-json\/wp\/v2\/tags?post=73324"}],"curies":[{"name":"wp","href":"https:\/\/api.w.org\/{rel}","templated":true}]}}