{"id":73270,"date":"2026-01-16T06:02:19","date_gmt":"2026-01-16T06:02:19","guid":{"rendered":"https:\/\/transportjournal.com\/2026\/01\/16\/steve-rand-nuovo-presidente-di-eal\/"},"modified":"2026-01-16T08:09:01","modified_gmt":"2026-01-16T07:09:01","slug":"steve-rand-nuovo-presidente-di-eal","status":"publish","type":"post","link":"https:\/\/transportjournal.com\/it\/2026\/01\/16\/steve-rand-nuovo-presidente-di-eal\/","title":{"rendered":"Steve Rand nuovo presidente di EAL"},"content":{"rendered":"<p>Enstructure ha nominato Steve Rand presidente della sua divisione per la logistica dei veicoli finiti, Enstructure Auto Logistics (EAL). Rand guider\u00e0 le attivit\u00e0 operative e commerciali dell&#8217;azienda nel settore della logistica automobilistica. La nomina \u00e8 stata annunciata il 15 gennaio 2026.<\/p>\n<h3>Esperienza ed Expertise<\/h3>\n<p>Matthew Satnick e Philippe De Montigny, i co-CEO di Enstructure, hanno espresso pareri positivi sulla nomina di Rand. Hanno sottolineato che la sua vasta esperienza e il suo impegno per il servizio contribuiranno a promuovere la dinamica dell&#8217;azienda e a migliorare la qualit\u00e0 della logistica per i veicoli finiti. Rand porta con s\u00e9 una vasta esperienza di leadership in vari settori, tra cui logistica marittima, trasporto ferroviario, trasporto su camion e chimica speciale. Prima della sua nuova posizione, ha ricoperto per oltre un decennio il ruolo di CEO di AMPORTS e in precedenza ha avuto una posizione dirigenziale per dieci anni presso CSX Transportation Intermodal.<\/p>\n<p>Rand stesso ha dichiarato di aver sempre attratto organizzazioni che uniscono innovazione, efficienza e servizio nella sua carriera. \u00c8 entusiasta di contribuire alla prossima fase di crescita di Enstructure e di collaborare con i suoi colleghi George Molyneaux, Leo McFadden e Lee Brown, che possiedono una vasta conoscenza del settore.<\/p>\n<h3>Sedi e Servizi<\/h3>\n<p>EAL gestisce attualmente centri logistici a Wilmington, Delaware, e Jacksonville, Florida. Queste strutture sono dotate di infrastrutture automobilistiche specializzate e offrono ampie capacit\u00e0 di stoccaggio per veicoli direttamente al molo. Fungono da importanti centri di distribuzione per l&#8217;accesso ai mercati in crescita nel sud-est, cos\u00ec come nel nord-est e nel medio Atlantico degli Stati Uniti.<\/p>\n<p>Nel 2025, EAL \u00e8 stata selezionata per fornire servizi logistici per veicoli finiti per Mazda North America e Toyota Logistics Services presso il Talleyrand Marine Terminal a JAXPORT. La sede di Wilmington ha gestito vari flussi di esportazione per automobili e attualmente mantiene un servizio regolare con Grimaldi Lines.<\/p>\n<p>Enstructure gestisce una rete di asset infrastrutturali portuali sulla costa orientale, nel Golfo del Messico e nel sistema fluviale interno degli Stati Uniti. L&#8217;azienda \u00e8 stata fondata nel 2016 da Philippe De Montigny e Matthew Satnick e offre servizi logistici integrati per alcune delle pi\u00f9 grandi aziende nei settori dell&#8217;energia, agricoltura, alimentazione, manifattura, costruzione e sicurezza pubblica.<\/p>\n<p>&nbsp;<\/p>\n<p><a href=\"https:\/\/enstructure.com\/\" target=\"_blank\" rel=\"noopener noreferrer\">www.enstructure.com<\/a><\/p>\n<p>&nbsp;<\/p>\n","protected":false},"excerpt":{"rendered":"<p>Enstructure ha nominato Steve Rand presidente di Enstructure Auto Logistics per guidare la logistica automobilistica e le operazioni aziendali.<\/p>\n","protected":false},"author":12,"featured_media":73274,"comment_status":"open","ping_status":"open","sticky":false,"template":"","format":"standard","meta":{"_acf_changed":false,"footnotes":""},"categories":[1627,1634],"tags":[1828,6128,2207,6129,2695,2696,5443,6130,1889,6131,6132,6133,6134,4052,2125,4054,6135,6136,6137,2133,1831,6138,6139,5454,2717,2232,4065,4264,4266,2237,6140,1857,5460,6141,6142,3852,6143,6144,6145,6146,6147,6148],"class_list":["post-73270","post","type-post","status-publish","format-standard","has-post-thumbnail","hentry","category-persone-e-aziende","category-regioni","tag-automobillogistik","tag-automotive-logistics","tag-chaine-dapprovisionnement","tag-deutsch-logistik","tag-digitalisierung","tag-digitalization","tag-durabilite","tag-enstructure","tag-fachkraeftemangel","tag-fertigfahrzeuge","tag-finished-vehicles","tag-fournisseurs-de-services-logistiques","tag-grimaldi-lines","tag-hafeninfrastruktur","tag-industrie-du-transport","tag-infrastructure-portuaire","tag-jacksonville-florida","tag-jacksonville-floride","tag-lkw-transport","tag-logistics-service-providers","tag-logistikdienstleister","tag-logistique-automobile","tag-mazda-north-america","tag-nachhaltigkeit","tag-numerisation","tag-penurie-de-main-doeuvre","tag-port-infrastructure","tag-rail-transport","tag-schienenverkehr","tag-skills-shortage","tag-steve-rand","tag-supply-chain","tag-sustainability","tag-talleyrand-marine-terminal","tag-toyota-logistics-services","tag-transport-ferroviaire","tag-transport-routier","tag-transportation-industry-francais-logistique","tag-transportwirtschaft-english-logistics","tag-trucking","tag-vehicules-finis","tag-wilmington-delaware"],"acf":[],"yoast_head":"<!-- This site is optimized with the Yoast SEO plugin v27.3 - https:\/\/yoast.com\/product\/yoast-seo-wordpress\/ -->\n<title>Steve Rand nuovo presidente di EAL - ITJ | International Transport Journal<\/title>\n<meta name=\"robots\" content=\"index, follow, max-snippet:-1, max-image-preview:large, max-video-preview:-1\" \/>\n<link rel=\"canonical\" href=\"https:\/\/transportjournal.com\/it\/2026\/01\/16\/steve-rand-nuovo-presidente-di-eal\/\" \/>\n<meta property=\"og:locale\" content=\"it_IT\" \/>\n<meta property=\"og:type\" content=\"article\" \/>\n<meta property=\"og:title\" content=\"Steve Rand nuovo presidente di EAL - ITJ | International Transport Journal\" \/>\n<meta property=\"og:description\" content=\"Enstructure ha nominato Steve Rand presidente di Enstructure Auto Logistics per guidare la logistica automobilistica e le operazioni aziendali.\" \/>\n<meta property=\"og:url\" content=\"https:\/\/transportjournal.com\/it\/2026\/01\/16\/steve-rand-nuovo-presidente-di-eal\/\" \/>\n<meta property=\"og:site_name\" content=\"ITJ | International Transport Journal\" \/>\n<meta property=\"article:published_time\" content=\"2026-01-16T06:02:19+00:00\" \/>\n<meta property=\"article:modified_time\" content=\"2026-01-16T07:09:01+00:00\" \/>\n<meta name=\"author\" content=\"Andreas Haug\" \/>\n<meta name=\"twitter:card\" content=\"summary_large_image\" \/>\n<meta name=\"twitter:label1\" content=\"Scritto da\" \/>\n\t<meta name=\"twitter:data1\" content=\"Andreas Haug\" \/>\n\t<meta name=\"twitter:label2\" content=\"Tempo di lettura stimato\" \/>\n\t<meta name=\"twitter:data2\" content=\"2 minuto\" \/>\n<script type=\"application\/ld+json\" class=\"yoast-schema-graph\">{\"@context\":\"https:\\\/\\\/schema.org\",\"@graph\":[{\"@type\":\"Article\",\"@id\":\"https:\\\/\\\/transportjournal.com\\\/it\\\/2026\\\/01\\\/16\\\/steve-rand-nuovo-presidente-di-eal\\\/#article\",\"isPartOf\":{\"@id\":\"https:\\\/\\\/transportjournal.com\\\/it\\\/2026\\\/01\\\/16\\\/steve-rand-nuovo-presidente-di-eal\\\/\"},\"author\":{\"name\":\"Andreas Haug\",\"@id\":\"https:\\\/\\\/transportjournal.com\\\/it\\\/#\\\/schema\\\/person\\\/cf538b3157f15afd7589245a4b3dbd25\"},\"headline\":\"Steve Rand nuovo presidente di EAL\",\"datePublished\":\"2026-01-16T06:02:19+00:00\",\"dateModified\":\"2026-01-16T07:09:01+00:00\",\"mainEntityOfPage\":{\"@id\":\"https:\\\/\\\/transportjournal.com\\\/it\\\/2026\\\/01\\\/16\\\/steve-rand-nuovo-presidente-di-eal\\\/\"},\"wordCount\":371,\"commentCount\":0,\"publisher\":{\"@id\":\"https:\\\/\\\/transportjournal.com\\\/it\\\/#organization\"},\"image\":{\"@id\":\"https:\\\/\\\/transportjournal.com\\\/it\\\/2026\\\/01\\\/16\\\/steve-rand-nuovo-presidente-di-eal\\\/#primaryimage\"},\"thumbnailUrl\":\"https:\\\/\\\/transportjournal.com\\\/wp-content\\\/uploads\\\/sites\\\/2\\\/2026\\\/01\\\/Enstructure-507032831_1030717929251598_3079323014185670599_n.jpg\",\"keywords\":[\"Automobillogistik\",\"Automotive logistics\",\"cha\u00eene d'approvisionnement\",\"Deutsch Logistik\",\"Digitalisierung\",\"digitalization\",\"durabilit\u00e9\",\"Enstructure\",\"Fachkr\u00e4ftemangel\",\"Fertigfahrzeuge\",\"Finished vehicles\",\"Fournisseurs de services logistiques\",\"Grimaldi Lines\",\"Hafeninfrastruktur\",\"industrie du transport\",\"infrastructure portuaire\",\"Jacksonville Florida\",\"Jacksonville Floride\",\"Lkw-Transport\",\"logistics service providers\",\"Logistikdienstleister\",\"Logistique automobile\",\"Mazda North America\",\"Nachhaltigkeit\",\"num\u00e9risation\",\"p\u00e9nurie de main-d'\u0153uvre\",\"port infrastructure\",\"rail transport\",\"Schienenverkehr\",\"skills shortage\",\"Steve Rand\",\"Supply Chain\",\"sustainability\",\"Talleyrand Marine Terminal\",\"Toyota Logistics Services\",\"transport ferroviaire\",\"Transport routier\",\"Transportation industry Fran\u00e7ais Logistique\",\"Transportwirtschaft English Logistics\",\"Trucking\",\"V\u00e9hicules finis\",\"Wilmington Delaware\"],\"articleSection\":[\"Persone e aziende\",\"Regioni\"],\"inLanguage\":\"it-IT\",\"potentialAction\":[{\"@type\":\"CommentAction\",\"name\":\"Comment\",\"target\":[\"https:\\\/\\\/transportjournal.com\\\/it\\\/2026\\\/01\\\/16\\\/steve-rand-nuovo-presidente-di-eal\\\/#respond\"]}]},{\"@type\":\"WebPage\",\"@id\":\"https:\\\/\\\/transportjournal.com\\\/it\\\/2026\\\/01\\\/16\\\/steve-rand-nuovo-presidente-di-eal\\\/\",\"url\":\"https:\\\/\\\/transportjournal.com\\\/it\\\/2026\\\/01\\\/16\\\/steve-rand-nuovo-presidente-di-eal\\\/\",\"name\":\"Steve Rand nuovo presidente di EAL - ITJ | International Transport Journal\",\"isPartOf\":{\"@id\":\"https:\\\/\\\/transportjournal.com\\\/it\\\/#website\"},\"primaryImageOfPage\":{\"@id\":\"https:\\\/\\\/transportjournal.com\\\/it\\\/2026\\\/01\\\/16\\\/steve-rand-nuovo-presidente-di-eal\\\/#primaryimage\"},\"image\":{\"@id\":\"https:\\\/\\\/transportjournal.com\\\/it\\\/2026\\\/01\\\/16\\\/steve-rand-nuovo-presidente-di-eal\\\/#primaryimage\"},\"thumbnailUrl\":\"https:\\\/\\\/transportjournal.com\\\/wp-content\\\/uploads\\\/sites\\\/2\\\/2026\\\/01\\\/Enstructure-507032831_1030717929251598_3079323014185670599_n.jpg\",\"datePublished\":\"2026-01-16T06:02:19+00:00\",\"dateModified\":\"2026-01-16T07:09:01+00:00\",\"breadcrumb\":{\"@id\":\"https:\\\/\\\/transportjournal.com\\\/it\\\/2026\\\/01\\\/16\\\/steve-rand-nuovo-presidente-di-eal\\\/#breadcrumb\"},\"inLanguage\":\"it-IT\",\"potentialAction\":[{\"@type\":\"ReadAction\",\"target\":[\"https:\\\/\\\/transportjournal.com\\\/it\\\/2026\\\/01\\\/16\\\/steve-rand-nuovo-presidente-di-eal\\\/\"]}]},{\"@type\":\"ImageObject\",\"inLanguage\":\"it-IT\",\"@id\":\"https:\\\/\\\/transportjournal.com\\\/it\\\/2026\\\/01\\\/16\\\/steve-rand-nuovo-presidente-di-eal\\\/#primaryimage\",\"url\":\"https:\\\/\\\/transportjournal.com\\\/wp-content\\\/uploads\\\/sites\\\/2\\\/2026\\\/01\\\/Enstructure-507032831_1030717929251598_3079323014185670599_n.jpg\",\"contentUrl\":\"https:\\\/\\\/transportjournal.com\\\/wp-content\\\/uploads\\\/sites\\\/2\\\/2026\\\/01\\\/Enstructure-507032831_1030717929251598_3079323014185670599_n.jpg\",\"width\":2048,\"height\":1152,\"caption\":\"default\"},{\"@type\":\"BreadcrumbList\",\"@id\":\"https:\\\/\\\/transportjournal.com\\\/it\\\/2026\\\/01\\\/16\\\/steve-rand-nuovo-presidente-di-eal\\\/#breadcrumb\",\"itemListElement\":[{\"@type\":\"ListItem\",\"position\":1,\"name\":\"Startseite\",\"item\":\"https:\\\/\\\/transportjournal.com\\\/it\\\/\"},{\"@type\":\"ListItem\",\"position\":2,\"name\":\"Steve Rand nuovo presidente di EAL\"}]},{\"@type\":\"WebSite\",\"@id\":\"https:\\\/\\\/transportjournal.com\\\/it\\\/#website\",\"url\":\"https:\\\/\\\/transportjournal.com\\\/it\\\/\",\"name\":\"ITJ | International Transport Journal\",\"description\":\"Stay informed with the latest global news from the transport, logistics, and supply chain industries. Transport Journal delivers expert insights, analysis, and updates across shipping, aviation, intermodal, and forwarding.\",\"publisher\":{\"@id\":\"https:\\\/\\\/transportjournal.com\\\/it\\\/#organization\"},\"potentialAction\":[{\"@type\":\"SearchAction\",\"target\":{\"@type\":\"EntryPoint\",\"urlTemplate\":\"https:\\\/\\\/transportjournal.com\\\/it\\\/?s={search_term_string}\"},\"query-input\":{\"@type\":\"PropertyValueSpecification\",\"valueRequired\":true,\"valueName\":\"search_term_string\"}}],\"inLanguage\":\"it-IT\"},{\"@type\":\"Organization\",\"@id\":\"https:\\\/\\\/transportjournal.com\\\/it\\\/#organization\",\"name\":\"Logismedia Group AG\",\"alternateName\":\"Logismedia Group AG\",\"url\":\"https:\\\/\\\/transportjournal.com\\\/it\\\/\",\"logo\":{\"@type\":\"ImageObject\",\"inLanguage\":\"it-IT\",\"@id\":\"https:\\\/\\\/transportjournal.com\\\/it\\\/#\\\/schema\\\/logo\\\/image\\\/\",\"url\":\"https:\\\/\\\/transportjournal.com\\\/wp-content\\\/uploads\\\/sites\\\/2\\\/2025\\\/09\\\/Logo_ITJ.png\",\"contentUrl\":\"https:\\\/\\\/transportjournal.com\\\/wp-content\\\/uploads\\\/sites\\\/2\\\/2025\\\/09\\\/Logo_ITJ.png\",\"width\":799,\"height\":326,\"caption\":\"Logismedia Group AG\"},\"image\":{\"@id\":\"https:\\\/\\\/transportjournal.com\\\/it\\\/#\\\/schema\\\/logo\\\/image\\\/\"},\"sameAs\":[\"https:\\\/\\\/www.linkedin.com\\\/company\\\/56456496\\\/admin\\\/dashboard\\\/\",\"https:\\\/\\\/www.instagram.com\\\/logismediagroup\\\/\",\"https:\\\/\\\/www.youtube.com\\\/@LogiamediaGroupAG\"]},{\"@type\":\"Person\",\"@id\":\"https:\\\/\\\/transportjournal.com\\\/it\\\/#\\\/schema\\\/person\\\/cf538b3157f15afd7589245a4b3dbd25\",\"name\":\"Andreas Haug\",\"url\":\"https:\\\/\\\/transportjournal.com\\\/it\\\/author\\\/andreas\\\/\"}]}<\/script>\n<!-- \/ Yoast SEO plugin. -->","yoast_head_json":{"title":"Steve Rand nuovo presidente di EAL - ITJ | International Transport Journal","robots":{"index":"index","follow":"follow","max-snippet":"max-snippet:-1","max-image-preview":"max-image-preview:large","max-video-preview":"max-video-preview:-1"},"canonical":"https:\/\/transportjournal.com\/it\/2026\/01\/16\/steve-rand-nuovo-presidente-di-eal\/","og_locale":"it_IT","og_type":"article","og_title":"Steve Rand nuovo presidente di EAL - ITJ | International Transport Journal","og_description":"Enstructure ha nominato Steve Rand presidente di Enstructure Auto Logistics per guidare la logistica automobilistica e le operazioni aziendali.","og_url":"https:\/\/transportjournal.com\/it\/2026\/01\/16\/steve-rand-nuovo-presidente-di-eal\/","og_site_name":"ITJ | International Transport Journal","article_published_time":"2026-01-16T06:02:19+00:00","article_modified_time":"2026-01-16T07:09:01+00:00","author":"Andreas Haug","twitter_card":"summary_large_image","twitter_misc":{"Scritto da":"Andreas Haug","Tempo di lettura stimato":"2 minuto"},"schema":{"@context":"https:\/\/schema.org","@graph":[{"@type":"Article","@id":"https:\/\/transportjournal.com\/it\/2026\/01\/16\/steve-rand-nuovo-presidente-di-eal\/#article","isPartOf":{"@id":"https:\/\/transportjournal.com\/it\/2026\/01\/16\/steve-rand-nuovo-presidente-di-eal\/"},"author":{"name":"Andreas Haug","@id":"https:\/\/transportjournal.com\/it\/#\/schema\/person\/cf538b3157f15afd7589245a4b3dbd25"},"headline":"Steve Rand nuovo presidente di EAL","datePublished":"2026-01-16T06:02:19+00:00","dateModified":"2026-01-16T07:09:01+00:00","mainEntityOfPage":{"@id":"https:\/\/transportjournal.com\/it\/2026\/01\/16\/steve-rand-nuovo-presidente-di-eal\/"},"wordCount":371,"commentCount":0,"publisher":{"@id":"https:\/\/transportjournal.com\/it\/#organization"},"image":{"@id":"https:\/\/transportjournal.com\/it\/2026\/01\/16\/steve-rand-nuovo-presidente-di-eal\/#primaryimage"},"thumbnailUrl":"https:\/\/transportjournal.com\/wp-content\/uploads\/sites\/2\/2026\/01\/Enstructure-507032831_1030717929251598_3079323014185670599_n.jpg","keywords":["Automobillogistik","Automotive logistics","cha\u00eene d'approvisionnement","Deutsch Logistik","Digitalisierung","digitalization","durabilit\u00e9","Enstructure","Fachkr\u00e4ftemangel","Fertigfahrzeuge","Finished vehicles","Fournisseurs de services logistiques","Grimaldi Lines","Hafeninfrastruktur","industrie du transport","infrastructure portuaire","Jacksonville Florida","Jacksonville Floride","Lkw-Transport","logistics service providers","Logistikdienstleister","Logistique automobile","Mazda North America","Nachhaltigkeit","num\u00e9risation","p\u00e9nurie de main-d'\u0153uvre","port infrastructure","rail transport","Schienenverkehr","skills shortage","Steve Rand","Supply Chain","sustainability","Talleyrand Marine Terminal","Toyota Logistics Services","transport ferroviaire","Transport routier","Transportation industry Fran\u00e7ais Logistique","Transportwirtschaft English Logistics","Trucking","V\u00e9hicules finis","Wilmington Delaware"],"articleSection":["Persone e aziende","Regioni"],"inLanguage":"it-IT","potentialAction":[{"@type":"CommentAction","name":"Comment","target":["https:\/\/transportjournal.com\/it\/2026\/01\/16\/steve-rand-nuovo-presidente-di-eal\/#respond"]}]},{"@type":"WebPage","@id":"https:\/\/transportjournal.com\/it\/2026\/01\/16\/steve-rand-nuovo-presidente-di-eal\/","url":"https:\/\/transportjournal.com\/it\/2026\/01\/16\/steve-rand-nuovo-presidente-di-eal\/","name":"Steve Rand nuovo presidente di EAL - ITJ | International Transport Journal","isPartOf":{"@id":"https:\/\/transportjournal.com\/it\/#website"},"primaryImageOfPage":{"@id":"https:\/\/transportjournal.com\/it\/2026\/01\/16\/steve-rand-nuovo-presidente-di-eal\/#primaryimage"},"image":{"@id":"https:\/\/transportjournal.com\/it\/2026\/01\/16\/steve-rand-nuovo-presidente-di-eal\/#primaryimage"},"thumbnailUrl":"https:\/\/transportjournal.com\/wp-content\/uploads\/sites\/2\/2026\/01\/Enstructure-507032831_1030717929251598_3079323014185670599_n.jpg","datePublished":"2026-01-16T06:02:19+00:00","dateModified":"2026-01-16T07:09:01+00:00","breadcrumb":{"@id":"https:\/\/transportjournal.com\/it\/2026\/01\/16\/steve-rand-nuovo-presidente-di-eal\/#breadcrumb"},"inLanguage":"it-IT","potentialAction":[{"@type":"ReadAction","target":["https:\/\/transportjournal.com\/it\/2026\/01\/16\/steve-rand-nuovo-presidente-di-eal\/"]}]},{"@type":"ImageObject","inLanguage":"it-IT","@id":"https:\/\/transportjournal.com\/it\/2026\/01\/16\/steve-rand-nuovo-presidente-di-eal\/#primaryimage","url":"https:\/\/transportjournal.com\/wp-content\/uploads\/sites\/2\/2026\/01\/Enstructure-507032831_1030717929251598_3079323014185670599_n.jpg","contentUrl":"https:\/\/transportjournal.com\/wp-content\/uploads\/sites\/2\/2026\/01\/Enstructure-507032831_1030717929251598_3079323014185670599_n.jpg","width":2048,"height":1152,"caption":"default"},{"@type":"BreadcrumbList","@id":"https:\/\/transportjournal.com\/it\/2026\/01\/16\/steve-rand-nuovo-presidente-di-eal\/#breadcrumb","itemListElement":[{"@type":"ListItem","position":1,"name":"Startseite","item":"https:\/\/transportjournal.com\/it\/"},{"@type":"ListItem","position":2,"name":"Steve Rand nuovo presidente di EAL"}]},{"@type":"WebSite","@id":"https:\/\/transportjournal.com\/it\/#website","url":"https:\/\/transportjournal.com\/it\/","name":"ITJ | International Transport Journal","description":"Stay informed with the latest global news from the transport, logistics, and supply chain industries. Transport Journal delivers expert insights, analysis, and updates across shipping, aviation, intermodal, and forwarding.","publisher":{"@id":"https:\/\/transportjournal.com\/it\/#organization"},"potentialAction":[{"@type":"SearchAction","target":{"@type":"EntryPoint","urlTemplate":"https:\/\/transportjournal.com\/it\/?s={search_term_string}"},"query-input":{"@type":"PropertyValueSpecification","valueRequired":true,"valueName":"search_term_string"}}],"inLanguage":"it-IT"},{"@type":"Organization","@id":"https:\/\/transportjournal.com\/it\/#organization","name":"Logismedia Group AG","alternateName":"Logismedia Group AG","url":"https:\/\/transportjournal.com\/it\/","logo":{"@type":"ImageObject","inLanguage":"it-IT","@id":"https:\/\/transportjournal.com\/it\/#\/schema\/logo\/image\/","url":"https:\/\/transportjournal.com\/wp-content\/uploads\/sites\/2\/2025\/09\/Logo_ITJ.png","contentUrl":"https:\/\/transportjournal.com\/wp-content\/uploads\/sites\/2\/2025\/09\/Logo_ITJ.png","width":799,"height":326,"caption":"Logismedia Group AG"},"image":{"@id":"https:\/\/transportjournal.com\/it\/#\/schema\/logo\/image\/"},"sameAs":["https:\/\/www.linkedin.com\/company\/56456496\/admin\/dashboard\/","https:\/\/www.instagram.com\/logismediagroup\/","https:\/\/www.youtube.com\/@LogiamediaGroupAG"]},{"@type":"Person","@id":"https:\/\/transportjournal.com\/it\/#\/schema\/person\/cf538b3157f15afd7589245a4b3dbd25","name":"Andreas Haug","url":"https:\/\/transportjournal.com\/it\/author\/andreas\/"}]}},"_links":{"self":[{"href":"https:\/\/transportjournal.com\/it\/wp-json\/wp\/v2\/posts\/73270","targetHints":{"allow":["GET"]}}],"collection":[{"href":"https:\/\/transportjournal.com\/it\/wp-json\/wp\/v2\/posts"}],"about":[{"href":"https:\/\/transportjournal.com\/it\/wp-json\/wp\/v2\/types\/post"}],"author":[{"embeddable":true,"href":"https:\/\/transportjournal.com\/it\/wp-json\/wp\/v2\/users\/12"}],"replies":[{"embeddable":true,"href":"https:\/\/transportjournal.com\/it\/wp-json\/wp\/v2\/comments?post=73270"}],"version-history":[{"count":1,"href":"https:\/\/transportjournal.com\/it\/wp-json\/wp\/v2\/posts\/73270\/revisions"}],"predecessor-version":[{"id":73278,"href":"https:\/\/transportjournal.com\/it\/wp-json\/wp\/v2\/posts\/73270\/revisions\/73278"}],"wp:featuredmedia":[{"embeddable":true,"href":"https:\/\/transportjournal.com\/it\/wp-json\/wp\/v2\/media\/73274"}],"wp:attachment":[{"href":"https:\/\/transportjournal.com\/it\/wp-json\/wp\/v2\/media?parent=73270"}],"wp:term":[{"taxonomy":"category","embeddable":true,"href":"https:\/\/transportjournal.com\/it\/wp-json\/wp\/v2\/categories?post=73270"},{"taxonomy":"post_tag","embeddable":true,"href":"https:\/\/transportjournal.com\/it\/wp-json\/wp\/v2\/tags?post=73270"}],"curies":[{"name":"wp","href":"https:\/\/api.w.org\/{rel}","templated":true}]}}