{"id":73014,"date":"2026-01-14T08:19:25","date_gmt":"2026-01-14T08:19:25","guid":{"rendered":"https:\/\/transportjournal.com\/2026\/01\/14\/il-cargo-aereo-cresce-nonostante-le-sfide\/"},"modified":"2026-01-14T11:37:45","modified_gmt":"2026-01-14T10:37:45","slug":"il-cargo-aereo-cresce-nonostante-le-sfide","status":"publish","type":"post","link":"https:\/\/transportjournal.com\/it\/2026\/01\/14\/il-cargo-aereo-cresce-nonostante-le-sfide\/","title":{"rendered":"Il cargo aereo cresce nonostante le sfide"},"content":{"rendered":"<p>La domanda globale per il trasporto aereo di merci ha chiuso il 2025 con un aumento del 6% a dicembre. Questo mostra uno sviluppo positivo rispetto all&#8217;anno precedente, sebbene le consegne stagnanti di e-commerce dalla Cina sollevino preoccupazioni tra le compagnie aeree e i spedizionieri. Questo emerge da un&#8217;analisi di Xeneta.<\/p>\n<h3>Crescita nonostante le sfide<\/h3>\n<p>Nel quarto trimestre del 2025, il settore del trasporto aereo di merci ha registrato un volume migliore del previsto, portando a una crescita annuale del 4% nel carico trasportato. Questo sviluppo riflette la disponibilit\u00e0 di molti spedizionieri a passare alla velocit\u00e0 e all&#8217;affidabilit\u00e0 del trasporto aereo in tempi di interruzioni e incertezze economiche. Niall van de Wouw, Chief Airfreight Officer di Xeneta, ha dichiarato che il 2025 &#8222;ha avuto qualcosa da offrire a tutti&#8220;, poich\u00e9 i fornitori hanno beneficiato di volumi pi\u00f9 elevati e gli spedizionieri hanno potuto approfittare di prezzi pi\u00f9 bassi nella seconda met\u00e0 dell&#8217;anno.<\/p>\n<p>Tuttavia, per il 2026, Xeneta prevede una crescita pi\u00f9 cauta del 2-3%. Van de Wouw ha espresso che potrebbe esserci &#8222;un prezzo da pagare&#8220;, poich\u00e9 le incertezze nel commercio e le tensioni geopolitiche potrebbero gravare sui volumi del trasporto aereo. Nonostante la crescita della domanda alla fine dell&#8217;anno, i prezzi globali del trasporto aereo sono stati negli ultimi mesi al di sotto dei valori del 2024. A dicembre, i prezzi sono diminuiti del 4% rispetto all&#8217;anno precedente, raggiungendo una media di 2,83 USD per kg.<\/p>\n<h3>Influenza dell&#8217;e-commerce<\/h3>\n<p>Lo sviluppo futuro sar\u00e0 fortemente influenzato dalla domanda di e-commerce, in particolare dalla Cina e dall&#8217;Europa. Van de Wouw ha sottolineato che gli investimenti nell&#8217;intelligenza artificiale hanno sostenuto la domanda di trasporto aereo nel 2025, mentre i segnali meno ottimistici per l&#8217;e-commerce, in particolare per le esportazioni transfrontaliere dalla Cina, sono preoccupanti. Secondo le statistiche doganali cinesi, le esportazioni di beni a basso prezzo e di e-commerce sono aumentate solo dell&#8217;1% a novembre rispetto all&#8217;anno precedente, dopo essere rimaste stagnanti a ottobre. Le esportazioni verso gli Stati Uniti hanno registrato a novembre un calo del 52% rispetto all&#8217;anno precedente, rappresentando il calo pi\u00f9 forte dall&#8217;inizio delle registrazioni.<\/p>\n<p>Sebbene i volumi di e-commerce tra Cina e UE continuino a crescere, lo fanno a un ritmo pi\u00f9 lento, con un aumento del 29% a novembre, rispetto al 47% di ottobre. Inoltre, il Consiglio di Stato cinese ha introdotto nuove normative sulla dichiarazione fiscale per le piattaforme online, che entreranno in vigore a ottobre 2025. Questa regolamentazione potrebbe aumentare i costi di consegna e inasprire i requisiti di conformit\u00e0 per gli esportatori.<\/p>\n<h3>Regolamentazione nell&#8217;e-commerce internazionale<\/h3>\n<p>Il settore dell&#8217;e-commerce internazionale transfrontaliero si trova di fronte a un panorama sempre pi\u00f9 regolamentato. Gli Stati Uniti e l&#8217;UE stanno introducendo nuove normative, mentre anche paesi come Giappone e Thailandia discutono misure simili. L&#8217;UE ha deciso a dicembre di introdurre, a partire dal 1\u00b0 luglio 2026, una tassa doganale fissa di 3 EUR sui pacchi piccoli sotto i 150 EUR, per chiudere le scappatoie per le consegne a basso prezzo. Questo potrebbe portare a una crescita pi\u00f9 lenta dei volumi di e-commerce nel 2026, sebbene si preveda che cresceranno pi\u00f9 rapidamente rispetto al mercato generale del trasporto aereo.<\/p>\n<p>Van de Wouw ha sottolineato che i volumi di e-commerce del trasporto aereo potrebbero essere influenzati anche dalla diminuzione del potere d&#8217;acquisto dei consumatori, poich\u00e9 questi si trovano ad affrontare prezzi pi\u00f9 elevati per beni di uso quotidiano e gestiscono il proprio denaro in modo pi\u00f9 consapevole.<\/p>\n<h3>Sviluppo del mercato e tendenze dei prezzi<\/h3>\n<p>A dicembre, i cali dei prezzi spot sui principali corridoi sono continuati. Il calo pi\u00f9 forte, del 13%, \u00e8 stato registrato sulla rotta transatlantica occidentale dall&#8217;Europa verso il Nord America. La domanda \u00e8 diminuita del 2%, pi\u00f9 rapidamente rispetto al calo della capacit\u00e0 dell&#8217;1%. Tuttavia, su base mensile, i prezzi spot sono aumentati del 17% a causa della riduzione delle capacit\u00e0 passeggeri, rappresentando l&#8217;aumento pi\u00f9 rapido tra i principali corridoi, ma rimanendo comunque al di sotto del livello dell&#8217;anno precedente.<\/p>\n<p>Le compagnie aeree hanno rapidamente dirottato le loro capacit\u00e0 di carico dagli Stati Uniti verso l&#8217;Europa, dove la domanda \u00e8 pi\u00f9 stabile. Tuttavia, i prezzi spot dalla Cina verso l&#8217;Europa e il Nord America mostrano solo un lieve calo dell&#8217;1% rispetto a dicembre 2024.<\/p>\n<p>Anche le trattative contrattuali sono cambiate. Quasi la met\u00e0 dei volumi degli spedizionieri \u00e8 stata acquistata nel mercato spot per un massimo di un mese, un&#8217;abitudine che persiste dalla pandemia. Nel quarto trimestre del 2025, i contratti annuali rappresentavano solo il 24% dei nuovi accordi, segnando un calo di 20 punti percentuali rispetto al trimestre precedente.<\/p>\n<p>Le condizioni di mercato indicano un calo, e van de Wouw vede i maggiori rischi per il 2026. Ha espresso preoccupazione che una crisi potrebbe nuovamente influenzare i tassi di crescita del trasporto aereo.<\/p>\n<p>&nbsp;<\/p>\n<p><a href=\"https:\/\/tiaca.org\/\" target=\"_blank\" rel=\"noopener noreferrer\">www.tiaca.org<\/a><\/p>\n<p>&nbsp;<\/p>\n<p>&nbsp;<\/p>\n","protected":false},"excerpt":{"rendered":"<p>Il settore del trasporto aereo merci ha chiuso il 2025 con un aumento del 6%, nonostante le sfide derivanti dalla stagnazione delle consegne di e-commerce dalla Cina e dalle tensioni geopolitiche.<\/p>\n","protected":false},"author":12,"featured_media":73010,"comment_status":"open","ping_status":"open","sticky":false,"template":"","format":"standard","meta":{"_acf_changed":false,"footnotes":""},"categories":[1642,1638,1640,1634,1630],"tags":[5210,5211,5212,5213,2936,5214,2255,2941,5215,5216,5217,5218,2265,3458,3460,2266,2267,2268,5219,5220,5221,5222,5223,5224,5225,5226,2123,2125,2279,2280,5227,2282,3471,5228,5229,5230,2284,2287,5231,5232,5233,2145,5234,5235,5236,2106,5237,2295,2155,1837,5238,2300,5239],"class_list":["post-73014","post","type-post","status-publish","format-standard","has-post-thumbnail","hentry","category-africa","category-europa","category-medio-oriente","category-regioni","category-trasporto-aereo","tag-air-freight-china","tag-air-freight-europe","tag-air-freight-growth","tag-air-freight-market-2026","tag-air-freight-market-analysis","tag-air-freight-prices","tag-air-freight-volumes","tag-analyse-du-marche-du-fret-aerien","tag-capacites-de-fret","tag-croissance-fret-aerien","tag-customs-fees-e-commerce","tag-demande-e-commerce","tag-deutsch-luftfracht","tag-digital-logistics","tag-digitale-logistik","tag-e-commerce","tag-e-commerce-demand","tag-e-commerce-nachfrage","tag-fachkraeftemangel-logistik-english-air-freight","tag-frachterkapazitaeten","tag-frais-de-douane-e-commerce","tag-freighter-capacities","tag-fret-aerien-chine","tag-fret-aerien-europe","tag-geopolitical-tensions","tag-geopolitische-spannungen","tag-gestion-de-la-chaine-dapprovisionnement","tag-industrie-du-transport","tag-international-logistics","tag-internationale-logistik","tag-labor-shortage-logistics-francais-fret-aerien","tag-logistique-internationale","tag-logistique-numerique","tag-luftfracht-china","tag-luftfracht-europa","tag-luftfrachtmarkt-2026","tag-luftfrachtpreise","tag-luftfrachtvolumina","tag-luftfrachtwachstum","tag-marche-fret-aerien-2026","tag-marktanalyse-luftfracht","tag-penurie-de-main-doeuvre-logistique","tag-prix-fret-aerien","tag-spot-rates-air-freight","tag-spotpreise-luftfracht","tag-supply-chain-management","tag-tarifs-spot-fret-aerien","tag-tensions-geopolitiques","tag-transport-industry","tag-transportwirtschaft","tag-volumes-fret-aerien","tag-xeneta","tag-zollgebuehren-e-commerce"],"acf":[],"yoast_head":"<!-- This site is optimized with the Yoast SEO plugin v27.3 - https:\/\/yoast.com\/product\/yoast-seo-wordpress\/ -->\n<title>Il cargo aereo cresce nonostante le sfide - ITJ | International Transport Journal<\/title>\n<meta name=\"robots\" content=\"index, follow, max-snippet:-1, max-image-preview:large, max-video-preview:-1\" \/>\n<link rel=\"canonical\" href=\"https:\/\/transportjournal.com\/it\/2026\/01\/14\/il-cargo-aereo-cresce-nonostante-le-sfide\/\" \/>\n<meta property=\"og:locale\" content=\"it_IT\" \/>\n<meta property=\"og:type\" content=\"article\" \/>\n<meta property=\"og:title\" content=\"Il cargo aereo cresce nonostante le sfide - ITJ | International Transport Journal\" \/>\n<meta property=\"og:description\" content=\"Il settore del trasporto aereo merci ha chiuso il 2025 con un aumento del 6%, nonostante le sfide derivanti dalla stagnazione delle consegne di e-commerce dalla Cina e dalle tensioni geopolitiche.\" \/>\n<meta property=\"og:url\" content=\"https:\/\/transportjournal.com\/it\/2026\/01\/14\/il-cargo-aereo-cresce-nonostante-le-sfide\/\" \/>\n<meta property=\"og:site_name\" content=\"ITJ | International Transport Journal\" \/>\n<meta property=\"article:published_time\" content=\"2026-01-14T08:19:25+00:00\" \/>\n<meta property=\"article:modified_time\" content=\"2026-01-14T10:37:45+00:00\" \/>\n<meta property=\"og:image\" content=\"https:\/\/transportjournal.com\/wp-content\/uploads\/sites\/2\/2026\/01\/Tiaca-Dec-2025-1-scaled-1-aspect-ratio-1400-788.png\" \/>\n\t<meta property=\"og:image:width\" content=\"2560\" \/>\n\t<meta property=\"og:image:height\" content=\"1441\" \/>\n\t<meta property=\"og:image:type\" content=\"image\/png\" \/>\n<meta name=\"author\" content=\"Andreas Haug\" \/>\n<meta name=\"twitter:card\" content=\"summary_large_image\" \/>\n<meta name=\"twitter:label1\" content=\"Scritto da\" \/>\n\t<meta name=\"twitter:data1\" content=\"Andreas Haug\" \/>\n\t<meta name=\"twitter:label2\" content=\"Tempo di lettura stimato\" \/>\n\t<meta name=\"twitter:data2\" content=\"4 minuto\" \/>\n<script type=\"application\/ld+json\" class=\"yoast-schema-graph\">{\"@context\":\"https:\\\/\\\/schema.org\",\"@graph\":[{\"@type\":\"Article\",\"@id\":\"https:\\\/\\\/transportjournal.com\\\/it\\\/2026\\\/01\\\/14\\\/il-cargo-aereo-cresce-nonostante-le-sfide\\\/#article\",\"isPartOf\":{\"@id\":\"https:\\\/\\\/transportjournal.com\\\/it\\\/2026\\\/01\\\/14\\\/il-cargo-aereo-cresce-nonostante-le-sfide\\\/\"},\"author\":{\"name\":\"Andreas Haug\",\"@id\":\"https:\\\/\\\/transportjournal.com\\\/it\\\/#\\\/schema\\\/person\\\/cf538b3157f15afd7589245a4b3dbd25\"},\"headline\":\"Il cargo aereo cresce nonostante le sfide\",\"datePublished\":\"2026-01-14T08:19:25+00:00\",\"dateModified\":\"2026-01-14T10:37:45+00:00\",\"mainEntityOfPage\":{\"@id\":\"https:\\\/\\\/transportjournal.com\\\/it\\\/2026\\\/01\\\/14\\\/il-cargo-aereo-cresce-nonostante-le-sfide\\\/\"},\"wordCount\":794,\"commentCount\":0,\"publisher\":{\"@id\":\"https:\\\/\\\/transportjournal.com\\\/it\\\/#organization\"},\"image\":{\"@id\":\"https:\\\/\\\/transportjournal.com\\\/it\\\/2026\\\/01\\\/14\\\/il-cargo-aereo-cresce-nonostante-le-sfide\\\/#primaryimage\"},\"thumbnailUrl\":\"https:\\\/\\\/transportjournal.com\\\/wp-content\\\/uploads\\\/sites\\\/2\\\/2026\\\/01\\\/Tiaca-Dec-2025-1-scaled-1-aspect-ratio-1400-788.png\",\"keywords\":[\"air freight China\",\"air freight Europe\",\"air freight growth\",\"air freight market 2026\",\"air freight market analysis\",\"air freight prices\",\"air freight volumes\",\"analyse du march\u00e9 du fret a\u00e9rien\",\"capacit\u00e9s de fret\",\"croissance fret a\u00e9rien\",\"customs fees e-commerce\",\"demande e-commerce\",\"Deutsch Luftfracht\",\"digital logistics\",\"digitale Logistik\",\"E-Commerce\",\"e-commerce demand\",\"E-Commerce-Nachfrage\",\"Fachkr\u00e4ftemangel Logistik English air freight\",\"Frachterkapazit\u00e4ten\",\"frais de douane e-commerce\",\"freighter capacities\",\"fret a\u00e9rien Chine\",\"fret a\u00e9rien Europe\",\"geopolitical tensions\",\"geopolitische Spannungen\",\"gestion de la cha\u00eene d'approvisionnement\",\"industrie du transport\",\"international logistics\",\"internationale Logistik\",\"labor shortage logistics Fran\u00e7ais fret a\u00e9rien\",\"logistique internationale\",\"logistique num\u00e9rique\",\"Luftfracht China\",\"Luftfracht Europa\",\"Luftfrachtmarkt 2026\",\"Luftfrachtpreise\",\"Luftfrachtvolumina\",\"Luftfrachtwachstum\",\"march\u00e9 fret a\u00e9rien 2026\",\"Marktanalyse Luftfracht\",\"p\u00e9nurie de main-d'\u0153uvre logistique\",\"prix fret a\u00e9rien\",\"spot rates air freight\",\"Spotpreise Luftfracht\",\"Supply Chain Management\",\"tarifs spot fret a\u00e9rien\",\"tensions g\u00e9opolitiques\",\"transport industry\",\"Transportwirtschaft\",\"volumes fret a\u00e9rien\",\"Xeneta\",\"Zollgeb\u00fchren E-Commerce\"],\"articleSection\":[\"Africa\",\"Europa\",\"Medio Oriente\",\"Regioni\",\"Trasporto aereo\"],\"inLanguage\":\"it-IT\",\"potentialAction\":[{\"@type\":\"CommentAction\",\"name\":\"Comment\",\"target\":[\"https:\\\/\\\/transportjournal.com\\\/it\\\/2026\\\/01\\\/14\\\/il-cargo-aereo-cresce-nonostante-le-sfide\\\/#respond\"]}]},{\"@type\":\"WebPage\",\"@id\":\"https:\\\/\\\/transportjournal.com\\\/it\\\/2026\\\/01\\\/14\\\/il-cargo-aereo-cresce-nonostante-le-sfide\\\/\",\"url\":\"https:\\\/\\\/transportjournal.com\\\/it\\\/2026\\\/01\\\/14\\\/il-cargo-aereo-cresce-nonostante-le-sfide\\\/\",\"name\":\"Il cargo aereo cresce nonostante le sfide - ITJ | International Transport Journal\",\"isPartOf\":{\"@id\":\"https:\\\/\\\/transportjournal.com\\\/it\\\/#website\"},\"primaryImageOfPage\":{\"@id\":\"https:\\\/\\\/transportjournal.com\\\/it\\\/2026\\\/01\\\/14\\\/il-cargo-aereo-cresce-nonostante-le-sfide\\\/#primaryimage\"},\"image\":{\"@id\":\"https:\\\/\\\/transportjournal.com\\\/it\\\/2026\\\/01\\\/14\\\/il-cargo-aereo-cresce-nonostante-le-sfide\\\/#primaryimage\"},\"thumbnailUrl\":\"https:\\\/\\\/transportjournal.com\\\/wp-content\\\/uploads\\\/sites\\\/2\\\/2026\\\/01\\\/Tiaca-Dec-2025-1-scaled-1-aspect-ratio-1400-788.png\",\"datePublished\":\"2026-01-14T08:19:25+00:00\",\"dateModified\":\"2026-01-14T10:37:45+00:00\",\"breadcrumb\":{\"@id\":\"https:\\\/\\\/transportjournal.com\\\/it\\\/2026\\\/01\\\/14\\\/il-cargo-aereo-cresce-nonostante-le-sfide\\\/#breadcrumb\"},\"inLanguage\":\"it-IT\",\"potentialAction\":[{\"@type\":\"ReadAction\",\"target\":[\"https:\\\/\\\/transportjournal.com\\\/it\\\/2026\\\/01\\\/14\\\/il-cargo-aereo-cresce-nonostante-le-sfide\\\/\"]}]},{\"@type\":\"ImageObject\",\"inLanguage\":\"it-IT\",\"@id\":\"https:\\\/\\\/transportjournal.com\\\/it\\\/2026\\\/01\\\/14\\\/il-cargo-aereo-cresce-nonostante-le-sfide\\\/#primaryimage\",\"url\":\"https:\\\/\\\/transportjournal.com\\\/wp-content\\\/uploads\\\/sites\\\/2\\\/2026\\\/01\\\/Tiaca-Dec-2025-1-scaled-1-aspect-ratio-1400-788.png\",\"contentUrl\":\"https:\\\/\\\/transportjournal.com\\\/wp-content\\\/uploads\\\/sites\\\/2\\\/2026\\\/01\\\/Tiaca-Dec-2025-1-scaled-1-aspect-ratio-1400-788.png\",\"width\":2560,\"height\":1441},{\"@type\":\"BreadcrumbList\",\"@id\":\"https:\\\/\\\/transportjournal.com\\\/it\\\/2026\\\/01\\\/14\\\/il-cargo-aereo-cresce-nonostante-le-sfide\\\/#breadcrumb\",\"itemListElement\":[{\"@type\":\"ListItem\",\"position\":1,\"name\":\"Startseite\",\"item\":\"https:\\\/\\\/transportjournal.com\\\/it\\\/\"},{\"@type\":\"ListItem\",\"position\":2,\"name\":\"Il cargo aereo cresce nonostante le sfide\"}]},{\"@type\":\"WebSite\",\"@id\":\"https:\\\/\\\/transportjournal.com\\\/it\\\/#website\",\"url\":\"https:\\\/\\\/transportjournal.com\\\/it\\\/\",\"name\":\"ITJ | International Transport Journal\",\"description\":\"Stay informed with the latest global news from the transport, logistics, and supply chain industries. Transport Journal delivers expert insights, analysis, and updates across shipping, aviation, intermodal, and forwarding.\",\"publisher\":{\"@id\":\"https:\\\/\\\/transportjournal.com\\\/it\\\/#organization\"},\"potentialAction\":[{\"@type\":\"SearchAction\",\"target\":{\"@type\":\"EntryPoint\",\"urlTemplate\":\"https:\\\/\\\/transportjournal.com\\\/it\\\/?s={search_term_string}\"},\"query-input\":{\"@type\":\"PropertyValueSpecification\",\"valueRequired\":true,\"valueName\":\"search_term_string\"}}],\"inLanguage\":\"it-IT\"},{\"@type\":\"Organization\",\"@id\":\"https:\\\/\\\/transportjournal.com\\\/it\\\/#organization\",\"name\":\"Logismedia Group AG\",\"alternateName\":\"Logismedia Group AG\",\"url\":\"https:\\\/\\\/transportjournal.com\\\/it\\\/\",\"logo\":{\"@type\":\"ImageObject\",\"inLanguage\":\"it-IT\",\"@id\":\"https:\\\/\\\/transportjournal.com\\\/it\\\/#\\\/schema\\\/logo\\\/image\\\/\",\"url\":\"https:\\\/\\\/transportjournal.com\\\/wp-content\\\/uploads\\\/sites\\\/2\\\/2025\\\/09\\\/Logo_ITJ.png\",\"contentUrl\":\"https:\\\/\\\/transportjournal.com\\\/wp-content\\\/uploads\\\/sites\\\/2\\\/2025\\\/09\\\/Logo_ITJ.png\",\"width\":799,\"height\":326,\"caption\":\"Logismedia Group AG\"},\"image\":{\"@id\":\"https:\\\/\\\/transportjournal.com\\\/it\\\/#\\\/schema\\\/logo\\\/image\\\/\"},\"sameAs\":[\"https:\\\/\\\/www.linkedin.com\\\/company\\\/56456496\\\/admin\\\/dashboard\\\/\",\"https:\\\/\\\/www.instagram.com\\\/logismediagroup\\\/\",\"https:\\\/\\\/www.youtube.com\\\/@LogiamediaGroupAG\"]},{\"@type\":\"Person\",\"@id\":\"https:\\\/\\\/transportjournal.com\\\/it\\\/#\\\/schema\\\/person\\\/cf538b3157f15afd7589245a4b3dbd25\",\"name\":\"Andreas Haug\",\"url\":\"https:\\\/\\\/transportjournal.com\\\/it\\\/author\\\/andreas\\\/\"}]}<\/script>\n<!-- \/ Yoast SEO plugin. -->","yoast_head_json":{"title":"Il cargo aereo cresce nonostante le sfide - ITJ | International Transport Journal","robots":{"index":"index","follow":"follow","max-snippet":"max-snippet:-1","max-image-preview":"max-image-preview:large","max-video-preview":"max-video-preview:-1"},"canonical":"https:\/\/transportjournal.com\/it\/2026\/01\/14\/il-cargo-aereo-cresce-nonostante-le-sfide\/","og_locale":"it_IT","og_type":"article","og_title":"Il cargo aereo cresce nonostante le sfide - ITJ | International Transport Journal","og_description":"Il settore del trasporto aereo merci ha chiuso il 2025 con un aumento del 6%, nonostante le sfide derivanti dalla stagnazione delle consegne di e-commerce dalla Cina e dalle tensioni geopolitiche.","og_url":"https:\/\/transportjournal.com\/it\/2026\/01\/14\/il-cargo-aereo-cresce-nonostante-le-sfide\/","og_site_name":"ITJ | International Transport Journal","article_published_time":"2026-01-14T08:19:25+00:00","article_modified_time":"2026-01-14T10:37:45+00:00","og_image":[{"width":2560,"height":1441,"url":"https:\/\/transportjournal.com\/wp-content\/uploads\/sites\/2\/2026\/01\/Tiaca-Dec-2025-1-scaled-1-aspect-ratio-1400-788.png","type":"image\/png"}],"author":"Andreas Haug","twitter_card":"summary_large_image","twitter_misc":{"Scritto da":"Andreas Haug","Tempo di lettura stimato":"4 minuto"},"schema":{"@context":"https:\/\/schema.org","@graph":[{"@type":"Article","@id":"https:\/\/transportjournal.com\/it\/2026\/01\/14\/il-cargo-aereo-cresce-nonostante-le-sfide\/#article","isPartOf":{"@id":"https:\/\/transportjournal.com\/it\/2026\/01\/14\/il-cargo-aereo-cresce-nonostante-le-sfide\/"},"author":{"name":"Andreas Haug","@id":"https:\/\/transportjournal.com\/it\/#\/schema\/person\/cf538b3157f15afd7589245a4b3dbd25"},"headline":"Il cargo aereo cresce nonostante le sfide","datePublished":"2026-01-14T08:19:25+00:00","dateModified":"2026-01-14T10:37:45+00:00","mainEntityOfPage":{"@id":"https:\/\/transportjournal.com\/it\/2026\/01\/14\/il-cargo-aereo-cresce-nonostante-le-sfide\/"},"wordCount":794,"commentCount":0,"publisher":{"@id":"https:\/\/transportjournal.com\/it\/#organization"},"image":{"@id":"https:\/\/transportjournal.com\/it\/2026\/01\/14\/il-cargo-aereo-cresce-nonostante-le-sfide\/#primaryimage"},"thumbnailUrl":"https:\/\/transportjournal.com\/wp-content\/uploads\/sites\/2\/2026\/01\/Tiaca-Dec-2025-1-scaled-1-aspect-ratio-1400-788.png","keywords":["air freight China","air freight Europe","air freight growth","air freight market 2026","air freight market analysis","air freight prices","air freight volumes","analyse du march\u00e9 du fret a\u00e9rien","capacit\u00e9s de fret","croissance fret a\u00e9rien","customs fees e-commerce","demande e-commerce","Deutsch Luftfracht","digital logistics","digitale Logistik","E-Commerce","e-commerce demand","E-Commerce-Nachfrage","Fachkr\u00e4ftemangel Logistik English air freight","Frachterkapazit\u00e4ten","frais de douane e-commerce","freighter capacities","fret a\u00e9rien Chine","fret a\u00e9rien Europe","geopolitical tensions","geopolitische Spannungen","gestion de la cha\u00eene d'approvisionnement","industrie du transport","international logistics","internationale Logistik","labor shortage logistics Fran\u00e7ais fret a\u00e9rien","logistique internationale","logistique num\u00e9rique","Luftfracht China","Luftfracht Europa","Luftfrachtmarkt 2026","Luftfrachtpreise","Luftfrachtvolumina","Luftfrachtwachstum","march\u00e9 fret a\u00e9rien 2026","Marktanalyse Luftfracht","p\u00e9nurie de main-d'\u0153uvre logistique","prix fret a\u00e9rien","spot rates air freight","Spotpreise Luftfracht","Supply Chain Management","tarifs spot fret a\u00e9rien","tensions g\u00e9opolitiques","transport industry","Transportwirtschaft","volumes fret a\u00e9rien","Xeneta","Zollgeb\u00fchren E-Commerce"],"articleSection":["Africa","Europa","Medio Oriente","Regioni","Trasporto aereo"],"inLanguage":"it-IT","potentialAction":[{"@type":"CommentAction","name":"Comment","target":["https:\/\/transportjournal.com\/it\/2026\/01\/14\/il-cargo-aereo-cresce-nonostante-le-sfide\/#respond"]}]},{"@type":"WebPage","@id":"https:\/\/transportjournal.com\/it\/2026\/01\/14\/il-cargo-aereo-cresce-nonostante-le-sfide\/","url":"https:\/\/transportjournal.com\/it\/2026\/01\/14\/il-cargo-aereo-cresce-nonostante-le-sfide\/","name":"Il cargo aereo cresce nonostante le sfide - ITJ | International Transport Journal","isPartOf":{"@id":"https:\/\/transportjournal.com\/it\/#website"},"primaryImageOfPage":{"@id":"https:\/\/transportjournal.com\/it\/2026\/01\/14\/il-cargo-aereo-cresce-nonostante-le-sfide\/#primaryimage"},"image":{"@id":"https:\/\/transportjournal.com\/it\/2026\/01\/14\/il-cargo-aereo-cresce-nonostante-le-sfide\/#primaryimage"},"thumbnailUrl":"https:\/\/transportjournal.com\/wp-content\/uploads\/sites\/2\/2026\/01\/Tiaca-Dec-2025-1-scaled-1-aspect-ratio-1400-788.png","datePublished":"2026-01-14T08:19:25+00:00","dateModified":"2026-01-14T10:37:45+00:00","breadcrumb":{"@id":"https:\/\/transportjournal.com\/it\/2026\/01\/14\/il-cargo-aereo-cresce-nonostante-le-sfide\/#breadcrumb"},"inLanguage":"it-IT","potentialAction":[{"@type":"ReadAction","target":["https:\/\/transportjournal.com\/it\/2026\/01\/14\/il-cargo-aereo-cresce-nonostante-le-sfide\/"]}]},{"@type":"ImageObject","inLanguage":"it-IT","@id":"https:\/\/transportjournal.com\/it\/2026\/01\/14\/il-cargo-aereo-cresce-nonostante-le-sfide\/#primaryimage","url":"https:\/\/transportjournal.com\/wp-content\/uploads\/sites\/2\/2026\/01\/Tiaca-Dec-2025-1-scaled-1-aspect-ratio-1400-788.png","contentUrl":"https:\/\/transportjournal.com\/wp-content\/uploads\/sites\/2\/2026\/01\/Tiaca-Dec-2025-1-scaled-1-aspect-ratio-1400-788.png","width":2560,"height":1441},{"@type":"BreadcrumbList","@id":"https:\/\/transportjournal.com\/it\/2026\/01\/14\/il-cargo-aereo-cresce-nonostante-le-sfide\/#breadcrumb","itemListElement":[{"@type":"ListItem","position":1,"name":"Startseite","item":"https:\/\/transportjournal.com\/it\/"},{"@type":"ListItem","position":2,"name":"Il cargo aereo cresce nonostante le sfide"}]},{"@type":"WebSite","@id":"https:\/\/transportjournal.com\/it\/#website","url":"https:\/\/transportjournal.com\/it\/","name":"ITJ | International Transport Journal","description":"Stay informed with the latest global news from the transport, logistics, and supply chain industries. Transport Journal delivers expert insights, analysis, and updates across shipping, aviation, intermodal, and forwarding.","publisher":{"@id":"https:\/\/transportjournal.com\/it\/#organization"},"potentialAction":[{"@type":"SearchAction","target":{"@type":"EntryPoint","urlTemplate":"https:\/\/transportjournal.com\/it\/?s={search_term_string}"},"query-input":{"@type":"PropertyValueSpecification","valueRequired":true,"valueName":"search_term_string"}}],"inLanguage":"it-IT"},{"@type":"Organization","@id":"https:\/\/transportjournal.com\/it\/#organization","name":"Logismedia Group AG","alternateName":"Logismedia Group AG","url":"https:\/\/transportjournal.com\/it\/","logo":{"@type":"ImageObject","inLanguage":"it-IT","@id":"https:\/\/transportjournal.com\/it\/#\/schema\/logo\/image\/","url":"https:\/\/transportjournal.com\/wp-content\/uploads\/sites\/2\/2025\/09\/Logo_ITJ.png","contentUrl":"https:\/\/transportjournal.com\/wp-content\/uploads\/sites\/2\/2025\/09\/Logo_ITJ.png","width":799,"height":326,"caption":"Logismedia Group AG"},"image":{"@id":"https:\/\/transportjournal.com\/it\/#\/schema\/logo\/image\/"},"sameAs":["https:\/\/www.linkedin.com\/company\/56456496\/admin\/dashboard\/","https:\/\/www.instagram.com\/logismediagroup\/","https:\/\/www.youtube.com\/@LogiamediaGroupAG"]},{"@type":"Person","@id":"https:\/\/transportjournal.com\/it\/#\/schema\/person\/cf538b3157f15afd7589245a4b3dbd25","name":"Andreas Haug","url":"https:\/\/transportjournal.com\/it\/author\/andreas\/"}]}},"_links":{"self":[{"href":"https:\/\/transportjournal.com\/it\/wp-json\/wp\/v2\/posts\/73014","targetHints":{"allow":["GET"]}}],"collection":[{"href":"https:\/\/transportjournal.com\/it\/wp-json\/wp\/v2\/posts"}],"about":[{"href":"https:\/\/transportjournal.com\/it\/wp-json\/wp\/v2\/types\/post"}],"author":[{"embeddable":true,"href":"https:\/\/transportjournal.com\/it\/wp-json\/wp\/v2\/users\/12"}],"replies":[{"embeddable":true,"href":"https:\/\/transportjournal.com\/it\/wp-json\/wp\/v2\/comments?post=73014"}],"version-history":[{"count":2,"href":"https:\/\/transportjournal.com\/it\/wp-json\/wp\/v2\/posts\/73014\/revisions"}],"predecessor-version":[{"id":73104,"href":"https:\/\/transportjournal.com\/it\/wp-json\/wp\/v2\/posts\/73014\/revisions\/73104"}],"wp:featuredmedia":[{"embeddable":true,"href":"https:\/\/transportjournal.com\/it\/wp-json\/wp\/v2\/media\/73010"}],"wp:attachment":[{"href":"https:\/\/transportjournal.com\/it\/wp-json\/wp\/v2\/media?parent=73014"}],"wp:term":[{"taxonomy":"category","embeddable":true,"href":"https:\/\/transportjournal.com\/it\/wp-json\/wp\/v2\/categories?post=73014"},{"taxonomy":"post_tag","embeddable":true,"href":"https:\/\/transportjournal.com\/it\/wp-json\/wp\/v2\/tags?post=73014"}],"curies":[{"name":"wp","href":"https:\/\/api.w.org\/{rel}","templated":true}]}}