{"id":87711,"date":"2026-05-01T15:18:27","date_gmt":"2026-05-01T15:18:27","guid":{"rendered":"https:\/\/transportjournal.com\/2026\/05\/01\/le-chancelier-federal-friedrich-merz-visite-akkermann-transporte\/"},"modified":"2026-05-01T15:18:27","modified_gmt":"2026-05-01T15:18:27","slug":"le-chancelier-federal-friedrich-merz-visite-akkermann-transporte","status":"publish","type":"post","link":"https:\/\/transportjournal.com\/fr\/2026\/05\/01\/le-chancelier-federal-friedrich-merz-visite-akkermann-transporte\/","title":{"rendered":"Le chancelier f\u00e9d\u00e9ral Friedrich Merz visite Akkermann Transporte"},"content":{"rendered":"<p>Bundeskanzler Friedrich Merz a visit\u00e9 le 29 avril 2026 la soci\u00e9t\u00e9 Akkermann Transporte GmbH \u00e0 Moormerland, en Frise orientale, pour s&#8217;informer sur les d\u00e9fis du transport routier de marchandises pour les PME. Il \u00e9tait accompagn\u00e9 de la secr\u00e9taire d&#8217;\u00c9tat parlementaire Gitta Connemann ainsi que de repr\u00e9sentants de l&#8217;Association f\u00e9d\u00e9rale du transport de marchandises, de la logistique et de l&#8217;\u00e9limination (BGL) e.V., dont le membre du conseil de surveillance Klaus Akkermann et le porte-parole du conseil d&#8217;administration Prof. Dr. Dirk Engelhardt.<\/p>\n<h3>D\u00e9fis pour les PME<\/h3>\n<p>La visite a eu lieu dans un contexte o\u00f9 le secteur est sous une pression consid\u00e9rable. L&#8217;augmentation des co\u00fbts, le manque de conducteurs, les obstacles bureaucratiques et les distorsions de concurrence internationales p\u00e8sent sur les entreprises. En particulier, les petites entreprises, qui repr\u00e9sentent environ 80 % du secteur et emploient moins de 20 personnes, d\u00e9pendent de conditions-cadres fiables pour garantir la s\u00e9curit\u00e9 d&#8217;approvisionnement en Allemagne. Prof. Dr. Dirk Engelhardt a soulign\u00e9 : \u00ab La situation dans le secteur du transport pour les PME est extr\u00eamement tendue. Nos entreprises ont maintenant besoin de fiabilit\u00e9 politique \u2013 afin qu&#8217;elles puissent investir, former et participer activement \u00e0 la transformation. \u00bb<\/p>\n<h3>Demandes au gouvernement f\u00e9d\u00e9ral<\/h3>\n<p>Dans le cadre des \u00e9changes, trois pr\u00e9occupations centrales ont \u00e9t\u00e9 formul\u00e9es au gouvernement f\u00e9d\u00e9ral. Le BGL a soulign\u00e9 que la r\u00e9duction temporaire de la taxe sur l&#8217;\u00e9nergie, bien qu&#8217;importante, ne constitue pas une solution durable. Pour garantir la liquidit\u00e9 et r\u00e9duire les d\u00e9savantages concurrentiels, un all\u00e8gement complet est n\u00e9cessaire. Une pr\u00e9occupation centrale est la fin de la double imposition du CO\u2082. Les entreprises d\u00e9j\u00e0 soumises \u00e0 la composante CO\u2082 de la taxe sur les poids lourds ne devraient pas \u00eatre soumises en plus \u00e0 un suppl\u00e9ment CO\u2082 sur le carburant.<\/p>\n<p>De plus, le BGL exige un renforcement de l&#8217;harmonisation des p\u00e9ages. Le programme \u00ab Protection de l&#8217;environnement et s\u00e9curit\u00e9 \u00bb devrait \u00eatre \u00e9largi pour inclure des aspects tels que la num\u00e9risation et la r\u00e9silience du transport routier de marchandises, et le financement devrait \u00eatre augment\u00e9 de 450 \u00e0 900 millions d&#8217;euros. Un autre point est la fermeture du cycle de financement de la route, o\u00f9 les revenus de la taxe sur les poids lourds devraient \u00eatre affect\u00e9s \u00e0 des projets d&#8217;infrastructure tels que des ponts, des aires de stationnement pour poids lourds et l&#8217;entretien des routes.<\/p>\n<h3>Dialogue entre politique et \u00e9conomie<\/h3>\n<p>Le BGL plaide pour un dialogue continu entre la politique, l&#8217;\u00e9conomie et le secteur. La visite \u00e0 Moormerland souligne la n\u00e9cessit\u00e9 de ne pas seulement parler des PME, mais de communiquer activement avec les entreprises qui assument quotidiennement la responsabilit\u00e9 de leurs employ\u00e9s, clients et investissements. Klaus Akkermann a exprim\u00e9 le souhait que des \u00e9tapes concr\u00e8tes suivent l&#8217;\u00e9change avec le chancelier f\u00e9d\u00e9ral : \u00ab Le progr\u00e8s se produit l\u00e0 o\u00f9 la politique, l&#8217;\u00e9conomie et la soci\u00e9t\u00e9 assument ensemble la responsabilit\u00e9. \u00bb<\/p>\n<p><a href=\"http:\/\/www.bgl-ev.de\" target=\"_blank\" rel=\"noopener noreferrer\">www.bgl-ev.de<\/a><\/p>\n","protected":false},"excerpt":{"rendered":"<p>Le chancelier f\u00e9d\u00e9ral Friedrich Merz a visit\u00e9 le 29 avril 2026 la soci\u00e9t\u00e9 Akkermann Transporte GmbH pour s&rsquo;informer sur les d\u00e9fis du transport routier de marchandises pour les PME.<\/p>\n","protected":false},"author":7,"featured_media":87709,"comment_status":"open","ping_status":"","sticky":false,"template":"","format":"standard","meta":{"_acf_changed":false,"footnotes":""},"categories":[9092,1581,1587],"tags":[44535,44536,44537,44538,44539,44540,44541,44542,28747,44543,44544,44545,44546,3089,3090,44547,44548,44549,2122,44550,44551,44552,10645,44553,44554,44555,44556,44557,44558,44559,44560,44561,44562,2145,44563,44564,44565,44566,44567,44568,44569,44570,18619,44571,44572,10012,18620,44573,44574,13813,18622,8592,44575,44576],"class_list":["post-87711","post","type-post","status-publish","format-standard","has-post-thumbnail","hentry","category-deutschland","category-expedition-et-logistique","category-leurope","tag-akkermann-transporte-gmbh","tag-bgl-e-v","tag-bridge-construction-infrastructure","tag-brueckenbau-infrastruktur","tag-challenges-in-transport-sector","tag-co2-double-burden","tag-co2-doppelbelastung","tag-construction-de-ponts-infrastructure","tag-defis-du-secteur-du-transport","tag-deutsch-bundeskanzler-friedrich-merz","tag-dialog-politik-wirtschaft-english-chancellor-friedrich-merz","tag-dialogue-politics-economy-francais-chancelier-friedrich-merz","tag-dialogue-politique-economie","tag-digitalisierung-im-gueterverkehr","tag-digitization-in-freight-transport","tag-double-imposition-co2","tag-energiesteuerrabatt-transport","tag-energy-tax-rebate-transport","tag-fachkraeftemangel-logistik","tag-fiabilite-politique-pme","tag-harmonisation-des-peages","tag-herausforderungen-im-transportgewerbe","tag-industrie-du-transport-allemagne","tag-infrastructure-projects-road-network","tag-infrastrukturprojekte-strassennetz","tag-liquiditaetssicherung-logistik","tag-liquidity-security-logistics","tag-lkw-maut-einnahmen","tag-logistique-pme","tag-mautharmonisierung","tag-medium-sized-logistics","tag-mittelstand-logistik","tag-numerisation-du-transport-de-marchandises","tag-penurie-de-main-doeuvre-logistique","tag-political-reliability-medium-sized-businesses","tag-politische-verlaesslichkeit-mittelstand","tag-projets-dinfrastructure-reseau-routier","tag-reduction-de-la-taxe-energetique-transport","tag-resilience-du-transport-routier","tag-resilience-road-transport","tag-resilienz-strassentransport","tag-revenus-de-peage-de-camion","tag-road-freight-transport","tag-securite-dapprovisionnement-allemagne","tag-securite-de-liquidite-logistique","tag-skilled-labor-shortage-logistics","tag-strassengueterverkehr","tag-supply-security-germany","tag-toll-harmonization","tag-transport-industry-germany","tag-transport-routier-de-marchandises","tag-transportwirtschaft-deutschland","tag-truck-toll-revenues","tag-versorgungssicherheit-deutschland"],"acf":[],"yoast_head":"<!-- This site is optimized with the Yoast SEO plugin v27.3 - https:\/\/yoast.com\/product\/yoast-seo-wordpress\/ -->\n<title>Le chancelier f\u00e9d\u00e9ral Friedrich Merz visite Akkermann Transporte - ITJ | International Transport Journal<\/title>\n<meta name=\"robots\" content=\"index, follow, max-snippet:-1, max-image-preview:large, max-video-preview:-1\" \/>\n<link rel=\"canonical\" href=\"https:\/\/transportjournal.com\/fr\/2026\/05\/01\/le-chancelier-federal-friedrich-merz-visite-akkermann-transporte\/\" \/>\n<meta property=\"og:locale\" content=\"fr_FR\" \/>\n<meta property=\"og:type\" content=\"article\" \/>\n<meta property=\"og:title\" content=\"Le chancelier f\u00e9d\u00e9ral Friedrich Merz visite Akkermann Transporte - ITJ | International Transport Journal\" \/>\n<meta property=\"og:description\" content=\"Le chancelier f\u00e9d\u00e9ral Friedrich Merz a visit\u00e9 le 29 avril 2026 la soci\u00e9t\u00e9 Akkermann Transporte GmbH pour s&#039;informer sur les d\u00e9fis du transport routier de marchandises pour les PME.\" \/>\n<meta property=\"og:url\" content=\"https:\/\/transportjournal.com\/fr\/2026\/05\/01\/le-chancelier-federal-friedrich-merz-visite-akkermann-transporte\/\" \/>\n<meta property=\"og:site_name\" content=\"ITJ | International Transport Journal\" \/>\n<meta property=\"article:published_time\" content=\"2026-05-01T15:18:27+00:00\" \/>\n<meta property=\"og:image\" content=\"https:\/\/transportjournal.com\/wp-content\/uploads\/sites\/2\/2026\/05\/BGL_1.5.26-aspect-ratio-1400-788.jpg\" \/>\n\t<meta property=\"og:image:width\" content=\"1920\" \/>\n\t<meta property=\"og:image:height\" content=\"1081\" \/>\n\t<meta property=\"og:image:type\" content=\"image\/jpeg\" \/>\n<meta name=\"author\" content=\"Andreas M\u00fcller\" \/>\n<meta name=\"twitter:card\" content=\"summary_large_image\" \/>\n<meta name=\"twitter:label1\" content=\"\u00c9crit par\" \/>\n\t<meta name=\"twitter:data1\" content=\"Andreas M\u00fcller\" \/>\n\t<meta name=\"twitter:label2\" content=\"Dur\u00e9e de lecture estim\u00e9e\" \/>\n\t<meta name=\"twitter:data2\" content=\"3 minutes\" \/>\n<script type=\"application\/ld+json\" class=\"yoast-schema-graph\">{\"@context\":\"https:\\\/\\\/schema.org\",\"@graph\":[{\"@type\":\"Article\",\"@id\":\"https:\\\/\\\/transportjournal.com\\\/fr\\\/2026\\\/05\\\/01\\\/le-chancelier-federal-friedrich-merz-visite-akkermann-transporte\\\/#article\",\"isPartOf\":{\"@id\":\"https:\\\/\\\/transportjournal.com\\\/fr\\\/2026\\\/05\\\/01\\\/le-chancelier-federal-friedrich-merz-visite-akkermann-transporte\\\/\"},\"author\":{\"name\":\"Andreas M\u00fcller\",\"@id\":\"https:\\\/\\\/transportjournal.com\\\/fr\\\/#\\\/schema\\\/person\\\/7b1593b33567ba798d300c8a1b0b85b1\"},\"headline\":\"Le chancelier f\u00e9d\u00e9ral Friedrich Merz visite Akkermann Transporte\",\"datePublished\":\"2026-05-01T15:18:27+00:00\",\"mainEntityOfPage\":{\"@id\":\"https:\\\/\\\/transportjournal.com\\\/fr\\\/2026\\\/05\\\/01\\\/le-chancelier-federal-friedrich-merz-visite-akkermann-transporte\\\/\"},\"wordCount\":516,\"commentCount\":0,\"publisher\":{\"@id\":\"https:\\\/\\\/transportjournal.com\\\/fr\\\/#organization\"},\"image\":{\"@id\":\"https:\\\/\\\/transportjournal.com\\\/fr\\\/2026\\\/05\\\/01\\\/le-chancelier-federal-friedrich-merz-visite-akkermann-transporte\\\/#primaryimage\"},\"thumbnailUrl\":\"https:\\\/\\\/transportjournal.com\\\/wp-content\\\/uploads\\\/sites\\\/2\\\/2026\\\/05\\\/BGL_1.5.26-aspect-ratio-1400-788.jpg\",\"keywords\":[\"Akkermann Transporte GmbH\",\"BGL e.V.\",\"bridge construction infrastructure\",\"Br\u00fcckenbau Infrastruktur\",\"challenges in transport sector\",\"CO2 double burden\",\"CO2-Doppelbelastung\",\"construction de ponts infrastructure\",\"d\u00e9fis du secteur du transport\",\"Deutsch Bundeskanzler Friedrich Merz\",\"Dialog Politik Wirtschaft English Chancellor Friedrich Merz\",\"dialogue politics economy Fran\u00e7ais Chancelier Friedrich Merz\",\"dialogue politique \u00e9conomie\",\"Digitalisierung im G\u00fcterverkehr\",\"digitization in freight transport\",\"double imposition CO2\",\"Energiesteuerrabatt Transport\",\"energy tax rebate transport\",\"Fachkr\u00e4ftemangel Logistik\",\"fiabilit\u00e9 politique PME\",\"harmonisation des p\u00e9ages\",\"Herausforderungen im Transportgewerbe\",\"industrie du transport Allemagne\",\"infrastructure projects road network\",\"Infrastrukturprojekte Stra\u00dfennetz\",\"Liquidit\u00e4tssicherung Logistik\",\"liquidity security logistics\",\"Lkw-Maut Einnahmen\",\"logistique PME\",\"Mautharmonisierung\",\"medium-sized logistics\",\"Mittelstand Logistik\",\"num\u00e9risation du transport de marchandises\",\"p\u00e9nurie de main-d'\u0153uvre logistique\",\"political reliability medium-sized businesses\",\"politische Verl\u00e4sslichkeit Mittelstand\",\"projets d'infrastructure r\u00e9seau routier\",\"r\u00e9duction de la taxe \u00e9nerg\u00e9tique transport\",\"r\u00e9silience du transport routier\",\"resilience road transport\",\"Resilienz Stra\u00dfentransport\",\"revenus de p\u00e9age de camion\",\"road freight transport\",\"s\u00e9curit\u00e9 d'approvisionnement Allemagne\",\"s\u00e9curit\u00e9 de liquidit\u00e9 logistique\",\"skilled labor shortage logistics\",\"Stra\u00dfeng\u00fcterverkehr\",\"supply security Germany\",\"toll harmonization\",\"transport industry Germany\",\"transport routier de marchandises\",\"Transportwirtschaft Deutschland\",\"truck toll revenues\",\"Versorgungssicherheit Deutschland\"],\"articleSection\":[\"Deutschland\",\"Exp\u00e9dition de fret et logistique\",\"L'Europe\"],\"inLanguage\":\"fr-FR\",\"potentialAction\":[{\"@type\":\"CommentAction\",\"name\":\"Comment\",\"target\":[\"https:\\\/\\\/transportjournal.com\\\/fr\\\/2026\\\/05\\\/01\\\/le-chancelier-federal-friedrich-merz-visite-akkermann-transporte\\\/#respond\"]}]},{\"@type\":\"WebPage\",\"@id\":\"https:\\\/\\\/transportjournal.com\\\/fr\\\/2026\\\/05\\\/01\\\/le-chancelier-federal-friedrich-merz-visite-akkermann-transporte\\\/\",\"url\":\"https:\\\/\\\/transportjournal.com\\\/fr\\\/2026\\\/05\\\/01\\\/le-chancelier-federal-friedrich-merz-visite-akkermann-transporte\\\/\",\"name\":\"Le chancelier f\u00e9d\u00e9ral Friedrich Merz visite Akkermann Transporte - ITJ | International Transport Journal\",\"isPartOf\":{\"@id\":\"https:\\\/\\\/transportjournal.com\\\/fr\\\/#website\"},\"primaryImageOfPage\":{\"@id\":\"https:\\\/\\\/transportjournal.com\\\/fr\\\/2026\\\/05\\\/01\\\/le-chancelier-federal-friedrich-merz-visite-akkermann-transporte\\\/#primaryimage\"},\"image\":{\"@id\":\"https:\\\/\\\/transportjournal.com\\\/fr\\\/2026\\\/05\\\/01\\\/le-chancelier-federal-friedrich-merz-visite-akkermann-transporte\\\/#primaryimage\"},\"thumbnailUrl\":\"https:\\\/\\\/transportjournal.com\\\/wp-content\\\/uploads\\\/sites\\\/2\\\/2026\\\/05\\\/BGL_1.5.26-aspect-ratio-1400-788.jpg\",\"datePublished\":\"2026-05-01T15:18:27+00:00\",\"breadcrumb\":{\"@id\":\"https:\\\/\\\/transportjournal.com\\\/fr\\\/2026\\\/05\\\/01\\\/le-chancelier-federal-friedrich-merz-visite-akkermann-transporte\\\/#breadcrumb\"},\"inLanguage\":\"fr-FR\",\"potentialAction\":[{\"@type\":\"ReadAction\",\"target\":[\"https:\\\/\\\/transportjournal.com\\\/fr\\\/2026\\\/05\\\/01\\\/le-chancelier-federal-friedrich-merz-visite-akkermann-transporte\\\/\"]}]},{\"@type\":\"ImageObject\",\"inLanguage\":\"fr-FR\",\"@id\":\"https:\\\/\\\/transportjournal.com\\\/fr\\\/2026\\\/05\\\/01\\\/le-chancelier-federal-friedrich-merz-visite-akkermann-transporte\\\/#primaryimage\",\"url\":\"https:\\\/\\\/transportjournal.com\\\/wp-content\\\/uploads\\\/sites\\\/2\\\/2026\\\/05\\\/BGL_1.5.26-aspect-ratio-1400-788.jpg\",\"contentUrl\":\"https:\\\/\\\/transportjournal.com\\\/wp-content\\\/uploads\\\/sites\\\/2\\\/2026\\\/05\\\/BGL_1.5.26-aspect-ratio-1400-788.jpg\",\"width\":1920,\"height\":1081},{\"@type\":\"BreadcrumbList\",\"@id\":\"https:\\\/\\\/transportjournal.com\\\/fr\\\/2026\\\/05\\\/01\\\/le-chancelier-federal-friedrich-merz-visite-akkermann-transporte\\\/#breadcrumb\",\"itemListElement\":[{\"@type\":\"ListItem\",\"position\":1,\"name\":\"Startseite\",\"item\":\"https:\\\/\\\/transportjournal.com\\\/fr\\\/\"},{\"@type\":\"ListItem\",\"position\":2,\"name\":\"Le chancelier f\u00e9d\u00e9ral Friedrich Merz visite Akkermann Transporte\"}]},{\"@type\":\"WebSite\",\"@id\":\"https:\\\/\\\/transportjournal.com\\\/fr\\\/#website\",\"url\":\"https:\\\/\\\/transportjournal.com\\\/fr\\\/\",\"name\":\"ITJ | International Transport Journal\",\"description\":\"Restez inform\u00e9 des derni\u00e8res nouvelles mondiales dans les secteurs du transport, de la logistique et de la cha\u00eene d'approvisionnement. Transport Journal fournit des informations d'experts, des analyses et des mises \u00e0 jour sur le transport maritime, l'aviation, l'intermodalit\u00e9 et l'exp\u00e9dition. \",\"publisher\":{\"@id\":\"https:\\\/\\\/transportjournal.com\\\/fr\\\/#organization\"},\"potentialAction\":[{\"@type\":\"SearchAction\",\"target\":{\"@type\":\"EntryPoint\",\"urlTemplate\":\"https:\\\/\\\/transportjournal.com\\\/fr\\\/?s={search_term_string}\"},\"query-input\":{\"@type\":\"PropertyValueSpecification\",\"valueRequired\":true,\"valueName\":\"search_term_string\"}}],\"inLanguage\":\"fr-FR\"},{\"@type\":\"Organization\",\"@id\":\"https:\\\/\\\/transportjournal.com\\\/fr\\\/#organization\",\"name\":\"Groupe Logismedia AG\",\"alternateName\":\"Logismedia Group AG\",\"url\":\"https:\\\/\\\/transportjournal.com\\\/fr\\\/\",\"logo\":{\"@type\":\"ImageObject\",\"inLanguage\":\"fr-FR\",\"@id\":\"https:\\\/\\\/transportjournal.com\\\/fr\\\/#\\\/schema\\\/logo\\\/image\\\/\",\"url\":\"https:\\\/\\\/transportjournal.com\\\/wp-content\\\/uploads\\\/sites\\\/2\\\/2025\\\/09\\\/Logo_ITJ.png\",\"contentUrl\":\"https:\\\/\\\/transportjournal.com\\\/wp-content\\\/uploads\\\/sites\\\/2\\\/2025\\\/09\\\/Logo_ITJ.png\",\"width\":799,\"height\":326,\"caption\":\"Groupe Logismedia AG\"},\"image\":{\"@id\":\"https:\\\/\\\/transportjournal.com\\\/fr\\\/#\\\/schema\\\/logo\\\/image\\\/\"},\"sameAs\":[\"https:\\\/\\\/www.linkedin.com\\\/company\\\/56456496\\\/admin\\\/dashboard\\\/\",\"https:\\\/\\\/www.instagram.com\\\/logismediagroup\\\/\",\"https:\\\/\\\/www.youtube.com\\\/@LogiamediaGroupAG\"]},{\"@type\":\"Person\",\"@id\":\"https:\\\/\\\/transportjournal.com\\\/fr\\\/#\\\/schema\\\/person\\\/7b1593b33567ba798d300c8a1b0b85b1\",\"name\":\"Andreas M\u00fcller\",\"url\":\"https:\\\/\\\/transportjournal.com\\\/fr\\\/author\\\/logismedia\\\/\"}]}<\/script>\n<!-- \/ Yoast SEO plugin. -->","yoast_head_json":{"title":"Le chancelier f\u00e9d\u00e9ral Friedrich Merz visite Akkermann Transporte - ITJ | International Transport Journal","robots":{"index":"index","follow":"follow","max-snippet":"max-snippet:-1","max-image-preview":"max-image-preview:large","max-video-preview":"max-video-preview:-1"},"canonical":"https:\/\/transportjournal.com\/fr\/2026\/05\/01\/le-chancelier-federal-friedrich-merz-visite-akkermann-transporte\/","og_locale":"fr_FR","og_type":"article","og_title":"Le chancelier f\u00e9d\u00e9ral Friedrich Merz visite Akkermann Transporte - ITJ | International Transport Journal","og_description":"Le chancelier f\u00e9d\u00e9ral Friedrich Merz a visit\u00e9 le 29 avril 2026 la soci\u00e9t\u00e9 Akkermann Transporte GmbH pour s'informer sur les d\u00e9fis du transport routier de marchandises pour les PME.","og_url":"https:\/\/transportjournal.com\/fr\/2026\/05\/01\/le-chancelier-federal-friedrich-merz-visite-akkermann-transporte\/","og_site_name":"ITJ | International Transport Journal","article_published_time":"2026-05-01T15:18:27+00:00","og_image":[{"width":1920,"height":1081,"url":"https:\/\/transportjournal.com\/wp-content\/uploads\/sites\/2\/2026\/05\/BGL_1.5.26-aspect-ratio-1400-788.jpg","type":"image\/jpeg"}],"author":"Andreas M\u00fcller","twitter_card":"summary_large_image","twitter_misc":{"\u00c9crit par":"Andreas M\u00fcller","Dur\u00e9e de lecture estim\u00e9e":"3 minutes"},"schema":{"@context":"https:\/\/schema.org","@graph":[{"@type":"Article","@id":"https:\/\/transportjournal.com\/fr\/2026\/05\/01\/le-chancelier-federal-friedrich-merz-visite-akkermann-transporte\/#article","isPartOf":{"@id":"https:\/\/transportjournal.com\/fr\/2026\/05\/01\/le-chancelier-federal-friedrich-merz-visite-akkermann-transporte\/"},"author":{"name":"Andreas M\u00fcller","@id":"https:\/\/transportjournal.com\/fr\/#\/schema\/person\/7b1593b33567ba798d300c8a1b0b85b1"},"headline":"Le chancelier f\u00e9d\u00e9ral Friedrich Merz visite Akkermann Transporte","datePublished":"2026-05-01T15:18:27+00:00","mainEntityOfPage":{"@id":"https:\/\/transportjournal.com\/fr\/2026\/05\/01\/le-chancelier-federal-friedrich-merz-visite-akkermann-transporte\/"},"wordCount":516,"commentCount":0,"publisher":{"@id":"https:\/\/transportjournal.com\/fr\/#organization"},"image":{"@id":"https:\/\/transportjournal.com\/fr\/2026\/05\/01\/le-chancelier-federal-friedrich-merz-visite-akkermann-transporte\/#primaryimage"},"thumbnailUrl":"https:\/\/transportjournal.com\/wp-content\/uploads\/sites\/2\/2026\/05\/BGL_1.5.26-aspect-ratio-1400-788.jpg","keywords":["Akkermann Transporte GmbH","BGL e.V.","bridge construction infrastructure","Br\u00fcckenbau Infrastruktur","challenges in transport sector","CO2 double burden","CO2-Doppelbelastung","construction de ponts infrastructure","d\u00e9fis du secteur du transport","Deutsch Bundeskanzler Friedrich Merz","Dialog Politik Wirtschaft English Chancellor Friedrich Merz","dialogue politics economy Fran\u00e7ais Chancelier Friedrich Merz","dialogue politique \u00e9conomie","Digitalisierung im G\u00fcterverkehr","digitization in freight transport","double imposition CO2","Energiesteuerrabatt Transport","energy tax rebate transport","Fachkr\u00e4ftemangel Logistik","fiabilit\u00e9 politique PME","harmonisation des p\u00e9ages","Herausforderungen im Transportgewerbe","industrie du transport Allemagne","infrastructure projects road network","Infrastrukturprojekte Stra\u00dfennetz","Liquidit\u00e4tssicherung Logistik","liquidity security logistics","Lkw-Maut Einnahmen","logistique PME","Mautharmonisierung","medium-sized logistics","Mittelstand Logistik","num\u00e9risation du transport de marchandises","p\u00e9nurie de main-d'\u0153uvre logistique","political reliability medium-sized businesses","politische Verl\u00e4sslichkeit Mittelstand","projets d'infrastructure r\u00e9seau routier","r\u00e9duction de la taxe \u00e9nerg\u00e9tique transport","r\u00e9silience du transport routier","resilience road transport","Resilienz Stra\u00dfentransport","revenus de p\u00e9age de camion","road freight transport","s\u00e9curit\u00e9 d'approvisionnement Allemagne","s\u00e9curit\u00e9 de liquidit\u00e9 logistique","skilled labor shortage logistics","Stra\u00dfeng\u00fcterverkehr","supply security Germany","toll harmonization","transport industry Germany","transport routier de marchandises","Transportwirtschaft Deutschland","truck toll revenues","Versorgungssicherheit Deutschland"],"articleSection":["Deutschland","Exp\u00e9dition de fret et logistique","L'Europe"],"inLanguage":"fr-FR","potentialAction":[{"@type":"CommentAction","name":"Comment","target":["https:\/\/transportjournal.com\/fr\/2026\/05\/01\/le-chancelier-federal-friedrich-merz-visite-akkermann-transporte\/#respond"]}]},{"@type":"WebPage","@id":"https:\/\/transportjournal.com\/fr\/2026\/05\/01\/le-chancelier-federal-friedrich-merz-visite-akkermann-transporte\/","url":"https:\/\/transportjournal.com\/fr\/2026\/05\/01\/le-chancelier-federal-friedrich-merz-visite-akkermann-transporte\/","name":"Le chancelier f\u00e9d\u00e9ral Friedrich Merz visite Akkermann Transporte - ITJ | International Transport Journal","isPartOf":{"@id":"https:\/\/transportjournal.com\/fr\/#website"},"primaryImageOfPage":{"@id":"https:\/\/transportjournal.com\/fr\/2026\/05\/01\/le-chancelier-federal-friedrich-merz-visite-akkermann-transporte\/#primaryimage"},"image":{"@id":"https:\/\/transportjournal.com\/fr\/2026\/05\/01\/le-chancelier-federal-friedrich-merz-visite-akkermann-transporte\/#primaryimage"},"thumbnailUrl":"https:\/\/transportjournal.com\/wp-content\/uploads\/sites\/2\/2026\/05\/BGL_1.5.26-aspect-ratio-1400-788.jpg","datePublished":"2026-05-01T15:18:27+00:00","breadcrumb":{"@id":"https:\/\/transportjournal.com\/fr\/2026\/05\/01\/le-chancelier-federal-friedrich-merz-visite-akkermann-transporte\/#breadcrumb"},"inLanguage":"fr-FR","potentialAction":[{"@type":"ReadAction","target":["https:\/\/transportjournal.com\/fr\/2026\/05\/01\/le-chancelier-federal-friedrich-merz-visite-akkermann-transporte\/"]}]},{"@type":"ImageObject","inLanguage":"fr-FR","@id":"https:\/\/transportjournal.com\/fr\/2026\/05\/01\/le-chancelier-federal-friedrich-merz-visite-akkermann-transporte\/#primaryimage","url":"https:\/\/transportjournal.com\/wp-content\/uploads\/sites\/2\/2026\/05\/BGL_1.5.26-aspect-ratio-1400-788.jpg","contentUrl":"https:\/\/transportjournal.com\/wp-content\/uploads\/sites\/2\/2026\/05\/BGL_1.5.26-aspect-ratio-1400-788.jpg","width":1920,"height":1081},{"@type":"BreadcrumbList","@id":"https:\/\/transportjournal.com\/fr\/2026\/05\/01\/le-chancelier-federal-friedrich-merz-visite-akkermann-transporte\/#breadcrumb","itemListElement":[{"@type":"ListItem","position":1,"name":"Startseite","item":"https:\/\/transportjournal.com\/fr\/"},{"@type":"ListItem","position":2,"name":"Le chancelier f\u00e9d\u00e9ral Friedrich Merz visite Akkermann Transporte"}]},{"@type":"WebSite","@id":"https:\/\/transportjournal.com\/fr\/#website","url":"https:\/\/transportjournal.com\/fr\/","name":"ITJ | International Transport Journal","description":"Restez inform\u00e9 des derni\u00e8res nouvelles mondiales dans les secteurs du transport, de la logistique et de la cha\u00eene d'approvisionnement. Transport Journal fournit des informations d'experts, des analyses et des mises \u00e0 jour sur le transport maritime, l'aviation, l'intermodalit\u00e9 et l'exp\u00e9dition. ","publisher":{"@id":"https:\/\/transportjournal.com\/fr\/#organization"},"potentialAction":[{"@type":"SearchAction","target":{"@type":"EntryPoint","urlTemplate":"https:\/\/transportjournal.com\/fr\/?s={search_term_string}"},"query-input":{"@type":"PropertyValueSpecification","valueRequired":true,"valueName":"search_term_string"}}],"inLanguage":"fr-FR"},{"@type":"Organization","@id":"https:\/\/transportjournal.com\/fr\/#organization","name":"Groupe Logismedia AG","alternateName":"Logismedia Group AG","url":"https:\/\/transportjournal.com\/fr\/","logo":{"@type":"ImageObject","inLanguage":"fr-FR","@id":"https:\/\/transportjournal.com\/fr\/#\/schema\/logo\/image\/","url":"https:\/\/transportjournal.com\/wp-content\/uploads\/sites\/2\/2025\/09\/Logo_ITJ.png","contentUrl":"https:\/\/transportjournal.com\/wp-content\/uploads\/sites\/2\/2025\/09\/Logo_ITJ.png","width":799,"height":326,"caption":"Groupe Logismedia AG"},"image":{"@id":"https:\/\/transportjournal.com\/fr\/#\/schema\/logo\/image\/"},"sameAs":["https:\/\/www.linkedin.com\/company\/56456496\/admin\/dashboard\/","https:\/\/www.instagram.com\/logismediagroup\/","https:\/\/www.youtube.com\/@LogiamediaGroupAG"]},{"@type":"Person","@id":"https:\/\/transportjournal.com\/fr\/#\/schema\/person\/7b1593b33567ba798d300c8a1b0b85b1","name":"Andreas M\u00fcller","url":"https:\/\/transportjournal.com\/fr\/author\/logismedia\/"}]}},"_links":{"self":[{"href":"https:\/\/transportjournal.com\/fr\/wp-json\/wp\/v2\/posts\/87711","targetHints":{"allow":["GET"]}}],"collection":[{"href":"https:\/\/transportjournal.com\/fr\/wp-json\/wp\/v2\/posts"}],"about":[{"href":"https:\/\/transportjournal.com\/fr\/wp-json\/wp\/v2\/types\/post"}],"author":[{"embeddable":true,"href":"https:\/\/transportjournal.com\/fr\/wp-json\/wp\/v2\/users\/7"}],"replies":[{"embeddable":true,"href":"https:\/\/transportjournal.com\/fr\/wp-json\/wp\/v2\/comments?post=87711"}],"version-history":[{"count":0,"href":"https:\/\/transportjournal.com\/fr\/wp-json\/wp\/v2\/posts\/87711\/revisions"}],"wp:featuredmedia":[{"embeddable":true,"href":"https:\/\/transportjournal.com\/fr\/wp-json\/wp\/v2\/media\/87709"}],"wp:attachment":[{"href":"https:\/\/transportjournal.com\/fr\/wp-json\/wp\/v2\/media?parent=87711"}],"wp:term":[{"taxonomy":"category","embeddable":true,"href":"https:\/\/transportjournal.com\/fr\/wp-json\/wp\/v2\/categories?post=87711"},{"taxonomy":"post_tag","embeddable":true,"href":"https:\/\/transportjournal.com\/fr\/wp-json\/wp\/v2\/tags?post=87711"}],"curies":[{"name":"wp","href":"https:\/\/api.w.org\/{rel}","templated":true}]}}