{"id":87674,"date":"2026-04-30T12:54:54","date_gmt":"2026-04-30T12:54:54","guid":{"rendered":"https:\/\/transportjournal.com\/2026\/04\/30\/cargolux-realise-un-benefice-en-2025\/"},"modified":"2026-04-30T12:54:54","modified_gmt":"2026-04-30T12:54:54","slug":"cargolux-realise-un-benefice-en-2025","status":"publish","type":"post","link":"https:\/\/transportjournal.com\/fr\/2026\/04\/30\/cargolux-realise-un-benefice-en-2025\/","title":{"rendered":"Cargolux r\u00e9alise un b\u00e9n\u00e9fice en 2025"},"content":{"rendered":"<p>Cargolux a r\u00e9alis\u00e9 un r\u00e9sultat financier positif au cours de l&#8217;exercice 2025, malgr\u00e9 les d\u00e9fis d&#8217;un march\u00e9 tendu et volatile. L&#8217;entreprise, dont le si\u00e8ge est \u00e0 Luxembourg, a enregistr\u00e9 un chiffre d&#8217;affaires de 3,406 milliards USD et un b\u00e9n\u00e9fice net de 465 millions USD. Ces r\u00e9sultats renforcent le bilan du groupe Cargolux et augmentent sa r\u00e9silience dans un environnement de march\u00e9 mondial de plus en plus incertain.<\/p>\n<h3>Environnement de march\u00e9 et ajustements op\u00e9rationnels<\/h3>\n<p>En 2025, le secteur du fret a\u00e9rien a \u00e9t\u00e9 confront\u00e9 \u00e0 un environnement difficile, marqu\u00e9 par des tensions g\u00e9opolitiques, des guerres commerciales et des fermetures d&#8217;espace a\u00e9rien en raison de conflits au Moyen-Orient et en Ukraine. Malgr\u00e9 ces difficult\u00e9s, des activit\u00e9s de commerce \u00e9lectronique soutenues et des march\u00e9s de niche ont soutenu la demande. Cargolux a utilis\u00e9 sa flexibilit\u00e9 pour r\u00e9agir rapidement aux fluctuations de la demande, en optimisant son r\u00e9seau et en proposant des vols charter. Cela a permis \u00e0 la compagnie a\u00e9rienne d&#8217;obtenir de solides performances op\u00e9rationnelles et des r\u00e9sultats financiers positifs.<\/p>\n<p>Les d\u00e9veloppements de l&#8217;ann\u00e9e \u00e9coul\u00e9e ont mis en \u00e9vidence \u00e0 la fois la fragilit\u00e9 du secteur et sa capacit\u00e9 d&#8217;adaptation face \u00e0 l&#8217;\u00e9volution des routes commerciales et des influences g\u00e9opolitiques. Cargolux a termin\u00e9 l&#8217;ann\u00e9e \u00e0 la dixi\u00e8me place parmi les 20 plus grandes compagnies a\u00e9riennes de fret de l&#8217;IATA, mesur\u00e9e en tonnes-kilom\u00e8tres de fret international.<\/p>\n<h3>Perspectives pour 2026<\/h3>\n<p>Les pr\u00e9visions pour 2026 s&#8217;annoncent difficiles en raison de la situation mondiale volatile. Des changements g\u00e9opolitiques rapides et des droits de douane mena\u00e7ants peuvent perturber des corridors a\u00e9riens importants et n\u00e9cessiter des modifications rapides des routes commerciales, ce qui pourrait avoir un impact n\u00e9gatif sur la confiance des clients. Le conflit en cours au Moyen-Orient a d\u00e9j\u00e0 des r\u00e9percussions sur les op\u00e9rations, avec des prix du carburant a\u00e9rien atteignant des niveaux historiques et un risque accru de p\u00e9nuries de carburant.<\/p>\n<p>La dynamique de croissance continue dans le commerce \u00e9lectronique, qui est un moteur essentiel du fret a\u00e9rien, reste incertaine. Parall\u00e8lement, il est pr\u00e9vu que les d\u00e9veloppements g\u00e9opolitiques et r\u00e9glementaires, y compris les mesures douani\u00e8res et les frais de traitement pour les colis de commerce \u00e9lectronique \u00e0 faible valeur, auront un impact n\u00e9gatif sur l&#8217;activit\u00e9 commerciale internationale.<\/p>\n<p>Les compagnies a\u00e9riennes europ\u00e9ennes, en particulier, sont \u00e9galement confront\u00e9es \u00e0 des exigences croissantes en mati\u00e8re d&#8217;environnement et d&#8217;autres obligations de reporting. Il est important que les autorit\u00e9s et les acteurs du secteur reconnaissent ces d\u00e9fis afin de trouver des solutions appropri\u00e9es et d&#8217;assurer un environnement concurrentiel \u00e9quitable pour les compagnies a\u00e9riennes de l&#8217;UE par rapport aux concurrents mondiaux.<\/p>\n<p>Cargolux continuera de surveiller les d\u00e9veloppements, de s&#8217;adapter aux fluctuations et de s&#8217;appuyer sur sa r\u00e9silience pour garantir un haut niveau de service \u00e0 l&#8217;avenir.<\/p>\n<p>&nbsp;<\/p>\n<p><a href=\"https:\/\/www.cargolux.com\/\" target=\"_blank\" rel=\"noopener noreferrer\">www.cargolux.com<\/a><\/p>\n<p>&nbsp;<\/p>\n","protected":false},"excerpt":{"rendered":"<p>Cargolux a r\u00e9alis\u00e9 en 2025 un chiffre d&rsquo;affaires de 3,406 milliards de dollars et un b\u00e9n\u00e9fice de 465 millions de dollars, malgr\u00e9 des conditions de march\u00e9 difficiles, renfor\u00e7ant ainsi le bilan de l&rsquo;entreprise.<\/p>\n","protected":false},"author":12,"featured_media":87672,"comment_status":"open","ping_status":"","sticky":false,"template":"","format":"standard","meta":{"_acf_changed":false,"footnotes":""},"categories":[1582,1587],"tags":[44243,44244,44245,44246,2648,44247,44248,9819,2207,6438,6439,9822,44249,44250,44251,2266,4203,44252,44253,44254,44255,44256,9832,8176,8178,2655,36861,44257,5225,5226,44258,44259,2125,44260,44261,2133,1831,1962,44262,4213,4214,44263,44264,2148,29445,44265,44266,44267,1857,2295,22526,44268,2155,1837,44269,6467,44270],"class_list":["post-87674","post","type-post","status-publish","format-standard","has-post-thumbnail","hentry","category-fret-aerien","category-leurope","tag-activite-commerciale-internationale","tag-adaptabilite","tag-adaptability","tag-air-corridors","tag-air-freight","tag-anpassungsfaehigkeit","tag-berichtspflichten","tag-cargo-airline","tag-chaine-dapprovisionnement","tag-charter-flights","tag-charterfluege","tag-compagnie-aerienne-de-fret","tag-compagnies-aeriennes-de-lue","tag-corridors-aeriens","tag-deutsch-cargolux","tag-e-commerce","tag-environnement-de-marche","tag-eu-airlines","tag-eu-fluggesellschaften","tag-financial-results-francais-cargolux","tag-finanzielle-ergebnisse-english-cargolux","tag-flugbenzinpreise","tag-frachtfluggesellschaft","tag-frachttonnenkilometer","tag-freight-ton-kilometers","tag-fret-aerien","tag-fuel-prices","tag-fuel-shortages","tag-geopolitical-tensions","tag-geopolitische-spannungen","tag-guerres-commerciales","tag-handelskriege","tag-industrie-du-transport","tag-international-trade-activity","tag-internationale-handelsaktivitaet","tag-logistics-service-providers","tag-logistikdienstleister","tag-luftfracht","tag-luftkorridore","tag-market-environment","tag-marktumfeld","tag-obligations-de-reporting","tag-penuries-de-carburant","tag-prestataires-de-services-logistiques","tag-prix-du-carburant","tag-reporting-obligations","tag-resilience","tag-resultats-financiers","tag-supply-chain","tag-tensions-geopolitiques","tag-tonnes-kilometres-de-fret","tag-trade-wars","tag-transport-industry","tag-transportwirtschaft","tag-treibstoffengpaesse","tag-vols-charter","tag-widerstandsfaehigkeit"],"acf":[],"yoast_head":"<!-- This site is optimized with the Yoast SEO plugin v27.3 - https:\/\/yoast.com\/product\/yoast-seo-wordpress\/ -->\n<title>Cargolux r\u00e9alise un b\u00e9n\u00e9fice en 2025 - ITJ | International Transport Journal<\/title>\n<meta name=\"robots\" content=\"index, follow, max-snippet:-1, max-image-preview:large, max-video-preview:-1\" \/>\n<link rel=\"canonical\" href=\"https:\/\/transportjournal.com\/fr\/2026\/04\/30\/cargolux-realise-un-benefice-en-2025\/\" \/>\n<meta property=\"og:locale\" content=\"fr_FR\" \/>\n<meta property=\"og:type\" content=\"article\" \/>\n<meta property=\"og:title\" content=\"Cargolux r\u00e9alise un b\u00e9n\u00e9fice en 2025 - ITJ | International Transport Journal\" \/>\n<meta property=\"og:description\" content=\"Cargolux a r\u00e9alis\u00e9 en 2025 un chiffre d&#039;affaires de 3,406 milliards de dollars et un b\u00e9n\u00e9fice de 465 millions de dollars, malgr\u00e9 des conditions de march\u00e9 difficiles, renfor\u00e7ant ainsi le bilan de l&#039;entreprise.\" \/>\n<meta property=\"og:url\" content=\"https:\/\/transportjournal.com\/fr\/2026\/04\/30\/cargolux-realise-un-benefice-en-2025\/\" \/>\n<meta property=\"og:site_name\" content=\"ITJ | International Transport Journal\" \/>\n<meta property=\"article:published_time\" content=\"2026-04-30T12:54:54+00:00\" \/>\n<meta property=\"og:image\" content=\"https:\/\/transportjournal.com\/wp-content\/uploads\/sites\/2\/2026\/04\/Cargolux-press-conference-annual-results-2026-aspect-ratio-1400-788.jpg\" \/>\n\t<meta property=\"og:image:width\" content=\"1231\" \/>\n\t<meta property=\"og:image:height\" content=\"693\" \/>\n\t<meta property=\"og:image:type\" content=\"image\/jpeg\" \/>\n<meta name=\"author\" content=\"Andreas Haug\" \/>\n<meta name=\"twitter:card\" content=\"summary_large_image\" \/>\n<meta name=\"twitter:label1\" content=\"\u00c9crit par\" \/>\n\t<meta name=\"twitter:data1\" content=\"Andreas Haug\" \/>\n\t<meta name=\"twitter:label2\" content=\"Dur\u00e9e de lecture estim\u00e9e\" \/>\n\t<meta name=\"twitter:data2\" content=\"3 minutes\" \/>\n<script type=\"application\/ld+json\" class=\"yoast-schema-graph\">{\"@context\":\"https:\\\/\\\/schema.org\",\"@graph\":[{\"@type\":\"Article\",\"@id\":\"https:\\\/\\\/transportjournal.com\\\/fr\\\/2026\\\/04\\\/30\\\/cargolux-realise-un-benefice-en-2025\\\/#article\",\"isPartOf\":{\"@id\":\"https:\\\/\\\/transportjournal.com\\\/fr\\\/2026\\\/04\\\/30\\\/cargolux-realise-un-benefice-en-2025\\\/\"},\"author\":{\"name\":\"Andreas Haug\",\"@id\":\"https:\\\/\\\/transportjournal.com\\\/fr\\\/#\\\/schema\\\/person\\\/cf538b3157f15afd7589245a4b3dbd25\"},\"headline\":\"Cargolux r\u00e9alise un b\u00e9n\u00e9fice en 2025\",\"datePublished\":\"2026-04-30T12:54:54+00:00\",\"mainEntityOfPage\":{\"@id\":\"https:\\\/\\\/transportjournal.com\\\/fr\\\/2026\\\/04\\\/30\\\/cargolux-realise-un-benefice-en-2025\\\/\"},\"wordCount\":519,\"commentCount\":0,\"publisher\":{\"@id\":\"https:\\\/\\\/transportjournal.com\\\/fr\\\/#organization\"},\"image\":{\"@id\":\"https:\\\/\\\/transportjournal.com\\\/fr\\\/2026\\\/04\\\/30\\\/cargolux-realise-un-benefice-en-2025\\\/#primaryimage\"},\"thumbnailUrl\":\"https:\\\/\\\/transportjournal.com\\\/wp-content\\\/uploads\\\/sites\\\/2\\\/2026\\\/04\\\/Cargolux-press-conference-annual-results-2026-aspect-ratio-1400-788.jpg\",\"keywords\":[\"activit\u00e9 commerciale internationale\",\"adaptabilit\u00e9\",\"adaptability\",\"air corridors\",\"air freight\",\"Anpassungsf\u00e4higkeit\",\"Berichtspflichten\",\"cargo airline\",\"cha\u00eene d'approvisionnement\",\"charter flights\",\"Charterfl\u00fcge\",\"compagnie a\u00e9rienne de fret\",\"compagnies a\u00e9riennes de l'UE\",\"corridors a\u00e9riens\",\"Deutsch Cargolux\",\"E-Commerce\",\"environnement de march\u00e9\",\"EU airlines\",\"EU-Fluggesellschaften\",\"financial results Fran\u00e7ais Cargolux\",\"Finanzielle Ergebnisse English Cargolux\",\"Flugbenzinpreise\",\"Frachtfluggesellschaft\",\"Frachttonnenkilometer\",\"freight ton kilometers\",\"fret a\u00e9rien\",\"fuel prices\",\"fuel shortages\",\"geopolitical tensions\",\"geopolitische Spannungen\",\"guerres commerciales\",\"Handelskriege\",\"industrie du transport\",\"international trade activity\",\"internationale Handelsaktivit\u00e4t\",\"logistics service providers\",\"Logistikdienstleister\",\"Luftfracht\",\"Luftkorridore\",\"market environment\",\"Marktumfeld\",\"obligations de reporting\",\"p\u00e9nuries de carburant\",\"prestataires de services logistiques\",\"prix du carburant\",\"reporting obligations\",\"resilience\",\"r\u00e9sultats financiers\",\"Supply Chain\",\"tensions g\u00e9opolitiques\",\"tonnes-kilom\u00e8tres de fret\",\"trade wars\",\"transport industry\",\"Transportwirtschaft\",\"Treibstoffengp\u00e4sse\",\"vols charter\",\"Widerstandsf\u00e4higkeit\"],\"articleSection\":[\"Fret a\u00e9rien\",\"L'Europe\"],\"inLanguage\":\"fr-FR\",\"potentialAction\":[{\"@type\":\"CommentAction\",\"name\":\"Comment\",\"target\":[\"https:\\\/\\\/transportjournal.com\\\/fr\\\/2026\\\/04\\\/30\\\/cargolux-realise-un-benefice-en-2025\\\/#respond\"]}]},{\"@type\":\"WebPage\",\"@id\":\"https:\\\/\\\/transportjournal.com\\\/fr\\\/2026\\\/04\\\/30\\\/cargolux-realise-un-benefice-en-2025\\\/\",\"url\":\"https:\\\/\\\/transportjournal.com\\\/fr\\\/2026\\\/04\\\/30\\\/cargolux-realise-un-benefice-en-2025\\\/\",\"name\":\"Cargolux r\u00e9alise un b\u00e9n\u00e9fice en 2025 - ITJ | International Transport Journal\",\"isPartOf\":{\"@id\":\"https:\\\/\\\/transportjournal.com\\\/fr\\\/#website\"},\"primaryImageOfPage\":{\"@id\":\"https:\\\/\\\/transportjournal.com\\\/fr\\\/2026\\\/04\\\/30\\\/cargolux-realise-un-benefice-en-2025\\\/#primaryimage\"},\"image\":{\"@id\":\"https:\\\/\\\/transportjournal.com\\\/fr\\\/2026\\\/04\\\/30\\\/cargolux-realise-un-benefice-en-2025\\\/#primaryimage\"},\"thumbnailUrl\":\"https:\\\/\\\/transportjournal.com\\\/wp-content\\\/uploads\\\/sites\\\/2\\\/2026\\\/04\\\/Cargolux-press-conference-annual-results-2026-aspect-ratio-1400-788.jpg\",\"datePublished\":\"2026-04-30T12:54:54+00:00\",\"breadcrumb\":{\"@id\":\"https:\\\/\\\/transportjournal.com\\\/fr\\\/2026\\\/04\\\/30\\\/cargolux-realise-un-benefice-en-2025\\\/#breadcrumb\"},\"inLanguage\":\"fr-FR\",\"potentialAction\":[{\"@type\":\"ReadAction\",\"target\":[\"https:\\\/\\\/transportjournal.com\\\/fr\\\/2026\\\/04\\\/30\\\/cargolux-realise-un-benefice-en-2025\\\/\"]}]},{\"@type\":\"ImageObject\",\"inLanguage\":\"fr-FR\",\"@id\":\"https:\\\/\\\/transportjournal.com\\\/fr\\\/2026\\\/04\\\/30\\\/cargolux-realise-un-benefice-en-2025\\\/#primaryimage\",\"url\":\"https:\\\/\\\/transportjournal.com\\\/wp-content\\\/uploads\\\/sites\\\/2\\\/2026\\\/04\\\/Cargolux-press-conference-annual-results-2026-aspect-ratio-1400-788.jpg\",\"contentUrl\":\"https:\\\/\\\/transportjournal.com\\\/wp-content\\\/uploads\\\/sites\\\/2\\\/2026\\\/04\\\/Cargolux-press-conference-annual-results-2026-aspect-ratio-1400-788.jpg\",\"width\":1231,\"height\":693},{\"@type\":\"BreadcrumbList\",\"@id\":\"https:\\\/\\\/transportjournal.com\\\/fr\\\/2026\\\/04\\\/30\\\/cargolux-realise-un-benefice-en-2025\\\/#breadcrumb\",\"itemListElement\":[{\"@type\":\"ListItem\",\"position\":1,\"name\":\"Startseite\",\"item\":\"https:\\\/\\\/transportjournal.com\\\/fr\\\/\"},{\"@type\":\"ListItem\",\"position\":2,\"name\":\"Cargolux r\u00e9alise un b\u00e9n\u00e9fice en 2025\"}]},{\"@type\":\"WebSite\",\"@id\":\"https:\\\/\\\/transportjournal.com\\\/fr\\\/#website\",\"url\":\"https:\\\/\\\/transportjournal.com\\\/fr\\\/\",\"name\":\"ITJ | International Transport Journal\",\"description\":\"Restez inform\u00e9 des derni\u00e8res nouvelles mondiales dans les secteurs du transport, de la logistique et de la cha\u00eene d'approvisionnement. Transport Journal fournit des informations d'experts, des analyses et des mises \u00e0 jour sur le transport maritime, l'aviation, l'intermodalit\u00e9 et l'exp\u00e9dition. \",\"publisher\":{\"@id\":\"https:\\\/\\\/transportjournal.com\\\/fr\\\/#organization\"},\"potentialAction\":[{\"@type\":\"SearchAction\",\"target\":{\"@type\":\"EntryPoint\",\"urlTemplate\":\"https:\\\/\\\/transportjournal.com\\\/fr\\\/?s={search_term_string}\"},\"query-input\":{\"@type\":\"PropertyValueSpecification\",\"valueRequired\":true,\"valueName\":\"search_term_string\"}}],\"inLanguage\":\"fr-FR\"},{\"@type\":\"Organization\",\"@id\":\"https:\\\/\\\/transportjournal.com\\\/fr\\\/#organization\",\"name\":\"Groupe Logismedia AG\",\"alternateName\":\"Logismedia Group AG\",\"url\":\"https:\\\/\\\/transportjournal.com\\\/fr\\\/\",\"logo\":{\"@type\":\"ImageObject\",\"inLanguage\":\"fr-FR\",\"@id\":\"https:\\\/\\\/transportjournal.com\\\/fr\\\/#\\\/schema\\\/logo\\\/image\\\/\",\"url\":\"https:\\\/\\\/transportjournal.com\\\/wp-content\\\/uploads\\\/sites\\\/2\\\/2025\\\/09\\\/Logo_ITJ.png\",\"contentUrl\":\"https:\\\/\\\/transportjournal.com\\\/wp-content\\\/uploads\\\/sites\\\/2\\\/2025\\\/09\\\/Logo_ITJ.png\",\"width\":799,\"height\":326,\"caption\":\"Groupe Logismedia AG\"},\"image\":{\"@id\":\"https:\\\/\\\/transportjournal.com\\\/fr\\\/#\\\/schema\\\/logo\\\/image\\\/\"},\"sameAs\":[\"https:\\\/\\\/www.linkedin.com\\\/company\\\/56456496\\\/admin\\\/dashboard\\\/\",\"https:\\\/\\\/www.instagram.com\\\/logismediagroup\\\/\",\"https:\\\/\\\/www.youtube.com\\\/@LogiamediaGroupAG\"]},{\"@type\":\"Person\",\"@id\":\"https:\\\/\\\/transportjournal.com\\\/fr\\\/#\\\/schema\\\/person\\\/cf538b3157f15afd7589245a4b3dbd25\",\"name\":\"Andreas Haug\",\"url\":\"https:\\\/\\\/transportjournal.com\\\/fr\\\/author\\\/andreas\\\/\"}]}<\/script>\n<!-- \/ Yoast SEO plugin. -->","yoast_head_json":{"title":"Cargolux r\u00e9alise un b\u00e9n\u00e9fice en 2025 - ITJ | International Transport Journal","robots":{"index":"index","follow":"follow","max-snippet":"max-snippet:-1","max-image-preview":"max-image-preview:large","max-video-preview":"max-video-preview:-1"},"canonical":"https:\/\/transportjournal.com\/fr\/2026\/04\/30\/cargolux-realise-un-benefice-en-2025\/","og_locale":"fr_FR","og_type":"article","og_title":"Cargolux r\u00e9alise un b\u00e9n\u00e9fice en 2025 - ITJ | International Transport Journal","og_description":"Cargolux a r\u00e9alis\u00e9 en 2025 un chiffre d'affaires de 3,406 milliards de dollars et un b\u00e9n\u00e9fice de 465 millions de dollars, malgr\u00e9 des conditions de march\u00e9 difficiles, renfor\u00e7ant ainsi le bilan de l'entreprise.","og_url":"https:\/\/transportjournal.com\/fr\/2026\/04\/30\/cargolux-realise-un-benefice-en-2025\/","og_site_name":"ITJ | International Transport Journal","article_published_time":"2026-04-30T12:54:54+00:00","og_image":[{"width":1231,"height":693,"url":"https:\/\/transportjournal.com\/wp-content\/uploads\/sites\/2\/2026\/04\/Cargolux-press-conference-annual-results-2026-aspect-ratio-1400-788.jpg","type":"image\/jpeg"}],"author":"Andreas Haug","twitter_card":"summary_large_image","twitter_misc":{"\u00c9crit par":"Andreas Haug","Dur\u00e9e de lecture estim\u00e9e":"3 minutes"},"schema":{"@context":"https:\/\/schema.org","@graph":[{"@type":"Article","@id":"https:\/\/transportjournal.com\/fr\/2026\/04\/30\/cargolux-realise-un-benefice-en-2025\/#article","isPartOf":{"@id":"https:\/\/transportjournal.com\/fr\/2026\/04\/30\/cargolux-realise-un-benefice-en-2025\/"},"author":{"name":"Andreas Haug","@id":"https:\/\/transportjournal.com\/fr\/#\/schema\/person\/cf538b3157f15afd7589245a4b3dbd25"},"headline":"Cargolux r\u00e9alise un b\u00e9n\u00e9fice en 2025","datePublished":"2026-04-30T12:54:54+00:00","mainEntityOfPage":{"@id":"https:\/\/transportjournal.com\/fr\/2026\/04\/30\/cargolux-realise-un-benefice-en-2025\/"},"wordCount":519,"commentCount":0,"publisher":{"@id":"https:\/\/transportjournal.com\/fr\/#organization"},"image":{"@id":"https:\/\/transportjournal.com\/fr\/2026\/04\/30\/cargolux-realise-un-benefice-en-2025\/#primaryimage"},"thumbnailUrl":"https:\/\/transportjournal.com\/wp-content\/uploads\/sites\/2\/2026\/04\/Cargolux-press-conference-annual-results-2026-aspect-ratio-1400-788.jpg","keywords":["activit\u00e9 commerciale internationale","adaptabilit\u00e9","adaptability","air corridors","air freight","Anpassungsf\u00e4higkeit","Berichtspflichten","cargo airline","cha\u00eene d'approvisionnement","charter flights","Charterfl\u00fcge","compagnie a\u00e9rienne de fret","compagnies a\u00e9riennes de l'UE","corridors a\u00e9riens","Deutsch Cargolux","E-Commerce","environnement de march\u00e9","EU airlines","EU-Fluggesellschaften","financial results Fran\u00e7ais Cargolux","Finanzielle Ergebnisse English Cargolux","Flugbenzinpreise","Frachtfluggesellschaft","Frachttonnenkilometer","freight ton kilometers","fret a\u00e9rien","fuel prices","fuel shortages","geopolitical tensions","geopolitische Spannungen","guerres commerciales","Handelskriege","industrie du transport","international trade activity","internationale Handelsaktivit\u00e4t","logistics service providers","Logistikdienstleister","Luftfracht","Luftkorridore","market environment","Marktumfeld","obligations de reporting","p\u00e9nuries de carburant","prestataires de services logistiques","prix du carburant","reporting obligations","resilience","r\u00e9sultats financiers","Supply Chain","tensions g\u00e9opolitiques","tonnes-kilom\u00e8tres de fret","trade wars","transport industry","Transportwirtschaft","Treibstoffengp\u00e4sse","vols charter","Widerstandsf\u00e4higkeit"],"articleSection":["Fret a\u00e9rien","L'Europe"],"inLanguage":"fr-FR","potentialAction":[{"@type":"CommentAction","name":"Comment","target":["https:\/\/transportjournal.com\/fr\/2026\/04\/30\/cargolux-realise-un-benefice-en-2025\/#respond"]}]},{"@type":"WebPage","@id":"https:\/\/transportjournal.com\/fr\/2026\/04\/30\/cargolux-realise-un-benefice-en-2025\/","url":"https:\/\/transportjournal.com\/fr\/2026\/04\/30\/cargolux-realise-un-benefice-en-2025\/","name":"Cargolux r\u00e9alise un b\u00e9n\u00e9fice en 2025 - ITJ | International Transport Journal","isPartOf":{"@id":"https:\/\/transportjournal.com\/fr\/#website"},"primaryImageOfPage":{"@id":"https:\/\/transportjournal.com\/fr\/2026\/04\/30\/cargolux-realise-un-benefice-en-2025\/#primaryimage"},"image":{"@id":"https:\/\/transportjournal.com\/fr\/2026\/04\/30\/cargolux-realise-un-benefice-en-2025\/#primaryimage"},"thumbnailUrl":"https:\/\/transportjournal.com\/wp-content\/uploads\/sites\/2\/2026\/04\/Cargolux-press-conference-annual-results-2026-aspect-ratio-1400-788.jpg","datePublished":"2026-04-30T12:54:54+00:00","breadcrumb":{"@id":"https:\/\/transportjournal.com\/fr\/2026\/04\/30\/cargolux-realise-un-benefice-en-2025\/#breadcrumb"},"inLanguage":"fr-FR","potentialAction":[{"@type":"ReadAction","target":["https:\/\/transportjournal.com\/fr\/2026\/04\/30\/cargolux-realise-un-benefice-en-2025\/"]}]},{"@type":"ImageObject","inLanguage":"fr-FR","@id":"https:\/\/transportjournal.com\/fr\/2026\/04\/30\/cargolux-realise-un-benefice-en-2025\/#primaryimage","url":"https:\/\/transportjournal.com\/wp-content\/uploads\/sites\/2\/2026\/04\/Cargolux-press-conference-annual-results-2026-aspect-ratio-1400-788.jpg","contentUrl":"https:\/\/transportjournal.com\/wp-content\/uploads\/sites\/2\/2026\/04\/Cargolux-press-conference-annual-results-2026-aspect-ratio-1400-788.jpg","width":1231,"height":693},{"@type":"BreadcrumbList","@id":"https:\/\/transportjournal.com\/fr\/2026\/04\/30\/cargolux-realise-un-benefice-en-2025\/#breadcrumb","itemListElement":[{"@type":"ListItem","position":1,"name":"Startseite","item":"https:\/\/transportjournal.com\/fr\/"},{"@type":"ListItem","position":2,"name":"Cargolux r\u00e9alise un b\u00e9n\u00e9fice en 2025"}]},{"@type":"WebSite","@id":"https:\/\/transportjournal.com\/fr\/#website","url":"https:\/\/transportjournal.com\/fr\/","name":"ITJ | International Transport Journal","description":"Restez inform\u00e9 des derni\u00e8res nouvelles mondiales dans les secteurs du transport, de la logistique et de la cha\u00eene d'approvisionnement. Transport Journal fournit des informations d'experts, des analyses et des mises \u00e0 jour sur le transport maritime, l'aviation, l'intermodalit\u00e9 et l'exp\u00e9dition. ","publisher":{"@id":"https:\/\/transportjournal.com\/fr\/#organization"},"potentialAction":[{"@type":"SearchAction","target":{"@type":"EntryPoint","urlTemplate":"https:\/\/transportjournal.com\/fr\/?s={search_term_string}"},"query-input":{"@type":"PropertyValueSpecification","valueRequired":true,"valueName":"search_term_string"}}],"inLanguage":"fr-FR"},{"@type":"Organization","@id":"https:\/\/transportjournal.com\/fr\/#organization","name":"Groupe Logismedia AG","alternateName":"Logismedia Group AG","url":"https:\/\/transportjournal.com\/fr\/","logo":{"@type":"ImageObject","inLanguage":"fr-FR","@id":"https:\/\/transportjournal.com\/fr\/#\/schema\/logo\/image\/","url":"https:\/\/transportjournal.com\/wp-content\/uploads\/sites\/2\/2025\/09\/Logo_ITJ.png","contentUrl":"https:\/\/transportjournal.com\/wp-content\/uploads\/sites\/2\/2025\/09\/Logo_ITJ.png","width":799,"height":326,"caption":"Groupe Logismedia AG"},"image":{"@id":"https:\/\/transportjournal.com\/fr\/#\/schema\/logo\/image\/"},"sameAs":["https:\/\/www.linkedin.com\/company\/56456496\/admin\/dashboard\/","https:\/\/www.instagram.com\/logismediagroup\/","https:\/\/www.youtube.com\/@LogiamediaGroupAG"]},{"@type":"Person","@id":"https:\/\/transportjournal.com\/fr\/#\/schema\/person\/cf538b3157f15afd7589245a4b3dbd25","name":"Andreas Haug","url":"https:\/\/transportjournal.com\/fr\/author\/andreas\/"}]}},"_links":{"self":[{"href":"https:\/\/transportjournal.com\/fr\/wp-json\/wp\/v2\/posts\/87674","targetHints":{"allow":["GET"]}}],"collection":[{"href":"https:\/\/transportjournal.com\/fr\/wp-json\/wp\/v2\/posts"}],"about":[{"href":"https:\/\/transportjournal.com\/fr\/wp-json\/wp\/v2\/types\/post"}],"author":[{"embeddable":true,"href":"https:\/\/transportjournal.com\/fr\/wp-json\/wp\/v2\/users\/12"}],"replies":[{"embeddable":true,"href":"https:\/\/transportjournal.com\/fr\/wp-json\/wp\/v2\/comments?post=87674"}],"version-history":[{"count":0,"href":"https:\/\/transportjournal.com\/fr\/wp-json\/wp\/v2\/posts\/87674\/revisions"}],"wp:featuredmedia":[{"embeddable":true,"href":"https:\/\/transportjournal.com\/fr\/wp-json\/wp\/v2\/media\/87672"}],"wp:attachment":[{"href":"https:\/\/transportjournal.com\/fr\/wp-json\/wp\/v2\/media?parent=87674"}],"wp:term":[{"taxonomy":"category","embeddable":true,"href":"https:\/\/transportjournal.com\/fr\/wp-json\/wp\/v2\/categories?post=87674"},{"taxonomy":"post_tag","embeddable":true,"href":"https:\/\/transportjournal.com\/fr\/wp-json\/wp\/v2\/tags?post=87674"}],"curies":[{"name":"wp","href":"https:\/\/api.w.org\/{rel}","templated":true}]}}