{"id":87651,"date":"2026-04-30T10:41:53","date_gmt":"2026-04-30T10:41:53","guid":{"rendered":"https:\/\/transportjournal.com\/2026\/04\/30\/harbor-logistics-nomme-auslund-au-poste-de-ceo\/"},"modified":"2026-04-30T10:41:53","modified_gmt":"2026-04-30T10:41:53","slug":"harbor-logistics-nomme-auslund-au-poste-de-ceo","status":"publish","type":"post","link":"https:\/\/transportjournal.com\/fr\/2026\/04\/30\/harbor-logistics-nomme-auslund-au-poste-de-ceo\/","title":{"rendered":"Harbor Logistics nomme Auslund au poste de CEO"},"content":{"rendered":"<p>Harbor Logistics a nomm\u00e9 Scott Auslund au poste de nouveau directeur g\u00e9n\u00e9ral. La d\u00e9cision de l&#8217;entreprise am\u00e9ricaine bas\u00e9e \u00e0 Charleston, en Caroline du Sud, prendra effet le 4 mai 2026. Auslund apporte plus de 15 ans d&#8217;exp\u00e9rience dans le secteur du transport et de la logistique et s&#8217;est distingu\u00e9 par le d\u00e9veloppement des op\u00e9rations et la cr\u00e9ation de valeur.<\/p>\n<h3>Exp\u00e9rience et orientation strat\u00e9gique<\/h3>\n<p>Auslund, qui a pr\u00e9c\u00e9demment occup\u00e9 le poste de COO chez loop.com, a dirig\u00e9 l&#8217;int\u00e9gration de deux acquisitions et a r\u00e9ussi \u00e0 faire \u00e9voluer l&#8217;entreprise. Auparavant, il \u00e9tait PDG du service de fret technologique Data2Logistics, o\u00f9 il a \u00e9tabli une culture d&#8217;entreprise ax\u00e9e sur le client. Chez GR Holdings, une entreprise de transport lourd, il a \u00e9galement men\u00e9 une transformation vers un prestataire logistique 3PL\/4PL diversifi\u00e9. Sa carri\u00e8re comprend \u00e9galement des postes chez Mariner, Covenant Logistics, Transplace et UPS, o\u00f9 il s&#8217;est concentr\u00e9 sur la mise \u00e0 l&#8217;\u00e9chelle strat\u00e9gique des entreprises.<\/p>\n<p>Marc Kramer, pr\u00e9sident du conseil d&#8217;administration de Harbor Logistics, a comment\u00e9 la nomination d&#8217;Auslund : \u00ab Nous sommes ravis d&#8217;accueillir Scott \u00e0 un moment si d\u00e9cisif pour nous. Sa profondeur op\u00e9rationnelle et son exp\u00e9rience sectorielle font de lui un candidat particuli\u00e8rement adapt\u00e9 pour conduire Harbor vers la prochaine phase. \u00bb<\/p>\n<p>Le nouveau PDG lui-m\u00eame a soulign\u00e9 les opportunit\u00e9s qui s&#8217;offrent \u00e0 lui : \u00ab L&#8217;entreprise a construit une plateforme diff\u00e9renci\u00e9e dans un march\u00e9 attrayant et en croissance. Je suis impatient de travailler avec l&#8217;\u00e9quipe pour acc\u00e9l\u00e9rer la croissance et continuer \u00e0 cr\u00e9er de la valeur pour nos clients et nos parties prenantes. \u00bb<\/p>\n<h3>Transmission de la direction<\/h3>\n<p>Auslund succ\u00e8de \u00e0 Kevin Shuba, qui a dirig\u00e9 Harbor \u00e0 un moment crucial de la croissance de l&#8217;entreprise. Shuba a apport\u00e9 plus de 30 ans d&#8217;exp\u00e9rience dans le secteur du transport et de la logistique et a jou\u00e9 un r\u00f4le central dans l&#8217;int\u00e9gration et l&#8217;expansion de l&#8217;entreprise sur les march\u00e9s du sud-est des \u00c9tats-Unis. Allison Kingsley, fondatrice et partenaire de NOVA Infrastructure, le propri\u00e9taire de Harbor, a salu\u00e9 la contribution de Shuba : \u00ab Kevin est intervenu \u00e0 un moment charni\u00e8re pour Harbor et a fourni le leadership requis. \u00bb<\/p>\n<p>Harbor Logistics pr\u00e9voit de continuer \u00e0 investir dans sa pr\u00e9sence dans la r\u00e9gion de Charleston et dans le sud-est. Parmi les investissements r\u00e9cents, on trouve l&#8217;ouverture d&#8217;un entrep\u00f4t de 57 000 m\u00b2 dans le comt\u00e9 de Dorchester ainsi que le d\u00e9but de la construction d&#8217;une installation de transbordement pour les soja dans le comt\u00e9 de Berkeley. L&#8217;entreprise pr\u00e9voit de pourvoir d&#8217;autres postes de direction dans les semaines \u00e0 venir.<\/p>\n<p>&nbsp;<\/p>\n<p><a href=\"https:\/\/harborlogistics.com\/\" target=\"_blank\" rel=\"noopener noreferrer\">www.harborlogistics.com<\/a><\/p>\n<p>&nbsp;<\/p>\n","protected":false},"excerpt":{"rendered":"<p>Harbor Logistics a nomm\u00e9 Scott Auslund nouveau CEO pour diriger strat\u00e9giquement et d\u00e9velopper l&rsquo;entreprise durant sa phase de croissance.<\/p>\n","protected":false},"author":12,"featured_media":87649,"comment_status":"open","ping_status":"","sticky":false,"template":"","format":"standard","meta":{"_acf_changed":false,"footnotes":""},"categories":[1590,1581,1579,1583],"tags":[44180,44181,44182,5283,20317,44183,20318,44184,3353,32288,4232,44185,44186,17452,23427,44187,2123,44188,44189,44190,44191,44192,44193,44194,44195,20812,3872,44196,2133,44197,1831,44198,44199,11546,3379,4257,44200,2145,2148,1916,44201,44202,9650,2106,3535,3536,3537,44203,44204,11551,2591,44205],"class_list":["post-87651","post","type-post","status-publish","format-standard","has-post-thumbnail","hentry","category-ameriques","category-expedition-et-logistique","category-personnes-et-entreprises","category-transport-maritime-et-ports","tag-3pl-dienstleister","tag-3pl-providers","tag-analyse-de-marche-secteur-du-transport","tag-betriebsablaeufe-optimieren","tag-business-growth","tag-ceo-transport","tag-croissance-des-entreprises","tag-deutsch-harbor-logistics","tag-digitalisierung-logistik","tag-durabilite-du-transport","tag-efficacite-operationnelle","tag-fachkraeftemangel-logistik-english-harbor-logistics","tag-fournisseurs-3pl","tag-frachtservices","tag-freight-services","tag-fuehrungskraefte-logistik","tag-gestion-de-la-chaine-dapprovisionnement","tag-infrastructure-southeast-usa","tag-infrastructure-sud-est-des-etats-unis","tag-infrastruktur-suedosten-usa","tag-installations-de-transbordement","tag-investissements-charleston","tag-investitionen-charleston","tag-investments-charleston","tag-leadership-en-logistique","tag-leadership-in-logistics","tag-logistics-digitalization","tag-logistics-industry-charleston","tag-logistics-service-providers","tag-logistikbranche-charleston","tag-logistikdienstleister","tag-market-analysis-transportation-industry","tag-marktanalyse-transportwirtschaft","tag-nachhaltigkeit-transport","tag-numerisation-logistique","tag-operational-efficiency","tag-pdg-transport","tag-penurie-de-main-doeuvre-logistique","tag-prestataires-de-services-logistiques","tag-schienengueterverkehr","tag-scott-auslund","tag-secteur-logistique-charleston","tag-services-de-fret","tag-supply-chain-management","tag-technologie-dans-la-logistique","tag-technologie-in-der-logistik","tag-technology-in-logistics","tag-transladeeinrichtungen","tag-transloading-facilities","tag-transport-sustainability","tag-unternehmenswachstum","tag-workforce-shortage-logistics-francais-harbor-logistics"],"acf":[],"yoast_head":"<!-- This site is optimized with the Yoast SEO plugin v27.3 - https:\/\/yoast.com\/product\/yoast-seo-wordpress\/ -->\n<title>Harbor Logistics nomme Auslund au poste de CEO - ITJ | International Transport Journal<\/title>\n<meta name=\"robots\" content=\"index, follow, max-snippet:-1, max-image-preview:large, max-video-preview:-1\" \/>\n<link rel=\"canonical\" href=\"https:\/\/transportjournal.com\/fr\/2026\/04\/30\/harbor-logistics-nomme-auslund-au-poste-de-ceo\/\" \/>\n<meta property=\"og:locale\" content=\"fr_FR\" \/>\n<meta property=\"og:type\" content=\"article\" \/>\n<meta property=\"og:title\" content=\"Harbor Logistics nomme Auslund au poste de CEO - ITJ | International Transport Journal\" \/>\n<meta property=\"og:description\" content=\"Harbor Logistics a nomm\u00e9 Scott Auslund nouveau CEO pour diriger strat\u00e9giquement et d\u00e9velopper l&#039;entreprise durant sa phase de croissance.\" \/>\n<meta property=\"og:url\" content=\"https:\/\/transportjournal.com\/fr\/2026\/04\/30\/harbor-logistics-nomme-auslund-au-poste-de-ceo\/\" \/>\n<meta property=\"og:site_name\" content=\"ITJ | International Transport Journal\" \/>\n<meta property=\"article:published_time\" content=\"2026-04-30T10:41:53+00:00\" \/>\n<meta property=\"og:image\" content=\"https:\/\/transportjournal.com\/wp-content\/uploads\/sites\/2\/2026\/04\/Harbor_Logistics_Scott_Auslund-aspect-ratio-1400-788.jpg\" \/>\n\t<meta property=\"og:image:width\" content=\"528\" \/>\n\t<meta property=\"og:image:height\" content=\"298\" \/>\n\t<meta property=\"og:image:type\" content=\"image\/jpeg\" \/>\n<meta name=\"author\" content=\"Andreas Haug\" \/>\n<meta name=\"twitter:card\" content=\"summary_large_image\" \/>\n<meta name=\"twitter:label1\" content=\"\u00c9crit par\" \/>\n\t<meta name=\"twitter:data1\" content=\"Andreas Haug\" \/>\n\t<meta name=\"twitter:label2\" content=\"Dur\u00e9e de lecture estim\u00e9e\" \/>\n\t<meta name=\"twitter:data2\" content=\"2 minutes\" \/>\n<script type=\"application\/ld+json\" class=\"yoast-schema-graph\">{\"@context\":\"https:\\\/\\\/schema.org\",\"@graph\":[{\"@type\":\"Article\",\"@id\":\"https:\\\/\\\/transportjournal.com\\\/fr\\\/2026\\\/04\\\/30\\\/harbor-logistics-nomme-auslund-au-poste-de-ceo\\\/#article\",\"isPartOf\":{\"@id\":\"https:\\\/\\\/transportjournal.com\\\/fr\\\/2026\\\/04\\\/30\\\/harbor-logistics-nomme-auslund-au-poste-de-ceo\\\/\"},\"author\":{\"name\":\"Andreas Haug\",\"@id\":\"https:\\\/\\\/transportjournal.com\\\/fr\\\/#\\\/schema\\\/person\\\/cf538b3157f15afd7589245a4b3dbd25\"},\"headline\":\"Harbor Logistics nomme Auslund au poste de CEO\",\"datePublished\":\"2026-04-30T10:41:53+00:00\",\"mainEntityOfPage\":{\"@id\":\"https:\\\/\\\/transportjournal.com\\\/fr\\\/2026\\\/04\\\/30\\\/harbor-logistics-nomme-auslund-au-poste-de-ceo\\\/\"},\"wordCount\":477,\"commentCount\":0,\"publisher\":{\"@id\":\"https:\\\/\\\/transportjournal.com\\\/fr\\\/#organization\"},\"image\":{\"@id\":\"https:\\\/\\\/transportjournal.com\\\/fr\\\/2026\\\/04\\\/30\\\/harbor-logistics-nomme-auslund-au-poste-de-ceo\\\/#primaryimage\"},\"thumbnailUrl\":\"https:\\\/\\\/transportjournal.com\\\/wp-content\\\/uploads\\\/sites\\\/2\\\/2026\\\/04\\\/Harbor_Logistics_Scott_Auslund-aspect-ratio-1400-788.jpg\",\"keywords\":[\"3PL Dienstleister\",\"3PL providers\",\"analyse de march\u00e9 secteur du transport\",\"Betriebsabl\u00e4ufe optimieren\",\"business growth\",\"CEO Transport\",\"croissance des entreprises\",\"Deutsch Harbor Logistics\",\"Digitalisierung Logistik\",\"durabilit\u00e9 du transport\",\"efficacit\u00e9 op\u00e9rationnelle\",\"Fachkr\u00e4ftemangel Logistik English Harbor Logistics\",\"fournisseurs 3PL\",\"Frachtservices\",\"freight services\",\"F\u00fchrungskr\u00e4fte Logistik\",\"gestion de la cha\u00eene d'approvisionnement\",\"infrastructure Southeast USA\",\"infrastructure sud-est des \u00c9tats-Unis\",\"Infrastruktur S\u00fcdosten USA\",\"installations de transbordement\",\"investissements Charleston\",\"Investitionen Charleston\",\"investments Charleston\",\"leadership en logistique\",\"leadership in logistics\",\"logistics digitalization\",\"logistics industry Charleston\",\"logistics service providers\",\"Logistikbranche Charleston\",\"Logistikdienstleister\",\"market analysis transportation industry\",\"Marktanalyse Transportwirtschaft\",\"Nachhaltigkeit Transport\",\"num\u00e9risation logistique\",\"operational efficiency\",\"PDG transport\",\"p\u00e9nurie de main-d'\u0153uvre logistique\",\"prestataires de services logistiques\",\"Schieneng\u00fcterverkehr\",\"Scott Auslund\",\"secteur logistique Charleston\",\"services de fret\",\"Supply Chain Management\",\"technologie dans la logistique\",\"Technologie in der Logistik\",\"technology in logistics\",\"Transladeeinrichtungen\",\"transloading facilities\",\"transport sustainability\",\"Unternehmenswachstum\",\"workforce shortage logistics Fran\u00e7ais Harbor Logistics\"],\"articleSection\":[\"Am\u00e9riques\",\"Exp\u00e9dition de fret et logistique\",\"Personnes et entreprises\",\"Transport maritime et ports\"],\"inLanguage\":\"fr-FR\",\"potentialAction\":[{\"@type\":\"CommentAction\",\"name\":\"Comment\",\"target\":[\"https:\\\/\\\/transportjournal.com\\\/fr\\\/2026\\\/04\\\/30\\\/harbor-logistics-nomme-auslund-au-poste-de-ceo\\\/#respond\"]}]},{\"@type\":\"WebPage\",\"@id\":\"https:\\\/\\\/transportjournal.com\\\/fr\\\/2026\\\/04\\\/30\\\/harbor-logistics-nomme-auslund-au-poste-de-ceo\\\/\",\"url\":\"https:\\\/\\\/transportjournal.com\\\/fr\\\/2026\\\/04\\\/30\\\/harbor-logistics-nomme-auslund-au-poste-de-ceo\\\/\",\"name\":\"Harbor Logistics nomme Auslund au poste de CEO - ITJ | International Transport Journal\",\"isPartOf\":{\"@id\":\"https:\\\/\\\/transportjournal.com\\\/fr\\\/#website\"},\"primaryImageOfPage\":{\"@id\":\"https:\\\/\\\/transportjournal.com\\\/fr\\\/2026\\\/04\\\/30\\\/harbor-logistics-nomme-auslund-au-poste-de-ceo\\\/#primaryimage\"},\"image\":{\"@id\":\"https:\\\/\\\/transportjournal.com\\\/fr\\\/2026\\\/04\\\/30\\\/harbor-logistics-nomme-auslund-au-poste-de-ceo\\\/#primaryimage\"},\"thumbnailUrl\":\"https:\\\/\\\/transportjournal.com\\\/wp-content\\\/uploads\\\/sites\\\/2\\\/2026\\\/04\\\/Harbor_Logistics_Scott_Auslund-aspect-ratio-1400-788.jpg\",\"datePublished\":\"2026-04-30T10:41:53+00:00\",\"breadcrumb\":{\"@id\":\"https:\\\/\\\/transportjournal.com\\\/fr\\\/2026\\\/04\\\/30\\\/harbor-logistics-nomme-auslund-au-poste-de-ceo\\\/#breadcrumb\"},\"inLanguage\":\"fr-FR\",\"potentialAction\":[{\"@type\":\"ReadAction\",\"target\":[\"https:\\\/\\\/transportjournal.com\\\/fr\\\/2026\\\/04\\\/30\\\/harbor-logistics-nomme-auslund-au-poste-de-ceo\\\/\"]}]},{\"@type\":\"ImageObject\",\"inLanguage\":\"fr-FR\",\"@id\":\"https:\\\/\\\/transportjournal.com\\\/fr\\\/2026\\\/04\\\/30\\\/harbor-logistics-nomme-auslund-au-poste-de-ceo\\\/#primaryimage\",\"url\":\"https:\\\/\\\/transportjournal.com\\\/wp-content\\\/uploads\\\/sites\\\/2\\\/2026\\\/04\\\/Harbor_Logistics_Scott_Auslund-aspect-ratio-1400-788.jpg\",\"contentUrl\":\"https:\\\/\\\/transportjournal.com\\\/wp-content\\\/uploads\\\/sites\\\/2\\\/2026\\\/04\\\/Harbor_Logistics_Scott_Auslund-aspect-ratio-1400-788.jpg\",\"width\":528,\"height\":298},{\"@type\":\"BreadcrumbList\",\"@id\":\"https:\\\/\\\/transportjournal.com\\\/fr\\\/2026\\\/04\\\/30\\\/harbor-logistics-nomme-auslund-au-poste-de-ceo\\\/#breadcrumb\",\"itemListElement\":[{\"@type\":\"ListItem\",\"position\":1,\"name\":\"Startseite\",\"item\":\"https:\\\/\\\/transportjournal.com\\\/fr\\\/\"},{\"@type\":\"ListItem\",\"position\":2,\"name\":\"Harbor Logistics nomme Auslund au poste de CEO\"}]},{\"@type\":\"WebSite\",\"@id\":\"https:\\\/\\\/transportjournal.com\\\/fr\\\/#website\",\"url\":\"https:\\\/\\\/transportjournal.com\\\/fr\\\/\",\"name\":\"ITJ | International Transport Journal\",\"description\":\"Restez inform\u00e9 des derni\u00e8res nouvelles mondiales dans les secteurs du transport, de la logistique et de la cha\u00eene d'approvisionnement. Transport Journal fournit des informations d'experts, des analyses et des mises \u00e0 jour sur le transport maritime, l'aviation, l'intermodalit\u00e9 et l'exp\u00e9dition. \",\"publisher\":{\"@id\":\"https:\\\/\\\/transportjournal.com\\\/fr\\\/#organization\"},\"potentialAction\":[{\"@type\":\"SearchAction\",\"target\":{\"@type\":\"EntryPoint\",\"urlTemplate\":\"https:\\\/\\\/transportjournal.com\\\/fr\\\/?s={search_term_string}\"},\"query-input\":{\"@type\":\"PropertyValueSpecification\",\"valueRequired\":true,\"valueName\":\"search_term_string\"}}],\"inLanguage\":\"fr-FR\"},{\"@type\":\"Organization\",\"@id\":\"https:\\\/\\\/transportjournal.com\\\/fr\\\/#organization\",\"name\":\"Groupe Logismedia AG\",\"alternateName\":\"Logismedia Group AG\",\"url\":\"https:\\\/\\\/transportjournal.com\\\/fr\\\/\",\"logo\":{\"@type\":\"ImageObject\",\"inLanguage\":\"fr-FR\",\"@id\":\"https:\\\/\\\/transportjournal.com\\\/fr\\\/#\\\/schema\\\/logo\\\/image\\\/\",\"url\":\"https:\\\/\\\/transportjournal.com\\\/wp-content\\\/uploads\\\/sites\\\/2\\\/2025\\\/09\\\/Logo_ITJ.png\",\"contentUrl\":\"https:\\\/\\\/transportjournal.com\\\/wp-content\\\/uploads\\\/sites\\\/2\\\/2025\\\/09\\\/Logo_ITJ.png\",\"width\":799,\"height\":326,\"caption\":\"Groupe Logismedia AG\"},\"image\":{\"@id\":\"https:\\\/\\\/transportjournal.com\\\/fr\\\/#\\\/schema\\\/logo\\\/image\\\/\"},\"sameAs\":[\"https:\\\/\\\/www.linkedin.com\\\/company\\\/56456496\\\/admin\\\/dashboard\\\/\",\"https:\\\/\\\/www.instagram.com\\\/logismediagroup\\\/\",\"https:\\\/\\\/www.youtube.com\\\/@LogiamediaGroupAG\"]},{\"@type\":\"Person\",\"@id\":\"https:\\\/\\\/transportjournal.com\\\/fr\\\/#\\\/schema\\\/person\\\/cf538b3157f15afd7589245a4b3dbd25\",\"name\":\"Andreas Haug\",\"url\":\"https:\\\/\\\/transportjournal.com\\\/fr\\\/author\\\/andreas\\\/\"}]}<\/script>\n<!-- \/ Yoast SEO plugin. -->","yoast_head_json":{"title":"Harbor Logistics nomme Auslund au poste de CEO - ITJ | International Transport Journal","robots":{"index":"index","follow":"follow","max-snippet":"max-snippet:-1","max-image-preview":"max-image-preview:large","max-video-preview":"max-video-preview:-1"},"canonical":"https:\/\/transportjournal.com\/fr\/2026\/04\/30\/harbor-logistics-nomme-auslund-au-poste-de-ceo\/","og_locale":"fr_FR","og_type":"article","og_title":"Harbor Logistics nomme Auslund au poste de CEO - ITJ | International Transport Journal","og_description":"Harbor Logistics a nomm\u00e9 Scott Auslund nouveau CEO pour diriger strat\u00e9giquement et d\u00e9velopper l'entreprise durant sa phase de croissance.","og_url":"https:\/\/transportjournal.com\/fr\/2026\/04\/30\/harbor-logistics-nomme-auslund-au-poste-de-ceo\/","og_site_name":"ITJ | International Transport Journal","article_published_time":"2026-04-30T10:41:53+00:00","og_image":[{"width":528,"height":298,"url":"https:\/\/transportjournal.com\/wp-content\/uploads\/sites\/2\/2026\/04\/Harbor_Logistics_Scott_Auslund-aspect-ratio-1400-788.jpg","type":"image\/jpeg"}],"author":"Andreas Haug","twitter_card":"summary_large_image","twitter_misc":{"\u00c9crit par":"Andreas Haug","Dur\u00e9e de lecture estim\u00e9e":"2 minutes"},"schema":{"@context":"https:\/\/schema.org","@graph":[{"@type":"Article","@id":"https:\/\/transportjournal.com\/fr\/2026\/04\/30\/harbor-logistics-nomme-auslund-au-poste-de-ceo\/#article","isPartOf":{"@id":"https:\/\/transportjournal.com\/fr\/2026\/04\/30\/harbor-logistics-nomme-auslund-au-poste-de-ceo\/"},"author":{"name":"Andreas Haug","@id":"https:\/\/transportjournal.com\/fr\/#\/schema\/person\/cf538b3157f15afd7589245a4b3dbd25"},"headline":"Harbor Logistics nomme Auslund au poste de CEO","datePublished":"2026-04-30T10:41:53+00:00","mainEntityOfPage":{"@id":"https:\/\/transportjournal.com\/fr\/2026\/04\/30\/harbor-logistics-nomme-auslund-au-poste-de-ceo\/"},"wordCount":477,"commentCount":0,"publisher":{"@id":"https:\/\/transportjournal.com\/fr\/#organization"},"image":{"@id":"https:\/\/transportjournal.com\/fr\/2026\/04\/30\/harbor-logistics-nomme-auslund-au-poste-de-ceo\/#primaryimage"},"thumbnailUrl":"https:\/\/transportjournal.com\/wp-content\/uploads\/sites\/2\/2026\/04\/Harbor_Logistics_Scott_Auslund-aspect-ratio-1400-788.jpg","keywords":["3PL Dienstleister","3PL providers","analyse de march\u00e9 secteur du transport","Betriebsabl\u00e4ufe optimieren","business growth","CEO Transport","croissance des entreprises","Deutsch Harbor Logistics","Digitalisierung Logistik","durabilit\u00e9 du transport","efficacit\u00e9 op\u00e9rationnelle","Fachkr\u00e4ftemangel Logistik English Harbor Logistics","fournisseurs 3PL","Frachtservices","freight services","F\u00fchrungskr\u00e4fte Logistik","gestion de la cha\u00eene d'approvisionnement","infrastructure Southeast USA","infrastructure sud-est des \u00c9tats-Unis","Infrastruktur S\u00fcdosten USA","installations de transbordement","investissements Charleston","Investitionen Charleston","investments Charleston","leadership en logistique","leadership in logistics","logistics digitalization","logistics industry Charleston","logistics service providers","Logistikbranche Charleston","Logistikdienstleister","market analysis transportation industry","Marktanalyse Transportwirtschaft","Nachhaltigkeit Transport","num\u00e9risation logistique","operational efficiency","PDG transport","p\u00e9nurie de main-d'\u0153uvre logistique","prestataires de services logistiques","Schieneng\u00fcterverkehr","Scott Auslund","secteur logistique Charleston","services de fret","Supply Chain Management","technologie dans la logistique","Technologie in der Logistik","technology in logistics","Transladeeinrichtungen","transloading facilities","transport sustainability","Unternehmenswachstum","workforce shortage logistics Fran\u00e7ais Harbor Logistics"],"articleSection":["Am\u00e9riques","Exp\u00e9dition de fret et logistique","Personnes et entreprises","Transport maritime et ports"],"inLanguage":"fr-FR","potentialAction":[{"@type":"CommentAction","name":"Comment","target":["https:\/\/transportjournal.com\/fr\/2026\/04\/30\/harbor-logistics-nomme-auslund-au-poste-de-ceo\/#respond"]}]},{"@type":"WebPage","@id":"https:\/\/transportjournal.com\/fr\/2026\/04\/30\/harbor-logistics-nomme-auslund-au-poste-de-ceo\/","url":"https:\/\/transportjournal.com\/fr\/2026\/04\/30\/harbor-logistics-nomme-auslund-au-poste-de-ceo\/","name":"Harbor Logistics nomme Auslund au poste de CEO - ITJ | International Transport Journal","isPartOf":{"@id":"https:\/\/transportjournal.com\/fr\/#website"},"primaryImageOfPage":{"@id":"https:\/\/transportjournal.com\/fr\/2026\/04\/30\/harbor-logistics-nomme-auslund-au-poste-de-ceo\/#primaryimage"},"image":{"@id":"https:\/\/transportjournal.com\/fr\/2026\/04\/30\/harbor-logistics-nomme-auslund-au-poste-de-ceo\/#primaryimage"},"thumbnailUrl":"https:\/\/transportjournal.com\/wp-content\/uploads\/sites\/2\/2026\/04\/Harbor_Logistics_Scott_Auslund-aspect-ratio-1400-788.jpg","datePublished":"2026-04-30T10:41:53+00:00","breadcrumb":{"@id":"https:\/\/transportjournal.com\/fr\/2026\/04\/30\/harbor-logistics-nomme-auslund-au-poste-de-ceo\/#breadcrumb"},"inLanguage":"fr-FR","potentialAction":[{"@type":"ReadAction","target":["https:\/\/transportjournal.com\/fr\/2026\/04\/30\/harbor-logistics-nomme-auslund-au-poste-de-ceo\/"]}]},{"@type":"ImageObject","inLanguage":"fr-FR","@id":"https:\/\/transportjournal.com\/fr\/2026\/04\/30\/harbor-logistics-nomme-auslund-au-poste-de-ceo\/#primaryimage","url":"https:\/\/transportjournal.com\/wp-content\/uploads\/sites\/2\/2026\/04\/Harbor_Logistics_Scott_Auslund-aspect-ratio-1400-788.jpg","contentUrl":"https:\/\/transportjournal.com\/wp-content\/uploads\/sites\/2\/2026\/04\/Harbor_Logistics_Scott_Auslund-aspect-ratio-1400-788.jpg","width":528,"height":298},{"@type":"BreadcrumbList","@id":"https:\/\/transportjournal.com\/fr\/2026\/04\/30\/harbor-logistics-nomme-auslund-au-poste-de-ceo\/#breadcrumb","itemListElement":[{"@type":"ListItem","position":1,"name":"Startseite","item":"https:\/\/transportjournal.com\/fr\/"},{"@type":"ListItem","position":2,"name":"Harbor Logistics nomme Auslund au poste de CEO"}]},{"@type":"WebSite","@id":"https:\/\/transportjournal.com\/fr\/#website","url":"https:\/\/transportjournal.com\/fr\/","name":"ITJ | International Transport Journal","description":"Restez inform\u00e9 des derni\u00e8res nouvelles mondiales dans les secteurs du transport, de la logistique et de la cha\u00eene d'approvisionnement. Transport Journal fournit des informations d'experts, des analyses et des mises \u00e0 jour sur le transport maritime, l'aviation, l'intermodalit\u00e9 et l'exp\u00e9dition. ","publisher":{"@id":"https:\/\/transportjournal.com\/fr\/#organization"},"potentialAction":[{"@type":"SearchAction","target":{"@type":"EntryPoint","urlTemplate":"https:\/\/transportjournal.com\/fr\/?s={search_term_string}"},"query-input":{"@type":"PropertyValueSpecification","valueRequired":true,"valueName":"search_term_string"}}],"inLanguage":"fr-FR"},{"@type":"Organization","@id":"https:\/\/transportjournal.com\/fr\/#organization","name":"Groupe Logismedia AG","alternateName":"Logismedia Group AG","url":"https:\/\/transportjournal.com\/fr\/","logo":{"@type":"ImageObject","inLanguage":"fr-FR","@id":"https:\/\/transportjournal.com\/fr\/#\/schema\/logo\/image\/","url":"https:\/\/transportjournal.com\/wp-content\/uploads\/sites\/2\/2025\/09\/Logo_ITJ.png","contentUrl":"https:\/\/transportjournal.com\/wp-content\/uploads\/sites\/2\/2025\/09\/Logo_ITJ.png","width":799,"height":326,"caption":"Groupe Logismedia AG"},"image":{"@id":"https:\/\/transportjournal.com\/fr\/#\/schema\/logo\/image\/"},"sameAs":["https:\/\/www.linkedin.com\/company\/56456496\/admin\/dashboard\/","https:\/\/www.instagram.com\/logismediagroup\/","https:\/\/www.youtube.com\/@LogiamediaGroupAG"]},{"@type":"Person","@id":"https:\/\/transportjournal.com\/fr\/#\/schema\/person\/cf538b3157f15afd7589245a4b3dbd25","name":"Andreas Haug","url":"https:\/\/transportjournal.com\/fr\/author\/andreas\/"}]}},"_links":{"self":[{"href":"https:\/\/transportjournal.com\/fr\/wp-json\/wp\/v2\/posts\/87651","targetHints":{"allow":["GET"]}}],"collection":[{"href":"https:\/\/transportjournal.com\/fr\/wp-json\/wp\/v2\/posts"}],"about":[{"href":"https:\/\/transportjournal.com\/fr\/wp-json\/wp\/v2\/types\/post"}],"author":[{"embeddable":true,"href":"https:\/\/transportjournal.com\/fr\/wp-json\/wp\/v2\/users\/12"}],"replies":[{"embeddable":true,"href":"https:\/\/transportjournal.com\/fr\/wp-json\/wp\/v2\/comments?post=87651"}],"version-history":[{"count":0,"href":"https:\/\/transportjournal.com\/fr\/wp-json\/wp\/v2\/posts\/87651\/revisions"}],"wp:featuredmedia":[{"embeddable":true,"href":"https:\/\/transportjournal.com\/fr\/wp-json\/wp\/v2\/media\/87649"}],"wp:attachment":[{"href":"https:\/\/transportjournal.com\/fr\/wp-json\/wp\/v2\/media?parent=87651"}],"wp:term":[{"taxonomy":"category","embeddable":true,"href":"https:\/\/transportjournal.com\/fr\/wp-json\/wp\/v2\/categories?post=87651"},{"taxonomy":"post_tag","embeddable":true,"href":"https:\/\/transportjournal.com\/fr\/wp-json\/wp\/v2\/tags?post=87651"}],"curies":[{"name":"wp","href":"https:\/\/api.w.org\/{rel}","templated":true}]}}