{"id":87636,"date":"2026-04-30T10:32:33","date_gmt":"2026-04-30T10:32:33","guid":{"rendered":"https:\/\/transportjournal.com\/2026\/04\/30\/la-coalition-proteste-contre-la-fusion-ferroviaire-aux-etats-unis\/"},"modified":"2026-04-30T12:45:02","modified_gmt":"2026-04-30T10:45:02","slug":"la-coalition-proteste-contre-la-fusion-ferroviaire-aux-etats-unis","status":"publish","type":"post","link":"https:\/\/transportjournal.com\/fr\/2026\/04\/30\/la-coalition-proteste-contre-la-fusion-ferroviaire-aux-etats-unis\/","title":{"rendered":"La coalition proteste contre la fusion ferroviaire aux \u00c9tats-Unis"},"content":{"rendered":"<p>Une nouvelle coalition s&#8217;est form\u00e9e pour protester contre la fusion pr\u00e9vue des compagnies ferroviaires Union Pacific et Norfolk Southern. La \u00ab Stop the Rail Merger Coalition \u00bb regroupe divers acteurs de l&#8217;\u00e9conomie am\u00e9ricaine qui expriment des pr\u00e9occupations concernant les cons\u00e9quences de cette fusion. Si le rapprochement se concr\u00e9tise, il cr\u00e9erait la plus grande compagnie ferroviaire consolid\u00e9e de l&#8217;histoire des \u00c9tats-Unis et transf\u00e9rerait \u00e0 une seule entreprise le contr\u00f4le de pr\u00e8s de la moiti\u00e9 de l&#8217;ensemble du trafic ferroviaire du pays, comme l&#8217;a r\u00e9cemment indiqu\u00e9 BNSF.<\/p>\n<p>La coalition, qui comprend notamment l&#8217;American Chemistry Council, l&#8217;American Farm Bureau Federation, la Teamsters Rail Conference ainsi que plusieurs op\u00e9rateurs ferroviaires tels que BNSF Railway et CPKC Railway, met en garde contre les cons\u00e9quences n\u00e9gatives potentielles de la fusion. Selon ses membres, la concurrence dans le secteur ferroviaire pourrait \u00eatre consid\u00e9rablement r\u00e9duite, ce qui entra\u00eenerait des co\u00fbts plus \u00e9lev\u00e9s pour les fabricants, les agriculteurs et les consommateurs am\u00e9ricains.<\/p>\n<p><a href=\"https:\/\/www.bnsf.com\/\" target=\"_blank\" rel=\"noopener noreferrer\">www.bnsf.com<\/a><\/p>\n","protected":false},"excerpt":{"rendered":"<p>Une nouvelle coalition, la \u00ab Stop the Rail Merger Coalition \u00bb, proteste contre la fusion de Union Pacific et Norfolk Southern et exige un examen approfondi des impacts.<\/p>\n","protected":false},"author":10,"featured_media":87634,"comment_status":"open","ping_status":"","sticky":false,"template":"","format":"standard","meta":{"_acf_changed":false,"footnotes":""},"categories":[1590,1580],"tags":[44156,44157,44158,22034,44159,44160,44161,6154,37607,44162,6158,3353,3354,41877,15537,44163,44164,44165,32639,44166,44167,44168,44169,4165,44170,44171,3787,2381,44172,11546,1914,3379,15295,3796,44173,32659,44174,44175,44176,41898,44177,37643,37644,6187,15558,44178,44179],"class_list":["post-87636","post","type-post","status-publish","format-standard","has-post-thumbnail","hentry","category-ameriques","category-intermodal-route","tag-agriculture-americaine","tag-american-agriculture","tag-amerikanische-landwirtschaft","tag-bnsf-railway","tag-chemical-industry-usa","tag-chemieindustrie-usa","tag-competition-rail-sector","tag-concurrence-secteur-ferroviaire","tag-couts-de-transport-usa","tag-cpkc-railway","tag-deutsch-eisenbahnfusion","tag-digitalisierung-logistik","tag-digitalization-logistics","tag-durabilite-transport","tag-economie-americaine","tag-eisenbahngesellschaften","tag-eisenbahninfrastruktur-english-rail-merger","tag-eisenbahnverkehr-usa","tag-entreprises-ferroviaires","tag-fachkraeftemangel-eisenbahn","tag-fusion-auswirkungen","tag-implications-de-fusion","tag-industrie-chimique-usa","tag-infrastructure-ferroviaire","tag-infrastruktur-eisenbahn","tag-labor-shortage-rail","tag-logistics-providers-usa","tag-logistikdienstleister-usa","tag-merger-implications","tag-nachhaltigkeit-transport","tag-norfolk-southern","tag-numerisation-logistique","tag-penurie-de-main-doeuvre-ferroviaire","tag-prestataires-logistiques-usa","tag-rail-transport-usa","tag-railway-companies","tag-railway-infrastructure","tag-railway-infrastructure-francais-fusion-ferroviaire","tag-stop-the-rail-merger-coalition","tag-sustainability-transport","tag-transport-ferroviaire-usa","tag-transportation-costs-usa","tag-transportkosten-usa","tag-union-pacific","tag-us-economy","tag-us-wirtschaft","tag-wettbewerb-eisenbahnsektor"],"acf":[],"yoast_head":"<!-- This site is optimized with the Yoast SEO plugin v27.3 - https:\/\/yoast.com\/product\/yoast-seo-wordpress\/ -->\n<title>La coalition proteste contre la fusion ferroviaire aux \u00c9tats-Unis - ITJ | International Transport Journal<\/title>\n<meta name=\"robots\" content=\"index, follow, max-snippet:-1, max-image-preview:large, max-video-preview:-1\" \/>\n<link rel=\"canonical\" href=\"https:\/\/transportjournal.com\/fr\/2026\/04\/30\/la-coalition-proteste-contre-la-fusion-ferroviaire-aux-etats-unis\/\" \/>\n<meta property=\"og:locale\" content=\"fr_FR\" \/>\n<meta property=\"og:type\" content=\"article\" \/>\n<meta property=\"og:title\" content=\"La coalition proteste contre la fusion ferroviaire aux \u00c9tats-Unis - ITJ | International Transport Journal\" \/>\n<meta property=\"og:description\" content=\"Une nouvelle coalition, la \u00ab Stop the Rail Merger Coalition \u00bb, proteste contre la fusion de Union Pacific et Norfolk Southern et exige un examen approfondi des impacts.\" \/>\n<meta property=\"og:url\" content=\"https:\/\/transportjournal.com\/fr\/2026\/04\/30\/la-coalition-proteste-contre-la-fusion-ferroviaire-aux-etats-unis\/\" \/>\n<meta property=\"og:site_name\" content=\"ITJ | International Transport Journal\" \/>\n<meta property=\"article:published_time\" content=\"2026-04-30T10:32:33+00:00\" \/>\n<meta property=\"article:modified_time\" content=\"2026-04-30T10:45:02+00:00\" \/>\n<meta property=\"og:image\" content=\"https:\/\/transportjournal.com\/wp-content\/uploads\/sites\/2\/2026\/04\/AdobeStock_134980528-2-scaled-aspect-ratio-1400-788-1-scaled-1.jpeg\" \/>\n\t<meta property=\"og:image:width\" content=\"2560\" \/>\n\t<meta property=\"og:image:height\" content=\"1440\" \/>\n\t<meta property=\"og:image:type\" content=\"image\/jpeg\" \/>\n<meta name=\"author\" content=\"Jeremy Soland\" \/>\n<meta name=\"twitter:card\" content=\"summary_large_image\" \/>\n<meta name=\"twitter:label1\" content=\"\u00c9crit par\" \/>\n\t<meta name=\"twitter:data1\" content=\"Jeremy Soland\" \/>\n\t<meta name=\"twitter:label2\" content=\"Dur\u00e9e de lecture estim\u00e9e\" \/>\n\t<meta name=\"twitter:data2\" content=\"1 minute\" \/>\n<script type=\"application\/ld+json\" class=\"yoast-schema-graph\">{\"@context\":\"https:\\\/\\\/schema.org\",\"@graph\":[{\"@type\":\"Article\",\"@id\":\"https:\\\/\\\/transportjournal.com\\\/fr\\\/2026\\\/04\\\/30\\\/la-coalition-proteste-contre-la-fusion-ferroviaire-aux-etats-unis\\\/#article\",\"isPartOf\":{\"@id\":\"https:\\\/\\\/transportjournal.com\\\/fr\\\/2026\\\/04\\\/30\\\/la-coalition-proteste-contre-la-fusion-ferroviaire-aux-etats-unis\\\/\"},\"author\":{\"name\":\"Jeremy Soland\",\"@id\":\"https:\\\/\\\/transportjournal.com\\\/fr\\\/#\\\/schema\\\/person\\\/41d36b5474b623392fa613e97e2363fa\"},\"headline\":\"La coalition proteste contre la fusion ferroviaire aux \u00c9tats-Unis\",\"datePublished\":\"2026-04-30T10:32:33+00:00\",\"dateModified\":\"2026-04-30T10:45:02+00:00\",\"mainEntityOfPage\":{\"@id\":\"https:\\\/\\\/transportjournal.com\\\/fr\\\/2026\\\/04\\\/30\\\/la-coalition-proteste-contre-la-fusion-ferroviaire-aux-etats-unis\\\/\"},\"wordCount\":190,\"commentCount\":0,\"publisher\":{\"@id\":\"https:\\\/\\\/transportjournal.com\\\/fr\\\/#organization\"},\"image\":{\"@id\":\"https:\\\/\\\/transportjournal.com\\\/fr\\\/2026\\\/04\\\/30\\\/la-coalition-proteste-contre-la-fusion-ferroviaire-aux-etats-unis\\\/#primaryimage\"},\"thumbnailUrl\":\"https:\\\/\\\/transportjournal.com\\\/wp-content\\\/uploads\\\/sites\\\/2\\\/2026\\\/04\\\/AdobeStock_134980528-2-scaled-aspect-ratio-1400-788-1-scaled-1.jpeg\",\"keywords\":[\"agriculture am\u00e9ricaine\",\"American agriculture\",\"amerikanische Landwirtschaft\",\"BNSF Railway\",\"chemical industry USA\",\"Chemieindustrie USA\",\"competition rail sector\",\"concurrence secteur ferroviaire\",\"co\u00fbts de transport USA\",\"CPKC Railway\",\"Deutsch Eisenbahnfusion\",\"Digitalisierung Logistik\",\"digitalization logistics\",\"durabilit\u00e9 transport\",\"\u00e9conomie am\u00e9ricaine\",\"Eisenbahngesellschaften\",\"Eisenbahninfrastruktur English rail merger\",\"Eisenbahnverkehr USA\",\"entreprises ferroviaires\",\"Fachkr\u00e4ftemangel Eisenbahn\",\"Fusion Auswirkungen\",\"implications de fusion\",\"industrie chimique USA\",\"infrastructure ferroviaire\",\"Infrastruktur Eisenbahn\",\"labor shortage rail\",\"logistics providers USA\",\"Logistikdienstleister USA\",\"merger implications\",\"Nachhaltigkeit Transport\",\"Norfolk Southern\",\"num\u00e9risation logistique\",\"p\u00e9nurie de main-d'\u0153uvre ferroviaire\",\"prestataires logistiques USA\",\"rail transport USA\",\"railway companies\",\"railway infrastructure\",\"railway infrastructure Fran\u00e7ais fusion ferroviaire\",\"Stop the Rail Merger Coalition\",\"sustainability transport\",\"transport ferroviaire USA\",\"transportation costs USA\",\"Transportkosten USA\",\"Union Pacific\",\"US economy\",\"US-Wirtschaft\",\"Wettbewerb Eisenbahnsektor\"],\"articleSection\":[\"Am\u00e9riques\",\"Intermodal \\\/ Route\"],\"inLanguage\":\"fr-FR\",\"potentialAction\":[{\"@type\":\"CommentAction\",\"name\":\"Comment\",\"target\":[\"https:\\\/\\\/transportjournal.com\\\/fr\\\/2026\\\/04\\\/30\\\/la-coalition-proteste-contre-la-fusion-ferroviaire-aux-etats-unis\\\/#respond\"]}]},{\"@type\":\"WebPage\",\"@id\":\"https:\\\/\\\/transportjournal.com\\\/fr\\\/2026\\\/04\\\/30\\\/la-coalition-proteste-contre-la-fusion-ferroviaire-aux-etats-unis\\\/\",\"url\":\"https:\\\/\\\/transportjournal.com\\\/fr\\\/2026\\\/04\\\/30\\\/la-coalition-proteste-contre-la-fusion-ferroviaire-aux-etats-unis\\\/\",\"name\":\"La coalition proteste contre la fusion ferroviaire aux \u00c9tats-Unis - ITJ | International Transport Journal\",\"isPartOf\":{\"@id\":\"https:\\\/\\\/transportjournal.com\\\/fr\\\/#website\"},\"primaryImageOfPage\":{\"@id\":\"https:\\\/\\\/transportjournal.com\\\/fr\\\/2026\\\/04\\\/30\\\/la-coalition-proteste-contre-la-fusion-ferroviaire-aux-etats-unis\\\/#primaryimage\"},\"image\":{\"@id\":\"https:\\\/\\\/transportjournal.com\\\/fr\\\/2026\\\/04\\\/30\\\/la-coalition-proteste-contre-la-fusion-ferroviaire-aux-etats-unis\\\/#primaryimage\"},\"thumbnailUrl\":\"https:\\\/\\\/transportjournal.com\\\/wp-content\\\/uploads\\\/sites\\\/2\\\/2026\\\/04\\\/AdobeStock_134980528-2-scaled-aspect-ratio-1400-788-1-scaled-1.jpeg\",\"datePublished\":\"2026-04-30T10:32:33+00:00\",\"dateModified\":\"2026-04-30T10:45:02+00:00\",\"breadcrumb\":{\"@id\":\"https:\\\/\\\/transportjournal.com\\\/fr\\\/2026\\\/04\\\/30\\\/la-coalition-proteste-contre-la-fusion-ferroviaire-aux-etats-unis\\\/#breadcrumb\"},\"inLanguage\":\"fr-FR\",\"potentialAction\":[{\"@type\":\"ReadAction\",\"target\":[\"https:\\\/\\\/transportjournal.com\\\/fr\\\/2026\\\/04\\\/30\\\/la-coalition-proteste-contre-la-fusion-ferroviaire-aux-etats-unis\\\/\"]}]},{\"@type\":\"ImageObject\",\"inLanguage\":\"fr-FR\",\"@id\":\"https:\\\/\\\/transportjournal.com\\\/fr\\\/2026\\\/04\\\/30\\\/la-coalition-proteste-contre-la-fusion-ferroviaire-aux-etats-unis\\\/#primaryimage\",\"url\":\"https:\\\/\\\/transportjournal.com\\\/wp-content\\\/uploads\\\/sites\\\/2\\\/2026\\\/04\\\/AdobeStock_134980528-2-scaled-aspect-ratio-1400-788-1-scaled-1.jpeg\",\"contentUrl\":\"https:\\\/\\\/transportjournal.com\\\/wp-content\\\/uploads\\\/sites\\\/2\\\/2026\\\/04\\\/AdobeStock_134980528-2-scaled-aspect-ratio-1400-788-1-scaled-1.jpeg\",\"width\":2560,\"height\":1440},{\"@type\":\"BreadcrumbList\",\"@id\":\"https:\\\/\\\/transportjournal.com\\\/fr\\\/2026\\\/04\\\/30\\\/la-coalition-proteste-contre-la-fusion-ferroviaire-aux-etats-unis\\\/#breadcrumb\",\"itemListElement\":[{\"@type\":\"ListItem\",\"position\":1,\"name\":\"Startseite\",\"item\":\"https:\\\/\\\/transportjournal.com\\\/fr\\\/\"},{\"@type\":\"ListItem\",\"position\":2,\"name\":\"La coalition proteste contre la fusion ferroviaire aux \u00c9tats-Unis\"}]},{\"@type\":\"WebSite\",\"@id\":\"https:\\\/\\\/transportjournal.com\\\/fr\\\/#website\",\"url\":\"https:\\\/\\\/transportjournal.com\\\/fr\\\/\",\"name\":\"ITJ | International Transport Journal\",\"description\":\"Restez inform\u00e9 des derni\u00e8res nouvelles mondiales dans les secteurs du transport, de la logistique et de la cha\u00eene d'approvisionnement. Transport Journal fournit des informations d'experts, des analyses et des mises \u00e0 jour sur le transport maritime, l'aviation, l'intermodalit\u00e9 et l'exp\u00e9dition. \",\"publisher\":{\"@id\":\"https:\\\/\\\/transportjournal.com\\\/fr\\\/#organization\"},\"potentialAction\":[{\"@type\":\"SearchAction\",\"target\":{\"@type\":\"EntryPoint\",\"urlTemplate\":\"https:\\\/\\\/transportjournal.com\\\/fr\\\/?s={search_term_string}\"},\"query-input\":{\"@type\":\"PropertyValueSpecification\",\"valueRequired\":true,\"valueName\":\"search_term_string\"}}],\"inLanguage\":\"fr-FR\"},{\"@type\":\"Organization\",\"@id\":\"https:\\\/\\\/transportjournal.com\\\/fr\\\/#organization\",\"name\":\"Groupe Logismedia AG\",\"alternateName\":\"Logismedia Group AG\",\"url\":\"https:\\\/\\\/transportjournal.com\\\/fr\\\/\",\"logo\":{\"@type\":\"ImageObject\",\"inLanguage\":\"fr-FR\",\"@id\":\"https:\\\/\\\/transportjournal.com\\\/fr\\\/#\\\/schema\\\/logo\\\/image\\\/\",\"url\":\"https:\\\/\\\/transportjournal.com\\\/wp-content\\\/uploads\\\/sites\\\/2\\\/2025\\\/09\\\/Logo_ITJ.png\",\"contentUrl\":\"https:\\\/\\\/transportjournal.com\\\/wp-content\\\/uploads\\\/sites\\\/2\\\/2025\\\/09\\\/Logo_ITJ.png\",\"width\":799,\"height\":326,\"caption\":\"Groupe Logismedia AG\"},\"image\":{\"@id\":\"https:\\\/\\\/transportjournal.com\\\/fr\\\/#\\\/schema\\\/logo\\\/image\\\/\"},\"sameAs\":[\"https:\\\/\\\/www.linkedin.com\\\/company\\\/56456496\\\/admin\\\/dashboard\\\/\",\"https:\\\/\\\/www.instagram.com\\\/logismediagroup\\\/\",\"https:\\\/\\\/www.youtube.com\\\/@LogiamediaGroupAG\"]},{\"@type\":\"Person\",\"@id\":\"https:\\\/\\\/transportjournal.com\\\/fr\\\/#\\\/schema\\\/person\\\/41d36b5474b623392fa613e97e2363fa\",\"name\":\"Jeremy Soland\",\"url\":\"https:\\\/\\\/transportjournal.com\\\/fr\\\/author\\\/jeremy\\\/\"}]}<\/script>\n<!-- \/ Yoast SEO plugin. -->","yoast_head_json":{"title":"La coalition proteste contre la fusion ferroviaire aux \u00c9tats-Unis - ITJ | International Transport Journal","robots":{"index":"index","follow":"follow","max-snippet":"max-snippet:-1","max-image-preview":"max-image-preview:large","max-video-preview":"max-video-preview:-1"},"canonical":"https:\/\/transportjournal.com\/fr\/2026\/04\/30\/la-coalition-proteste-contre-la-fusion-ferroviaire-aux-etats-unis\/","og_locale":"fr_FR","og_type":"article","og_title":"La coalition proteste contre la fusion ferroviaire aux \u00c9tats-Unis - ITJ | International Transport Journal","og_description":"Une nouvelle coalition, la \u00ab Stop the Rail Merger Coalition \u00bb, proteste contre la fusion de Union Pacific et Norfolk Southern et exige un examen approfondi des impacts.","og_url":"https:\/\/transportjournal.com\/fr\/2026\/04\/30\/la-coalition-proteste-contre-la-fusion-ferroviaire-aux-etats-unis\/","og_site_name":"ITJ | International Transport Journal","article_published_time":"2026-04-30T10:32:33+00:00","article_modified_time":"2026-04-30T10:45:02+00:00","og_image":[{"width":2560,"height":1440,"url":"https:\/\/transportjournal.com\/wp-content\/uploads\/sites\/2\/2026\/04\/AdobeStock_134980528-2-scaled-aspect-ratio-1400-788-1-scaled-1.jpeg","type":"image\/jpeg"}],"author":"Jeremy Soland","twitter_card":"summary_large_image","twitter_misc":{"\u00c9crit par":"Jeremy Soland","Dur\u00e9e de lecture estim\u00e9e":"1 minute"},"schema":{"@context":"https:\/\/schema.org","@graph":[{"@type":"Article","@id":"https:\/\/transportjournal.com\/fr\/2026\/04\/30\/la-coalition-proteste-contre-la-fusion-ferroviaire-aux-etats-unis\/#article","isPartOf":{"@id":"https:\/\/transportjournal.com\/fr\/2026\/04\/30\/la-coalition-proteste-contre-la-fusion-ferroviaire-aux-etats-unis\/"},"author":{"name":"Jeremy Soland","@id":"https:\/\/transportjournal.com\/fr\/#\/schema\/person\/41d36b5474b623392fa613e97e2363fa"},"headline":"La coalition proteste contre la fusion ferroviaire aux \u00c9tats-Unis","datePublished":"2026-04-30T10:32:33+00:00","dateModified":"2026-04-30T10:45:02+00:00","mainEntityOfPage":{"@id":"https:\/\/transportjournal.com\/fr\/2026\/04\/30\/la-coalition-proteste-contre-la-fusion-ferroviaire-aux-etats-unis\/"},"wordCount":190,"commentCount":0,"publisher":{"@id":"https:\/\/transportjournal.com\/fr\/#organization"},"image":{"@id":"https:\/\/transportjournal.com\/fr\/2026\/04\/30\/la-coalition-proteste-contre-la-fusion-ferroviaire-aux-etats-unis\/#primaryimage"},"thumbnailUrl":"https:\/\/transportjournal.com\/wp-content\/uploads\/sites\/2\/2026\/04\/AdobeStock_134980528-2-scaled-aspect-ratio-1400-788-1-scaled-1.jpeg","keywords":["agriculture am\u00e9ricaine","American agriculture","amerikanische Landwirtschaft","BNSF Railway","chemical industry USA","Chemieindustrie USA","competition rail sector","concurrence secteur ferroviaire","co\u00fbts de transport USA","CPKC Railway","Deutsch Eisenbahnfusion","Digitalisierung Logistik","digitalization logistics","durabilit\u00e9 transport","\u00e9conomie am\u00e9ricaine","Eisenbahngesellschaften","Eisenbahninfrastruktur English rail merger","Eisenbahnverkehr USA","entreprises ferroviaires","Fachkr\u00e4ftemangel Eisenbahn","Fusion Auswirkungen","implications de fusion","industrie chimique USA","infrastructure ferroviaire","Infrastruktur Eisenbahn","labor shortage rail","logistics providers USA","Logistikdienstleister USA","merger implications","Nachhaltigkeit Transport","Norfolk Southern","num\u00e9risation logistique","p\u00e9nurie de main-d'\u0153uvre ferroviaire","prestataires logistiques USA","rail transport USA","railway companies","railway infrastructure","railway infrastructure Fran\u00e7ais fusion ferroviaire","Stop the Rail Merger Coalition","sustainability transport","transport ferroviaire USA","transportation costs USA","Transportkosten USA","Union Pacific","US economy","US-Wirtschaft","Wettbewerb Eisenbahnsektor"],"articleSection":["Am\u00e9riques","Intermodal \/ Route"],"inLanguage":"fr-FR","potentialAction":[{"@type":"CommentAction","name":"Comment","target":["https:\/\/transportjournal.com\/fr\/2026\/04\/30\/la-coalition-proteste-contre-la-fusion-ferroviaire-aux-etats-unis\/#respond"]}]},{"@type":"WebPage","@id":"https:\/\/transportjournal.com\/fr\/2026\/04\/30\/la-coalition-proteste-contre-la-fusion-ferroviaire-aux-etats-unis\/","url":"https:\/\/transportjournal.com\/fr\/2026\/04\/30\/la-coalition-proteste-contre-la-fusion-ferroviaire-aux-etats-unis\/","name":"La coalition proteste contre la fusion ferroviaire aux \u00c9tats-Unis - ITJ | International Transport Journal","isPartOf":{"@id":"https:\/\/transportjournal.com\/fr\/#website"},"primaryImageOfPage":{"@id":"https:\/\/transportjournal.com\/fr\/2026\/04\/30\/la-coalition-proteste-contre-la-fusion-ferroviaire-aux-etats-unis\/#primaryimage"},"image":{"@id":"https:\/\/transportjournal.com\/fr\/2026\/04\/30\/la-coalition-proteste-contre-la-fusion-ferroviaire-aux-etats-unis\/#primaryimage"},"thumbnailUrl":"https:\/\/transportjournal.com\/wp-content\/uploads\/sites\/2\/2026\/04\/AdobeStock_134980528-2-scaled-aspect-ratio-1400-788-1-scaled-1.jpeg","datePublished":"2026-04-30T10:32:33+00:00","dateModified":"2026-04-30T10:45:02+00:00","breadcrumb":{"@id":"https:\/\/transportjournal.com\/fr\/2026\/04\/30\/la-coalition-proteste-contre-la-fusion-ferroviaire-aux-etats-unis\/#breadcrumb"},"inLanguage":"fr-FR","potentialAction":[{"@type":"ReadAction","target":["https:\/\/transportjournal.com\/fr\/2026\/04\/30\/la-coalition-proteste-contre-la-fusion-ferroviaire-aux-etats-unis\/"]}]},{"@type":"ImageObject","inLanguage":"fr-FR","@id":"https:\/\/transportjournal.com\/fr\/2026\/04\/30\/la-coalition-proteste-contre-la-fusion-ferroviaire-aux-etats-unis\/#primaryimage","url":"https:\/\/transportjournal.com\/wp-content\/uploads\/sites\/2\/2026\/04\/AdobeStock_134980528-2-scaled-aspect-ratio-1400-788-1-scaled-1.jpeg","contentUrl":"https:\/\/transportjournal.com\/wp-content\/uploads\/sites\/2\/2026\/04\/AdobeStock_134980528-2-scaled-aspect-ratio-1400-788-1-scaled-1.jpeg","width":2560,"height":1440},{"@type":"BreadcrumbList","@id":"https:\/\/transportjournal.com\/fr\/2026\/04\/30\/la-coalition-proteste-contre-la-fusion-ferroviaire-aux-etats-unis\/#breadcrumb","itemListElement":[{"@type":"ListItem","position":1,"name":"Startseite","item":"https:\/\/transportjournal.com\/fr\/"},{"@type":"ListItem","position":2,"name":"La coalition proteste contre la fusion ferroviaire aux \u00c9tats-Unis"}]},{"@type":"WebSite","@id":"https:\/\/transportjournal.com\/fr\/#website","url":"https:\/\/transportjournal.com\/fr\/","name":"ITJ | International Transport Journal","description":"Restez inform\u00e9 des derni\u00e8res nouvelles mondiales dans les secteurs du transport, de la logistique et de la cha\u00eene d'approvisionnement. Transport Journal fournit des informations d'experts, des analyses et des mises \u00e0 jour sur le transport maritime, l'aviation, l'intermodalit\u00e9 et l'exp\u00e9dition. ","publisher":{"@id":"https:\/\/transportjournal.com\/fr\/#organization"},"potentialAction":[{"@type":"SearchAction","target":{"@type":"EntryPoint","urlTemplate":"https:\/\/transportjournal.com\/fr\/?s={search_term_string}"},"query-input":{"@type":"PropertyValueSpecification","valueRequired":true,"valueName":"search_term_string"}}],"inLanguage":"fr-FR"},{"@type":"Organization","@id":"https:\/\/transportjournal.com\/fr\/#organization","name":"Groupe Logismedia AG","alternateName":"Logismedia Group AG","url":"https:\/\/transportjournal.com\/fr\/","logo":{"@type":"ImageObject","inLanguage":"fr-FR","@id":"https:\/\/transportjournal.com\/fr\/#\/schema\/logo\/image\/","url":"https:\/\/transportjournal.com\/wp-content\/uploads\/sites\/2\/2025\/09\/Logo_ITJ.png","contentUrl":"https:\/\/transportjournal.com\/wp-content\/uploads\/sites\/2\/2025\/09\/Logo_ITJ.png","width":799,"height":326,"caption":"Groupe Logismedia AG"},"image":{"@id":"https:\/\/transportjournal.com\/fr\/#\/schema\/logo\/image\/"},"sameAs":["https:\/\/www.linkedin.com\/company\/56456496\/admin\/dashboard\/","https:\/\/www.instagram.com\/logismediagroup\/","https:\/\/www.youtube.com\/@LogiamediaGroupAG"]},{"@type":"Person","@id":"https:\/\/transportjournal.com\/fr\/#\/schema\/person\/41d36b5474b623392fa613e97e2363fa","name":"Jeremy Soland","url":"https:\/\/transportjournal.com\/fr\/author\/jeremy\/"}]}},"_links":{"self":[{"href":"https:\/\/transportjournal.com\/fr\/wp-json\/wp\/v2\/posts\/87636","targetHints":{"allow":["GET"]}}],"collection":[{"href":"https:\/\/transportjournal.com\/fr\/wp-json\/wp\/v2\/posts"}],"about":[{"href":"https:\/\/transportjournal.com\/fr\/wp-json\/wp\/v2\/types\/post"}],"author":[{"embeddable":true,"href":"https:\/\/transportjournal.com\/fr\/wp-json\/wp\/v2\/users\/10"}],"replies":[{"embeddable":true,"href":"https:\/\/transportjournal.com\/fr\/wp-json\/wp\/v2\/comments?post=87636"}],"version-history":[{"count":1,"href":"https:\/\/transportjournal.com\/fr\/wp-json\/wp\/v2\/posts\/87636\/revisions"}],"predecessor-version":[{"id":87643,"href":"https:\/\/transportjournal.com\/fr\/wp-json\/wp\/v2\/posts\/87636\/revisions\/87643"}],"wp:featuredmedia":[{"embeddable":true,"href":"https:\/\/transportjournal.com\/fr\/wp-json\/wp\/v2\/media\/87634"}],"wp:attachment":[{"href":"https:\/\/transportjournal.com\/fr\/wp-json\/wp\/v2\/media?parent=87636"}],"wp:term":[{"taxonomy":"category","embeddable":true,"href":"https:\/\/transportjournal.com\/fr\/wp-json\/wp\/v2\/categories?post=87636"},{"taxonomy":"post_tag","embeddable":true,"href":"https:\/\/transportjournal.com\/fr\/wp-json\/wp\/v2\/tags?post=87636"}],"curies":[{"name":"wp","href":"https:\/\/api.w.org\/{rel}","templated":true}]}}