{"id":87455,"date":"2026-04-30T08:13:33","date_gmt":"2026-04-30T08:13:33","guid":{"rendered":"https:\/\/transportjournal.com\/2026\/04\/30\/le-marche-du-fret-aerien-mondial-diminue-de-48\/"},"modified":"2026-04-30T10:34:26","modified_gmt":"2026-04-30T08:34:26","slug":"le-marche-du-fret-aerien-mondial-diminue-de-48","status":"publish","type":"post","link":"https:\/\/transportjournal.com\/fr\/2026\/04\/30\/le-marche-du-fret-aerien-mondial-diminue-de-48\/","title":{"rendered":"Mois de fret a\u00e9rien catastrophique dans le Golfe"},"content":{"rendered":"<p>La demande mondiale sur le march\u00e9 du fret a\u00e9rien a diminu\u00e9 de 4,8 % en mars 2026 par rapport \u00e0 l&#8217;ann\u00e9e pr\u00e9c\u00e9dente. Cette \u00e9volution est attribu\u00e9e \u00e0 un environnement op\u00e9rationnel difficile, marqu\u00e9 par des tensions g\u00e9opolitiques au Moyen-Orient et des effets saisonniers. Alors que l&#8217;Afrique a enregistr\u00e9 la meilleure performance avec une augmentation de 7 %, le Moyen-Orient a connu une chute dramatique de 54,3 %.<\/p>\n<h3>Flux de fret internationaux sous pression<\/h3>\n<p>Le trafic a\u00e9rien international de fret a chut\u00e9 de 5,5 % par rapport \u00e0 l&#8217;ann\u00e9e pr\u00e9c\u00e9dente. Les compagnies a\u00e9riennes du Moyen-Orient ont \u00e9t\u00e9 particuli\u00e8rement touch\u00e9es, subissant une baisse de 54,2 %, due \u00e0 une d\u00e9t\u00e9rioration de la connectivit\u00e9 des hubs et de la fiabilit\u00e9 du r\u00e9seau. La capacit\u00e9 totale de l&#8217;industrie a diminu\u00e9 de 4,7 %, ce qui est en ligne avec la demande en baisse. Le facteur de charge de fret est rest\u00e9 stable \u00e0 47,9 %.<\/p>\n<p>La volatilit\u00e9 sur les march\u00e9s de l&#8217;\u00e9nergie a \u00e9galement \u00e9t\u00e9 significative. Le prix du Brent a augment\u00e9 de 43,1 % par rapport \u00e0 l&#8217;ann\u00e9e pr\u00e9c\u00e9dente, tandis que le prix du k\u00e9ros\u00e8ne a grimp\u00e9 de 106,6 %, atteignant son niveau le plus \u00e9lev\u00e9 depuis plus de 23 ans. Ces d\u00e9veloppements ont entra\u00een\u00e9 une augmentation des tarifs de fret de 18,9 % dans un environnement de prix inflationniste.<\/p>\n<h3>Diff\u00e9rences r\u00e9gionales dans la performance du fret<\/h3>\n<p>La performance r\u00e9gionale sur le march\u00e9 du fret a\u00e9rien a \u00e9t\u00e9 in\u00e9gale. Alors que l&#8217;Afrique, l&#8217;Asie-Pacifique, l&#8217;Europe ainsi que l&#8217;Am\u00e9rique latine et les Cara\u00efbes ont enregistr\u00e9 des taux de croissance mod\u00e9r\u00e9s, ceux-ci n&#8217;ont pas pu compenser les baisses dramatiques au Moyen-Orient. Les compagnies a\u00e9riennes africaines ont connu la plus forte croissance, soutenue par le trafic de contournement. En Europe (+2,2 %) et en Am\u00e9rique latine (+1,8 %), il y a eu de l\u00e9g\u00e8res augmentations, tandis que l&#8217;Am\u00e9rique du Nord (-1,1 %) a l\u00e9g\u00e8rement recul\u00e9, ce qui indique une dynamique transatlantique plus faible.<\/p>\n<p>La situation au Moyen-Orient a constitu\u00e9 le principal frein \u00e0 la performance de l&#8217;industrie. La baisse de 54,3 % en CTK (Cargo Tonne-Kilom\u00e8tre) souligne les graves cons\u00e9quences du conflit sur la connectivit\u00e9 des hubs et le taux d&#8217;occupation des avions.<\/p>\n<h3>Tendances internationales et analyses des routes<\/h3>\n<p>Les demandes de fret internationales ont montr\u00e9 une in\u00e9galit\u00e9 g\u00e9ographique claire. Alors que les march\u00e9s en Afrique et en Asie-Pacifique (+5,5 %) ont progress\u00e9, les compagnies a\u00e9riennes du Moyen-Orient ont subi la plus forte baisse. L&#8217;analyse des routes a r\u00e9v\u00e9l\u00e9 que la connexion Europe-Asie, avec une augmentation de 14,2 %, a affich\u00e9 la meilleure performance, tandis que les routes commerciales li\u00e9es au Golfe \u00e9taient fortement sous pression.<\/p>\n<p>La demande pour les avions de fret s&#8217;est r\u00e9v\u00e9l\u00e9e plus r\u00e9siliente que celle pour le fret passager, qui a diminu\u00e9 de 12,1 %. Cela montre que les avions de fret ont b\u00e9n\u00e9fici\u00e9 de la flexibilit\u00e9 op\u00e9rationnelle et ont capt\u00e9 des flux de contournement sur de longs corridors, en particulier dans le commerce asiatique.<\/p>\n<h3>Perspectives et conditions \u00e9conomiques<\/h3>\n<p>Les prix du k\u00e9ros\u00e8ne ont fortement augment\u00e9 en mars, ce qui a consid\u00e9rablement pes\u00e9 sur la rentabilit\u00e9 du secteur du fret a\u00e9rien. Les indices de fabrication mondiaux montrent que l&#8217;activit\u00e9 industrielle reste en zone d&#8217;expansion, mais que la dynamique par rapport aux mois pr\u00e9c\u00e9dents s&#8217;essouffle. Malgr\u00e9 ces d\u00e9fis, l&#8217;industrie du fret a\u00e9rien repose sur des bases macro\u00e9conomiques stables, m\u00eame si la dynamique de croissance diminue par rapport aux sommets des ann\u00e9es pr\u00e9c\u00e9dentes.<\/p>\n<p>&nbsp;<\/p>\n<p><a href=\"https:\/\/www.iata.org\/\" target=\"_blank\" rel=\"noopener noreferrer\">www.iata.org<\/a><\/p>\n<p>&nbsp;<\/p>\n","protected":false},"excerpt":{"rendered":"<p>La demande mondiale sur le march\u00e9 du fret a\u00e9rien a chut\u00e9 de 4,8% en mars 2026, tandis que l&rsquo;Afrique a enregistr\u00e9 une croissance de 7% et que le Moyen-Orient a fortement recul\u00e9.<\/p>\n","protected":false},"author":12,"featured_media":87453,"comment_status":"open","ping_status":"","sticky":false,"template":"","format":"standard","meta":{"_acf_changed":false,"footnotes":""},"categories":[1589,1590,1586,1582,1587,1588],"tags":[33608,33609,4939,2648,13739,5507,4279,13671,22495,22496,21947,43885,22499,2211,2212,21956,43886,43887,2032,1778,43888,21766,4288,43889,7110,2655,5225,5226,43890,43891,2125,3682,43892,43893,43894,43895,22511,22512,2133,1831,1962,13768,4132,4134,4135,43896,2148,22524,43897,43898,7124,2295,43899,23307,2242,2155,1837,21980],"class_list":["post-87455","post","type-post","status-publish","format-standard","has-post-thumbnail","hentry","category-afrique","category-ameriques","category-asie-pacifique","category-fret-aerien","category-leurope","category-moyen-orient","tag-africa","tag-afrika","tag-afrique","tag-air-freight","tag-air-freight-traffic","tag-avions-cargo","tag-capacite-de-fret","tag-cargo-planes","tag-cargo-tonne-kilometer","tag-cargo-tonne-kilometers","tag-conditions-economiques","tag-connectivite-des-hubs","tag-deutsch-luftfrachtmarkt","tag-digital-transformation","tag-digitale-transformation","tag-economic-conditions","tag-effets-saisonniers","tag-flux-de-fret-international","tag-frachtflugzeuge","tag-frachtkapazitaet","tag-frachtleistung","tag-frachtraten","tag-freight-capacity","tag-freight-performance","tag-freight-rates","tag-fret-aerien","tag-geopolitical-tensions","tag-geopolitische-spannungen","tag-hub-connectivity","tag-hub-konnektivitaet","tag-industrie-du-transport","tag-infrastructure","tag-infrastructure-francais-marche-de-la-fret-aerien","tag-infrastruktur-english-air-freight-market","tag-international-freight-flows","tag-internationale-frachtstroeme","tag-jet-fuel-prices","tag-kerosinpreise","tag-logistics-service-providers","tag-logistikdienstleister","tag-luftfracht","tag-luftfrachtverkehr","tag-middle-east","tag-moyen-orient","tag-naher-osten","tag-performance-de-fret","tag-prestataires-de-services-logistiques","tag-prix-du-kerosene","tag-saisonale-effekte","tag-seasonal-effects","tag-tarifs-de-fret","tag-tensions-geopolitiques","tag-tonne-kilometre-de-fret","tag-trafic-de-fret-aerien","tag-transformation-numerique","tag-transport-industry","tag-transportwirtschaft","tag-wirtschaftliche-rahmenbedingungen"],"acf":[],"yoast_head":"<!-- This site is optimized with the Yoast SEO plugin v27.3 - https:\/\/yoast.com\/product\/yoast-seo-wordpress\/ -->\n<title>Le march\u00e9 du fret a\u00e9rien mondial diminue de 4,8% - ITJ | International Transport Journal<\/title>\n<meta name=\"robots\" content=\"index, follow, max-snippet:-1, max-image-preview:large, max-video-preview:-1\" \/>\n<link rel=\"canonical\" href=\"https:\/\/transportjournal.com\/fr\/2026\/04\/30\/le-marche-du-fret-aerien-mondial-diminue-de-48\/\" \/>\n<meta property=\"og:locale\" content=\"fr_FR\" \/>\n<meta property=\"og:type\" content=\"article\" \/>\n<meta property=\"og:title\" content=\"Le march\u00e9 du fret a\u00e9rien mondial diminue de 4,8% - ITJ | International Transport Journal\" \/>\n<meta property=\"og:description\" content=\"La demande mondiale sur le march\u00e9 du fret a\u00e9rien a chut\u00e9 de 4,8% en mars 2026, tandis que l&#039;Afrique a enregistr\u00e9 une croissance de 7% et que le Moyen-Orient a fortement recul\u00e9.\" \/>\n<meta property=\"og:url\" content=\"https:\/\/transportjournal.com\/fr\/2026\/04\/30\/le-marche-du-fret-aerien-mondial-diminue-de-48\/\" \/>\n<meta property=\"og:site_name\" content=\"ITJ | International Transport Journal\" \/>\n<meta property=\"article:published_time\" content=\"2026-04-30T08:13:33+00:00\" \/>\n<meta property=\"article:modified_time\" content=\"2026-04-30T08:34:26+00:00\" \/>\n<meta property=\"og:image\" content=\"https:\/\/transportjournal.com\/wp-content\/uploads\/sites\/2\/2026\/04\/Screenshot-2026-04-30-102513-aspect-ratio-1400-788.png\" \/>\n\t<meta property=\"og:image:width\" content=\"405\" \/>\n\t<meta property=\"og:image:height\" content=\"228\" \/>\n\t<meta property=\"og:image:type\" content=\"image\/png\" \/>\n<meta name=\"author\" content=\"Andreas Haug\" \/>\n<meta name=\"twitter:card\" content=\"summary_large_image\" \/>\n<meta name=\"twitter:label1\" content=\"\u00c9crit par\" \/>\n\t<meta name=\"twitter:data1\" content=\"Andreas Haug\" \/>\n\t<meta name=\"twitter:label2\" content=\"Dur\u00e9e de lecture estim\u00e9e\" \/>\n\t<meta name=\"twitter:data2\" content=\"3 minutes\" \/>\n<script type=\"application\/ld+json\" class=\"yoast-schema-graph\">{\"@context\":\"https:\\\/\\\/schema.org\",\"@graph\":[{\"@type\":\"Article\",\"@id\":\"https:\\\/\\\/transportjournal.com\\\/fr\\\/2026\\\/04\\\/30\\\/le-marche-du-fret-aerien-mondial-diminue-de-48\\\/#article\",\"isPartOf\":{\"@id\":\"https:\\\/\\\/transportjournal.com\\\/fr\\\/2026\\\/04\\\/30\\\/le-marche-du-fret-aerien-mondial-diminue-de-48\\\/\"},\"author\":{\"name\":\"Andreas Haug\",\"@id\":\"https:\\\/\\\/transportjournal.com\\\/fr\\\/#\\\/schema\\\/person\\\/cf538b3157f15afd7589245a4b3dbd25\"},\"headline\":\"Mois de fret a\u00e9rien catastrophique dans le Golfe\",\"datePublished\":\"2026-04-30T08:13:33+00:00\",\"dateModified\":\"2026-04-30T08:34:26+00:00\",\"mainEntityOfPage\":{\"@id\":\"https:\\\/\\\/transportjournal.com\\\/fr\\\/2026\\\/04\\\/30\\\/le-marche-du-fret-aerien-mondial-diminue-de-48\\\/\"},\"wordCount\":619,\"commentCount\":0,\"publisher\":{\"@id\":\"https:\\\/\\\/transportjournal.com\\\/fr\\\/#organization\"},\"image\":{\"@id\":\"https:\\\/\\\/transportjournal.com\\\/fr\\\/2026\\\/04\\\/30\\\/le-marche-du-fret-aerien-mondial-diminue-de-48\\\/#primaryimage\"},\"thumbnailUrl\":\"https:\\\/\\\/transportjournal.com\\\/wp-content\\\/uploads\\\/sites\\\/2\\\/2026\\\/04\\\/Screenshot-2026-04-30-102513-aspect-ratio-1400-788.png\",\"keywords\":[\"Africa\",\"Afrika\",\"Afrique\",\"air freight\",\"air freight traffic\",\"avions cargo\",\"capacit\u00e9 de fret\",\"cargo planes\",\"Cargo Tonne-Kilometer\",\"cargo tonne-kilometers\",\"conditions \u00e9conomiques\",\"connectivit\u00e9 des hubs\",\"Deutsch Luftfrachtmarkt\",\"digital transformation\",\"digitale Transformation\",\"economic conditions\",\"effets saisonniers\",\"flux de fret international\",\"Frachtflugzeuge\",\"Frachtkapazit\u00e4t\",\"Frachtleistung\",\"Frachtraten\",\"freight capacity\",\"freight performance\",\"freight rates\",\"fret a\u00e9rien\",\"geopolitical tensions\",\"geopolitische Spannungen\",\"hub connectivity\",\"Hub-Konnektivit\u00e4t\",\"industrie du transport\",\"infrastructure\",\"infrastructure Fran\u00e7ais march\u00e9 de la fret a\u00e9rien\",\"Infrastruktur English air freight market\",\"international freight flows\",\"internationale Frachtstr\u00f6me\",\"jet fuel prices\",\"Kerosinpreise\",\"logistics service providers\",\"Logistikdienstleister\",\"Luftfracht\",\"Luftfrachtverkehr\",\"Middle East\",\"Moyen-Orient\",\"Naher Osten\",\"performance de fret\",\"prestataires de services logistiques\",\"prix du k\u00e9ros\u00e8ne\",\"saisonale Effekte\",\"seasonal effects\",\"tarifs de fret\",\"tensions g\u00e9opolitiques\",\"tonne-kilom\u00e8tre de fret\",\"trafic de fret a\u00e9rien\",\"transformation num\u00e9rique\",\"transport industry\",\"Transportwirtschaft\",\"wirtschaftliche Rahmenbedingungen\"],\"articleSection\":[\"Afrique\",\"Am\u00e9riques\",\"Asie\\\/Pacifique\",\"Fret a\u00e9rien\",\"L'Europe\",\"Moyen-Orient\"],\"inLanguage\":\"fr-FR\",\"potentialAction\":[{\"@type\":\"CommentAction\",\"name\":\"Comment\",\"target\":[\"https:\\\/\\\/transportjournal.com\\\/fr\\\/2026\\\/04\\\/30\\\/le-marche-du-fret-aerien-mondial-diminue-de-48\\\/#respond\"]}]},{\"@type\":\"WebPage\",\"@id\":\"https:\\\/\\\/transportjournal.com\\\/fr\\\/2026\\\/04\\\/30\\\/le-marche-du-fret-aerien-mondial-diminue-de-48\\\/\",\"url\":\"https:\\\/\\\/transportjournal.com\\\/fr\\\/2026\\\/04\\\/30\\\/le-marche-du-fret-aerien-mondial-diminue-de-48\\\/\",\"name\":\"Le march\u00e9 du fret a\u00e9rien mondial diminue de 4,8% - ITJ | International Transport Journal\",\"isPartOf\":{\"@id\":\"https:\\\/\\\/transportjournal.com\\\/fr\\\/#website\"},\"primaryImageOfPage\":{\"@id\":\"https:\\\/\\\/transportjournal.com\\\/fr\\\/2026\\\/04\\\/30\\\/le-marche-du-fret-aerien-mondial-diminue-de-48\\\/#primaryimage\"},\"image\":{\"@id\":\"https:\\\/\\\/transportjournal.com\\\/fr\\\/2026\\\/04\\\/30\\\/le-marche-du-fret-aerien-mondial-diminue-de-48\\\/#primaryimage\"},\"thumbnailUrl\":\"https:\\\/\\\/transportjournal.com\\\/wp-content\\\/uploads\\\/sites\\\/2\\\/2026\\\/04\\\/Screenshot-2026-04-30-102513-aspect-ratio-1400-788.png\",\"datePublished\":\"2026-04-30T08:13:33+00:00\",\"dateModified\":\"2026-04-30T08:34:26+00:00\",\"breadcrumb\":{\"@id\":\"https:\\\/\\\/transportjournal.com\\\/fr\\\/2026\\\/04\\\/30\\\/le-marche-du-fret-aerien-mondial-diminue-de-48\\\/#breadcrumb\"},\"inLanguage\":\"fr-FR\",\"potentialAction\":[{\"@type\":\"ReadAction\",\"target\":[\"https:\\\/\\\/transportjournal.com\\\/fr\\\/2026\\\/04\\\/30\\\/le-marche-du-fret-aerien-mondial-diminue-de-48\\\/\"]}]},{\"@type\":\"ImageObject\",\"inLanguage\":\"fr-FR\",\"@id\":\"https:\\\/\\\/transportjournal.com\\\/fr\\\/2026\\\/04\\\/30\\\/le-marche-du-fret-aerien-mondial-diminue-de-48\\\/#primaryimage\",\"url\":\"https:\\\/\\\/transportjournal.com\\\/wp-content\\\/uploads\\\/sites\\\/2\\\/2026\\\/04\\\/Screenshot-2026-04-30-102513-aspect-ratio-1400-788.png\",\"contentUrl\":\"https:\\\/\\\/transportjournal.com\\\/wp-content\\\/uploads\\\/sites\\\/2\\\/2026\\\/04\\\/Screenshot-2026-04-30-102513-aspect-ratio-1400-788.png\",\"width\":405,\"height\":228},{\"@type\":\"BreadcrumbList\",\"@id\":\"https:\\\/\\\/transportjournal.com\\\/fr\\\/2026\\\/04\\\/30\\\/le-marche-du-fret-aerien-mondial-diminue-de-48\\\/#breadcrumb\",\"itemListElement\":[{\"@type\":\"ListItem\",\"position\":1,\"name\":\"Startseite\",\"item\":\"https:\\\/\\\/transportjournal.com\\\/fr\\\/\"},{\"@type\":\"ListItem\",\"position\":2,\"name\":\"Le march\u00e9 du fret a\u00e9rien mondial diminue de 4,8%\"}]},{\"@type\":\"WebSite\",\"@id\":\"https:\\\/\\\/transportjournal.com\\\/fr\\\/#website\",\"url\":\"https:\\\/\\\/transportjournal.com\\\/fr\\\/\",\"name\":\"ITJ | International Transport Journal\",\"description\":\"Restez inform\u00e9 des derni\u00e8res nouvelles mondiales dans les secteurs du transport, de la logistique et de la cha\u00eene d'approvisionnement. Transport Journal fournit des informations d'experts, des analyses et des mises \u00e0 jour sur le transport maritime, l'aviation, l'intermodalit\u00e9 et l'exp\u00e9dition. \",\"publisher\":{\"@id\":\"https:\\\/\\\/transportjournal.com\\\/fr\\\/#organization\"},\"potentialAction\":[{\"@type\":\"SearchAction\",\"target\":{\"@type\":\"EntryPoint\",\"urlTemplate\":\"https:\\\/\\\/transportjournal.com\\\/fr\\\/?s={search_term_string}\"},\"query-input\":{\"@type\":\"PropertyValueSpecification\",\"valueRequired\":true,\"valueName\":\"search_term_string\"}}],\"inLanguage\":\"fr-FR\"},{\"@type\":\"Organization\",\"@id\":\"https:\\\/\\\/transportjournal.com\\\/fr\\\/#organization\",\"name\":\"Groupe Logismedia AG\",\"alternateName\":\"Logismedia Group AG\",\"url\":\"https:\\\/\\\/transportjournal.com\\\/fr\\\/\",\"logo\":{\"@type\":\"ImageObject\",\"inLanguage\":\"fr-FR\",\"@id\":\"https:\\\/\\\/transportjournal.com\\\/fr\\\/#\\\/schema\\\/logo\\\/image\\\/\",\"url\":\"https:\\\/\\\/transportjournal.com\\\/wp-content\\\/uploads\\\/sites\\\/2\\\/2025\\\/09\\\/Logo_ITJ.png\",\"contentUrl\":\"https:\\\/\\\/transportjournal.com\\\/wp-content\\\/uploads\\\/sites\\\/2\\\/2025\\\/09\\\/Logo_ITJ.png\",\"width\":799,\"height\":326,\"caption\":\"Groupe Logismedia AG\"},\"image\":{\"@id\":\"https:\\\/\\\/transportjournal.com\\\/fr\\\/#\\\/schema\\\/logo\\\/image\\\/\"},\"sameAs\":[\"https:\\\/\\\/www.linkedin.com\\\/company\\\/56456496\\\/admin\\\/dashboard\\\/\",\"https:\\\/\\\/www.instagram.com\\\/logismediagroup\\\/\",\"https:\\\/\\\/www.youtube.com\\\/@LogiamediaGroupAG\"]},{\"@type\":\"Person\",\"@id\":\"https:\\\/\\\/transportjournal.com\\\/fr\\\/#\\\/schema\\\/person\\\/cf538b3157f15afd7589245a4b3dbd25\",\"name\":\"Andreas Haug\",\"url\":\"https:\\\/\\\/transportjournal.com\\\/fr\\\/author\\\/andreas\\\/\"}]}<\/script>\n<!-- \/ Yoast SEO plugin. -->","yoast_head_json":{"title":"Le march\u00e9 du fret a\u00e9rien mondial diminue de 4,8% - ITJ | International Transport Journal","robots":{"index":"index","follow":"follow","max-snippet":"max-snippet:-1","max-image-preview":"max-image-preview:large","max-video-preview":"max-video-preview:-1"},"canonical":"https:\/\/transportjournal.com\/fr\/2026\/04\/30\/le-marche-du-fret-aerien-mondial-diminue-de-48\/","og_locale":"fr_FR","og_type":"article","og_title":"Le march\u00e9 du fret a\u00e9rien mondial diminue de 4,8% - ITJ | International Transport Journal","og_description":"La demande mondiale sur le march\u00e9 du fret a\u00e9rien a chut\u00e9 de 4,8% en mars 2026, tandis que l'Afrique a enregistr\u00e9 une croissance de 7% et que le Moyen-Orient a fortement recul\u00e9.","og_url":"https:\/\/transportjournal.com\/fr\/2026\/04\/30\/le-marche-du-fret-aerien-mondial-diminue-de-48\/","og_site_name":"ITJ | International Transport Journal","article_published_time":"2026-04-30T08:13:33+00:00","article_modified_time":"2026-04-30T08:34:26+00:00","og_image":[{"width":405,"height":228,"url":"https:\/\/transportjournal.com\/wp-content\/uploads\/sites\/2\/2026\/04\/Screenshot-2026-04-30-102513-aspect-ratio-1400-788.png","type":"image\/png"}],"author":"Andreas Haug","twitter_card":"summary_large_image","twitter_misc":{"\u00c9crit par":"Andreas Haug","Dur\u00e9e de lecture estim\u00e9e":"3 minutes"},"schema":{"@context":"https:\/\/schema.org","@graph":[{"@type":"Article","@id":"https:\/\/transportjournal.com\/fr\/2026\/04\/30\/le-marche-du-fret-aerien-mondial-diminue-de-48\/#article","isPartOf":{"@id":"https:\/\/transportjournal.com\/fr\/2026\/04\/30\/le-marche-du-fret-aerien-mondial-diminue-de-48\/"},"author":{"name":"Andreas Haug","@id":"https:\/\/transportjournal.com\/fr\/#\/schema\/person\/cf538b3157f15afd7589245a4b3dbd25"},"headline":"Mois de fret a\u00e9rien catastrophique dans le Golfe","datePublished":"2026-04-30T08:13:33+00:00","dateModified":"2026-04-30T08:34:26+00:00","mainEntityOfPage":{"@id":"https:\/\/transportjournal.com\/fr\/2026\/04\/30\/le-marche-du-fret-aerien-mondial-diminue-de-48\/"},"wordCount":619,"commentCount":0,"publisher":{"@id":"https:\/\/transportjournal.com\/fr\/#organization"},"image":{"@id":"https:\/\/transportjournal.com\/fr\/2026\/04\/30\/le-marche-du-fret-aerien-mondial-diminue-de-48\/#primaryimage"},"thumbnailUrl":"https:\/\/transportjournal.com\/wp-content\/uploads\/sites\/2\/2026\/04\/Screenshot-2026-04-30-102513-aspect-ratio-1400-788.png","keywords":["Africa","Afrika","Afrique","air freight","air freight traffic","avions cargo","capacit\u00e9 de fret","cargo planes","Cargo Tonne-Kilometer","cargo tonne-kilometers","conditions \u00e9conomiques","connectivit\u00e9 des hubs","Deutsch Luftfrachtmarkt","digital transformation","digitale Transformation","economic conditions","effets saisonniers","flux de fret international","Frachtflugzeuge","Frachtkapazit\u00e4t","Frachtleistung","Frachtraten","freight capacity","freight performance","freight rates","fret a\u00e9rien","geopolitical tensions","geopolitische Spannungen","hub connectivity","Hub-Konnektivit\u00e4t","industrie du transport","infrastructure","infrastructure Fran\u00e7ais march\u00e9 de la fret a\u00e9rien","Infrastruktur English air freight market","international freight flows","internationale Frachtstr\u00f6me","jet fuel prices","Kerosinpreise","logistics service providers","Logistikdienstleister","Luftfracht","Luftfrachtverkehr","Middle East","Moyen-Orient","Naher Osten","performance de fret","prestataires de services logistiques","prix du k\u00e9ros\u00e8ne","saisonale Effekte","seasonal effects","tarifs de fret","tensions g\u00e9opolitiques","tonne-kilom\u00e8tre de fret","trafic de fret a\u00e9rien","transformation num\u00e9rique","transport industry","Transportwirtschaft","wirtschaftliche Rahmenbedingungen"],"articleSection":["Afrique","Am\u00e9riques","Asie\/Pacifique","Fret a\u00e9rien","L'Europe","Moyen-Orient"],"inLanguage":"fr-FR","potentialAction":[{"@type":"CommentAction","name":"Comment","target":["https:\/\/transportjournal.com\/fr\/2026\/04\/30\/le-marche-du-fret-aerien-mondial-diminue-de-48\/#respond"]}]},{"@type":"WebPage","@id":"https:\/\/transportjournal.com\/fr\/2026\/04\/30\/le-marche-du-fret-aerien-mondial-diminue-de-48\/","url":"https:\/\/transportjournal.com\/fr\/2026\/04\/30\/le-marche-du-fret-aerien-mondial-diminue-de-48\/","name":"Le march\u00e9 du fret a\u00e9rien mondial diminue de 4,8% - ITJ | International Transport Journal","isPartOf":{"@id":"https:\/\/transportjournal.com\/fr\/#website"},"primaryImageOfPage":{"@id":"https:\/\/transportjournal.com\/fr\/2026\/04\/30\/le-marche-du-fret-aerien-mondial-diminue-de-48\/#primaryimage"},"image":{"@id":"https:\/\/transportjournal.com\/fr\/2026\/04\/30\/le-marche-du-fret-aerien-mondial-diminue-de-48\/#primaryimage"},"thumbnailUrl":"https:\/\/transportjournal.com\/wp-content\/uploads\/sites\/2\/2026\/04\/Screenshot-2026-04-30-102513-aspect-ratio-1400-788.png","datePublished":"2026-04-30T08:13:33+00:00","dateModified":"2026-04-30T08:34:26+00:00","breadcrumb":{"@id":"https:\/\/transportjournal.com\/fr\/2026\/04\/30\/le-marche-du-fret-aerien-mondial-diminue-de-48\/#breadcrumb"},"inLanguage":"fr-FR","potentialAction":[{"@type":"ReadAction","target":["https:\/\/transportjournal.com\/fr\/2026\/04\/30\/le-marche-du-fret-aerien-mondial-diminue-de-48\/"]}]},{"@type":"ImageObject","inLanguage":"fr-FR","@id":"https:\/\/transportjournal.com\/fr\/2026\/04\/30\/le-marche-du-fret-aerien-mondial-diminue-de-48\/#primaryimage","url":"https:\/\/transportjournal.com\/wp-content\/uploads\/sites\/2\/2026\/04\/Screenshot-2026-04-30-102513-aspect-ratio-1400-788.png","contentUrl":"https:\/\/transportjournal.com\/wp-content\/uploads\/sites\/2\/2026\/04\/Screenshot-2026-04-30-102513-aspect-ratio-1400-788.png","width":405,"height":228},{"@type":"BreadcrumbList","@id":"https:\/\/transportjournal.com\/fr\/2026\/04\/30\/le-marche-du-fret-aerien-mondial-diminue-de-48\/#breadcrumb","itemListElement":[{"@type":"ListItem","position":1,"name":"Startseite","item":"https:\/\/transportjournal.com\/fr\/"},{"@type":"ListItem","position":2,"name":"Le march\u00e9 du fret a\u00e9rien mondial diminue de 4,8%"}]},{"@type":"WebSite","@id":"https:\/\/transportjournal.com\/fr\/#website","url":"https:\/\/transportjournal.com\/fr\/","name":"ITJ | International Transport Journal","description":"Restez inform\u00e9 des derni\u00e8res nouvelles mondiales dans les secteurs du transport, de la logistique et de la cha\u00eene d'approvisionnement. Transport Journal fournit des informations d'experts, des analyses et des mises \u00e0 jour sur le transport maritime, l'aviation, l'intermodalit\u00e9 et l'exp\u00e9dition. ","publisher":{"@id":"https:\/\/transportjournal.com\/fr\/#organization"},"potentialAction":[{"@type":"SearchAction","target":{"@type":"EntryPoint","urlTemplate":"https:\/\/transportjournal.com\/fr\/?s={search_term_string}"},"query-input":{"@type":"PropertyValueSpecification","valueRequired":true,"valueName":"search_term_string"}}],"inLanguage":"fr-FR"},{"@type":"Organization","@id":"https:\/\/transportjournal.com\/fr\/#organization","name":"Groupe Logismedia AG","alternateName":"Logismedia Group AG","url":"https:\/\/transportjournal.com\/fr\/","logo":{"@type":"ImageObject","inLanguage":"fr-FR","@id":"https:\/\/transportjournal.com\/fr\/#\/schema\/logo\/image\/","url":"https:\/\/transportjournal.com\/wp-content\/uploads\/sites\/2\/2025\/09\/Logo_ITJ.png","contentUrl":"https:\/\/transportjournal.com\/wp-content\/uploads\/sites\/2\/2025\/09\/Logo_ITJ.png","width":799,"height":326,"caption":"Groupe Logismedia AG"},"image":{"@id":"https:\/\/transportjournal.com\/fr\/#\/schema\/logo\/image\/"},"sameAs":["https:\/\/www.linkedin.com\/company\/56456496\/admin\/dashboard\/","https:\/\/www.instagram.com\/logismediagroup\/","https:\/\/www.youtube.com\/@LogiamediaGroupAG"]},{"@type":"Person","@id":"https:\/\/transportjournal.com\/fr\/#\/schema\/person\/cf538b3157f15afd7589245a4b3dbd25","name":"Andreas Haug","url":"https:\/\/transportjournal.com\/fr\/author\/andreas\/"}]}},"_links":{"self":[{"href":"https:\/\/transportjournal.com\/fr\/wp-json\/wp\/v2\/posts\/87455","targetHints":{"allow":["GET"]}}],"collection":[{"href":"https:\/\/transportjournal.com\/fr\/wp-json\/wp\/v2\/posts"}],"about":[{"href":"https:\/\/transportjournal.com\/fr\/wp-json\/wp\/v2\/types\/post"}],"author":[{"embeddable":true,"href":"https:\/\/transportjournal.com\/fr\/wp-json\/wp\/v2\/users\/12"}],"replies":[{"embeddable":true,"href":"https:\/\/transportjournal.com\/fr\/wp-json\/wp\/v2\/comments?post=87455"}],"version-history":[{"count":2,"href":"https:\/\/transportjournal.com\/fr\/wp-json\/wp\/v2\/posts\/87455\/revisions"}],"predecessor-version":[{"id":87469,"href":"https:\/\/transportjournal.com\/fr\/wp-json\/wp\/v2\/posts\/87455\/revisions\/87469"}],"wp:featuredmedia":[{"embeddable":true,"href":"https:\/\/transportjournal.com\/fr\/wp-json\/wp\/v2\/media\/87453"}],"wp:attachment":[{"href":"https:\/\/transportjournal.com\/fr\/wp-json\/wp\/v2\/media?parent=87455"}],"wp:term":[{"taxonomy":"category","embeddable":true,"href":"https:\/\/transportjournal.com\/fr\/wp-json\/wp\/v2\/categories?post=87455"},{"taxonomy":"post_tag","embeddable":true,"href":"https:\/\/transportjournal.com\/fr\/wp-json\/wp\/v2\/tags?post=87455"}],"curies":[{"name":"wp","href":"https:\/\/api.w.org\/{rel}","templated":true}]}}