{"id":87447,"date":"2026-04-30T08:03:31","date_gmt":"2026-04-30T08:03:31","guid":{"rendered":"https:\/\/transportjournal.com\/2026\/04\/30\/wiese-et-saf-developpent-un-concept-de-vehicule-forestier\/"},"modified":"2026-04-30T08:03:31","modified_gmt":"2026-04-30T08:03:31","slug":"wiese-et-saf-developpent-un-concept-de-vehicule-forestier","status":"publish","type":"post","link":"https:\/\/transportjournal.com\/fr\/2026\/04\/30\/wiese-et-saf-developpent-un-concept-de-vehicule-forestier\/","title":{"rendered":"WIESE et SAF d\u00e9veloppent un concept de v\u00e9hicule forestier"},"content":{"rendered":"<p>WIESE Fahrzeugbau a d\u00e9velopp\u00e9 en collaboration avec SAF-HOLLAND un nouveau concept de v\u00e9hicule pour l&#8217;exploitation foresti\u00e8re. L&#8217;accent est mis sur un camion-benne \u00e0 deux essieux, \u00e9quip\u00e9 de deux essieux de remorque \u00e0 direction forc\u00e9e de SAF. Cette construction vise \u00e0 am\u00e9liorer la maniabilit\u00e9 sur les chemins forestiers \u00e9troits. Le d\u00e9veloppement a \u00e9t\u00e9 r\u00e9alis\u00e9 en collaboration avec l&#8217;entrepreneur forestier autrichien Johannes Suntinger, comme l&#8217;indique SAF Holland.<\/p>\n<p>Les exigences que le transport de copeaux de bois depuis la for\u00eat impose aux v\u00e9hicules ont \u00e9t\u00e9 le point de d\u00e9part pour le d\u00e9veloppement de ce v\u00e9hicule sp\u00e9cial. La combinaison des essieux directeurs \u00e0 direction forc\u00e9e de SAF et du syst\u00e8me de direction \u00e9lectro-hydraulique VSE Advanced Steering devrait, selon le fabricant, permettre une meilleure man\u0153uvrabilit\u00e9. De plus, l&#8217;objectif est non seulement de r\u00e9duire l&#8217;usure des pneus, mais aussi d&#8217;augmenter la rentabilit\u00e9 en op\u00e9ration. Le v\u00e9hicule est \u00e9galement \u00e9quip\u00e9 d&#8217;un conteneur \u00e0 benne de 50 m\u00b3.<\/p>\n<p><a href=\"https:\/\/safholland.com\/\" target=\"_blank\" rel=\"noopener noreferrer\">www.safholland.com<\/a><\/p>\n","protected":false},"excerpt":{"rendered":"<p>WIESE Fahrzeugbau et SAF-HOLLAND ont conjointement d\u00e9velopp\u00e9 un camion \u00e0 benne basculante \u00e0 2 essieux pour une utilisation foresti\u00e8re, visant \u00e0 am\u00e9liorer l&rsquo;agilit\u00e9 sur les chemins forestiers \u00e9troits.<\/p>\n","protected":false},"author":10,"featured_media":87445,"comment_status":"open","ping_status":"","sticky":false,"template":"","format":"standard","meta":{"_acf_changed":false,"footnotes":""},"categories":[1580,1587],"tags":[],"class_list":["post-87447","post","type-post","status-publish","format-standard","has-post-thumbnail","hentry","category-intermodal-route","category-leurope"],"acf":[],"yoast_head":"<!-- This site is optimized with the Yoast SEO plugin v27.3 - https:\/\/yoast.com\/product\/yoast-seo-wordpress\/ -->\n<title>WIESE et SAF d\u00e9veloppent un concept de v\u00e9hicule forestier - ITJ | International Transport Journal<\/title>\n<meta name=\"robots\" content=\"index, follow, max-snippet:-1, max-image-preview:large, max-video-preview:-1\" \/>\n<link rel=\"canonical\" href=\"https:\/\/transportjournal.com\/fr\/2026\/04\/30\/wiese-et-saf-developpent-un-concept-de-vehicule-forestier\/\" \/>\n<meta property=\"og:locale\" content=\"fr_FR\" \/>\n<meta property=\"og:type\" content=\"article\" \/>\n<meta property=\"og:title\" content=\"WIESE et SAF d\u00e9veloppent un concept de v\u00e9hicule forestier - ITJ | International Transport Journal\" \/>\n<meta property=\"og:description\" content=\"WIESE Fahrzeugbau et SAF-HOLLAND ont conjointement d\u00e9velopp\u00e9 un camion \u00e0 benne basculante \u00e0 2 essieux pour une utilisation foresti\u00e8re, visant \u00e0 am\u00e9liorer l&#039;agilit\u00e9 sur les chemins forestiers \u00e9troits.\" \/>\n<meta property=\"og:url\" content=\"https:\/\/transportjournal.com\/fr\/2026\/04\/30\/wiese-et-saf-developpent-un-concept-de-vehicule-forestier\/\" \/>\n<meta property=\"og:site_name\" content=\"ITJ | International Transport Journal\" \/>\n<meta property=\"article:published_time\" content=\"2026-04-30T08:03:31+00:00\" \/>\n<meta property=\"og:image\" content=\"https:\/\/transportjournal.com\/wp-content\/uploads\/sites\/2\/2026\/04\/SAF-HOLLAND_Referenz_WIESE_3-aspect-ratio-1400-788.jpg\" \/>\n\t<meta property=\"og:image:width\" content=\"2318\" \/>\n\t<meta property=\"og:image:height\" content=\"1305\" \/>\n\t<meta property=\"og:image:type\" content=\"image\/jpeg\" \/>\n<meta name=\"author\" content=\"Jeremy Soland\" \/>\n<meta name=\"twitter:card\" content=\"summary_large_image\" \/>\n<meta name=\"twitter:label1\" content=\"\u00c9crit par\" \/>\n\t<meta name=\"twitter:data1\" content=\"Jeremy Soland\" \/>\n\t<meta name=\"twitter:label2\" content=\"Dur\u00e9e de lecture estim\u00e9e\" \/>\n\t<meta name=\"twitter:data2\" content=\"1 minute\" \/>\n<script type=\"application\/ld+json\" class=\"yoast-schema-graph\">{\"@context\":\"https:\\\/\\\/schema.org\",\"@graph\":[{\"@type\":\"Article\",\"@id\":\"https:\\\/\\\/transportjournal.com\\\/fr\\\/2026\\\/04\\\/30\\\/wiese-et-saf-developpent-un-concept-de-vehicule-forestier\\\/#article\",\"isPartOf\":{\"@id\":\"https:\\\/\\\/transportjournal.com\\\/fr\\\/2026\\\/04\\\/30\\\/wiese-et-saf-developpent-un-concept-de-vehicule-forestier\\\/\"},\"author\":{\"name\":\"Jeremy Soland\",\"@id\":\"https:\\\/\\\/transportjournal.com\\\/fr\\\/#\\\/schema\\\/person\\\/41d36b5474b623392fa613e97e2363fa\"},\"headline\":\"WIESE et SAF d\u00e9veloppent un concept de v\u00e9hicule forestier\",\"datePublished\":\"2026-04-30T08:03:31+00:00\",\"mainEntityOfPage\":{\"@id\":\"https:\\\/\\\/transportjournal.com\\\/fr\\\/2026\\\/04\\\/30\\\/wiese-et-saf-developpent-un-concept-de-vehicule-forestier\\\/\"},\"wordCount\":185,\"commentCount\":0,\"publisher\":{\"@id\":\"https:\\\/\\\/transportjournal.com\\\/fr\\\/#organization\"},\"image\":{\"@id\":\"https:\\\/\\\/transportjournal.com\\\/fr\\\/2026\\\/04\\\/30\\\/wiese-et-saf-developpent-un-concept-de-vehicule-forestier\\\/#primaryimage\"},\"thumbnailUrl\":\"https:\\\/\\\/transportjournal.com\\\/wp-content\\\/uploads\\\/sites\\\/2\\\/2026\\\/04\\\/SAF-HOLLAND_Referenz_WIESE_3-aspect-ratio-1400-788.jpg\",\"articleSection\":[\"Intermodal \\\/ Route\",\"L'Europe\"],\"inLanguage\":\"fr-FR\",\"potentialAction\":[{\"@type\":\"CommentAction\",\"name\":\"Comment\",\"target\":[\"https:\\\/\\\/transportjournal.com\\\/fr\\\/2026\\\/04\\\/30\\\/wiese-et-saf-developpent-un-concept-de-vehicule-forestier\\\/#respond\"]}]},{\"@type\":\"WebPage\",\"@id\":\"https:\\\/\\\/transportjournal.com\\\/fr\\\/2026\\\/04\\\/30\\\/wiese-et-saf-developpent-un-concept-de-vehicule-forestier\\\/\",\"url\":\"https:\\\/\\\/transportjournal.com\\\/fr\\\/2026\\\/04\\\/30\\\/wiese-et-saf-developpent-un-concept-de-vehicule-forestier\\\/\",\"name\":\"WIESE et SAF d\u00e9veloppent un concept de v\u00e9hicule forestier - ITJ | International Transport Journal\",\"isPartOf\":{\"@id\":\"https:\\\/\\\/transportjournal.com\\\/fr\\\/#website\"},\"primaryImageOfPage\":{\"@id\":\"https:\\\/\\\/transportjournal.com\\\/fr\\\/2026\\\/04\\\/30\\\/wiese-et-saf-developpent-un-concept-de-vehicule-forestier\\\/#primaryimage\"},\"image\":{\"@id\":\"https:\\\/\\\/transportjournal.com\\\/fr\\\/2026\\\/04\\\/30\\\/wiese-et-saf-developpent-un-concept-de-vehicule-forestier\\\/#primaryimage\"},\"thumbnailUrl\":\"https:\\\/\\\/transportjournal.com\\\/wp-content\\\/uploads\\\/sites\\\/2\\\/2026\\\/04\\\/SAF-HOLLAND_Referenz_WIESE_3-aspect-ratio-1400-788.jpg\",\"datePublished\":\"2026-04-30T08:03:31+00:00\",\"breadcrumb\":{\"@id\":\"https:\\\/\\\/transportjournal.com\\\/fr\\\/2026\\\/04\\\/30\\\/wiese-et-saf-developpent-un-concept-de-vehicule-forestier\\\/#breadcrumb\"},\"inLanguage\":\"fr-FR\",\"potentialAction\":[{\"@type\":\"ReadAction\",\"target\":[\"https:\\\/\\\/transportjournal.com\\\/fr\\\/2026\\\/04\\\/30\\\/wiese-et-saf-developpent-un-concept-de-vehicule-forestier\\\/\"]}]},{\"@type\":\"ImageObject\",\"inLanguage\":\"fr-FR\",\"@id\":\"https:\\\/\\\/transportjournal.com\\\/fr\\\/2026\\\/04\\\/30\\\/wiese-et-saf-developpent-un-concept-de-vehicule-forestier\\\/#primaryimage\",\"url\":\"https:\\\/\\\/transportjournal.com\\\/wp-content\\\/uploads\\\/sites\\\/2\\\/2026\\\/04\\\/SAF-HOLLAND_Referenz_WIESE_3-aspect-ratio-1400-788.jpg\",\"contentUrl\":\"https:\\\/\\\/transportjournal.com\\\/wp-content\\\/uploads\\\/sites\\\/2\\\/2026\\\/04\\\/SAF-HOLLAND_Referenz_WIESE_3-aspect-ratio-1400-788.jpg\",\"width\":2318,\"height\":1305},{\"@type\":\"BreadcrumbList\",\"@id\":\"https:\\\/\\\/transportjournal.com\\\/fr\\\/2026\\\/04\\\/30\\\/wiese-et-saf-developpent-un-concept-de-vehicule-forestier\\\/#breadcrumb\",\"itemListElement\":[{\"@type\":\"ListItem\",\"position\":1,\"name\":\"Startseite\",\"item\":\"https:\\\/\\\/transportjournal.com\\\/fr\\\/\"},{\"@type\":\"ListItem\",\"position\":2,\"name\":\"WIESE et SAF d\u00e9veloppent un concept de v\u00e9hicule forestier\"}]},{\"@type\":\"WebSite\",\"@id\":\"https:\\\/\\\/transportjournal.com\\\/fr\\\/#website\",\"url\":\"https:\\\/\\\/transportjournal.com\\\/fr\\\/\",\"name\":\"ITJ | International Transport Journal\",\"description\":\"Restez inform\u00e9 des derni\u00e8res nouvelles mondiales dans les secteurs du transport, de la logistique et de la cha\u00eene d'approvisionnement. Transport Journal fournit des informations d'experts, des analyses et des mises \u00e0 jour sur le transport maritime, l'aviation, l'intermodalit\u00e9 et l'exp\u00e9dition. \",\"publisher\":{\"@id\":\"https:\\\/\\\/transportjournal.com\\\/fr\\\/#organization\"},\"potentialAction\":[{\"@type\":\"SearchAction\",\"target\":{\"@type\":\"EntryPoint\",\"urlTemplate\":\"https:\\\/\\\/transportjournal.com\\\/fr\\\/?s={search_term_string}\"},\"query-input\":{\"@type\":\"PropertyValueSpecification\",\"valueRequired\":true,\"valueName\":\"search_term_string\"}}],\"inLanguage\":\"fr-FR\"},{\"@type\":\"Organization\",\"@id\":\"https:\\\/\\\/transportjournal.com\\\/fr\\\/#organization\",\"name\":\"Groupe Logismedia AG\",\"alternateName\":\"Logismedia Group AG\",\"url\":\"https:\\\/\\\/transportjournal.com\\\/fr\\\/\",\"logo\":{\"@type\":\"ImageObject\",\"inLanguage\":\"fr-FR\",\"@id\":\"https:\\\/\\\/transportjournal.com\\\/fr\\\/#\\\/schema\\\/logo\\\/image\\\/\",\"url\":\"https:\\\/\\\/transportjournal.com\\\/wp-content\\\/uploads\\\/sites\\\/2\\\/2025\\\/09\\\/Logo_ITJ.png\",\"contentUrl\":\"https:\\\/\\\/transportjournal.com\\\/wp-content\\\/uploads\\\/sites\\\/2\\\/2025\\\/09\\\/Logo_ITJ.png\",\"width\":799,\"height\":326,\"caption\":\"Groupe Logismedia AG\"},\"image\":{\"@id\":\"https:\\\/\\\/transportjournal.com\\\/fr\\\/#\\\/schema\\\/logo\\\/image\\\/\"},\"sameAs\":[\"https:\\\/\\\/www.linkedin.com\\\/company\\\/56456496\\\/admin\\\/dashboard\\\/\",\"https:\\\/\\\/www.instagram.com\\\/logismediagroup\\\/\",\"https:\\\/\\\/www.youtube.com\\\/@LogiamediaGroupAG\"]},{\"@type\":\"Person\",\"@id\":\"https:\\\/\\\/transportjournal.com\\\/fr\\\/#\\\/schema\\\/person\\\/41d36b5474b623392fa613e97e2363fa\",\"name\":\"Jeremy Soland\",\"url\":\"https:\\\/\\\/transportjournal.com\\\/fr\\\/author\\\/jeremy\\\/\"}]}<\/script>\n<!-- \/ Yoast SEO plugin. -->","yoast_head_json":{"title":"WIESE et SAF d\u00e9veloppent un concept de v\u00e9hicule forestier - ITJ | International Transport Journal","robots":{"index":"index","follow":"follow","max-snippet":"max-snippet:-1","max-image-preview":"max-image-preview:large","max-video-preview":"max-video-preview:-1"},"canonical":"https:\/\/transportjournal.com\/fr\/2026\/04\/30\/wiese-et-saf-developpent-un-concept-de-vehicule-forestier\/","og_locale":"fr_FR","og_type":"article","og_title":"WIESE et SAF d\u00e9veloppent un concept de v\u00e9hicule forestier - ITJ | International Transport Journal","og_description":"WIESE Fahrzeugbau et SAF-HOLLAND ont conjointement d\u00e9velopp\u00e9 un camion \u00e0 benne basculante \u00e0 2 essieux pour une utilisation foresti\u00e8re, visant \u00e0 am\u00e9liorer l'agilit\u00e9 sur les chemins forestiers \u00e9troits.","og_url":"https:\/\/transportjournal.com\/fr\/2026\/04\/30\/wiese-et-saf-developpent-un-concept-de-vehicule-forestier\/","og_site_name":"ITJ | International Transport Journal","article_published_time":"2026-04-30T08:03:31+00:00","og_image":[{"width":2318,"height":1305,"url":"https:\/\/transportjournal.com\/wp-content\/uploads\/sites\/2\/2026\/04\/SAF-HOLLAND_Referenz_WIESE_3-aspect-ratio-1400-788.jpg","type":"image\/jpeg"}],"author":"Jeremy Soland","twitter_card":"summary_large_image","twitter_misc":{"\u00c9crit par":"Jeremy Soland","Dur\u00e9e de lecture estim\u00e9e":"1 minute"},"schema":{"@context":"https:\/\/schema.org","@graph":[{"@type":"Article","@id":"https:\/\/transportjournal.com\/fr\/2026\/04\/30\/wiese-et-saf-developpent-un-concept-de-vehicule-forestier\/#article","isPartOf":{"@id":"https:\/\/transportjournal.com\/fr\/2026\/04\/30\/wiese-et-saf-developpent-un-concept-de-vehicule-forestier\/"},"author":{"name":"Jeremy Soland","@id":"https:\/\/transportjournal.com\/fr\/#\/schema\/person\/41d36b5474b623392fa613e97e2363fa"},"headline":"WIESE et SAF d\u00e9veloppent un concept de v\u00e9hicule forestier","datePublished":"2026-04-30T08:03:31+00:00","mainEntityOfPage":{"@id":"https:\/\/transportjournal.com\/fr\/2026\/04\/30\/wiese-et-saf-developpent-un-concept-de-vehicule-forestier\/"},"wordCount":185,"commentCount":0,"publisher":{"@id":"https:\/\/transportjournal.com\/fr\/#organization"},"image":{"@id":"https:\/\/transportjournal.com\/fr\/2026\/04\/30\/wiese-et-saf-developpent-un-concept-de-vehicule-forestier\/#primaryimage"},"thumbnailUrl":"https:\/\/transportjournal.com\/wp-content\/uploads\/sites\/2\/2026\/04\/SAF-HOLLAND_Referenz_WIESE_3-aspect-ratio-1400-788.jpg","articleSection":["Intermodal \/ Route","L'Europe"],"inLanguage":"fr-FR","potentialAction":[{"@type":"CommentAction","name":"Comment","target":["https:\/\/transportjournal.com\/fr\/2026\/04\/30\/wiese-et-saf-developpent-un-concept-de-vehicule-forestier\/#respond"]}]},{"@type":"WebPage","@id":"https:\/\/transportjournal.com\/fr\/2026\/04\/30\/wiese-et-saf-developpent-un-concept-de-vehicule-forestier\/","url":"https:\/\/transportjournal.com\/fr\/2026\/04\/30\/wiese-et-saf-developpent-un-concept-de-vehicule-forestier\/","name":"WIESE et SAF d\u00e9veloppent un concept de v\u00e9hicule forestier - ITJ | International Transport Journal","isPartOf":{"@id":"https:\/\/transportjournal.com\/fr\/#website"},"primaryImageOfPage":{"@id":"https:\/\/transportjournal.com\/fr\/2026\/04\/30\/wiese-et-saf-developpent-un-concept-de-vehicule-forestier\/#primaryimage"},"image":{"@id":"https:\/\/transportjournal.com\/fr\/2026\/04\/30\/wiese-et-saf-developpent-un-concept-de-vehicule-forestier\/#primaryimage"},"thumbnailUrl":"https:\/\/transportjournal.com\/wp-content\/uploads\/sites\/2\/2026\/04\/SAF-HOLLAND_Referenz_WIESE_3-aspect-ratio-1400-788.jpg","datePublished":"2026-04-30T08:03:31+00:00","breadcrumb":{"@id":"https:\/\/transportjournal.com\/fr\/2026\/04\/30\/wiese-et-saf-developpent-un-concept-de-vehicule-forestier\/#breadcrumb"},"inLanguage":"fr-FR","potentialAction":[{"@type":"ReadAction","target":["https:\/\/transportjournal.com\/fr\/2026\/04\/30\/wiese-et-saf-developpent-un-concept-de-vehicule-forestier\/"]}]},{"@type":"ImageObject","inLanguage":"fr-FR","@id":"https:\/\/transportjournal.com\/fr\/2026\/04\/30\/wiese-et-saf-developpent-un-concept-de-vehicule-forestier\/#primaryimage","url":"https:\/\/transportjournal.com\/wp-content\/uploads\/sites\/2\/2026\/04\/SAF-HOLLAND_Referenz_WIESE_3-aspect-ratio-1400-788.jpg","contentUrl":"https:\/\/transportjournal.com\/wp-content\/uploads\/sites\/2\/2026\/04\/SAF-HOLLAND_Referenz_WIESE_3-aspect-ratio-1400-788.jpg","width":2318,"height":1305},{"@type":"BreadcrumbList","@id":"https:\/\/transportjournal.com\/fr\/2026\/04\/30\/wiese-et-saf-developpent-un-concept-de-vehicule-forestier\/#breadcrumb","itemListElement":[{"@type":"ListItem","position":1,"name":"Startseite","item":"https:\/\/transportjournal.com\/fr\/"},{"@type":"ListItem","position":2,"name":"WIESE et SAF d\u00e9veloppent un concept de v\u00e9hicule forestier"}]},{"@type":"WebSite","@id":"https:\/\/transportjournal.com\/fr\/#website","url":"https:\/\/transportjournal.com\/fr\/","name":"ITJ | International Transport Journal","description":"Restez inform\u00e9 des derni\u00e8res nouvelles mondiales dans les secteurs du transport, de la logistique et de la cha\u00eene d'approvisionnement. Transport Journal fournit des informations d'experts, des analyses et des mises \u00e0 jour sur le transport maritime, l'aviation, l'intermodalit\u00e9 et l'exp\u00e9dition. ","publisher":{"@id":"https:\/\/transportjournal.com\/fr\/#organization"},"potentialAction":[{"@type":"SearchAction","target":{"@type":"EntryPoint","urlTemplate":"https:\/\/transportjournal.com\/fr\/?s={search_term_string}"},"query-input":{"@type":"PropertyValueSpecification","valueRequired":true,"valueName":"search_term_string"}}],"inLanguage":"fr-FR"},{"@type":"Organization","@id":"https:\/\/transportjournal.com\/fr\/#organization","name":"Groupe Logismedia AG","alternateName":"Logismedia Group AG","url":"https:\/\/transportjournal.com\/fr\/","logo":{"@type":"ImageObject","inLanguage":"fr-FR","@id":"https:\/\/transportjournal.com\/fr\/#\/schema\/logo\/image\/","url":"https:\/\/transportjournal.com\/wp-content\/uploads\/sites\/2\/2025\/09\/Logo_ITJ.png","contentUrl":"https:\/\/transportjournal.com\/wp-content\/uploads\/sites\/2\/2025\/09\/Logo_ITJ.png","width":799,"height":326,"caption":"Groupe Logismedia AG"},"image":{"@id":"https:\/\/transportjournal.com\/fr\/#\/schema\/logo\/image\/"},"sameAs":["https:\/\/www.linkedin.com\/company\/56456496\/admin\/dashboard\/","https:\/\/www.instagram.com\/logismediagroup\/","https:\/\/www.youtube.com\/@LogiamediaGroupAG"]},{"@type":"Person","@id":"https:\/\/transportjournal.com\/fr\/#\/schema\/person\/41d36b5474b623392fa613e97e2363fa","name":"Jeremy Soland","url":"https:\/\/transportjournal.com\/fr\/author\/jeremy\/"}]}},"_links":{"self":[{"href":"https:\/\/transportjournal.com\/fr\/wp-json\/wp\/v2\/posts\/87447","targetHints":{"allow":["GET"]}}],"collection":[{"href":"https:\/\/transportjournal.com\/fr\/wp-json\/wp\/v2\/posts"}],"about":[{"href":"https:\/\/transportjournal.com\/fr\/wp-json\/wp\/v2\/types\/post"}],"author":[{"embeddable":true,"href":"https:\/\/transportjournal.com\/fr\/wp-json\/wp\/v2\/users\/10"}],"replies":[{"embeddable":true,"href":"https:\/\/transportjournal.com\/fr\/wp-json\/wp\/v2\/comments?post=87447"}],"version-history":[{"count":0,"href":"https:\/\/transportjournal.com\/fr\/wp-json\/wp\/v2\/posts\/87447\/revisions"}],"wp:featuredmedia":[{"embeddable":true,"href":"https:\/\/transportjournal.com\/fr\/wp-json\/wp\/v2\/media\/87445"}],"wp:attachment":[{"href":"https:\/\/transportjournal.com\/fr\/wp-json\/wp\/v2\/media?parent=87447"}],"wp:term":[{"taxonomy":"category","embeddable":true,"href":"https:\/\/transportjournal.com\/fr\/wp-json\/wp\/v2\/categories?post=87447"},{"taxonomy":"post_tag","embeddable":true,"href":"https:\/\/transportjournal.com\/fr\/wp-json\/wp\/v2\/tags?post=87447"}],"curies":[{"name":"wp","href":"https:\/\/api.w.org\/{rel}","templated":true}]}}