{"id":87385,"date":"2026-04-29T15:28:43","date_gmt":"2026-04-29T15:28:43","guid":{"rendered":"https:\/\/transportjournal.com\/2026\/04\/29\/arnold-schwerlast-rejoint-lahk-ukraine\/"},"modified":"2026-04-29T15:28:43","modified_gmt":"2026-04-29T15:28:43","slug":"arnold-schwerlast-rejoint-lahk-ukraine","status":"publish","type":"post","link":"https:\/\/transportjournal.com\/fr\/2026\/04\/29\/arnold-schwerlast-rejoint-lahk-ukraine\/","title":{"rendered":"Arnold Schwerlast rejoint l&rsquo;AHK Ukraine"},"content":{"rendered":"<p>Arnold Schwerlast GmbH de Rimpar pr\u00e8s de W\u00fcrzburg a rejoint la Chambre de commerce et d&#8217;industrie germano-ukrainienne (AHK Ukraine) pour se pr\u00e9parer \u00e0 la reconstruction de l&#8217;Ukraine. L&#8217;entreprise, sp\u00e9cialis\u00e9e dans la logistique de projet et les transports lourds, consid\u00e8re son expertise comme essentielle pour relever les d\u00e9fis du transport de marchandises \u00e0 grande \u00e9chelle, en particulier dans les zones de guerre.<\/p>\n<p>Oliver Arnold (au centre), l&#8217;un des directeurs aux c\u00f4t\u00e9s de Heike Fuchs et Volker Lenzing, souligne l&#8217;importance d&#8217;une logistique de projet flexible et s\u00e9curis\u00e9e pour la reconstruction de l&#8217;Ukraine. Il explique que la reconstruction repr\u00e9sente l&#8217;une des plus grandes t\u00e2ches \u00e9conomiques et infrastructurelles de l&#8217;Europe dans les ann\u00e9es \u00e0 venir. L&#8217;entreprise souhaite agir en tant que partenaire pour les investisseurs, les fournisseurs d&#8217;\u00e9nergie et les donneurs d&#8217;ordre publics qui souhaitent r\u00e9aliser des projets en Ukraine.<\/p>\n<h3>Exp\u00e9rience en Europe de l&#8217;Est<\/h3>\n<p>Arnold Schwerlast apporte une longue exp\u00e9rience dans la planification et l&#8217;ex\u00e9cution de transports de projet internationaux en Europe de l&#8217;Est. L&#8217;\u00e9ventail des services comprend des analyses de faisabilit\u00e9, la gestion des autorisations, la planification des itin\u00e9raires, le d\u00e9douanement et des concepts de transport multimodal. Les livraisons pour des projets \u00e9nerg\u00e9tiques, des sites industriels et de production ainsi que pour la construction de b\u00e2timents seront particuli\u00e8rement demand\u00e9es en Ukraine. Ces projets n\u00e9cessitent des solutions logistiques pr\u00e9cises que l&#8217;entreprise met en \u0153uvre avec succ\u00e8s depuis des ann\u00e9es.<\/p>\n<p>\u00ab Nous sommes pr\u00eats \u00e0 mettre \u00e0 profit notre exp\u00e9rience, notre r\u00e9seau et notre force op\u00e9rationnelle pour soutenir efficacement des projets internationaux en Ukraine \u00bb, d\u00e9clare Oliver Arnold. Il souligne que la reconstruction ne commence pas avec la premi\u00e8re grue de construction, mais d\u00e9j\u00e0 avec des cha\u00eenes d&#8217;approvisionnement fonctionnelles. Les entreprises qui \u00e9tablissent t\u00f4t des structures logistiques solides peuvent se garantir des avantages d\u00e9cisifs.<\/p>\n<h3>Adh\u00e9sion \u00e0 l&#8217;AHK Ukraine<\/h3>\n<p>L&#8217;adh\u00e9sion \u00e0 la Chambre de commerce et d&#8217;industrie germano-ukrainienne permet \u00e0 Arnold Schwerlast de d\u00e9velopper une compr\u00e9hension approfondie des conditions \u00e9conomiques et des pratiques en Ukraine. L&#8217;AHK Ukraine, fond\u00e9e en 2016 \u00e0 Kiev, soutient les entreprises dans leurs activit\u00e9s internationales et compte actuellement 62 membres premium, dont des entreprises renomm\u00e9es comme BMW et Siemens.<\/p>\n<p>La d\u00e9cision de rejoindre l&#8217;AHK a \u00e9t\u00e9 prise lors du 8\u00e8me forum \u00e9conomique germano-ukrainien \u00e0 Berlin, o\u00f9 des repr\u00e9sentants gouvernementaux de haut niveau des deux pays \u00e9taient pr\u00e9sents. Oliver Arnold rapporte que l&#8217;entreprise a \u00e9t\u00e9 contact\u00e9e par Volodymyr Kravets, chef de projet de l&#8217;AHK, pour soutenir son travail dans les domaines du transport et de la logistique.<\/p>\n<p>Arnold voit dans l&#8217;adh\u00e9sion des avantages tels que le branding dans l&#8217;espace \u00e9conomique germano-ukrainien et un acc\u00e8s direct aux d\u00e9cideurs. Le co-directeur Volker Lenzing sera principalement responsable de l&#8217;engagement de l&#8217;entreprise en Ukraine.<\/p>\n<p>Cependant, le d\u00e9veloppement futur de l&#8217;entreprise d\u00e9pend fortement de la situation en Ukraine et de la mesure dans laquelle le pays sera en mesure d&#8217;accepter le soutien en provenance d&#8217;Allemagne apr\u00e8s la guerre.<\/p>\n<p>&nbsp;<\/p>\n<p><a href=\"https:\/\/www.arnold-schwerlast.de\/\" target=\"_blank\" rel=\"noopener noreferrer\">www.arnold-schwerlast.de<\/a><\/p>\n<p>&nbsp;<\/p>\n","protected":false},"excerpt":{"rendered":"<p>Arnold Schwerlast GmbH a rejoint l&rsquo;AHK Ukraine pour apporter son expertise en transport de projet pour la reconstruction de l&rsquo;Ukraine.<\/p>\n","protected":false},"author":12,"featured_media":87383,"comment_status":"open","ping_status":"","sticky":false,"template":"","format":"standard","meta":{"_acf_changed":false,"footnotes":""},"categories":[9092,1581,1587,1579],"tags":[43679,43680,43681,43682,12662,43683,43684,4557,4753,4754,43685,43686,43687,7478,7480,43688,43689,43690,43691,43692,2125,43693,43694,43695,43696,12674,2133,1831,10929,43697,43698,43699,43700,43701,43702,14634,2148,10935,1991,43703,4583,7496,43704,14636,14924,12681,43705,43706,2155,1837,43707,43708,1850],"class_list":["post-87385","post","type-post","status-publish","format-standard","has-post-thumbnail","hentry","category-deutschland","category-expedition-et-logistique","category-leurope","category-personnes-et-entreprises","tag-adhesion-ahk","tag-ahk-membership-francais-transport-lourd","tag-ahk-ukraine","tag-arnold-schwerlast-gmbh","tag-chaines-dapprovisionnement","tag-concepts-de-transport-multimodal","tag-conditions-economiques-ukraine","tag-construction-projects","tag-customs-clearance","tag-dedouanement","tag-deutsch-schwerlast","tag-eastern-europe-logistics","tag-economic-conditions-ukraine","tag-energieprojekte","tag-energy-projects","tag-genehmigungsmanagement","tag-gestion-des-autorisations","tag-goods-transport-war-zones","tag-guetertransport-kriegsgebiete","tag-hochbau-projekte","tag-industrie-du-transport","tag-infrastructure-projects-ukraine","tag-infrastrukturprojekte-ukraine","tag-international-project-transport","tag-internationale-projekttransporte","tag-lieferketten","tag-logistics-service-providers","tag-logistikdienstleister","tag-logistique-de-projet","tag-logistique-en-europe-de-lest","tag-mitgliedschaft-ahk-english-heavy-transport","tag-multimodal-transport-concepts","tag-multimodale-transportkonzepte","tag-osteuropa-logistik","tag-permit-management","tag-planification-des-itineraires","tag-prestataires-de-services-logistiques","tag-project-logistics","tag-projektlogistik","tag-projets-dinfrastructure-ukraine","tag-projets-de-construction","tag-projets-energetiques","tag-reconstruction-ukraine","tag-route-planning","tag-routenplanung","tag-supply-chains","tag-transport-de-marchandises-zones-de-guerre","tag-transport-de-projet-international","tag-transport-industry","tag-transportwirtschaft","tag-wiederaufbau-ukraine","tag-wirtschaftliche-rahmenbedingungen-ukraine","tag-zollabwicklung"],"acf":[],"yoast_head":"<!-- This site is optimized with the Yoast SEO plugin v27.3 - https:\/\/yoast.com\/product\/yoast-seo-wordpress\/ -->\n<title>Arnold Schwerlast rejoint l&#8217;AHK Ukraine - ITJ | International Transport Journal<\/title>\n<meta name=\"robots\" content=\"index, follow, max-snippet:-1, max-image-preview:large, max-video-preview:-1\" \/>\n<link rel=\"canonical\" href=\"https:\/\/transportjournal.com\/fr\/2026\/04\/29\/arnold-schwerlast-rejoint-lahk-ukraine\/\" \/>\n<meta property=\"og:locale\" content=\"fr_FR\" \/>\n<meta property=\"og:type\" content=\"article\" \/>\n<meta property=\"og:title\" content=\"Arnold Schwerlast rejoint l&#8217;AHK Ukraine - ITJ | International Transport Journal\" \/>\n<meta property=\"og:description\" content=\"Arnold Schwerlast GmbH a rejoint l&#039;AHK Ukraine pour apporter son expertise en transport de projet pour la reconstruction de l&#039;Ukraine.\" \/>\n<meta property=\"og:url\" content=\"https:\/\/transportjournal.com\/fr\/2026\/04\/29\/arnold-schwerlast-rejoint-lahk-ukraine\/\" \/>\n<meta property=\"og:site_name\" content=\"ITJ | International Transport Journal\" \/>\n<meta property=\"article:published_time\" content=\"2026-04-29T15:28:43+00:00\" \/>\n<meta property=\"og:image\" content=\"https:\/\/transportjournal.com\/wp-content\/uploads\/sites\/2\/2026\/04\/Arnold-Schwerlast-Foto-GF-2026-4-Sara-Mergler-scaled-aspect-ratio-1400-788-scaled-1.jpg\" \/>\n\t<meta property=\"og:image:width\" content=\"2560\" \/>\n\t<meta property=\"og:image:height\" content=\"1441\" \/>\n\t<meta property=\"og:image:type\" content=\"image\/jpeg\" \/>\n<meta name=\"author\" content=\"Andreas Haug\" \/>\n<meta name=\"twitter:card\" content=\"summary_large_image\" \/>\n<meta name=\"twitter:label1\" content=\"\u00c9crit par\" \/>\n\t<meta name=\"twitter:data1\" content=\"Andreas Haug\" \/>\n\t<meta name=\"twitter:label2\" content=\"Dur\u00e9e de lecture estim\u00e9e\" \/>\n\t<meta name=\"twitter:data2\" content=\"3 minutes\" \/>\n<script type=\"application\/ld+json\" class=\"yoast-schema-graph\">{\"@context\":\"https:\\\/\\\/schema.org\",\"@graph\":[{\"@type\":\"Article\",\"@id\":\"https:\\\/\\\/transportjournal.com\\\/fr\\\/2026\\\/04\\\/29\\\/arnold-schwerlast-rejoint-lahk-ukraine\\\/#article\",\"isPartOf\":{\"@id\":\"https:\\\/\\\/transportjournal.com\\\/fr\\\/2026\\\/04\\\/29\\\/arnold-schwerlast-rejoint-lahk-ukraine\\\/\"},\"author\":{\"name\":\"Andreas Haug\",\"@id\":\"https:\\\/\\\/transportjournal.com\\\/fr\\\/#\\\/schema\\\/person\\\/cf538b3157f15afd7589245a4b3dbd25\"},\"headline\":\"Arnold Schwerlast rejoint l&rsquo;AHK Ukraine\",\"datePublished\":\"2026-04-29T15:28:43+00:00\",\"mainEntityOfPage\":{\"@id\":\"https:\\\/\\\/transportjournal.com\\\/fr\\\/2026\\\/04\\\/29\\\/arnold-schwerlast-rejoint-lahk-ukraine\\\/\"},\"wordCount\":555,\"commentCount\":0,\"publisher\":{\"@id\":\"https:\\\/\\\/transportjournal.com\\\/fr\\\/#organization\"},\"image\":{\"@id\":\"https:\\\/\\\/transportjournal.com\\\/fr\\\/2026\\\/04\\\/29\\\/arnold-schwerlast-rejoint-lahk-ukraine\\\/#primaryimage\"},\"thumbnailUrl\":\"https:\\\/\\\/transportjournal.com\\\/wp-content\\\/uploads\\\/sites\\\/2\\\/2026\\\/04\\\/Arnold-Schwerlast-Foto-GF-2026-4-Sara-Mergler-scaled-aspect-ratio-1400-788-scaled-1.jpg\",\"keywords\":[\"adh\u00e9sion AHK\",\"AHK membership Fran\u00e7ais transport lourd\",\"AHK Ukraine\",\"Arnold Schwerlast GmbH\",\"cha\u00eenes d'approvisionnement\",\"concepts de transport multimodal\",\"conditions \u00e9conomiques Ukraine\",\"construction projects\",\"customs clearance\",\"d\u00e9douanement\",\"Deutsch Schwerlast\",\"Eastern Europe logistics\",\"economic conditions Ukraine\",\"Energieprojekte\",\"energy projects\",\"Genehmigungsmanagement\",\"gestion des autorisations\",\"goods transport war zones\",\"G\u00fctertransport Kriegsgebiete\",\"Hochbau Projekte\",\"industrie du transport\",\"infrastructure projects Ukraine\",\"Infrastrukturprojekte Ukraine\",\"international project transport\",\"internationale Projekttransporte\",\"Lieferketten\",\"logistics service providers\",\"Logistikdienstleister\",\"logistique de projet\",\"logistique en Europe de l'Est\",\"Mitgliedschaft AHK English heavy transport\",\"multimodal transport concepts\",\"multimodale Transportkonzepte\",\"Osteuropa Logistik\",\"permit management\",\"planification des itin\u00e9raires\",\"prestataires de services logistiques\",\"project logistics\",\"Projektlogistik\",\"projets d'infrastructure Ukraine\",\"projets de construction\",\"projets \u00e9nerg\u00e9tiques\",\"reconstruction Ukraine\",\"route planning\",\"Routenplanung\",\"supply chains\",\"transport de marchandises zones de guerre\",\"transport de projet international\",\"transport industry\",\"Transportwirtschaft\",\"Wiederaufbau Ukraine\",\"wirtschaftliche Rahmenbedingungen Ukraine\",\"Zollabwicklung\"],\"articleSection\":[\"Deutschland\",\"Exp\u00e9dition de fret et logistique\",\"L'Europe\",\"Personnes et entreprises\"],\"inLanguage\":\"fr-FR\",\"potentialAction\":[{\"@type\":\"CommentAction\",\"name\":\"Comment\",\"target\":[\"https:\\\/\\\/transportjournal.com\\\/fr\\\/2026\\\/04\\\/29\\\/arnold-schwerlast-rejoint-lahk-ukraine\\\/#respond\"]}]},{\"@type\":\"WebPage\",\"@id\":\"https:\\\/\\\/transportjournal.com\\\/fr\\\/2026\\\/04\\\/29\\\/arnold-schwerlast-rejoint-lahk-ukraine\\\/\",\"url\":\"https:\\\/\\\/transportjournal.com\\\/fr\\\/2026\\\/04\\\/29\\\/arnold-schwerlast-rejoint-lahk-ukraine\\\/\",\"name\":\"Arnold Schwerlast rejoint l&#8217;AHK Ukraine - ITJ | International Transport Journal\",\"isPartOf\":{\"@id\":\"https:\\\/\\\/transportjournal.com\\\/fr\\\/#website\"},\"primaryImageOfPage\":{\"@id\":\"https:\\\/\\\/transportjournal.com\\\/fr\\\/2026\\\/04\\\/29\\\/arnold-schwerlast-rejoint-lahk-ukraine\\\/#primaryimage\"},\"image\":{\"@id\":\"https:\\\/\\\/transportjournal.com\\\/fr\\\/2026\\\/04\\\/29\\\/arnold-schwerlast-rejoint-lahk-ukraine\\\/#primaryimage\"},\"thumbnailUrl\":\"https:\\\/\\\/transportjournal.com\\\/wp-content\\\/uploads\\\/sites\\\/2\\\/2026\\\/04\\\/Arnold-Schwerlast-Foto-GF-2026-4-Sara-Mergler-scaled-aspect-ratio-1400-788-scaled-1.jpg\",\"datePublished\":\"2026-04-29T15:28:43+00:00\",\"breadcrumb\":{\"@id\":\"https:\\\/\\\/transportjournal.com\\\/fr\\\/2026\\\/04\\\/29\\\/arnold-schwerlast-rejoint-lahk-ukraine\\\/#breadcrumb\"},\"inLanguage\":\"fr-FR\",\"potentialAction\":[{\"@type\":\"ReadAction\",\"target\":[\"https:\\\/\\\/transportjournal.com\\\/fr\\\/2026\\\/04\\\/29\\\/arnold-schwerlast-rejoint-lahk-ukraine\\\/\"]}]},{\"@type\":\"ImageObject\",\"inLanguage\":\"fr-FR\",\"@id\":\"https:\\\/\\\/transportjournal.com\\\/fr\\\/2026\\\/04\\\/29\\\/arnold-schwerlast-rejoint-lahk-ukraine\\\/#primaryimage\",\"url\":\"https:\\\/\\\/transportjournal.com\\\/wp-content\\\/uploads\\\/sites\\\/2\\\/2026\\\/04\\\/Arnold-Schwerlast-Foto-GF-2026-4-Sara-Mergler-scaled-aspect-ratio-1400-788-scaled-1.jpg\",\"contentUrl\":\"https:\\\/\\\/transportjournal.com\\\/wp-content\\\/uploads\\\/sites\\\/2\\\/2026\\\/04\\\/Arnold-Schwerlast-Foto-GF-2026-4-Sara-Mergler-scaled-aspect-ratio-1400-788-scaled-1.jpg\",\"width\":2560,\"height\":1441},{\"@type\":\"BreadcrumbList\",\"@id\":\"https:\\\/\\\/transportjournal.com\\\/fr\\\/2026\\\/04\\\/29\\\/arnold-schwerlast-rejoint-lahk-ukraine\\\/#breadcrumb\",\"itemListElement\":[{\"@type\":\"ListItem\",\"position\":1,\"name\":\"Startseite\",\"item\":\"https:\\\/\\\/transportjournal.com\\\/fr\\\/\"},{\"@type\":\"ListItem\",\"position\":2,\"name\":\"Arnold Schwerlast rejoint l&rsquo;AHK Ukraine\"}]},{\"@type\":\"WebSite\",\"@id\":\"https:\\\/\\\/transportjournal.com\\\/fr\\\/#website\",\"url\":\"https:\\\/\\\/transportjournal.com\\\/fr\\\/\",\"name\":\"ITJ | International Transport Journal\",\"description\":\"Restez inform\u00e9 des derni\u00e8res nouvelles mondiales dans les secteurs du transport, de la logistique et de la cha\u00eene d'approvisionnement. Transport Journal fournit des informations d'experts, des analyses et des mises \u00e0 jour sur le transport maritime, l'aviation, l'intermodalit\u00e9 et l'exp\u00e9dition. \",\"publisher\":{\"@id\":\"https:\\\/\\\/transportjournal.com\\\/fr\\\/#organization\"},\"potentialAction\":[{\"@type\":\"SearchAction\",\"target\":{\"@type\":\"EntryPoint\",\"urlTemplate\":\"https:\\\/\\\/transportjournal.com\\\/fr\\\/?s={search_term_string}\"},\"query-input\":{\"@type\":\"PropertyValueSpecification\",\"valueRequired\":true,\"valueName\":\"search_term_string\"}}],\"inLanguage\":\"fr-FR\"},{\"@type\":\"Organization\",\"@id\":\"https:\\\/\\\/transportjournal.com\\\/fr\\\/#organization\",\"name\":\"Groupe Logismedia AG\",\"alternateName\":\"Logismedia Group AG\",\"url\":\"https:\\\/\\\/transportjournal.com\\\/fr\\\/\",\"logo\":{\"@type\":\"ImageObject\",\"inLanguage\":\"fr-FR\",\"@id\":\"https:\\\/\\\/transportjournal.com\\\/fr\\\/#\\\/schema\\\/logo\\\/image\\\/\",\"url\":\"https:\\\/\\\/transportjournal.com\\\/wp-content\\\/uploads\\\/sites\\\/2\\\/2025\\\/09\\\/Logo_ITJ.png\",\"contentUrl\":\"https:\\\/\\\/transportjournal.com\\\/wp-content\\\/uploads\\\/sites\\\/2\\\/2025\\\/09\\\/Logo_ITJ.png\",\"width\":799,\"height\":326,\"caption\":\"Groupe Logismedia AG\"},\"image\":{\"@id\":\"https:\\\/\\\/transportjournal.com\\\/fr\\\/#\\\/schema\\\/logo\\\/image\\\/\"},\"sameAs\":[\"https:\\\/\\\/www.linkedin.com\\\/company\\\/56456496\\\/admin\\\/dashboard\\\/\",\"https:\\\/\\\/www.instagram.com\\\/logismediagroup\\\/\",\"https:\\\/\\\/www.youtube.com\\\/@LogiamediaGroupAG\"]},{\"@type\":\"Person\",\"@id\":\"https:\\\/\\\/transportjournal.com\\\/fr\\\/#\\\/schema\\\/person\\\/cf538b3157f15afd7589245a4b3dbd25\",\"name\":\"Andreas Haug\",\"url\":\"https:\\\/\\\/transportjournal.com\\\/fr\\\/author\\\/andreas\\\/\"}]}<\/script>\n<!-- \/ Yoast SEO plugin. -->","yoast_head_json":{"title":"Arnold Schwerlast rejoint l&#8217;AHK Ukraine - ITJ | International Transport Journal","robots":{"index":"index","follow":"follow","max-snippet":"max-snippet:-1","max-image-preview":"max-image-preview:large","max-video-preview":"max-video-preview:-1"},"canonical":"https:\/\/transportjournal.com\/fr\/2026\/04\/29\/arnold-schwerlast-rejoint-lahk-ukraine\/","og_locale":"fr_FR","og_type":"article","og_title":"Arnold Schwerlast rejoint l&#8217;AHK Ukraine - ITJ | International Transport Journal","og_description":"Arnold Schwerlast GmbH a rejoint l'AHK Ukraine pour apporter son expertise en transport de projet pour la reconstruction de l'Ukraine.","og_url":"https:\/\/transportjournal.com\/fr\/2026\/04\/29\/arnold-schwerlast-rejoint-lahk-ukraine\/","og_site_name":"ITJ | International Transport Journal","article_published_time":"2026-04-29T15:28:43+00:00","og_image":[{"width":2560,"height":1441,"url":"https:\/\/transportjournal.com\/wp-content\/uploads\/sites\/2\/2026\/04\/Arnold-Schwerlast-Foto-GF-2026-4-Sara-Mergler-scaled-aspect-ratio-1400-788-scaled-1.jpg","type":"image\/jpeg"}],"author":"Andreas Haug","twitter_card":"summary_large_image","twitter_misc":{"\u00c9crit par":"Andreas Haug","Dur\u00e9e de lecture estim\u00e9e":"3 minutes"},"schema":{"@context":"https:\/\/schema.org","@graph":[{"@type":"Article","@id":"https:\/\/transportjournal.com\/fr\/2026\/04\/29\/arnold-schwerlast-rejoint-lahk-ukraine\/#article","isPartOf":{"@id":"https:\/\/transportjournal.com\/fr\/2026\/04\/29\/arnold-schwerlast-rejoint-lahk-ukraine\/"},"author":{"name":"Andreas Haug","@id":"https:\/\/transportjournal.com\/fr\/#\/schema\/person\/cf538b3157f15afd7589245a4b3dbd25"},"headline":"Arnold Schwerlast rejoint l&rsquo;AHK Ukraine","datePublished":"2026-04-29T15:28:43+00:00","mainEntityOfPage":{"@id":"https:\/\/transportjournal.com\/fr\/2026\/04\/29\/arnold-schwerlast-rejoint-lahk-ukraine\/"},"wordCount":555,"commentCount":0,"publisher":{"@id":"https:\/\/transportjournal.com\/fr\/#organization"},"image":{"@id":"https:\/\/transportjournal.com\/fr\/2026\/04\/29\/arnold-schwerlast-rejoint-lahk-ukraine\/#primaryimage"},"thumbnailUrl":"https:\/\/transportjournal.com\/wp-content\/uploads\/sites\/2\/2026\/04\/Arnold-Schwerlast-Foto-GF-2026-4-Sara-Mergler-scaled-aspect-ratio-1400-788-scaled-1.jpg","keywords":["adh\u00e9sion AHK","AHK membership Fran\u00e7ais transport lourd","AHK Ukraine","Arnold Schwerlast GmbH","cha\u00eenes d'approvisionnement","concepts de transport multimodal","conditions \u00e9conomiques Ukraine","construction projects","customs clearance","d\u00e9douanement","Deutsch Schwerlast","Eastern Europe logistics","economic conditions Ukraine","Energieprojekte","energy projects","Genehmigungsmanagement","gestion des autorisations","goods transport war zones","G\u00fctertransport Kriegsgebiete","Hochbau Projekte","industrie du transport","infrastructure projects Ukraine","Infrastrukturprojekte Ukraine","international project transport","internationale Projekttransporte","Lieferketten","logistics service providers","Logistikdienstleister","logistique de projet","logistique en Europe de l'Est","Mitgliedschaft AHK English heavy transport","multimodal transport concepts","multimodale Transportkonzepte","Osteuropa Logistik","permit management","planification des itin\u00e9raires","prestataires de services logistiques","project logistics","Projektlogistik","projets d'infrastructure Ukraine","projets de construction","projets \u00e9nerg\u00e9tiques","reconstruction Ukraine","route planning","Routenplanung","supply chains","transport de marchandises zones de guerre","transport de projet international","transport industry","Transportwirtschaft","Wiederaufbau Ukraine","wirtschaftliche Rahmenbedingungen Ukraine","Zollabwicklung"],"articleSection":["Deutschland","Exp\u00e9dition de fret et logistique","L'Europe","Personnes et entreprises"],"inLanguage":"fr-FR","potentialAction":[{"@type":"CommentAction","name":"Comment","target":["https:\/\/transportjournal.com\/fr\/2026\/04\/29\/arnold-schwerlast-rejoint-lahk-ukraine\/#respond"]}]},{"@type":"WebPage","@id":"https:\/\/transportjournal.com\/fr\/2026\/04\/29\/arnold-schwerlast-rejoint-lahk-ukraine\/","url":"https:\/\/transportjournal.com\/fr\/2026\/04\/29\/arnold-schwerlast-rejoint-lahk-ukraine\/","name":"Arnold Schwerlast rejoint l&#8217;AHK Ukraine - ITJ | International Transport Journal","isPartOf":{"@id":"https:\/\/transportjournal.com\/fr\/#website"},"primaryImageOfPage":{"@id":"https:\/\/transportjournal.com\/fr\/2026\/04\/29\/arnold-schwerlast-rejoint-lahk-ukraine\/#primaryimage"},"image":{"@id":"https:\/\/transportjournal.com\/fr\/2026\/04\/29\/arnold-schwerlast-rejoint-lahk-ukraine\/#primaryimage"},"thumbnailUrl":"https:\/\/transportjournal.com\/wp-content\/uploads\/sites\/2\/2026\/04\/Arnold-Schwerlast-Foto-GF-2026-4-Sara-Mergler-scaled-aspect-ratio-1400-788-scaled-1.jpg","datePublished":"2026-04-29T15:28:43+00:00","breadcrumb":{"@id":"https:\/\/transportjournal.com\/fr\/2026\/04\/29\/arnold-schwerlast-rejoint-lahk-ukraine\/#breadcrumb"},"inLanguage":"fr-FR","potentialAction":[{"@type":"ReadAction","target":["https:\/\/transportjournal.com\/fr\/2026\/04\/29\/arnold-schwerlast-rejoint-lahk-ukraine\/"]}]},{"@type":"ImageObject","inLanguage":"fr-FR","@id":"https:\/\/transportjournal.com\/fr\/2026\/04\/29\/arnold-schwerlast-rejoint-lahk-ukraine\/#primaryimage","url":"https:\/\/transportjournal.com\/wp-content\/uploads\/sites\/2\/2026\/04\/Arnold-Schwerlast-Foto-GF-2026-4-Sara-Mergler-scaled-aspect-ratio-1400-788-scaled-1.jpg","contentUrl":"https:\/\/transportjournal.com\/wp-content\/uploads\/sites\/2\/2026\/04\/Arnold-Schwerlast-Foto-GF-2026-4-Sara-Mergler-scaled-aspect-ratio-1400-788-scaled-1.jpg","width":2560,"height":1441},{"@type":"BreadcrumbList","@id":"https:\/\/transportjournal.com\/fr\/2026\/04\/29\/arnold-schwerlast-rejoint-lahk-ukraine\/#breadcrumb","itemListElement":[{"@type":"ListItem","position":1,"name":"Startseite","item":"https:\/\/transportjournal.com\/fr\/"},{"@type":"ListItem","position":2,"name":"Arnold Schwerlast rejoint l&rsquo;AHK Ukraine"}]},{"@type":"WebSite","@id":"https:\/\/transportjournal.com\/fr\/#website","url":"https:\/\/transportjournal.com\/fr\/","name":"ITJ | International Transport Journal","description":"Restez inform\u00e9 des derni\u00e8res nouvelles mondiales dans les secteurs du transport, de la logistique et de la cha\u00eene d'approvisionnement. Transport Journal fournit des informations d'experts, des analyses et des mises \u00e0 jour sur le transport maritime, l'aviation, l'intermodalit\u00e9 et l'exp\u00e9dition. ","publisher":{"@id":"https:\/\/transportjournal.com\/fr\/#organization"},"potentialAction":[{"@type":"SearchAction","target":{"@type":"EntryPoint","urlTemplate":"https:\/\/transportjournal.com\/fr\/?s={search_term_string}"},"query-input":{"@type":"PropertyValueSpecification","valueRequired":true,"valueName":"search_term_string"}}],"inLanguage":"fr-FR"},{"@type":"Organization","@id":"https:\/\/transportjournal.com\/fr\/#organization","name":"Groupe Logismedia AG","alternateName":"Logismedia Group AG","url":"https:\/\/transportjournal.com\/fr\/","logo":{"@type":"ImageObject","inLanguage":"fr-FR","@id":"https:\/\/transportjournal.com\/fr\/#\/schema\/logo\/image\/","url":"https:\/\/transportjournal.com\/wp-content\/uploads\/sites\/2\/2025\/09\/Logo_ITJ.png","contentUrl":"https:\/\/transportjournal.com\/wp-content\/uploads\/sites\/2\/2025\/09\/Logo_ITJ.png","width":799,"height":326,"caption":"Groupe Logismedia AG"},"image":{"@id":"https:\/\/transportjournal.com\/fr\/#\/schema\/logo\/image\/"},"sameAs":["https:\/\/www.linkedin.com\/company\/56456496\/admin\/dashboard\/","https:\/\/www.instagram.com\/logismediagroup\/","https:\/\/www.youtube.com\/@LogiamediaGroupAG"]},{"@type":"Person","@id":"https:\/\/transportjournal.com\/fr\/#\/schema\/person\/cf538b3157f15afd7589245a4b3dbd25","name":"Andreas Haug","url":"https:\/\/transportjournal.com\/fr\/author\/andreas\/"}]}},"_links":{"self":[{"href":"https:\/\/transportjournal.com\/fr\/wp-json\/wp\/v2\/posts\/87385","targetHints":{"allow":["GET"]}}],"collection":[{"href":"https:\/\/transportjournal.com\/fr\/wp-json\/wp\/v2\/posts"}],"about":[{"href":"https:\/\/transportjournal.com\/fr\/wp-json\/wp\/v2\/types\/post"}],"author":[{"embeddable":true,"href":"https:\/\/transportjournal.com\/fr\/wp-json\/wp\/v2\/users\/12"}],"replies":[{"embeddable":true,"href":"https:\/\/transportjournal.com\/fr\/wp-json\/wp\/v2\/comments?post=87385"}],"version-history":[{"count":0,"href":"https:\/\/transportjournal.com\/fr\/wp-json\/wp\/v2\/posts\/87385\/revisions"}],"wp:featuredmedia":[{"embeddable":true,"href":"https:\/\/transportjournal.com\/fr\/wp-json\/wp\/v2\/media\/87383"}],"wp:attachment":[{"href":"https:\/\/transportjournal.com\/fr\/wp-json\/wp\/v2\/media?parent=87385"}],"wp:term":[{"taxonomy":"category","embeddable":true,"href":"https:\/\/transportjournal.com\/fr\/wp-json\/wp\/v2\/categories?post=87385"},{"taxonomy":"post_tag","embeddable":true,"href":"https:\/\/transportjournal.com\/fr\/wp-json\/wp\/v2\/tags?post=87385"}],"curies":[{"name":"wp","href":"https:\/\/api.w.org\/{rel}","templated":true}]}}