{"id":87370,"date":"2026-04-29T15:17:40","date_gmt":"2026-04-29T15:17:40","guid":{"rendered":"https:\/\/transportjournal.com\/2026\/04\/29\/dp-world-devient-partenaire-logistique-de-porsche\/"},"modified":"2026-04-29T17:36:59","modified_gmt":"2026-04-29T15:36:59","slug":"dp-world-devient-partenaire-logistique-de-porsche","status":"publish","type":"post","link":"https:\/\/transportjournal.com\/fr\/2026\/04\/29\/dp-world-devient-partenaire-logistique-de-porsche\/","title":{"rendered":"DP World devient partenaire logistique de Porsche"},"content":{"rendered":"<p>DP World a annonc\u00e9 que l&#8217;entreprise a \u00e9t\u00e9 d\u00e9sign\u00e9e comme partenaire logistique officiel de l&#8217;\u00e9quipe Porsche Formula E dans le cadre du Championnat du Monde ABB FIA Formula E. Ce partenariat pluriannuel a \u00e9t\u00e9 activ\u00e9 pour la premi\u00e8re fois lors de l&#8217;E-Prix de Madrid en mars cette saison et relie deux marques mondiales qui se distinguent par leur pr\u00e9cision, leur innovation et leur engagement commun en faveur de la mobilit\u00e9 durable.<\/p>\n<p>Cette collaboration souligne l&#8217;expertise de DP World dans le domaine de la logistique automobile, allant de la gestion des composants et des batteries pour v\u00e9hicules \u00e9lectriques \u00e0 la distribution de v\u00e9hicules finis. Cela permet de proposer des solutions r\u00e9silientes et int\u00e9gr\u00e9es pour la cha\u00eene d&#8217;approvisionnement. De plus, ce partenariat refl\u00e8te l&#8217;engagement plus large de DP World \u00e0 d\u00e9carboniser le commerce mondial en utilisant des \u00e9nergies renouvelables et en \u00e9lectrifiant les \u00e9quipements dans ses op\u00e9rations.<\/p>\n<p>Beat Simon, directeur commercial et directeur des op\u00e9rations logistiques chez DP World, a comment\u00e9 le partenariat : \u00ab Chez DP World, nos partenaires refl\u00e8tent notre engagement envers la performance, la pr\u00e9cision et l&#8217;innovation \u2013 et Porsche Motorsport incarne l&#8217;ing\u00e9nierie de haut niveau. Ce partenariat s&#8217;appuie sur notre relation existante avec Porsche, y compris le soutien logistique intelligent pour le centre de production \u00e0 Leipzig, et offre une plateforme mondiale pour renforcer les relations avec les clients ainsi que pour c\u00e9l\u00e9brer les innovations dans la mobilit\u00e9 \u00e9lectrique. \u00bb<\/p>\n<p>Thomas Laudenbach, vice-pr\u00e9sident de Porsche Motorsport, s&#8217;est \u00e9galement r\u00e9joui de la collaboration : \u00ab Nous sommes ravis d&#8217;accueillir DP World en tant que partenaire logistique officiel de l&#8217;\u00e9quipe Porsche Formula E. La comp\u00e9tition de haut niveau dans le sport automobile mondial exige pr\u00e9cision, fiabilit\u00e9 et coordination sans faille \u00e0 chaque course du calendrier. L&#8217;expertise de DP World en logistique intelligente et son r\u00e9seau mondial en font un partenaire solide pour notre programme Formula E. Ensemble, nous souhaitons combiner l&#8217;ing\u00e9nierie de haute performance sur la piste avec l&#8217;excellence op\u00e9rationnelle en arri\u00e8re-plan. \u00bb<\/p>\n<p>Le week-end prochain, les 2 et 3 mai, marquera l&#8217;E-Prix de Berlin, une course pour Porsche sur son sol en Allemagne, qui repr\u00e9sente \u00e9galement un march\u00e9 important pour DP World et refl\u00e8te l&#8217;expertise de l&#8217;entreprise en logistique automobile.<\/p>\n<p>Le Championnat du Monde ABB FIA Formula E comprend un calendrier mondial d&#8217;\u00e9preuves urbaines qui mettent en avant la technologie des v\u00e9hicules \u00e9lectriques et les innovations durables. La collaboration avec Porsche renforce le portefeuille sportif mondial de DP World, qui comprend \u00e9galement McLaren F1, SailGP, la DP World Tour, la Ryder Cup, le Conseil International de Cricket et Yamaha Factory Racing, et soutient la pr\u00e9sence des marques ainsi que la fid\u00e9lisation des clients \u00e0 l&#8217;\u00e9chelle mondiale.<\/p>\n<p>&nbsp;<\/p>\n<p><a href=\"https:\/\/www.dpworld.com\/\" target=\"_blank\" rel=\"noopener noreferrer\">www.dpworld.com<\/a><\/p>\n<p>&nbsp;<\/p>\n","protected":false},"excerpt":{"rendered":"<p>DP World a \u00e9t\u00e9 d\u00e9sign\u00e9 comme partenaire logistique officiel de l&rsquo;\u00e9quipe Porsche Formula E pour promouvoir la mobilit\u00e9 durable et des solutions innovantes dans la logistique automobile.<\/p>\n","protected":false},"author":12,"featured_media":87368,"comment_status":"open","ping_status":"","sticky":false,"template":"","format":"standard","meta":{"_acf_changed":false,"footnotes":""},"categories":[9092,1581,1587,1588],"tags":[1828,6128,43661,43662,2207,5128,9626,16846,7919,30088,30089,1796,1797,11335,43663,1807,43664,43665,43666,43667,5139,5140,2125,43668,43669,9642,43670,5840,11639,2133,1831,4211,6138,6109,11016,1869,11642,43671,43672,43673,43674,43675,2148,43676,9649,11361,6120,43677,43678,1857,11026,2155,1837,7944],"class_list":["post-87370","post","type-post","status-publish","format-standard","has-post-thumbnail","hentry","category-deutschland","category-expedition-et-logistique","category-leurope","category-moyen-orient","tag-automobillogistik","tag-automotive-logistics","tag-berlin-e-prix","tag-centre-de-production-de-leipzig","tag-chaine-dapprovisionnement","tag-commerce-mondial","tag-customer-relationships","tag-deutsch-dp-world","tag-electric-vehicles","tag-electromobilite","tag-electromobility","tag-elektrofahrzeuge","tag-elektromobilitaet","tag-energies-renouvelables","tag-engineering-excellence-francais-dp-world","tag-erneuerbare-energien","tag-excellence-en-ingenierie","tag-formel-e","tag-formula-e","tag-formule-e","tag-global-trade","tag-globaler-handel","tag-industrie-du-transport","tag-ingenieurskunst-english-dp-world","tag-intelligente-logistik","tag-kundenbeziehungen","tag-leipzig-production-center","tag-lieferkette","tag-logistics-partner","tag-logistics-service-providers","tag-logistikdienstleister","tag-logistikpartner","tag-logistique-automobile","tag-logistique-intelligente","tag-mobilite-durable","tag-nachhaltige-mobilitaet","tag-partenaire-logistique","tag-porsche","tag-portefeuille-sportif","tag-praezision-im-motorsport","tag-precision-en-sport-automobile","tag-precision-in-motorsport","tag-prestataires-de-services-logistiques","tag-produktionszentrum-leipzig","tag-relations-clients","tag-renewable-energy","tag-smart-logistics","tag-sportportfolio","tag-sports-portfolio","tag-supply-chain","tag-sustainable-mobility","tag-transport-industry","tag-transportwirtschaft","tag-vehicules-electriques"],"acf":[],"yoast_head":"<!-- This site is optimized with the Yoast SEO plugin v27.3 - https:\/\/yoast.com\/product\/yoast-seo-wordpress\/ -->\n<title>DP World devient partenaire logistique de Porsche - ITJ | International Transport Journal<\/title>\n<meta name=\"robots\" content=\"index, follow, max-snippet:-1, max-image-preview:large, max-video-preview:-1\" \/>\n<link rel=\"canonical\" href=\"https:\/\/transportjournal.com\/fr\/2026\/04\/29\/dp-world-devient-partenaire-logistique-de-porsche\/\" \/>\n<meta property=\"og:locale\" content=\"fr_FR\" \/>\n<meta property=\"og:type\" content=\"article\" \/>\n<meta property=\"og:title\" content=\"DP World devient partenaire logistique de Porsche - ITJ | International Transport Journal\" \/>\n<meta property=\"og:description\" content=\"DP World a \u00e9t\u00e9 d\u00e9sign\u00e9 comme partenaire logistique officiel de l&#039;\u00e9quipe Porsche Formula E pour promouvoir la mobilit\u00e9 durable et des solutions innovantes dans la logistique automobile.\" \/>\n<meta property=\"og:url\" content=\"https:\/\/transportjournal.com\/fr\/2026\/04\/29\/dp-world-devient-partenaire-logistique-de-porsche\/\" \/>\n<meta property=\"og:site_name\" content=\"ITJ | International Transport Journal\" \/>\n<meta property=\"article:published_time\" content=\"2026-04-29T15:17:40+00:00\" \/>\n<meta property=\"article:modified_time\" content=\"2026-04-29T15:36:59+00:00\" \/>\n<meta property=\"og:image\" content=\"https:\/\/transportjournal.com\/wp-content\/uploads\/sites\/2\/2026\/04\/image3-4-aspect-ratio-1400-788.jpg\" \/>\n\t<meta property=\"og:image:width\" content=\"1080\" \/>\n\t<meta property=\"og:image:height\" content=\"608\" \/>\n\t<meta property=\"og:image:type\" content=\"image\/jpeg\" \/>\n<meta name=\"author\" content=\"Andreas Haug\" \/>\n<meta name=\"twitter:card\" content=\"summary_large_image\" \/>\n<meta name=\"twitter:label1\" content=\"\u00c9crit par\" \/>\n\t<meta name=\"twitter:data1\" content=\"Andreas Haug\" \/>\n\t<meta name=\"twitter:label2\" content=\"Dur\u00e9e de lecture estim\u00e9e\" \/>\n\t<meta name=\"twitter:data2\" content=\"2 minutes\" \/>\n<script type=\"application\/ld+json\" class=\"yoast-schema-graph\">{\"@context\":\"https:\\\/\\\/schema.org\",\"@graph\":[{\"@type\":\"Article\",\"@id\":\"https:\\\/\\\/transportjournal.com\\\/fr\\\/2026\\\/04\\\/29\\\/dp-world-devient-partenaire-logistique-de-porsche\\\/#article\",\"isPartOf\":{\"@id\":\"https:\\\/\\\/transportjournal.com\\\/fr\\\/2026\\\/04\\\/29\\\/dp-world-devient-partenaire-logistique-de-porsche\\\/\"},\"author\":{\"name\":\"Andreas Haug\",\"@id\":\"https:\\\/\\\/transportjournal.com\\\/fr\\\/#\\\/schema\\\/person\\\/cf538b3157f15afd7589245a4b3dbd25\"},\"headline\":\"DP World devient partenaire logistique de Porsche\",\"datePublished\":\"2026-04-29T15:17:40+00:00\",\"dateModified\":\"2026-04-29T15:36:59+00:00\",\"mainEntityOfPage\":{\"@id\":\"https:\\\/\\\/transportjournal.com\\\/fr\\\/2026\\\/04\\\/29\\\/dp-world-devient-partenaire-logistique-de-porsche\\\/\"},\"wordCount\":487,\"commentCount\":0,\"publisher\":{\"@id\":\"https:\\\/\\\/transportjournal.com\\\/fr\\\/#organization\"},\"image\":{\"@id\":\"https:\\\/\\\/transportjournal.com\\\/fr\\\/2026\\\/04\\\/29\\\/dp-world-devient-partenaire-logistique-de-porsche\\\/#primaryimage\"},\"thumbnailUrl\":\"https:\\\/\\\/transportjournal.com\\\/wp-content\\\/uploads\\\/sites\\\/2\\\/2026\\\/04\\\/image3-4-aspect-ratio-1400-788.jpg\",\"keywords\":[\"Automobillogistik\",\"Automotive logistics\",\"Berlin E-Prix\",\"centre de production de Leipzig\",\"cha\u00eene d'approvisionnement\",\"commerce mondial\",\"customer relationships\",\"Deutsch DP World\",\"electric vehicles\",\"\u00e9lectromobilit\u00e9\",\"electromobility\",\"Elektrofahrzeuge\",\"Elektromobilit\u00e4t\",\"\u00e9nergies renouvelables\",\"engineering excellence Fran\u00e7ais DP World\",\"erneuerbare Energien\",\"excellence en ing\u00e9nierie\",\"Formel E\",\"Formula E\",\"Formule E\",\"global trade\",\"globaler Handel\",\"industrie du transport\",\"Ingenieurskunst English DP World\",\"intelligente Logistik\",\"Kundenbeziehungen\",\"Leipzig production center\",\"Lieferkette\",\"logistics partner\",\"logistics service providers\",\"Logistikdienstleister\",\"Logistikpartner\",\"Logistique automobile\",\"logistique intelligente\",\"mobilit\u00e9 durable\",\"nachhaltige Mobilit\u00e4t\",\"partenaire logistique\",\"Porsche\",\"portefeuille sportif\",\"Pr\u00e4zision im Motorsport\",\"pr\u00e9cision en sport automobile\",\"precision in motorsport\",\"prestataires de services logistiques\",\"Produktionszentrum Leipzig\",\"relations clients\",\"renewable energy\",\"smart logistics\",\"Sportportfolio\",\"sports portfolio\",\"Supply Chain\",\"sustainable mobility\",\"transport industry\",\"Transportwirtschaft\",\"v\u00e9hicules \u00e9lectriques\"],\"articleSection\":[\"Deutschland\",\"Exp\u00e9dition de fret et logistique\",\"L'Europe\",\"Moyen-Orient\"],\"inLanguage\":\"fr-FR\",\"potentialAction\":[{\"@type\":\"CommentAction\",\"name\":\"Comment\",\"target\":[\"https:\\\/\\\/transportjournal.com\\\/fr\\\/2026\\\/04\\\/29\\\/dp-world-devient-partenaire-logistique-de-porsche\\\/#respond\"]}]},{\"@type\":\"WebPage\",\"@id\":\"https:\\\/\\\/transportjournal.com\\\/fr\\\/2026\\\/04\\\/29\\\/dp-world-devient-partenaire-logistique-de-porsche\\\/\",\"url\":\"https:\\\/\\\/transportjournal.com\\\/fr\\\/2026\\\/04\\\/29\\\/dp-world-devient-partenaire-logistique-de-porsche\\\/\",\"name\":\"DP World devient partenaire logistique de Porsche - ITJ | International Transport Journal\",\"isPartOf\":{\"@id\":\"https:\\\/\\\/transportjournal.com\\\/fr\\\/#website\"},\"primaryImageOfPage\":{\"@id\":\"https:\\\/\\\/transportjournal.com\\\/fr\\\/2026\\\/04\\\/29\\\/dp-world-devient-partenaire-logistique-de-porsche\\\/#primaryimage\"},\"image\":{\"@id\":\"https:\\\/\\\/transportjournal.com\\\/fr\\\/2026\\\/04\\\/29\\\/dp-world-devient-partenaire-logistique-de-porsche\\\/#primaryimage\"},\"thumbnailUrl\":\"https:\\\/\\\/transportjournal.com\\\/wp-content\\\/uploads\\\/sites\\\/2\\\/2026\\\/04\\\/image3-4-aspect-ratio-1400-788.jpg\",\"datePublished\":\"2026-04-29T15:17:40+00:00\",\"dateModified\":\"2026-04-29T15:36:59+00:00\",\"breadcrumb\":{\"@id\":\"https:\\\/\\\/transportjournal.com\\\/fr\\\/2026\\\/04\\\/29\\\/dp-world-devient-partenaire-logistique-de-porsche\\\/#breadcrumb\"},\"inLanguage\":\"fr-FR\",\"potentialAction\":[{\"@type\":\"ReadAction\",\"target\":[\"https:\\\/\\\/transportjournal.com\\\/fr\\\/2026\\\/04\\\/29\\\/dp-world-devient-partenaire-logistique-de-porsche\\\/\"]}]},{\"@type\":\"ImageObject\",\"inLanguage\":\"fr-FR\",\"@id\":\"https:\\\/\\\/transportjournal.com\\\/fr\\\/2026\\\/04\\\/29\\\/dp-world-devient-partenaire-logistique-de-porsche\\\/#primaryimage\",\"url\":\"https:\\\/\\\/transportjournal.com\\\/wp-content\\\/uploads\\\/sites\\\/2\\\/2026\\\/04\\\/image3-4-aspect-ratio-1400-788.jpg\",\"contentUrl\":\"https:\\\/\\\/transportjournal.com\\\/wp-content\\\/uploads\\\/sites\\\/2\\\/2026\\\/04\\\/image3-4-aspect-ratio-1400-788.jpg\",\"width\":1080,\"height\":608},{\"@type\":\"BreadcrumbList\",\"@id\":\"https:\\\/\\\/transportjournal.com\\\/fr\\\/2026\\\/04\\\/29\\\/dp-world-devient-partenaire-logistique-de-porsche\\\/#breadcrumb\",\"itemListElement\":[{\"@type\":\"ListItem\",\"position\":1,\"name\":\"Startseite\",\"item\":\"https:\\\/\\\/transportjournal.com\\\/fr\\\/\"},{\"@type\":\"ListItem\",\"position\":2,\"name\":\"DP World devient partenaire logistique de Porsche\"}]},{\"@type\":\"WebSite\",\"@id\":\"https:\\\/\\\/transportjournal.com\\\/fr\\\/#website\",\"url\":\"https:\\\/\\\/transportjournal.com\\\/fr\\\/\",\"name\":\"ITJ | International Transport Journal\",\"description\":\"Restez inform\u00e9 des derni\u00e8res nouvelles mondiales dans les secteurs du transport, de la logistique et de la cha\u00eene d'approvisionnement. Transport Journal fournit des informations d'experts, des analyses et des mises \u00e0 jour sur le transport maritime, l'aviation, l'intermodalit\u00e9 et l'exp\u00e9dition. \",\"publisher\":{\"@id\":\"https:\\\/\\\/transportjournal.com\\\/fr\\\/#organization\"},\"potentialAction\":[{\"@type\":\"SearchAction\",\"target\":{\"@type\":\"EntryPoint\",\"urlTemplate\":\"https:\\\/\\\/transportjournal.com\\\/fr\\\/?s={search_term_string}\"},\"query-input\":{\"@type\":\"PropertyValueSpecification\",\"valueRequired\":true,\"valueName\":\"search_term_string\"}}],\"inLanguage\":\"fr-FR\"},{\"@type\":\"Organization\",\"@id\":\"https:\\\/\\\/transportjournal.com\\\/fr\\\/#organization\",\"name\":\"Groupe Logismedia AG\",\"alternateName\":\"Logismedia Group AG\",\"url\":\"https:\\\/\\\/transportjournal.com\\\/fr\\\/\",\"logo\":{\"@type\":\"ImageObject\",\"inLanguage\":\"fr-FR\",\"@id\":\"https:\\\/\\\/transportjournal.com\\\/fr\\\/#\\\/schema\\\/logo\\\/image\\\/\",\"url\":\"https:\\\/\\\/transportjournal.com\\\/wp-content\\\/uploads\\\/sites\\\/2\\\/2025\\\/09\\\/Logo_ITJ.png\",\"contentUrl\":\"https:\\\/\\\/transportjournal.com\\\/wp-content\\\/uploads\\\/sites\\\/2\\\/2025\\\/09\\\/Logo_ITJ.png\",\"width\":799,\"height\":326,\"caption\":\"Groupe Logismedia AG\"},\"image\":{\"@id\":\"https:\\\/\\\/transportjournal.com\\\/fr\\\/#\\\/schema\\\/logo\\\/image\\\/\"},\"sameAs\":[\"https:\\\/\\\/www.linkedin.com\\\/company\\\/56456496\\\/admin\\\/dashboard\\\/\",\"https:\\\/\\\/www.instagram.com\\\/logismediagroup\\\/\",\"https:\\\/\\\/www.youtube.com\\\/@LogiamediaGroupAG\"]},{\"@type\":\"Person\",\"@id\":\"https:\\\/\\\/transportjournal.com\\\/fr\\\/#\\\/schema\\\/person\\\/cf538b3157f15afd7589245a4b3dbd25\",\"name\":\"Andreas Haug\",\"url\":\"https:\\\/\\\/transportjournal.com\\\/fr\\\/author\\\/andreas\\\/\"}]}<\/script>\n<!-- \/ Yoast SEO plugin. -->","yoast_head_json":{"title":"DP World devient partenaire logistique de Porsche - ITJ | International Transport Journal","robots":{"index":"index","follow":"follow","max-snippet":"max-snippet:-1","max-image-preview":"max-image-preview:large","max-video-preview":"max-video-preview:-1"},"canonical":"https:\/\/transportjournal.com\/fr\/2026\/04\/29\/dp-world-devient-partenaire-logistique-de-porsche\/","og_locale":"fr_FR","og_type":"article","og_title":"DP World devient partenaire logistique de Porsche - ITJ | International Transport Journal","og_description":"DP World a \u00e9t\u00e9 d\u00e9sign\u00e9 comme partenaire logistique officiel de l'\u00e9quipe Porsche Formula E pour promouvoir la mobilit\u00e9 durable et des solutions innovantes dans la logistique automobile.","og_url":"https:\/\/transportjournal.com\/fr\/2026\/04\/29\/dp-world-devient-partenaire-logistique-de-porsche\/","og_site_name":"ITJ | International Transport Journal","article_published_time":"2026-04-29T15:17:40+00:00","article_modified_time":"2026-04-29T15:36:59+00:00","og_image":[{"width":1080,"height":608,"url":"https:\/\/transportjournal.com\/wp-content\/uploads\/sites\/2\/2026\/04\/image3-4-aspect-ratio-1400-788.jpg","type":"image\/jpeg"}],"author":"Andreas Haug","twitter_card":"summary_large_image","twitter_misc":{"\u00c9crit par":"Andreas Haug","Dur\u00e9e de lecture estim\u00e9e":"2 minutes"},"schema":{"@context":"https:\/\/schema.org","@graph":[{"@type":"Article","@id":"https:\/\/transportjournal.com\/fr\/2026\/04\/29\/dp-world-devient-partenaire-logistique-de-porsche\/#article","isPartOf":{"@id":"https:\/\/transportjournal.com\/fr\/2026\/04\/29\/dp-world-devient-partenaire-logistique-de-porsche\/"},"author":{"name":"Andreas Haug","@id":"https:\/\/transportjournal.com\/fr\/#\/schema\/person\/cf538b3157f15afd7589245a4b3dbd25"},"headline":"DP World devient partenaire logistique de Porsche","datePublished":"2026-04-29T15:17:40+00:00","dateModified":"2026-04-29T15:36:59+00:00","mainEntityOfPage":{"@id":"https:\/\/transportjournal.com\/fr\/2026\/04\/29\/dp-world-devient-partenaire-logistique-de-porsche\/"},"wordCount":487,"commentCount":0,"publisher":{"@id":"https:\/\/transportjournal.com\/fr\/#organization"},"image":{"@id":"https:\/\/transportjournal.com\/fr\/2026\/04\/29\/dp-world-devient-partenaire-logistique-de-porsche\/#primaryimage"},"thumbnailUrl":"https:\/\/transportjournal.com\/wp-content\/uploads\/sites\/2\/2026\/04\/image3-4-aspect-ratio-1400-788.jpg","keywords":["Automobillogistik","Automotive logistics","Berlin E-Prix","centre de production de Leipzig","cha\u00eene d'approvisionnement","commerce mondial","customer relationships","Deutsch DP World","electric vehicles","\u00e9lectromobilit\u00e9","electromobility","Elektrofahrzeuge","Elektromobilit\u00e4t","\u00e9nergies renouvelables","engineering excellence Fran\u00e7ais DP World","erneuerbare Energien","excellence en ing\u00e9nierie","Formel E","Formula E","Formule E","global trade","globaler Handel","industrie du transport","Ingenieurskunst English DP World","intelligente Logistik","Kundenbeziehungen","Leipzig production center","Lieferkette","logistics partner","logistics service providers","Logistikdienstleister","Logistikpartner","Logistique automobile","logistique intelligente","mobilit\u00e9 durable","nachhaltige Mobilit\u00e4t","partenaire logistique","Porsche","portefeuille sportif","Pr\u00e4zision im Motorsport","pr\u00e9cision en sport automobile","precision in motorsport","prestataires de services logistiques","Produktionszentrum Leipzig","relations clients","renewable energy","smart logistics","Sportportfolio","sports portfolio","Supply Chain","sustainable mobility","transport industry","Transportwirtschaft","v\u00e9hicules \u00e9lectriques"],"articleSection":["Deutschland","Exp\u00e9dition de fret et logistique","L'Europe","Moyen-Orient"],"inLanguage":"fr-FR","potentialAction":[{"@type":"CommentAction","name":"Comment","target":["https:\/\/transportjournal.com\/fr\/2026\/04\/29\/dp-world-devient-partenaire-logistique-de-porsche\/#respond"]}]},{"@type":"WebPage","@id":"https:\/\/transportjournal.com\/fr\/2026\/04\/29\/dp-world-devient-partenaire-logistique-de-porsche\/","url":"https:\/\/transportjournal.com\/fr\/2026\/04\/29\/dp-world-devient-partenaire-logistique-de-porsche\/","name":"DP World devient partenaire logistique de Porsche - ITJ | International Transport Journal","isPartOf":{"@id":"https:\/\/transportjournal.com\/fr\/#website"},"primaryImageOfPage":{"@id":"https:\/\/transportjournal.com\/fr\/2026\/04\/29\/dp-world-devient-partenaire-logistique-de-porsche\/#primaryimage"},"image":{"@id":"https:\/\/transportjournal.com\/fr\/2026\/04\/29\/dp-world-devient-partenaire-logistique-de-porsche\/#primaryimage"},"thumbnailUrl":"https:\/\/transportjournal.com\/wp-content\/uploads\/sites\/2\/2026\/04\/image3-4-aspect-ratio-1400-788.jpg","datePublished":"2026-04-29T15:17:40+00:00","dateModified":"2026-04-29T15:36:59+00:00","breadcrumb":{"@id":"https:\/\/transportjournal.com\/fr\/2026\/04\/29\/dp-world-devient-partenaire-logistique-de-porsche\/#breadcrumb"},"inLanguage":"fr-FR","potentialAction":[{"@type":"ReadAction","target":["https:\/\/transportjournal.com\/fr\/2026\/04\/29\/dp-world-devient-partenaire-logistique-de-porsche\/"]}]},{"@type":"ImageObject","inLanguage":"fr-FR","@id":"https:\/\/transportjournal.com\/fr\/2026\/04\/29\/dp-world-devient-partenaire-logistique-de-porsche\/#primaryimage","url":"https:\/\/transportjournal.com\/wp-content\/uploads\/sites\/2\/2026\/04\/image3-4-aspect-ratio-1400-788.jpg","contentUrl":"https:\/\/transportjournal.com\/wp-content\/uploads\/sites\/2\/2026\/04\/image3-4-aspect-ratio-1400-788.jpg","width":1080,"height":608},{"@type":"BreadcrumbList","@id":"https:\/\/transportjournal.com\/fr\/2026\/04\/29\/dp-world-devient-partenaire-logistique-de-porsche\/#breadcrumb","itemListElement":[{"@type":"ListItem","position":1,"name":"Startseite","item":"https:\/\/transportjournal.com\/fr\/"},{"@type":"ListItem","position":2,"name":"DP World devient partenaire logistique de Porsche"}]},{"@type":"WebSite","@id":"https:\/\/transportjournal.com\/fr\/#website","url":"https:\/\/transportjournal.com\/fr\/","name":"ITJ | International Transport Journal","description":"Restez inform\u00e9 des derni\u00e8res nouvelles mondiales dans les secteurs du transport, de la logistique et de la cha\u00eene d'approvisionnement. Transport Journal fournit des informations d'experts, des analyses et des mises \u00e0 jour sur le transport maritime, l'aviation, l'intermodalit\u00e9 et l'exp\u00e9dition. ","publisher":{"@id":"https:\/\/transportjournal.com\/fr\/#organization"},"potentialAction":[{"@type":"SearchAction","target":{"@type":"EntryPoint","urlTemplate":"https:\/\/transportjournal.com\/fr\/?s={search_term_string}"},"query-input":{"@type":"PropertyValueSpecification","valueRequired":true,"valueName":"search_term_string"}}],"inLanguage":"fr-FR"},{"@type":"Organization","@id":"https:\/\/transportjournal.com\/fr\/#organization","name":"Groupe Logismedia AG","alternateName":"Logismedia Group AG","url":"https:\/\/transportjournal.com\/fr\/","logo":{"@type":"ImageObject","inLanguage":"fr-FR","@id":"https:\/\/transportjournal.com\/fr\/#\/schema\/logo\/image\/","url":"https:\/\/transportjournal.com\/wp-content\/uploads\/sites\/2\/2025\/09\/Logo_ITJ.png","contentUrl":"https:\/\/transportjournal.com\/wp-content\/uploads\/sites\/2\/2025\/09\/Logo_ITJ.png","width":799,"height":326,"caption":"Groupe Logismedia AG"},"image":{"@id":"https:\/\/transportjournal.com\/fr\/#\/schema\/logo\/image\/"},"sameAs":["https:\/\/www.linkedin.com\/company\/56456496\/admin\/dashboard\/","https:\/\/www.instagram.com\/logismediagroup\/","https:\/\/www.youtube.com\/@LogiamediaGroupAG"]},{"@type":"Person","@id":"https:\/\/transportjournal.com\/fr\/#\/schema\/person\/cf538b3157f15afd7589245a4b3dbd25","name":"Andreas Haug","url":"https:\/\/transportjournal.com\/fr\/author\/andreas\/"}]}},"_links":{"self":[{"href":"https:\/\/transportjournal.com\/fr\/wp-json\/wp\/v2\/posts\/87370","targetHints":{"allow":["GET"]}}],"collection":[{"href":"https:\/\/transportjournal.com\/fr\/wp-json\/wp\/v2\/posts"}],"about":[{"href":"https:\/\/transportjournal.com\/fr\/wp-json\/wp\/v2\/types\/post"}],"author":[{"embeddable":true,"href":"https:\/\/transportjournal.com\/fr\/wp-json\/wp\/v2\/users\/12"}],"replies":[{"embeddable":true,"href":"https:\/\/transportjournal.com\/fr\/wp-json\/wp\/v2\/comments?post=87370"}],"version-history":[{"count":2,"href":"https:\/\/transportjournal.com\/fr\/wp-json\/wp\/v2\/posts\/87370\/revisions"}],"predecessor-version":[{"id":87392,"href":"https:\/\/transportjournal.com\/fr\/wp-json\/wp\/v2\/posts\/87370\/revisions\/87392"}],"wp:featuredmedia":[{"embeddable":true,"href":"https:\/\/transportjournal.com\/fr\/wp-json\/wp\/v2\/media\/87368"}],"wp:attachment":[{"href":"https:\/\/transportjournal.com\/fr\/wp-json\/wp\/v2\/media?parent=87370"}],"wp:term":[{"taxonomy":"category","embeddable":true,"href":"https:\/\/transportjournal.com\/fr\/wp-json\/wp\/v2\/categories?post=87370"},{"taxonomy":"post_tag","embeddable":true,"href":"https:\/\/transportjournal.com\/fr\/wp-json\/wp\/v2\/tags?post=87370"}],"curies":[{"name":"wp","href":"https:\/\/api.w.org\/{rel}","templated":true}]}}