{"id":87326,"date":"2026-04-29T11:29:11","date_gmt":"2026-04-29T11:29:11","guid":{"rendered":"https:\/\/transportjournal.com\/2026\/04\/29\/man-truck-bus-satisfait-du-t1\/"},"modified":"2026-04-29T14:19:35","modified_gmt":"2026-04-29T12:19:35","slug":"man-truck-bus-satisfait-du-t1","status":"publish","type":"post","link":"https:\/\/transportjournal.com\/fr\/2026\/04\/29\/man-truck-bus-satisfait-du-t1\/","title":{"rendered":"Man Truck &#038; Bus satisfait du T1"},"content":{"rendered":"<p>Le constructeur de v\u00e9hicules utilitaires Man Truck &amp; Bus a d\u00e9but\u00e9 l&#8217;exercice 2026 avec une nette augmentation. Le chiffre d&#8217;affaires, le r\u00e9sultat et les ventes ont clairement d\u00e9pass\u00e9 le niveau de l&#8217;ann\u00e9e pr\u00e9c\u00e9dente au cours du premier trimestre, confirmant ainsi la tendance \u00e0 la hausse persistante.<\/p>\n<p>Le chiffre d&#8217;affaires a augment\u00e9 de 8 % pour atteindre 3,3 milliards d&#8217;euros. Dans le m\u00eame temps, les ventes ont augment\u00e9 de 14 % pour atteindre 23 600 v\u00e9hicules. Le segment des camions a particuli\u00e8rement bien perform\u00e9, avec une hausse de 21 %. Les commandes ont atteint 27 850 unit\u00e9s, \u00e9galant le niveau de l&#8217;ann\u00e9e pr\u00e9c\u00e9dente.<\/p>\n<p>Le r\u00e9sultat op\u00e9rationnel s&#8217;est \u00e9galement am\u00e9lior\u00e9 de mani\u00e8re significative, atteignant 239 millions d&#8217;euros. La rentabilit\u00e9 op\u00e9rationnelle s&#8217;\u00e9levait \u00e0 7,2 %. Malgr\u00e9 cette \u00e9volution, les perspectives restent prudentes en raison des incertitudes g\u00e9opolitiques.<\/p>\n<p>Les ventes de v\u00e9hicules \u00e9lectriques ont \u00e9galement connu une forte croissance, augmentant de 44 % pour atteindre 540 unit\u00e9s.<\/p>\n<p><a href=\"http:\/\/www.man.eu\" target=\"_blank\" rel=\"noopener noreferrer\">www.man.eu<\/a><\/p>\n","protected":false},"excerpt":{"rendered":"<p>Man Truck &#038; Bus a consid\u00e9rablement augment\u00e9 son chiffre d&rsquo;affaires et ses ventes au T1\/2026, tandis que les commandes sont rest\u00e9es stables et que les ventes de v\u00e9hicules \u00e9lectriques ont fortement progress\u00e9.<\/p>\n","protected":false},"author":14,"featured_media":87324,"comment_status":"open","ping_status":"","sticky":false,"template":"","format":"standard","meta":{"_acf_changed":false,"footnotes":""},"categories":[1580,1587],"tags":[43582,4555,43583,43584,43585,43586,10065,43587,3739,5180,4231,2166,43588,7919,1796,43589,7712,43590,43591,43592,5794,5795,43593,5799,2125,3745,2075,8371,43594,2133,1831,43595,4573,4574,43596,32929,2139,4254,43597,43598,43599,43600,8376,2148,43601,5611,43602,43603,2154,43604,2155,1837,43605,5621,21196,7944,21199,43606],"class_list":["post-87326","post","type-post","status-publish","format-standard","has-post-thumbnail","hentry","category-intermodal-route","category-leurope","tag-absatzwachstum","tag-analyse-de-marche","tag-auftragseingang","tag-commercial-vehicle-manufacturer","tag-constructeur-de-vehicules-utilitaires","tag-croissance-des-ventes","tag-croissance-du-chiffre-daffaires","tag-deutsch-man-truck-bus","tag-developpement-des-infrastructures","tag-digitalisierung-im-transport","tag-digitalization-in-transport","tag-durabilite-dans-la-logistique","tag-economic-trends","tag-electric-vehicles","tag-elektrofahrzeuge","tag-exercice-fiscal-2026","tag-fachkraeftemangel-in-der-branche","tag-fahrzeugabsatz","tag-fiscal-year-2026","tag-future-mobility-francais-man-truck-bus","tag-geopolitical-uncertainties","tag-geopolitische-unsicherheiten","tag-geschaeftsjahr-2026","tag-incertitudes-geopolitiques","tag-industrie-du-transport","tag-infrastructure-development","tag-infrastrukturentwicklung","tag-labor-shortage-in-the-industry","tag-lkw-segment","tag-logistics-service-providers","tag-logistikdienstleister","tag-marge-beneficiaire-operationnelle","tag-market-analysis","tag-marktanalyse","tag-mobilitaet-der-zukunft-english-man-truck-bus","tag-mobilite-de-demain","tag-nachhaltigkeit-in-der-logistik","tag-numerisation-dans-le-transport","tag-nutzfahrzeughersteller","tag-operating-profit-margin","tag-operative-rendite","tag-order-intake","tag-penurie-de-main-doeuvre-dans-le-secteur","tag-prestataires-de-services-logistiques","tag-prise-de-commandes","tag-revenue-growth","tag-sales-growth","tag-segment-des-camions","tag-sustainability-in-logistics","tag-tendances-economiques","tag-transport-industry","tag-transportwirtschaft","tag-truck-segment","tag-umsatzsteigerung","tag-vehicle-sales","tag-vehicules-electriques","tag-ventes-de-vehicules","tag-wirtschaftliche-trends"],"acf":[],"yoast_head":"<!-- This site is optimized with the Yoast SEO plugin v27.3 - https:\/\/yoast.com\/product\/yoast-seo-wordpress\/ -->\n<title>Man Truck &#038; Bus satisfait du T1 - ITJ | International Transport Journal<\/title>\n<meta name=\"robots\" content=\"index, follow, max-snippet:-1, max-image-preview:large, max-video-preview:-1\" \/>\n<link rel=\"canonical\" href=\"https:\/\/transportjournal.com\/fr\/2026\/04\/29\/man-truck-bus-satisfait-du-t1\/\" \/>\n<meta property=\"og:locale\" content=\"fr_FR\" \/>\n<meta property=\"og:type\" content=\"article\" \/>\n<meta property=\"og:title\" content=\"Man Truck &#038; Bus satisfait du T1 - ITJ | International Transport Journal\" \/>\n<meta property=\"og:description\" content=\"Man Truck &amp; Bus a consid\u00e9rablement augment\u00e9 son chiffre d&#039;affaires et ses ventes au T1\/2026, tandis que les commandes sont rest\u00e9es stables et que les ventes de v\u00e9hicules \u00e9lectriques ont fortement progress\u00e9.\" \/>\n<meta property=\"og:url\" content=\"https:\/\/transportjournal.com\/fr\/2026\/04\/29\/man-truck-bus-satisfait-du-t1\/\" \/>\n<meta property=\"og:site_name\" content=\"ITJ | International Transport Journal\" \/>\n<meta property=\"article:published_time\" content=\"2026-04-29T11:29:11+00:00\" \/>\n<meta property=\"article:modified_time\" content=\"2026-04-29T12:19:35+00:00\" \/>\n<meta property=\"og:image\" content=\"https:\/\/transportjournal.com\/wp-content\/uploads\/sites\/2\/2026\/04\/MAN-Truck_tv-man-etruck-winterladen-c-man-truck-bus.jpg\" \/>\n\t<meta property=\"og:image:width\" content=\"750\" \/>\n\t<meta property=\"og:image:height\" content=\"422\" \/>\n\t<meta property=\"og:image:type\" content=\"image\/jpeg\" \/>\n<meta name=\"author\" content=\"Gyan Sharan\" \/>\n<meta name=\"twitter:card\" content=\"summary_large_image\" \/>\n<meta name=\"twitter:label1\" content=\"\u00c9crit par\" \/>\n\t<meta name=\"twitter:data1\" content=\"Gyan Sharan\" \/>\n\t<meta name=\"twitter:label2\" content=\"Dur\u00e9e de lecture estim\u00e9e\" \/>\n\t<meta name=\"twitter:data2\" content=\"1 minute\" \/>\n<script type=\"application\/ld+json\" class=\"yoast-schema-graph\">{\"@context\":\"https:\\\/\\\/schema.org\",\"@graph\":[{\"@type\":\"Article\",\"@id\":\"https:\\\/\\\/transportjournal.com\\\/fr\\\/2026\\\/04\\\/29\\\/man-truck-bus-satisfait-du-t1\\\/#article\",\"isPartOf\":{\"@id\":\"https:\\\/\\\/transportjournal.com\\\/fr\\\/2026\\\/04\\\/29\\\/man-truck-bus-satisfait-du-t1\\\/\"},\"author\":{\"name\":\"Gyan Sharan\",\"@id\":\"https:\\\/\\\/transportjournal.com\\\/fr\\\/#\\\/schema\\\/person\\\/13a9fc605c753db60ef7750a229cd042\"},\"headline\":\"Man Truck &#038; Bus satisfait du T1\",\"datePublished\":\"2026-04-29T11:29:11+00:00\",\"dateModified\":\"2026-04-29T12:19:35+00:00\",\"mainEntityOfPage\":{\"@id\":\"https:\\\/\\\/transportjournal.com\\\/fr\\\/2026\\\/04\\\/29\\\/man-truck-bus-satisfait-du-t1\\\/\"},\"wordCount\":173,\"commentCount\":0,\"publisher\":{\"@id\":\"https:\\\/\\\/transportjournal.com\\\/fr\\\/#organization\"},\"image\":{\"@id\":\"https:\\\/\\\/transportjournal.com\\\/fr\\\/2026\\\/04\\\/29\\\/man-truck-bus-satisfait-du-t1\\\/#primaryimage\"},\"thumbnailUrl\":\"https:\\\/\\\/transportjournal.com\\\/wp-content\\\/uploads\\\/sites\\\/2\\\/2026\\\/04\\\/MAN-Truck_tv-man-etruck-winterladen-c-man-truck-bus.jpg\",\"keywords\":[\"Absatzwachstum\",\"analyse de march\u00e9\",\"Auftragseingang\",\"commercial vehicle manufacturer\",\"constructeur de v\u00e9hicules utilitaires\",\"croissance des ventes\",\"croissance du chiffre d'affaires\",\"Deutsch Man Truck &amp; Bus\",\"d\u00e9veloppement des infrastructures\",\"Digitalisierung im Transport\",\"digitalization in transport\",\"durabilit\u00e9 dans la logistique\",\"economic trends\",\"electric vehicles\",\"Elektrofahrzeuge\",\"exercice fiscal 2026\",\"Fachkr\u00e4ftemangel in der Branche\",\"Fahrzeugabsatz\",\"fiscal year 2026\",\"future mobility Fran\u00e7ais Man Truck &amp; Bus\",\"geopolitical uncertainties\",\"geopolitische Unsicherheiten\",\"Gesch\u00e4ftsjahr 2026\",\"incertitudes g\u00e9opolitiques\",\"industrie du transport\",\"infrastructure development\",\"Infrastrukturentwicklung\",\"labor shortage in the industry\",\"Lkw-Segment\",\"logistics service providers\",\"Logistikdienstleister\",\"marge b\u00e9n\u00e9ficiaire op\u00e9rationnelle\",\"market analysis\",\"Marktanalyse\",\"Mobilit\u00e4t der Zukunft English Man Truck &amp; Bus\",\"mobilit\u00e9 de demain\",\"Nachhaltigkeit in der Logistik\",\"num\u00e9risation dans le transport\",\"Nutzfahrzeughersteller\",\"operating profit margin\",\"operative Rendite\",\"order intake\",\"p\u00e9nurie de main-d'\u0153uvre dans le secteur\",\"prestataires de services logistiques\",\"prise de commandes\",\"revenue growth\",\"sales growth\",\"segment des camions\",\"sustainability in logistics\",\"tendances \u00e9conomiques\",\"transport industry\",\"Transportwirtschaft\",\"truck segment\",\"Umsatzsteigerung\",\"vehicle sales\",\"v\u00e9hicules \u00e9lectriques\",\"ventes de v\u00e9hicules\",\"wirtschaftliche Trends\"],\"articleSection\":[\"Intermodal \\\/ Route\",\"L'Europe\"],\"inLanguage\":\"fr-FR\",\"potentialAction\":[{\"@type\":\"CommentAction\",\"name\":\"Comment\",\"target\":[\"https:\\\/\\\/transportjournal.com\\\/fr\\\/2026\\\/04\\\/29\\\/man-truck-bus-satisfait-du-t1\\\/#respond\"]}]},{\"@type\":\"WebPage\",\"@id\":\"https:\\\/\\\/transportjournal.com\\\/fr\\\/2026\\\/04\\\/29\\\/man-truck-bus-satisfait-du-t1\\\/\",\"url\":\"https:\\\/\\\/transportjournal.com\\\/fr\\\/2026\\\/04\\\/29\\\/man-truck-bus-satisfait-du-t1\\\/\",\"name\":\"Man Truck &#038; Bus satisfait du T1 - ITJ | International Transport Journal\",\"isPartOf\":{\"@id\":\"https:\\\/\\\/transportjournal.com\\\/fr\\\/#website\"},\"primaryImageOfPage\":{\"@id\":\"https:\\\/\\\/transportjournal.com\\\/fr\\\/2026\\\/04\\\/29\\\/man-truck-bus-satisfait-du-t1\\\/#primaryimage\"},\"image\":{\"@id\":\"https:\\\/\\\/transportjournal.com\\\/fr\\\/2026\\\/04\\\/29\\\/man-truck-bus-satisfait-du-t1\\\/#primaryimage\"},\"thumbnailUrl\":\"https:\\\/\\\/transportjournal.com\\\/wp-content\\\/uploads\\\/sites\\\/2\\\/2026\\\/04\\\/MAN-Truck_tv-man-etruck-winterladen-c-man-truck-bus.jpg\",\"datePublished\":\"2026-04-29T11:29:11+00:00\",\"dateModified\":\"2026-04-29T12:19:35+00:00\",\"breadcrumb\":{\"@id\":\"https:\\\/\\\/transportjournal.com\\\/fr\\\/2026\\\/04\\\/29\\\/man-truck-bus-satisfait-du-t1\\\/#breadcrumb\"},\"inLanguage\":\"fr-FR\",\"potentialAction\":[{\"@type\":\"ReadAction\",\"target\":[\"https:\\\/\\\/transportjournal.com\\\/fr\\\/2026\\\/04\\\/29\\\/man-truck-bus-satisfait-du-t1\\\/\"]}]},{\"@type\":\"ImageObject\",\"inLanguage\":\"fr-FR\",\"@id\":\"https:\\\/\\\/transportjournal.com\\\/fr\\\/2026\\\/04\\\/29\\\/man-truck-bus-satisfait-du-t1\\\/#primaryimage\",\"url\":\"https:\\\/\\\/transportjournal.com\\\/wp-content\\\/uploads\\\/sites\\\/2\\\/2026\\\/04\\\/MAN-Truck_tv-man-etruck-winterladen-c-man-truck-bus.jpg\",\"contentUrl\":\"https:\\\/\\\/transportjournal.com\\\/wp-content\\\/uploads\\\/sites\\\/2\\\/2026\\\/04\\\/MAN-Truck_tv-man-etruck-winterladen-c-man-truck-bus.jpg\",\"width\":750,\"height\":422},{\"@type\":\"BreadcrumbList\",\"@id\":\"https:\\\/\\\/transportjournal.com\\\/fr\\\/2026\\\/04\\\/29\\\/man-truck-bus-satisfait-du-t1\\\/#breadcrumb\",\"itemListElement\":[{\"@type\":\"ListItem\",\"position\":1,\"name\":\"Startseite\",\"item\":\"https:\\\/\\\/transportjournal.com\\\/fr\\\/\"},{\"@type\":\"ListItem\",\"position\":2,\"name\":\"Man Truck &#038; Bus satisfait du T1\"}]},{\"@type\":\"WebSite\",\"@id\":\"https:\\\/\\\/transportjournal.com\\\/fr\\\/#website\",\"url\":\"https:\\\/\\\/transportjournal.com\\\/fr\\\/\",\"name\":\"ITJ | International Transport Journal\",\"description\":\"Restez inform\u00e9 des derni\u00e8res nouvelles mondiales dans les secteurs du transport, de la logistique et de la cha\u00eene d'approvisionnement. Transport Journal fournit des informations d'experts, des analyses et des mises \u00e0 jour sur le transport maritime, l'aviation, l'intermodalit\u00e9 et l'exp\u00e9dition. \",\"publisher\":{\"@id\":\"https:\\\/\\\/transportjournal.com\\\/fr\\\/#organization\"},\"potentialAction\":[{\"@type\":\"SearchAction\",\"target\":{\"@type\":\"EntryPoint\",\"urlTemplate\":\"https:\\\/\\\/transportjournal.com\\\/fr\\\/?s={search_term_string}\"},\"query-input\":{\"@type\":\"PropertyValueSpecification\",\"valueRequired\":true,\"valueName\":\"search_term_string\"}}],\"inLanguage\":\"fr-FR\"},{\"@type\":\"Organization\",\"@id\":\"https:\\\/\\\/transportjournal.com\\\/fr\\\/#organization\",\"name\":\"Groupe Logismedia AG\",\"alternateName\":\"Logismedia Group AG\",\"url\":\"https:\\\/\\\/transportjournal.com\\\/fr\\\/\",\"logo\":{\"@type\":\"ImageObject\",\"inLanguage\":\"fr-FR\",\"@id\":\"https:\\\/\\\/transportjournal.com\\\/fr\\\/#\\\/schema\\\/logo\\\/image\\\/\",\"url\":\"https:\\\/\\\/transportjournal.com\\\/wp-content\\\/uploads\\\/sites\\\/2\\\/2025\\\/09\\\/Logo_ITJ.png\",\"contentUrl\":\"https:\\\/\\\/transportjournal.com\\\/wp-content\\\/uploads\\\/sites\\\/2\\\/2025\\\/09\\\/Logo_ITJ.png\",\"width\":799,\"height\":326,\"caption\":\"Groupe Logismedia AG\"},\"image\":{\"@id\":\"https:\\\/\\\/transportjournal.com\\\/fr\\\/#\\\/schema\\\/logo\\\/image\\\/\"},\"sameAs\":[\"https:\\\/\\\/www.linkedin.com\\\/company\\\/56456496\\\/admin\\\/dashboard\\\/\",\"https:\\\/\\\/www.instagram.com\\\/logismediagroup\\\/\",\"https:\\\/\\\/www.youtube.com\\\/@LogiamediaGroupAG\"]},{\"@type\":\"Person\",\"@id\":\"https:\\\/\\\/transportjournal.com\\\/fr\\\/#\\\/schema\\\/person\\\/13a9fc605c753db60ef7750a229cd042\",\"name\":\"Gyan Sharan\",\"url\":\"https:\\\/\\\/transportjournal.com\\\/fr\\\/author\\\/gyan\\\/\"}]}<\/script>\n<!-- \/ Yoast SEO plugin. -->","yoast_head_json":{"title":"Man Truck &#038; Bus satisfait du T1 - ITJ | International Transport Journal","robots":{"index":"index","follow":"follow","max-snippet":"max-snippet:-1","max-image-preview":"max-image-preview:large","max-video-preview":"max-video-preview:-1"},"canonical":"https:\/\/transportjournal.com\/fr\/2026\/04\/29\/man-truck-bus-satisfait-du-t1\/","og_locale":"fr_FR","og_type":"article","og_title":"Man Truck &#038; Bus satisfait du T1 - ITJ | International Transport Journal","og_description":"Man Truck & Bus a consid\u00e9rablement augment\u00e9 son chiffre d'affaires et ses ventes au T1\/2026, tandis que les commandes sont rest\u00e9es stables et que les ventes de v\u00e9hicules \u00e9lectriques ont fortement progress\u00e9.","og_url":"https:\/\/transportjournal.com\/fr\/2026\/04\/29\/man-truck-bus-satisfait-du-t1\/","og_site_name":"ITJ | International Transport Journal","article_published_time":"2026-04-29T11:29:11+00:00","article_modified_time":"2026-04-29T12:19:35+00:00","og_image":[{"width":750,"height":422,"url":"https:\/\/transportjournal.com\/wp-content\/uploads\/sites\/2\/2026\/04\/MAN-Truck_tv-man-etruck-winterladen-c-man-truck-bus.jpg","type":"image\/jpeg"}],"author":"Gyan Sharan","twitter_card":"summary_large_image","twitter_misc":{"\u00c9crit par":"Gyan Sharan","Dur\u00e9e de lecture estim\u00e9e":"1 minute"},"schema":{"@context":"https:\/\/schema.org","@graph":[{"@type":"Article","@id":"https:\/\/transportjournal.com\/fr\/2026\/04\/29\/man-truck-bus-satisfait-du-t1\/#article","isPartOf":{"@id":"https:\/\/transportjournal.com\/fr\/2026\/04\/29\/man-truck-bus-satisfait-du-t1\/"},"author":{"name":"Gyan Sharan","@id":"https:\/\/transportjournal.com\/fr\/#\/schema\/person\/13a9fc605c753db60ef7750a229cd042"},"headline":"Man Truck &#038; Bus satisfait du T1","datePublished":"2026-04-29T11:29:11+00:00","dateModified":"2026-04-29T12:19:35+00:00","mainEntityOfPage":{"@id":"https:\/\/transportjournal.com\/fr\/2026\/04\/29\/man-truck-bus-satisfait-du-t1\/"},"wordCount":173,"commentCount":0,"publisher":{"@id":"https:\/\/transportjournal.com\/fr\/#organization"},"image":{"@id":"https:\/\/transportjournal.com\/fr\/2026\/04\/29\/man-truck-bus-satisfait-du-t1\/#primaryimage"},"thumbnailUrl":"https:\/\/transportjournal.com\/wp-content\/uploads\/sites\/2\/2026\/04\/MAN-Truck_tv-man-etruck-winterladen-c-man-truck-bus.jpg","keywords":["Absatzwachstum","analyse de march\u00e9","Auftragseingang","commercial vehicle manufacturer","constructeur de v\u00e9hicules utilitaires","croissance des ventes","croissance du chiffre d'affaires","Deutsch Man Truck &amp; Bus","d\u00e9veloppement des infrastructures","Digitalisierung im Transport","digitalization in transport","durabilit\u00e9 dans la logistique","economic trends","electric vehicles","Elektrofahrzeuge","exercice fiscal 2026","Fachkr\u00e4ftemangel in der Branche","Fahrzeugabsatz","fiscal year 2026","future mobility Fran\u00e7ais Man Truck &amp; Bus","geopolitical uncertainties","geopolitische Unsicherheiten","Gesch\u00e4ftsjahr 2026","incertitudes g\u00e9opolitiques","industrie du transport","infrastructure development","Infrastrukturentwicklung","labor shortage in the industry","Lkw-Segment","logistics service providers","Logistikdienstleister","marge b\u00e9n\u00e9ficiaire op\u00e9rationnelle","market analysis","Marktanalyse","Mobilit\u00e4t der Zukunft English Man Truck &amp; Bus","mobilit\u00e9 de demain","Nachhaltigkeit in der Logistik","num\u00e9risation dans le transport","Nutzfahrzeughersteller","operating profit margin","operative Rendite","order intake","p\u00e9nurie de main-d'\u0153uvre dans le secteur","prestataires de services logistiques","prise de commandes","revenue growth","sales growth","segment des camions","sustainability in logistics","tendances \u00e9conomiques","transport industry","Transportwirtschaft","truck segment","Umsatzsteigerung","vehicle sales","v\u00e9hicules \u00e9lectriques","ventes de v\u00e9hicules","wirtschaftliche Trends"],"articleSection":["Intermodal \/ Route","L'Europe"],"inLanguage":"fr-FR","potentialAction":[{"@type":"CommentAction","name":"Comment","target":["https:\/\/transportjournal.com\/fr\/2026\/04\/29\/man-truck-bus-satisfait-du-t1\/#respond"]}]},{"@type":"WebPage","@id":"https:\/\/transportjournal.com\/fr\/2026\/04\/29\/man-truck-bus-satisfait-du-t1\/","url":"https:\/\/transportjournal.com\/fr\/2026\/04\/29\/man-truck-bus-satisfait-du-t1\/","name":"Man Truck &#038; Bus satisfait du T1 - ITJ | International Transport Journal","isPartOf":{"@id":"https:\/\/transportjournal.com\/fr\/#website"},"primaryImageOfPage":{"@id":"https:\/\/transportjournal.com\/fr\/2026\/04\/29\/man-truck-bus-satisfait-du-t1\/#primaryimage"},"image":{"@id":"https:\/\/transportjournal.com\/fr\/2026\/04\/29\/man-truck-bus-satisfait-du-t1\/#primaryimage"},"thumbnailUrl":"https:\/\/transportjournal.com\/wp-content\/uploads\/sites\/2\/2026\/04\/MAN-Truck_tv-man-etruck-winterladen-c-man-truck-bus.jpg","datePublished":"2026-04-29T11:29:11+00:00","dateModified":"2026-04-29T12:19:35+00:00","breadcrumb":{"@id":"https:\/\/transportjournal.com\/fr\/2026\/04\/29\/man-truck-bus-satisfait-du-t1\/#breadcrumb"},"inLanguage":"fr-FR","potentialAction":[{"@type":"ReadAction","target":["https:\/\/transportjournal.com\/fr\/2026\/04\/29\/man-truck-bus-satisfait-du-t1\/"]}]},{"@type":"ImageObject","inLanguage":"fr-FR","@id":"https:\/\/transportjournal.com\/fr\/2026\/04\/29\/man-truck-bus-satisfait-du-t1\/#primaryimage","url":"https:\/\/transportjournal.com\/wp-content\/uploads\/sites\/2\/2026\/04\/MAN-Truck_tv-man-etruck-winterladen-c-man-truck-bus.jpg","contentUrl":"https:\/\/transportjournal.com\/wp-content\/uploads\/sites\/2\/2026\/04\/MAN-Truck_tv-man-etruck-winterladen-c-man-truck-bus.jpg","width":750,"height":422},{"@type":"BreadcrumbList","@id":"https:\/\/transportjournal.com\/fr\/2026\/04\/29\/man-truck-bus-satisfait-du-t1\/#breadcrumb","itemListElement":[{"@type":"ListItem","position":1,"name":"Startseite","item":"https:\/\/transportjournal.com\/fr\/"},{"@type":"ListItem","position":2,"name":"Man Truck &#038; Bus satisfait du T1"}]},{"@type":"WebSite","@id":"https:\/\/transportjournal.com\/fr\/#website","url":"https:\/\/transportjournal.com\/fr\/","name":"ITJ | International Transport Journal","description":"Restez inform\u00e9 des derni\u00e8res nouvelles mondiales dans les secteurs du transport, de la logistique et de la cha\u00eene d'approvisionnement. Transport Journal fournit des informations d'experts, des analyses et des mises \u00e0 jour sur le transport maritime, l'aviation, l'intermodalit\u00e9 et l'exp\u00e9dition. ","publisher":{"@id":"https:\/\/transportjournal.com\/fr\/#organization"},"potentialAction":[{"@type":"SearchAction","target":{"@type":"EntryPoint","urlTemplate":"https:\/\/transportjournal.com\/fr\/?s={search_term_string}"},"query-input":{"@type":"PropertyValueSpecification","valueRequired":true,"valueName":"search_term_string"}}],"inLanguage":"fr-FR"},{"@type":"Organization","@id":"https:\/\/transportjournal.com\/fr\/#organization","name":"Groupe Logismedia AG","alternateName":"Logismedia Group AG","url":"https:\/\/transportjournal.com\/fr\/","logo":{"@type":"ImageObject","inLanguage":"fr-FR","@id":"https:\/\/transportjournal.com\/fr\/#\/schema\/logo\/image\/","url":"https:\/\/transportjournal.com\/wp-content\/uploads\/sites\/2\/2025\/09\/Logo_ITJ.png","contentUrl":"https:\/\/transportjournal.com\/wp-content\/uploads\/sites\/2\/2025\/09\/Logo_ITJ.png","width":799,"height":326,"caption":"Groupe Logismedia AG"},"image":{"@id":"https:\/\/transportjournal.com\/fr\/#\/schema\/logo\/image\/"},"sameAs":["https:\/\/www.linkedin.com\/company\/56456496\/admin\/dashboard\/","https:\/\/www.instagram.com\/logismediagroup\/","https:\/\/www.youtube.com\/@LogiamediaGroupAG"]},{"@type":"Person","@id":"https:\/\/transportjournal.com\/fr\/#\/schema\/person\/13a9fc605c753db60ef7750a229cd042","name":"Gyan Sharan","url":"https:\/\/transportjournal.com\/fr\/author\/gyan\/"}]}},"_links":{"self":[{"href":"https:\/\/transportjournal.com\/fr\/wp-json\/wp\/v2\/posts\/87326","targetHints":{"allow":["GET"]}}],"collection":[{"href":"https:\/\/transportjournal.com\/fr\/wp-json\/wp\/v2\/posts"}],"about":[{"href":"https:\/\/transportjournal.com\/fr\/wp-json\/wp\/v2\/types\/post"}],"author":[{"embeddable":true,"href":"https:\/\/transportjournal.com\/fr\/wp-json\/wp\/v2\/users\/14"}],"replies":[{"embeddable":true,"href":"https:\/\/transportjournal.com\/fr\/wp-json\/wp\/v2\/comments?post=87326"}],"version-history":[{"count":1,"href":"https:\/\/transportjournal.com\/fr\/wp-json\/wp\/v2\/posts\/87326\/revisions"}],"predecessor-version":[{"id":87333,"href":"https:\/\/transportjournal.com\/fr\/wp-json\/wp\/v2\/posts\/87326\/revisions\/87333"}],"wp:featuredmedia":[{"embeddable":true,"href":"https:\/\/transportjournal.com\/fr\/wp-json\/wp\/v2\/media\/87324"}],"wp:attachment":[{"href":"https:\/\/transportjournal.com\/fr\/wp-json\/wp\/v2\/media?parent=87326"}],"wp:term":[{"taxonomy":"category","embeddable":true,"href":"https:\/\/transportjournal.com\/fr\/wp-json\/wp\/v2\/categories?post=87326"},{"taxonomy":"post_tag","embeddable":true,"href":"https:\/\/transportjournal.com\/fr\/wp-json\/wp\/v2\/tags?post=87326"}],"curies":[{"name":"wp","href":"https:\/\/api.w.org\/{rel}","templated":true}]}}