{"id":87302,"date":"2026-04-29T10:56:52","date_gmt":"2026-04-29T10:56:52","guid":{"rendered":"https:\/\/transportjournal.com\/2026\/04\/29\/des-pakistanais-prennent-possession-dun-boeing-737-400sf\/"},"modified":"2026-04-29T10:56:52","modified_gmt":"2026-04-29T10:56:52","slug":"des-pakistanais-prennent-possession-dun-boeing-737-400sf","status":"publish","type":"post","link":"https:\/\/transportjournal.com\/fr\/2026\/04\/29\/des-pakistanais-prennent-possession-dun-boeing-737-400sf\/","title":{"rendered":"Des Pakistanais prennent possession d&rsquo;un Boeing 737-400SF"},"content":{"rendered":"<p>World Star Aviation a annonc\u00e9 la livraison d&#8217;un Boeing 737-400SF \u00e0 Tranzum Courier Service, une entreprise de messagerie et de logistique fond\u00e9e en 1983 \u00e0 Karachi. Cette remise marque le d\u00e9but d&#8217;un nouveau partenariat et constitue une \u00e9tape importante pour TCS afin d&#8217;\u00e9largir ses op\u00e9rations de fret a\u00e9rien.<\/p>\n<p>Le Boeing 737-400SF sera principalement utilis\u00e9 pour des lignes de fret \u00e0 fort volume et \u00e0 d\u00e9lais critiques. Cela vise \u00e0 am\u00e9liorer la connectivit\u00e9 nationale dans ce pays d&#8217;Asie du Sud et \u00e0 r\u00e9duire les d\u00e9lais de transit pour les exportateurs et les importateurs. Avec cet nouvel avion, TCS Pvt Ltd pourra \u00e9galement explorer de nouvelles opportunit\u00e9s commerciales sur le march\u00e9 logistique en pleine croissance du pays.<\/p>\n<h3>Extension des capacit\u00e9s de fret a\u00e9rien<\/h3>\n<p>Paulo Bettencourt, VP Marketing &amp; Sales chez World Star Aviation, a comment\u00e9 le partenariat : \u00ab Nous sommes ravis d&#8217;accueillir TCS Pvt Ltd en tant que nouveau partenaire et de soutenir leur expansion dans le secteur du fret a\u00e9rien. Nous sommes fiers de faire partie d&#8217;une initiative qui renforce les capacit\u00e9s logistiques et contribue \u00e0 la croissance du transport de fret dans la r\u00e9gion. Nous souhaitons \u00e0 l&#8217;\u00e9quipe de TCS Pvt Ltd beaucoup de succ\u00e8s avec cet avion et nous nous r\u00e9jouissons d&#8217;une collaboration longue et productive. \u00bb<\/p>\n<p>La livraison du Boeing 737-400SF est une \u00e9tape strat\u00e9gique pour TCS Pvt Ltd afin de r\u00e9pondre aux exigences du march\u00e9 et d&#8217;am\u00e9liorer l&#8217;efficacit\u00e9 de la logistique de fret a\u00e9rien.<\/p>\n<p>&nbsp;<\/p>\n<p><a href=\"https:\/\/www.tcsexpress.com\/\" target=\"_blank\" rel=\"noopener noreferrer\">www.tcsexpress.com<\/a><\/p>\n<p>&nbsp;<\/p>\n<p><a href=\"https:\/\/www.worldstaraviation.com\/\" target=\"_blank\" rel=\"noopener noreferrer\">www.worldstaraviation.com<\/a><\/p>\n<p>&nbsp;<\/p>\n","protected":false},"excerpt":{"rendered":"<p>World Star Aviation a annonc\u00e9 la livraison d&rsquo;un Boeing 737-400SF \u00e0 Tranzum Courier Service pour \u00e9largir ses op\u00e9rations de fret a\u00e9rien et am\u00e9liorer son efficacit\u00e9.<\/p>\n","protected":false},"author":12,"featured_media":87300,"comment_status":"open","ping_status":"","sticky":false,"template":"","format":"standard","meta":{"_acf_changed":false,"footnotes":""},"categories":[1586,1582,1587],"tags":[2793,3497,3268,43490,43491,11478,29738,2355,2356,3274,3275,43492,43493,43494,43495,43496,43497,43498,43499,43500,2123,11482,43501,43502,43503,43504,43505,43506,4293,43507,3524,3525,43508,43509,43510,43511,43512,3528,43513,43514,43515,2826,43516,43517,43518,43519,2394,2834,2835,2106,43520,43521,43522,43523,43524,43525,11494,43526],"class_list":["post-87302","post","type-post","status-publish","format-standard","has-post-thumbnail","hentry","category-asie-pacifique","category-fret-aerien","category-leurope","tag-air-freight-logistics","tag-air-freight-operations","tag-amelioration-de-lefficacite-logistique","tag-connectivite-nationale-pakistan","tag-courier-service-pakistan","tag-croissance-dans-le-secteur-logistique","tag-deutsch-boeing-737-400sf","tag-digital-logistics-solutions","tag-digitale-logistikloesungen","tag-efficiency-improvement-logistics","tag-effizienzsteigerung-logistik","tag-elargissement-des-capacites-de-fret-aerien","tag-entreprise-logistique-karachi","tag-exigences-du-marche-fret-aerien","tag-expanding-air-freight-capacity","tag-export-import-dienstleistungen","tag-export-import-services","tag-frachtstrecken-optimieren","tag-frachttransport-suedostasien","tag-freight-transport-south-asia","tag-gestion-de-la-chaine-dapprovisionnement","tag-growth-in-logistics-sector","tag-industrie-du-transport-pakistan","tag-kurierdienst-pakistan","tag-logistics-company-karachi","tag-logistics-market-pakistan","tag-logistikmarkt-pakistan","tag-logistikunternehmen-karatschi","tag-logistique-aerienne","tag-luftfrachtkapazitaeten-erweitern","tag-luftfrachtlogistik","tag-luftfrachtoperationen","tag-marche-logistique-pakistan","tag-market-demands-air-freight","tag-marktanforderungen-luftfracht","tag-national-connectivity-pakistan","tag-nationale-anbindung-pakistan","tag-operations-de-fret-aerien","tag-optimisation-des-itineraires-de-fret","tag-optimizing-freight-routes","tag-partenariat-dans-le-secteur-du-fret-aerien","tag-partenariats-strategiques","tag-partnerschaft-im-luftfrachtsektor","tag-partnership-in-air-freight-sector","tag-service-de-messagerie-pakistan","tag-services-dexportation-importation","tag-solutions-logistiques-numeriques","tag-strategic-partnerships","tag-strategische-partnerschaften","tag-supply-chain-management","tag-time-sensitive-freight-transport-francais-boeing-737-400sf","tag-transport-de-fret-asie-du-sud","tag-transport-de-fret-urgent","tag-transport-industry-pakistan","tag-transportwirtschaft-pakistan","tag-tranzum-courier-service","tag-wachstum-im-logistiksektor","tag-zeitkritische-frachttransporte-english-boeing-737-400sf"],"acf":[],"yoast_head":"<!-- This site is optimized with the Yoast SEO plugin v27.3 - https:\/\/yoast.com\/product\/yoast-seo-wordpress\/ -->\n<title>Des Pakistanais prennent possession d&#8217;un Boeing 737-400SF - ITJ | International Transport Journal<\/title>\n<meta name=\"robots\" content=\"index, follow, max-snippet:-1, max-image-preview:large, max-video-preview:-1\" \/>\n<link rel=\"canonical\" href=\"https:\/\/transportjournal.com\/fr\/2026\/04\/29\/des-pakistanais-prennent-possession-dun-boeing-737-400sf\/\" \/>\n<meta property=\"og:locale\" content=\"fr_FR\" \/>\n<meta property=\"og:type\" content=\"article\" \/>\n<meta property=\"og:title\" content=\"Des Pakistanais prennent possession d&#8217;un Boeing 737-400SF - ITJ | International Transport Journal\" \/>\n<meta property=\"og:description\" content=\"World Star Aviation a annonc\u00e9 la livraison d&#039;un Boeing 737-400SF \u00e0 Tranzum Courier Service pour \u00e9largir ses op\u00e9rations de fret a\u00e9rien et am\u00e9liorer son efficacit\u00e9.\" \/>\n<meta property=\"og:url\" content=\"https:\/\/transportjournal.com\/fr\/2026\/04\/29\/des-pakistanais-prennent-possession-dun-boeing-737-400sf\/\" \/>\n<meta property=\"og:site_name\" content=\"ITJ | International Transport Journal\" \/>\n<meta property=\"article:published_time\" content=\"2026-04-29T10:56:52+00:00\" \/>\n<meta property=\"og:image\" content=\"https:\/\/transportjournal.com\/wp-content\/uploads\/sites\/2\/2026\/04\/WSA-L08zbS8tME0zWnJTbS95eXNKU1ltLzR5NHEvenFzYlVhdHp0ZGty-aspect-ratio-1400-788.webp\" \/>\n\t<meta property=\"og:image:width\" content=\"783\" \/>\n\t<meta property=\"og:image:height\" content=\"440\" \/>\n\t<meta property=\"og:image:type\" content=\"image\/webp\" \/>\n<meta name=\"author\" content=\"Andreas Haug\" \/>\n<meta name=\"twitter:card\" content=\"summary_large_image\" \/>\n<meta name=\"twitter:label1\" content=\"\u00c9crit par\" \/>\n\t<meta name=\"twitter:data1\" content=\"Andreas Haug\" \/>\n\t<meta name=\"twitter:label2\" content=\"Dur\u00e9e de lecture estim\u00e9e\" \/>\n\t<meta name=\"twitter:data2\" content=\"1 minute\" \/>\n<script type=\"application\/ld+json\" class=\"yoast-schema-graph\">{\"@context\":\"https:\\\/\\\/schema.org\",\"@graph\":[{\"@type\":\"Article\",\"@id\":\"https:\\\/\\\/transportjournal.com\\\/fr\\\/2026\\\/04\\\/29\\\/des-pakistanais-prennent-possession-dun-boeing-737-400sf\\\/#article\",\"isPartOf\":{\"@id\":\"https:\\\/\\\/transportjournal.com\\\/fr\\\/2026\\\/04\\\/29\\\/des-pakistanais-prennent-possession-dun-boeing-737-400sf\\\/\"},\"author\":{\"name\":\"Andreas Haug\",\"@id\":\"https:\\\/\\\/transportjournal.com\\\/fr\\\/#\\\/schema\\\/person\\\/cf538b3157f15afd7589245a4b3dbd25\"},\"headline\":\"Des Pakistanais prennent possession d&rsquo;un Boeing 737-400SF\",\"datePublished\":\"2026-04-29T10:56:52+00:00\",\"mainEntityOfPage\":{\"@id\":\"https:\\\/\\\/transportjournal.com\\\/fr\\\/2026\\\/04\\\/29\\\/des-pakistanais-prennent-possession-dun-boeing-737-400sf\\\/\"},\"wordCount\":277,\"commentCount\":0,\"publisher\":{\"@id\":\"https:\\\/\\\/transportjournal.com\\\/fr\\\/#organization\"},\"image\":{\"@id\":\"https:\\\/\\\/transportjournal.com\\\/fr\\\/2026\\\/04\\\/29\\\/des-pakistanais-prennent-possession-dun-boeing-737-400sf\\\/#primaryimage\"},\"thumbnailUrl\":\"https:\\\/\\\/transportjournal.com\\\/wp-content\\\/uploads\\\/sites\\\/2\\\/2026\\\/04\\\/WSA-L08zbS8tME0zWnJTbS95eXNKU1ltLzR5NHEvenFzYlVhdHp0ZGty-aspect-ratio-1400-788.webp\",\"keywords\":[\"air freight logistics\",\"air freight operations\",\"am\u00e9lioration de l'efficacit\u00e9 logistique\",\"connectivit\u00e9 nationale Pakistan\",\"courier service Pakistan\",\"croissance dans le secteur logistique\",\"Deutsch Boeing 737-400SF\",\"digital logistics solutions\",\"digitale Logistikl\u00f6sungen\",\"efficiency improvement logistics\",\"Effizienzsteigerung Logistik\",\"\u00e9largissement des capacit\u00e9s de fret a\u00e9rien\",\"entreprise logistique Karachi\",\"exigences du march\u00e9 fret a\u00e9rien\",\"expanding air freight capacity\",\"Export-Import Dienstleistungen\",\"export-import services\",\"Frachtstrecken optimieren\",\"Frachttransport S\u00fcdostasien\",\"freight transport South Asia\",\"gestion de la cha\u00eene d'approvisionnement\",\"growth in logistics sector\",\"industrie du transport Pakistan\",\"Kurierdienst Pakistan\",\"logistics company Karachi\",\"logistics market Pakistan\",\"Logistikmarkt Pakistan\",\"Logistikunternehmen Karatschi\",\"logistique a\u00e9rienne\",\"Luftfrachtkapazit\u00e4ten erweitern\",\"Luftfrachtlogistik\",\"Luftfrachtoperationen\",\"march\u00e9 logistique Pakistan\",\"market demands air freight\",\"Marktanforderungen Luftfracht\",\"national connectivity Pakistan\",\"nationale Anbindung Pakistan\",\"op\u00e9rations de fret a\u00e9rien\",\"optimisation des itin\u00e9raires de fret\",\"optimizing freight routes\",\"partenariat dans le secteur du fret a\u00e9rien\",\"partenariats strat\u00e9giques\",\"Partnerschaft im Luftfrachtsektor\",\"partnership in air freight sector\",\"service de messagerie Pakistan\",\"services d'exportation-importation\",\"solutions logistiques num\u00e9riques\",\"strategic partnerships\",\"strategische Partnerschaften\",\"Supply Chain Management\",\"time-sensitive freight transport Fran\u00e7ais Boeing 737-400SF\",\"transport de fret Asie du Sud\",\"transport de fret urgent\",\"transport industry Pakistan\",\"Transportwirtschaft Pakistan\",\"Tranzum Courier Service\",\"Wachstum im Logistiksektor\",\"Zeitkritische Frachttransporte English Boeing 737-400SF\"],\"articleSection\":[\"Asie\\\/Pacifique\",\"Fret a\u00e9rien\",\"L'Europe\"],\"inLanguage\":\"fr-FR\",\"potentialAction\":[{\"@type\":\"CommentAction\",\"name\":\"Comment\",\"target\":[\"https:\\\/\\\/transportjournal.com\\\/fr\\\/2026\\\/04\\\/29\\\/des-pakistanais-prennent-possession-dun-boeing-737-400sf\\\/#respond\"]}]},{\"@type\":\"WebPage\",\"@id\":\"https:\\\/\\\/transportjournal.com\\\/fr\\\/2026\\\/04\\\/29\\\/des-pakistanais-prennent-possession-dun-boeing-737-400sf\\\/\",\"url\":\"https:\\\/\\\/transportjournal.com\\\/fr\\\/2026\\\/04\\\/29\\\/des-pakistanais-prennent-possession-dun-boeing-737-400sf\\\/\",\"name\":\"Des Pakistanais prennent possession d&#8217;un Boeing 737-400SF - ITJ | International Transport Journal\",\"isPartOf\":{\"@id\":\"https:\\\/\\\/transportjournal.com\\\/fr\\\/#website\"},\"primaryImageOfPage\":{\"@id\":\"https:\\\/\\\/transportjournal.com\\\/fr\\\/2026\\\/04\\\/29\\\/des-pakistanais-prennent-possession-dun-boeing-737-400sf\\\/#primaryimage\"},\"image\":{\"@id\":\"https:\\\/\\\/transportjournal.com\\\/fr\\\/2026\\\/04\\\/29\\\/des-pakistanais-prennent-possession-dun-boeing-737-400sf\\\/#primaryimage\"},\"thumbnailUrl\":\"https:\\\/\\\/transportjournal.com\\\/wp-content\\\/uploads\\\/sites\\\/2\\\/2026\\\/04\\\/WSA-L08zbS8tME0zWnJTbS95eXNKU1ltLzR5NHEvenFzYlVhdHp0ZGty-aspect-ratio-1400-788.webp\",\"datePublished\":\"2026-04-29T10:56:52+00:00\",\"breadcrumb\":{\"@id\":\"https:\\\/\\\/transportjournal.com\\\/fr\\\/2026\\\/04\\\/29\\\/des-pakistanais-prennent-possession-dun-boeing-737-400sf\\\/#breadcrumb\"},\"inLanguage\":\"fr-FR\",\"potentialAction\":[{\"@type\":\"ReadAction\",\"target\":[\"https:\\\/\\\/transportjournal.com\\\/fr\\\/2026\\\/04\\\/29\\\/des-pakistanais-prennent-possession-dun-boeing-737-400sf\\\/\"]}]},{\"@type\":\"ImageObject\",\"inLanguage\":\"fr-FR\",\"@id\":\"https:\\\/\\\/transportjournal.com\\\/fr\\\/2026\\\/04\\\/29\\\/des-pakistanais-prennent-possession-dun-boeing-737-400sf\\\/#primaryimage\",\"url\":\"https:\\\/\\\/transportjournal.com\\\/wp-content\\\/uploads\\\/sites\\\/2\\\/2026\\\/04\\\/WSA-L08zbS8tME0zWnJTbS95eXNKU1ltLzR5NHEvenFzYlVhdHp0ZGty-aspect-ratio-1400-788.webp\",\"contentUrl\":\"https:\\\/\\\/transportjournal.com\\\/wp-content\\\/uploads\\\/sites\\\/2\\\/2026\\\/04\\\/WSA-L08zbS8tME0zWnJTbS95eXNKU1ltLzR5NHEvenFzYlVhdHp0ZGty-aspect-ratio-1400-788.webp\",\"width\":783,\"height\":440},{\"@type\":\"BreadcrumbList\",\"@id\":\"https:\\\/\\\/transportjournal.com\\\/fr\\\/2026\\\/04\\\/29\\\/des-pakistanais-prennent-possession-dun-boeing-737-400sf\\\/#breadcrumb\",\"itemListElement\":[{\"@type\":\"ListItem\",\"position\":1,\"name\":\"Startseite\",\"item\":\"https:\\\/\\\/transportjournal.com\\\/fr\\\/\"},{\"@type\":\"ListItem\",\"position\":2,\"name\":\"Des Pakistanais prennent possession d&rsquo;un Boeing 737-400SF\"}]},{\"@type\":\"WebSite\",\"@id\":\"https:\\\/\\\/transportjournal.com\\\/fr\\\/#website\",\"url\":\"https:\\\/\\\/transportjournal.com\\\/fr\\\/\",\"name\":\"ITJ | International Transport Journal\",\"description\":\"Restez inform\u00e9 des derni\u00e8res nouvelles mondiales dans les secteurs du transport, de la logistique et de la cha\u00eene d'approvisionnement. Transport Journal fournit des informations d'experts, des analyses et des mises \u00e0 jour sur le transport maritime, l'aviation, l'intermodalit\u00e9 et l'exp\u00e9dition. \",\"publisher\":{\"@id\":\"https:\\\/\\\/transportjournal.com\\\/fr\\\/#organization\"},\"potentialAction\":[{\"@type\":\"SearchAction\",\"target\":{\"@type\":\"EntryPoint\",\"urlTemplate\":\"https:\\\/\\\/transportjournal.com\\\/fr\\\/?s={search_term_string}\"},\"query-input\":{\"@type\":\"PropertyValueSpecification\",\"valueRequired\":true,\"valueName\":\"search_term_string\"}}],\"inLanguage\":\"fr-FR\"},{\"@type\":\"Organization\",\"@id\":\"https:\\\/\\\/transportjournal.com\\\/fr\\\/#organization\",\"name\":\"Groupe Logismedia AG\",\"alternateName\":\"Logismedia Group AG\",\"url\":\"https:\\\/\\\/transportjournal.com\\\/fr\\\/\",\"logo\":{\"@type\":\"ImageObject\",\"inLanguage\":\"fr-FR\",\"@id\":\"https:\\\/\\\/transportjournal.com\\\/fr\\\/#\\\/schema\\\/logo\\\/image\\\/\",\"url\":\"https:\\\/\\\/transportjournal.com\\\/wp-content\\\/uploads\\\/sites\\\/2\\\/2025\\\/09\\\/Logo_ITJ.png\",\"contentUrl\":\"https:\\\/\\\/transportjournal.com\\\/wp-content\\\/uploads\\\/sites\\\/2\\\/2025\\\/09\\\/Logo_ITJ.png\",\"width\":799,\"height\":326,\"caption\":\"Groupe Logismedia AG\"},\"image\":{\"@id\":\"https:\\\/\\\/transportjournal.com\\\/fr\\\/#\\\/schema\\\/logo\\\/image\\\/\"},\"sameAs\":[\"https:\\\/\\\/www.linkedin.com\\\/company\\\/56456496\\\/admin\\\/dashboard\\\/\",\"https:\\\/\\\/www.instagram.com\\\/logismediagroup\\\/\",\"https:\\\/\\\/www.youtube.com\\\/@LogiamediaGroupAG\"]},{\"@type\":\"Person\",\"@id\":\"https:\\\/\\\/transportjournal.com\\\/fr\\\/#\\\/schema\\\/person\\\/cf538b3157f15afd7589245a4b3dbd25\",\"name\":\"Andreas Haug\",\"url\":\"https:\\\/\\\/transportjournal.com\\\/fr\\\/author\\\/andreas\\\/\"}]}<\/script>\n<!-- \/ Yoast SEO plugin. -->","yoast_head_json":{"title":"Des Pakistanais prennent possession d&#8217;un Boeing 737-400SF - ITJ | International Transport Journal","robots":{"index":"index","follow":"follow","max-snippet":"max-snippet:-1","max-image-preview":"max-image-preview:large","max-video-preview":"max-video-preview:-1"},"canonical":"https:\/\/transportjournal.com\/fr\/2026\/04\/29\/des-pakistanais-prennent-possession-dun-boeing-737-400sf\/","og_locale":"fr_FR","og_type":"article","og_title":"Des Pakistanais prennent possession d&#8217;un Boeing 737-400SF - ITJ | International Transport Journal","og_description":"World Star Aviation a annonc\u00e9 la livraison d'un Boeing 737-400SF \u00e0 Tranzum Courier Service pour \u00e9largir ses op\u00e9rations de fret a\u00e9rien et am\u00e9liorer son efficacit\u00e9.","og_url":"https:\/\/transportjournal.com\/fr\/2026\/04\/29\/des-pakistanais-prennent-possession-dun-boeing-737-400sf\/","og_site_name":"ITJ | International Transport Journal","article_published_time":"2026-04-29T10:56:52+00:00","og_image":[{"width":783,"height":440,"url":"https:\/\/transportjournal.com\/wp-content\/uploads\/sites\/2\/2026\/04\/WSA-L08zbS8tME0zWnJTbS95eXNKU1ltLzR5NHEvenFzYlVhdHp0ZGty-aspect-ratio-1400-788.webp","type":"image\/webp"}],"author":"Andreas Haug","twitter_card":"summary_large_image","twitter_misc":{"\u00c9crit par":"Andreas Haug","Dur\u00e9e de lecture estim\u00e9e":"1 minute"},"schema":{"@context":"https:\/\/schema.org","@graph":[{"@type":"Article","@id":"https:\/\/transportjournal.com\/fr\/2026\/04\/29\/des-pakistanais-prennent-possession-dun-boeing-737-400sf\/#article","isPartOf":{"@id":"https:\/\/transportjournal.com\/fr\/2026\/04\/29\/des-pakistanais-prennent-possession-dun-boeing-737-400sf\/"},"author":{"name":"Andreas Haug","@id":"https:\/\/transportjournal.com\/fr\/#\/schema\/person\/cf538b3157f15afd7589245a4b3dbd25"},"headline":"Des Pakistanais prennent possession d&rsquo;un Boeing 737-400SF","datePublished":"2026-04-29T10:56:52+00:00","mainEntityOfPage":{"@id":"https:\/\/transportjournal.com\/fr\/2026\/04\/29\/des-pakistanais-prennent-possession-dun-boeing-737-400sf\/"},"wordCount":277,"commentCount":0,"publisher":{"@id":"https:\/\/transportjournal.com\/fr\/#organization"},"image":{"@id":"https:\/\/transportjournal.com\/fr\/2026\/04\/29\/des-pakistanais-prennent-possession-dun-boeing-737-400sf\/#primaryimage"},"thumbnailUrl":"https:\/\/transportjournal.com\/wp-content\/uploads\/sites\/2\/2026\/04\/WSA-L08zbS8tME0zWnJTbS95eXNKU1ltLzR5NHEvenFzYlVhdHp0ZGty-aspect-ratio-1400-788.webp","keywords":["air freight logistics","air freight operations","am\u00e9lioration de l'efficacit\u00e9 logistique","connectivit\u00e9 nationale Pakistan","courier service Pakistan","croissance dans le secteur logistique","Deutsch Boeing 737-400SF","digital logistics solutions","digitale Logistikl\u00f6sungen","efficiency improvement logistics","Effizienzsteigerung Logistik","\u00e9largissement des capacit\u00e9s de fret a\u00e9rien","entreprise logistique Karachi","exigences du march\u00e9 fret a\u00e9rien","expanding air freight capacity","Export-Import Dienstleistungen","export-import services","Frachtstrecken optimieren","Frachttransport S\u00fcdostasien","freight transport South Asia","gestion de la cha\u00eene d'approvisionnement","growth in logistics sector","industrie du transport Pakistan","Kurierdienst Pakistan","logistics company Karachi","logistics market Pakistan","Logistikmarkt Pakistan","Logistikunternehmen Karatschi","logistique a\u00e9rienne","Luftfrachtkapazit\u00e4ten erweitern","Luftfrachtlogistik","Luftfrachtoperationen","march\u00e9 logistique Pakistan","market demands air freight","Marktanforderungen Luftfracht","national connectivity Pakistan","nationale Anbindung Pakistan","op\u00e9rations de fret a\u00e9rien","optimisation des itin\u00e9raires de fret","optimizing freight routes","partenariat dans le secteur du fret a\u00e9rien","partenariats strat\u00e9giques","Partnerschaft im Luftfrachtsektor","partnership in air freight sector","service de messagerie Pakistan","services d'exportation-importation","solutions logistiques num\u00e9riques","strategic partnerships","strategische Partnerschaften","Supply Chain Management","time-sensitive freight transport Fran\u00e7ais Boeing 737-400SF","transport de fret Asie du Sud","transport de fret urgent","transport industry Pakistan","Transportwirtschaft Pakistan","Tranzum Courier Service","Wachstum im Logistiksektor","Zeitkritische Frachttransporte English Boeing 737-400SF"],"articleSection":["Asie\/Pacifique","Fret a\u00e9rien","L'Europe"],"inLanguage":"fr-FR","potentialAction":[{"@type":"CommentAction","name":"Comment","target":["https:\/\/transportjournal.com\/fr\/2026\/04\/29\/des-pakistanais-prennent-possession-dun-boeing-737-400sf\/#respond"]}]},{"@type":"WebPage","@id":"https:\/\/transportjournal.com\/fr\/2026\/04\/29\/des-pakistanais-prennent-possession-dun-boeing-737-400sf\/","url":"https:\/\/transportjournal.com\/fr\/2026\/04\/29\/des-pakistanais-prennent-possession-dun-boeing-737-400sf\/","name":"Des Pakistanais prennent possession d&#8217;un Boeing 737-400SF - ITJ | International Transport Journal","isPartOf":{"@id":"https:\/\/transportjournal.com\/fr\/#website"},"primaryImageOfPage":{"@id":"https:\/\/transportjournal.com\/fr\/2026\/04\/29\/des-pakistanais-prennent-possession-dun-boeing-737-400sf\/#primaryimage"},"image":{"@id":"https:\/\/transportjournal.com\/fr\/2026\/04\/29\/des-pakistanais-prennent-possession-dun-boeing-737-400sf\/#primaryimage"},"thumbnailUrl":"https:\/\/transportjournal.com\/wp-content\/uploads\/sites\/2\/2026\/04\/WSA-L08zbS8tME0zWnJTbS95eXNKU1ltLzR5NHEvenFzYlVhdHp0ZGty-aspect-ratio-1400-788.webp","datePublished":"2026-04-29T10:56:52+00:00","breadcrumb":{"@id":"https:\/\/transportjournal.com\/fr\/2026\/04\/29\/des-pakistanais-prennent-possession-dun-boeing-737-400sf\/#breadcrumb"},"inLanguage":"fr-FR","potentialAction":[{"@type":"ReadAction","target":["https:\/\/transportjournal.com\/fr\/2026\/04\/29\/des-pakistanais-prennent-possession-dun-boeing-737-400sf\/"]}]},{"@type":"ImageObject","inLanguage":"fr-FR","@id":"https:\/\/transportjournal.com\/fr\/2026\/04\/29\/des-pakistanais-prennent-possession-dun-boeing-737-400sf\/#primaryimage","url":"https:\/\/transportjournal.com\/wp-content\/uploads\/sites\/2\/2026\/04\/WSA-L08zbS8tME0zWnJTbS95eXNKU1ltLzR5NHEvenFzYlVhdHp0ZGty-aspect-ratio-1400-788.webp","contentUrl":"https:\/\/transportjournal.com\/wp-content\/uploads\/sites\/2\/2026\/04\/WSA-L08zbS8tME0zWnJTbS95eXNKU1ltLzR5NHEvenFzYlVhdHp0ZGty-aspect-ratio-1400-788.webp","width":783,"height":440},{"@type":"BreadcrumbList","@id":"https:\/\/transportjournal.com\/fr\/2026\/04\/29\/des-pakistanais-prennent-possession-dun-boeing-737-400sf\/#breadcrumb","itemListElement":[{"@type":"ListItem","position":1,"name":"Startseite","item":"https:\/\/transportjournal.com\/fr\/"},{"@type":"ListItem","position":2,"name":"Des Pakistanais prennent possession d&rsquo;un Boeing 737-400SF"}]},{"@type":"WebSite","@id":"https:\/\/transportjournal.com\/fr\/#website","url":"https:\/\/transportjournal.com\/fr\/","name":"ITJ | International Transport Journal","description":"Restez inform\u00e9 des derni\u00e8res nouvelles mondiales dans les secteurs du transport, de la logistique et de la cha\u00eene d'approvisionnement. Transport Journal fournit des informations d'experts, des analyses et des mises \u00e0 jour sur le transport maritime, l'aviation, l'intermodalit\u00e9 et l'exp\u00e9dition. ","publisher":{"@id":"https:\/\/transportjournal.com\/fr\/#organization"},"potentialAction":[{"@type":"SearchAction","target":{"@type":"EntryPoint","urlTemplate":"https:\/\/transportjournal.com\/fr\/?s={search_term_string}"},"query-input":{"@type":"PropertyValueSpecification","valueRequired":true,"valueName":"search_term_string"}}],"inLanguage":"fr-FR"},{"@type":"Organization","@id":"https:\/\/transportjournal.com\/fr\/#organization","name":"Groupe Logismedia AG","alternateName":"Logismedia Group AG","url":"https:\/\/transportjournal.com\/fr\/","logo":{"@type":"ImageObject","inLanguage":"fr-FR","@id":"https:\/\/transportjournal.com\/fr\/#\/schema\/logo\/image\/","url":"https:\/\/transportjournal.com\/wp-content\/uploads\/sites\/2\/2025\/09\/Logo_ITJ.png","contentUrl":"https:\/\/transportjournal.com\/wp-content\/uploads\/sites\/2\/2025\/09\/Logo_ITJ.png","width":799,"height":326,"caption":"Groupe Logismedia AG"},"image":{"@id":"https:\/\/transportjournal.com\/fr\/#\/schema\/logo\/image\/"},"sameAs":["https:\/\/www.linkedin.com\/company\/56456496\/admin\/dashboard\/","https:\/\/www.instagram.com\/logismediagroup\/","https:\/\/www.youtube.com\/@LogiamediaGroupAG"]},{"@type":"Person","@id":"https:\/\/transportjournal.com\/fr\/#\/schema\/person\/cf538b3157f15afd7589245a4b3dbd25","name":"Andreas Haug","url":"https:\/\/transportjournal.com\/fr\/author\/andreas\/"}]}},"_links":{"self":[{"href":"https:\/\/transportjournal.com\/fr\/wp-json\/wp\/v2\/posts\/87302","targetHints":{"allow":["GET"]}}],"collection":[{"href":"https:\/\/transportjournal.com\/fr\/wp-json\/wp\/v2\/posts"}],"about":[{"href":"https:\/\/transportjournal.com\/fr\/wp-json\/wp\/v2\/types\/post"}],"author":[{"embeddable":true,"href":"https:\/\/transportjournal.com\/fr\/wp-json\/wp\/v2\/users\/12"}],"replies":[{"embeddable":true,"href":"https:\/\/transportjournal.com\/fr\/wp-json\/wp\/v2\/comments?post=87302"}],"version-history":[{"count":0,"href":"https:\/\/transportjournal.com\/fr\/wp-json\/wp\/v2\/posts\/87302\/revisions"}],"wp:featuredmedia":[{"embeddable":true,"href":"https:\/\/transportjournal.com\/fr\/wp-json\/wp\/v2\/media\/87300"}],"wp:attachment":[{"href":"https:\/\/transportjournal.com\/fr\/wp-json\/wp\/v2\/media?parent=87302"}],"wp:term":[{"taxonomy":"category","embeddable":true,"href":"https:\/\/transportjournal.com\/fr\/wp-json\/wp\/v2\/categories?post=87302"},{"taxonomy":"post_tag","embeddable":true,"href":"https:\/\/transportjournal.com\/fr\/wp-json\/wp\/v2\/tags?post=87302"}],"curies":[{"name":"wp","href":"https:\/\/api.w.org\/{rel}","templated":true}]}}