{"id":87287,"date":"2026-04-29T10:37:12","date_gmt":"2026-04-29T10:37:12","guid":{"rendered":"https:\/\/transportjournal.com\/2026\/04\/29\/les-premiers-discutent-de-linfrastructure-frontaliere-entre-la-pologne-et-lukraine\/"},"modified":"2026-04-29T10:37:12","modified_gmt":"2026-04-29T10:37:12","slug":"les-premiers-discutent-de-linfrastructure-frontaliere-entre-la-pologne-et-lukraine","status":"publish","type":"post","link":"https:\/\/transportjournal.com\/fr\/2026\/04\/29\/les-premiers-discutent-de-linfrastructure-frontaliere-entre-la-pologne-et-lukraine\/","title":{"rendered":"Les Premiers discutent de l&rsquo;infrastructure frontali\u00e8re entre la Pologne et l&rsquo;Ukraine"},"content":{"rendered":"<p>Lors d&#8217;une visite de travail en Pologne, la Premi\u00e8re ministre ukrainienne Yuliia Svyrydenko a rencontr\u00e9 son homologue polonais Donald Tusk. Les discussions ont port\u00e9 sur le renforcement de la coop\u00e9ration dans les domaines de l&#8217;infrastructure frontali\u00e8re, de la logistique et du transport routier. La rencontre s&#8217;est tenue \u00e0 Rzesz\u00f3w, une ville qui est devenue un important centre logistique depuis le d\u00e9but de l&#8217;invasion en Ukraine, comme l&#8217;indique le minist\u00e8re du D\u00e9veloppement des communaut\u00e9s et des territoires de l&#8217;Ukraine.<\/p>\n<h3>Focus sur l&#8217;infrastructure frontali\u00e8re<\/h3>\n<p>Un sujet central des n\u00e9gociations \u00e9tait le d\u00e9veloppement de l&#8217;infrastructure frontali\u00e8re ainsi que l&#8217;am\u00e9lioration de l&#8217;efficacit\u00e9 des proc\u00e9dures de passage de la fronti\u00e8re. Les deux parties ont discut\u00e9 en particulier des pr\u00e9paratifs pour un accord de contr\u00f4le conjoint aux points de passage frontaliers. Cela devrait r\u00e9duire les temps de passage, all\u00e9ger l&#8217;infrastructure et cr\u00e9er des conditions plus pr\u00e9visibles pour les prestataires.<\/p>\n<p>Un autre point des discussions \u00e9tait l&#8217;enregistrement des prestataires ukrainiens dans le syst\u00e8me polonais SENT\/RMPD, o\u00f9 des questions techniques doivent \u00eatre clarifi\u00e9es. Cette mesure est, selon le minist\u00e8re, cruciale pour garantir le fonctionnement des entreprises de transport ukrainiennes sur le march\u00e9 de l&#8217;UE et \u00e9viter des retards suppl\u00e9mentaires.<\/p>\n<p><a href=\"https:\/\/mindev.gov.ua\/\" target=\"_blank\" rel=\"noopener noreferrer\">www.mindev.gov.ua<\/a><\/p>\n","protected":false},"excerpt":{"rendered":"<p>La Premi\u00e8re ministre ukrainienne Yuliia Svyrydenko et son homologue polonais Donald Tusk ont discut\u00e9 \u00e0 Rzesz\u00f3w de l&rsquo;am\u00e9lioration de l&rsquo;infrastructure frontali\u00e8re.<\/p>\n","protected":false},"author":10,"featured_media":87285,"comment_status":"open","ping_status":"","sticky":false,"template":"","format":"standard","meta":{"_acf_changed":false,"footnotes":""},"categories":[1580,1587],"tags":[43456,43457,5246,43458,3739,3353,3354,43459,43460,43461,43462,43463,43464,5136,43465,43466,43467,2858,3745,2075,5148,5256,43468,43469,43470,43471,43472,43473,43474,5112,3379,5151,43475,43476,43477,43478,43479,43480,43481,5119,43482,5120,43483,2889,43484,43485,2890,43486,43487,43488,43489],"class_list":["post-87287","post","type-post","status-publish","format-standard","has-post-thumbnail","hentry","category-intermodal-route","category-leurope","tag-border-crossing-procedures","tag-border-crossings-poland-ukraine","tag-cooperation-logistique","tag-deutsch-grenzinfrastruktur","tag-developpement-des-infrastructures","tag-digitalisierung-logistik","tag-digitalization-logistics","tag-efficacite-controle-frontalier","tag-efficiency-border-control","tag-effizienz-grenzkontrolle","tag-entreprises-de-transport-ukrainiennes","tag-eu-market-transport-companies","tag-eu-markt-transportunternehmen","tag-fachkraeftemangel-transport","tag-grenzuebergaenge-polen-ukraine","tag-grenzuebertrittsverfahren","tag-hub-logistique-rzeszow","tag-industrie-du-transport-europe","tag-infrastructure-development","tag-infrastrukturentwicklung","tag-labor-shortage-transport","tag-logistics-cooperation","tag-logistics-poland-ukraine","tag-logistik-polen-ukraine","tag-logistique-pologne-ukraine","tag-marche-de-lue-entreprises-de-transport","tag-ministere-du-developpement","tag-ministerium-fuer-entwicklung","tag-ministry-of-development","tag-nachhaltige-logistikloesungen","tag-numerisation-logistique","tag-penurie-de-main-doeuvre-transport","tag-planification-des-transports-europe","tag-points-de-passage-pologne-ukraine","tag-procedures-de-passage-de-frontiere","tag-road-transport-poland","tag-rzeszow-logistics-hub","tag-rzeszow-logistikzentrum","tag-sent-rmpd-system","tag-solutions-logistiques-durables","tag-strassenverkehr-polen","tag-sustainable-logistics-solutions","tag-systeme-sent-rmpd","tag-transport-industry-europe","tag-transport-planning-europe-francais-infrastructure-frontaliere","tag-transport-routier-pologne","tag-transportwirtschaft-europa","tag-ukrainian-transport-companies","tag-ukrainische-transportunternehmen","tag-verkehrsplanung-europa-english-border-infrastructure","tag-zusammenarbeit-logistik"],"acf":[],"yoast_head":"<!-- This site is optimized with the Yoast SEO plugin v27.3 - https:\/\/yoast.com\/product\/yoast-seo-wordpress\/ -->\n<title>Les Premiers discutent de l&#8217;infrastructure frontali\u00e8re entre la Pologne et l&#8217;Ukraine - ITJ | International Transport Journal<\/title>\n<meta name=\"robots\" content=\"index, follow, max-snippet:-1, max-image-preview:large, max-video-preview:-1\" \/>\n<link rel=\"canonical\" href=\"https:\/\/transportjournal.com\/fr\/2026\/04\/29\/les-premiers-discutent-de-linfrastructure-frontaliere-entre-la-pologne-et-lukraine\/\" \/>\n<meta property=\"og:locale\" content=\"fr_FR\" \/>\n<meta property=\"og:type\" content=\"article\" \/>\n<meta property=\"og:title\" content=\"Les Premiers discutent de l&#8217;infrastructure frontali\u00e8re entre la Pologne et l&#8217;Ukraine - ITJ | International Transport Journal\" \/>\n<meta property=\"og:description\" content=\"La Premi\u00e8re ministre ukrainienne Yuliia Svyrydenko et son homologue polonais Donald Tusk ont discut\u00e9 \u00e0 Rzesz\u00f3w de l&#039;am\u00e9lioration de l&#039;infrastructure frontali\u00e8re.\" \/>\n<meta property=\"og:url\" content=\"https:\/\/transportjournal.com\/fr\/2026\/04\/29\/les-premiers-discutent-de-linfrastructure-frontaliere-entre-la-pologne-et-lukraine\/\" \/>\n<meta property=\"og:site_name\" content=\"ITJ | International Transport Journal\" \/>\n<meta property=\"article:published_time\" content=\"2026-04-29T10:37:12+00:00\" \/>\n<meta property=\"og:image\" content=\"https:\/\/transportjournal.com\/wp-content\/uploads\/sites\/2\/2026\/04\/AdobeStock_550205599-scaled-aspect-ratio-1400-788-scaled-1.jpeg\" \/>\n\t<meta property=\"og:image:width\" content=\"2560\" \/>\n\t<meta property=\"og:image:height\" content=\"1441\" \/>\n\t<meta property=\"og:image:type\" content=\"image\/jpeg\" \/>\n<meta name=\"author\" content=\"Jeremy Soland\" \/>\n<meta name=\"twitter:card\" content=\"summary_large_image\" \/>\n<meta name=\"twitter:label1\" content=\"\u00c9crit par\" \/>\n\t<meta name=\"twitter:data1\" content=\"Jeremy Soland\" \/>\n\t<meta name=\"twitter:label2\" content=\"Dur\u00e9e de lecture estim\u00e9e\" \/>\n\t<meta name=\"twitter:data2\" content=\"1 minute\" \/>\n<script type=\"application\/ld+json\" class=\"yoast-schema-graph\">{\"@context\":\"https:\\\/\\\/schema.org\",\"@graph\":[{\"@type\":\"Article\",\"@id\":\"https:\\\/\\\/transportjournal.com\\\/fr\\\/2026\\\/04\\\/29\\\/les-premiers-discutent-de-linfrastructure-frontaliere-entre-la-pologne-et-lukraine\\\/#article\",\"isPartOf\":{\"@id\":\"https:\\\/\\\/transportjournal.com\\\/fr\\\/2026\\\/04\\\/29\\\/les-premiers-discutent-de-linfrastructure-frontaliere-entre-la-pologne-et-lukraine\\\/\"},\"author\":{\"name\":\"Jeremy Soland\",\"@id\":\"https:\\\/\\\/transportjournal.com\\\/fr\\\/#\\\/schema\\\/person\\\/41d36b5474b623392fa613e97e2363fa\"},\"headline\":\"Les Premiers discutent de l&rsquo;infrastructure frontali\u00e8re entre la Pologne et l&rsquo;Ukraine\",\"datePublished\":\"2026-04-29T10:37:12+00:00\",\"mainEntityOfPage\":{\"@id\":\"https:\\\/\\\/transportjournal.com\\\/fr\\\/2026\\\/04\\\/29\\\/les-premiers-discutent-de-linfrastructure-frontaliere-entre-la-pologne-et-lukraine\\\/\"},\"wordCount\":247,\"commentCount\":0,\"publisher\":{\"@id\":\"https:\\\/\\\/transportjournal.com\\\/fr\\\/#organization\"},\"image\":{\"@id\":\"https:\\\/\\\/transportjournal.com\\\/fr\\\/2026\\\/04\\\/29\\\/les-premiers-discutent-de-linfrastructure-frontaliere-entre-la-pologne-et-lukraine\\\/#primaryimage\"},\"thumbnailUrl\":\"https:\\\/\\\/transportjournal.com\\\/wp-content\\\/uploads\\\/sites\\\/2\\\/2026\\\/04\\\/AdobeStock_550205599-scaled-aspect-ratio-1400-788-scaled-1.jpeg\",\"keywords\":[\"border crossing procedures\",\"border crossings Poland Ukraine\",\"coop\u00e9ration logistique\",\"Deutsch Grenzinfrastruktur\",\"d\u00e9veloppement des infrastructures\",\"Digitalisierung Logistik\",\"digitalization logistics\",\"efficacit\u00e9 contr\u00f4le frontalier\",\"efficiency border control\",\"Effizienz Grenzkontrolle\",\"entreprises de transport ukrainiennes\",\"EU market transport companies\",\"EU-Markt Transportunternehmen\",\"Fachkr\u00e4ftemangel Transport\",\"Grenz\u00fcberg\u00e4nge Polen Ukraine\",\"Grenz\u00fcbertrittsverfahren\",\"hub logistique Rzesz\u00f3w\",\"industrie du transport Europe\",\"infrastructure development\",\"Infrastrukturentwicklung\",\"labor shortage transport\",\"logistics cooperation\",\"logistics Poland Ukraine\",\"Logistik Polen Ukraine\",\"logistique Pologne Ukraine\",\"march\u00e9 de l'UE entreprises de transport\",\"minist\u00e8re du D\u00e9veloppement\",\"Ministerium f\u00fcr Entwicklung\",\"Ministry of Development\",\"nachhaltige Logistikl\u00f6sungen\",\"num\u00e9risation logistique\",\"p\u00e9nurie de main-d'\u0153uvre transport\",\"planification des transports Europe\",\"points de passage Pologne Ukraine\",\"proc\u00e9dures de passage de fronti\u00e8re\",\"road transport Poland\",\"Rzesz\u00f3w logistics hub\",\"Rzesz\u00f3w Logistikzentrum\",\"SENT\\\/RMPD-System\",\"solutions logistiques durables\",\"Stra\u00dfenverkehr Polen\",\"sustainable logistics solutions\",\"syst\u00e8me SENT\\\/RMPD\",\"transport industry Europe\",\"transport planning Europe Fran\u00e7ais Infrastructure frontali\u00e8re\",\"transport routier Pologne\",\"Transportwirtschaft Europa\",\"Ukrainian transport companies\",\"ukrainische Transportunternehmen\",\"Verkehrsplanung Europa English Border infrastructure\",\"Zusammenarbeit Logistik\"],\"articleSection\":[\"Intermodal \\\/ Route\",\"L'Europe\"],\"inLanguage\":\"fr-FR\",\"potentialAction\":[{\"@type\":\"CommentAction\",\"name\":\"Comment\",\"target\":[\"https:\\\/\\\/transportjournal.com\\\/fr\\\/2026\\\/04\\\/29\\\/les-premiers-discutent-de-linfrastructure-frontaliere-entre-la-pologne-et-lukraine\\\/#respond\"]}]},{\"@type\":\"WebPage\",\"@id\":\"https:\\\/\\\/transportjournal.com\\\/fr\\\/2026\\\/04\\\/29\\\/les-premiers-discutent-de-linfrastructure-frontaliere-entre-la-pologne-et-lukraine\\\/\",\"url\":\"https:\\\/\\\/transportjournal.com\\\/fr\\\/2026\\\/04\\\/29\\\/les-premiers-discutent-de-linfrastructure-frontaliere-entre-la-pologne-et-lukraine\\\/\",\"name\":\"Les Premiers discutent de l&#8217;infrastructure frontali\u00e8re entre la Pologne et l&#8217;Ukraine - ITJ | International Transport Journal\",\"isPartOf\":{\"@id\":\"https:\\\/\\\/transportjournal.com\\\/fr\\\/#website\"},\"primaryImageOfPage\":{\"@id\":\"https:\\\/\\\/transportjournal.com\\\/fr\\\/2026\\\/04\\\/29\\\/les-premiers-discutent-de-linfrastructure-frontaliere-entre-la-pologne-et-lukraine\\\/#primaryimage\"},\"image\":{\"@id\":\"https:\\\/\\\/transportjournal.com\\\/fr\\\/2026\\\/04\\\/29\\\/les-premiers-discutent-de-linfrastructure-frontaliere-entre-la-pologne-et-lukraine\\\/#primaryimage\"},\"thumbnailUrl\":\"https:\\\/\\\/transportjournal.com\\\/wp-content\\\/uploads\\\/sites\\\/2\\\/2026\\\/04\\\/AdobeStock_550205599-scaled-aspect-ratio-1400-788-scaled-1.jpeg\",\"datePublished\":\"2026-04-29T10:37:12+00:00\",\"breadcrumb\":{\"@id\":\"https:\\\/\\\/transportjournal.com\\\/fr\\\/2026\\\/04\\\/29\\\/les-premiers-discutent-de-linfrastructure-frontaliere-entre-la-pologne-et-lukraine\\\/#breadcrumb\"},\"inLanguage\":\"fr-FR\",\"potentialAction\":[{\"@type\":\"ReadAction\",\"target\":[\"https:\\\/\\\/transportjournal.com\\\/fr\\\/2026\\\/04\\\/29\\\/les-premiers-discutent-de-linfrastructure-frontaliere-entre-la-pologne-et-lukraine\\\/\"]}]},{\"@type\":\"ImageObject\",\"inLanguage\":\"fr-FR\",\"@id\":\"https:\\\/\\\/transportjournal.com\\\/fr\\\/2026\\\/04\\\/29\\\/les-premiers-discutent-de-linfrastructure-frontaliere-entre-la-pologne-et-lukraine\\\/#primaryimage\",\"url\":\"https:\\\/\\\/transportjournal.com\\\/wp-content\\\/uploads\\\/sites\\\/2\\\/2026\\\/04\\\/AdobeStock_550205599-scaled-aspect-ratio-1400-788-scaled-1.jpeg\",\"contentUrl\":\"https:\\\/\\\/transportjournal.com\\\/wp-content\\\/uploads\\\/sites\\\/2\\\/2026\\\/04\\\/AdobeStock_550205599-scaled-aspect-ratio-1400-788-scaled-1.jpeg\",\"width\":2560,\"height\":1441},{\"@type\":\"BreadcrumbList\",\"@id\":\"https:\\\/\\\/transportjournal.com\\\/fr\\\/2026\\\/04\\\/29\\\/les-premiers-discutent-de-linfrastructure-frontaliere-entre-la-pologne-et-lukraine\\\/#breadcrumb\",\"itemListElement\":[{\"@type\":\"ListItem\",\"position\":1,\"name\":\"Startseite\",\"item\":\"https:\\\/\\\/transportjournal.com\\\/fr\\\/\"},{\"@type\":\"ListItem\",\"position\":2,\"name\":\"Les Premiers discutent de l&#8217;infrastructure frontali\u00e8re entre la Pologne et l&#8217;Ukraine\"}]},{\"@type\":\"WebSite\",\"@id\":\"https:\\\/\\\/transportjournal.com\\\/fr\\\/#website\",\"url\":\"https:\\\/\\\/transportjournal.com\\\/fr\\\/\",\"name\":\"ITJ | International Transport Journal\",\"description\":\"Restez inform\u00e9 des derni\u00e8res nouvelles mondiales dans les secteurs du transport, de la logistique et de la cha\u00eene d'approvisionnement. Transport Journal fournit des informations d'experts, des analyses et des mises \u00e0 jour sur le transport maritime, l'aviation, l'intermodalit\u00e9 et l'exp\u00e9dition. \",\"publisher\":{\"@id\":\"https:\\\/\\\/transportjournal.com\\\/fr\\\/#organization\"},\"potentialAction\":[{\"@type\":\"SearchAction\",\"target\":{\"@type\":\"EntryPoint\",\"urlTemplate\":\"https:\\\/\\\/transportjournal.com\\\/fr\\\/?s={search_term_string}\"},\"query-input\":{\"@type\":\"PropertyValueSpecification\",\"valueRequired\":true,\"valueName\":\"search_term_string\"}}],\"inLanguage\":\"fr-FR\"},{\"@type\":\"Organization\",\"@id\":\"https:\\\/\\\/transportjournal.com\\\/fr\\\/#organization\",\"name\":\"Groupe Logismedia AG\",\"alternateName\":\"Logismedia Group AG\",\"url\":\"https:\\\/\\\/transportjournal.com\\\/fr\\\/\",\"logo\":{\"@type\":\"ImageObject\",\"inLanguage\":\"fr-FR\",\"@id\":\"https:\\\/\\\/transportjournal.com\\\/fr\\\/#\\\/schema\\\/logo\\\/image\\\/\",\"url\":\"https:\\\/\\\/transportjournal.com\\\/wp-content\\\/uploads\\\/sites\\\/2\\\/2025\\\/09\\\/Logo_ITJ.png\",\"contentUrl\":\"https:\\\/\\\/transportjournal.com\\\/wp-content\\\/uploads\\\/sites\\\/2\\\/2025\\\/09\\\/Logo_ITJ.png\",\"width\":799,\"height\":326,\"caption\":\"Groupe Logismedia AG\"},\"image\":{\"@id\":\"https:\\\/\\\/transportjournal.com\\\/fr\\\/#\\\/schema\\\/logo\\\/image\\\/\"},\"sameAs\":[\"https:\\\/\\\/www.linkedin.com\\\/company\\\/56456496\\\/admin\\\/dashboard\\\/\",\"https:\\\/\\\/www.instagram.com\\\/logismediagroup\\\/\",\"https:\\\/\\\/www.youtube.com\\\/@LogiamediaGroupAG\"]},{\"@type\":\"Person\",\"@id\":\"https:\\\/\\\/transportjournal.com\\\/fr\\\/#\\\/schema\\\/person\\\/41d36b5474b623392fa613e97e2363fa\",\"name\":\"Jeremy Soland\",\"url\":\"https:\\\/\\\/transportjournal.com\\\/fr\\\/author\\\/jeremy\\\/\"}]}<\/script>\n<!-- \/ Yoast SEO plugin. -->","yoast_head_json":{"title":"Les Premiers discutent de l&#8217;infrastructure frontali\u00e8re entre la Pologne et l&#8217;Ukraine - ITJ | International Transport Journal","robots":{"index":"index","follow":"follow","max-snippet":"max-snippet:-1","max-image-preview":"max-image-preview:large","max-video-preview":"max-video-preview:-1"},"canonical":"https:\/\/transportjournal.com\/fr\/2026\/04\/29\/les-premiers-discutent-de-linfrastructure-frontaliere-entre-la-pologne-et-lukraine\/","og_locale":"fr_FR","og_type":"article","og_title":"Les Premiers discutent de l&#8217;infrastructure frontali\u00e8re entre la Pologne et l&#8217;Ukraine - ITJ | International Transport Journal","og_description":"La Premi\u00e8re ministre ukrainienne Yuliia Svyrydenko et son homologue polonais Donald Tusk ont discut\u00e9 \u00e0 Rzesz\u00f3w de l'am\u00e9lioration de l'infrastructure frontali\u00e8re.","og_url":"https:\/\/transportjournal.com\/fr\/2026\/04\/29\/les-premiers-discutent-de-linfrastructure-frontaliere-entre-la-pologne-et-lukraine\/","og_site_name":"ITJ | International Transport Journal","article_published_time":"2026-04-29T10:37:12+00:00","og_image":[{"width":2560,"height":1441,"url":"https:\/\/transportjournal.com\/wp-content\/uploads\/sites\/2\/2026\/04\/AdobeStock_550205599-scaled-aspect-ratio-1400-788-scaled-1.jpeg","type":"image\/jpeg"}],"author":"Jeremy Soland","twitter_card":"summary_large_image","twitter_misc":{"\u00c9crit par":"Jeremy Soland","Dur\u00e9e de lecture estim\u00e9e":"1 minute"},"schema":{"@context":"https:\/\/schema.org","@graph":[{"@type":"Article","@id":"https:\/\/transportjournal.com\/fr\/2026\/04\/29\/les-premiers-discutent-de-linfrastructure-frontaliere-entre-la-pologne-et-lukraine\/#article","isPartOf":{"@id":"https:\/\/transportjournal.com\/fr\/2026\/04\/29\/les-premiers-discutent-de-linfrastructure-frontaliere-entre-la-pologne-et-lukraine\/"},"author":{"name":"Jeremy Soland","@id":"https:\/\/transportjournal.com\/fr\/#\/schema\/person\/41d36b5474b623392fa613e97e2363fa"},"headline":"Les Premiers discutent de l&rsquo;infrastructure frontali\u00e8re entre la Pologne et l&rsquo;Ukraine","datePublished":"2026-04-29T10:37:12+00:00","mainEntityOfPage":{"@id":"https:\/\/transportjournal.com\/fr\/2026\/04\/29\/les-premiers-discutent-de-linfrastructure-frontaliere-entre-la-pologne-et-lukraine\/"},"wordCount":247,"commentCount":0,"publisher":{"@id":"https:\/\/transportjournal.com\/fr\/#organization"},"image":{"@id":"https:\/\/transportjournal.com\/fr\/2026\/04\/29\/les-premiers-discutent-de-linfrastructure-frontaliere-entre-la-pologne-et-lukraine\/#primaryimage"},"thumbnailUrl":"https:\/\/transportjournal.com\/wp-content\/uploads\/sites\/2\/2026\/04\/AdobeStock_550205599-scaled-aspect-ratio-1400-788-scaled-1.jpeg","keywords":["border crossing procedures","border crossings Poland Ukraine","coop\u00e9ration logistique","Deutsch Grenzinfrastruktur","d\u00e9veloppement des infrastructures","Digitalisierung Logistik","digitalization logistics","efficacit\u00e9 contr\u00f4le frontalier","efficiency border control","Effizienz Grenzkontrolle","entreprises de transport ukrainiennes","EU market transport companies","EU-Markt Transportunternehmen","Fachkr\u00e4ftemangel Transport","Grenz\u00fcberg\u00e4nge Polen Ukraine","Grenz\u00fcbertrittsverfahren","hub logistique Rzesz\u00f3w","industrie du transport Europe","infrastructure development","Infrastrukturentwicklung","labor shortage transport","logistics cooperation","logistics Poland Ukraine","Logistik Polen Ukraine","logistique Pologne Ukraine","march\u00e9 de l'UE entreprises de transport","minist\u00e8re du D\u00e9veloppement","Ministerium f\u00fcr Entwicklung","Ministry of Development","nachhaltige Logistikl\u00f6sungen","num\u00e9risation logistique","p\u00e9nurie de main-d'\u0153uvre transport","planification des transports Europe","points de passage Pologne Ukraine","proc\u00e9dures de passage de fronti\u00e8re","road transport Poland","Rzesz\u00f3w logistics hub","Rzesz\u00f3w Logistikzentrum","SENT\/RMPD-System","solutions logistiques durables","Stra\u00dfenverkehr Polen","sustainable logistics solutions","syst\u00e8me SENT\/RMPD","transport industry Europe","transport planning Europe Fran\u00e7ais Infrastructure frontali\u00e8re","transport routier Pologne","Transportwirtschaft Europa","Ukrainian transport companies","ukrainische Transportunternehmen","Verkehrsplanung Europa English Border infrastructure","Zusammenarbeit Logistik"],"articleSection":["Intermodal \/ Route","L'Europe"],"inLanguage":"fr-FR","potentialAction":[{"@type":"CommentAction","name":"Comment","target":["https:\/\/transportjournal.com\/fr\/2026\/04\/29\/les-premiers-discutent-de-linfrastructure-frontaliere-entre-la-pologne-et-lukraine\/#respond"]}]},{"@type":"WebPage","@id":"https:\/\/transportjournal.com\/fr\/2026\/04\/29\/les-premiers-discutent-de-linfrastructure-frontaliere-entre-la-pologne-et-lukraine\/","url":"https:\/\/transportjournal.com\/fr\/2026\/04\/29\/les-premiers-discutent-de-linfrastructure-frontaliere-entre-la-pologne-et-lukraine\/","name":"Les Premiers discutent de l&#8217;infrastructure frontali\u00e8re entre la Pologne et l&#8217;Ukraine - ITJ | International Transport Journal","isPartOf":{"@id":"https:\/\/transportjournal.com\/fr\/#website"},"primaryImageOfPage":{"@id":"https:\/\/transportjournal.com\/fr\/2026\/04\/29\/les-premiers-discutent-de-linfrastructure-frontaliere-entre-la-pologne-et-lukraine\/#primaryimage"},"image":{"@id":"https:\/\/transportjournal.com\/fr\/2026\/04\/29\/les-premiers-discutent-de-linfrastructure-frontaliere-entre-la-pologne-et-lukraine\/#primaryimage"},"thumbnailUrl":"https:\/\/transportjournal.com\/wp-content\/uploads\/sites\/2\/2026\/04\/AdobeStock_550205599-scaled-aspect-ratio-1400-788-scaled-1.jpeg","datePublished":"2026-04-29T10:37:12+00:00","breadcrumb":{"@id":"https:\/\/transportjournal.com\/fr\/2026\/04\/29\/les-premiers-discutent-de-linfrastructure-frontaliere-entre-la-pologne-et-lukraine\/#breadcrumb"},"inLanguage":"fr-FR","potentialAction":[{"@type":"ReadAction","target":["https:\/\/transportjournal.com\/fr\/2026\/04\/29\/les-premiers-discutent-de-linfrastructure-frontaliere-entre-la-pologne-et-lukraine\/"]}]},{"@type":"ImageObject","inLanguage":"fr-FR","@id":"https:\/\/transportjournal.com\/fr\/2026\/04\/29\/les-premiers-discutent-de-linfrastructure-frontaliere-entre-la-pologne-et-lukraine\/#primaryimage","url":"https:\/\/transportjournal.com\/wp-content\/uploads\/sites\/2\/2026\/04\/AdobeStock_550205599-scaled-aspect-ratio-1400-788-scaled-1.jpeg","contentUrl":"https:\/\/transportjournal.com\/wp-content\/uploads\/sites\/2\/2026\/04\/AdobeStock_550205599-scaled-aspect-ratio-1400-788-scaled-1.jpeg","width":2560,"height":1441},{"@type":"BreadcrumbList","@id":"https:\/\/transportjournal.com\/fr\/2026\/04\/29\/les-premiers-discutent-de-linfrastructure-frontaliere-entre-la-pologne-et-lukraine\/#breadcrumb","itemListElement":[{"@type":"ListItem","position":1,"name":"Startseite","item":"https:\/\/transportjournal.com\/fr\/"},{"@type":"ListItem","position":2,"name":"Les Premiers discutent de l&#8217;infrastructure frontali\u00e8re entre la Pologne et l&#8217;Ukraine"}]},{"@type":"WebSite","@id":"https:\/\/transportjournal.com\/fr\/#website","url":"https:\/\/transportjournal.com\/fr\/","name":"ITJ | International Transport Journal","description":"Restez inform\u00e9 des derni\u00e8res nouvelles mondiales dans les secteurs du transport, de la logistique et de la cha\u00eene d'approvisionnement. Transport Journal fournit des informations d'experts, des analyses et des mises \u00e0 jour sur le transport maritime, l'aviation, l'intermodalit\u00e9 et l'exp\u00e9dition. ","publisher":{"@id":"https:\/\/transportjournal.com\/fr\/#organization"},"potentialAction":[{"@type":"SearchAction","target":{"@type":"EntryPoint","urlTemplate":"https:\/\/transportjournal.com\/fr\/?s={search_term_string}"},"query-input":{"@type":"PropertyValueSpecification","valueRequired":true,"valueName":"search_term_string"}}],"inLanguage":"fr-FR"},{"@type":"Organization","@id":"https:\/\/transportjournal.com\/fr\/#organization","name":"Groupe Logismedia AG","alternateName":"Logismedia Group AG","url":"https:\/\/transportjournal.com\/fr\/","logo":{"@type":"ImageObject","inLanguage":"fr-FR","@id":"https:\/\/transportjournal.com\/fr\/#\/schema\/logo\/image\/","url":"https:\/\/transportjournal.com\/wp-content\/uploads\/sites\/2\/2025\/09\/Logo_ITJ.png","contentUrl":"https:\/\/transportjournal.com\/wp-content\/uploads\/sites\/2\/2025\/09\/Logo_ITJ.png","width":799,"height":326,"caption":"Groupe Logismedia AG"},"image":{"@id":"https:\/\/transportjournal.com\/fr\/#\/schema\/logo\/image\/"},"sameAs":["https:\/\/www.linkedin.com\/company\/56456496\/admin\/dashboard\/","https:\/\/www.instagram.com\/logismediagroup\/","https:\/\/www.youtube.com\/@LogiamediaGroupAG"]},{"@type":"Person","@id":"https:\/\/transportjournal.com\/fr\/#\/schema\/person\/41d36b5474b623392fa613e97e2363fa","name":"Jeremy Soland","url":"https:\/\/transportjournal.com\/fr\/author\/jeremy\/"}]}},"_links":{"self":[{"href":"https:\/\/transportjournal.com\/fr\/wp-json\/wp\/v2\/posts\/87287","targetHints":{"allow":["GET"]}}],"collection":[{"href":"https:\/\/transportjournal.com\/fr\/wp-json\/wp\/v2\/posts"}],"about":[{"href":"https:\/\/transportjournal.com\/fr\/wp-json\/wp\/v2\/types\/post"}],"author":[{"embeddable":true,"href":"https:\/\/transportjournal.com\/fr\/wp-json\/wp\/v2\/users\/10"}],"replies":[{"embeddable":true,"href":"https:\/\/transportjournal.com\/fr\/wp-json\/wp\/v2\/comments?post=87287"}],"version-history":[{"count":0,"href":"https:\/\/transportjournal.com\/fr\/wp-json\/wp\/v2\/posts\/87287\/revisions"}],"wp:featuredmedia":[{"embeddable":true,"href":"https:\/\/transportjournal.com\/fr\/wp-json\/wp\/v2\/media\/87285"}],"wp:attachment":[{"href":"https:\/\/transportjournal.com\/fr\/wp-json\/wp\/v2\/media?parent=87287"}],"wp:term":[{"taxonomy":"category","embeddable":true,"href":"https:\/\/transportjournal.com\/fr\/wp-json\/wp\/v2\/categories?post=87287"},{"taxonomy":"post_tag","embeddable":true,"href":"https:\/\/transportjournal.com\/fr\/wp-json\/wp\/v2\/tags?post=87287"}],"curies":[{"name":"wp","href":"https:\/\/api.w.org\/{rel}","templated":true}]}}