{"id":87206,"date":"2026-04-29T08:16:54","date_gmt":"2026-04-29T08:16:54","guid":{"rendered":"https:\/\/transportjournal.com\/?p=87206"},"modified":"2026-04-29T13:04:32","modified_gmt":"2026-04-29T11:04:32","slug":"le-groupe-hupac-enregistre-un-resultat-positif-en-2025","status":"publish","type":"post","link":"https:\/\/transportjournal.com\/fr\/2026\/04\/29\/le-groupe-hupac-enregistre-un-resultat-positif-en-2025\/","title":{"rendered":"Le groupe Hupac enregistre un r\u00e9sultat positif en 2025"},"content":{"rendered":"<p>L&#8217;exercice 2025 a pr\u00e9sent\u00e9 des d\u00e9fis consid\u00e9rables pour le groupe Hupac, n\u00e9anmoins, l&#8217;entreprise a pu r\u00e9aliser un r\u00e9sultat positif de groupe de 3,5 millions CHF. Cela repr\u00e9sente une baisse par rapport \u00e0 l&#8217;ann\u00e9e pr\u00e9c\u00e9dente, o\u00f9 le b\u00e9n\u00e9fice s&#8217;\u00e9levait \u00e0 9,4 millions CHF.<\/p>\n<h3>Volume de transport et d\u00e9veloppement du chiffre d&#8217;affaires<\/h3>\n<p>En 2025, le groupe Hupac a transport\u00e9 environ 975 000 envois routiers, ce qui correspond \u00e0 1 853 000 EVP dans le transport combin\u00e9 et le transport maritime en hinterland. Ce chiffre repr\u00e9sente une augmentation de 4,3 % par rapport \u00e0 l&#8217;ann\u00e9e pr\u00e9c\u00e9dente. En particulier, dans le transport transalpin \u00e0 travers la Suisse, Hupac a pu augmenter le volume \u00e0 environ 560 000 envois. Les transports via la France et l&#8217;Autriche ont enregistr\u00e9 une augmentation de 26,9 % pour atteindre environ 25 000 envois. Dans le transport non transalpin, les volumes ont augment\u00e9 de 2,9 % pour atteindre pr\u00e8s de 390 000 envois.<\/p>\n<p>Malgr\u00e9 l&#8217;\u00e9volution positive des volumes, le chiffre d&#8217;affaires en 2025 n&#8217;a augment\u00e9 que de 3,1 % pour atteindre 646 millions CHF. Cela est d\u00fb, entre autres, \u00e0 des \u00e9volutions de taux de change n\u00e9gatives. Les co\u00fbts des services fournis ont augment\u00e9 plus rapidement que les revenus, ce qui a entra\u00een\u00e9 une l\u00e9g\u00e8re baisse de la marge brute \u00e0 21,6 %. La marge EBIT s&#8217;\u00e9levait \u00e0 1,9 %.<\/p>\n<h3>Initiatives strat\u00e9giques et position sur le march\u00e9<\/h3>\n<p>Hupac a lanc\u00e9 l&#8217;ann\u00e9e derni\u00e8re des initiatives strat\u00e9giques pour renforcer sa position sur les march\u00e9s cl\u00e9s. Avec le concept RadicalShift2Rail, l&#8217;entreprise r\u00e9pond aux retards croissants dans le r\u00e9seau ferroviaire en regroupant les flux de trafic sur des terminaux performants. \u00c0 partir de fin 2025, de nouvelles liaisons entre Cologne Nord et Busto Arsizio ainsi qu&#8217;entre Ludwigshafen et Busto Arsizio ont \u00e9t\u00e9 introduites. Ces initiatives montrent d\u00e9j\u00e0, apr\u00e8s un trimestre, des \u00e9volutions positives en mati\u00e8re de ponctualit\u00e9 et de r\u00e9silience.<\/p>\n<p>Dans l&#8217;unit\u00e9 commerciale Shuttle Net, Hupac a pu gagner des parts de march\u00e9 d\u00e9but 2026 gr\u00e2ce \u00e0 de nouveaux produits tels que Duisburg-Novara et au renforcement de la liaison B\u00e2le-Busto Arsizio. Ces mesures visent \u00e0 transf\u00e9rer les transports de la \u00ab route roulante \u00bb arr\u00eat\u00e9e fin 2025 vers le transport combin\u00e9 non accompagn\u00e9.<\/p>\n<h3>D\u00e9fis dans le transit alpin<\/h3>\n<p>Une pr\u00e9occupation centrale pour Hupac est le d\u00e9veloppement du transport combin\u00e9 dans le transit alpin \u00e0 travers la Suisse. En 2025, l&#8217;entreprise a atteint environ 560 000 envois routiers, soit une augmentation d&#8217;environ 24 000 envois. Cependant, une tendance n\u00e9gative se dessine : depuis 2022, le volume du transport combin\u00e9 transalpin a diminu\u00e9 de 11 %, tandis que le transport routier a augment\u00e9 de 4 %. La principale cause de cette \u00e9volution est attribu\u00e9e au renouvellement de l&#8217;infrastructure ferroviaire.<\/p>\n<p>Hupac pr\u00e9voit de contrer cette tendance de d\u00e9placement n\u00e9gatif avec des concepts de transport innovants et une collaboration approfondie avec les entreprises ferroviaires et les gestionnaires d&#8217;infrastructure. \u00c0 partir de 2029, les grands chantiers sur le corridor Rhin-Alpes seront achev\u00e9s, ce qui promet de nouvelles opportunit\u00e9s de croissance.<\/p>\n<h3>Conditions politiques et investissements<\/h3>\n<p>Le groupe Hupac voit la n\u00e9cessit\u00e9 de conditions politiques fiables. Le parlement suisse a d\u00e9cid\u00e9 au printemps 2026 de prolonger les contributions d&#8217;exploitation pour le transport combin\u00e9 transalpin jusqu&#8217;en 2030. Cette d\u00e9cision cr\u00e9e une s\u00e9curit\u00e9 de planification et favorise les investissements n\u00e9cessaires dans la cha\u00eene intermodale.<\/p>\n<p>Hupac investit de mani\u00e8re cibl\u00e9e dans l&#8217;avenir, notamment dans de nouvelles infrastructures terminales \u00e0 Piacenza et Milano Smistamento. De plus, d\u00e9but 2026, le terminal Barcelona Combiconnect a \u00e9t\u00e9 mis en service pour relier la p\u00e9ninsule ib\u00e9rique au r\u00e9seau intermodal europ\u00e9en.<\/p>\n<h3>Perspectives pour 2026 et au-del\u00e0<\/h3>\n<p>La situation g\u00e9opolitique et le conflit au Moyen-Orient influencent les attentes pour l&#8217;exercice 2026. Hupac se montre prudent quant au potentiel de croissance \u00e0 court terme, car les conditions pour le transport combin\u00e9 devraient rester difficiles. N\u00e9anmoins, \u00e0 partir de 2029, une am\u00e9lioration significative sur le march\u00e9 cl\u00e9 est attendue.<\/p>\n<p>&nbsp;<\/p>\n<p><a href=\"https:\/\/www.hupac.com\/\" target=\"_blank\" rel=\"noopener noreferrer\">www.hupac.com<\/a><\/p>\n<p>&nbsp;<\/p>\n","protected":false},"excerpt":{"rendered":"<p>Le groupe Hupac a r\u00e9alis\u00e9 en 2025 un r\u00e9sultat positif de 3,5 millions CHF, malgr\u00e9 des d\u00e9fis et une baisse par rapport \u00e0 l&rsquo;ann\u00e9e pr\u00e9c\u00e9dente.<\/p>\n","protected":false},"author":12,"featured_media":87204,"comment_status":"open","ping_status":"closed","sticky":false,"template":"","format":"standard","meta":{"_acf_changed":false,"footnotes":""},"categories":[9092,1580,1587,11110],"tags":[43274,43275,43276,43277,26293,43278,26297,2115,2116,2309,43279,43280,22915,32639,26301,22017,22018,43281,2909,5295,11117,5296,43282,43283,7487,26307,43284,22025,43285,3157,2925,43286,14787,14789,2929,2193,32659,43287,1916,43288,43289,41495,3735,43290,2540,2541,43291,43292,43293,26322,3125,43294,43295,43296,43297,43298,43299,43300],"class_list":["post-87206","post","type-post","status-publish","format-standard","has-post-thumbnail","hentry","category-deutschland","category-intermodal-route","category-leurope","category-schweiz","tag-alpentransit-herausforderungen","tag-alpine-transit-challenges","tag-cadre-politique","tag-chaine-intermodale","tag-combined-transport","tag-defis-du-transit-alpin","tag-deutsch-hupac","tag-digitalisierung-in-der-logistik","tag-digitalization-in-logistics","tag-durabilite-dans-le-transport","tag-ebit-margin","tag-ebit-marge","tag-eisenbahnverkehrsunternehmen","tag-entreprises-ferroviaires","tag-envois-routiers","tag-gagner-des-parts-de-marche","tag-gaining-market-share","tag-growth-opportunities-2026","tag-hafenbetrieb","tag-infrastructure-investments","tag-infrastructure-terminale","tag-infrastrukturinvestitionen","tag-intermodal-chain","tag-intermodale-kette","tag-investissements-dans-les-infrastructures","tag-kombinierter-verkehr","tag-marge-ebit","tag-marktanteile-gewinnen","tag-nachhaltigkeit-im-verkehr","tag-numerisation-dans-la-logistique","tag-operations-portuaires","tag-opportunites-de-croissance-2026","tag-political-framework-conditions","tag-politische-rahmenbedingungen","tag-port-operations","tag-rail-freight-transport","tag-railway-companies","tag-road-consignments-francais-hupac","tag-schienengueterverkehr","tag-shift-trend","tag-strassensendungen-english-hupac","tag-strategies-de-transport","tag-sustainability-in-transport","tag-tendance-de-deplacement","tag-terminal-infrastructure","tag-terminalinfrastruktur","tag-trafic-transalpin-suisse","tag-transalpine-traffic-switzerland","tag-transalpiner-verkehr-schweiz","tag-transport-combine","tag-transport-ferroviaire-de-marchandises","tag-transport-strategies","tag-transport-volumes-2025","tag-transportstrategien","tag-transportvolumen-2025","tag-verlagerungstrend","tag-volumes-de-transport-2025","tag-wachstumsmoeglichkeiten-2026"],"acf":[],"yoast_head":"<!-- This site is optimized with the Yoast SEO plugin v27.3 - https:\/\/yoast.com\/product\/yoast-seo-wordpress\/ -->\n<title>Le groupe Hupac enregistre un r\u00e9sultat positif en 2025 - ITJ | International Transport Journal<\/title>\n<meta name=\"robots\" content=\"index, follow, max-snippet:-1, max-image-preview:large, max-video-preview:-1\" \/>\n<link rel=\"canonical\" href=\"https:\/\/transportjournal.com\/fr\/2026\/04\/29\/le-groupe-hupac-enregistre-un-resultat-positif-en-2025\/\" \/>\n<meta property=\"og:locale\" content=\"fr_FR\" \/>\n<meta property=\"og:type\" content=\"article\" \/>\n<meta property=\"og:title\" content=\"Le groupe Hupac enregistre un r\u00e9sultat positif en 2025 - ITJ | International Transport Journal\" \/>\n<meta property=\"og:description\" content=\"Le groupe Hupac a r\u00e9alis\u00e9 en 2025 un r\u00e9sultat positif de 3,5 millions CHF, malgr\u00e9 des d\u00e9fis et une baisse par rapport \u00e0 l&#039;ann\u00e9e pr\u00e9c\u00e9dente.\" \/>\n<meta property=\"og:url\" content=\"https:\/\/transportjournal.com\/fr\/2026\/04\/29\/le-groupe-hupac-enregistre-un-resultat-positif-en-2025\/\" \/>\n<meta property=\"og:site_name\" content=\"ITJ | International Transport Journal\" \/>\n<meta property=\"article:published_time\" content=\"2026-04-29T08:16:54+00:00\" \/>\n<meta property=\"article:modified_time\" content=\"2026-04-29T11:04:32+00:00\" \/>\n<meta property=\"og:image\" content=\"https:\/\/transportjournal.com\/wp-content\/uploads\/sites\/2\/2026\/04\/Hupac-photo-2026.jpg\" \/>\n\t<meta property=\"og:image:width\" content=\"1642\" \/>\n\t<meta property=\"og:image:height\" content=\"921\" \/>\n\t<meta property=\"og:image:type\" content=\"image\/jpeg\" \/>\n<meta name=\"author\" content=\"Andreas Haug\" \/>\n<meta name=\"twitter:card\" content=\"summary_large_image\" \/>\n<meta name=\"twitter:label1\" content=\"\u00c9crit par\" \/>\n\t<meta name=\"twitter:data1\" content=\"Andreas Haug\" \/>\n\t<meta name=\"twitter:label2\" content=\"Dur\u00e9e de lecture estim\u00e9e\" \/>\n\t<meta name=\"twitter:data2\" content=\"3 minutes\" \/>\n<script type=\"application\/ld+json\" class=\"yoast-schema-graph\">{\"@context\":\"https:\\\/\\\/schema.org\",\"@graph\":[{\"@type\":\"Article\",\"@id\":\"https:\\\/\\\/transportjournal.com\\\/fr\\\/2026\\\/04\\\/29\\\/le-groupe-hupac-enregistre-un-resultat-positif-en-2025\\\/#article\",\"isPartOf\":{\"@id\":\"https:\\\/\\\/transportjournal.com\\\/fr\\\/2026\\\/04\\\/29\\\/le-groupe-hupac-enregistre-un-resultat-positif-en-2025\\\/\"},\"author\":{\"name\":\"Andreas Haug\",\"@id\":\"https:\\\/\\\/transportjournal.com\\\/fr\\\/#\\\/schema\\\/person\\\/cf538b3157f15afd7589245a4b3dbd25\"},\"headline\":\"Le groupe Hupac enregistre un r\u00e9sultat positif en 2025\",\"datePublished\":\"2026-04-29T08:16:54+00:00\",\"dateModified\":\"2026-04-29T11:04:32+00:00\",\"mainEntityOfPage\":{\"@id\":\"https:\\\/\\\/transportjournal.com\\\/fr\\\/2026\\\/04\\\/29\\\/le-groupe-hupac-enregistre-un-resultat-positif-en-2025\\\/\"},\"wordCount\":673,\"commentCount\":0,\"publisher\":{\"@id\":\"https:\\\/\\\/transportjournal.com\\\/fr\\\/#organization\"},\"image\":{\"@id\":\"https:\\\/\\\/transportjournal.com\\\/fr\\\/2026\\\/04\\\/29\\\/le-groupe-hupac-enregistre-un-resultat-positif-en-2025\\\/#primaryimage\"},\"thumbnailUrl\":\"https:\\\/\\\/transportjournal.com\\\/wp-content\\\/uploads\\\/sites\\\/2\\\/2026\\\/04\\\/Hupac-photo-2026.jpg\",\"keywords\":[\"Alpentransit Herausforderungen\",\"Alpine transit challenges\",\"Cadre politique\",\"Cha\u00eene intermodale\",\"combined transport\",\"D\u00e9fis du transit alpin\",\"Deutsch Hupac\",\"Digitalisierung in der Logistik\",\"digitalization in logistics\",\"durabilit\u00e9 dans le transport\",\"EBIT margin\",\"EBIT-Marge\",\"Eisenbahnverkehrsunternehmen\",\"entreprises ferroviaires\",\"envois routiers\",\"gagner des parts de march\u00e9\",\"gaining market share\",\"Growth opportunities 2026\",\"Hafenbetrieb\",\"infrastructure investments\",\"infrastructure terminale\",\"Infrastrukturinvestitionen\",\"Intermodal chain\",\"intermodale Kette\",\"investissements dans les infrastructures\",\"kombinierter Verkehr\",\"Marge EBIT\",\"Marktanteile gewinnen\",\"Nachhaltigkeit im Verkehr\",\"num\u00e9risation dans la logistique\",\"op\u00e9rations portuaires\",\"Opportunit\u00e9s de croissance 2026\",\"political framework conditions\",\"politische Rahmenbedingungen\",\"port operations\",\"rail freight transport\",\"railway companies\",\"Road consignments Fran\u00e7ais Hupac\",\"Schieneng\u00fcterverkehr\",\"Shift trend\",\"Strassensendungen English Hupac\",\"strat\u00e9gies de transport\",\"sustainability in transport\",\"Tendance de d\u00e9placement\",\"terminal infrastructure\",\"Terminalinfrastruktur\",\"Trafic transalpin Suisse\",\"Transalpine traffic Switzerland\",\"transalpiner Verkehr Schweiz\",\"transport combin\u00e9\",\"transport ferroviaire de marchandises\",\"Transport strategies\",\"Transport volumes 2025\",\"Transportstrategien\",\"Transportvolumen 2025\",\"Verlagerungstrend\",\"Volumes de transport 2025\",\"Wachstumsm\u00f6glichkeiten 2026\"],\"articleSection\":[\"Deutschland\",\"Intermodal \\\/ Route\",\"L'Europe\",\"Schweiz\"],\"inLanguage\":\"fr-FR\",\"potentialAction\":[{\"@type\":\"CommentAction\",\"name\":\"Comment\",\"target\":[\"https:\\\/\\\/transportjournal.com\\\/fr\\\/2026\\\/04\\\/29\\\/le-groupe-hupac-enregistre-un-resultat-positif-en-2025\\\/#respond\"]}]},{\"@type\":\"WebPage\",\"@id\":\"https:\\\/\\\/transportjournal.com\\\/fr\\\/2026\\\/04\\\/29\\\/le-groupe-hupac-enregistre-un-resultat-positif-en-2025\\\/\",\"url\":\"https:\\\/\\\/transportjournal.com\\\/fr\\\/2026\\\/04\\\/29\\\/le-groupe-hupac-enregistre-un-resultat-positif-en-2025\\\/\",\"name\":\"Le groupe Hupac enregistre un r\u00e9sultat positif en 2025 - ITJ | International Transport Journal\",\"isPartOf\":{\"@id\":\"https:\\\/\\\/transportjournal.com\\\/fr\\\/#website\"},\"primaryImageOfPage\":{\"@id\":\"https:\\\/\\\/transportjournal.com\\\/fr\\\/2026\\\/04\\\/29\\\/le-groupe-hupac-enregistre-un-resultat-positif-en-2025\\\/#primaryimage\"},\"image\":{\"@id\":\"https:\\\/\\\/transportjournal.com\\\/fr\\\/2026\\\/04\\\/29\\\/le-groupe-hupac-enregistre-un-resultat-positif-en-2025\\\/#primaryimage\"},\"thumbnailUrl\":\"https:\\\/\\\/transportjournal.com\\\/wp-content\\\/uploads\\\/sites\\\/2\\\/2026\\\/04\\\/Hupac-photo-2026.jpg\",\"datePublished\":\"2026-04-29T08:16:54+00:00\",\"dateModified\":\"2026-04-29T11:04:32+00:00\",\"breadcrumb\":{\"@id\":\"https:\\\/\\\/transportjournal.com\\\/fr\\\/2026\\\/04\\\/29\\\/le-groupe-hupac-enregistre-un-resultat-positif-en-2025\\\/#breadcrumb\"},\"inLanguage\":\"fr-FR\",\"potentialAction\":[{\"@type\":\"ReadAction\",\"target\":[\"https:\\\/\\\/transportjournal.com\\\/fr\\\/2026\\\/04\\\/29\\\/le-groupe-hupac-enregistre-un-resultat-positif-en-2025\\\/\"]}]},{\"@type\":\"ImageObject\",\"inLanguage\":\"fr-FR\",\"@id\":\"https:\\\/\\\/transportjournal.com\\\/fr\\\/2026\\\/04\\\/29\\\/le-groupe-hupac-enregistre-un-resultat-positif-en-2025\\\/#primaryimage\",\"url\":\"https:\\\/\\\/transportjournal.com\\\/wp-content\\\/uploads\\\/sites\\\/2\\\/2026\\\/04\\\/Hupac-photo-2026.jpg\",\"contentUrl\":\"https:\\\/\\\/transportjournal.com\\\/wp-content\\\/uploads\\\/sites\\\/2\\\/2026\\\/04\\\/Hupac-photo-2026.jpg\",\"width\":1642,\"height\":921},{\"@type\":\"BreadcrumbList\",\"@id\":\"https:\\\/\\\/transportjournal.com\\\/fr\\\/2026\\\/04\\\/29\\\/le-groupe-hupac-enregistre-un-resultat-positif-en-2025\\\/#breadcrumb\",\"itemListElement\":[{\"@type\":\"ListItem\",\"position\":1,\"name\":\"Startseite\",\"item\":\"https:\\\/\\\/transportjournal.com\\\/fr\\\/\"},{\"@type\":\"ListItem\",\"position\":2,\"name\":\"Le groupe Hupac enregistre un r\u00e9sultat positif en 2025\"}]},{\"@type\":\"WebSite\",\"@id\":\"https:\\\/\\\/transportjournal.com\\\/fr\\\/#website\",\"url\":\"https:\\\/\\\/transportjournal.com\\\/fr\\\/\",\"name\":\"ITJ | International Transport Journal\",\"description\":\"Restez inform\u00e9 des derni\u00e8res nouvelles mondiales dans les secteurs du transport, de la logistique et de la cha\u00eene d'approvisionnement. Transport Journal fournit des informations d'experts, des analyses et des mises \u00e0 jour sur le transport maritime, l'aviation, l'intermodalit\u00e9 et l'exp\u00e9dition. \",\"publisher\":{\"@id\":\"https:\\\/\\\/transportjournal.com\\\/fr\\\/#organization\"},\"potentialAction\":[{\"@type\":\"SearchAction\",\"target\":{\"@type\":\"EntryPoint\",\"urlTemplate\":\"https:\\\/\\\/transportjournal.com\\\/fr\\\/?s={search_term_string}\"},\"query-input\":{\"@type\":\"PropertyValueSpecification\",\"valueRequired\":true,\"valueName\":\"search_term_string\"}}],\"inLanguage\":\"fr-FR\"},{\"@type\":\"Organization\",\"@id\":\"https:\\\/\\\/transportjournal.com\\\/fr\\\/#organization\",\"name\":\"Groupe Logismedia AG\",\"alternateName\":\"Logismedia Group AG\",\"url\":\"https:\\\/\\\/transportjournal.com\\\/fr\\\/\",\"logo\":{\"@type\":\"ImageObject\",\"inLanguage\":\"fr-FR\",\"@id\":\"https:\\\/\\\/transportjournal.com\\\/fr\\\/#\\\/schema\\\/logo\\\/image\\\/\",\"url\":\"https:\\\/\\\/transportjournal.com\\\/wp-content\\\/uploads\\\/sites\\\/2\\\/2025\\\/09\\\/Logo_ITJ.png\",\"contentUrl\":\"https:\\\/\\\/transportjournal.com\\\/wp-content\\\/uploads\\\/sites\\\/2\\\/2025\\\/09\\\/Logo_ITJ.png\",\"width\":799,\"height\":326,\"caption\":\"Groupe Logismedia AG\"},\"image\":{\"@id\":\"https:\\\/\\\/transportjournal.com\\\/fr\\\/#\\\/schema\\\/logo\\\/image\\\/\"},\"sameAs\":[\"https:\\\/\\\/www.linkedin.com\\\/company\\\/56456496\\\/admin\\\/dashboard\\\/\",\"https:\\\/\\\/www.instagram.com\\\/logismediagroup\\\/\",\"https:\\\/\\\/www.youtube.com\\\/@LogiamediaGroupAG\"]},{\"@type\":\"Person\",\"@id\":\"https:\\\/\\\/transportjournal.com\\\/fr\\\/#\\\/schema\\\/person\\\/cf538b3157f15afd7589245a4b3dbd25\",\"name\":\"Andreas Haug\",\"url\":\"https:\\\/\\\/transportjournal.com\\\/fr\\\/author\\\/andreas\\\/\"}]}<\/script>\n<!-- \/ Yoast SEO plugin. -->","yoast_head_json":{"title":"Le groupe Hupac enregistre un r\u00e9sultat positif en 2025 - ITJ | International Transport Journal","robots":{"index":"index","follow":"follow","max-snippet":"max-snippet:-1","max-image-preview":"max-image-preview:large","max-video-preview":"max-video-preview:-1"},"canonical":"https:\/\/transportjournal.com\/fr\/2026\/04\/29\/le-groupe-hupac-enregistre-un-resultat-positif-en-2025\/","og_locale":"fr_FR","og_type":"article","og_title":"Le groupe Hupac enregistre un r\u00e9sultat positif en 2025 - ITJ | International Transport Journal","og_description":"Le groupe Hupac a r\u00e9alis\u00e9 en 2025 un r\u00e9sultat positif de 3,5 millions CHF, malgr\u00e9 des d\u00e9fis et une baisse par rapport \u00e0 l'ann\u00e9e pr\u00e9c\u00e9dente.","og_url":"https:\/\/transportjournal.com\/fr\/2026\/04\/29\/le-groupe-hupac-enregistre-un-resultat-positif-en-2025\/","og_site_name":"ITJ | International Transport Journal","article_published_time":"2026-04-29T08:16:54+00:00","article_modified_time":"2026-04-29T11:04:32+00:00","og_image":[{"width":1642,"height":921,"url":"https:\/\/transportjournal.com\/wp-content\/uploads\/sites\/2\/2026\/04\/Hupac-photo-2026.jpg","type":"image\/jpeg"}],"author":"Andreas Haug","twitter_card":"summary_large_image","twitter_misc":{"\u00c9crit par":"Andreas Haug","Dur\u00e9e de lecture estim\u00e9e":"3 minutes"},"schema":{"@context":"https:\/\/schema.org","@graph":[{"@type":"Article","@id":"https:\/\/transportjournal.com\/fr\/2026\/04\/29\/le-groupe-hupac-enregistre-un-resultat-positif-en-2025\/#article","isPartOf":{"@id":"https:\/\/transportjournal.com\/fr\/2026\/04\/29\/le-groupe-hupac-enregistre-un-resultat-positif-en-2025\/"},"author":{"name":"Andreas Haug","@id":"https:\/\/transportjournal.com\/fr\/#\/schema\/person\/cf538b3157f15afd7589245a4b3dbd25"},"headline":"Le groupe Hupac enregistre un r\u00e9sultat positif en 2025","datePublished":"2026-04-29T08:16:54+00:00","dateModified":"2026-04-29T11:04:32+00:00","mainEntityOfPage":{"@id":"https:\/\/transportjournal.com\/fr\/2026\/04\/29\/le-groupe-hupac-enregistre-un-resultat-positif-en-2025\/"},"wordCount":673,"commentCount":0,"publisher":{"@id":"https:\/\/transportjournal.com\/fr\/#organization"},"image":{"@id":"https:\/\/transportjournal.com\/fr\/2026\/04\/29\/le-groupe-hupac-enregistre-un-resultat-positif-en-2025\/#primaryimage"},"thumbnailUrl":"https:\/\/transportjournal.com\/wp-content\/uploads\/sites\/2\/2026\/04\/Hupac-photo-2026.jpg","keywords":["Alpentransit Herausforderungen","Alpine transit challenges","Cadre politique","Cha\u00eene intermodale","combined transport","D\u00e9fis du transit alpin","Deutsch Hupac","Digitalisierung in der Logistik","digitalization in logistics","durabilit\u00e9 dans le transport","EBIT margin","EBIT-Marge","Eisenbahnverkehrsunternehmen","entreprises ferroviaires","envois routiers","gagner des parts de march\u00e9","gaining market share","Growth opportunities 2026","Hafenbetrieb","infrastructure investments","infrastructure terminale","Infrastrukturinvestitionen","Intermodal chain","intermodale Kette","investissements dans les infrastructures","kombinierter Verkehr","Marge EBIT","Marktanteile gewinnen","Nachhaltigkeit im Verkehr","num\u00e9risation dans la logistique","op\u00e9rations portuaires","Opportunit\u00e9s de croissance 2026","political framework conditions","politische Rahmenbedingungen","port operations","rail freight transport","railway companies","Road consignments Fran\u00e7ais Hupac","Schieneng\u00fcterverkehr","Shift trend","Strassensendungen English Hupac","strat\u00e9gies de transport","sustainability in transport","Tendance de d\u00e9placement","terminal infrastructure","Terminalinfrastruktur","Trafic transalpin Suisse","Transalpine traffic Switzerland","transalpiner Verkehr Schweiz","transport combin\u00e9","transport ferroviaire de marchandises","Transport strategies","Transport volumes 2025","Transportstrategien","Transportvolumen 2025","Verlagerungstrend","Volumes de transport 2025","Wachstumsm\u00f6glichkeiten 2026"],"articleSection":["Deutschland","Intermodal \/ Route","L'Europe","Schweiz"],"inLanguage":"fr-FR","potentialAction":[{"@type":"CommentAction","name":"Comment","target":["https:\/\/transportjournal.com\/fr\/2026\/04\/29\/le-groupe-hupac-enregistre-un-resultat-positif-en-2025\/#respond"]}]},{"@type":"WebPage","@id":"https:\/\/transportjournal.com\/fr\/2026\/04\/29\/le-groupe-hupac-enregistre-un-resultat-positif-en-2025\/","url":"https:\/\/transportjournal.com\/fr\/2026\/04\/29\/le-groupe-hupac-enregistre-un-resultat-positif-en-2025\/","name":"Le groupe Hupac enregistre un r\u00e9sultat positif en 2025 - ITJ | International Transport Journal","isPartOf":{"@id":"https:\/\/transportjournal.com\/fr\/#website"},"primaryImageOfPage":{"@id":"https:\/\/transportjournal.com\/fr\/2026\/04\/29\/le-groupe-hupac-enregistre-un-resultat-positif-en-2025\/#primaryimage"},"image":{"@id":"https:\/\/transportjournal.com\/fr\/2026\/04\/29\/le-groupe-hupac-enregistre-un-resultat-positif-en-2025\/#primaryimage"},"thumbnailUrl":"https:\/\/transportjournal.com\/wp-content\/uploads\/sites\/2\/2026\/04\/Hupac-photo-2026.jpg","datePublished":"2026-04-29T08:16:54+00:00","dateModified":"2026-04-29T11:04:32+00:00","breadcrumb":{"@id":"https:\/\/transportjournal.com\/fr\/2026\/04\/29\/le-groupe-hupac-enregistre-un-resultat-positif-en-2025\/#breadcrumb"},"inLanguage":"fr-FR","potentialAction":[{"@type":"ReadAction","target":["https:\/\/transportjournal.com\/fr\/2026\/04\/29\/le-groupe-hupac-enregistre-un-resultat-positif-en-2025\/"]}]},{"@type":"ImageObject","inLanguage":"fr-FR","@id":"https:\/\/transportjournal.com\/fr\/2026\/04\/29\/le-groupe-hupac-enregistre-un-resultat-positif-en-2025\/#primaryimage","url":"https:\/\/transportjournal.com\/wp-content\/uploads\/sites\/2\/2026\/04\/Hupac-photo-2026.jpg","contentUrl":"https:\/\/transportjournal.com\/wp-content\/uploads\/sites\/2\/2026\/04\/Hupac-photo-2026.jpg","width":1642,"height":921},{"@type":"BreadcrumbList","@id":"https:\/\/transportjournal.com\/fr\/2026\/04\/29\/le-groupe-hupac-enregistre-un-resultat-positif-en-2025\/#breadcrumb","itemListElement":[{"@type":"ListItem","position":1,"name":"Startseite","item":"https:\/\/transportjournal.com\/fr\/"},{"@type":"ListItem","position":2,"name":"Le groupe Hupac enregistre un r\u00e9sultat positif en 2025"}]},{"@type":"WebSite","@id":"https:\/\/transportjournal.com\/fr\/#website","url":"https:\/\/transportjournal.com\/fr\/","name":"ITJ | International Transport Journal","description":"Restez inform\u00e9 des derni\u00e8res nouvelles mondiales dans les secteurs du transport, de la logistique et de la cha\u00eene d'approvisionnement. Transport Journal fournit des informations d'experts, des analyses et des mises \u00e0 jour sur le transport maritime, l'aviation, l'intermodalit\u00e9 et l'exp\u00e9dition. ","publisher":{"@id":"https:\/\/transportjournal.com\/fr\/#organization"},"potentialAction":[{"@type":"SearchAction","target":{"@type":"EntryPoint","urlTemplate":"https:\/\/transportjournal.com\/fr\/?s={search_term_string}"},"query-input":{"@type":"PropertyValueSpecification","valueRequired":true,"valueName":"search_term_string"}}],"inLanguage":"fr-FR"},{"@type":"Organization","@id":"https:\/\/transportjournal.com\/fr\/#organization","name":"Groupe Logismedia AG","alternateName":"Logismedia Group AG","url":"https:\/\/transportjournal.com\/fr\/","logo":{"@type":"ImageObject","inLanguage":"fr-FR","@id":"https:\/\/transportjournal.com\/fr\/#\/schema\/logo\/image\/","url":"https:\/\/transportjournal.com\/wp-content\/uploads\/sites\/2\/2025\/09\/Logo_ITJ.png","contentUrl":"https:\/\/transportjournal.com\/wp-content\/uploads\/sites\/2\/2025\/09\/Logo_ITJ.png","width":799,"height":326,"caption":"Groupe Logismedia AG"},"image":{"@id":"https:\/\/transportjournal.com\/fr\/#\/schema\/logo\/image\/"},"sameAs":["https:\/\/www.linkedin.com\/company\/56456496\/admin\/dashboard\/","https:\/\/www.instagram.com\/logismediagroup\/","https:\/\/www.youtube.com\/@LogiamediaGroupAG"]},{"@type":"Person","@id":"https:\/\/transportjournal.com\/fr\/#\/schema\/person\/cf538b3157f15afd7589245a4b3dbd25","name":"Andreas Haug","url":"https:\/\/transportjournal.com\/fr\/author\/andreas\/"}]}},"_links":{"self":[{"href":"https:\/\/transportjournal.com\/fr\/wp-json\/wp\/v2\/posts\/87206","targetHints":{"allow":["GET"]}}],"collection":[{"href":"https:\/\/transportjournal.com\/fr\/wp-json\/wp\/v2\/posts"}],"about":[{"href":"https:\/\/transportjournal.com\/fr\/wp-json\/wp\/v2\/types\/post"}],"author":[{"embeddable":true,"href":"https:\/\/transportjournal.com\/fr\/wp-json\/wp\/v2\/users\/12"}],"replies":[{"embeddable":true,"href":"https:\/\/transportjournal.com\/fr\/wp-json\/wp\/v2\/comments?post=87206"}],"version-history":[{"count":3,"href":"https:\/\/transportjournal.com\/fr\/wp-json\/wp\/v2\/posts\/87206\/revisions"}],"predecessor-version":[{"id":87294,"href":"https:\/\/transportjournal.com\/fr\/wp-json\/wp\/v2\/posts\/87206\/revisions\/87294"}],"wp:featuredmedia":[{"embeddable":true,"href":"https:\/\/transportjournal.com\/fr\/wp-json\/wp\/v2\/media\/87204"}],"wp:attachment":[{"href":"https:\/\/transportjournal.com\/fr\/wp-json\/wp\/v2\/media?parent=87206"}],"wp:term":[{"taxonomy":"category","embeddable":true,"href":"https:\/\/transportjournal.com\/fr\/wp-json\/wp\/v2\/categories?post=87206"},{"taxonomy":"post_tag","embeddable":true,"href":"https:\/\/transportjournal.com\/fr\/wp-json\/wp\/v2\/tags?post=87206"}],"curies":[{"name":"wp","href":"https:\/\/api.w.org\/{rel}","templated":true}]}}