{"id":87190,"date":"2026-04-29T07:22:52","date_gmt":"2026-04-29T07:22:52","guid":{"rendered":"https:\/\/transportjournal.com\/2026\/04\/29\/cargobeamer-prend-en-charge-le-terminal-de-kaldenkirchen\/"},"modified":"2026-04-29T07:22:52","modified_gmt":"2026-04-29T07:22:52","slug":"cargobeamer-prend-en-charge-le-terminal-de-kaldenkirchen","status":"publish","type":"post","link":"https:\/\/transportjournal.com\/fr\/2026\/04\/29\/cargobeamer-prend-en-charge-le-terminal-de-kaldenkirchen\/","title":{"rendered":"CargoBeamer prend en charge le terminal de Kaldenkirchen"},"content":{"rendered":"<p>CargoBeamer a repris l&#8217;exploitation du terminal existant \u00e0 Kaldenkirchen. L&#8217;entreprise est d\u00e9sormais responsable de l&#8217;exploitation du site, qui \u00e9tait auparavant g\u00e9r\u00e9 par un autre op\u00e9rateur. Parall\u00e8lement aux op\u00e9rations en cours, des travaux d&#8217;extension du site sont en cours, visant \u00e0 cr\u00e9er le premier terminal CargoBeamer en Allemagne. La mise en service de la premi\u00e8re phase de cette extension est pr\u00e9vue pour d\u00e9but 2027, selon l&#8217;entreprise.<\/p>\n<p>L&#8217;entreprise propose d\u00e9j\u00e0 depuis plusieurs ann\u00e9es un service intermodal entre Kaldenkirchen et Domodossola. Ce service permet l&#8217;utilisation de remorques non levables sur rail. Avec actuellement 20 allers-retours hebdomadaires, ce service est, selon les informations de l&#8217;entreprise, l&#8217;un des plus utilis\u00e9s dans le secteur intermodal en Europe. Sur le site de Kaldenkirchen, les remorques sont trait\u00e9es \u00e0 l&#8217;aide d&#8217;appareils Reachstacker.<\/p>\n<h3>Innovations technologiques et extension de capacit\u00e9<\/h3>\n<p>L&#8217;introduction de la technologie CargoBeamer doit permettre une manipulation enti\u00e8rement automatique et horizontale de tous types de remorques. Ce changement technologique devrait doubler la capacit\u00e9 annuelle du terminal \u00e0 partir de 2027, atteignant environ 140 000 unit\u00e9s de chargement. Une fois les deux phases d&#8217;extension termin\u00e9es, la capacit\u00e9 du terminal devrait, selon CargoBeamer, d\u00e9passer 200 000 unit\u00e9s de chargement par an, ce qui repr\u00e9sente plus de trois fois la capacit\u00e9 avant l&#8217;expansion.<\/p>\n<p><a href=\"https:\/\/www.cargobeamer.com\/\" target=\"_blank\" rel=\"noopener noreferrer\">www.cargobeamer.com<\/a><\/p>\n","protected":false},"excerpt":{"rendered":"<p>CargoBeamer a pris en charge l&rsquo;exploitation du terminal \u00e0 Kaldenkirchen et pr\u00e9voit une extension de capacit\u00e9 \u00e0 plus de 140 000 unit\u00e9s de chargement par an d&rsquo;ici 2027.<\/p>\n","protected":false},"author":10,"featured_media":87188,"comment_status":"open","ping_status":"","sticky":false,"template":"","format":"standard","meta":{"_acf_changed":false,"footnotes":""},"categories":[9092,1580,1587],"tags":[43211,43212,43213,43214,43215,43216,43217,43218,2498,3353,3354,2309,43219,43220,2122,7036,9047,43221,11117,43222,43223,3100,8365,43224,43225,43226,2373,43227,43228,6568,6569,3725,3379,43229,9055,43230,2145,9057,18088,7047,43231,43232,43233,43234,43235,7048,43236,43237,3121,3735,43238,43239,43240,43241,43242,43243,43244],"class_list":["post-87190","post","type-post","status-publish","format-standard","has-post-thumbnail","hentry","category-deutschland","category-intermodal-route","category-leurope","tag-activite-terminal-cargobeamer","tag-bauarbeiten-terminal-kaldenkirchen","tag-capacite-unites-de-chargement","tag-cargobeamer-technology","tag-cargobeamer-terminal-business","tag-cargobeamer-terminalgeschaeft","tag-cargobeamer-technologie","tag-construction-works-kaldenkirchen-terminal","tag-deutsch-cargobeamer","tag-digitalisierung-logistik","tag-digitalization-logistics","tag-durabilite-dans-le-transport","tag-equipements-reachstacker","tag-expansion-de-capacite-terminal","tag-fachkraeftemangel-logistik","tag-fret-ferroviaire-europe","tag-hafenbetrieb-deutschland","tag-industrie-du-transport-intermodal","tag-infrastructure-terminale","tag-intermodal-service","tag-intermodal-transport-industry","tag-intermodal-transport-solutions","tag-intermodale-transporte","tag-intermodaler-service","tag-kaldenkirchen-terminal","tag-kapazitaetserweiterung-terminal","tag-labor-shortage-logistics","tag-ladeeinheiten-kapazitaet","tag-loading-units-capacity","tag-logistics-service-providers-europe","tag-logistikdienstleister-europa","tag-nachhaltigkeit-im-transport","tag-numerisation-logistique","tag-operational-responsibility-terminal","tag-operations-portuaires-allemagne","tag-operative-verantwortung-terminal","tag-penurie-de-main-doeuvre-logistique","tag-port-operations-germany","tag-prestataires-logistiques-europe","tag-rail-freight-europe","tag-reachstacker-equipment","tag-reachstacker-geraete","tag-remorques-sur-rail","tag-responsabilite-operationnelle-terminal","tag-sattelauflieger-schienen","tag-schienengueterverkehr-europa","tag-semi-trailers-rail","tag-service-intermodal","tag-solutions-de-transport-intermodal","tag-sustainability-in-transport","tag-technologie-cargobeamer","tag-terminal-capacity-expansion","tag-terminal-infrastructure-francais-cargobeamer","tag-terminal-kaldenkirchen","tag-terminalinfrastruktur-english-cargobeamer","tag-transportwirtschaft-intermodal","tag-travaux-de-construction-terminal-kaldenkirchen"],"acf":[],"yoast_head":"<!-- This site is optimized with the Yoast SEO plugin v27.3 - https:\/\/yoast.com\/product\/yoast-seo-wordpress\/ -->\n<title>CargoBeamer prend en charge le terminal de Kaldenkirchen - ITJ | International Transport Journal<\/title>\n<meta name=\"robots\" content=\"index, follow, max-snippet:-1, max-image-preview:large, max-video-preview:-1\" \/>\n<link rel=\"canonical\" href=\"https:\/\/transportjournal.com\/fr\/2026\/04\/29\/cargobeamer-prend-en-charge-le-terminal-de-kaldenkirchen\/\" \/>\n<meta property=\"og:locale\" content=\"fr_FR\" \/>\n<meta property=\"og:type\" content=\"article\" \/>\n<meta property=\"og:title\" content=\"CargoBeamer prend en charge le terminal de Kaldenkirchen - ITJ | International Transport Journal\" \/>\n<meta property=\"og:description\" content=\"CargoBeamer a pris en charge l&#039;exploitation du terminal \u00e0 Kaldenkirchen et pr\u00e9voit une extension de capacit\u00e9 \u00e0 plus de 140 000 unit\u00e9s de chargement par an d&#039;ici 2027.\" \/>\n<meta property=\"og:url\" content=\"https:\/\/transportjournal.com\/fr\/2026\/04\/29\/cargobeamer-prend-en-charge-le-terminal-de-kaldenkirchen\/\" \/>\n<meta property=\"og:site_name\" content=\"ITJ | International Transport Journal\" \/>\n<meta property=\"article:published_time\" content=\"2026-04-29T07:22:52+00:00\" \/>\n<meta property=\"og:image\" content=\"https:\/\/transportjournal.com\/wp-content\/uploads\/sites\/2\/2026\/04\/Kaldenkirchen-Terminal-Construction_Operations_01-1-scaled-aspect-ratio-1400-788-scaled-1.jpg\" \/>\n\t<meta property=\"og:image:width\" content=\"2560\" \/>\n\t<meta property=\"og:image:height\" content=\"1440\" \/>\n\t<meta property=\"og:image:type\" content=\"image\/jpeg\" \/>\n<meta name=\"author\" content=\"Jeremy Soland\" \/>\n<meta name=\"twitter:card\" content=\"summary_large_image\" \/>\n<meta name=\"twitter:label1\" content=\"\u00c9crit par\" \/>\n\t<meta name=\"twitter:data1\" content=\"Jeremy Soland\" \/>\n\t<meta name=\"twitter:label2\" content=\"Dur\u00e9e de lecture estim\u00e9e\" \/>\n\t<meta name=\"twitter:data2\" content=\"1 minute\" \/>\n<script type=\"application\/ld+json\" class=\"yoast-schema-graph\">{\"@context\":\"https:\\\/\\\/schema.org\",\"@graph\":[{\"@type\":\"Article\",\"@id\":\"https:\\\/\\\/transportjournal.com\\\/fr\\\/2026\\\/04\\\/29\\\/cargobeamer-prend-en-charge-le-terminal-de-kaldenkirchen\\\/#article\",\"isPartOf\":{\"@id\":\"https:\\\/\\\/transportjournal.com\\\/fr\\\/2026\\\/04\\\/29\\\/cargobeamer-prend-en-charge-le-terminal-de-kaldenkirchen\\\/\"},\"author\":{\"name\":\"Jeremy Soland\",\"@id\":\"https:\\\/\\\/transportjournal.com\\\/fr\\\/#\\\/schema\\\/person\\\/41d36b5474b623392fa613e97e2363fa\"},\"headline\":\"CargoBeamer prend en charge le terminal de Kaldenkirchen\",\"datePublished\":\"2026-04-29T07:22:52+00:00\",\"mainEntityOfPage\":{\"@id\":\"https:\\\/\\\/transportjournal.com\\\/fr\\\/2026\\\/04\\\/29\\\/cargobeamer-prend-en-charge-le-terminal-de-kaldenkirchen\\\/\"},\"wordCount\":235,\"commentCount\":0,\"publisher\":{\"@id\":\"https:\\\/\\\/transportjournal.com\\\/fr\\\/#organization\"},\"image\":{\"@id\":\"https:\\\/\\\/transportjournal.com\\\/fr\\\/2026\\\/04\\\/29\\\/cargobeamer-prend-en-charge-le-terminal-de-kaldenkirchen\\\/#primaryimage\"},\"thumbnailUrl\":\"https:\\\/\\\/transportjournal.com\\\/wp-content\\\/uploads\\\/sites\\\/2\\\/2026\\\/04\\\/Kaldenkirchen-Terminal-Construction_Operations_01-1-scaled-aspect-ratio-1400-788-scaled-1.jpg\",\"keywords\":[\"activit\u00e9 terminal CargoBeamer\",\"Bauarbeiten Terminal Kaldenkirchen\",\"capacit\u00e9 unit\u00e9s de chargement\",\"CargoBeamer technology\",\"CargoBeamer terminal business\",\"CargoBeamer Terminalgesch\u00e4ft\",\"CargoBeamer-Technologie\",\"construction works Kaldenkirchen terminal\",\"Deutsch CargoBeamer\",\"Digitalisierung Logistik\",\"digitalization logistics\",\"durabilit\u00e9 dans le transport\",\"\u00e9quipements reachstacker\",\"expansion de capacit\u00e9 terminal\",\"Fachkr\u00e4ftemangel Logistik\",\"fret ferroviaire Europe\",\"Hafenbetrieb Deutschland\",\"industrie du transport intermodal\",\"infrastructure terminale\",\"intermodal service\",\"intermodal transport industry\",\"intermodal transport solutions\",\"intermodale Transporte\",\"intermodaler Service\",\"Kaldenkirchen terminal\",\"Kapazit\u00e4tserweiterung Terminal\",\"labor shortage logistics\",\"Ladeeinheiten Kapazit\u00e4t\",\"loading units capacity\",\"logistics service providers Europe\",\"Logistikdienstleister Europa\",\"Nachhaltigkeit im Transport\",\"num\u00e9risation logistique\",\"operational responsibility terminal\",\"op\u00e9rations portuaires Allemagne\",\"operative Verantwortung Terminal\",\"p\u00e9nurie de main-d'\u0153uvre logistique\",\"port operations Germany\",\"prestataires logistiques Europe\",\"rail freight Europe\",\"reachstacker equipment\",\"Reachstacker Ger\u00e4te\",\"remorques sur rail\",\"responsabilit\u00e9 op\u00e9rationnelle terminal\",\"Sattelauflieger Schienen\",\"Schieneng\u00fcterverkehr Europa\",\"semi-trailers rail\",\"service intermodal\",\"solutions de transport intermodal\",\"sustainability in transport\",\"technologie CargoBeamer\",\"terminal capacity expansion\",\"terminal infrastructure Fran\u00e7ais CargoBeamer\",\"Terminal Kaldenkirchen\",\"Terminalinfrastruktur English CargoBeamer\",\"Transportwirtschaft intermodal\",\"travaux de construction terminal Kaldenkirchen\"],\"articleSection\":[\"Deutschland\",\"Intermodal \\\/ Route\",\"L'Europe\"],\"inLanguage\":\"fr-FR\",\"potentialAction\":[{\"@type\":\"CommentAction\",\"name\":\"Comment\",\"target\":[\"https:\\\/\\\/transportjournal.com\\\/fr\\\/2026\\\/04\\\/29\\\/cargobeamer-prend-en-charge-le-terminal-de-kaldenkirchen\\\/#respond\"]}]},{\"@type\":\"WebPage\",\"@id\":\"https:\\\/\\\/transportjournal.com\\\/fr\\\/2026\\\/04\\\/29\\\/cargobeamer-prend-en-charge-le-terminal-de-kaldenkirchen\\\/\",\"url\":\"https:\\\/\\\/transportjournal.com\\\/fr\\\/2026\\\/04\\\/29\\\/cargobeamer-prend-en-charge-le-terminal-de-kaldenkirchen\\\/\",\"name\":\"CargoBeamer prend en charge le terminal de Kaldenkirchen - ITJ | International Transport Journal\",\"isPartOf\":{\"@id\":\"https:\\\/\\\/transportjournal.com\\\/fr\\\/#website\"},\"primaryImageOfPage\":{\"@id\":\"https:\\\/\\\/transportjournal.com\\\/fr\\\/2026\\\/04\\\/29\\\/cargobeamer-prend-en-charge-le-terminal-de-kaldenkirchen\\\/#primaryimage\"},\"image\":{\"@id\":\"https:\\\/\\\/transportjournal.com\\\/fr\\\/2026\\\/04\\\/29\\\/cargobeamer-prend-en-charge-le-terminal-de-kaldenkirchen\\\/#primaryimage\"},\"thumbnailUrl\":\"https:\\\/\\\/transportjournal.com\\\/wp-content\\\/uploads\\\/sites\\\/2\\\/2026\\\/04\\\/Kaldenkirchen-Terminal-Construction_Operations_01-1-scaled-aspect-ratio-1400-788-scaled-1.jpg\",\"datePublished\":\"2026-04-29T07:22:52+00:00\",\"breadcrumb\":{\"@id\":\"https:\\\/\\\/transportjournal.com\\\/fr\\\/2026\\\/04\\\/29\\\/cargobeamer-prend-en-charge-le-terminal-de-kaldenkirchen\\\/#breadcrumb\"},\"inLanguage\":\"fr-FR\",\"potentialAction\":[{\"@type\":\"ReadAction\",\"target\":[\"https:\\\/\\\/transportjournal.com\\\/fr\\\/2026\\\/04\\\/29\\\/cargobeamer-prend-en-charge-le-terminal-de-kaldenkirchen\\\/\"]}]},{\"@type\":\"ImageObject\",\"inLanguage\":\"fr-FR\",\"@id\":\"https:\\\/\\\/transportjournal.com\\\/fr\\\/2026\\\/04\\\/29\\\/cargobeamer-prend-en-charge-le-terminal-de-kaldenkirchen\\\/#primaryimage\",\"url\":\"https:\\\/\\\/transportjournal.com\\\/wp-content\\\/uploads\\\/sites\\\/2\\\/2026\\\/04\\\/Kaldenkirchen-Terminal-Construction_Operations_01-1-scaled-aspect-ratio-1400-788-scaled-1.jpg\",\"contentUrl\":\"https:\\\/\\\/transportjournal.com\\\/wp-content\\\/uploads\\\/sites\\\/2\\\/2026\\\/04\\\/Kaldenkirchen-Terminal-Construction_Operations_01-1-scaled-aspect-ratio-1400-788-scaled-1.jpg\",\"width\":2560,\"height\":1440},{\"@type\":\"BreadcrumbList\",\"@id\":\"https:\\\/\\\/transportjournal.com\\\/fr\\\/2026\\\/04\\\/29\\\/cargobeamer-prend-en-charge-le-terminal-de-kaldenkirchen\\\/#breadcrumb\",\"itemListElement\":[{\"@type\":\"ListItem\",\"position\":1,\"name\":\"Startseite\",\"item\":\"https:\\\/\\\/transportjournal.com\\\/fr\\\/\"},{\"@type\":\"ListItem\",\"position\":2,\"name\":\"CargoBeamer prend en charge le terminal de Kaldenkirchen\"}]},{\"@type\":\"WebSite\",\"@id\":\"https:\\\/\\\/transportjournal.com\\\/fr\\\/#website\",\"url\":\"https:\\\/\\\/transportjournal.com\\\/fr\\\/\",\"name\":\"ITJ | International Transport Journal\",\"description\":\"Restez inform\u00e9 des derni\u00e8res nouvelles mondiales dans les secteurs du transport, de la logistique et de la cha\u00eene d'approvisionnement. Transport Journal fournit des informations d'experts, des analyses et des mises \u00e0 jour sur le transport maritime, l'aviation, l'intermodalit\u00e9 et l'exp\u00e9dition. \",\"publisher\":{\"@id\":\"https:\\\/\\\/transportjournal.com\\\/fr\\\/#organization\"},\"potentialAction\":[{\"@type\":\"SearchAction\",\"target\":{\"@type\":\"EntryPoint\",\"urlTemplate\":\"https:\\\/\\\/transportjournal.com\\\/fr\\\/?s={search_term_string}\"},\"query-input\":{\"@type\":\"PropertyValueSpecification\",\"valueRequired\":true,\"valueName\":\"search_term_string\"}}],\"inLanguage\":\"fr-FR\"},{\"@type\":\"Organization\",\"@id\":\"https:\\\/\\\/transportjournal.com\\\/fr\\\/#organization\",\"name\":\"Groupe Logismedia AG\",\"alternateName\":\"Logismedia Group AG\",\"url\":\"https:\\\/\\\/transportjournal.com\\\/fr\\\/\",\"logo\":{\"@type\":\"ImageObject\",\"inLanguage\":\"fr-FR\",\"@id\":\"https:\\\/\\\/transportjournal.com\\\/fr\\\/#\\\/schema\\\/logo\\\/image\\\/\",\"url\":\"https:\\\/\\\/transportjournal.com\\\/wp-content\\\/uploads\\\/sites\\\/2\\\/2025\\\/09\\\/Logo_ITJ.png\",\"contentUrl\":\"https:\\\/\\\/transportjournal.com\\\/wp-content\\\/uploads\\\/sites\\\/2\\\/2025\\\/09\\\/Logo_ITJ.png\",\"width\":799,\"height\":326,\"caption\":\"Groupe Logismedia AG\"},\"image\":{\"@id\":\"https:\\\/\\\/transportjournal.com\\\/fr\\\/#\\\/schema\\\/logo\\\/image\\\/\"},\"sameAs\":[\"https:\\\/\\\/www.linkedin.com\\\/company\\\/56456496\\\/admin\\\/dashboard\\\/\",\"https:\\\/\\\/www.instagram.com\\\/logismediagroup\\\/\",\"https:\\\/\\\/www.youtube.com\\\/@LogiamediaGroupAG\"]},{\"@type\":\"Person\",\"@id\":\"https:\\\/\\\/transportjournal.com\\\/fr\\\/#\\\/schema\\\/person\\\/41d36b5474b623392fa613e97e2363fa\",\"name\":\"Jeremy Soland\",\"url\":\"https:\\\/\\\/transportjournal.com\\\/fr\\\/author\\\/jeremy\\\/\"}]}<\/script>\n<!-- \/ Yoast SEO plugin. -->","yoast_head_json":{"title":"CargoBeamer prend en charge le terminal de Kaldenkirchen - ITJ | International Transport Journal","robots":{"index":"index","follow":"follow","max-snippet":"max-snippet:-1","max-image-preview":"max-image-preview:large","max-video-preview":"max-video-preview:-1"},"canonical":"https:\/\/transportjournal.com\/fr\/2026\/04\/29\/cargobeamer-prend-en-charge-le-terminal-de-kaldenkirchen\/","og_locale":"fr_FR","og_type":"article","og_title":"CargoBeamer prend en charge le terminal de Kaldenkirchen - ITJ | International Transport Journal","og_description":"CargoBeamer a pris en charge l'exploitation du terminal \u00e0 Kaldenkirchen et pr\u00e9voit une extension de capacit\u00e9 \u00e0 plus de 140 000 unit\u00e9s de chargement par an d'ici 2027.","og_url":"https:\/\/transportjournal.com\/fr\/2026\/04\/29\/cargobeamer-prend-en-charge-le-terminal-de-kaldenkirchen\/","og_site_name":"ITJ | International Transport Journal","article_published_time":"2026-04-29T07:22:52+00:00","og_image":[{"width":2560,"height":1440,"url":"https:\/\/transportjournal.com\/wp-content\/uploads\/sites\/2\/2026\/04\/Kaldenkirchen-Terminal-Construction_Operations_01-1-scaled-aspect-ratio-1400-788-scaled-1.jpg","type":"image\/jpeg"}],"author":"Jeremy Soland","twitter_card":"summary_large_image","twitter_misc":{"\u00c9crit par":"Jeremy Soland","Dur\u00e9e de lecture estim\u00e9e":"1 minute"},"schema":{"@context":"https:\/\/schema.org","@graph":[{"@type":"Article","@id":"https:\/\/transportjournal.com\/fr\/2026\/04\/29\/cargobeamer-prend-en-charge-le-terminal-de-kaldenkirchen\/#article","isPartOf":{"@id":"https:\/\/transportjournal.com\/fr\/2026\/04\/29\/cargobeamer-prend-en-charge-le-terminal-de-kaldenkirchen\/"},"author":{"name":"Jeremy Soland","@id":"https:\/\/transportjournal.com\/fr\/#\/schema\/person\/41d36b5474b623392fa613e97e2363fa"},"headline":"CargoBeamer prend en charge le terminal de Kaldenkirchen","datePublished":"2026-04-29T07:22:52+00:00","mainEntityOfPage":{"@id":"https:\/\/transportjournal.com\/fr\/2026\/04\/29\/cargobeamer-prend-en-charge-le-terminal-de-kaldenkirchen\/"},"wordCount":235,"commentCount":0,"publisher":{"@id":"https:\/\/transportjournal.com\/fr\/#organization"},"image":{"@id":"https:\/\/transportjournal.com\/fr\/2026\/04\/29\/cargobeamer-prend-en-charge-le-terminal-de-kaldenkirchen\/#primaryimage"},"thumbnailUrl":"https:\/\/transportjournal.com\/wp-content\/uploads\/sites\/2\/2026\/04\/Kaldenkirchen-Terminal-Construction_Operations_01-1-scaled-aspect-ratio-1400-788-scaled-1.jpg","keywords":["activit\u00e9 terminal CargoBeamer","Bauarbeiten Terminal Kaldenkirchen","capacit\u00e9 unit\u00e9s de chargement","CargoBeamer technology","CargoBeamer terminal business","CargoBeamer Terminalgesch\u00e4ft","CargoBeamer-Technologie","construction works Kaldenkirchen terminal","Deutsch CargoBeamer","Digitalisierung Logistik","digitalization logistics","durabilit\u00e9 dans le transport","\u00e9quipements reachstacker","expansion de capacit\u00e9 terminal","Fachkr\u00e4ftemangel Logistik","fret ferroviaire Europe","Hafenbetrieb Deutschland","industrie du transport intermodal","infrastructure terminale","intermodal service","intermodal transport industry","intermodal transport solutions","intermodale Transporte","intermodaler Service","Kaldenkirchen terminal","Kapazit\u00e4tserweiterung Terminal","labor shortage logistics","Ladeeinheiten Kapazit\u00e4t","loading units capacity","logistics service providers Europe","Logistikdienstleister Europa","Nachhaltigkeit im Transport","num\u00e9risation logistique","operational responsibility terminal","op\u00e9rations portuaires Allemagne","operative Verantwortung Terminal","p\u00e9nurie de main-d'\u0153uvre logistique","port operations Germany","prestataires logistiques Europe","rail freight Europe","reachstacker equipment","Reachstacker Ger\u00e4te","remorques sur rail","responsabilit\u00e9 op\u00e9rationnelle terminal","Sattelauflieger Schienen","Schieneng\u00fcterverkehr Europa","semi-trailers rail","service intermodal","solutions de transport intermodal","sustainability in transport","technologie CargoBeamer","terminal capacity expansion","terminal infrastructure Fran\u00e7ais CargoBeamer","Terminal Kaldenkirchen","Terminalinfrastruktur English CargoBeamer","Transportwirtschaft intermodal","travaux de construction terminal Kaldenkirchen"],"articleSection":["Deutschland","Intermodal \/ Route","L'Europe"],"inLanguage":"fr-FR","potentialAction":[{"@type":"CommentAction","name":"Comment","target":["https:\/\/transportjournal.com\/fr\/2026\/04\/29\/cargobeamer-prend-en-charge-le-terminal-de-kaldenkirchen\/#respond"]}]},{"@type":"WebPage","@id":"https:\/\/transportjournal.com\/fr\/2026\/04\/29\/cargobeamer-prend-en-charge-le-terminal-de-kaldenkirchen\/","url":"https:\/\/transportjournal.com\/fr\/2026\/04\/29\/cargobeamer-prend-en-charge-le-terminal-de-kaldenkirchen\/","name":"CargoBeamer prend en charge le terminal de Kaldenkirchen - ITJ | International Transport Journal","isPartOf":{"@id":"https:\/\/transportjournal.com\/fr\/#website"},"primaryImageOfPage":{"@id":"https:\/\/transportjournal.com\/fr\/2026\/04\/29\/cargobeamer-prend-en-charge-le-terminal-de-kaldenkirchen\/#primaryimage"},"image":{"@id":"https:\/\/transportjournal.com\/fr\/2026\/04\/29\/cargobeamer-prend-en-charge-le-terminal-de-kaldenkirchen\/#primaryimage"},"thumbnailUrl":"https:\/\/transportjournal.com\/wp-content\/uploads\/sites\/2\/2026\/04\/Kaldenkirchen-Terminal-Construction_Operations_01-1-scaled-aspect-ratio-1400-788-scaled-1.jpg","datePublished":"2026-04-29T07:22:52+00:00","breadcrumb":{"@id":"https:\/\/transportjournal.com\/fr\/2026\/04\/29\/cargobeamer-prend-en-charge-le-terminal-de-kaldenkirchen\/#breadcrumb"},"inLanguage":"fr-FR","potentialAction":[{"@type":"ReadAction","target":["https:\/\/transportjournal.com\/fr\/2026\/04\/29\/cargobeamer-prend-en-charge-le-terminal-de-kaldenkirchen\/"]}]},{"@type":"ImageObject","inLanguage":"fr-FR","@id":"https:\/\/transportjournal.com\/fr\/2026\/04\/29\/cargobeamer-prend-en-charge-le-terminal-de-kaldenkirchen\/#primaryimage","url":"https:\/\/transportjournal.com\/wp-content\/uploads\/sites\/2\/2026\/04\/Kaldenkirchen-Terminal-Construction_Operations_01-1-scaled-aspect-ratio-1400-788-scaled-1.jpg","contentUrl":"https:\/\/transportjournal.com\/wp-content\/uploads\/sites\/2\/2026\/04\/Kaldenkirchen-Terminal-Construction_Operations_01-1-scaled-aspect-ratio-1400-788-scaled-1.jpg","width":2560,"height":1440},{"@type":"BreadcrumbList","@id":"https:\/\/transportjournal.com\/fr\/2026\/04\/29\/cargobeamer-prend-en-charge-le-terminal-de-kaldenkirchen\/#breadcrumb","itemListElement":[{"@type":"ListItem","position":1,"name":"Startseite","item":"https:\/\/transportjournal.com\/fr\/"},{"@type":"ListItem","position":2,"name":"CargoBeamer prend en charge le terminal de Kaldenkirchen"}]},{"@type":"WebSite","@id":"https:\/\/transportjournal.com\/fr\/#website","url":"https:\/\/transportjournal.com\/fr\/","name":"ITJ | International Transport Journal","description":"Restez inform\u00e9 des derni\u00e8res nouvelles mondiales dans les secteurs du transport, de la logistique et de la cha\u00eene d'approvisionnement. Transport Journal fournit des informations d'experts, des analyses et des mises \u00e0 jour sur le transport maritime, l'aviation, l'intermodalit\u00e9 et l'exp\u00e9dition. ","publisher":{"@id":"https:\/\/transportjournal.com\/fr\/#organization"},"potentialAction":[{"@type":"SearchAction","target":{"@type":"EntryPoint","urlTemplate":"https:\/\/transportjournal.com\/fr\/?s={search_term_string}"},"query-input":{"@type":"PropertyValueSpecification","valueRequired":true,"valueName":"search_term_string"}}],"inLanguage":"fr-FR"},{"@type":"Organization","@id":"https:\/\/transportjournal.com\/fr\/#organization","name":"Groupe Logismedia AG","alternateName":"Logismedia Group AG","url":"https:\/\/transportjournal.com\/fr\/","logo":{"@type":"ImageObject","inLanguage":"fr-FR","@id":"https:\/\/transportjournal.com\/fr\/#\/schema\/logo\/image\/","url":"https:\/\/transportjournal.com\/wp-content\/uploads\/sites\/2\/2025\/09\/Logo_ITJ.png","contentUrl":"https:\/\/transportjournal.com\/wp-content\/uploads\/sites\/2\/2025\/09\/Logo_ITJ.png","width":799,"height":326,"caption":"Groupe Logismedia AG"},"image":{"@id":"https:\/\/transportjournal.com\/fr\/#\/schema\/logo\/image\/"},"sameAs":["https:\/\/www.linkedin.com\/company\/56456496\/admin\/dashboard\/","https:\/\/www.instagram.com\/logismediagroup\/","https:\/\/www.youtube.com\/@LogiamediaGroupAG"]},{"@type":"Person","@id":"https:\/\/transportjournal.com\/fr\/#\/schema\/person\/41d36b5474b623392fa613e97e2363fa","name":"Jeremy Soland","url":"https:\/\/transportjournal.com\/fr\/author\/jeremy\/"}]}},"_links":{"self":[{"href":"https:\/\/transportjournal.com\/fr\/wp-json\/wp\/v2\/posts\/87190","targetHints":{"allow":["GET"]}}],"collection":[{"href":"https:\/\/transportjournal.com\/fr\/wp-json\/wp\/v2\/posts"}],"about":[{"href":"https:\/\/transportjournal.com\/fr\/wp-json\/wp\/v2\/types\/post"}],"author":[{"embeddable":true,"href":"https:\/\/transportjournal.com\/fr\/wp-json\/wp\/v2\/users\/10"}],"replies":[{"embeddable":true,"href":"https:\/\/transportjournal.com\/fr\/wp-json\/wp\/v2\/comments?post=87190"}],"version-history":[{"count":0,"href":"https:\/\/transportjournal.com\/fr\/wp-json\/wp\/v2\/posts\/87190\/revisions"}],"wp:featuredmedia":[{"embeddable":true,"href":"https:\/\/transportjournal.com\/fr\/wp-json\/wp\/v2\/media\/87188"}],"wp:attachment":[{"href":"https:\/\/transportjournal.com\/fr\/wp-json\/wp\/v2\/media?parent=87190"}],"wp:term":[{"taxonomy":"category","embeddable":true,"href":"https:\/\/transportjournal.com\/fr\/wp-json\/wp\/v2\/categories?post=87190"},{"taxonomy":"post_tag","embeddable":true,"href":"https:\/\/transportjournal.com\/fr\/wp-json\/wp\/v2\/tags?post=87190"}],"curies":[{"name":"wp","href":"https:\/\/api.w.org\/{rel}","templated":true}]}}