{"id":87153,"date":"2026-04-29T07:00:24","date_gmt":"2026-04-29T07:00:24","guid":{"rendered":"https:\/\/transportjournal.com\/2026\/04\/29\/inauguration-du-pavillon-china-railway-express\/"},"modified":"2026-04-29T07:00:24","modified_gmt":"2026-04-29T07:00:24","slug":"inauguration-du-pavillon-china-railway-express","status":"publish","type":"post","link":"https:\/\/transportjournal.com\/fr\/2026\/04\/29\/inauguration-du-pavillon-china-railway-express\/","title":{"rendered":"Inauguration du \u00ab\u00a0Pavillon China Railway Express\u00a0\u00bb"},"content":{"rendered":"<p>Transport Logistic Shanghai 2026 inaugurera le nouveau &#8222;China Railway Express Joint Pavilion&#8220; en collaboration avec CRCT. Cette inauguration fait partie d&#8217;une expansion du secteur du transport ferroviaire et constitue un \u00e9l\u00e9ment central de la foire de cette ann\u00e9e, selon les organisateurs. L&#8217;\u00e9v\u00e9nement vise \u00e0 attirer des op\u00e9rateurs ferroviaires et des acteurs de la logistique transfrontali\u00e8re d&#8217;Eurasie et \u00e0 offrir une plateforme pour le transport intermodal ferroviaire ainsi que pour le China Railway Express.<\/p>\n<h3>Importance croissante de la logistique ferroviaire<\/h3>\n<p>Compte tenu des cha\u00eenes d&#8217;approvisionnement mondiales en \u00e9volution, la demande pour un transport transfrontalier r\u00e9silient et durable a augment\u00e9, selon les organisateurs. La logistique ferroviaire s&#8217;est \u00e9tablie comme une alternative fiable au transport maritime et a\u00e9rien. Le China Railway Express, qualifi\u00e9 de &#8222;caravane de chameaux en acier&#8220; moderne, relie 128 villes chinoises \u00e0 232 villes dans 26 pays europ\u00e9ens ainsi qu&#8217;\u00e0 plus de 100 villes dans 11 pays asiatiques. Ce r\u00e9seau ferroviaire s&#8217;est av\u00e9r\u00e9 \u00eatre l&#8217;\u00e9pine dorsale de la connectivit\u00e9 eurasienne.<\/p>\n<p><a href=\"https:\/\/www.transportlogistic-china.com\/\" target=\"_blank\" rel=\"noopener noreferrer\">www.transportlogistic-china.com<\/a><\/p>\n","protected":false},"excerpt":{"rendered":"<p>La Transport Logistic Shanghai 2026 inaugurera le Pavillon Joint China Railway Express et souhaite ainsi souligner l&rsquo;importance de la logistique ferroviaire dans le commerce international.<\/p>\n","protected":false},"author":10,"featured_media":87151,"comment_status":"open","ping_status":"","sticky":false,"template":"","format":"standard","meta":{"_acf_changed":false,"footnotes":""},"categories":[1586,1581,1580],"tags":[43184,43185,43186,43187,12662,43188,43189,2353,43190,3739,2115,4521,29929,29930,29931,43191,43192,43193,2366,2125,3745,2075,27518,27519,12674,2133,1831,2384,43194,1913,3157,22924,43195,43196,2148,2193,43197,1916,43198,43199,43200,12681,4341,43201,14534,4345,27531,2155,43202,1837],"class_list":["post-87153","post","type-post","status-publish","format-standard","has-post-thumbnail","hentry","category-asie-pacifique","category-expedition-et-logistique","category-intermodal-route","tag-asian-countries","tag-asiatische-laender","tag-bahnbetreibende","tag-caravane-de-chameaux-en-acier","tag-chaines-dapprovisionnement","tag-china-railway-express","tag-crct","tag-cross-border-logistics","tag-deutsch-eisenbahnlogistik","tag-developpement-des-infrastructures","tag-digitalisierung-in-der-logistik","tag-digitization-in-logistics","tag-eurasia","tag-eurasie","tag-eurasien","tag-europaeische-laender","tag-european-countries","tag-foires-commerciales","tag-grenzueberschreitende-logistik","tag-industrie-du-transport","tag-infrastructure-development","tag-infrastrukturentwicklung","tag-intermodal-rail-transport","tag-intermodaler-schienenverkehr","tag-lieferketten","tag-logistics-service-providers","tag-logistikdienstleister","tag-logistique-transfrontaliere","tag-messeveranstaltungen-english-rail-logistics","tag-nachhaltiger-transport","tag-numerisation-dans-la-logistique","tag-operateurs-ferroviaires","tag-pays-asiatiques","tag-pays-europeens","tag-prestataires-de-services-logistiques","tag-rail-freight-transport","tag-rail-operators","tag-schienengueterverkehr","tag-shanghai","tag-stahlkamel-karawane","tag-steel-camel-caravan","tag-supply-chains","tag-sustainable-transport","tag-trade-fairs-francais-logistique-ferroviaire","tag-transport-de-fret-ferroviaire","tag-transport-durable","tag-transport-ferroviaire-intermodal","tag-transport-industry","tag-transport-logistic-shanghai","tag-transportwirtschaft"],"acf":[],"yoast_head":"<!-- This site is optimized with the Yoast SEO plugin v27.3 - https:\/\/yoast.com\/product\/yoast-seo-wordpress\/ -->\n<title>Inauguration du &#8222;Pavillon China Railway Express&#8220; - ITJ | International Transport Journal<\/title>\n<meta name=\"robots\" content=\"index, follow, max-snippet:-1, max-image-preview:large, max-video-preview:-1\" \/>\n<link rel=\"canonical\" href=\"https:\/\/transportjournal.com\/fr\/2026\/04\/29\/inauguration-du-pavillon-china-railway-express\/\" \/>\n<meta property=\"og:locale\" content=\"fr_FR\" \/>\n<meta property=\"og:type\" content=\"article\" \/>\n<meta property=\"og:title\" content=\"Inauguration du &#8222;Pavillon China Railway Express&#8220; - ITJ | International Transport Journal\" \/>\n<meta property=\"og:description\" content=\"La Transport Logistic Shanghai 2026 inaugurera le Pavillon Joint China Railway Express et souhaite ainsi souligner l&#039;importance de la logistique ferroviaire dans le commerce international.\" \/>\n<meta property=\"og:url\" content=\"https:\/\/transportjournal.com\/fr\/2026\/04\/29\/inauguration-du-pavillon-china-railway-express\/\" \/>\n<meta property=\"og:site_name\" content=\"ITJ | International Transport Journal\" \/>\n<meta property=\"article:published_time\" content=\"2026-04-29T07:00:24+00:00\" \/>\n<meta property=\"og:image\" content=\"https:\/\/transportjournal.com\/wp-content\/uploads\/sites\/2\/2026\/04\/pics_1-Onsite-photos-of-transport-logistic-Shanghai-2024-aspect-ratio-1400-788.jpg\" \/>\n\t<meta property=\"og:image:width\" content=\"841\" \/>\n\t<meta property=\"og:image:height\" content=\"473\" \/>\n\t<meta property=\"og:image:type\" content=\"image\/jpeg\" \/>\n<meta name=\"author\" content=\"Jeremy Soland\" \/>\n<meta name=\"twitter:card\" content=\"summary_large_image\" \/>\n<meta name=\"twitter:label1\" content=\"\u00c9crit par\" \/>\n\t<meta name=\"twitter:data1\" content=\"Jeremy Soland\" \/>\n\t<meta name=\"twitter:label2\" content=\"Dur\u00e9e de lecture estim\u00e9e\" \/>\n\t<meta name=\"twitter:data2\" content=\"1 minute\" \/>\n<script type=\"application\/ld+json\" class=\"yoast-schema-graph\">{\"@context\":\"https:\\\/\\\/schema.org\",\"@graph\":[{\"@type\":\"Article\",\"@id\":\"https:\\\/\\\/transportjournal.com\\\/fr\\\/2026\\\/04\\\/29\\\/inauguration-du-pavillon-china-railway-express\\\/#article\",\"isPartOf\":{\"@id\":\"https:\\\/\\\/transportjournal.com\\\/fr\\\/2026\\\/04\\\/29\\\/inauguration-du-pavillon-china-railway-express\\\/\"},\"author\":{\"name\":\"Jeremy Soland\",\"@id\":\"https:\\\/\\\/transportjournal.com\\\/fr\\\/#\\\/schema\\\/person\\\/41d36b5474b623392fa613e97e2363fa\"},\"headline\":\"Inauguration du \u00ab\u00a0Pavillon China Railway Express\u00a0\u00bb\",\"datePublished\":\"2026-04-29T07:00:24+00:00\",\"mainEntityOfPage\":{\"@id\":\"https:\\\/\\\/transportjournal.com\\\/fr\\\/2026\\\/04\\\/29\\\/inauguration-du-pavillon-china-railway-express\\\/\"},\"wordCount\":178,\"commentCount\":0,\"publisher\":{\"@id\":\"https:\\\/\\\/transportjournal.com\\\/fr\\\/#organization\"},\"image\":{\"@id\":\"https:\\\/\\\/transportjournal.com\\\/fr\\\/2026\\\/04\\\/29\\\/inauguration-du-pavillon-china-railway-express\\\/#primaryimage\"},\"thumbnailUrl\":\"https:\\\/\\\/transportjournal.com\\\/wp-content\\\/uploads\\\/sites\\\/2\\\/2026\\\/04\\\/pics_1-Onsite-photos-of-transport-logistic-Shanghai-2024-aspect-ratio-1400-788.jpg\",\"keywords\":[\"Asian countries\",\"asiatische L\u00e4nder\",\"Bahnbetreibende\",\"caravane de chameaux en acier\",\"cha\u00eenes d'approvisionnement\",\"China Railway Express\",\"CRCT\",\"cross-border logistics\",\"Deutsch Eisenbahnlogistik\",\"d\u00e9veloppement des infrastructures\",\"Digitalisierung in der Logistik\",\"digitization in logistics\",\"Eurasia\",\"Eurasie\",\"Eurasien\",\"europ\u00e4ische L\u00e4nder\",\"European countries\",\"foires commerciales\",\"grenz\u00fcberschreitende Logistik\",\"industrie du transport\",\"infrastructure development\",\"Infrastrukturentwicklung\",\"intermodal rail transport\",\"intermodaler Schienenverkehr\",\"Lieferketten\",\"logistics service providers\",\"Logistikdienstleister\",\"logistique transfrontali\u00e8re\",\"Messeveranstaltungen English rail logistics\",\"nachhaltiger Transport\",\"num\u00e9risation dans la logistique\",\"op\u00e9rateurs ferroviaires\",\"pays asiatiques\",\"pays europ\u00e9ens\",\"prestataires de services logistiques\",\"rail freight transport\",\"rail operators\",\"Schieneng\u00fcterverkehr\",\"Shanghai\",\"Stahlkamel-Karawane\",\"steel camel caravan\",\"supply chains\",\"sustainable transport\",\"trade fairs Fran\u00e7ais logistique ferroviaire\",\"transport de fret ferroviaire\",\"transport durable\",\"transport ferroviaire intermodal\",\"transport industry\",\"Transport Logistic Shanghai\",\"Transportwirtschaft\"],\"articleSection\":[\"Asie\\\/Pacifique\",\"Exp\u00e9dition de fret et logistique\",\"Intermodal \\\/ Route\"],\"inLanguage\":\"fr-FR\",\"potentialAction\":[{\"@type\":\"CommentAction\",\"name\":\"Comment\",\"target\":[\"https:\\\/\\\/transportjournal.com\\\/fr\\\/2026\\\/04\\\/29\\\/inauguration-du-pavillon-china-railway-express\\\/#respond\"]}]},{\"@type\":\"WebPage\",\"@id\":\"https:\\\/\\\/transportjournal.com\\\/fr\\\/2026\\\/04\\\/29\\\/inauguration-du-pavillon-china-railway-express\\\/\",\"url\":\"https:\\\/\\\/transportjournal.com\\\/fr\\\/2026\\\/04\\\/29\\\/inauguration-du-pavillon-china-railway-express\\\/\",\"name\":\"Inauguration du &#8222;Pavillon China Railway Express&#8220; - ITJ | International Transport Journal\",\"isPartOf\":{\"@id\":\"https:\\\/\\\/transportjournal.com\\\/fr\\\/#website\"},\"primaryImageOfPage\":{\"@id\":\"https:\\\/\\\/transportjournal.com\\\/fr\\\/2026\\\/04\\\/29\\\/inauguration-du-pavillon-china-railway-express\\\/#primaryimage\"},\"image\":{\"@id\":\"https:\\\/\\\/transportjournal.com\\\/fr\\\/2026\\\/04\\\/29\\\/inauguration-du-pavillon-china-railway-express\\\/#primaryimage\"},\"thumbnailUrl\":\"https:\\\/\\\/transportjournal.com\\\/wp-content\\\/uploads\\\/sites\\\/2\\\/2026\\\/04\\\/pics_1-Onsite-photos-of-transport-logistic-Shanghai-2024-aspect-ratio-1400-788.jpg\",\"datePublished\":\"2026-04-29T07:00:24+00:00\",\"breadcrumb\":{\"@id\":\"https:\\\/\\\/transportjournal.com\\\/fr\\\/2026\\\/04\\\/29\\\/inauguration-du-pavillon-china-railway-express\\\/#breadcrumb\"},\"inLanguage\":\"fr-FR\",\"potentialAction\":[{\"@type\":\"ReadAction\",\"target\":[\"https:\\\/\\\/transportjournal.com\\\/fr\\\/2026\\\/04\\\/29\\\/inauguration-du-pavillon-china-railway-express\\\/\"]}]},{\"@type\":\"ImageObject\",\"inLanguage\":\"fr-FR\",\"@id\":\"https:\\\/\\\/transportjournal.com\\\/fr\\\/2026\\\/04\\\/29\\\/inauguration-du-pavillon-china-railway-express\\\/#primaryimage\",\"url\":\"https:\\\/\\\/transportjournal.com\\\/wp-content\\\/uploads\\\/sites\\\/2\\\/2026\\\/04\\\/pics_1-Onsite-photos-of-transport-logistic-Shanghai-2024-aspect-ratio-1400-788.jpg\",\"contentUrl\":\"https:\\\/\\\/transportjournal.com\\\/wp-content\\\/uploads\\\/sites\\\/2\\\/2026\\\/04\\\/pics_1-Onsite-photos-of-transport-logistic-Shanghai-2024-aspect-ratio-1400-788.jpg\",\"width\":841,\"height\":473},{\"@type\":\"BreadcrumbList\",\"@id\":\"https:\\\/\\\/transportjournal.com\\\/fr\\\/2026\\\/04\\\/29\\\/inauguration-du-pavillon-china-railway-express\\\/#breadcrumb\",\"itemListElement\":[{\"@type\":\"ListItem\",\"position\":1,\"name\":\"Startseite\",\"item\":\"https:\\\/\\\/transportjournal.com\\\/fr\\\/\"},{\"@type\":\"ListItem\",\"position\":2,\"name\":\"Inauguration du &#8220;Pavillon China Railway Express&#8221;\"}]},{\"@type\":\"WebSite\",\"@id\":\"https:\\\/\\\/transportjournal.com\\\/fr\\\/#website\",\"url\":\"https:\\\/\\\/transportjournal.com\\\/fr\\\/\",\"name\":\"ITJ | International Transport Journal\",\"description\":\"Restez inform\u00e9 des derni\u00e8res nouvelles mondiales dans les secteurs du transport, de la logistique et de la cha\u00eene d'approvisionnement. Transport Journal fournit des informations d'experts, des analyses et des mises \u00e0 jour sur le transport maritime, l'aviation, l'intermodalit\u00e9 et l'exp\u00e9dition. \",\"publisher\":{\"@id\":\"https:\\\/\\\/transportjournal.com\\\/fr\\\/#organization\"},\"potentialAction\":[{\"@type\":\"SearchAction\",\"target\":{\"@type\":\"EntryPoint\",\"urlTemplate\":\"https:\\\/\\\/transportjournal.com\\\/fr\\\/?s={search_term_string}\"},\"query-input\":{\"@type\":\"PropertyValueSpecification\",\"valueRequired\":true,\"valueName\":\"search_term_string\"}}],\"inLanguage\":\"fr-FR\"},{\"@type\":\"Organization\",\"@id\":\"https:\\\/\\\/transportjournal.com\\\/fr\\\/#organization\",\"name\":\"Groupe Logismedia AG\",\"alternateName\":\"Logismedia Group AG\",\"url\":\"https:\\\/\\\/transportjournal.com\\\/fr\\\/\",\"logo\":{\"@type\":\"ImageObject\",\"inLanguage\":\"fr-FR\",\"@id\":\"https:\\\/\\\/transportjournal.com\\\/fr\\\/#\\\/schema\\\/logo\\\/image\\\/\",\"url\":\"https:\\\/\\\/transportjournal.com\\\/wp-content\\\/uploads\\\/sites\\\/2\\\/2025\\\/09\\\/Logo_ITJ.png\",\"contentUrl\":\"https:\\\/\\\/transportjournal.com\\\/wp-content\\\/uploads\\\/sites\\\/2\\\/2025\\\/09\\\/Logo_ITJ.png\",\"width\":799,\"height\":326,\"caption\":\"Groupe Logismedia AG\"},\"image\":{\"@id\":\"https:\\\/\\\/transportjournal.com\\\/fr\\\/#\\\/schema\\\/logo\\\/image\\\/\"},\"sameAs\":[\"https:\\\/\\\/www.linkedin.com\\\/company\\\/56456496\\\/admin\\\/dashboard\\\/\",\"https:\\\/\\\/www.instagram.com\\\/logismediagroup\\\/\",\"https:\\\/\\\/www.youtube.com\\\/@LogiamediaGroupAG\"]},{\"@type\":\"Person\",\"@id\":\"https:\\\/\\\/transportjournal.com\\\/fr\\\/#\\\/schema\\\/person\\\/41d36b5474b623392fa613e97e2363fa\",\"name\":\"Jeremy Soland\",\"url\":\"https:\\\/\\\/transportjournal.com\\\/fr\\\/author\\\/jeremy\\\/\"}]}<\/script>\n<!-- \/ Yoast SEO plugin. -->","yoast_head_json":{"title":"Inauguration du &#8222;Pavillon China Railway Express&#8220; - ITJ | International Transport Journal","robots":{"index":"index","follow":"follow","max-snippet":"max-snippet:-1","max-image-preview":"max-image-preview:large","max-video-preview":"max-video-preview:-1"},"canonical":"https:\/\/transportjournal.com\/fr\/2026\/04\/29\/inauguration-du-pavillon-china-railway-express\/","og_locale":"fr_FR","og_type":"article","og_title":"Inauguration du &#8222;Pavillon China Railway Express&#8220; - ITJ | International Transport Journal","og_description":"La Transport Logistic Shanghai 2026 inaugurera le Pavillon Joint China Railway Express et souhaite ainsi souligner l'importance de la logistique ferroviaire dans le commerce international.","og_url":"https:\/\/transportjournal.com\/fr\/2026\/04\/29\/inauguration-du-pavillon-china-railway-express\/","og_site_name":"ITJ | International Transport Journal","article_published_time":"2026-04-29T07:00:24+00:00","og_image":[{"width":841,"height":473,"url":"https:\/\/transportjournal.com\/wp-content\/uploads\/sites\/2\/2026\/04\/pics_1-Onsite-photos-of-transport-logistic-Shanghai-2024-aspect-ratio-1400-788.jpg","type":"image\/jpeg"}],"author":"Jeremy Soland","twitter_card":"summary_large_image","twitter_misc":{"\u00c9crit par":"Jeremy Soland","Dur\u00e9e de lecture estim\u00e9e":"1 minute"},"schema":{"@context":"https:\/\/schema.org","@graph":[{"@type":"Article","@id":"https:\/\/transportjournal.com\/fr\/2026\/04\/29\/inauguration-du-pavillon-china-railway-express\/#article","isPartOf":{"@id":"https:\/\/transportjournal.com\/fr\/2026\/04\/29\/inauguration-du-pavillon-china-railway-express\/"},"author":{"name":"Jeremy Soland","@id":"https:\/\/transportjournal.com\/fr\/#\/schema\/person\/41d36b5474b623392fa613e97e2363fa"},"headline":"Inauguration du \u00ab\u00a0Pavillon China Railway Express\u00a0\u00bb","datePublished":"2026-04-29T07:00:24+00:00","mainEntityOfPage":{"@id":"https:\/\/transportjournal.com\/fr\/2026\/04\/29\/inauguration-du-pavillon-china-railway-express\/"},"wordCount":178,"commentCount":0,"publisher":{"@id":"https:\/\/transportjournal.com\/fr\/#organization"},"image":{"@id":"https:\/\/transportjournal.com\/fr\/2026\/04\/29\/inauguration-du-pavillon-china-railway-express\/#primaryimage"},"thumbnailUrl":"https:\/\/transportjournal.com\/wp-content\/uploads\/sites\/2\/2026\/04\/pics_1-Onsite-photos-of-transport-logistic-Shanghai-2024-aspect-ratio-1400-788.jpg","keywords":["Asian countries","asiatische L\u00e4nder","Bahnbetreibende","caravane de chameaux en acier","cha\u00eenes d'approvisionnement","China Railway Express","CRCT","cross-border logistics","Deutsch Eisenbahnlogistik","d\u00e9veloppement des infrastructures","Digitalisierung in der Logistik","digitization in logistics","Eurasia","Eurasie","Eurasien","europ\u00e4ische L\u00e4nder","European countries","foires commerciales","grenz\u00fcberschreitende Logistik","industrie du transport","infrastructure development","Infrastrukturentwicklung","intermodal rail transport","intermodaler Schienenverkehr","Lieferketten","logistics service providers","Logistikdienstleister","logistique transfrontali\u00e8re","Messeveranstaltungen English rail logistics","nachhaltiger Transport","num\u00e9risation dans la logistique","op\u00e9rateurs ferroviaires","pays asiatiques","pays europ\u00e9ens","prestataires de services logistiques","rail freight transport","rail operators","Schieneng\u00fcterverkehr","Shanghai","Stahlkamel-Karawane","steel camel caravan","supply chains","sustainable transport","trade fairs Fran\u00e7ais logistique ferroviaire","transport de fret ferroviaire","transport durable","transport ferroviaire intermodal","transport industry","Transport Logistic Shanghai","Transportwirtschaft"],"articleSection":["Asie\/Pacifique","Exp\u00e9dition de fret et logistique","Intermodal \/ Route"],"inLanguage":"fr-FR","potentialAction":[{"@type":"CommentAction","name":"Comment","target":["https:\/\/transportjournal.com\/fr\/2026\/04\/29\/inauguration-du-pavillon-china-railway-express\/#respond"]}]},{"@type":"WebPage","@id":"https:\/\/transportjournal.com\/fr\/2026\/04\/29\/inauguration-du-pavillon-china-railway-express\/","url":"https:\/\/transportjournal.com\/fr\/2026\/04\/29\/inauguration-du-pavillon-china-railway-express\/","name":"Inauguration du &#8222;Pavillon China Railway Express&#8220; - ITJ | International Transport Journal","isPartOf":{"@id":"https:\/\/transportjournal.com\/fr\/#website"},"primaryImageOfPage":{"@id":"https:\/\/transportjournal.com\/fr\/2026\/04\/29\/inauguration-du-pavillon-china-railway-express\/#primaryimage"},"image":{"@id":"https:\/\/transportjournal.com\/fr\/2026\/04\/29\/inauguration-du-pavillon-china-railway-express\/#primaryimage"},"thumbnailUrl":"https:\/\/transportjournal.com\/wp-content\/uploads\/sites\/2\/2026\/04\/pics_1-Onsite-photos-of-transport-logistic-Shanghai-2024-aspect-ratio-1400-788.jpg","datePublished":"2026-04-29T07:00:24+00:00","breadcrumb":{"@id":"https:\/\/transportjournal.com\/fr\/2026\/04\/29\/inauguration-du-pavillon-china-railway-express\/#breadcrumb"},"inLanguage":"fr-FR","potentialAction":[{"@type":"ReadAction","target":["https:\/\/transportjournal.com\/fr\/2026\/04\/29\/inauguration-du-pavillon-china-railway-express\/"]}]},{"@type":"ImageObject","inLanguage":"fr-FR","@id":"https:\/\/transportjournal.com\/fr\/2026\/04\/29\/inauguration-du-pavillon-china-railway-express\/#primaryimage","url":"https:\/\/transportjournal.com\/wp-content\/uploads\/sites\/2\/2026\/04\/pics_1-Onsite-photos-of-transport-logistic-Shanghai-2024-aspect-ratio-1400-788.jpg","contentUrl":"https:\/\/transportjournal.com\/wp-content\/uploads\/sites\/2\/2026\/04\/pics_1-Onsite-photos-of-transport-logistic-Shanghai-2024-aspect-ratio-1400-788.jpg","width":841,"height":473},{"@type":"BreadcrumbList","@id":"https:\/\/transportjournal.com\/fr\/2026\/04\/29\/inauguration-du-pavillon-china-railway-express\/#breadcrumb","itemListElement":[{"@type":"ListItem","position":1,"name":"Startseite","item":"https:\/\/transportjournal.com\/fr\/"},{"@type":"ListItem","position":2,"name":"Inauguration du &#8220;Pavillon China Railway Express&#8221;"}]},{"@type":"WebSite","@id":"https:\/\/transportjournal.com\/fr\/#website","url":"https:\/\/transportjournal.com\/fr\/","name":"ITJ | International Transport Journal","description":"Restez inform\u00e9 des derni\u00e8res nouvelles mondiales dans les secteurs du transport, de la logistique et de la cha\u00eene d'approvisionnement. Transport Journal fournit des informations d'experts, des analyses et des mises \u00e0 jour sur le transport maritime, l'aviation, l'intermodalit\u00e9 et l'exp\u00e9dition. ","publisher":{"@id":"https:\/\/transportjournal.com\/fr\/#organization"},"potentialAction":[{"@type":"SearchAction","target":{"@type":"EntryPoint","urlTemplate":"https:\/\/transportjournal.com\/fr\/?s={search_term_string}"},"query-input":{"@type":"PropertyValueSpecification","valueRequired":true,"valueName":"search_term_string"}}],"inLanguage":"fr-FR"},{"@type":"Organization","@id":"https:\/\/transportjournal.com\/fr\/#organization","name":"Groupe Logismedia AG","alternateName":"Logismedia Group AG","url":"https:\/\/transportjournal.com\/fr\/","logo":{"@type":"ImageObject","inLanguage":"fr-FR","@id":"https:\/\/transportjournal.com\/fr\/#\/schema\/logo\/image\/","url":"https:\/\/transportjournal.com\/wp-content\/uploads\/sites\/2\/2025\/09\/Logo_ITJ.png","contentUrl":"https:\/\/transportjournal.com\/wp-content\/uploads\/sites\/2\/2025\/09\/Logo_ITJ.png","width":799,"height":326,"caption":"Groupe Logismedia AG"},"image":{"@id":"https:\/\/transportjournal.com\/fr\/#\/schema\/logo\/image\/"},"sameAs":["https:\/\/www.linkedin.com\/company\/56456496\/admin\/dashboard\/","https:\/\/www.instagram.com\/logismediagroup\/","https:\/\/www.youtube.com\/@LogiamediaGroupAG"]},{"@type":"Person","@id":"https:\/\/transportjournal.com\/fr\/#\/schema\/person\/41d36b5474b623392fa613e97e2363fa","name":"Jeremy Soland","url":"https:\/\/transportjournal.com\/fr\/author\/jeremy\/"}]}},"_links":{"self":[{"href":"https:\/\/transportjournal.com\/fr\/wp-json\/wp\/v2\/posts\/87153","targetHints":{"allow":["GET"]}}],"collection":[{"href":"https:\/\/transportjournal.com\/fr\/wp-json\/wp\/v2\/posts"}],"about":[{"href":"https:\/\/transportjournal.com\/fr\/wp-json\/wp\/v2\/types\/post"}],"author":[{"embeddable":true,"href":"https:\/\/transportjournal.com\/fr\/wp-json\/wp\/v2\/users\/10"}],"replies":[{"embeddable":true,"href":"https:\/\/transportjournal.com\/fr\/wp-json\/wp\/v2\/comments?post=87153"}],"version-history":[{"count":0,"href":"https:\/\/transportjournal.com\/fr\/wp-json\/wp\/v2\/posts\/87153\/revisions"}],"wp:featuredmedia":[{"embeddable":true,"href":"https:\/\/transportjournal.com\/fr\/wp-json\/wp\/v2\/media\/87151"}],"wp:attachment":[{"href":"https:\/\/transportjournal.com\/fr\/wp-json\/wp\/v2\/media?parent=87153"}],"wp:term":[{"taxonomy":"category","embeddable":true,"href":"https:\/\/transportjournal.com\/fr\/wp-json\/wp\/v2\/categories?post=87153"},{"taxonomy":"post_tag","embeddable":true,"href":"https:\/\/transportjournal.com\/fr\/wp-json\/wp\/v2\/tags?post=87153"}],"curies":[{"name":"wp","href":"https:\/\/api.w.org\/{rel}","templated":true}]}}