{"id":87065,"date":"2026-04-28T12:24:51","date_gmt":"2026-04-28T12:24:51","guid":{"rendered":"https:\/\/transportjournal.com\/2026\/04\/28\/les-regles-de-lue-facilitent-la-comparaison-des-emissions-pour-les-transporteurs\/"},"modified":"2026-04-28T12:24:51","modified_gmt":"2026-04-28T12:24:51","slug":"les-regles-de-lue-facilitent-la-comparaison-des-emissions-pour-les-transporteurs","status":"publish","type":"post","link":"https:\/\/transportjournal.com\/fr\/2026\/04\/28\/les-regles-de-lue-facilitent-la-comparaison-des-emissions-pour-les-transporteurs\/","title":{"rendered":"Les r\u00e8gles de l&rsquo;UE facilitent la comparaison des \u00e9missions pour les transporteurs"},"content":{"rendered":"<p>Les entreprises de transport dans l&#8217;UE pourront \u00e0 l&#8217;avenir comparer plus facilement leurs \u00e9missions de gaz \u00e0 effet de serre, apr\u00e8s que de nouvelles r\u00e9glementations ont \u00e9t\u00e9 confirm\u00e9es par les gouvernements de l&#8217;UE en f\u00e9vrier. Ces changements visent \u00e0 aider \u00e0 la fois les consommateurs et les entreprises \u00e0 prendre des d\u00e9cisions \u00e9clair\u00e9es et \u00e0 r\u00e9duire le risque de greenwashing.<\/p>\n<h3>Calcul des \u00e9missions volontaire<\/h3>\n<p>Les entreprises de transport ne sont pas tenues de calculer leurs \u00e9missions de gaz \u00e0 effet de serre. Cependant, si elles choisissent de le faire, par exemple pour des raisons de reporting, contractuelles ou marketing, elles doivent appliquer une m\u00e9thodologie uniforme de l&#8217;UE. Cette m\u00e9thodologie prend en compte les \u00e9missions g\u00e9n\u00e9r\u00e9es pendant le transport par l&#8217;exploitation des v\u00e9hicules et l&#8217;approvisionnement en \u00e9nergie. Pour augmenter la pr\u00e9cision, les r\u00e8gles de l&#8217;UE mettent l&#8217;accent sur l&#8217;utilisation de donn\u00e9es primaires plut\u00f4t que d&#8217;estimations ou de valeurs standard. De plus, des incitations sont cr\u00e9\u00e9es pour les op\u00e9rateurs qui mesurent directement leurs \u00e9missions.<\/p>\n<h3>Soutien aux petites et moyennes entreprises<\/h3>\n<p>Pour r\u00e9duire les charges administratives et financi\u00e8res pour les entreprises, en particulier pour les petites et moyennes entreprises (PME), les d\u00e9put\u00e9s du Parlement europ\u00e9en (PE) ont demand\u00e9 \u00e0 la Commission de d\u00e9velopper un outil de calcul public, simple et gratuit, accompagn\u00e9 d&#8217;un guide. La Commission dispose de quatre ans pour cela.<\/p>\n<h3>\u00c9missions sur le cycle de vie en vue<\/h3>\n<p>La m\u00e9thodologie uniforme ne couvrira pas dans un premier temps les \u00e9missions de gaz \u00e0 effet de serre sur l&#8217;ensemble du cycle de vie des services de transport. Cependant, les d\u00e9put\u00e9s ont veill\u00e9 \u00e0 ce que la Commission examine, dans les quatre ans suivant l&#8217;entr\u00e9e en vigueur des nouvelles r\u00e8gles, la possibilit\u00e9 d&#8217;\u00e9tendre la m\u00e9thodologie de l&#8217;UE aux \u00e9missions sur le cycle de vie. Cela inclut les \u00e9missions provenant de la production de v\u00e9hicules, de la production d&#8217;\u00e9nergie, de l&#8217;entretien, de l&#8217;utilisation et de la fin de vie, d\u00e8s que des donn\u00e9es suffisantes et des progr\u00e8s internationaux seront disponibles. Cette \u00e9valuation guidera les futures mises \u00e0 jour des r\u00e8gles.<\/p>\n<h3>Voix du Parlement<\/h3>\n<p>Norbert Lins, rapporteur de la commission des transports, a d\u00e9clar\u00e9 : \u00ab Les nouvelles r\u00e8gles faciliteront aux entreprises le reporting pr\u00e9cis de leurs \u00e9missions de gaz \u00e0 effet de serre. Elles incluent des incitations sp\u00e9cifiques pour les petites et moyennes entreprises \u00e0 appliquer les normes ISO, sans \u00eatre accabl\u00e9es par des t\u00e2ches administratives excessives. Les PME auront \u00e9galement acc\u00e8s \u00e0 un outil de calcul gratuit, ce qui leur facilitera la contribution \u00e0 la r\u00e9duction des \u00e9missions de gaz \u00e0 effet de serre. De plus, l&#8217;analyse du cycle de vie reste \u00e0 l&#8217;ordre du jour dans un avenir proche, ce qui signale des progr\u00e8s continus dans ce domaine. \u00bb<\/p>\n<p>Pierfrancesco Maran, pr\u00e9sident de la commission de l&#8217;environnement, a soulign\u00e9 : \u00ab Bien que les nouvelles r\u00e8gles n&#8217;obligent pas les entreprises de transport \u00e0 calculer leurs \u00e9missions, celles qui le font \u2013 que ce soit pour des raisons de reporting, contractuelles ou l\u00e9gales \u2013 utiliseront d\u00e9sormais une m\u00e9thodologie uniforme bas\u00e9e sur une norme mondiale. Les PME peuvent acc\u00e9der \u00e0 un outil de calcul gratuit, et pour la premi\u00e8re fois, les consommateurs ont acc\u00e8s \u00e0 des informations transparentes et fiables, peu importe comment ils voyagent ou ach\u00e8tent des biens. Les nouvelles r\u00e8gles sont un gain pour les entreprises, les consommateurs et le climat. \u00bb<\/p>\n<h3>Prochaines \u00e9tapes<\/h3>\n<p>Les nouvelles r\u00e9glementations entreront en vigueur le 20e jour suivant leur publication au Journal officiel de l&#8217;UE. Avec quelques exceptions, elles s&#8217;appliqueront quatre ans et demi apr\u00e8s l&#8217;entr\u00e9e en vigueur du r\u00e8glement.<\/p>\n<p><a href=\"https:\/\/www.europarl.europa.eu\/committees\/de\/tran\/home\/highlights\" target=\"_blank\" rel=\"noopener noreferrer\">www.europarl.europa.eu<\/a><\/p>\n","protected":false},"excerpt":{"rendered":"<p>Les nouvelles r\u00e8gles de l&rsquo;UE sur les \u00e9missions de gaz \u00e0 effet de serre permettent aux entreprises de calculer leurs \u00e9missions de mani\u00e8re uniforme et offrent aux PME un outil de calcul gratuit pour les soutenir.<\/p>\n","protected":false},"author":7,"featured_media":87063,"comment_status":"open","ping_status":"","sticky":false,"template":"","format":"standard","meta":{"_acf_changed":false,"footnotes":""},"categories":[1580,1587],"tags":[43045,43046,43047,43048,43049,43050,43051,43052,43053,43054,43055,43056,43057,43058,43059,43060,43061,43062,43063,43064,43065,43066,43067,43068,43069,43070,43071,43072,43073,43074,43075,43076,43077,43078,43079,2622,43080,1800,43081,43082,42113,43083,43084,43085,39056,43086,7696,43087,2641,43088,43089,43090,7700,1975,43091,43092,43093,43094],"class_list":["post-87065","post","type-post","status-publish","format-standard","has-post-thumbnail","hentry","category-intermodal-route","category-leurope","tag-administrative-belastungen-kmu","tag-administrative-burdens-smes","tag-approvisionnement-energetique-transport","tag-avoid-greenwashing","tag-berechnungstool-emissionen","tag-calcul-des-emissions-volontaire","tag-charges-administratives-pme","tag-comite-de-lenvironnement-ue","tag-comite-des-transports-ue","tag-comparaison-des-emissions-transporteurs","tag-deutsch-treibhausgasemissionen","tag-donnees-primaires-emissions","tag-emissionen-fahrzeugbetrieb","tag-emissionen-reduzieren-english-greenhouse-gas-emissions","tag-emissions-calculation-tool","tag-emissions-comparison-carriers","tag-emissions-fonctionnement-des-vehicules","tag-emissions-sur-le-cycle-de-vie","tag-emissionsvergleich-transporteure","tag-energieversorgung-transport","tag-energy-supply-transport","tag-environment-committee-eu","tag-eu-methodology-transport","tag-eu-transport-regulations","tag-eu-methodik-transport","tag-eu-regeln-transport","tag-eviter-le-greenwashing","tag-freiwillige-emissionsberechnung","tag-greenwashing-vermeiden","tag-informations-transparentes-consommateurs","tag-iso-standards-logistics","tag-iso-standards-logistik","tag-kleine-und-mittlere-unternehmen","tag-lebenszyklus-emissionen","tag-life-cycle-emissions","tag-logistique-durable","tag-methodologie-de-lue-transport","tag-nachhaltige-logistik","tag-normes-iso-logistique","tag-outil-de-calcul-des-emissions","tag-petites-et-moyennes-entreprises","tag-primaerdaten-emissionen","tag-primary-data-emissions","tag-reduce-emissions-francais-emissions-de-gaz-a-effet-de-serre","tag-reduire-les-emissions","tag-reglementations-de-transport-de-lue","tag-services-de-transport","tag-small-and-medium-enterprises","tag-sustainable-logistics","tag-transparent-information-consumers","tag-transparente-informationen-verbraucher","tag-transport-committee-eu","tag-transport-services","tag-transportdienstleistungen","tag-umweltausschuss-eu","tag-vehicle-operation-emissions","tag-verkehrsausschuss-eu","tag-voluntary-emissions-calculation"],"acf":[],"yoast_head":"<!-- This site is optimized with the Yoast SEO plugin v27.3 - https:\/\/yoast.com\/product\/yoast-seo-wordpress\/ -->\n<title>Les r\u00e8gles de l&#8217;UE facilitent la comparaison des \u00e9missions pour les transporteurs - ITJ | International Transport Journal<\/title>\n<meta name=\"robots\" content=\"index, follow, max-snippet:-1, max-image-preview:large, max-video-preview:-1\" \/>\n<link rel=\"canonical\" href=\"https:\/\/transportjournal.com\/fr\/2026\/04\/28\/les-regles-de-lue-facilitent-la-comparaison-des-emissions-pour-les-transporteurs\/\" \/>\n<meta property=\"og:locale\" content=\"fr_FR\" \/>\n<meta property=\"og:type\" content=\"article\" \/>\n<meta property=\"og:title\" content=\"Les r\u00e8gles de l&#8217;UE facilitent la comparaison des \u00e9missions pour les transporteurs - ITJ | International Transport Journal\" \/>\n<meta property=\"og:description\" content=\"Les nouvelles r\u00e8gles de l&#039;UE sur les \u00e9missions de gaz \u00e0 effet de serre permettent aux entreprises de calculer leurs \u00e9missions de mani\u00e8re uniforme et offrent aux PME un outil de calcul gratuit pour les soutenir.\" \/>\n<meta property=\"og:url\" content=\"https:\/\/transportjournal.com\/fr\/2026\/04\/28\/les-regles-de-lue-facilitent-la-comparaison-des-emissions-pour-les-transporteurs\/\" \/>\n<meta property=\"og:site_name\" content=\"ITJ | International Transport Journal\" \/>\n<meta property=\"article:published_time\" content=\"2026-04-28T12:24:51+00:00\" \/>\n<meta property=\"og:image\" content=\"https:\/\/transportjournal.com\/wp-content\/uploads\/sites\/2\/2026\/04\/LKW_Autobahn_Stau-aspect-ratio-1400-788.jpg\" \/>\n\t<meta property=\"og:image:width\" content=\"1472\" \/>\n\t<meta property=\"og:image:height\" content=\"829\" \/>\n\t<meta property=\"og:image:type\" content=\"image\/jpeg\" \/>\n<meta name=\"author\" content=\"Andreas M\u00fcller\" \/>\n<meta name=\"twitter:card\" content=\"summary_large_image\" \/>\n<meta name=\"twitter:label1\" content=\"\u00c9crit par\" \/>\n\t<meta name=\"twitter:data1\" content=\"Andreas M\u00fcller\" \/>\n\t<meta name=\"twitter:label2\" content=\"Dur\u00e9e de lecture estim\u00e9e\" \/>\n\t<meta name=\"twitter:data2\" content=\"3 minutes\" \/>\n<script type=\"application\/ld+json\" class=\"yoast-schema-graph\">{\"@context\":\"https:\\\/\\\/schema.org\",\"@graph\":[{\"@type\":\"Article\",\"@id\":\"https:\\\/\\\/transportjournal.com\\\/fr\\\/2026\\\/04\\\/28\\\/les-regles-de-lue-facilitent-la-comparaison-des-emissions-pour-les-transporteurs\\\/#article\",\"isPartOf\":{\"@id\":\"https:\\\/\\\/transportjournal.com\\\/fr\\\/2026\\\/04\\\/28\\\/les-regles-de-lue-facilitent-la-comparaison-des-emissions-pour-les-transporteurs\\\/\"},\"author\":{\"name\":\"Andreas M\u00fcller\",\"@id\":\"https:\\\/\\\/transportjournal.com\\\/fr\\\/#\\\/schema\\\/person\\\/7b1593b33567ba798d300c8a1b0b85b1\"},\"headline\":\"Les r\u00e8gles de l&rsquo;UE facilitent la comparaison des \u00e9missions pour les transporteurs\",\"datePublished\":\"2026-04-28T12:24:51+00:00\",\"mainEntityOfPage\":{\"@id\":\"https:\\\/\\\/transportjournal.com\\\/fr\\\/2026\\\/04\\\/28\\\/les-regles-de-lue-facilitent-la-comparaison-des-emissions-pour-les-transporteurs\\\/\"},\"wordCount\":659,\"commentCount\":0,\"publisher\":{\"@id\":\"https:\\\/\\\/transportjournal.com\\\/fr\\\/#organization\"},\"image\":{\"@id\":\"https:\\\/\\\/transportjournal.com\\\/fr\\\/2026\\\/04\\\/28\\\/les-regles-de-lue-facilitent-la-comparaison-des-emissions-pour-les-transporteurs\\\/#primaryimage\"},\"thumbnailUrl\":\"https:\\\/\\\/transportjournal.com\\\/wp-content\\\/uploads\\\/sites\\\/2\\\/2026\\\/04\\\/LKW_Autobahn_Stau-aspect-ratio-1400-788.jpg\",\"keywords\":[\"administrative Belastungen KMU\",\"administrative burdens SMEs\",\"approvisionnement \u00e9nerg\u00e9tique transport\",\"avoid greenwashing\",\"Berechnungstool Emissionen\",\"calcul des \u00e9missions volontaire\",\"charges administratives PME\",\"comit\u00e9 de l'environnement UE\",\"comit\u00e9 des transports UE\",\"comparaison des \u00e9missions transporteurs\",\"Deutsch Treibhausgasemissionen\",\"donn\u00e9es primaires \u00e9missions\",\"Emissionen Fahrzeugbetrieb\",\"Emissionen reduzieren English greenhouse gas emissions\",\"emissions calculation tool\",\"emissions comparison carriers\",\"\u00e9missions fonctionnement des v\u00e9hicules\",\"\u00e9missions sur le cycle de vie\",\"Emissionsvergleich Transporteure\",\"Energieversorgung Transport\",\"energy supply transport\",\"environment committee EU\",\"EU methodology transport\",\"EU transport regulations\",\"EU-Methodik Transport\",\"EU-Regeln Transport\",\"\u00e9viter le greenwashing\",\"freiwillige Emissionsberechnung\",\"Greenwashing vermeiden\",\"informations transparentes consommateurs\",\"ISO standards logistics\",\"ISO-Standards Logistik\",\"kleine und mittlere Unternehmen\",\"Lebenszyklus-Emissionen\",\"life cycle emissions\",\"logistique durable\",\"m\u00e9thodologie de l'UE transport\",\"nachhaltige Logistik\",\"normes ISO logistique\",\"outil de calcul des \u00e9missions\",\"petites et moyennes entreprises\",\"Prim\u00e4rdaten Emissionen\",\"primary data emissions\",\"reduce emissions Fran\u00e7ais \u00e9missions de gaz \u00e0 effet de serre\",\"r\u00e9duire les \u00e9missions\",\"r\u00e9glementations de transport de l'UE\",\"services de transport\",\"small and medium enterprises\",\"sustainable logistics\",\"transparent information consumers\",\"Transparente Informationen Verbraucher\",\"transport committee EU\",\"transport services\",\"Transportdienstleistungen\",\"Umweltausschuss EU\",\"vehicle operation emissions\",\"Verkehrsausschuss EU\",\"voluntary emissions calculation\"],\"articleSection\":[\"Intermodal \\\/ Route\",\"L'Europe\"],\"inLanguage\":\"fr-FR\",\"potentialAction\":[{\"@type\":\"CommentAction\",\"name\":\"Comment\",\"target\":[\"https:\\\/\\\/transportjournal.com\\\/fr\\\/2026\\\/04\\\/28\\\/les-regles-de-lue-facilitent-la-comparaison-des-emissions-pour-les-transporteurs\\\/#respond\"]}]},{\"@type\":\"WebPage\",\"@id\":\"https:\\\/\\\/transportjournal.com\\\/fr\\\/2026\\\/04\\\/28\\\/les-regles-de-lue-facilitent-la-comparaison-des-emissions-pour-les-transporteurs\\\/\",\"url\":\"https:\\\/\\\/transportjournal.com\\\/fr\\\/2026\\\/04\\\/28\\\/les-regles-de-lue-facilitent-la-comparaison-des-emissions-pour-les-transporteurs\\\/\",\"name\":\"Les r\u00e8gles de l&#8217;UE facilitent la comparaison des \u00e9missions pour les transporteurs - ITJ | International Transport Journal\",\"isPartOf\":{\"@id\":\"https:\\\/\\\/transportjournal.com\\\/fr\\\/#website\"},\"primaryImageOfPage\":{\"@id\":\"https:\\\/\\\/transportjournal.com\\\/fr\\\/2026\\\/04\\\/28\\\/les-regles-de-lue-facilitent-la-comparaison-des-emissions-pour-les-transporteurs\\\/#primaryimage\"},\"image\":{\"@id\":\"https:\\\/\\\/transportjournal.com\\\/fr\\\/2026\\\/04\\\/28\\\/les-regles-de-lue-facilitent-la-comparaison-des-emissions-pour-les-transporteurs\\\/#primaryimage\"},\"thumbnailUrl\":\"https:\\\/\\\/transportjournal.com\\\/wp-content\\\/uploads\\\/sites\\\/2\\\/2026\\\/04\\\/LKW_Autobahn_Stau-aspect-ratio-1400-788.jpg\",\"datePublished\":\"2026-04-28T12:24:51+00:00\",\"breadcrumb\":{\"@id\":\"https:\\\/\\\/transportjournal.com\\\/fr\\\/2026\\\/04\\\/28\\\/les-regles-de-lue-facilitent-la-comparaison-des-emissions-pour-les-transporteurs\\\/#breadcrumb\"},\"inLanguage\":\"fr-FR\",\"potentialAction\":[{\"@type\":\"ReadAction\",\"target\":[\"https:\\\/\\\/transportjournal.com\\\/fr\\\/2026\\\/04\\\/28\\\/les-regles-de-lue-facilitent-la-comparaison-des-emissions-pour-les-transporteurs\\\/\"]}]},{\"@type\":\"ImageObject\",\"inLanguage\":\"fr-FR\",\"@id\":\"https:\\\/\\\/transportjournal.com\\\/fr\\\/2026\\\/04\\\/28\\\/les-regles-de-lue-facilitent-la-comparaison-des-emissions-pour-les-transporteurs\\\/#primaryimage\",\"url\":\"https:\\\/\\\/transportjournal.com\\\/wp-content\\\/uploads\\\/sites\\\/2\\\/2026\\\/04\\\/LKW_Autobahn_Stau-aspect-ratio-1400-788.jpg\",\"contentUrl\":\"https:\\\/\\\/transportjournal.com\\\/wp-content\\\/uploads\\\/sites\\\/2\\\/2026\\\/04\\\/LKW_Autobahn_Stau-aspect-ratio-1400-788.jpg\",\"width\":1472,\"height\":829},{\"@type\":\"BreadcrumbList\",\"@id\":\"https:\\\/\\\/transportjournal.com\\\/fr\\\/2026\\\/04\\\/28\\\/les-regles-de-lue-facilitent-la-comparaison-des-emissions-pour-les-transporteurs\\\/#breadcrumb\",\"itemListElement\":[{\"@type\":\"ListItem\",\"position\":1,\"name\":\"Startseite\",\"item\":\"https:\\\/\\\/transportjournal.com\\\/fr\\\/\"},{\"@type\":\"ListItem\",\"position\":2,\"name\":\"Les r\u00e8gles de l&rsquo;UE facilitent la comparaison des \u00e9missions pour les transporteurs\"}]},{\"@type\":\"WebSite\",\"@id\":\"https:\\\/\\\/transportjournal.com\\\/fr\\\/#website\",\"url\":\"https:\\\/\\\/transportjournal.com\\\/fr\\\/\",\"name\":\"ITJ | International Transport Journal\",\"description\":\"Restez inform\u00e9 des derni\u00e8res nouvelles mondiales dans les secteurs du transport, de la logistique et de la cha\u00eene d'approvisionnement. Transport Journal fournit des informations d'experts, des analyses et des mises \u00e0 jour sur le transport maritime, l'aviation, l'intermodalit\u00e9 et l'exp\u00e9dition. \",\"publisher\":{\"@id\":\"https:\\\/\\\/transportjournal.com\\\/fr\\\/#organization\"},\"potentialAction\":[{\"@type\":\"SearchAction\",\"target\":{\"@type\":\"EntryPoint\",\"urlTemplate\":\"https:\\\/\\\/transportjournal.com\\\/fr\\\/?s={search_term_string}\"},\"query-input\":{\"@type\":\"PropertyValueSpecification\",\"valueRequired\":true,\"valueName\":\"search_term_string\"}}],\"inLanguage\":\"fr-FR\"},{\"@type\":\"Organization\",\"@id\":\"https:\\\/\\\/transportjournal.com\\\/fr\\\/#organization\",\"name\":\"Groupe Logismedia AG\",\"alternateName\":\"Logismedia Group AG\",\"url\":\"https:\\\/\\\/transportjournal.com\\\/fr\\\/\",\"logo\":{\"@type\":\"ImageObject\",\"inLanguage\":\"fr-FR\",\"@id\":\"https:\\\/\\\/transportjournal.com\\\/fr\\\/#\\\/schema\\\/logo\\\/image\\\/\",\"url\":\"https:\\\/\\\/transportjournal.com\\\/wp-content\\\/uploads\\\/sites\\\/2\\\/2025\\\/09\\\/Logo_ITJ.png\",\"contentUrl\":\"https:\\\/\\\/transportjournal.com\\\/wp-content\\\/uploads\\\/sites\\\/2\\\/2025\\\/09\\\/Logo_ITJ.png\",\"width\":799,\"height\":326,\"caption\":\"Groupe Logismedia AG\"},\"image\":{\"@id\":\"https:\\\/\\\/transportjournal.com\\\/fr\\\/#\\\/schema\\\/logo\\\/image\\\/\"},\"sameAs\":[\"https:\\\/\\\/www.linkedin.com\\\/company\\\/56456496\\\/admin\\\/dashboard\\\/\",\"https:\\\/\\\/www.instagram.com\\\/logismediagroup\\\/\",\"https:\\\/\\\/www.youtube.com\\\/@LogiamediaGroupAG\"]},{\"@type\":\"Person\",\"@id\":\"https:\\\/\\\/transportjournal.com\\\/fr\\\/#\\\/schema\\\/person\\\/7b1593b33567ba798d300c8a1b0b85b1\",\"name\":\"Andreas M\u00fcller\",\"url\":\"https:\\\/\\\/transportjournal.com\\\/fr\\\/author\\\/logismedia\\\/\"}]}<\/script>\n<!-- \/ Yoast SEO plugin. -->","yoast_head_json":{"title":"Les r\u00e8gles de l&#8217;UE facilitent la comparaison des \u00e9missions pour les transporteurs - ITJ | International Transport Journal","robots":{"index":"index","follow":"follow","max-snippet":"max-snippet:-1","max-image-preview":"max-image-preview:large","max-video-preview":"max-video-preview:-1"},"canonical":"https:\/\/transportjournal.com\/fr\/2026\/04\/28\/les-regles-de-lue-facilitent-la-comparaison-des-emissions-pour-les-transporteurs\/","og_locale":"fr_FR","og_type":"article","og_title":"Les r\u00e8gles de l&#8217;UE facilitent la comparaison des \u00e9missions pour les transporteurs - ITJ | International Transport Journal","og_description":"Les nouvelles r\u00e8gles de l'UE sur les \u00e9missions de gaz \u00e0 effet de serre permettent aux entreprises de calculer leurs \u00e9missions de mani\u00e8re uniforme et offrent aux PME un outil de calcul gratuit pour les soutenir.","og_url":"https:\/\/transportjournal.com\/fr\/2026\/04\/28\/les-regles-de-lue-facilitent-la-comparaison-des-emissions-pour-les-transporteurs\/","og_site_name":"ITJ | International Transport Journal","article_published_time":"2026-04-28T12:24:51+00:00","og_image":[{"width":1472,"height":829,"url":"https:\/\/transportjournal.com\/wp-content\/uploads\/sites\/2\/2026\/04\/LKW_Autobahn_Stau-aspect-ratio-1400-788.jpg","type":"image\/jpeg"}],"author":"Andreas M\u00fcller","twitter_card":"summary_large_image","twitter_misc":{"\u00c9crit par":"Andreas M\u00fcller","Dur\u00e9e de lecture estim\u00e9e":"3 minutes"},"schema":{"@context":"https:\/\/schema.org","@graph":[{"@type":"Article","@id":"https:\/\/transportjournal.com\/fr\/2026\/04\/28\/les-regles-de-lue-facilitent-la-comparaison-des-emissions-pour-les-transporteurs\/#article","isPartOf":{"@id":"https:\/\/transportjournal.com\/fr\/2026\/04\/28\/les-regles-de-lue-facilitent-la-comparaison-des-emissions-pour-les-transporteurs\/"},"author":{"name":"Andreas M\u00fcller","@id":"https:\/\/transportjournal.com\/fr\/#\/schema\/person\/7b1593b33567ba798d300c8a1b0b85b1"},"headline":"Les r\u00e8gles de l&rsquo;UE facilitent la comparaison des \u00e9missions pour les transporteurs","datePublished":"2026-04-28T12:24:51+00:00","mainEntityOfPage":{"@id":"https:\/\/transportjournal.com\/fr\/2026\/04\/28\/les-regles-de-lue-facilitent-la-comparaison-des-emissions-pour-les-transporteurs\/"},"wordCount":659,"commentCount":0,"publisher":{"@id":"https:\/\/transportjournal.com\/fr\/#organization"},"image":{"@id":"https:\/\/transportjournal.com\/fr\/2026\/04\/28\/les-regles-de-lue-facilitent-la-comparaison-des-emissions-pour-les-transporteurs\/#primaryimage"},"thumbnailUrl":"https:\/\/transportjournal.com\/wp-content\/uploads\/sites\/2\/2026\/04\/LKW_Autobahn_Stau-aspect-ratio-1400-788.jpg","keywords":["administrative Belastungen KMU","administrative burdens SMEs","approvisionnement \u00e9nerg\u00e9tique transport","avoid greenwashing","Berechnungstool Emissionen","calcul des \u00e9missions volontaire","charges administratives PME","comit\u00e9 de l'environnement UE","comit\u00e9 des transports UE","comparaison des \u00e9missions transporteurs","Deutsch Treibhausgasemissionen","donn\u00e9es primaires \u00e9missions","Emissionen Fahrzeugbetrieb","Emissionen reduzieren English greenhouse gas emissions","emissions calculation tool","emissions comparison carriers","\u00e9missions fonctionnement des v\u00e9hicules","\u00e9missions sur le cycle de vie","Emissionsvergleich Transporteure","Energieversorgung Transport","energy supply transport","environment committee EU","EU methodology transport","EU transport regulations","EU-Methodik Transport","EU-Regeln Transport","\u00e9viter le greenwashing","freiwillige Emissionsberechnung","Greenwashing vermeiden","informations transparentes consommateurs","ISO standards logistics","ISO-Standards Logistik","kleine und mittlere Unternehmen","Lebenszyklus-Emissionen","life cycle emissions","logistique durable","m\u00e9thodologie de l'UE transport","nachhaltige Logistik","normes ISO logistique","outil de calcul des \u00e9missions","petites et moyennes entreprises","Prim\u00e4rdaten Emissionen","primary data emissions","reduce emissions Fran\u00e7ais \u00e9missions de gaz \u00e0 effet de serre","r\u00e9duire les \u00e9missions","r\u00e9glementations de transport de l'UE","services de transport","small and medium enterprises","sustainable logistics","transparent information consumers","Transparente Informationen Verbraucher","transport committee EU","transport services","Transportdienstleistungen","Umweltausschuss EU","vehicle operation emissions","Verkehrsausschuss EU","voluntary emissions calculation"],"articleSection":["Intermodal \/ Route","L'Europe"],"inLanguage":"fr-FR","potentialAction":[{"@type":"CommentAction","name":"Comment","target":["https:\/\/transportjournal.com\/fr\/2026\/04\/28\/les-regles-de-lue-facilitent-la-comparaison-des-emissions-pour-les-transporteurs\/#respond"]}]},{"@type":"WebPage","@id":"https:\/\/transportjournal.com\/fr\/2026\/04\/28\/les-regles-de-lue-facilitent-la-comparaison-des-emissions-pour-les-transporteurs\/","url":"https:\/\/transportjournal.com\/fr\/2026\/04\/28\/les-regles-de-lue-facilitent-la-comparaison-des-emissions-pour-les-transporteurs\/","name":"Les r\u00e8gles de l&#8217;UE facilitent la comparaison des \u00e9missions pour les transporteurs - ITJ | International Transport Journal","isPartOf":{"@id":"https:\/\/transportjournal.com\/fr\/#website"},"primaryImageOfPage":{"@id":"https:\/\/transportjournal.com\/fr\/2026\/04\/28\/les-regles-de-lue-facilitent-la-comparaison-des-emissions-pour-les-transporteurs\/#primaryimage"},"image":{"@id":"https:\/\/transportjournal.com\/fr\/2026\/04\/28\/les-regles-de-lue-facilitent-la-comparaison-des-emissions-pour-les-transporteurs\/#primaryimage"},"thumbnailUrl":"https:\/\/transportjournal.com\/wp-content\/uploads\/sites\/2\/2026\/04\/LKW_Autobahn_Stau-aspect-ratio-1400-788.jpg","datePublished":"2026-04-28T12:24:51+00:00","breadcrumb":{"@id":"https:\/\/transportjournal.com\/fr\/2026\/04\/28\/les-regles-de-lue-facilitent-la-comparaison-des-emissions-pour-les-transporteurs\/#breadcrumb"},"inLanguage":"fr-FR","potentialAction":[{"@type":"ReadAction","target":["https:\/\/transportjournal.com\/fr\/2026\/04\/28\/les-regles-de-lue-facilitent-la-comparaison-des-emissions-pour-les-transporteurs\/"]}]},{"@type":"ImageObject","inLanguage":"fr-FR","@id":"https:\/\/transportjournal.com\/fr\/2026\/04\/28\/les-regles-de-lue-facilitent-la-comparaison-des-emissions-pour-les-transporteurs\/#primaryimage","url":"https:\/\/transportjournal.com\/wp-content\/uploads\/sites\/2\/2026\/04\/LKW_Autobahn_Stau-aspect-ratio-1400-788.jpg","contentUrl":"https:\/\/transportjournal.com\/wp-content\/uploads\/sites\/2\/2026\/04\/LKW_Autobahn_Stau-aspect-ratio-1400-788.jpg","width":1472,"height":829},{"@type":"BreadcrumbList","@id":"https:\/\/transportjournal.com\/fr\/2026\/04\/28\/les-regles-de-lue-facilitent-la-comparaison-des-emissions-pour-les-transporteurs\/#breadcrumb","itemListElement":[{"@type":"ListItem","position":1,"name":"Startseite","item":"https:\/\/transportjournal.com\/fr\/"},{"@type":"ListItem","position":2,"name":"Les r\u00e8gles de l&rsquo;UE facilitent la comparaison des \u00e9missions pour les transporteurs"}]},{"@type":"WebSite","@id":"https:\/\/transportjournal.com\/fr\/#website","url":"https:\/\/transportjournal.com\/fr\/","name":"ITJ | International Transport Journal","description":"Restez inform\u00e9 des derni\u00e8res nouvelles mondiales dans les secteurs du transport, de la logistique et de la cha\u00eene d'approvisionnement. Transport Journal fournit des informations d'experts, des analyses et des mises \u00e0 jour sur le transport maritime, l'aviation, l'intermodalit\u00e9 et l'exp\u00e9dition. ","publisher":{"@id":"https:\/\/transportjournal.com\/fr\/#organization"},"potentialAction":[{"@type":"SearchAction","target":{"@type":"EntryPoint","urlTemplate":"https:\/\/transportjournal.com\/fr\/?s={search_term_string}"},"query-input":{"@type":"PropertyValueSpecification","valueRequired":true,"valueName":"search_term_string"}}],"inLanguage":"fr-FR"},{"@type":"Organization","@id":"https:\/\/transportjournal.com\/fr\/#organization","name":"Groupe Logismedia AG","alternateName":"Logismedia Group AG","url":"https:\/\/transportjournal.com\/fr\/","logo":{"@type":"ImageObject","inLanguage":"fr-FR","@id":"https:\/\/transportjournal.com\/fr\/#\/schema\/logo\/image\/","url":"https:\/\/transportjournal.com\/wp-content\/uploads\/sites\/2\/2025\/09\/Logo_ITJ.png","contentUrl":"https:\/\/transportjournal.com\/wp-content\/uploads\/sites\/2\/2025\/09\/Logo_ITJ.png","width":799,"height":326,"caption":"Groupe Logismedia AG"},"image":{"@id":"https:\/\/transportjournal.com\/fr\/#\/schema\/logo\/image\/"},"sameAs":["https:\/\/www.linkedin.com\/company\/56456496\/admin\/dashboard\/","https:\/\/www.instagram.com\/logismediagroup\/","https:\/\/www.youtube.com\/@LogiamediaGroupAG"]},{"@type":"Person","@id":"https:\/\/transportjournal.com\/fr\/#\/schema\/person\/7b1593b33567ba798d300c8a1b0b85b1","name":"Andreas M\u00fcller","url":"https:\/\/transportjournal.com\/fr\/author\/logismedia\/"}]}},"_links":{"self":[{"href":"https:\/\/transportjournal.com\/fr\/wp-json\/wp\/v2\/posts\/87065","targetHints":{"allow":["GET"]}}],"collection":[{"href":"https:\/\/transportjournal.com\/fr\/wp-json\/wp\/v2\/posts"}],"about":[{"href":"https:\/\/transportjournal.com\/fr\/wp-json\/wp\/v2\/types\/post"}],"author":[{"embeddable":true,"href":"https:\/\/transportjournal.com\/fr\/wp-json\/wp\/v2\/users\/7"}],"replies":[{"embeddable":true,"href":"https:\/\/transportjournal.com\/fr\/wp-json\/wp\/v2\/comments?post=87065"}],"version-history":[{"count":0,"href":"https:\/\/transportjournal.com\/fr\/wp-json\/wp\/v2\/posts\/87065\/revisions"}],"wp:featuredmedia":[{"embeddable":true,"href":"https:\/\/transportjournal.com\/fr\/wp-json\/wp\/v2\/media\/87063"}],"wp:attachment":[{"href":"https:\/\/transportjournal.com\/fr\/wp-json\/wp\/v2\/media?parent=87065"}],"wp:term":[{"taxonomy":"category","embeddable":true,"href":"https:\/\/transportjournal.com\/fr\/wp-json\/wp\/v2\/categories?post=87065"},{"taxonomy":"post_tag","embeddable":true,"href":"https:\/\/transportjournal.com\/fr\/wp-json\/wp\/v2\/tags?post=87065"}],"curies":[{"name":"wp","href":"https:\/\/api.w.org\/{rel}","templated":true}]}}