{"id":86956,"date":"2026-04-28T09:44:14","date_gmt":"2026-04-28T09:44:14","guid":{"rendered":"https:\/\/transportjournal.com\/2026\/04\/28\/nouveau-portique-sts-pour-le-port-de-bilbao\/"},"modified":"2026-04-28T11:58:01","modified_gmt":"2026-04-28T09:58:01","slug":"nouveau-portique-sts-pour-le-port-de-bilbao","status":"publish","type":"post","link":"https:\/\/transportjournal.com\/fr\/2026\/04\/28\/nouveau-portique-sts-pour-le-port-de-bilbao\/","title":{"rendered":"Nouveau portique STS pour le port de Bilbao"},"content":{"rendered":"<p>CSP Iberian Bilbao Terminal, une filiale de Cosco Shipping Ports (Spain) Terminals (\u00e9galement connue sous le nom de CSP Spain) dans la baie de Bilbao Abra dans la baie de Biscaye dans l&#8217;oc\u00e9an Atlantique, a mis en service une nouvelle grue super post-Panamax, augmentant ainsi la capacit\u00e9 du port de Bilbao. L&#8217;installation vise \u00e0 am\u00e9liorer la productivit\u00e9 et l&#8217;efficacit\u00e9 dans le traitement des navires porte-conteneurs.<\/p>\n<p>La grue fait partie des plus grandes de son genre dans l&#8217;espace atlantique et sera op\u00e9rationnelle \u00e0 partir de juin. Elle est \u00e9quip\u00e9e de technologies modernes et de syst\u00e8mes \u00e9co\u00e9nerg\u00e9tiques. Sa capacit\u00e9 de levage est de 83 t. L&#8217;envergure est de 20 rang\u00e9es de conteneurs, et la hauteur de levage est de 56 m. Des fonctions de s\u00e9curit\u00e9 telles que la protection contre les collisions et des cam\u00e9ras soutiennent l&#8217;exploitation.<\/p>\n<p>CSP a investi environ 10 millions d&#8217;EUR dans l&#8217;installation du fabricant ZPMC. Ce montant fait partie d&#8217;un programme de modernisation qui se poursuivra jusqu&#8217;en 2049. Les investissements ant\u00e9rieurs dans des grues RTG se sont d\u00e9j\u00e0 amortis. Cela renforce le r\u00f4le du terminal dans le r\u00e9seau logistique atlantique.<\/p>\n<p><a href=\"http:\/\/www.cspspain.com\/en\/bilbao\" target=\"_blank\" rel=\"noopener noreferrer\">www.cspspain.com\/en\/bilbao<\/a><\/p>\n","protected":false},"excerpt":{"rendered":"<p>CSP Iberian Bilbao Terminal a mis en service un nouveau portique Super-Post-Panamax pour am\u00e9liorer l&rsquo;efficacit\u00e9 et la capacit\u00e9 du port de Bilbao.<\/p>\n","protected":false},"author":14,"featured_media":86951,"comment_status":"open","ping_status":"","sticky":false,"template":"","format":"standard","meta":{"_acf_changed":false,"footnotes":""},"categories":[1587,1583],"tags":[22804,42781,42782,42783,42784,42785,3703,42786,4087,42787,42788,42789,42790,42791,18242,42792,23597,22809,42793,12822,2122,42794,42795,42796,2909,14691,11683,11684,6478,42797,42798,3722,42799,42800,42801,42802,42803,2925,2720,14702,11691,2929,42804,42805,42806,42807,42808,42809,42810,42811,14460,42812,42813,12846,42814,42815,14722],"class_list":["post-86956","post","type-post","status-publish","format-standard","has-post-thumbnail","hentry","category-leurope","category-transport-maritime-et-ports","tag-amelioration-de-lefficacite-portuaire","tag-atlantic-logistics-network","tag-baie-de-biscaye","tag-bay-of-biscay-francais-port-de-bilbao","tag-bucht-von-biskaya-english-bilbao-port","tag-capacite-de-levage-83-t","tag-container-handling","tag-container-transport-atlantic","tag-containerabfertigung","tag-containertransport-atlantik","tag-cosco-shipping-ports","tag-crane-safety-features","tag-csp-iberian-bilbao-terminal","tag-deutsch-hafen-bilbao","tag-digitalisierung-hafenlogistik","tag-digitalization-in-port-logistics","tag-efficiency-improvement-in-ports","tag-effizienzsteigerung-hafen","tag-energieeffiziente-systeme","tag-energy-efficient-systems","tag-fachkraeftemangel-logistik","tag-fonctionnalites-de-securite-des-grues","tag-grue-super-post-panamax","tag-grues-rtg","tag-hafenbetrieb","tag-hafenstadt-bilbao","tag-investissements-dans-linfrastructure-portuaire","tag-investitionen-hafeninfrastruktur","tag-labor-shortage-in-logistics","tag-lifting-capacity-83-t","tag-logistiknetz-atlantik","tag-manutention-de-conteneurs","tag-modern-crane-systems","tag-moderne-krananlagen","tag-modernisierungsprogramm-2049","tag-modernization-program-2049","tag-numerisation-de-la-logistique-portuaire","tag-operations-portuaires","tag-penurie-de-main-doeuvre-dans-la-logistique","tag-port-city-bilbao","tag-port-infrastructure-investments","tag-port-operations","tag-productivite-des-navires-porte-conteneurs","tag-productivity-of-container-ships","tag-produktivitaet-containerschiffe","tag-programme-de-modernisation-2049","tag-reseau-logistique-atlantique","tag-rtg-cranes","tag-rtg-krane","tag-sicherheitsfunktionen-kran","tag-super-post-panamax-kran","tag-super-post-panamax-crane","tag-systemes-de-grues-modernes","tag-systemes-ecoenergetiques","tag-tragfaehigkeit-83-t","tag-transport-de-conteneurs-atlantique","tag-ville-portuaire-bilbao"],"acf":[],"yoast_head":"<!-- This site is optimized with the Yoast SEO plugin v27.3 - https:\/\/yoast.com\/product\/yoast-seo-wordpress\/ -->\n<title>Nouveau portique STS pour le port de Bilbao - ITJ | International Transport Journal<\/title>\n<meta name=\"robots\" content=\"index, follow, max-snippet:-1, max-image-preview:large, max-video-preview:-1\" \/>\n<link rel=\"canonical\" href=\"https:\/\/transportjournal.com\/fr\/2026\/04\/28\/nouveau-portique-sts-pour-le-port-de-bilbao\/\" \/>\n<meta property=\"og:locale\" content=\"fr_FR\" \/>\n<meta property=\"og:type\" content=\"article\" \/>\n<meta property=\"og:title\" content=\"Nouveau portique STS pour le port de Bilbao - ITJ | International Transport Journal\" \/>\n<meta property=\"og:description\" content=\"CSP Iberian Bilbao Terminal a mis en service un nouveau portique Super-Post-Panamax pour am\u00e9liorer l&#039;efficacit\u00e9 et la capacit\u00e9 du port de Bilbao.\" \/>\n<meta property=\"og:url\" content=\"https:\/\/transportjournal.com\/fr\/2026\/04\/28\/nouveau-portique-sts-pour-le-port-de-bilbao\/\" \/>\n<meta property=\"og:site_name\" content=\"ITJ | International Transport Journal\" \/>\n<meta property=\"article:published_time\" content=\"2026-04-28T09:44:14+00:00\" \/>\n<meta property=\"article:modified_time\" content=\"2026-04-28T09:58:01+00:00\" \/>\n<meta property=\"og:image\" content=\"https:\/\/transportjournal.com\/wp-content\/uploads\/sites\/2\/2026\/04\/Bilbao-Hafen-STS-Kran_JMA2600low-aspect-ratio-1400-788.jpg\" \/>\n\t<meta property=\"og:image:width\" content=\"1476\" \/>\n\t<meta property=\"og:image:height\" content=\"831\" \/>\n\t<meta property=\"og:image:type\" content=\"image\/jpeg\" \/>\n<meta name=\"author\" content=\"Gyan Sharan\" \/>\n<meta name=\"twitter:card\" content=\"summary_large_image\" \/>\n<meta name=\"twitter:label1\" content=\"\u00c9crit par\" \/>\n\t<meta name=\"twitter:data1\" content=\"Gyan Sharan\" \/>\n\t<meta name=\"twitter:label2\" content=\"Dur\u00e9e de lecture estim\u00e9e\" \/>\n\t<meta name=\"twitter:data2\" content=\"1 minute\" \/>\n<script type=\"application\/ld+json\" class=\"yoast-schema-graph\">{\"@context\":\"https:\\\/\\\/schema.org\",\"@graph\":[{\"@type\":\"Article\",\"@id\":\"https:\\\/\\\/transportjournal.com\\\/fr\\\/2026\\\/04\\\/28\\\/nouveau-portique-sts-pour-le-port-de-bilbao\\\/#article\",\"isPartOf\":{\"@id\":\"https:\\\/\\\/transportjournal.com\\\/fr\\\/2026\\\/04\\\/28\\\/nouveau-portique-sts-pour-le-port-de-bilbao\\\/\"},\"author\":{\"name\":\"Gyan Sharan\",\"@id\":\"https:\\\/\\\/transportjournal.com\\\/fr\\\/#\\\/schema\\\/person\\\/13a9fc605c753db60ef7750a229cd042\"},\"headline\":\"Nouveau portique STS pour le port de Bilbao\",\"datePublished\":\"2026-04-28T09:44:14+00:00\",\"dateModified\":\"2026-04-28T09:58:01+00:00\",\"mainEntityOfPage\":{\"@id\":\"https:\\\/\\\/transportjournal.com\\\/fr\\\/2026\\\/04\\\/28\\\/nouveau-portique-sts-pour-le-port-de-bilbao\\\/\"},\"wordCount\":212,\"commentCount\":0,\"publisher\":{\"@id\":\"https:\\\/\\\/transportjournal.com\\\/fr\\\/#organization\"},\"image\":{\"@id\":\"https:\\\/\\\/transportjournal.com\\\/fr\\\/2026\\\/04\\\/28\\\/nouveau-portique-sts-pour-le-port-de-bilbao\\\/#primaryimage\"},\"thumbnailUrl\":\"https:\\\/\\\/transportjournal.com\\\/wp-content\\\/uploads\\\/sites\\\/2\\\/2026\\\/04\\\/Bilbao-Hafen-STS-Kran_JMA2600low-aspect-ratio-1400-788.jpg\",\"keywords\":[\"am\u00e9lioration de l'efficacit\u00e9 portuaire\",\"Atlantic logistics network\",\"baie de Biscaye\",\"Bay of Biscay Fran\u00e7ais Port de Bilbao\",\"Bucht von Biskaya English Bilbao Port\",\"capacit\u00e9 de levage 83 t\",\"container handling\",\"container transport Atlantic\",\"Containerabfertigung\",\"Containertransport Atlantik\",\"Cosco Shipping Ports\",\"crane safety features\",\"CSP Iberian Bilbao Terminal\",\"Deutsch Hafen Bilbao\",\"Digitalisierung Hafenlogistik\",\"digitalization in port logistics\",\"efficiency improvement in ports\",\"Effizienzsteigerung Hafen\",\"energieeffiziente Systeme\",\"energy-efficient systems\",\"Fachkr\u00e4ftemangel Logistik\",\"fonctionnalit\u00e9s de s\u00e9curit\u00e9 des grues\",\"grue Super Post-Panamax\",\"grues RTG\",\"Hafenbetrieb\",\"Hafenstadt Bilbao\",\"investissements dans l'infrastructure portuaire\",\"Investitionen Hafeninfrastruktur\",\"labor shortage in logistics\",\"lifting capacity 83 t\",\"Logistiknetz Atlantik\",\"manutention de conteneurs\",\"modern crane systems\",\"moderne Krananlagen\",\"Modernisierungsprogramm 2049\",\"modernization program 2049\",\"num\u00e9risation de la logistique portuaire\",\"op\u00e9rations portuaires\",\"p\u00e9nurie de main-d'\u0153uvre dans la logistique\",\"port city Bilbao\",\"port infrastructure investments\",\"port operations\",\"productivit\u00e9 des navires porte-conteneurs\",\"productivity of container ships\",\"Produktivit\u00e4t Containerschiffe\",\"programme de modernisation 2049\",\"r\u00e9seau logistique Atlantique\",\"RTG cranes\",\"RTG-Krane\",\"Sicherheitsfunktionen Kran\",\"Super Post Panamax Kran\",\"Super Post-Panamax crane\",\"syst\u00e8mes de grues modernes\",\"syst\u00e8mes \u00e9co\u00e9nerg\u00e9tiques\",\"Tragf\u00e4higkeit 83 t\",\"transport de conteneurs Atlantique\",\"ville portuaire Bilbao\"],\"articleSection\":[\"L'Europe\",\"Transport maritime et ports\"],\"inLanguage\":\"fr-FR\",\"potentialAction\":[{\"@type\":\"CommentAction\",\"name\":\"Comment\",\"target\":[\"https:\\\/\\\/transportjournal.com\\\/fr\\\/2026\\\/04\\\/28\\\/nouveau-portique-sts-pour-le-port-de-bilbao\\\/#respond\"]}]},{\"@type\":\"WebPage\",\"@id\":\"https:\\\/\\\/transportjournal.com\\\/fr\\\/2026\\\/04\\\/28\\\/nouveau-portique-sts-pour-le-port-de-bilbao\\\/\",\"url\":\"https:\\\/\\\/transportjournal.com\\\/fr\\\/2026\\\/04\\\/28\\\/nouveau-portique-sts-pour-le-port-de-bilbao\\\/\",\"name\":\"Nouveau portique STS pour le port de Bilbao - ITJ | International Transport Journal\",\"isPartOf\":{\"@id\":\"https:\\\/\\\/transportjournal.com\\\/fr\\\/#website\"},\"primaryImageOfPage\":{\"@id\":\"https:\\\/\\\/transportjournal.com\\\/fr\\\/2026\\\/04\\\/28\\\/nouveau-portique-sts-pour-le-port-de-bilbao\\\/#primaryimage\"},\"image\":{\"@id\":\"https:\\\/\\\/transportjournal.com\\\/fr\\\/2026\\\/04\\\/28\\\/nouveau-portique-sts-pour-le-port-de-bilbao\\\/#primaryimage\"},\"thumbnailUrl\":\"https:\\\/\\\/transportjournal.com\\\/wp-content\\\/uploads\\\/sites\\\/2\\\/2026\\\/04\\\/Bilbao-Hafen-STS-Kran_JMA2600low-aspect-ratio-1400-788.jpg\",\"datePublished\":\"2026-04-28T09:44:14+00:00\",\"dateModified\":\"2026-04-28T09:58:01+00:00\",\"breadcrumb\":{\"@id\":\"https:\\\/\\\/transportjournal.com\\\/fr\\\/2026\\\/04\\\/28\\\/nouveau-portique-sts-pour-le-port-de-bilbao\\\/#breadcrumb\"},\"inLanguage\":\"fr-FR\",\"potentialAction\":[{\"@type\":\"ReadAction\",\"target\":[\"https:\\\/\\\/transportjournal.com\\\/fr\\\/2026\\\/04\\\/28\\\/nouveau-portique-sts-pour-le-port-de-bilbao\\\/\"]}]},{\"@type\":\"ImageObject\",\"inLanguage\":\"fr-FR\",\"@id\":\"https:\\\/\\\/transportjournal.com\\\/fr\\\/2026\\\/04\\\/28\\\/nouveau-portique-sts-pour-le-port-de-bilbao\\\/#primaryimage\",\"url\":\"https:\\\/\\\/transportjournal.com\\\/wp-content\\\/uploads\\\/sites\\\/2\\\/2026\\\/04\\\/Bilbao-Hafen-STS-Kran_JMA2600low-aspect-ratio-1400-788.jpg\",\"contentUrl\":\"https:\\\/\\\/transportjournal.com\\\/wp-content\\\/uploads\\\/sites\\\/2\\\/2026\\\/04\\\/Bilbao-Hafen-STS-Kran_JMA2600low-aspect-ratio-1400-788.jpg\",\"width\":1476,\"height\":831},{\"@type\":\"BreadcrumbList\",\"@id\":\"https:\\\/\\\/transportjournal.com\\\/fr\\\/2026\\\/04\\\/28\\\/nouveau-portique-sts-pour-le-port-de-bilbao\\\/#breadcrumb\",\"itemListElement\":[{\"@type\":\"ListItem\",\"position\":1,\"name\":\"Startseite\",\"item\":\"https:\\\/\\\/transportjournal.com\\\/fr\\\/\"},{\"@type\":\"ListItem\",\"position\":2,\"name\":\"Nouveau portique STS pour le port de Bilbao\"}]},{\"@type\":\"WebSite\",\"@id\":\"https:\\\/\\\/transportjournal.com\\\/fr\\\/#website\",\"url\":\"https:\\\/\\\/transportjournal.com\\\/fr\\\/\",\"name\":\"ITJ | International Transport Journal\",\"description\":\"Restez inform\u00e9 des derni\u00e8res nouvelles mondiales dans les secteurs du transport, de la logistique et de la cha\u00eene d'approvisionnement. Transport Journal fournit des informations d'experts, des analyses et des mises \u00e0 jour sur le transport maritime, l'aviation, l'intermodalit\u00e9 et l'exp\u00e9dition. \",\"publisher\":{\"@id\":\"https:\\\/\\\/transportjournal.com\\\/fr\\\/#organization\"},\"potentialAction\":[{\"@type\":\"SearchAction\",\"target\":{\"@type\":\"EntryPoint\",\"urlTemplate\":\"https:\\\/\\\/transportjournal.com\\\/fr\\\/?s={search_term_string}\"},\"query-input\":{\"@type\":\"PropertyValueSpecification\",\"valueRequired\":true,\"valueName\":\"search_term_string\"}}],\"inLanguage\":\"fr-FR\"},{\"@type\":\"Organization\",\"@id\":\"https:\\\/\\\/transportjournal.com\\\/fr\\\/#organization\",\"name\":\"Groupe Logismedia AG\",\"alternateName\":\"Logismedia Group AG\",\"url\":\"https:\\\/\\\/transportjournal.com\\\/fr\\\/\",\"logo\":{\"@type\":\"ImageObject\",\"inLanguage\":\"fr-FR\",\"@id\":\"https:\\\/\\\/transportjournal.com\\\/fr\\\/#\\\/schema\\\/logo\\\/image\\\/\",\"url\":\"https:\\\/\\\/transportjournal.com\\\/wp-content\\\/uploads\\\/sites\\\/2\\\/2025\\\/09\\\/Logo_ITJ.png\",\"contentUrl\":\"https:\\\/\\\/transportjournal.com\\\/wp-content\\\/uploads\\\/sites\\\/2\\\/2025\\\/09\\\/Logo_ITJ.png\",\"width\":799,\"height\":326,\"caption\":\"Groupe Logismedia AG\"},\"image\":{\"@id\":\"https:\\\/\\\/transportjournal.com\\\/fr\\\/#\\\/schema\\\/logo\\\/image\\\/\"},\"sameAs\":[\"https:\\\/\\\/www.linkedin.com\\\/company\\\/56456496\\\/admin\\\/dashboard\\\/\",\"https:\\\/\\\/www.instagram.com\\\/logismediagroup\\\/\",\"https:\\\/\\\/www.youtube.com\\\/@LogiamediaGroupAG\"]},{\"@type\":\"Person\",\"@id\":\"https:\\\/\\\/transportjournal.com\\\/fr\\\/#\\\/schema\\\/person\\\/13a9fc605c753db60ef7750a229cd042\",\"name\":\"Gyan Sharan\",\"url\":\"https:\\\/\\\/transportjournal.com\\\/fr\\\/author\\\/gyan\\\/\"}]}<\/script>\n<!-- \/ Yoast SEO plugin. -->","yoast_head_json":{"title":"Nouveau portique STS pour le port de Bilbao - ITJ | International Transport Journal","robots":{"index":"index","follow":"follow","max-snippet":"max-snippet:-1","max-image-preview":"max-image-preview:large","max-video-preview":"max-video-preview:-1"},"canonical":"https:\/\/transportjournal.com\/fr\/2026\/04\/28\/nouveau-portique-sts-pour-le-port-de-bilbao\/","og_locale":"fr_FR","og_type":"article","og_title":"Nouveau portique STS pour le port de Bilbao - ITJ | International Transport Journal","og_description":"CSP Iberian Bilbao Terminal a mis en service un nouveau portique Super-Post-Panamax pour am\u00e9liorer l'efficacit\u00e9 et la capacit\u00e9 du port de Bilbao.","og_url":"https:\/\/transportjournal.com\/fr\/2026\/04\/28\/nouveau-portique-sts-pour-le-port-de-bilbao\/","og_site_name":"ITJ | International Transport Journal","article_published_time":"2026-04-28T09:44:14+00:00","article_modified_time":"2026-04-28T09:58:01+00:00","og_image":[{"width":1476,"height":831,"url":"https:\/\/transportjournal.com\/wp-content\/uploads\/sites\/2\/2026\/04\/Bilbao-Hafen-STS-Kran_JMA2600low-aspect-ratio-1400-788.jpg","type":"image\/jpeg"}],"author":"Gyan Sharan","twitter_card":"summary_large_image","twitter_misc":{"\u00c9crit par":"Gyan Sharan","Dur\u00e9e de lecture estim\u00e9e":"1 minute"},"schema":{"@context":"https:\/\/schema.org","@graph":[{"@type":"Article","@id":"https:\/\/transportjournal.com\/fr\/2026\/04\/28\/nouveau-portique-sts-pour-le-port-de-bilbao\/#article","isPartOf":{"@id":"https:\/\/transportjournal.com\/fr\/2026\/04\/28\/nouveau-portique-sts-pour-le-port-de-bilbao\/"},"author":{"name":"Gyan Sharan","@id":"https:\/\/transportjournal.com\/fr\/#\/schema\/person\/13a9fc605c753db60ef7750a229cd042"},"headline":"Nouveau portique STS pour le port de Bilbao","datePublished":"2026-04-28T09:44:14+00:00","dateModified":"2026-04-28T09:58:01+00:00","mainEntityOfPage":{"@id":"https:\/\/transportjournal.com\/fr\/2026\/04\/28\/nouveau-portique-sts-pour-le-port-de-bilbao\/"},"wordCount":212,"commentCount":0,"publisher":{"@id":"https:\/\/transportjournal.com\/fr\/#organization"},"image":{"@id":"https:\/\/transportjournal.com\/fr\/2026\/04\/28\/nouveau-portique-sts-pour-le-port-de-bilbao\/#primaryimage"},"thumbnailUrl":"https:\/\/transportjournal.com\/wp-content\/uploads\/sites\/2\/2026\/04\/Bilbao-Hafen-STS-Kran_JMA2600low-aspect-ratio-1400-788.jpg","keywords":["am\u00e9lioration de l'efficacit\u00e9 portuaire","Atlantic logistics network","baie de Biscaye","Bay of Biscay Fran\u00e7ais Port de Bilbao","Bucht von Biskaya English Bilbao Port","capacit\u00e9 de levage 83 t","container handling","container transport Atlantic","Containerabfertigung","Containertransport Atlantik","Cosco Shipping Ports","crane safety features","CSP Iberian Bilbao Terminal","Deutsch Hafen Bilbao","Digitalisierung Hafenlogistik","digitalization in port logistics","efficiency improvement in ports","Effizienzsteigerung Hafen","energieeffiziente Systeme","energy-efficient systems","Fachkr\u00e4ftemangel Logistik","fonctionnalit\u00e9s de s\u00e9curit\u00e9 des grues","grue Super Post-Panamax","grues RTG","Hafenbetrieb","Hafenstadt Bilbao","investissements dans l'infrastructure portuaire","Investitionen Hafeninfrastruktur","labor shortage in logistics","lifting capacity 83 t","Logistiknetz Atlantik","manutention de conteneurs","modern crane systems","moderne Krananlagen","Modernisierungsprogramm 2049","modernization program 2049","num\u00e9risation de la logistique portuaire","op\u00e9rations portuaires","p\u00e9nurie de main-d'\u0153uvre dans la logistique","port city Bilbao","port infrastructure investments","port operations","productivit\u00e9 des navires porte-conteneurs","productivity of container ships","Produktivit\u00e4t Containerschiffe","programme de modernisation 2049","r\u00e9seau logistique Atlantique","RTG cranes","RTG-Krane","Sicherheitsfunktionen Kran","Super Post Panamax Kran","Super Post-Panamax crane","syst\u00e8mes de grues modernes","syst\u00e8mes \u00e9co\u00e9nerg\u00e9tiques","Tragf\u00e4higkeit 83 t","transport de conteneurs Atlantique","ville portuaire Bilbao"],"articleSection":["L'Europe","Transport maritime et ports"],"inLanguage":"fr-FR","potentialAction":[{"@type":"CommentAction","name":"Comment","target":["https:\/\/transportjournal.com\/fr\/2026\/04\/28\/nouveau-portique-sts-pour-le-port-de-bilbao\/#respond"]}]},{"@type":"WebPage","@id":"https:\/\/transportjournal.com\/fr\/2026\/04\/28\/nouveau-portique-sts-pour-le-port-de-bilbao\/","url":"https:\/\/transportjournal.com\/fr\/2026\/04\/28\/nouveau-portique-sts-pour-le-port-de-bilbao\/","name":"Nouveau portique STS pour le port de Bilbao - ITJ | International Transport Journal","isPartOf":{"@id":"https:\/\/transportjournal.com\/fr\/#website"},"primaryImageOfPage":{"@id":"https:\/\/transportjournal.com\/fr\/2026\/04\/28\/nouveau-portique-sts-pour-le-port-de-bilbao\/#primaryimage"},"image":{"@id":"https:\/\/transportjournal.com\/fr\/2026\/04\/28\/nouveau-portique-sts-pour-le-port-de-bilbao\/#primaryimage"},"thumbnailUrl":"https:\/\/transportjournal.com\/wp-content\/uploads\/sites\/2\/2026\/04\/Bilbao-Hafen-STS-Kran_JMA2600low-aspect-ratio-1400-788.jpg","datePublished":"2026-04-28T09:44:14+00:00","dateModified":"2026-04-28T09:58:01+00:00","breadcrumb":{"@id":"https:\/\/transportjournal.com\/fr\/2026\/04\/28\/nouveau-portique-sts-pour-le-port-de-bilbao\/#breadcrumb"},"inLanguage":"fr-FR","potentialAction":[{"@type":"ReadAction","target":["https:\/\/transportjournal.com\/fr\/2026\/04\/28\/nouveau-portique-sts-pour-le-port-de-bilbao\/"]}]},{"@type":"ImageObject","inLanguage":"fr-FR","@id":"https:\/\/transportjournal.com\/fr\/2026\/04\/28\/nouveau-portique-sts-pour-le-port-de-bilbao\/#primaryimage","url":"https:\/\/transportjournal.com\/wp-content\/uploads\/sites\/2\/2026\/04\/Bilbao-Hafen-STS-Kran_JMA2600low-aspect-ratio-1400-788.jpg","contentUrl":"https:\/\/transportjournal.com\/wp-content\/uploads\/sites\/2\/2026\/04\/Bilbao-Hafen-STS-Kran_JMA2600low-aspect-ratio-1400-788.jpg","width":1476,"height":831},{"@type":"BreadcrumbList","@id":"https:\/\/transportjournal.com\/fr\/2026\/04\/28\/nouveau-portique-sts-pour-le-port-de-bilbao\/#breadcrumb","itemListElement":[{"@type":"ListItem","position":1,"name":"Startseite","item":"https:\/\/transportjournal.com\/fr\/"},{"@type":"ListItem","position":2,"name":"Nouveau portique STS pour le port de Bilbao"}]},{"@type":"WebSite","@id":"https:\/\/transportjournal.com\/fr\/#website","url":"https:\/\/transportjournal.com\/fr\/","name":"ITJ | International Transport Journal","description":"Restez inform\u00e9 des derni\u00e8res nouvelles mondiales dans les secteurs du transport, de la logistique et de la cha\u00eene d'approvisionnement. Transport Journal fournit des informations d'experts, des analyses et des mises \u00e0 jour sur le transport maritime, l'aviation, l'intermodalit\u00e9 et l'exp\u00e9dition. ","publisher":{"@id":"https:\/\/transportjournal.com\/fr\/#organization"},"potentialAction":[{"@type":"SearchAction","target":{"@type":"EntryPoint","urlTemplate":"https:\/\/transportjournal.com\/fr\/?s={search_term_string}"},"query-input":{"@type":"PropertyValueSpecification","valueRequired":true,"valueName":"search_term_string"}}],"inLanguage":"fr-FR"},{"@type":"Organization","@id":"https:\/\/transportjournal.com\/fr\/#organization","name":"Groupe Logismedia AG","alternateName":"Logismedia Group AG","url":"https:\/\/transportjournal.com\/fr\/","logo":{"@type":"ImageObject","inLanguage":"fr-FR","@id":"https:\/\/transportjournal.com\/fr\/#\/schema\/logo\/image\/","url":"https:\/\/transportjournal.com\/wp-content\/uploads\/sites\/2\/2025\/09\/Logo_ITJ.png","contentUrl":"https:\/\/transportjournal.com\/wp-content\/uploads\/sites\/2\/2025\/09\/Logo_ITJ.png","width":799,"height":326,"caption":"Groupe Logismedia AG"},"image":{"@id":"https:\/\/transportjournal.com\/fr\/#\/schema\/logo\/image\/"},"sameAs":["https:\/\/www.linkedin.com\/company\/56456496\/admin\/dashboard\/","https:\/\/www.instagram.com\/logismediagroup\/","https:\/\/www.youtube.com\/@LogiamediaGroupAG"]},{"@type":"Person","@id":"https:\/\/transportjournal.com\/fr\/#\/schema\/person\/13a9fc605c753db60ef7750a229cd042","name":"Gyan Sharan","url":"https:\/\/transportjournal.com\/fr\/author\/gyan\/"}]}},"_links":{"self":[{"href":"https:\/\/transportjournal.com\/fr\/wp-json\/wp\/v2\/posts\/86956","targetHints":{"allow":["GET"]}}],"collection":[{"href":"https:\/\/transportjournal.com\/fr\/wp-json\/wp\/v2\/posts"}],"about":[{"href":"https:\/\/transportjournal.com\/fr\/wp-json\/wp\/v2\/types\/post"}],"author":[{"embeddable":true,"href":"https:\/\/transportjournal.com\/fr\/wp-json\/wp\/v2\/users\/14"}],"replies":[{"embeddable":true,"href":"https:\/\/transportjournal.com\/fr\/wp-json\/wp\/v2\/comments?post=86956"}],"version-history":[{"count":1,"href":"https:\/\/transportjournal.com\/fr\/wp-json\/wp\/v2\/posts\/86956\/revisions"}],"predecessor-version":[{"id":86974,"href":"https:\/\/transportjournal.com\/fr\/wp-json\/wp\/v2\/posts\/86956\/revisions\/86974"}],"wp:featuredmedia":[{"embeddable":true,"href":"https:\/\/transportjournal.com\/fr\/wp-json\/wp\/v2\/media\/86951"}],"wp:attachment":[{"href":"https:\/\/transportjournal.com\/fr\/wp-json\/wp\/v2\/media?parent=86956"}],"wp:term":[{"taxonomy":"category","embeddable":true,"href":"https:\/\/transportjournal.com\/fr\/wp-json\/wp\/v2\/categories?post=86956"},{"taxonomy":"post_tag","embeddable":true,"href":"https:\/\/transportjournal.com\/fr\/wp-json\/wp\/v2\/tags?post=86956"}],"curies":[{"name":"wp","href":"https:\/\/api.w.org\/{rel}","templated":true}]}}