{"id":86907,"date":"2026-04-28T08:41:03","date_gmt":"2026-04-28T08:41:03","guid":{"rendered":"https:\/\/transportjournal.com\/2026\/04\/28\/bartrums-elargit-sa-flotte-de-15-remorques\/"},"modified":"2026-04-28T10:55:57","modified_gmt":"2026-04-28T08:55:57","slug":"bartrums-elargit-sa-flotte-de-15-remorques","status":"publish","type":"post","link":"https:\/\/transportjournal.com\/fr\/2026\/04\/28\/bartrums-elargit-sa-flotte-de-15-remorques\/","title":{"rendered":"Bartrums \u00e9largit sa flotte de 15 remorques"},"content":{"rendered":"<p>Bartrums a \u00e9largi sa flotte de 15 nouveaux remorques \u00e0 double marque. Cet investissement, qui s&#8217;\u00e9l\u00e8ve \u00e0 six chiffres, fait partie d&#8217;une strat\u00e9gie de modernisation de la flotte dans le cadre de l&#8217;\u00ab Ann\u00e9e de la croissance \u00bb, selon l&#8217;entreprise. Les nouvelles remorques arborent \u00e0 la fois le logo de Bartrums et celui de Pallet Track, soulignant ainsi l&#8217;adh\u00e9sion de longue date de l&#8217;entreprise au r\u00e9seau de palettes. Bartrums est membre fondateur de Pallet Track depuis 2004.<\/p>\n<p>Les nouvelles remorques viennent s&#8217;ajouter \u00e0 la flotte existante de plus de 200 v\u00e9hicules et arrivent \u00e0 un moment o\u00f9 Bartrums, selon ses propres d\u00e9clarations, r\u00e9alise des investissements significatifs dans son infrastructure. Tremayne Johnson, directeur des op\u00e9rations de Bartrums, a comment\u00e9 les nouvelles remorques comme suit : \u00ab En tant que membres fondateurs de Pallet Track en 2004, nous ne pourrions pas \u00eatre plus fiers de nos nouvelles remorques \u00e0 double marque. Notre adh\u00e9sion \u00e0 Pallet Track est absolument int\u00e9grale \u00e0 l&#8217;ensemble de notre portefeuille de services. \u00bb<\/p>\n<p>Au total, Bartrums a pr\u00e9vu environ 4 millions de livres pour la modernisation de sa flotte cette ann\u00e9e. Cela inclut \u00e9galement la cr\u00e9ation d&#8217;une station de recharge pour v\u00e9hicules \u00e9lectriques. 12 des 15 nouvelles remorques proviennent du fabricant allemand Schmitz Cargobull.<\/p>\n<p><a href=\"https:\/\/bartrums.com\/\" target=\"_blank\" rel=\"noopener noreferrer\">www.bartrums.com<\/a><\/p>\n","protected":false},"excerpt":{"rendered":"<p>Bartrums a \u00e9largi sa flotte de 15 nouvelles remorques \u00e0 double marque, qui doivent notamment souligner le partenariat avec Pallet Track.<\/p>\n","protected":false},"author":10,"featured_media":86905,"comment_status":"open","ping_status":"","sticky":false,"template":"","format":"standard","meta":{"_acf_changed":false,"footnotes":""},"categories":[1580,1587],"tags":[42680,42681,42682,42683,42684,42685,42686,42687,42688,42689,42690,26555,7919,1796,26559,1864,42691,2419,36120,18823,2421,2125,3682,3683,42692,42693,42694,2132,2469,2135,1831,2622,42695,3427,1800,42696,42697,42698,13417,2481,42699,42700,40307,2153,3572,2641,2155,3574,3575,1837,36128,7944,42701],"class_list":["post-86907","post","type-post","status-publish","format-standard","has-post-thumbnail","hentry","category-intermodal-route","category-leurope","tag-acheter-des-remorques","tag-adhesion-a-pallet-track","tag-anhaenger-kaufen","tag-annee-de-croissance","tag-bartrums-operations-manager","tag-betriebsleiter-bartrums","tag-buying-trailers","tag-deutsch-bartrums","tag-directeur-des-operations-bartrums","tag-doppelmarkenanhaenger","tag-double-deck-trailers","tag-elargir-la-flotte","tag-electric-vehicles","tag-elektrofahrzeuge","tag-expanding-fleet","tag-fahrzeugflotte","tag-fleet-investment","tag-fleet-modernization","tag-flotte-de-vehicules","tag-flotte-erweitern","tag-flottenmodernisierung","tag-industrie-du-transport","tag-infrastructure","tag-infrastruktur","tag-investissement-dans-la-flotte","tag-investitionen-in-flotte","tag-jahres-des-wachstums","tag-logistics-sector","tag-logistics-service-provider","tag-logistikbranche","tag-logistikdienstleister","tag-logistique-durable","tag-mitgliedschaft-pallet-track-english-bartrums","tag-modernisation-de-flotte","tag-nachhaltige-logistik","tag-palettennetzwerk","tag-pallet-network","tag-pallet-track-membership-francais-bartrums","tag-pallet-track","tag-prestataire-logistique","tag-remorques-a-double-etage","tag-reseau-de-palettes","tag-schmitz-cargobull","tag-secteur-logistique","tag-solutions-de-transport","tag-sustainable-logistics","tag-transport-industry","tag-transport-solutions","tag-transportloesungen","tag-transportwirtschaft","tag-vehicle-fleet","tag-vehicules-electriques","tag-year-of-growth"],"acf":[],"yoast_head":"<!-- This site is optimized with the Yoast SEO plugin v27.3 - https:\/\/yoast.com\/product\/yoast-seo-wordpress\/ -->\n<title>Bartrums \u00e9largit sa flotte de 15 remorques - ITJ | International Transport Journal<\/title>\n<meta name=\"robots\" content=\"index, follow, max-snippet:-1, max-image-preview:large, max-video-preview:-1\" \/>\n<link rel=\"canonical\" href=\"https:\/\/transportjournal.com\/fr\/2026\/04\/28\/bartrums-elargit-sa-flotte-de-15-remorques\/\" \/>\n<meta property=\"og:locale\" content=\"fr_FR\" \/>\n<meta property=\"og:type\" content=\"article\" \/>\n<meta property=\"og:title\" content=\"Bartrums \u00e9largit sa flotte de 15 remorques - ITJ | International Transport Journal\" \/>\n<meta property=\"og:description\" content=\"Bartrums a \u00e9largi sa flotte de 15 nouvelles remorques \u00e0 double marque, qui doivent notamment souligner le partenariat avec Pallet Track.\" \/>\n<meta property=\"og:url\" content=\"https:\/\/transportjournal.com\/fr\/2026\/04\/28\/bartrums-elargit-sa-flotte-de-15-remorques\/\" \/>\n<meta property=\"og:site_name\" content=\"ITJ | International Transport Journal\" \/>\n<meta property=\"article:published_time\" content=\"2026-04-28T08:41:03+00:00\" \/>\n<meta property=\"article:modified_time\" content=\"2026-04-28T08:55:57+00:00\" \/>\n<meta property=\"og:image\" content=\"https:\/\/transportjournal.com\/wp-content\/uploads\/sites\/2\/2026\/04\/Bartrums-34-aspect-ratio-1400-788.jpg\" \/>\n\t<meta property=\"og:image:width\" content=\"2500\" \/>\n\t<meta property=\"og:image:height\" content=\"1407\" \/>\n\t<meta property=\"og:image:type\" content=\"image\/jpeg\" \/>\n<meta name=\"author\" content=\"Jeremy Soland\" \/>\n<meta name=\"twitter:card\" content=\"summary_large_image\" \/>\n<meta name=\"twitter:label1\" content=\"\u00c9crit par\" \/>\n\t<meta name=\"twitter:data1\" content=\"Jeremy Soland\" \/>\n\t<meta name=\"twitter:label2\" content=\"Dur\u00e9e de lecture estim\u00e9e\" \/>\n\t<meta name=\"twitter:data2\" content=\"1 minute\" \/>\n<script type=\"application\/ld+json\" class=\"yoast-schema-graph\">{\"@context\":\"https:\\\/\\\/schema.org\",\"@graph\":[{\"@type\":\"Article\",\"@id\":\"https:\\\/\\\/transportjournal.com\\\/fr\\\/2026\\\/04\\\/28\\\/bartrums-elargit-sa-flotte-de-15-remorques\\\/#article\",\"isPartOf\":{\"@id\":\"https:\\\/\\\/transportjournal.com\\\/fr\\\/2026\\\/04\\\/28\\\/bartrums-elargit-sa-flotte-de-15-remorques\\\/\"},\"author\":{\"name\":\"Jeremy Soland\",\"@id\":\"https:\\\/\\\/transportjournal.com\\\/fr\\\/#\\\/schema\\\/person\\\/41d36b5474b623392fa613e97e2363fa\"},\"headline\":\"Bartrums \u00e9largit sa flotte de 15 remorques\",\"datePublished\":\"2026-04-28T08:41:03+00:00\",\"dateModified\":\"2026-04-28T08:55:57+00:00\",\"mainEntityOfPage\":{\"@id\":\"https:\\\/\\\/transportjournal.com\\\/fr\\\/2026\\\/04\\\/28\\\/bartrums-elargit-sa-flotte-de-15-remorques\\\/\"},\"wordCount\":219,\"commentCount\":0,\"publisher\":{\"@id\":\"https:\\\/\\\/transportjournal.com\\\/fr\\\/#organization\"},\"image\":{\"@id\":\"https:\\\/\\\/transportjournal.com\\\/fr\\\/2026\\\/04\\\/28\\\/bartrums-elargit-sa-flotte-de-15-remorques\\\/#primaryimage\"},\"thumbnailUrl\":\"https:\\\/\\\/transportjournal.com\\\/wp-content\\\/uploads\\\/sites\\\/2\\\/2026\\\/04\\\/Bartrums-34-aspect-ratio-1400-788.jpg\",\"keywords\":[\"acheter des remorques\",\"adh\u00e9sion \u00e0 Pallet Track\",\"Anh\u00e4nger kaufen\",\"ann\u00e9e de croissance\",\"Bartrums operations manager\",\"Betriebsleiter Bartrums\",\"buying trailers\",\"Deutsch Bartrums\",\"directeur des op\u00e9rations Bartrums\",\"Doppelmarkenanh\u00e4nger\",\"double-deck trailers\",\"\u00e9largir la flotte\",\"electric vehicles\",\"Elektrofahrzeuge\",\"expanding fleet\",\"Fahrzeugflotte\",\"fleet investment\",\"fleet modernization\",\"flotte de v\u00e9hicules\",\"Flotte erweitern\",\"Flottenmodernisierung\",\"industrie du transport\",\"infrastructure\",\"Infrastruktur\",\"investissement dans la flotte\",\"Investitionen in Flotte\",\"Jahres des Wachstums\",\"logistics sector\",\"logistics service provider\",\"Logistikbranche\",\"Logistikdienstleister\",\"logistique durable\",\"Mitgliedschaft Pallet Track English Bartrums\",\"modernisation de flotte\",\"nachhaltige Logistik\",\"Palettennetzwerk\",\"pallet network\",\"Pallet Track membership Fran\u00e7ais Bartrums\",\"Pallet-Track\",\"prestataire logistique\",\"remorques \u00e0 double \u00e9tage\",\"r\u00e9seau de palettes\",\"Schmitz Cargobull\",\"secteur logistique\",\"solutions de transport\",\"sustainable logistics\",\"transport industry\",\"transport solutions\",\"Transportl\u00f6sungen\",\"Transportwirtschaft\",\"vehicle fleet\",\"v\u00e9hicules \u00e9lectriques\",\"year of growth\"],\"articleSection\":[\"Intermodal \\\/ Route\",\"L'Europe\"],\"inLanguage\":\"fr-FR\",\"potentialAction\":[{\"@type\":\"CommentAction\",\"name\":\"Comment\",\"target\":[\"https:\\\/\\\/transportjournal.com\\\/fr\\\/2026\\\/04\\\/28\\\/bartrums-elargit-sa-flotte-de-15-remorques\\\/#respond\"]}]},{\"@type\":\"WebPage\",\"@id\":\"https:\\\/\\\/transportjournal.com\\\/fr\\\/2026\\\/04\\\/28\\\/bartrums-elargit-sa-flotte-de-15-remorques\\\/\",\"url\":\"https:\\\/\\\/transportjournal.com\\\/fr\\\/2026\\\/04\\\/28\\\/bartrums-elargit-sa-flotte-de-15-remorques\\\/\",\"name\":\"Bartrums \u00e9largit sa flotte de 15 remorques - ITJ | International Transport Journal\",\"isPartOf\":{\"@id\":\"https:\\\/\\\/transportjournal.com\\\/fr\\\/#website\"},\"primaryImageOfPage\":{\"@id\":\"https:\\\/\\\/transportjournal.com\\\/fr\\\/2026\\\/04\\\/28\\\/bartrums-elargit-sa-flotte-de-15-remorques\\\/#primaryimage\"},\"image\":{\"@id\":\"https:\\\/\\\/transportjournal.com\\\/fr\\\/2026\\\/04\\\/28\\\/bartrums-elargit-sa-flotte-de-15-remorques\\\/#primaryimage\"},\"thumbnailUrl\":\"https:\\\/\\\/transportjournal.com\\\/wp-content\\\/uploads\\\/sites\\\/2\\\/2026\\\/04\\\/Bartrums-34-aspect-ratio-1400-788.jpg\",\"datePublished\":\"2026-04-28T08:41:03+00:00\",\"dateModified\":\"2026-04-28T08:55:57+00:00\",\"breadcrumb\":{\"@id\":\"https:\\\/\\\/transportjournal.com\\\/fr\\\/2026\\\/04\\\/28\\\/bartrums-elargit-sa-flotte-de-15-remorques\\\/#breadcrumb\"},\"inLanguage\":\"fr-FR\",\"potentialAction\":[{\"@type\":\"ReadAction\",\"target\":[\"https:\\\/\\\/transportjournal.com\\\/fr\\\/2026\\\/04\\\/28\\\/bartrums-elargit-sa-flotte-de-15-remorques\\\/\"]}]},{\"@type\":\"ImageObject\",\"inLanguage\":\"fr-FR\",\"@id\":\"https:\\\/\\\/transportjournal.com\\\/fr\\\/2026\\\/04\\\/28\\\/bartrums-elargit-sa-flotte-de-15-remorques\\\/#primaryimage\",\"url\":\"https:\\\/\\\/transportjournal.com\\\/wp-content\\\/uploads\\\/sites\\\/2\\\/2026\\\/04\\\/Bartrums-34-aspect-ratio-1400-788.jpg\",\"contentUrl\":\"https:\\\/\\\/transportjournal.com\\\/wp-content\\\/uploads\\\/sites\\\/2\\\/2026\\\/04\\\/Bartrums-34-aspect-ratio-1400-788.jpg\",\"width\":2500,\"height\":1407},{\"@type\":\"BreadcrumbList\",\"@id\":\"https:\\\/\\\/transportjournal.com\\\/fr\\\/2026\\\/04\\\/28\\\/bartrums-elargit-sa-flotte-de-15-remorques\\\/#breadcrumb\",\"itemListElement\":[{\"@type\":\"ListItem\",\"position\":1,\"name\":\"Startseite\",\"item\":\"https:\\\/\\\/transportjournal.com\\\/fr\\\/\"},{\"@type\":\"ListItem\",\"position\":2,\"name\":\"Bartrums \u00e9largit sa flotte de 15 remorques\"}]},{\"@type\":\"WebSite\",\"@id\":\"https:\\\/\\\/transportjournal.com\\\/fr\\\/#website\",\"url\":\"https:\\\/\\\/transportjournal.com\\\/fr\\\/\",\"name\":\"ITJ | International Transport Journal\",\"description\":\"Restez inform\u00e9 des derni\u00e8res nouvelles mondiales dans les secteurs du transport, de la logistique et de la cha\u00eene d'approvisionnement. Transport Journal fournit des informations d'experts, des analyses et des mises \u00e0 jour sur le transport maritime, l'aviation, l'intermodalit\u00e9 et l'exp\u00e9dition. \",\"publisher\":{\"@id\":\"https:\\\/\\\/transportjournal.com\\\/fr\\\/#organization\"},\"potentialAction\":[{\"@type\":\"SearchAction\",\"target\":{\"@type\":\"EntryPoint\",\"urlTemplate\":\"https:\\\/\\\/transportjournal.com\\\/fr\\\/?s={search_term_string}\"},\"query-input\":{\"@type\":\"PropertyValueSpecification\",\"valueRequired\":true,\"valueName\":\"search_term_string\"}}],\"inLanguage\":\"fr-FR\"},{\"@type\":\"Organization\",\"@id\":\"https:\\\/\\\/transportjournal.com\\\/fr\\\/#organization\",\"name\":\"Groupe Logismedia AG\",\"alternateName\":\"Logismedia Group AG\",\"url\":\"https:\\\/\\\/transportjournal.com\\\/fr\\\/\",\"logo\":{\"@type\":\"ImageObject\",\"inLanguage\":\"fr-FR\",\"@id\":\"https:\\\/\\\/transportjournal.com\\\/fr\\\/#\\\/schema\\\/logo\\\/image\\\/\",\"url\":\"https:\\\/\\\/transportjournal.com\\\/wp-content\\\/uploads\\\/sites\\\/2\\\/2025\\\/09\\\/Logo_ITJ.png\",\"contentUrl\":\"https:\\\/\\\/transportjournal.com\\\/wp-content\\\/uploads\\\/sites\\\/2\\\/2025\\\/09\\\/Logo_ITJ.png\",\"width\":799,\"height\":326,\"caption\":\"Groupe Logismedia AG\"},\"image\":{\"@id\":\"https:\\\/\\\/transportjournal.com\\\/fr\\\/#\\\/schema\\\/logo\\\/image\\\/\"},\"sameAs\":[\"https:\\\/\\\/www.linkedin.com\\\/company\\\/56456496\\\/admin\\\/dashboard\\\/\",\"https:\\\/\\\/www.instagram.com\\\/logismediagroup\\\/\",\"https:\\\/\\\/www.youtube.com\\\/@LogiamediaGroupAG\"]},{\"@type\":\"Person\",\"@id\":\"https:\\\/\\\/transportjournal.com\\\/fr\\\/#\\\/schema\\\/person\\\/41d36b5474b623392fa613e97e2363fa\",\"name\":\"Jeremy Soland\",\"url\":\"https:\\\/\\\/transportjournal.com\\\/fr\\\/author\\\/jeremy\\\/\"}]}<\/script>\n<!-- \/ Yoast SEO plugin. -->","yoast_head_json":{"title":"Bartrums \u00e9largit sa flotte de 15 remorques - ITJ | International Transport Journal","robots":{"index":"index","follow":"follow","max-snippet":"max-snippet:-1","max-image-preview":"max-image-preview:large","max-video-preview":"max-video-preview:-1"},"canonical":"https:\/\/transportjournal.com\/fr\/2026\/04\/28\/bartrums-elargit-sa-flotte-de-15-remorques\/","og_locale":"fr_FR","og_type":"article","og_title":"Bartrums \u00e9largit sa flotte de 15 remorques - ITJ | International Transport Journal","og_description":"Bartrums a \u00e9largi sa flotte de 15 nouvelles remorques \u00e0 double marque, qui doivent notamment souligner le partenariat avec Pallet Track.","og_url":"https:\/\/transportjournal.com\/fr\/2026\/04\/28\/bartrums-elargit-sa-flotte-de-15-remorques\/","og_site_name":"ITJ | International Transport Journal","article_published_time":"2026-04-28T08:41:03+00:00","article_modified_time":"2026-04-28T08:55:57+00:00","og_image":[{"width":2500,"height":1407,"url":"https:\/\/transportjournal.com\/wp-content\/uploads\/sites\/2\/2026\/04\/Bartrums-34-aspect-ratio-1400-788.jpg","type":"image\/jpeg"}],"author":"Jeremy Soland","twitter_card":"summary_large_image","twitter_misc":{"\u00c9crit par":"Jeremy Soland","Dur\u00e9e de lecture estim\u00e9e":"1 minute"},"schema":{"@context":"https:\/\/schema.org","@graph":[{"@type":"Article","@id":"https:\/\/transportjournal.com\/fr\/2026\/04\/28\/bartrums-elargit-sa-flotte-de-15-remorques\/#article","isPartOf":{"@id":"https:\/\/transportjournal.com\/fr\/2026\/04\/28\/bartrums-elargit-sa-flotte-de-15-remorques\/"},"author":{"name":"Jeremy Soland","@id":"https:\/\/transportjournal.com\/fr\/#\/schema\/person\/41d36b5474b623392fa613e97e2363fa"},"headline":"Bartrums \u00e9largit sa flotte de 15 remorques","datePublished":"2026-04-28T08:41:03+00:00","dateModified":"2026-04-28T08:55:57+00:00","mainEntityOfPage":{"@id":"https:\/\/transportjournal.com\/fr\/2026\/04\/28\/bartrums-elargit-sa-flotte-de-15-remorques\/"},"wordCount":219,"commentCount":0,"publisher":{"@id":"https:\/\/transportjournal.com\/fr\/#organization"},"image":{"@id":"https:\/\/transportjournal.com\/fr\/2026\/04\/28\/bartrums-elargit-sa-flotte-de-15-remorques\/#primaryimage"},"thumbnailUrl":"https:\/\/transportjournal.com\/wp-content\/uploads\/sites\/2\/2026\/04\/Bartrums-34-aspect-ratio-1400-788.jpg","keywords":["acheter des remorques","adh\u00e9sion \u00e0 Pallet Track","Anh\u00e4nger kaufen","ann\u00e9e de croissance","Bartrums operations manager","Betriebsleiter Bartrums","buying trailers","Deutsch Bartrums","directeur des op\u00e9rations Bartrums","Doppelmarkenanh\u00e4nger","double-deck trailers","\u00e9largir la flotte","electric vehicles","Elektrofahrzeuge","expanding fleet","Fahrzeugflotte","fleet investment","fleet modernization","flotte de v\u00e9hicules","Flotte erweitern","Flottenmodernisierung","industrie du transport","infrastructure","Infrastruktur","investissement dans la flotte","Investitionen in Flotte","Jahres des Wachstums","logistics sector","logistics service provider","Logistikbranche","Logistikdienstleister","logistique durable","Mitgliedschaft Pallet Track English Bartrums","modernisation de flotte","nachhaltige Logistik","Palettennetzwerk","pallet network","Pallet Track membership Fran\u00e7ais Bartrums","Pallet-Track","prestataire logistique","remorques \u00e0 double \u00e9tage","r\u00e9seau de palettes","Schmitz Cargobull","secteur logistique","solutions de transport","sustainable logistics","transport industry","transport solutions","Transportl\u00f6sungen","Transportwirtschaft","vehicle fleet","v\u00e9hicules \u00e9lectriques","year of growth"],"articleSection":["Intermodal \/ Route","L'Europe"],"inLanguage":"fr-FR","potentialAction":[{"@type":"CommentAction","name":"Comment","target":["https:\/\/transportjournal.com\/fr\/2026\/04\/28\/bartrums-elargit-sa-flotte-de-15-remorques\/#respond"]}]},{"@type":"WebPage","@id":"https:\/\/transportjournal.com\/fr\/2026\/04\/28\/bartrums-elargit-sa-flotte-de-15-remorques\/","url":"https:\/\/transportjournal.com\/fr\/2026\/04\/28\/bartrums-elargit-sa-flotte-de-15-remorques\/","name":"Bartrums \u00e9largit sa flotte de 15 remorques - ITJ | International Transport Journal","isPartOf":{"@id":"https:\/\/transportjournal.com\/fr\/#website"},"primaryImageOfPage":{"@id":"https:\/\/transportjournal.com\/fr\/2026\/04\/28\/bartrums-elargit-sa-flotte-de-15-remorques\/#primaryimage"},"image":{"@id":"https:\/\/transportjournal.com\/fr\/2026\/04\/28\/bartrums-elargit-sa-flotte-de-15-remorques\/#primaryimage"},"thumbnailUrl":"https:\/\/transportjournal.com\/wp-content\/uploads\/sites\/2\/2026\/04\/Bartrums-34-aspect-ratio-1400-788.jpg","datePublished":"2026-04-28T08:41:03+00:00","dateModified":"2026-04-28T08:55:57+00:00","breadcrumb":{"@id":"https:\/\/transportjournal.com\/fr\/2026\/04\/28\/bartrums-elargit-sa-flotte-de-15-remorques\/#breadcrumb"},"inLanguage":"fr-FR","potentialAction":[{"@type":"ReadAction","target":["https:\/\/transportjournal.com\/fr\/2026\/04\/28\/bartrums-elargit-sa-flotte-de-15-remorques\/"]}]},{"@type":"ImageObject","inLanguage":"fr-FR","@id":"https:\/\/transportjournal.com\/fr\/2026\/04\/28\/bartrums-elargit-sa-flotte-de-15-remorques\/#primaryimage","url":"https:\/\/transportjournal.com\/wp-content\/uploads\/sites\/2\/2026\/04\/Bartrums-34-aspect-ratio-1400-788.jpg","contentUrl":"https:\/\/transportjournal.com\/wp-content\/uploads\/sites\/2\/2026\/04\/Bartrums-34-aspect-ratio-1400-788.jpg","width":2500,"height":1407},{"@type":"BreadcrumbList","@id":"https:\/\/transportjournal.com\/fr\/2026\/04\/28\/bartrums-elargit-sa-flotte-de-15-remorques\/#breadcrumb","itemListElement":[{"@type":"ListItem","position":1,"name":"Startseite","item":"https:\/\/transportjournal.com\/fr\/"},{"@type":"ListItem","position":2,"name":"Bartrums \u00e9largit sa flotte de 15 remorques"}]},{"@type":"WebSite","@id":"https:\/\/transportjournal.com\/fr\/#website","url":"https:\/\/transportjournal.com\/fr\/","name":"ITJ | International Transport Journal","description":"Restez inform\u00e9 des derni\u00e8res nouvelles mondiales dans les secteurs du transport, de la logistique et de la cha\u00eene d'approvisionnement. Transport Journal fournit des informations d'experts, des analyses et des mises \u00e0 jour sur le transport maritime, l'aviation, l'intermodalit\u00e9 et l'exp\u00e9dition. ","publisher":{"@id":"https:\/\/transportjournal.com\/fr\/#organization"},"potentialAction":[{"@type":"SearchAction","target":{"@type":"EntryPoint","urlTemplate":"https:\/\/transportjournal.com\/fr\/?s={search_term_string}"},"query-input":{"@type":"PropertyValueSpecification","valueRequired":true,"valueName":"search_term_string"}}],"inLanguage":"fr-FR"},{"@type":"Organization","@id":"https:\/\/transportjournal.com\/fr\/#organization","name":"Groupe Logismedia AG","alternateName":"Logismedia Group AG","url":"https:\/\/transportjournal.com\/fr\/","logo":{"@type":"ImageObject","inLanguage":"fr-FR","@id":"https:\/\/transportjournal.com\/fr\/#\/schema\/logo\/image\/","url":"https:\/\/transportjournal.com\/wp-content\/uploads\/sites\/2\/2025\/09\/Logo_ITJ.png","contentUrl":"https:\/\/transportjournal.com\/wp-content\/uploads\/sites\/2\/2025\/09\/Logo_ITJ.png","width":799,"height":326,"caption":"Groupe Logismedia AG"},"image":{"@id":"https:\/\/transportjournal.com\/fr\/#\/schema\/logo\/image\/"},"sameAs":["https:\/\/www.linkedin.com\/company\/56456496\/admin\/dashboard\/","https:\/\/www.instagram.com\/logismediagroup\/","https:\/\/www.youtube.com\/@LogiamediaGroupAG"]},{"@type":"Person","@id":"https:\/\/transportjournal.com\/fr\/#\/schema\/person\/41d36b5474b623392fa613e97e2363fa","name":"Jeremy Soland","url":"https:\/\/transportjournal.com\/fr\/author\/jeremy\/"}]}},"_links":{"self":[{"href":"https:\/\/transportjournal.com\/fr\/wp-json\/wp\/v2\/posts\/86907","targetHints":{"allow":["GET"]}}],"collection":[{"href":"https:\/\/transportjournal.com\/fr\/wp-json\/wp\/v2\/posts"}],"about":[{"href":"https:\/\/transportjournal.com\/fr\/wp-json\/wp\/v2\/types\/post"}],"author":[{"embeddable":true,"href":"https:\/\/transportjournal.com\/fr\/wp-json\/wp\/v2\/users\/10"}],"replies":[{"embeddable":true,"href":"https:\/\/transportjournal.com\/fr\/wp-json\/wp\/v2\/comments?post=86907"}],"version-history":[{"count":1,"href":"https:\/\/transportjournal.com\/fr\/wp-json\/wp\/v2\/posts\/86907\/revisions"}],"predecessor-version":[{"id":86914,"href":"https:\/\/transportjournal.com\/fr\/wp-json\/wp\/v2\/posts\/86907\/revisions\/86914"}],"wp:featuredmedia":[{"embeddable":true,"href":"https:\/\/transportjournal.com\/fr\/wp-json\/wp\/v2\/media\/86905"}],"wp:attachment":[{"href":"https:\/\/transportjournal.com\/fr\/wp-json\/wp\/v2\/media?parent=86907"}],"wp:term":[{"taxonomy":"category","embeddable":true,"href":"https:\/\/transportjournal.com\/fr\/wp-json\/wp\/v2\/categories?post=86907"},{"taxonomy":"post_tag","embeddable":true,"href":"https:\/\/transportjournal.com\/fr\/wp-json\/wp\/v2\/tags?post=86907"}],"curies":[{"name":"wp","href":"https:\/\/api.w.org\/{rel}","templated":true}]}}