{"id":86869,"date":"2026-04-28T07:35:02","date_gmt":"2026-04-28T07:35:02","guid":{"rendered":"https:\/\/transportjournal.com\/2026\/04\/28\/bibliotheque-detudes-de-cas-pour-le-fret-aerien\/"},"modified":"2026-04-28T09:55:06","modified_gmt":"2026-04-28T07:55:06","slug":"bibliotheque-detudes-de-cas-pour-le-fret-aerien","status":"publish","type":"post","link":"https:\/\/transportjournal.com\/fr\/2026\/04\/28\/bibliotheque-detudes-de-cas-pour-le-fret-aerien\/","title":{"rendered":"Biblioth\u00e8que d&rsquo;\u00e9tudes de cas pour le fret a\u00e9rien"},"content":{"rendered":"<p>B&amp;H Worldwide a lanc\u00e9 une nouvelle <a href=\"https:\/\/bhworldwide.com\/case-studies\/\" target=\"_blank\" rel=\"noopener noreferrer\">biblioth\u00e8que en ligne d&#8217;\u00e9tudes de cas<\/a> sp\u00e9cialis\u00e9e dans la logistique a\u00e9rienne. La biblioth\u00e8que est accessible sur le site web de l&#8217;entreprise et offre des aper\u00e7us des solutions logistiques que l&#8217;entreprise fournit \u00e0 l&#8217;industrie a\u00e9ronautique mondiale, comme cela a \u00e9t\u00e9 r\u00e9cemment communiqu\u00e9.<\/p>\n<h3>Solutions logistiques en focus<\/h3>\n<p>La biblioth\u00e8que d&#8217;\u00e9tudes de cas sert de compendium num\u00e9rique, documentant les comp\u00e9tences sp\u00e9cialis\u00e9es de B&amp;H Worldwide. Elle comprend une vari\u00e9t\u00e9 de sc\u00e9narios r\u00e9els couvrant diff\u00e9rents aspects de la logistique a\u00e9ronautique et spatiale. Cela inclut notamment des op\u00e9rations logistiques critiques pour les avions clou\u00e9s au sol (Aircraft on Ground, AOG), des missions sensibles au temps avec des coursiers \u00e0 bord (Onboard Couriers, OBC), des livraisons complexes de moteurs d&#8217;avion ainsi que des transports internationaux d&#8217;h\u00e9licopt\u00e8res. De plus, la biblioth\u00e8que met en lumi\u00e8re, selon les informations de l&#8217;entreprise, la valeur strat\u00e9gique de celle-ci dans le domaine du stockage de pi\u00e8ces d&#8217;avion et les d\u00e9fis logistiques associ\u00e9s aux projets de d\u00e9mant\u00e8lement d&#8217;avions.<\/p>\n<p><a href=\"https:\/\/bhworldwide.com\/\" target=\"_blank\" rel=\"noopener noreferrer\">www.bhworldwide.com<\/a><\/p>\n","protected":false},"excerpt":{"rendered":"<p>B&#038;H Worldwide a mis en place une biblioth\u00e8que en ligne d&rsquo;\u00e9tudes de cas sur la logistique a\u00e9rienne, offrant des aper\u00e7us de ses solutions logistiques.<\/p>\n","protected":false},"author":10,"featured_media":86867,"comment_status":"open","ping_status":"","sticky":false,"template":"","format":"standard","meta":{"_acf_changed":false,"footnotes":""},"categories":[1582],"tags":[16230,42583,42584,33848,3397,42585,42586,42587,42588,2207,42589,7787,2265,42590,42591,42592,42593,1889,42594,42595,33854,3418,2125,7678,7679,42596,7801,16206,4028,1855,16212,4293,7804,3423,16251,2717,42597,42598,16216,3602,33871,42599,2237,4035,42600,42601,1857,42602,2155,5080,1837,42603],"class_list":["post-86869","post","type-post","status-publish","format-standard","has-post-thumbnail","hentry","category-fret-aerien","tag-air-logistics","tag-aircraft-dismantling-projects","tag-aircraft-on-ground","tag-aircraft-parts","tag-aviation-industry","tag-bh-worldwide","tag-bibliotheque-detudes-de-cas","tag-bibliotheque-numerique","tag-case-study-library","tag-chaine-dapprovisionnement","tag-coursiers-a-bord","tag-defis-logistiques","tag-deutsch-luftfracht","tag-digital-library","tag-digitale-bibliothek","tag-digitalisierung-english-air-freight","tag-digitalization-francais-fret-aerien","tag-fachkraeftemangel","tag-fallstudienbibliothek","tag-flugzeugabbauprojekte","tag-flugzeugteile","tag-industrie-aeronautique","tag-industrie-du-transport","tag-international-transport","tag-internationale-transporte","tag-lagerung-von-flugzeugteilen","tag-logistical-challenges","tag-logistics-operations","tag-logistics-solutions","tag-logistikloesungen","tag-logistikoperationen","tag-logistique-aerienne","tag-logistische-herausforderungen","tag-luftfahrtindustrie","tag-luftlogistik","tag-numerisation","tag-onboard-couriers","tag-operations-critiques","tag-operations-logistiques","tag-penurie-de-competences","tag-pieces-davion","tag-projets-de-demantelement-davions","tag-skills-shortage","tag-solutions-logistiques","tag-stockage-de-pieces-davion","tag-storage-of-aircraft-parts","tag-supply-chain","tag-time-critical-operations","tag-transport-industry","tag-transport-international","tag-transportwirtschaft","tag-zeitkritische-einsaetze"],"acf":[],"yoast_head":"<!-- This site is optimized with the Yoast SEO plugin v27.3 - https:\/\/yoast.com\/product\/yoast-seo-wordpress\/ -->\n<title>Biblioth\u00e8que d&#8217;\u00e9tudes de cas pour le fret a\u00e9rien - ITJ | International Transport Journal<\/title>\n<meta name=\"robots\" content=\"index, follow, max-snippet:-1, max-image-preview:large, max-video-preview:-1\" \/>\n<link rel=\"canonical\" href=\"https:\/\/transportjournal.com\/fr\/2026\/04\/28\/bibliotheque-detudes-de-cas-pour-le-fret-aerien\/\" \/>\n<meta property=\"og:locale\" content=\"fr_FR\" \/>\n<meta property=\"og:type\" content=\"article\" \/>\n<meta property=\"og:title\" content=\"Biblioth\u00e8que d&#8217;\u00e9tudes de cas pour le fret a\u00e9rien - ITJ | International Transport Journal\" \/>\n<meta property=\"og:description\" content=\"B&amp;H Worldwide a mis en place une biblioth\u00e8que en ligne d&#039;\u00e9tudes de cas sur la logistique a\u00e9rienne, offrant des aper\u00e7us de ses solutions logistiques.\" \/>\n<meta property=\"og:url\" content=\"https:\/\/transportjournal.com\/fr\/2026\/04\/28\/bibliotheque-detudes-de-cas-pour-le-fret-aerien\/\" \/>\n<meta property=\"og:site_name\" content=\"ITJ | International Transport Journal\" \/>\n<meta property=\"article:published_time\" content=\"2026-04-28T07:35:02+00:00\" \/>\n<meta property=\"article:modified_time\" content=\"2026-04-28T07:55:06+00:00\" \/>\n<meta property=\"og:image\" content=\"https:\/\/transportjournal.com\/wp-content\/uploads\/sites\/2\/2026\/04\/BH-Worldwide-Launch-Case-Studies-Library-aspect-ratio-1400-788.jpg\" \/>\n\t<meta property=\"og:image:width\" content=\"2500\" \/>\n\t<meta property=\"og:image:height\" content=\"1407\" \/>\n\t<meta property=\"og:image:type\" content=\"image\/jpeg\" \/>\n<meta name=\"author\" content=\"Jeremy Soland\" \/>\n<meta name=\"twitter:card\" content=\"summary_large_image\" \/>\n<meta name=\"twitter:label1\" content=\"\u00c9crit par\" \/>\n\t<meta name=\"twitter:data1\" content=\"Jeremy Soland\" \/>\n\t<meta name=\"twitter:label2\" content=\"Dur\u00e9e de lecture estim\u00e9e\" \/>\n\t<meta name=\"twitter:data2\" content=\"1 minute\" \/>\n<script type=\"application\/ld+json\" class=\"yoast-schema-graph\">{\"@context\":\"https:\\\/\\\/schema.org\",\"@graph\":[{\"@type\":\"Article\",\"@id\":\"https:\\\/\\\/transportjournal.com\\\/fr\\\/2026\\\/04\\\/28\\\/bibliotheque-detudes-de-cas-pour-le-fret-aerien\\\/#article\",\"isPartOf\":{\"@id\":\"https:\\\/\\\/transportjournal.com\\\/fr\\\/2026\\\/04\\\/28\\\/bibliotheque-detudes-de-cas-pour-le-fret-aerien\\\/\"},\"author\":{\"name\":\"Jeremy Soland\",\"@id\":\"https:\\\/\\\/transportjournal.com\\\/fr\\\/#\\\/schema\\\/person\\\/41d36b5474b623392fa613e97e2363fa\"},\"headline\":\"Biblioth\u00e8que d&rsquo;\u00e9tudes de cas pour le fret a\u00e9rien\",\"datePublished\":\"2026-04-28T07:35:02+00:00\",\"dateModified\":\"2026-04-28T07:55:06+00:00\",\"mainEntityOfPage\":{\"@id\":\"https:\\\/\\\/transportjournal.com\\\/fr\\\/2026\\\/04\\\/28\\\/bibliotheque-detudes-de-cas-pour-le-fret-aerien\\\/\"},\"wordCount\":216,\"commentCount\":0,\"publisher\":{\"@id\":\"https:\\\/\\\/transportjournal.com\\\/fr\\\/#organization\"},\"image\":{\"@id\":\"https:\\\/\\\/transportjournal.com\\\/fr\\\/2026\\\/04\\\/28\\\/bibliotheque-detudes-de-cas-pour-le-fret-aerien\\\/#primaryimage\"},\"thumbnailUrl\":\"https:\\\/\\\/transportjournal.com\\\/wp-content\\\/uploads\\\/sites\\\/2\\\/2026\\\/04\\\/BH-Worldwide-Launch-Case-Studies-Library-aspect-ratio-1400-788.jpg\",\"keywords\":[\"air logistics\",\"aircraft dismantling projects\",\"Aircraft on Ground\",\"aircraft parts\",\"aviation industry\",\"B&amp;H Worldwide\",\"biblioth\u00e8que d'\u00e9tudes de cas\",\"biblioth\u00e8que num\u00e9rique\",\"case study library\",\"cha\u00eene d'approvisionnement\",\"coursiers \u00e0 bord\",\"d\u00e9fis logistiques\",\"Deutsch Luftfracht\",\"digital library\",\"digitale Bibliothek\",\"Digitalisierung English air freight\",\"digitalization Fran\u00e7ais fret a\u00e9rien\",\"Fachkr\u00e4ftemangel\",\"Fallstudienbibliothek\",\"Flugzeugabbauprojekte\",\"Flugzeugteile\",\"industrie a\u00e9ronautique\",\"industrie du transport\",\"international transport\",\"internationale Transporte\",\"Lagerung von Flugzeugteilen\",\"logistical challenges\",\"logistics operations\",\"logistics solutions\",\"Logistikl\u00f6sungen\",\"Logistikoperationen\",\"logistique a\u00e9rienne\",\"logistische Herausforderungen\",\"Luftfahrtindustrie\",\"Luftlogistik\",\"num\u00e9risation\",\"Onboard Couriers\",\"op\u00e9rations critiques\",\"op\u00e9rations logistiques\",\"p\u00e9nurie de comp\u00e9tences\",\"pi\u00e8ces d'avion\",\"projets de d\u00e9mant\u00e8lement d'avions\",\"skills shortage\",\"solutions logistiques\",\"stockage de pi\u00e8ces d'avion\",\"storage of aircraft parts\",\"Supply Chain\",\"time-critical operations\",\"transport industry\",\"transport international\",\"Transportwirtschaft\",\"zeitkritische Eins\u00e4tze\"],\"articleSection\":[\"Fret a\u00e9rien\"],\"inLanguage\":\"fr-FR\",\"potentialAction\":[{\"@type\":\"CommentAction\",\"name\":\"Comment\",\"target\":[\"https:\\\/\\\/transportjournal.com\\\/fr\\\/2026\\\/04\\\/28\\\/bibliotheque-detudes-de-cas-pour-le-fret-aerien\\\/#respond\"]}]},{\"@type\":\"WebPage\",\"@id\":\"https:\\\/\\\/transportjournal.com\\\/fr\\\/2026\\\/04\\\/28\\\/bibliotheque-detudes-de-cas-pour-le-fret-aerien\\\/\",\"url\":\"https:\\\/\\\/transportjournal.com\\\/fr\\\/2026\\\/04\\\/28\\\/bibliotheque-detudes-de-cas-pour-le-fret-aerien\\\/\",\"name\":\"Biblioth\u00e8que d&#8217;\u00e9tudes de cas pour le fret a\u00e9rien - ITJ | International Transport Journal\",\"isPartOf\":{\"@id\":\"https:\\\/\\\/transportjournal.com\\\/fr\\\/#website\"},\"primaryImageOfPage\":{\"@id\":\"https:\\\/\\\/transportjournal.com\\\/fr\\\/2026\\\/04\\\/28\\\/bibliotheque-detudes-de-cas-pour-le-fret-aerien\\\/#primaryimage\"},\"image\":{\"@id\":\"https:\\\/\\\/transportjournal.com\\\/fr\\\/2026\\\/04\\\/28\\\/bibliotheque-detudes-de-cas-pour-le-fret-aerien\\\/#primaryimage\"},\"thumbnailUrl\":\"https:\\\/\\\/transportjournal.com\\\/wp-content\\\/uploads\\\/sites\\\/2\\\/2026\\\/04\\\/BH-Worldwide-Launch-Case-Studies-Library-aspect-ratio-1400-788.jpg\",\"datePublished\":\"2026-04-28T07:35:02+00:00\",\"dateModified\":\"2026-04-28T07:55:06+00:00\",\"breadcrumb\":{\"@id\":\"https:\\\/\\\/transportjournal.com\\\/fr\\\/2026\\\/04\\\/28\\\/bibliotheque-detudes-de-cas-pour-le-fret-aerien\\\/#breadcrumb\"},\"inLanguage\":\"fr-FR\",\"potentialAction\":[{\"@type\":\"ReadAction\",\"target\":[\"https:\\\/\\\/transportjournal.com\\\/fr\\\/2026\\\/04\\\/28\\\/bibliotheque-detudes-de-cas-pour-le-fret-aerien\\\/\"]}]},{\"@type\":\"ImageObject\",\"inLanguage\":\"fr-FR\",\"@id\":\"https:\\\/\\\/transportjournal.com\\\/fr\\\/2026\\\/04\\\/28\\\/bibliotheque-detudes-de-cas-pour-le-fret-aerien\\\/#primaryimage\",\"url\":\"https:\\\/\\\/transportjournal.com\\\/wp-content\\\/uploads\\\/sites\\\/2\\\/2026\\\/04\\\/BH-Worldwide-Launch-Case-Studies-Library-aspect-ratio-1400-788.jpg\",\"contentUrl\":\"https:\\\/\\\/transportjournal.com\\\/wp-content\\\/uploads\\\/sites\\\/2\\\/2026\\\/04\\\/BH-Worldwide-Launch-Case-Studies-Library-aspect-ratio-1400-788.jpg\",\"width\":2500,\"height\":1407},{\"@type\":\"BreadcrumbList\",\"@id\":\"https:\\\/\\\/transportjournal.com\\\/fr\\\/2026\\\/04\\\/28\\\/bibliotheque-detudes-de-cas-pour-le-fret-aerien\\\/#breadcrumb\",\"itemListElement\":[{\"@type\":\"ListItem\",\"position\":1,\"name\":\"Startseite\",\"item\":\"https:\\\/\\\/transportjournal.com\\\/fr\\\/\"},{\"@type\":\"ListItem\",\"position\":2,\"name\":\"Biblioth\u00e8que d&rsquo;\u00e9tudes de cas pour le fret a\u00e9rien\"}]},{\"@type\":\"WebSite\",\"@id\":\"https:\\\/\\\/transportjournal.com\\\/fr\\\/#website\",\"url\":\"https:\\\/\\\/transportjournal.com\\\/fr\\\/\",\"name\":\"ITJ | International Transport Journal\",\"description\":\"Restez inform\u00e9 des derni\u00e8res nouvelles mondiales dans les secteurs du transport, de la logistique et de la cha\u00eene d'approvisionnement. Transport Journal fournit des informations d'experts, des analyses et des mises \u00e0 jour sur le transport maritime, l'aviation, l'intermodalit\u00e9 et l'exp\u00e9dition. \",\"publisher\":{\"@id\":\"https:\\\/\\\/transportjournal.com\\\/fr\\\/#organization\"},\"potentialAction\":[{\"@type\":\"SearchAction\",\"target\":{\"@type\":\"EntryPoint\",\"urlTemplate\":\"https:\\\/\\\/transportjournal.com\\\/fr\\\/?s={search_term_string}\"},\"query-input\":{\"@type\":\"PropertyValueSpecification\",\"valueRequired\":true,\"valueName\":\"search_term_string\"}}],\"inLanguage\":\"fr-FR\"},{\"@type\":\"Organization\",\"@id\":\"https:\\\/\\\/transportjournal.com\\\/fr\\\/#organization\",\"name\":\"Groupe Logismedia AG\",\"alternateName\":\"Logismedia Group AG\",\"url\":\"https:\\\/\\\/transportjournal.com\\\/fr\\\/\",\"logo\":{\"@type\":\"ImageObject\",\"inLanguage\":\"fr-FR\",\"@id\":\"https:\\\/\\\/transportjournal.com\\\/fr\\\/#\\\/schema\\\/logo\\\/image\\\/\",\"url\":\"https:\\\/\\\/transportjournal.com\\\/wp-content\\\/uploads\\\/sites\\\/2\\\/2025\\\/09\\\/Logo_ITJ.png\",\"contentUrl\":\"https:\\\/\\\/transportjournal.com\\\/wp-content\\\/uploads\\\/sites\\\/2\\\/2025\\\/09\\\/Logo_ITJ.png\",\"width\":799,\"height\":326,\"caption\":\"Groupe Logismedia AG\"},\"image\":{\"@id\":\"https:\\\/\\\/transportjournal.com\\\/fr\\\/#\\\/schema\\\/logo\\\/image\\\/\"},\"sameAs\":[\"https:\\\/\\\/www.linkedin.com\\\/company\\\/56456496\\\/admin\\\/dashboard\\\/\",\"https:\\\/\\\/www.instagram.com\\\/logismediagroup\\\/\",\"https:\\\/\\\/www.youtube.com\\\/@LogiamediaGroupAG\"]},{\"@type\":\"Person\",\"@id\":\"https:\\\/\\\/transportjournal.com\\\/fr\\\/#\\\/schema\\\/person\\\/41d36b5474b623392fa613e97e2363fa\",\"name\":\"Jeremy Soland\",\"url\":\"https:\\\/\\\/transportjournal.com\\\/fr\\\/author\\\/jeremy\\\/\"}]}<\/script>\n<!-- \/ Yoast SEO plugin. -->","yoast_head_json":{"title":"Biblioth\u00e8que d&#8217;\u00e9tudes de cas pour le fret a\u00e9rien - ITJ | International Transport Journal","robots":{"index":"index","follow":"follow","max-snippet":"max-snippet:-1","max-image-preview":"max-image-preview:large","max-video-preview":"max-video-preview:-1"},"canonical":"https:\/\/transportjournal.com\/fr\/2026\/04\/28\/bibliotheque-detudes-de-cas-pour-le-fret-aerien\/","og_locale":"fr_FR","og_type":"article","og_title":"Biblioth\u00e8que d&#8217;\u00e9tudes de cas pour le fret a\u00e9rien - ITJ | International Transport Journal","og_description":"B&H Worldwide a mis en place une biblioth\u00e8que en ligne d'\u00e9tudes de cas sur la logistique a\u00e9rienne, offrant des aper\u00e7us de ses solutions logistiques.","og_url":"https:\/\/transportjournal.com\/fr\/2026\/04\/28\/bibliotheque-detudes-de-cas-pour-le-fret-aerien\/","og_site_name":"ITJ | International Transport Journal","article_published_time":"2026-04-28T07:35:02+00:00","article_modified_time":"2026-04-28T07:55:06+00:00","og_image":[{"width":2500,"height":1407,"url":"https:\/\/transportjournal.com\/wp-content\/uploads\/sites\/2\/2026\/04\/BH-Worldwide-Launch-Case-Studies-Library-aspect-ratio-1400-788.jpg","type":"image\/jpeg"}],"author":"Jeremy Soland","twitter_card":"summary_large_image","twitter_misc":{"\u00c9crit par":"Jeremy Soland","Dur\u00e9e de lecture estim\u00e9e":"1 minute"},"schema":{"@context":"https:\/\/schema.org","@graph":[{"@type":"Article","@id":"https:\/\/transportjournal.com\/fr\/2026\/04\/28\/bibliotheque-detudes-de-cas-pour-le-fret-aerien\/#article","isPartOf":{"@id":"https:\/\/transportjournal.com\/fr\/2026\/04\/28\/bibliotheque-detudes-de-cas-pour-le-fret-aerien\/"},"author":{"name":"Jeremy Soland","@id":"https:\/\/transportjournal.com\/fr\/#\/schema\/person\/41d36b5474b623392fa613e97e2363fa"},"headline":"Biblioth\u00e8que d&rsquo;\u00e9tudes de cas pour le fret a\u00e9rien","datePublished":"2026-04-28T07:35:02+00:00","dateModified":"2026-04-28T07:55:06+00:00","mainEntityOfPage":{"@id":"https:\/\/transportjournal.com\/fr\/2026\/04\/28\/bibliotheque-detudes-de-cas-pour-le-fret-aerien\/"},"wordCount":216,"commentCount":0,"publisher":{"@id":"https:\/\/transportjournal.com\/fr\/#organization"},"image":{"@id":"https:\/\/transportjournal.com\/fr\/2026\/04\/28\/bibliotheque-detudes-de-cas-pour-le-fret-aerien\/#primaryimage"},"thumbnailUrl":"https:\/\/transportjournal.com\/wp-content\/uploads\/sites\/2\/2026\/04\/BH-Worldwide-Launch-Case-Studies-Library-aspect-ratio-1400-788.jpg","keywords":["air logistics","aircraft dismantling projects","Aircraft on Ground","aircraft parts","aviation industry","B&amp;H Worldwide","biblioth\u00e8que d'\u00e9tudes de cas","biblioth\u00e8que num\u00e9rique","case study library","cha\u00eene d'approvisionnement","coursiers \u00e0 bord","d\u00e9fis logistiques","Deutsch Luftfracht","digital library","digitale Bibliothek","Digitalisierung English air freight","digitalization Fran\u00e7ais fret a\u00e9rien","Fachkr\u00e4ftemangel","Fallstudienbibliothek","Flugzeugabbauprojekte","Flugzeugteile","industrie a\u00e9ronautique","industrie du transport","international transport","internationale Transporte","Lagerung von Flugzeugteilen","logistical challenges","logistics operations","logistics solutions","Logistikl\u00f6sungen","Logistikoperationen","logistique a\u00e9rienne","logistische Herausforderungen","Luftfahrtindustrie","Luftlogistik","num\u00e9risation","Onboard Couriers","op\u00e9rations critiques","op\u00e9rations logistiques","p\u00e9nurie de comp\u00e9tences","pi\u00e8ces d'avion","projets de d\u00e9mant\u00e8lement d'avions","skills shortage","solutions logistiques","stockage de pi\u00e8ces d'avion","storage of aircraft parts","Supply Chain","time-critical operations","transport industry","transport international","Transportwirtschaft","zeitkritische Eins\u00e4tze"],"articleSection":["Fret a\u00e9rien"],"inLanguage":"fr-FR","potentialAction":[{"@type":"CommentAction","name":"Comment","target":["https:\/\/transportjournal.com\/fr\/2026\/04\/28\/bibliotheque-detudes-de-cas-pour-le-fret-aerien\/#respond"]}]},{"@type":"WebPage","@id":"https:\/\/transportjournal.com\/fr\/2026\/04\/28\/bibliotheque-detudes-de-cas-pour-le-fret-aerien\/","url":"https:\/\/transportjournal.com\/fr\/2026\/04\/28\/bibliotheque-detudes-de-cas-pour-le-fret-aerien\/","name":"Biblioth\u00e8que d&#8217;\u00e9tudes de cas pour le fret a\u00e9rien - ITJ | International Transport Journal","isPartOf":{"@id":"https:\/\/transportjournal.com\/fr\/#website"},"primaryImageOfPage":{"@id":"https:\/\/transportjournal.com\/fr\/2026\/04\/28\/bibliotheque-detudes-de-cas-pour-le-fret-aerien\/#primaryimage"},"image":{"@id":"https:\/\/transportjournal.com\/fr\/2026\/04\/28\/bibliotheque-detudes-de-cas-pour-le-fret-aerien\/#primaryimage"},"thumbnailUrl":"https:\/\/transportjournal.com\/wp-content\/uploads\/sites\/2\/2026\/04\/BH-Worldwide-Launch-Case-Studies-Library-aspect-ratio-1400-788.jpg","datePublished":"2026-04-28T07:35:02+00:00","dateModified":"2026-04-28T07:55:06+00:00","breadcrumb":{"@id":"https:\/\/transportjournal.com\/fr\/2026\/04\/28\/bibliotheque-detudes-de-cas-pour-le-fret-aerien\/#breadcrumb"},"inLanguage":"fr-FR","potentialAction":[{"@type":"ReadAction","target":["https:\/\/transportjournal.com\/fr\/2026\/04\/28\/bibliotheque-detudes-de-cas-pour-le-fret-aerien\/"]}]},{"@type":"ImageObject","inLanguage":"fr-FR","@id":"https:\/\/transportjournal.com\/fr\/2026\/04\/28\/bibliotheque-detudes-de-cas-pour-le-fret-aerien\/#primaryimage","url":"https:\/\/transportjournal.com\/wp-content\/uploads\/sites\/2\/2026\/04\/BH-Worldwide-Launch-Case-Studies-Library-aspect-ratio-1400-788.jpg","contentUrl":"https:\/\/transportjournal.com\/wp-content\/uploads\/sites\/2\/2026\/04\/BH-Worldwide-Launch-Case-Studies-Library-aspect-ratio-1400-788.jpg","width":2500,"height":1407},{"@type":"BreadcrumbList","@id":"https:\/\/transportjournal.com\/fr\/2026\/04\/28\/bibliotheque-detudes-de-cas-pour-le-fret-aerien\/#breadcrumb","itemListElement":[{"@type":"ListItem","position":1,"name":"Startseite","item":"https:\/\/transportjournal.com\/fr\/"},{"@type":"ListItem","position":2,"name":"Biblioth\u00e8que d&rsquo;\u00e9tudes de cas pour le fret a\u00e9rien"}]},{"@type":"WebSite","@id":"https:\/\/transportjournal.com\/fr\/#website","url":"https:\/\/transportjournal.com\/fr\/","name":"ITJ | International Transport Journal","description":"Restez inform\u00e9 des derni\u00e8res nouvelles mondiales dans les secteurs du transport, de la logistique et de la cha\u00eene d'approvisionnement. Transport Journal fournit des informations d'experts, des analyses et des mises \u00e0 jour sur le transport maritime, l'aviation, l'intermodalit\u00e9 et l'exp\u00e9dition. ","publisher":{"@id":"https:\/\/transportjournal.com\/fr\/#organization"},"potentialAction":[{"@type":"SearchAction","target":{"@type":"EntryPoint","urlTemplate":"https:\/\/transportjournal.com\/fr\/?s={search_term_string}"},"query-input":{"@type":"PropertyValueSpecification","valueRequired":true,"valueName":"search_term_string"}}],"inLanguage":"fr-FR"},{"@type":"Organization","@id":"https:\/\/transportjournal.com\/fr\/#organization","name":"Groupe Logismedia AG","alternateName":"Logismedia Group AG","url":"https:\/\/transportjournal.com\/fr\/","logo":{"@type":"ImageObject","inLanguage":"fr-FR","@id":"https:\/\/transportjournal.com\/fr\/#\/schema\/logo\/image\/","url":"https:\/\/transportjournal.com\/wp-content\/uploads\/sites\/2\/2025\/09\/Logo_ITJ.png","contentUrl":"https:\/\/transportjournal.com\/wp-content\/uploads\/sites\/2\/2025\/09\/Logo_ITJ.png","width":799,"height":326,"caption":"Groupe Logismedia AG"},"image":{"@id":"https:\/\/transportjournal.com\/fr\/#\/schema\/logo\/image\/"},"sameAs":["https:\/\/www.linkedin.com\/company\/56456496\/admin\/dashboard\/","https:\/\/www.instagram.com\/logismediagroup\/","https:\/\/www.youtube.com\/@LogiamediaGroupAG"]},{"@type":"Person","@id":"https:\/\/transportjournal.com\/fr\/#\/schema\/person\/41d36b5474b623392fa613e97e2363fa","name":"Jeremy Soland","url":"https:\/\/transportjournal.com\/fr\/author\/jeremy\/"}]}},"_links":{"self":[{"href":"https:\/\/transportjournal.com\/fr\/wp-json\/wp\/v2\/posts\/86869","targetHints":{"allow":["GET"]}}],"collection":[{"href":"https:\/\/transportjournal.com\/fr\/wp-json\/wp\/v2\/posts"}],"about":[{"href":"https:\/\/transportjournal.com\/fr\/wp-json\/wp\/v2\/types\/post"}],"author":[{"embeddable":true,"href":"https:\/\/transportjournal.com\/fr\/wp-json\/wp\/v2\/users\/10"}],"replies":[{"embeddable":true,"href":"https:\/\/transportjournal.com\/fr\/wp-json\/wp\/v2\/comments?post=86869"}],"version-history":[{"count":1,"href":"https:\/\/transportjournal.com\/fr\/wp-json\/wp\/v2\/posts\/86869\/revisions"}],"predecessor-version":[{"id":86876,"href":"https:\/\/transportjournal.com\/fr\/wp-json\/wp\/v2\/posts\/86869\/revisions\/86876"}],"wp:featuredmedia":[{"embeddable":true,"href":"https:\/\/transportjournal.com\/fr\/wp-json\/wp\/v2\/media\/86867"}],"wp:attachment":[{"href":"https:\/\/transportjournal.com\/fr\/wp-json\/wp\/v2\/media?parent=86869"}],"wp:term":[{"taxonomy":"category","embeddable":true,"href":"https:\/\/transportjournal.com\/fr\/wp-json\/wp\/v2\/categories?post=86869"},{"taxonomy":"post_tag","embeddable":true,"href":"https:\/\/transportjournal.com\/fr\/wp-json\/wp\/v2\/tags?post=86869"}],"curies":[{"name":"wp","href":"https:\/\/api.w.org\/{rel}","templated":true}]}}