{"id":86854,"date":"2026-04-28T07:13:18","date_gmt":"2026-04-28T07:13:18","guid":{"rendered":"https:\/\/transportjournal.com\/2026\/04\/28\/denis-peck-nouvelle-direction-des-ventes-chez-ultimo\/"},"modified":"2026-04-28T09:32:04","modified_gmt":"2026-04-28T07:32:04","slug":"denis-peck-nouvelle-direction-des-ventes-chez-ultimo","status":"publish","type":"post","link":"https:\/\/transportjournal.com\/fr\/2026\/04\/28\/denis-peck-nouvelle-direction-des-ventes-chez-ultimo\/","title":{"rendered":"Denis Peck : Nouvelle direction des ventes chez Ultimo"},"content":{"rendered":"<p>Ultimo, un fournisseur de solutions logicielles dans le domaine de la gestion des actifs d&#8217;entreprise (EAM), a nomm\u00e9 Denis Peck au poste de directeur des ventes pour les r\u00e9gions DACH (Allemagne, Autriche, Suisse) et Nordiques. Dans son nouveau r\u00f4le, Peck sera responsable de la promotion de la croissance sur ces march\u00e9s et d&#8217;aider les entreprises dans leur transformation num\u00e9rique de leurs processus de gestion des actifs et de maintenance, comme l&#8217;indique Ultimo. Un accent particulier sera mis sur l&#8217;utilisation de l&#8217;intelligence artificielle.<\/p>\n<h3>Croissance dans des march\u00e9s dynamiques<\/h3>\n<p>Les r\u00e9gions DACH et Nordiques sont consid\u00e9r\u00e9es par l&#8217;entreprise comme certains des march\u00e9s les plus dynamiques pour les solutions EAM en Europe. Dans divers secteurs, notamment l&#8217;industrie manufacturi\u00e8re et alimentaire, la fourniture d&#8217;\u00e9nergie, ainsi que la logistique et la sant\u00e9, la demande pour des solutions bas\u00e9es sur les donn\u00e9es est en forte augmentation. Celles-ci visent \u00e0 optimiser la disponibilit\u00e9 des actifs, \u00e0 accro\u00eetre l&#8217;efficacit\u00e9 et \u00e0 am\u00e9liorer les structures de co\u00fbts. Ultimo dispose dans ces domaines d&#8217;une base de clients de plus de 2 500 entreprises, dont des soci\u00e9t\u00e9s telles qu&#8217;Evonik Industries, Bahlsen, Dachser et Siemens Healthineers.<\/p>\n<p>Avec la nomination de Denis Peck, Ultimo souligne selon ses propres dires l&#8217;importance strat\u00e9gique des r\u00e9gions DACH et Nordiques dans le cadre de sa strat\u00e9gie de croissance europ\u00e9enne. Peck apporte une exp\u00e9rience dans le secteur du logiciel en tant que service (SaaS) et de la vente d&#8217;entreprise.<\/p>\n<p><a href=\"https:\/\/www.ultimo.com\/\" target=\"_blank\" rel=\"noopener noreferrer\">www.ultimo.com<\/a><\/p>\n","protected":false},"excerpt":{"rendered":"<p>Denis Peck a \u00e9t\u00e9 nomm\u00e9 directeur des ventes pour les r\u00e9gions DACH et Nordiques chez Ultimo afin de promouvoir la croissance et la transformation num\u00e9rique dans ces march\u00e9s.<\/p>\n","protected":false},"author":10,"featured_media":86852,"comment_status":"open","ping_status":"","sticky":false,"template":"","format":"standard","meta":{"_acf_changed":false,"footnotes":""},"categories":[9092,1581,1587,9093,1579,11110],"tags":[2206,42563,42564,5396,42565,6090,42566,42567,42568,28538,42569,42570,42571,2211,2212,42572,42573,42574,2214,2215,11982,11983,42575,3050,16982,42576,11936,4291,11939,16986,3056,5408,42577,42578,3561,16988,2131,2134,2136,3064,42579,42580,11955,18757,18758,28555,42581,18759,4305,42582,2242,1783],"class_list":["post-86854","post","type-post","status-publish","format-standard","has-post-thumbnail","hentry","category-deutschland","category-expedition-et-logistique","category-leurope","category-oesterreich","category-personnes-et-entreprises","category-schweiz","tag-amelioration-de-lefficacite","tag-anlagenverfuegbarkeit","tag-approvisionnement-en-energie","tag-artificial-intelligence","tag-asset-availability","tag-base-de-clients","tag-cost-structures","tag-customer-base-francais-ultimo","tag-dach","tag-data-driven-solutions","tag-datengetriebene-loesungen","tag-denis-peck","tag-deutsch-ultimo","tag-digital-transformation","tag-digitale-transformation","tag-disponibilite-des-actifs","tag-eam-solutions","tag-eam-loesungen","tag-efficiency-improvement","tag-effizienzsteigerung","tag-energieversorgung","tag-energy-supply","tag-enterprise-asset-management","tag-fertigungsindustrie","tag-food-industry","tag-gestion-des-actifs-dentreprise","tag-gesundheitswesen","tag-growth-strategy","tag-healthcare","tag-industrie-alimentaire","tag-industrie-manufacturiere","tag-intelligence-artificielle","tag-kostenstrukturen","tag-kundenbasis-english-ultimo","tag-kuenstliche-intelligenz","tag-lebensmittelindustrie","tag-logistics","tag-logistik","tag-logistique","tag-manufacturing-industry","tag-nordics","tag-saas","tag-sante","tag-software-solutions","tag-softwareloesungen","tag-solutions-basees-sur-les-donnees","tag-solutions-eam","tag-solutions-logicielles","tag-strategie-de-croissance","tag-structures-de-couts","tag-transformation-numerique","tag-wachstumsstrategie"],"acf":[],"yoast_head":"<!-- This site is optimized with the Yoast SEO plugin v27.3 - https:\/\/yoast.com\/product\/yoast-seo-wordpress\/ -->\n<title>Denis Peck : Nouvelle direction des ventes chez Ultimo - ITJ | International Transport Journal<\/title>\n<meta name=\"robots\" content=\"index, follow, max-snippet:-1, max-image-preview:large, max-video-preview:-1\" \/>\n<link rel=\"canonical\" href=\"https:\/\/transportjournal.com\/fr\/2026\/04\/28\/denis-peck-nouvelle-direction-des-ventes-chez-ultimo\/\" \/>\n<meta property=\"og:locale\" content=\"fr_FR\" \/>\n<meta property=\"og:type\" content=\"article\" \/>\n<meta property=\"og:title\" content=\"Denis Peck : Nouvelle direction des ventes chez Ultimo - ITJ | International Transport Journal\" \/>\n<meta property=\"og:description\" content=\"Denis Peck a \u00e9t\u00e9 nomm\u00e9 directeur des ventes pour les r\u00e9gions DACH et Nordiques chez Ultimo afin de promouvoir la croissance et la transformation num\u00e9rique dans ces march\u00e9s.\" \/>\n<meta property=\"og:url\" content=\"https:\/\/transportjournal.com\/fr\/2026\/04\/28\/denis-peck-nouvelle-direction-des-ventes-chez-ultimo\/\" \/>\n<meta property=\"og:site_name\" content=\"ITJ | International Transport Journal\" \/>\n<meta property=\"article:published_time\" content=\"2026-04-28T07:13:18+00:00\" \/>\n<meta property=\"article:modified_time\" content=\"2026-04-28T07:32:04+00:00\" \/>\n<meta property=\"og:image\" content=\"https:\/\/transportjournal.com\/wp-content\/uploads\/sites\/2\/2026\/04\/Denis-Peck_Ultimo-aspect-ratio-1400-788.jpeg\" \/>\n\t<meta property=\"og:image:width\" content=\"800\" \/>\n\t<meta property=\"og:image:height\" content=\"450\" \/>\n\t<meta property=\"og:image:type\" content=\"image\/jpeg\" \/>\n<meta name=\"author\" content=\"Jeremy Soland\" \/>\n<meta name=\"twitter:card\" content=\"summary_large_image\" \/>\n<meta name=\"twitter:label1\" content=\"\u00c9crit par\" \/>\n\t<meta name=\"twitter:data1\" content=\"Jeremy Soland\" \/>\n\t<meta name=\"twitter:label2\" content=\"Dur\u00e9e de lecture estim\u00e9e\" \/>\n\t<meta name=\"twitter:data2\" content=\"1 minute\" \/>\n<script type=\"application\/ld+json\" class=\"yoast-schema-graph\">{\"@context\":\"https:\\\/\\\/schema.org\",\"@graph\":[{\"@type\":\"Article\",\"@id\":\"https:\\\/\\\/transportjournal.com\\\/fr\\\/2026\\\/04\\\/28\\\/denis-peck-nouvelle-direction-des-ventes-chez-ultimo\\\/#article\",\"isPartOf\":{\"@id\":\"https:\\\/\\\/transportjournal.com\\\/fr\\\/2026\\\/04\\\/28\\\/denis-peck-nouvelle-direction-des-ventes-chez-ultimo\\\/\"},\"author\":{\"name\":\"Jeremy Soland\",\"@id\":\"https:\\\/\\\/transportjournal.com\\\/fr\\\/#\\\/schema\\\/person\\\/41d36b5474b623392fa613e97e2363fa\"},\"headline\":\"Denis Peck : Nouvelle direction des ventes chez Ultimo\",\"datePublished\":\"2026-04-28T07:13:18+00:00\",\"dateModified\":\"2026-04-28T07:32:04+00:00\",\"mainEntityOfPage\":{\"@id\":\"https:\\\/\\\/transportjournal.com\\\/fr\\\/2026\\\/04\\\/28\\\/denis-peck-nouvelle-direction-des-ventes-chez-ultimo\\\/\"},\"wordCount\":272,\"commentCount\":0,\"publisher\":{\"@id\":\"https:\\\/\\\/transportjournal.com\\\/fr\\\/#organization\"},\"image\":{\"@id\":\"https:\\\/\\\/transportjournal.com\\\/fr\\\/2026\\\/04\\\/28\\\/denis-peck-nouvelle-direction-des-ventes-chez-ultimo\\\/#primaryimage\"},\"thumbnailUrl\":\"https:\\\/\\\/transportjournal.com\\\/wp-content\\\/uploads\\\/sites\\\/2\\\/2026\\\/04\\\/Denis-Peck_Ultimo-aspect-ratio-1400-788.jpeg\",\"keywords\":[\"am\u00e9lioration de l'efficacit\u00e9\",\"Anlagenverf\u00fcgbarkeit\",\"approvisionnement en \u00e9nergie\",\"artificial intelligence\",\"asset availability\",\"base de clients\",\"cost structures\",\"customer base Fran\u00e7ais Ultimo\",\"DACH\",\"data-driven solutions\",\"datengetriebene L\u00f6sungen\",\"Denis Peck\",\"Deutsch Ultimo\",\"digital transformation\",\"digitale Transformation\",\"disponibilit\u00e9 des actifs\",\"EAM solutions\",\"EAM-L\u00f6sungen\",\"efficiency improvement\",\"Effizienzsteigerung\",\"Energieversorgung\",\"energy supply\",\"Enterprise-Asset-Management\",\"Fertigungsindustrie\",\"food industry\",\"gestion des actifs d'entreprise\",\"Gesundheitswesen\",\"growth strategy\",\"healthcare\",\"industrie alimentaire\",\"industrie manufacturi\u00e8re\",\"intelligence artificielle\",\"Kostenstrukturen\",\"Kundenbasis English Ultimo\",\"K\u00fcnstliche Intelligenz\",\"Lebensmittelindustrie\",\"logistics\",\"Logistik\",\"logistique\",\"manufacturing industry\",\"Nordics\",\"SaaS\",\"sant\u00e9\",\"software solutions\",\"Softwarel\u00f6sungen\",\"solutions bas\u00e9es sur les donn\u00e9es\",\"solutions EAM\",\"solutions logicielles\",\"strat\u00e9gie de croissance\",\"structures de co\u00fbts\",\"transformation num\u00e9rique\",\"Wachstumsstrategie\"],\"articleSection\":[\"Deutschland\",\"Exp\u00e9dition de fret et logistique\",\"L'Europe\",\"\u00d6sterreich\",\"Personnes et entreprises\",\"Schweiz\"],\"inLanguage\":\"fr-FR\",\"potentialAction\":[{\"@type\":\"CommentAction\",\"name\":\"Comment\",\"target\":[\"https:\\\/\\\/transportjournal.com\\\/fr\\\/2026\\\/04\\\/28\\\/denis-peck-nouvelle-direction-des-ventes-chez-ultimo\\\/#respond\"]}]},{\"@type\":\"WebPage\",\"@id\":\"https:\\\/\\\/transportjournal.com\\\/fr\\\/2026\\\/04\\\/28\\\/denis-peck-nouvelle-direction-des-ventes-chez-ultimo\\\/\",\"url\":\"https:\\\/\\\/transportjournal.com\\\/fr\\\/2026\\\/04\\\/28\\\/denis-peck-nouvelle-direction-des-ventes-chez-ultimo\\\/\",\"name\":\"Denis Peck : Nouvelle direction des ventes chez Ultimo - ITJ | International Transport Journal\",\"isPartOf\":{\"@id\":\"https:\\\/\\\/transportjournal.com\\\/fr\\\/#website\"},\"primaryImageOfPage\":{\"@id\":\"https:\\\/\\\/transportjournal.com\\\/fr\\\/2026\\\/04\\\/28\\\/denis-peck-nouvelle-direction-des-ventes-chez-ultimo\\\/#primaryimage\"},\"image\":{\"@id\":\"https:\\\/\\\/transportjournal.com\\\/fr\\\/2026\\\/04\\\/28\\\/denis-peck-nouvelle-direction-des-ventes-chez-ultimo\\\/#primaryimage\"},\"thumbnailUrl\":\"https:\\\/\\\/transportjournal.com\\\/wp-content\\\/uploads\\\/sites\\\/2\\\/2026\\\/04\\\/Denis-Peck_Ultimo-aspect-ratio-1400-788.jpeg\",\"datePublished\":\"2026-04-28T07:13:18+00:00\",\"dateModified\":\"2026-04-28T07:32:04+00:00\",\"breadcrumb\":{\"@id\":\"https:\\\/\\\/transportjournal.com\\\/fr\\\/2026\\\/04\\\/28\\\/denis-peck-nouvelle-direction-des-ventes-chez-ultimo\\\/#breadcrumb\"},\"inLanguage\":\"fr-FR\",\"potentialAction\":[{\"@type\":\"ReadAction\",\"target\":[\"https:\\\/\\\/transportjournal.com\\\/fr\\\/2026\\\/04\\\/28\\\/denis-peck-nouvelle-direction-des-ventes-chez-ultimo\\\/\"]}]},{\"@type\":\"ImageObject\",\"inLanguage\":\"fr-FR\",\"@id\":\"https:\\\/\\\/transportjournal.com\\\/fr\\\/2026\\\/04\\\/28\\\/denis-peck-nouvelle-direction-des-ventes-chez-ultimo\\\/#primaryimage\",\"url\":\"https:\\\/\\\/transportjournal.com\\\/wp-content\\\/uploads\\\/sites\\\/2\\\/2026\\\/04\\\/Denis-Peck_Ultimo-aspect-ratio-1400-788.jpeg\",\"contentUrl\":\"https:\\\/\\\/transportjournal.com\\\/wp-content\\\/uploads\\\/sites\\\/2\\\/2026\\\/04\\\/Denis-Peck_Ultimo-aspect-ratio-1400-788.jpeg\",\"width\":800,\"height\":450},{\"@type\":\"BreadcrumbList\",\"@id\":\"https:\\\/\\\/transportjournal.com\\\/fr\\\/2026\\\/04\\\/28\\\/denis-peck-nouvelle-direction-des-ventes-chez-ultimo\\\/#breadcrumb\",\"itemListElement\":[{\"@type\":\"ListItem\",\"position\":1,\"name\":\"Startseite\",\"item\":\"https:\\\/\\\/transportjournal.com\\\/fr\\\/\"},{\"@type\":\"ListItem\",\"position\":2,\"name\":\"Denis Peck : Nouvelle direction des ventes chez Ultimo\"}]},{\"@type\":\"WebSite\",\"@id\":\"https:\\\/\\\/transportjournal.com\\\/fr\\\/#website\",\"url\":\"https:\\\/\\\/transportjournal.com\\\/fr\\\/\",\"name\":\"ITJ | International Transport Journal\",\"description\":\"Restez inform\u00e9 des derni\u00e8res nouvelles mondiales dans les secteurs du transport, de la logistique et de la cha\u00eene d'approvisionnement. Transport Journal fournit des informations d'experts, des analyses et des mises \u00e0 jour sur le transport maritime, l'aviation, l'intermodalit\u00e9 et l'exp\u00e9dition. \",\"publisher\":{\"@id\":\"https:\\\/\\\/transportjournal.com\\\/fr\\\/#organization\"},\"potentialAction\":[{\"@type\":\"SearchAction\",\"target\":{\"@type\":\"EntryPoint\",\"urlTemplate\":\"https:\\\/\\\/transportjournal.com\\\/fr\\\/?s={search_term_string}\"},\"query-input\":{\"@type\":\"PropertyValueSpecification\",\"valueRequired\":true,\"valueName\":\"search_term_string\"}}],\"inLanguage\":\"fr-FR\"},{\"@type\":\"Organization\",\"@id\":\"https:\\\/\\\/transportjournal.com\\\/fr\\\/#organization\",\"name\":\"Groupe Logismedia AG\",\"alternateName\":\"Logismedia Group AG\",\"url\":\"https:\\\/\\\/transportjournal.com\\\/fr\\\/\",\"logo\":{\"@type\":\"ImageObject\",\"inLanguage\":\"fr-FR\",\"@id\":\"https:\\\/\\\/transportjournal.com\\\/fr\\\/#\\\/schema\\\/logo\\\/image\\\/\",\"url\":\"https:\\\/\\\/transportjournal.com\\\/wp-content\\\/uploads\\\/sites\\\/2\\\/2025\\\/09\\\/Logo_ITJ.png\",\"contentUrl\":\"https:\\\/\\\/transportjournal.com\\\/wp-content\\\/uploads\\\/sites\\\/2\\\/2025\\\/09\\\/Logo_ITJ.png\",\"width\":799,\"height\":326,\"caption\":\"Groupe Logismedia AG\"},\"image\":{\"@id\":\"https:\\\/\\\/transportjournal.com\\\/fr\\\/#\\\/schema\\\/logo\\\/image\\\/\"},\"sameAs\":[\"https:\\\/\\\/www.linkedin.com\\\/company\\\/56456496\\\/admin\\\/dashboard\\\/\",\"https:\\\/\\\/www.instagram.com\\\/logismediagroup\\\/\",\"https:\\\/\\\/www.youtube.com\\\/@LogiamediaGroupAG\"]},{\"@type\":\"Person\",\"@id\":\"https:\\\/\\\/transportjournal.com\\\/fr\\\/#\\\/schema\\\/person\\\/41d36b5474b623392fa613e97e2363fa\",\"name\":\"Jeremy Soland\",\"url\":\"https:\\\/\\\/transportjournal.com\\\/fr\\\/author\\\/jeremy\\\/\"}]}<\/script>\n<!-- \/ Yoast SEO plugin. -->","yoast_head_json":{"title":"Denis Peck : Nouvelle direction des ventes chez Ultimo - ITJ | International Transport Journal","robots":{"index":"index","follow":"follow","max-snippet":"max-snippet:-1","max-image-preview":"max-image-preview:large","max-video-preview":"max-video-preview:-1"},"canonical":"https:\/\/transportjournal.com\/fr\/2026\/04\/28\/denis-peck-nouvelle-direction-des-ventes-chez-ultimo\/","og_locale":"fr_FR","og_type":"article","og_title":"Denis Peck : Nouvelle direction des ventes chez Ultimo - ITJ | International Transport Journal","og_description":"Denis Peck a \u00e9t\u00e9 nomm\u00e9 directeur des ventes pour les r\u00e9gions DACH et Nordiques chez Ultimo afin de promouvoir la croissance et la transformation num\u00e9rique dans ces march\u00e9s.","og_url":"https:\/\/transportjournal.com\/fr\/2026\/04\/28\/denis-peck-nouvelle-direction-des-ventes-chez-ultimo\/","og_site_name":"ITJ | International Transport Journal","article_published_time":"2026-04-28T07:13:18+00:00","article_modified_time":"2026-04-28T07:32:04+00:00","og_image":[{"width":800,"height":450,"url":"https:\/\/transportjournal.com\/wp-content\/uploads\/sites\/2\/2026\/04\/Denis-Peck_Ultimo-aspect-ratio-1400-788.jpeg","type":"image\/jpeg"}],"author":"Jeremy Soland","twitter_card":"summary_large_image","twitter_misc":{"\u00c9crit par":"Jeremy Soland","Dur\u00e9e de lecture estim\u00e9e":"1 minute"},"schema":{"@context":"https:\/\/schema.org","@graph":[{"@type":"Article","@id":"https:\/\/transportjournal.com\/fr\/2026\/04\/28\/denis-peck-nouvelle-direction-des-ventes-chez-ultimo\/#article","isPartOf":{"@id":"https:\/\/transportjournal.com\/fr\/2026\/04\/28\/denis-peck-nouvelle-direction-des-ventes-chez-ultimo\/"},"author":{"name":"Jeremy Soland","@id":"https:\/\/transportjournal.com\/fr\/#\/schema\/person\/41d36b5474b623392fa613e97e2363fa"},"headline":"Denis Peck : Nouvelle direction des ventes chez Ultimo","datePublished":"2026-04-28T07:13:18+00:00","dateModified":"2026-04-28T07:32:04+00:00","mainEntityOfPage":{"@id":"https:\/\/transportjournal.com\/fr\/2026\/04\/28\/denis-peck-nouvelle-direction-des-ventes-chez-ultimo\/"},"wordCount":272,"commentCount":0,"publisher":{"@id":"https:\/\/transportjournal.com\/fr\/#organization"},"image":{"@id":"https:\/\/transportjournal.com\/fr\/2026\/04\/28\/denis-peck-nouvelle-direction-des-ventes-chez-ultimo\/#primaryimage"},"thumbnailUrl":"https:\/\/transportjournal.com\/wp-content\/uploads\/sites\/2\/2026\/04\/Denis-Peck_Ultimo-aspect-ratio-1400-788.jpeg","keywords":["am\u00e9lioration de l'efficacit\u00e9","Anlagenverf\u00fcgbarkeit","approvisionnement en \u00e9nergie","artificial intelligence","asset availability","base de clients","cost structures","customer base Fran\u00e7ais Ultimo","DACH","data-driven solutions","datengetriebene L\u00f6sungen","Denis Peck","Deutsch Ultimo","digital transformation","digitale Transformation","disponibilit\u00e9 des actifs","EAM solutions","EAM-L\u00f6sungen","efficiency improvement","Effizienzsteigerung","Energieversorgung","energy supply","Enterprise-Asset-Management","Fertigungsindustrie","food industry","gestion des actifs d'entreprise","Gesundheitswesen","growth strategy","healthcare","industrie alimentaire","industrie manufacturi\u00e8re","intelligence artificielle","Kostenstrukturen","Kundenbasis English Ultimo","K\u00fcnstliche Intelligenz","Lebensmittelindustrie","logistics","Logistik","logistique","manufacturing industry","Nordics","SaaS","sant\u00e9","software solutions","Softwarel\u00f6sungen","solutions bas\u00e9es sur les donn\u00e9es","solutions EAM","solutions logicielles","strat\u00e9gie de croissance","structures de co\u00fbts","transformation num\u00e9rique","Wachstumsstrategie"],"articleSection":["Deutschland","Exp\u00e9dition de fret et logistique","L'Europe","\u00d6sterreich","Personnes et entreprises","Schweiz"],"inLanguage":"fr-FR","potentialAction":[{"@type":"CommentAction","name":"Comment","target":["https:\/\/transportjournal.com\/fr\/2026\/04\/28\/denis-peck-nouvelle-direction-des-ventes-chez-ultimo\/#respond"]}]},{"@type":"WebPage","@id":"https:\/\/transportjournal.com\/fr\/2026\/04\/28\/denis-peck-nouvelle-direction-des-ventes-chez-ultimo\/","url":"https:\/\/transportjournal.com\/fr\/2026\/04\/28\/denis-peck-nouvelle-direction-des-ventes-chez-ultimo\/","name":"Denis Peck : Nouvelle direction des ventes chez Ultimo - ITJ | International Transport Journal","isPartOf":{"@id":"https:\/\/transportjournal.com\/fr\/#website"},"primaryImageOfPage":{"@id":"https:\/\/transportjournal.com\/fr\/2026\/04\/28\/denis-peck-nouvelle-direction-des-ventes-chez-ultimo\/#primaryimage"},"image":{"@id":"https:\/\/transportjournal.com\/fr\/2026\/04\/28\/denis-peck-nouvelle-direction-des-ventes-chez-ultimo\/#primaryimage"},"thumbnailUrl":"https:\/\/transportjournal.com\/wp-content\/uploads\/sites\/2\/2026\/04\/Denis-Peck_Ultimo-aspect-ratio-1400-788.jpeg","datePublished":"2026-04-28T07:13:18+00:00","dateModified":"2026-04-28T07:32:04+00:00","breadcrumb":{"@id":"https:\/\/transportjournal.com\/fr\/2026\/04\/28\/denis-peck-nouvelle-direction-des-ventes-chez-ultimo\/#breadcrumb"},"inLanguage":"fr-FR","potentialAction":[{"@type":"ReadAction","target":["https:\/\/transportjournal.com\/fr\/2026\/04\/28\/denis-peck-nouvelle-direction-des-ventes-chez-ultimo\/"]}]},{"@type":"ImageObject","inLanguage":"fr-FR","@id":"https:\/\/transportjournal.com\/fr\/2026\/04\/28\/denis-peck-nouvelle-direction-des-ventes-chez-ultimo\/#primaryimage","url":"https:\/\/transportjournal.com\/wp-content\/uploads\/sites\/2\/2026\/04\/Denis-Peck_Ultimo-aspect-ratio-1400-788.jpeg","contentUrl":"https:\/\/transportjournal.com\/wp-content\/uploads\/sites\/2\/2026\/04\/Denis-Peck_Ultimo-aspect-ratio-1400-788.jpeg","width":800,"height":450},{"@type":"BreadcrumbList","@id":"https:\/\/transportjournal.com\/fr\/2026\/04\/28\/denis-peck-nouvelle-direction-des-ventes-chez-ultimo\/#breadcrumb","itemListElement":[{"@type":"ListItem","position":1,"name":"Startseite","item":"https:\/\/transportjournal.com\/fr\/"},{"@type":"ListItem","position":2,"name":"Denis Peck : Nouvelle direction des ventes chez Ultimo"}]},{"@type":"WebSite","@id":"https:\/\/transportjournal.com\/fr\/#website","url":"https:\/\/transportjournal.com\/fr\/","name":"ITJ | International Transport Journal","description":"Restez inform\u00e9 des derni\u00e8res nouvelles mondiales dans les secteurs du transport, de la logistique et de la cha\u00eene d'approvisionnement. Transport Journal fournit des informations d'experts, des analyses et des mises \u00e0 jour sur le transport maritime, l'aviation, l'intermodalit\u00e9 et l'exp\u00e9dition. ","publisher":{"@id":"https:\/\/transportjournal.com\/fr\/#organization"},"potentialAction":[{"@type":"SearchAction","target":{"@type":"EntryPoint","urlTemplate":"https:\/\/transportjournal.com\/fr\/?s={search_term_string}"},"query-input":{"@type":"PropertyValueSpecification","valueRequired":true,"valueName":"search_term_string"}}],"inLanguage":"fr-FR"},{"@type":"Organization","@id":"https:\/\/transportjournal.com\/fr\/#organization","name":"Groupe Logismedia AG","alternateName":"Logismedia Group AG","url":"https:\/\/transportjournal.com\/fr\/","logo":{"@type":"ImageObject","inLanguage":"fr-FR","@id":"https:\/\/transportjournal.com\/fr\/#\/schema\/logo\/image\/","url":"https:\/\/transportjournal.com\/wp-content\/uploads\/sites\/2\/2025\/09\/Logo_ITJ.png","contentUrl":"https:\/\/transportjournal.com\/wp-content\/uploads\/sites\/2\/2025\/09\/Logo_ITJ.png","width":799,"height":326,"caption":"Groupe Logismedia AG"},"image":{"@id":"https:\/\/transportjournal.com\/fr\/#\/schema\/logo\/image\/"},"sameAs":["https:\/\/www.linkedin.com\/company\/56456496\/admin\/dashboard\/","https:\/\/www.instagram.com\/logismediagroup\/","https:\/\/www.youtube.com\/@LogiamediaGroupAG"]},{"@type":"Person","@id":"https:\/\/transportjournal.com\/fr\/#\/schema\/person\/41d36b5474b623392fa613e97e2363fa","name":"Jeremy Soland","url":"https:\/\/transportjournal.com\/fr\/author\/jeremy\/"}]}},"_links":{"self":[{"href":"https:\/\/transportjournal.com\/fr\/wp-json\/wp\/v2\/posts\/86854","targetHints":{"allow":["GET"]}}],"collection":[{"href":"https:\/\/transportjournal.com\/fr\/wp-json\/wp\/v2\/posts"}],"about":[{"href":"https:\/\/transportjournal.com\/fr\/wp-json\/wp\/v2\/types\/post"}],"author":[{"embeddable":true,"href":"https:\/\/transportjournal.com\/fr\/wp-json\/wp\/v2\/users\/10"}],"replies":[{"embeddable":true,"href":"https:\/\/transportjournal.com\/fr\/wp-json\/wp\/v2\/comments?post=86854"}],"version-history":[{"count":1,"href":"https:\/\/transportjournal.com\/fr\/wp-json\/wp\/v2\/posts\/86854\/revisions"}],"predecessor-version":[{"id":86861,"href":"https:\/\/transportjournal.com\/fr\/wp-json\/wp\/v2\/posts\/86854\/revisions\/86861"}],"wp:featuredmedia":[{"embeddable":true,"href":"https:\/\/transportjournal.com\/fr\/wp-json\/wp\/v2\/media\/86852"}],"wp:attachment":[{"href":"https:\/\/transportjournal.com\/fr\/wp-json\/wp\/v2\/media?parent=86854"}],"wp:term":[{"taxonomy":"category","embeddable":true,"href":"https:\/\/transportjournal.com\/fr\/wp-json\/wp\/v2\/categories?post=86854"},{"taxonomy":"post_tag","embeddable":true,"href":"https:\/\/transportjournal.com\/fr\/wp-json\/wp\/v2\/tags?post=86854"}],"curies":[{"name":"wp","href":"https:\/\/api.w.org\/{rel}","templated":true}]}}