{"id":86818,"date":"2026-04-27T11:14:00","date_gmt":"2026-04-27T11:14:00","guid":{"rendered":"https:\/\/transportjournal.com\/2026\/04\/27\/geis-gruppe-enregistre-un-chiffre-daffaires-record-en-2025\/"},"modified":"2026-04-27T13:35:40","modified_gmt":"2026-04-27T11:35:40","slug":"geis-gruppe-enregistre-un-chiffre-daffaires-record-en-2025","status":"publish","type":"post","link":"https:\/\/transportjournal.com\/fr\/2026\/04\/27\/geis-gruppe-enregistre-un-chiffre-daffaires-record-en-2025\/","title":{"rendered":"Geis Gruppe enregistre un chiffre d&rsquo;affaires record en 2025"},"content":{"rendered":"<p>La Geis Gruppe a r\u00e9alis\u00e9 une croissance de chiffre d&#8217;affaires de 8,8 % pour l&#8217;exercice 2025, atteignant 2,12 milliards d&#8217;euros, ce qui constitue un nouveau record dans l&#8217;histoire de l&#8217;entreprise. Malgr\u00e9 des conditions de march\u00e9 difficiles, notamment une conjoncture timide et une forte pression sur les prix, le groupe familial a r\u00e9ussi \u00e0 renforcer sa position sur le march\u00e9. Cela a \u00e9t\u00e9 soutenu par quatre acquisitions ainsi que des avanc\u00e9es dans les domaines de l&#8217;int\u00e9gration, de l&#8217;internationalisation et de la num\u00e9risation.<\/p>\n<p>Les g\u00e9rants Hans-Wolfgang Geis et Jochen Geis soulignent : \u00ab 2025 a de nouveau \u00e9t\u00e9 marqu\u00e9 par une conjoncture timide, une forte pression sur les prix et des conditions de march\u00e9 globalement exigeantes. Nous sommes d&#8217;autant plus heureux d&#8217;avoir su nous imposer et d&#8217;avoir renforc\u00e9 notre position sur le march\u00e9. \u00bb Un accent central a \u00e9t\u00e9 mis sur le rapprochement international au sein du groupe ainsi que sur l&#8217;int\u00e9gration des entreprises acquises.<\/p>\n<h3>Acquisitions strat\u00e9giques et croissance du personnel<\/h3>\n<p>La Geis Gruppe a cibl\u00e9 son expansion sur des march\u00e9s cl\u00e9s gr\u00e2ce \u00e0 l&#8217;acquisition du groupe Gras, des sites de G\u00f6ttingen de l&#8217;entreprise de transport Kr\u00fcger, d&#8217;Agotrans ainsi que de l&#8217;agence ZZ Stoll en Tyrol. Ces acquisitions visent \u00e0 renforcer la position strat\u00e9gique de l&#8217;entreprise \u00e0 long terme. \u00c0 la fin de l&#8217;ann\u00e9e 2025, la Geis Gruppe employait environ 10 000 personnes dans plus de 200 sites r\u00e9partis dans 14 pays europ\u00e9ens, ce qui repr\u00e9sente une augmentation d&#8217;environ 650 employ\u00e9s par rapport \u00e0 l&#8217;ann\u00e9e pr\u00e9c\u00e9dente.<\/p>\n<p>Dans le secteur des Road Services, un chiffre d&#8217;affaires de 1,46 milliard d&#8217;euros a \u00e9t\u00e9 r\u00e9alis\u00e9, soit une augmentation de 13,6 %. En Allemagne, la croissance due aux acquisitions a atteint 26 %. Alors que les march\u00e9s du fret de marchandises restaient tendus, les secteurs LTL (Less Than Truckload) et FTL (Full Truckload) ont su se maintenir de mani\u00e8re stable. Un accent particulier a \u00e9t\u00e9 mis sur l&#8217;int\u00e9gration des nouveaux sites, qui devrait \u00eatre largement achev\u00e9e d&#8217;ici fin 2026. De plus, la Geis Gruppe promeut l&#8217;automatisation dans le secteur LTL et FTL gr\u00e2ce \u00e0 des processus soutenus par l&#8217;IA.<\/p>\n<h3>Stabilit\u00e9 dans le secteur des Logistics Services<\/h3>\n<p>Le secteur des Logistics Services est rest\u00e9 stable par rapport \u00e0 l&#8217;ann\u00e9e pr\u00e9c\u00e9dente avec un chiffre d&#8217;affaires de 406 millions d&#8217;euros. Des d\u00e9veloppements particuli\u00e8rement positifs ont \u00e9t\u00e9 observ\u00e9s en Allemagne, en R\u00e9publique tch\u00e8que et en Slovaquie. Geis exploite d\u00e9sormais plus de 100 sites et projets de logistique contractuelle \u00e0 travers l&#8217;Europe. Les perspectives pour 2026 sont optimistes, car de nouveaux clients importants ont d\u00e9j\u00e0 \u00e9t\u00e9 acquis en Allemagne et en Autriche. De plus, le groupe voit un potentiel de croissance suppl\u00e9mentaire en Europe de l&#8217;Est.<\/p>\n<p>Dans le secteur Air + Sea Services, un chiffre d&#8217;affaires de 181 millions d&#8217;euros a \u00e9t\u00e9 r\u00e9alis\u00e9, ce qui repr\u00e9sente une baisse de 2,3 % par rapport \u00e0 l&#8217;ann\u00e9e pr\u00e9c\u00e9dente. La principale raison de cette baisse est la diminution des tarifs a\u00e9riens et maritimes. Cependant, le secteur a \u00e9t\u00e9 r\u00e9organis\u00e9 strat\u00e9giquement et regroup\u00e9 sous une direction centrale. Klaus Hrazdira, COO de Quehenberger Logistics, est responsable des op\u00e9rations europ\u00e9ennes depuis avril 2025. L&#8217;adh\u00e9sion au r\u00e9seau international WACO devrait apporter des impulsions suppl\u00e9mentaires.<\/p>\n<h3>Collaboration internationale et sujets d&#8217;avenir<\/h3>\n<p>Quehenberger Logistics, dont les chiffres sont inclus dans les valeurs du groupe, a enregistr\u00e9 en 2025 une augmentation de chiffre d&#8217;affaires de 1,3 % pour atteindre 641 millions d&#8217;euros. En particulier, les transports routiers se sont d\u00e9velopp\u00e9s de mani\u00e8re stable. La collaboration internationale entre Geis et Quehenberger a \u00e9t\u00e9 intensifi\u00e9e, notamment dans les domaines du cross-selling et de l&#8217;internationalisation. La mise en place d&#8217;une gestion des comptes corporatifs internationaux chez Geis devrait apporter des impulsions suppl\u00e9mentaires.<\/p>\n<p>La Geis Gruppe a \u00e9galement accord\u00e9 en 2025 une grande importance \u00e0 l&#8217;IT et \u00e0 la durabilit\u00e9. Des investissements cibl\u00e9s dans l&#8217;infrastructure informatique ont am\u00e9lior\u00e9 la s\u00e9curit\u00e9 et la stabilit\u00e9 des syst\u00e8mes. La s\u00e9curit\u00e9 informatique reste un axe strat\u00e9gique pour minimiser les risques \u00e0 un stade pr\u00e9coce. La mise en \u0153uvre de la strat\u00e9gie climatique a conduit \u00e0 une r\u00e9duction significative des \u00e9missions de CO\u2082, soutenue par l&#8217;utilisation de 8,1 millions de litres de HVO. De plus, Geis a investi dans ses propres solutions \u00e9nerg\u00e9tiques et de mobilit\u00e9 \u00e9lectrique, y compris des batteries de grande capacit\u00e9 et des surfaces photovolta\u00efques.<\/p>\n<h3>Perspectives pour 2026<\/h3>\n<p>Pour l&#8217;ann\u00e9e 2026, les g\u00e9rants Hans-Wolfgang Geis et Jochen Geis pr\u00e9voient de continuer \u00e0 int\u00e9grer la strat\u00e9gie commune dans les op\u00e9rations et d&#8217;\u00e9largir le cross-selling. L&#8217;organisation sera d\u00e9velopp\u00e9e de mani\u00e8re cibl\u00e9e pour rapprocher davantage les entreprises Geis et Quehenberger \u00e0 l&#8217;international. L&#8217;accent sera mis sur l&#8217;optimisation des processus ainsi que sur les investissements dans la num\u00e9risation et l&#8217;IA afin de cr\u00e9er des structures uniformes et efficaces.<\/p>\n<p><a href=\"http:\/\/www.geis-group.de\" target=\"_blank\" rel=\"noopener noreferrer\">www.geis-group.de<\/a><\/p>\n","protected":false},"excerpt":{"rendered":"<p>Le groupe Geis a r\u00e9alis\u00e9 en 2025 une croissance du chiffre d&rsquo;affaires de 8,8 % pour atteindre 2,12 milliards d&rsquo;euros et pr\u00e9voit pour 2026 d&rsquo;autres investissements strat\u00e9giques dans la num\u00e9risation et la coop\u00e9ration internationale.<\/p>\n","protected":false},"author":7,"featured_media":86816,"comment_status":"open","ping_status":"","sticky":false,"template":"","format":"standard","meta":{"_acf_changed":false,"footnotes":""},"categories":[9092,1581,1587,1700],"tags":[42539,42540,42541,14965,14966,14967,3855,13145,42542,16015,42543,42544,42545,3738,2115,4521,2166,42546,42547,2700,42548,16023,16024,42549,42550,42551,6478,42552,2133,1831,42553,42554,3750,42555,42556,13157,13158,42557,2139,3157,3756,3757,2720,2148,42558,2193,36471,32198,4098,10076,1916,42559,42560,42561,2154,3125,42562,10078],"class_list":["post-86818","post","type-post","status-publish","format-standard","has-post-thumbnail","hentry","category-deutschland","category-expedition-et-logistique","category-leurope","category-rapports-financiers-annuels","tag-acquisitions-dans-lindustrie-du-transport","tag-acquisitions-in-the-transport-industry","tag-akquisitionen-in-der-transportwirtschaft","tag-automation-in-logistics","tag-automatisation-dans-la-logistique","tag-automatisierung-in-der-logistik","tag-co-emissionen-reduzieren","tag-conditions-du-marche-2025","tag-contract-logistics-in-europe","tag-cooperation-internationale","tag-croissance-des-revenus-2025","tag-cross-selling-strategien","tag-cross-selling-strategies","tag-deutsch-geis-gruppe","tag-digitalisierung-in-der-logistik","tag-digitization-in-logistics","tag-durabilite-dans-la-logistique","tag-energie-und-e-mobilitaetsloesungen","tag-energy-and-e-mobility-solutions","tag-fachkraeftemangel-in-der-logistik","tag-infrastructure-informatique-dans-la-logistique","tag-international-cooperation","tag-internationale-zusammenarbeit","tag-it-infrastructure-in-logistics","tag-it-infrastruktur-in-der-logistik","tag-kontraktlogistik-in-europa","tag-labor-shortage-in-logistics","tag-logistics-projects-in-germany","tag-logistics-service-providers","tag-logistikdienstleister","tag-logistikprojekte-in-deutschland","tag-logistique-contractuelle-en-europe","tag-logistique-de-colis","tag-ltl-and-ftl-transport","tag-ltl-und-ftl-transport","tag-market-conditions-2025","tag-marktbedingungen-2025","tag-marktposition-staerken-english-geis-group","tag-nachhaltigkeit-in-der-logistik","tag-numerisation-dans-la-logistique","tag-paketlogistik","tag-parcel-logistics","tag-penurie-de-main-doeuvre-dans-la-logistique","tag-prestataires-de-services-logistiques","tag-projets-logistiques-en-allemagne","tag-rail-freight-transport","tag-reducing-co2-emissions","tag-reduction-des-emissions-de-co","tag-renforcement-de-la-position-sur-le-marche","tag-revenue-growth-2025","tag-schienengueterverkehr","tag-solutions-energetiques-et-de-mobilite-electrique","tag-strategies-de-vente-croisee","tag-strengthening-market-position-francais-groupe-geis","tag-sustainability-in-logistics","tag-transport-ferroviaire-de-marchandises","tag-transport-ltl-et-ftl","tag-umsatzwachstum-2025"],"acf":[],"yoast_head":"<!-- This site is optimized with the Yoast SEO plugin v27.3 - https:\/\/yoast.com\/product\/yoast-seo-wordpress\/ -->\n<title>Geis Gruppe enregistre un chiffre d&#8217;affaires record en 2025 - ITJ | International Transport Journal<\/title>\n<meta name=\"robots\" content=\"index, follow, max-snippet:-1, max-image-preview:large, max-video-preview:-1\" \/>\n<link rel=\"canonical\" href=\"https:\/\/transportjournal.com\/fr\/2026\/04\/27\/geis-gruppe-enregistre-un-chiffre-daffaires-record-en-2025\/\" \/>\n<meta property=\"og:locale\" content=\"fr_FR\" \/>\n<meta property=\"og:type\" content=\"article\" \/>\n<meta property=\"og:title\" content=\"Geis Gruppe enregistre un chiffre d&#8217;affaires record en 2025 - ITJ | International Transport Journal\" \/>\n<meta property=\"og:description\" content=\"Le groupe Geis a r\u00e9alis\u00e9 en 2025 une croissance du chiffre d&#039;affaires de 8,8 % pour atteindre 2,12 milliards d&#039;euros et pr\u00e9voit pour 2026 d&#039;autres investissements strat\u00e9giques dans la num\u00e9risation et la coop\u00e9ration internationale.\" \/>\n<meta property=\"og:url\" content=\"https:\/\/transportjournal.com\/fr\/2026\/04\/27\/geis-gruppe-enregistre-un-chiffre-daffaires-record-en-2025\/\" \/>\n<meta property=\"og:site_name\" content=\"ITJ | International Transport Journal\" \/>\n<meta property=\"article:published_time\" content=\"2026-04-27T11:14:00+00:00\" \/>\n<meta property=\"article:modified_time\" content=\"2026-04-27T11:35:40+00:00\" \/>\n<meta property=\"og:image\" content=\"https:\/\/transportjournal.com\/wp-content\/uploads\/sites\/2\/2026\/04\/Geis-Gruppe_27.4.26-scaled-aspect-ratio-1400-788-scaled-1.jpg\" \/>\n\t<meta property=\"og:image:width\" content=\"2560\" \/>\n\t<meta property=\"og:image:height\" content=\"1441\" \/>\n\t<meta property=\"og:image:type\" content=\"image\/jpeg\" \/>\n<meta name=\"author\" content=\"Andreas M\u00fcller\" \/>\n<meta name=\"twitter:card\" content=\"summary_large_image\" \/>\n<meta name=\"twitter:label1\" content=\"\u00c9crit par\" \/>\n\t<meta name=\"twitter:data1\" content=\"Andreas M\u00fcller\" \/>\n\t<meta name=\"twitter:label2\" content=\"Dur\u00e9e de lecture estim\u00e9e\" \/>\n\t<meta name=\"twitter:data2\" content=\"4 minutes\" \/>\n<script type=\"application\/ld+json\" class=\"yoast-schema-graph\">{\"@context\":\"https:\\\/\\\/schema.org\",\"@graph\":[{\"@type\":\"Article\",\"@id\":\"https:\\\/\\\/transportjournal.com\\\/fr\\\/2026\\\/04\\\/27\\\/geis-gruppe-enregistre-un-chiffre-daffaires-record-en-2025\\\/#article\",\"isPartOf\":{\"@id\":\"https:\\\/\\\/transportjournal.com\\\/fr\\\/2026\\\/04\\\/27\\\/geis-gruppe-enregistre-un-chiffre-daffaires-record-en-2025\\\/\"},\"author\":{\"name\":\"Andreas M\u00fcller\",\"@id\":\"https:\\\/\\\/transportjournal.com\\\/fr\\\/#\\\/schema\\\/person\\\/7b1593b33567ba798d300c8a1b0b85b1\"},\"headline\":\"Geis Gruppe enregistre un chiffre d&rsquo;affaires record en 2025\",\"datePublished\":\"2026-04-27T11:14:00+00:00\",\"dateModified\":\"2026-04-27T11:35:40+00:00\",\"mainEntityOfPage\":{\"@id\":\"https:\\\/\\\/transportjournal.com\\\/fr\\\/2026\\\/04\\\/27\\\/geis-gruppe-enregistre-un-chiffre-daffaires-record-en-2025\\\/\"},\"wordCount\":855,\"commentCount\":0,\"publisher\":{\"@id\":\"https:\\\/\\\/transportjournal.com\\\/fr\\\/#organization\"},\"image\":{\"@id\":\"https:\\\/\\\/transportjournal.com\\\/fr\\\/2026\\\/04\\\/27\\\/geis-gruppe-enregistre-un-chiffre-daffaires-record-en-2025\\\/#primaryimage\"},\"thumbnailUrl\":\"https:\\\/\\\/transportjournal.com\\\/wp-content\\\/uploads\\\/sites\\\/2\\\/2026\\\/04\\\/Geis-Gruppe_27.4.26-scaled-aspect-ratio-1400-788-scaled-1.jpg\",\"keywords\":[\"acquisitions dans l'industrie du transport\",\"acquisitions in the transport industry\",\"Akquisitionen in der Transportwirtschaft\",\"automation in logistics\",\"automatisation dans la logistique\",\"Automatisierung in der Logistik\",\"CO\u2082-Emissionen reduzieren\",\"conditions du march\u00e9 2025\",\"contract logistics in Europe\",\"coop\u00e9ration internationale\",\"croissance des revenus 2025\",\"Cross-Selling Strategien\",\"cross-selling strategies\",\"Deutsch Geis Gruppe\",\"Digitalisierung in der Logistik\",\"digitization in logistics\",\"durabilit\u00e9 dans la logistique\",\"Energie- und E-Mobilit\u00e4tsl\u00f6sungen\",\"energy and e-mobility solutions\",\"Fachkr\u00e4ftemangel in der Logistik\",\"infrastructure informatique dans la logistique\",\"international cooperation\",\"internationale Zusammenarbeit\",\"IT infrastructure in logistics\",\"IT-Infrastruktur in der Logistik\",\"Kontraktlogistik in Europa\",\"labor shortage in logistics\",\"logistics projects in Germany\",\"logistics service providers\",\"Logistikdienstleister\",\"Logistikprojekte in Deutschland\",\"logistique contractuelle en Europe\",\"logistique de colis\",\"LTL and FTL transport\",\"LTL und FTL Transport\",\"market conditions 2025\",\"Marktbedingungen 2025\",\"Marktposition st\u00e4rken English Geis Group\",\"Nachhaltigkeit in der Logistik\",\"num\u00e9risation dans la logistique\",\"Paketlogistik\",\"parcel logistics\",\"p\u00e9nurie de main-d'\u0153uvre dans la logistique\",\"prestataires de services logistiques\",\"projets logistiques en Allemagne\",\"rail freight transport\",\"reducing CO2 emissions\",\"r\u00e9duction des \u00e9missions de CO\u2082\",\"renforcement de la position sur le march\u00e9\",\"revenue growth 2025\",\"Schieneng\u00fcterverkehr\",\"solutions \u00e9nerg\u00e9tiques et de mobilit\u00e9 \u00e9lectrique\",\"strat\u00e9gies de vente crois\u00e9e\",\"strengthening market position Fran\u00e7ais Groupe Geis\",\"sustainability in logistics\",\"transport ferroviaire de marchandises\",\"transport LTL et FTL\",\"Umsatzwachstum 2025\"],\"articleSection\":[\"Deutschland\",\"Exp\u00e9dition de fret et logistique\",\"L'Europe\",\"Rapports financiers\\\/annuels\"],\"inLanguage\":\"fr-FR\",\"potentialAction\":[{\"@type\":\"CommentAction\",\"name\":\"Comment\",\"target\":[\"https:\\\/\\\/transportjournal.com\\\/fr\\\/2026\\\/04\\\/27\\\/geis-gruppe-enregistre-un-chiffre-daffaires-record-en-2025\\\/#respond\"]}]},{\"@type\":\"WebPage\",\"@id\":\"https:\\\/\\\/transportjournal.com\\\/fr\\\/2026\\\/04\\\/27\\\/geis-gruppe-enregistre-un-chiffre-daffaires-record-en-2025\\\/\",\"url\":\"https:\\\/\\\/transportjournal.com\\\/fr\\\/2026\\\/04\\\/27\\\/geis-gruppe-enregistre-un-chiffre-daffaires-record-en-2025\\\/\",\"name\":\"Geis Gruppe enregistre un chiffre d&#8217;affaires record en 2025 - ITJ | International Transport Journal\",\"isPartOf\":{\"@id\":\"https:\\\/\\\/transportjournal.com\\\/fr\\\/#website\"},\"primaryImageOfPage\":{\"@id\":\"https:\\\/\\\/transportjournal.com\\\/fr\\\/2026\\\/04\\\/27\\\/geis-gruppe-enregistre-un-chiffre-daffaires-record-en-2025\\\/#primaryimage\"},\"image\":{\"@id\":\"https:\\\/\\\/transportjournal.com\\\/fr\\\/2026\\\/04\\\/27\\\/geis-gruppe-enregistre-un-chiffre-daffaires-record-en-2025\\\/#primaryimage\"},\"thumbnailUrl\":\"https:\\\/\\\/transportjournal.com\\\/wp-content\\\/uploads\\\/sites\\\/2\\\/2026\\\/04\\\/Geis-Gruppe_27.4.26-scaled-aspect-ratio-1400-788-scaled-1.jpg\",\"datePublished\":\"2026-04-27T11:14:00+00:00\",\"dateModified\":\"2026-04-27T11:35:40+00:00\",\"breadcrumb\":{\"@id\":\"https:\\\/\\\/transportjournal.com\\\/fr\\\/2026\\\/04\\\/27\\\/geis-gruppe-enregistre-un-chiffre-daffaires-record-en-2025\\\/#breadcrumb\"},\"inLanguage\":\"fr-FR\",\"potentialAction\":[{\"@type\":\"ReadAction\",\"target\":[\"https:\\\/\\\/transportjournal.com\\\/fr\\\/2026\\\/04\\\/27\\\/geis-gruppe-enregistre-un-chiffre-daffaires-record-en-2025\\\/\"]}]},{\"@type\":\"ImageObject\",\"inLanguage\":\"fr-FR\",\"@id\":\"https:\\\/\\\/transportjournal.com\\\/fr\\\/2026\\\/04\\\/27\\\/geis-gruppe-enregistre-un-chiffre-daffaires-record-en-2025\\\/#primaryimage\",\"url\":\"https:\\\/\\\/transportjournal.com\\\/wp-content\\\/uploads\\\/sites\\\/2\\\/2026\\\/04\\\/Geis-Gruppe_27.4.26-scaled-aspect-ratio-1400-788-scaled-1.jpg\",\"contentUrl\":\"https:\\\/\\\/transportjournal.com\\\/wp-content\\\/uploads\\\/sites\\\/2\\\/2026\\\/04\\\/Geis-Gruppe_27.4.26-scaled-aspect-ratio-1400-788-scaled-1.jpg\",\"width\":2560,\"height\":1441},{\"@type\":\"BreadcrumbList\",\"@id\":\"https:\\\/\\\/transportjournal.com\\\/fr\\\/2026\\\/04\\\/27\\\/geis-gruppe-enregistre-un-chiffre-daffaires-record-en-2025\\\/#breadcrumb\",\"itemListElement\":[{\"@type\":\"ListItem\",\"position\":1,\"name\":\"Startseite\",\"item\":\"https:\\\/\\\/transportjournal.com\\\/fr\\\/\"},{\"@type\":\"ListItem\",\"position\":2,\"name\":\"Geis Gruppe enregistre un chiffre d&#8217;affaires record en 2025\"}]},{\"@type\":\"WebSite\",\"@id\":\"https:\\\/\\\/transportjournal.com\\\/fr\\\/#website\",\"url\":\"https:\\\/\\\/transportjournal.com\\\/fr\\\/\",\"name\":\"ITJ | International Transport Journal\",\"description\":\"Restez inform\u00e9 des derni\u00e8res nouvelles mondiales dans les secteurs du transport, de la logistique et de la cha\u00eene d'approvisionnement. Transport Journal fournit des informations d'experts, des analyses et des mises \u00e0 jour sur le transport maritime, l'aviation, l'intermodalit\u00e9 et l'exp\u00e9dition. \",\"publisher\":{\"@id\":\"https:\\\/\\\/transportjournal.com\\\/fr\\\/#organization\"},\"potentialAction\":[{\"@type\":\"SearchAction\",\"target\":{\"@type\":\"EntryPoint\",\"urlTemplate\":\"https:\\\/\\\/transportjournal.com\\\/fr\\\/?s={search_term_string}\"},\"query-input\":{\"@type\":\"PropertyValueSpecification\",\"valueRequired\":true,\"valueName\":\"search_term_string\"}}],\"inLanguage\":\"fr-FR\"},{\"@type\":\"Organization\",\"@id\":\"https:\\\/\\\/transportjournal.com\\\/fr\\\/#organization\",\"name\":\"Groupe Logismedia AG\",\"alternateName\":\"Logismedia Group AG\",\"url\":\"https:\\\/\\\/transportjournal.com\\\/fr\\\/\",\"logo\":{\"@type\":\"ImageObject\",\"inLanguage\":\"fr-FR\",\"@id\":\"https:\\\/\\\/transportjournal.com\\\/fr\\\/#\\\/schema\\\/logo\\\/image\\\/\",\"url\":\"https:\\\/\\\/transportjournal.com\\\/wp-content\\\/uploads\\\/sites\\\/2\\\/2025\\\/09\\\/Logo_ITJ.png\",\"contentUrl\":\"https:\\\/\\\/transportjournal.com\\\/wp-content\\\/uploads\\\/sites\\\/2\\\/2025\\\/09\\\/Logo_ITJ.png\",\"width\":799,\"height\":326,\"caption\":\"Groupe Logismedia AG\"},\"image\":{\"@id\":\"https:\\\/\\\/transportjournal.com\\\/fr\\\/#\\\/schema\\\/logo\\\/image\\\/\"},\"sameAs\":[\"https:\\\/\\\/www.linkedin.com\\\/company\\\/56456496\\\/admin\\\/dashboard\\\/\",\"https:\\\/\\\/www.instagram.com\\\/logismediagroup\\\/\",\"https:\\\/\\\/www.youtube.com\\\/@LogiamediaGroupAG\"]},{\"@type\":\"Person\",\"@id\":\"https:\\\/\\\/transportjournal.com\\\/fr\\\/#\\\/schema\\\/person\\\/7b1593b33567ba798d300c8a1b0b85b1\",\"name\":\"Andreas M\u00fcller\",\"url\":\"https:\\\/\\\/transportjournal.com\\\/fr\\\/author\\\/logismedia\\\/\"}]}<\/script>\n<!-- \/ Yoast SEO plugin. -->","yoast_head_json":{"title":"Geis Gruppe enregistre un chiffre d&#8217;affaires record en 2025 - ITJ | International Transport Journal","robots":{"index":"index","follow":"follow","max-snippet":"max-snippet:-1","max-image-preview":"max-image-preview:large","max-video-preview":"max-video-preview:-1"},"canonical":"https:\/\/transportjournal.com\/fr\/2026\/04\/27\/geis-gruppe-enregistre-un-chiffre-daffaires-record-en-2025\/","og_locale":"fr_FR","og_type":"article","og_title":"Geis Gruppe enregistre un chiffre d&#8217;affaires record en 2025 - ITJ | International Transport Journal","og_description":"Le groupe Geis a r\u00e9alis\u00e9 en 2025 une croissance du chiffre d'affaires de 8,8 % pour atteindre 2,12 milliards d'euros et pr\u00e9voit pour 2026 d'autres investissements strat\u00e9giques dans la num\u00e9risation et la coop\u00e9ration internationale.","og_url":"https:\/\/transportjournal.com\/fr\/2026\/04\/27\/geis-gruppe-enregistre-un-chiffre-daffaires-record-en-2025\/","og_site_name":"ITJ | International Transport Journal","article_published_time":"2026-04-27T11:14:00+00:00","article_modified_time":"2026-04-27T11:35:40+00:00","og_image":[{"width":2560,"height":1441,"url":"https:\/\/transportjournal.com\/wp-content\/uploads\/sites\/2\/2026\/04\/Geis-Gruppe_27.4.26-scaled-aspect-ratio-1400-788-scaled-1.jpg","type":"image\/jpeg"}],"author":"Andreas M\u00fcller","twitter_card":"summary_large_image","twitter_misc":{"\u00c9crit par":"Andreas M\u00fcller","Dur\u00e9e de lecture estim\u00e9e":"4 minutes"},"schema":{"@context":"https:\/\/schema.org","@graph":[{"@type":"Article","@id":"https:\/\/transportjournal.com\/fr\/2026\/04\/27\/geis-gruppe-enregistre-un-chiffre-daffaires-record-en-2025\/#article","isPartOf":{"@id":"https:\/\/transportjournal.com\/fr\/2026\/04\/27\/geis-gruppe-enregistre-un-chiffre-daffaires-record-en-2025\/"},"author":{"name":"Andreas M\u00fcller","@id":"https:\/\/transportjournal.com\/fr\/#\/schema\/person\/7b1593b33567ba798d300c8a1b0b85b1"},"headline":"Geis Gruppe enregistre un chiffre d&rsquo;affaires record en 2025","datePublished":"2026-04-27T11:14:00+00:00","dateModified":"2026-04-27T11:35:40+00:00","mainEntityOfPage":{"@id":"https:\/\/transportjournal.com\/fr\/2026\/04\/27\/geis-gruppe-enregistre-un-chiffre-daffaires-record-en-2025\/"},"wordCount":855,"commentCount":0,"publisher":{"@id":"https:\/\/transportjournal.com\/fr\/#organization"},"image":{"@id":"https:\/\/transportjournal.com\/fr\/2026\/04\/27\/geis-gruppe-enregistre-un-chiffre-daffaires-record-en-2025\/#primaryimage"},"thumbnailUrl":"https:\/\/transportjournal.com\/wp-content\/uploads\/sites\/2\/2026\/04\/Geis-Gruppe_27.4.26-scaled-aspect-ratio-1400-788-scaled-1.jpg","keywords":["acquisitions dans l'industrie du transport","acquisitions in the transport industry","Akquisitionen in der Transportwirtschaft","automation in logistics","automatisation dans la logistique","Automatisierung in der Logistik","CO\u2082-Emissionen reduzieren","conditions du march\u00e9 2025","contract logistics in Europe","coop\u00e9ration internationale","croissance des revenus 2025","Cross-Selling Strategien","cross-selling strategies","Deutsch Geis Gruppe","Digitalisierung in der Logistik","digitization in logistics","durabilit\u00e9 dans la logistique","Energie- und E-Mobilit\u00e4tsl\u00f6sungen","energy and e-mobility solutions","Fachkr\u00e4ftemangel in der Logistik","infrastructure informatique dans la logistique","international cooperation","internationale Zusammenarbeit","IT infrastructure in logistics","IT-Infrastruktur in der Logistik","Kontraktlogistik in Europa","labor shortage in logistics","logistics projects in Germany","logistics service providers","Logistikdienstleister","Logistikprojekte in Deutschland","logistique contractuelle en Europe","logistique de colis","LTL and FTL transport","LTL und FTL Transport","market conditions 2025","Marktbedingungen 2025","Marktposition st\u00e4rken English Geis Group","Nachhaltigkeit in der Logistik","num\u00e9risation dans la logistique","Paketlogistik","parcel logistics","p\u00e9nurie de main-d'\u0153uvre dans la logistique","prestataires de services logistiques","projets logistiques en Allemagne","rail freight transport","reducing CO2 emissions","r\u00e9duction des \u00e9missions de CO\u2082","renforcement de la position sur le march\u00e9","revenue growth 2025","Schieneng\u00fcterverkehr","solutions \u00e9nerg\u00e9tiques et de mobilit\u00e9 \u00e9lectrique","strat\u00e9gies de vente crois\u00e9e","strengthening market position Fran\u00e7ais Groupe Geis","sustainability in logistics","transport ferroviaire de marchandises","transport LTL et FTL","Umsatzwachstum 2025"],"articleSection":["Deutschland","Exp\u00e9dition de fret et logistique","L'Europe","Rapports financiers\/annuels"],"inLanguage":"fr-FR","potentialAction":[{"@type":"CommentAction","name":"Comment","target":["https:\/\/transportjournal.com\/fr\/2026\/04\/27\/geis-gruppe-enregistre-un-chiffre-daffaires-record-en-2025\/#respond"]}]},{"@type":"WebPage","@id":"https:\/\/transportjournal.com\/fr\/2026\/04\/27\/geis-gruppe-enregistre-un-chiffre-daffaires-record-en-2025\/","url":"https:\/\/transportjournal.com\/fr\/2026\/04\/27\/geis-gruppe-enregistre-un-chiffre-daffaires-record-en-2025\/","name":"Geis Gruppe enregistre un chiffre d&#8217;affaires record en 2025 - ITJ | International Transport Journal","isPartOf":{"@id":"https:\/\/transportjournal.com\/fr\/#website"},"primaryImageOfPage":{"@id":"https:\/\/transportjournal.com\/fr\/2026\/04\/27\/geis-gruppe-enregistre-un-chiffre-daffaires-record-en-2025\/#primaryimage"},"image":{"@id":"https:\/\/transportjournal.com\/fr\/2026\/04\/27\/geis-gruppe-enregistre-un-chiffre-daffaires-record-en-2025\/#primaryimage"},"thumbnailUrl":"https:\/\/transportjournal.com\/wp-content\/uploads\/sites\/2\/2026\/04\/Geis-Gruppe_27.4.26-scaled-aspect-ratio-1400-788-scaled-1.jpg","datePublished":"2026-04-27T11:14:00+00:00","dateModified":"2026-04-27T11:35:40+00:00","breadcrumb":{"@id":"https:\/\/transportjournal.com\/fr\/2026\/04\/27\/geis-gruppe-enregistre-un-chiffre-daffaires-record-en-2025\/#breadcrumb"},"inLanguage":"fr-FR","potentialAction":[{"@type":"ReadAction","target":["https:\/\/transportjournal.com\/fr\/2026\/04\/27\/geis-gruppe-enregistre-un-chiffre-daffaires-record-en-2025\/"]}]},{"@type":"ImageObject","inLanguage":"fr-FR","@id":"https:\/\/transportjournal.com\/fr\/2026\/04\/27\/geis-gruppe-enregistre-un-chiffre-daffaires-record-en-2025\/#primaryimage","url":"https:\/\/transportjournal.com\/wp-content\/uploads\/sites\/2\/2026\/04\/Geis-Gruppe_27.4.26-scaled-aspect-ratio-1400-788-scaled-1.jpg","contentUrl":"https:\/\/transportjournal.com\/wp-content\/uploads\/sites\/2\/2026\/04\/Geis-Gruppe_27.4.26-scaled-aspect-ratio-1400-788-scaled-1.jpg","width":2560,"height":1441},{"@type":"BreadcrumbList","@id":"https:\/\/transportjournal.com\/fr\/2026\/04\/27\/geis-gruppe-enregistre-un-chiffre-daffaires-record-en-2025\/#breadcrumb","itemListElement":[{"@type":"ListItem","position":1,"name":"Startseite","item":"https:\/\/transportjournal.com\/fr\/"},{"@type":"ListItem","position":2,"name":"Geis Gruppe enregistre un chiffre d&#8217;affaires record en 2025"}]},{"@type":"WebSite","@id":"https:\/\/transportjournal.com\/fr\/#website","url":"https:\/\/transportjournal.com\/fr\/","name":"ITJ | International Transport Journal","description":"Restez inform\u00e9 des derni\u00e8res nouvelles mondiales dans les secteurs du transport, de la logistique et de la cha\u00eene d'approvisionnement. Transport Journal fournit des informations d'experts, des analyses et des mises \u00e0 jour sur le transport maritime, l'aviation, l'intermodalit\u00e9 et l'exp\u00e9dition. ","publisher":{"@id":"https:\/\/transportjournal.com\/fr\/#organization"},"potentialAction":[{"@type":"SearchAction","target":{"@type":"EntryPoint","urlTemplate":"https:\/\/transportjournal.com\/fr\/?s={search_term_string}"},"query-input":{"@type":"PropertyValueSpecification","valueRequired":true,"valueName":"search_term_string"}}],"inLanguage":"fr-FR"},{"@type":"Organization","@id":"https:\/\/transportjournal.com\/fr\/#organization","name":"Groupe Logismedia AG","alternateName":"Logismedia Group AG","url":"https:\/\/transportjournal.com\/fr\/","logo":{"@type":"ImageObject","inLanguage":"fr-FR","@id":"https:\/\/transportjournal.com\/fr\/#\/schema\/logo\/image\/","url":"https:\/\/transportjournal.com\/wp-content\/uploads\/sites\/2\/2025\/09\/Logo_ITJ.png","contentUrl":"https:\/\/transportjournal.com\/wp-content\/uploads\/sites\/2\/2025\/09\/Logo_ITJ.png","width":799,"height":326,"caption":"Groupe Logismedia AG"},"image":{"@id":"https:\/\/transportjournal.com\/fr\/#\/schema\/logo\/image\/"},"sameAs":["https:\/\/www.linkedin.com\/company\/56456496\/admin\/dashboard\/","https:\/\/www.instagram.com\/logismediagroup\/","https:\/\/www.youtube.com\/@LogiamediaGroupAG"]},{"@type":"Person","@id":"https:\/\/transportjournal.com\/fr\/#\/schema\/person\/7b1593b33567ba798d300c8a1b0b85b1","name":"Andreas M\u00fcller","url":"https:\/\/transportjournal.com\/fr\/author\/logismedia\/"}]}},"_links":{"self":[{"href":"https:\/\/transportjournal.com\/fr\/wp-json\/wp\/v2\/posts\/86818","targetHints":{"allow":["GET"]}}],"collection":[{"href":"https:\/\/transportjournal.com\/fr\/wp-json\/wp\/v2\/posts"}],"about":[{"href":"https:\/\/transportjournal.com\/fr\/wp-json\/wp\/v2\/types\/post"}],"author":[{"embeddable":true,"href":"https:\/\/transportjournal.com\/fr\/wp-json\/wp\/v2\/users\/7"}],"replies":[{"embeddable":true,"href":"https:\/\/transportjournal.com\/fr\/wp-json\/wp\/v2\/comments?post=86818"}],"version-history":[{"count":2,"href":"https:\/\/transportjournal.com\/fr\/wp-json\/wp\/v2\/posts\/86818\/revisions"}],"predecessor-version":[{"id":86832,"href":"https:\/\/transportjournal.com\/fr\/wp-json\/wp\/v2\/posts\/86818\/revisions\/86832"}],"wp:featuredmedia":[{"embeddable":true,"href":"https:\/\/transportjournal.com\/fr\/wp-json\/wp\/v2\/media\/86816"}],"wp:attachment":[{"href":"https:\/\/transportjournal.com\/fr\/wp-json\/wp\/v2\/media?parent=86818"}],"wp:term":[{"taxonomy":"category","embeddable":true,"href":"https:\/\/transportjournal.com\/fr\/wp-json\/wp\/v2\/categories?post=86818"},{"taxonomy":"post_tag","embeddable":true,"href":"https:\/\/transportjournal.com\/fr\/wp-json\/wp\/v2\/tags?post=86818"}],"curies":[{"name":"wp","href":"https:\/\/api.w.org\/{rel}","templated":true}]}}