{"id":86803,"date":"2026-04-27T11:12:48","date_gmt":"2026-04-27T11:12:48","guid":{"rendered":"https:\/\/transportjournal.com\/2026\/04\/27\/marius-junda-devient-directeur-financier-du-groupe-girteka\/"},"modified":"2026-04-27T13:24:01","modified_gmt":"2026-04-27T11:24:01","slug":"marius-junda-devient-directeur-financier-du-groupe-girteka","status":"publish","type":"post","link":"https:\/\/transportjournal.com\/fr\/2026\/04\/27\/marius-junda-devient-directeur-financier-du-groupe-girteka\/","title":{"rendered":"Marius Junda devient directeur financier du groupe Girteka"},"content":{"rendered":"<p>Per 30 avril, Marius Junda sera le nouveau directeur financier du groupe Girteka. \u00c2g\u00e9 de 38 ans, il travaille dans l&#8217;entreprise depuis plus de trois ans et a, durant cette p\u00e9riode, pris la responsabilit\u00e9 du secteur financier au sein des services partag\u00e9s, comme l&#8217;indique l&#8217;entreprise.<\/p>\n<p>Selon Girteka, Junda poss\u00e8de de nombreuses ann\u00e9es d&#8217;exp\u00e9rience professionnelle dans le domaine financier : avant de rejoindre Girteka, il a occup\u00e9 divers postes financiers de direction dans des entreprises internationales et r\u00e9gionales. Cela inclut \u00e9galement des postes de CFO, o\u00f9 il \u00e9tait responsable de l&#8217;ensemble du secteur financier dans les pays baltes. Sa carri\u00e8re professionnelle comprend \u00e9galement des exp\u00e9riences dans le commerce de d\u00e9tail, la vente ainsi que dans la gestion d&#8217;actifs et le conseil aux entreprises.<\/p>\n<p>Dans le communiqu\u00e9, Marius Junda d\u00e9clare que le r\u00f4le de la finance dans les organisations d\u00e9passe aujourd&#8217;hui le simple contr\u00f4le. Il souligne que la finance devient de plus en plus un \u00e9l\u00e9ment central de la prise de d\u00e9cision entrepreneuriale.<\/p>\n<p><a href=\"https:\/\/www.girteka.eu\/\" target=\"_blank\" rel=\"noopener noreferrer\">www.girteka.eu<\/a><\/p>\n","protected":false},"excerpt":{"rendered":"<p>Marius Junda sera le nouveau directeur financier du groupe Girteka \u00e0 partir du 30 avril et souligne l&rsquo;importance de l&rsquo;int\u00e9gration de la gestion financi\u00e8re dans les d\u00e9cisions strat\u00e9giques de l&rsquo;entreprise.<\/p>\n","protected":false},"author":10,"featured_media":86801,"comment_status":"open","ping_status":"","sticky":false,"template":"","format":"standard","meta":{"_acf_changed":false,"footnotes":""},"categories":[1587,1579],"tags":[22901,17765,17766,42520,42521,19743,19744,7380,42522,2548,42523,5587,42524,2695,2696,7385,5590,42525,42526,42527,1889,5591,42528,5593,42529,42530,16847,42531,27651,5599,2562,2125,3682,3683,5601,5602,2133,1831,42532,2717,3602,42533,2148,28857,42534,17778,42535,42536,42537,27637,27638,2237,2839,1837,32880,2157,42538],"class_list":["post-86803","post","type-post","status-publish","format-standard","has-post-thumbnail","hentry","category-leurope","category-personnes-et-entreprises","tag-asset-management","tag-baltic-region","tag-baltikum","tag-berufserfahrung-english-girteka-group","tag-business-consulting","tag-cfo-positions","tag-cfo-positionen","tag-chief-financial-officer","tag-conseil-aux-entreprises","tag-corporate-governance","tag-decision-making","tag-departement-financier","tag-deutsch-girteka-gruppe","tag-digitalisierung","tag-digitalization","tag-directeur-financier","tag-entreprises-internationales","tag-entreprises-regionales","tag-entscheidungsfindung","tag-experience-professionnelle","tag-fachkraeftemangel","tag-finance-department","tag-finance-sector","tag-financial-management","tag-finanzbereich","tag-finanzsteuerung","tag-finanzvorstand","tag-finanzwesen","tag-gestion-dactifs","tag-gestion-financiere","tag-gouvernance-dentreprise","tag-industrie-du-transport","tag-infrastructure","tag-infrastruktur","tag-international-companies","tag-internationale-unternehmen","tag-logistics-service-providers","tag-logistikdienstleister","tag-marius-junda","tag-numerisation","tag-penurie-de-competences","tag-postes-de-directeur-financier","tag-prestataires-de-services-logistiques","tag-prise-de-decision","tag-professional-experience-francais-girteka-groupe","tag-region-baltique","tag-regional-companies","tag-regionale-unternehmen","tag-secteur-financier","tag-services-partages","tag-shared-services","tag-skills-shortage","tag-transportation-industry","tag-transportwirtschaft","tag-unternehmensberatung","tag-unternehmensfuehrung","tag-vermoegensverwaltung"],"acf":[],"yoast_head":"<!-- This site is optimized with the Yoast SEO plugin v27.3 - https:\/\/yoast.com\/product\/yoast-seo-wordpress\/ -->\n<title>Marius Junda devient directeur financier du groupe Girteka - ITJ | International Transport Journal<\/title>\n<meta name=\"robots\" content=\"index, follow, max-snippet:-1, max-image-preview:large, max-video-preview:-1\" \/>\n<link rel=\"canonical\" href=\"https:\/\/transportjournal.com\/fr\/2026\/04\/27\/marius-junda-devient-directeur-financier-du-groupe-girteka\/\" \/>\n<meta property=\"og:locale\" content=\"fr_FR\" \/>\n<meta property=\"og:type\" content=\"article\" \/>\n<meta property=\"og:title\" content=\"Marius Junda devient directeur financier du groupe Girteka - ITJ | International Transport Journal\" \/>\n<meta property=\"og:description\" content=\"Marius Junda sera le nouveau directeur financier du groupe Girteka \u00e0 partir du 30 avril et souligne l&#039;importance de l&#039;int\u00e9gration de la gestion financi\u00e8re dans les d\u00e9cisions strat\u00e9giques de l&#039;entreprise.\" \/>\n<meta property=\"og:url\" content=\"https:\/\/transportjournal.com\/fr\/2026\/04\/27\/marius-junda-devient-directeur-financier-du-groupe-girteka\/\" \/>\n<meta property=\"og:site_name\" content=\"ITJ | International Transport Journal\" \/>\n<meta property=\"article:published_time\" content=\"2026-04-27T11:12:48+00:00\" \/>\n<meta property=\"article:modified_time\" content=\"2026-04-27T11:24:01+00:00\" \/>\n<meta property=\"og:image\" content=\"https:\/\/transportjournal.com\/wp-content\/uploads\/sites\/2\/2026\/04\/Marius-Junda-Girteka-Group-CFO-aspect-ratio-1400-788.jpg\" \/>\n\t<meta property=\"og:image:width\" content=\"2048\" \/>\n\t<meta property=\"og:image:height\" content=\"1153\" \/>\n\t<meta property=\"og:image:type\" content=\"image\/jpeg\" \/>\n<meta name=\"author\" content=\"Jeremy Soland\" \/>\n<meta name=\"twitter:card\" content=\"summary_large_image\" \/>\n<meta name=\"twitter:label1\" content=\"\u00c9crit par\" \/>\n\t<meta name=\"twitter:data1\" content=\"Jeremy Soland\" \/>\n\t<meta name=\"twitter:label2\" content=\"Dur\u00e9e de lecture estim\u00e9e\" \/>\n\t<meta name=\"twitter:data2\" content=\"1 minute\" \/>\n<script type=\"application\/ld+json\" class=\"yoast-schema-graph\">{\"@context\":\"https:\\\/\\\/schema.org\",\"@graph\":[{\"@type\":\"Article\",\"@id\":\"https:\\\/\\\/transportjournal.com\\\/fr\\\/2026\\\/04\\\/27\\\/marius-junda-devient-directeur-financier-du-groupe-girteka\\\/#article\",\"isPartOf\":{\"@id\":\"https:\\\/\\\/transportjournal.com\\\/fr\\\/2026\\\/04\\\/27\\\/marius-junda-devient-directeur-financier-du-groupe-girteka\\\/\"},\"author\":{\"name\":\"Jeremy Soland\",\"@id\":\"https:\\\/\\\/transportjournal.com\\\/fr\\\/#\\\/schema\\\/person\\\/41d36b5474b623392fa613e97e2363fa\"},\"headline\":\"Marius Junda devient directeur financier du groupe Girteka\",\"datePublished\":\"2026-04-27T11:12:48+00:00\",\"dateModified\":\"2026-04-27T11:24:01+00:00\",\"mainEntityOfPage\":{\"@id\":\"https:\\\/\\\/transportjournal.com\\\/fr\\\/2026\\\/04\\\/27\\\/marius-junda-devient-directeur-financier-du-groupe-girteka\\\/\"},\"wordCount\":191,\"commentCount\":0,\"publisher\":{\"@id\":\"https:\\\/\\\/transportjournal.com\\\/fr\\\/#organization\"},\"image\":{\"@id\":\"https:\\\/\\\/transportjournal.com\\\/fr\\\/2026\\\/04\\\/27\\\/marius-junda-devient-directeur-financier-du-groupe-girteka\\\/#primaryimage\"},\"thumbnailUrl\":\"https:\\\/\\\/transportjournal.com\\\/wp-content\\\/uploads\\\/sites\\\/2\\\/2026\\\/04\\\/Marius-Junda-Girteka-Group-CFO-aspect-ratio-1400-788.jpg\",\"keywords\":[\"Asset Management\",\"Baltic region\",\"Baltikum\",\"Berufserfahrung English Girteka Group\",\"business consulting\",\"CFO positions\",\"CFO-Positionen\",\"Chief Financial Officer\",\"conseil aux entreprises\",\"corporate governance\",\"decision-making\",\"d\u00e9partement financier\",\"Deutsch Girteka-Gruppe\",\"Digitalisierung\",\"digitalization\",\"directeur financier\",\"entreprises internationales\",\"entreprises r\u00e9gionales\",\"Entscheidungsfindung\",\"exp\u00e9rience professionnelle\",\"Fachkr\u00e4ftemangel\",\"finance department\",\"finance sector\",\"financial management\",\"Finanzbereich\",\"Finanzsteuerung\",\"Finanzvorstand\",\"Finanzwesen\",\"gestion d'actifs\",\"gestion financi\u00e8re\",\"gouvernance d'entreprise\",\"industrie du transport\",\"infrastructure\",\"Infrastruktur\",\"international companies\",\"internationale Unternehmen\",\"logistics service providers\",\"Logistikdienstleister\",\"Marius Junda\",\"num\u00e9risation\",\"p\u00e9nurie de comp\u00e9tences\",\"postes de directeur financier\",\"prestataires de services logistiques\",\"prise de d\u00e9cision\",\"professional experience Fran\u00e7ais Girteka Groupe\",\"r\u00e9gion baltique\",\"regional companies\",\"regionale Unternehmen\",\"secteur financier\",\"services partag\u00e9s\",\"shared services\",\"skills shortage\",\"transportation industry\",\"Transportwirtschaft\",\"Unternehmensberatung\",\"Unternehmensf\u00fchrung\",\"Verm\u00f6gensverwaltung\"],\"articleSection\":[\"L'Europe\",\"Personnes et entreprises\"],\"inLanguage\":\"fr-FR\",\"potentialAction\":[{\"@type\":\"CommentAction\",\"name\":\"Comment\",\"target\":[\"https:\\\/\\\/transportjournal.com\\\/fr\\\/2026\\\/04\\\/27\\\/marius-junda-devient-directeur-financier-du-groupe-girteka\\\/#respond\"]}]},{\"@type\":\"WebPage\",\"@id\":\"https:\\\/\\\/transportjournal.com\\\/fr\\\/2026\\\/04\\\/27\\\/marius-junda-devient-directeur-financier-du-groupe-girteka\\\/\",\"url\":\"https:\\\/\\\/transportjournal.com\\\/fr\\\/2026\\\/04\\\/27\\\/marius-junda-devient-directeur-financier-du-groupe-girteka\\\/\",\"name\":\"Marius Junda devient directeur financier du groupe Girteka - ITJ | International Transport Journal\",\"isPartOf\":{\"@id\":\"https:\\\/\\\/transportjournal.com\\\/fr\\\/#website\"},\"primaryImageOfPage\":{\"@id\":\"https:\\\/\\\/transportjournal.com\\\/fr\\\/2026\\\/04\\\/27\\\/marius-junda-devient-directeur-financier-du-groupe-girteka\\\/#primaryimage\"},\"image\":{\"@id\":\"https:\\\/\\\/transportjournal.com\\\/fr\\\/2026\\\/04\\\/27\\\/marius-junda-devient-directeur-financier-du-groupe-girteka\\\/#primaryimage\"},\"thumbnailUrl\":\"https:\\\/\\\/transportjournal.com\\\/wp-content\\\/uploads\\\/sites\\\/2\\\/2026\\\/04\\\/Marius-Junda-Girteka-Group-CFO-aspect-ratio-1400-788.jpg\",\"datePublished\":\"2026-04-27T11:12:48+00:00\",\"dateModified\":\"2026-04-27T11:24:01+00:00\",\"breadcrumb\":{\"@id\":\"https:\\\/\\\/transportjournal.com\\\/fr\\\/2026\\\/04\\\/27\\\/marius-junda-devient-directeur-financier-du-groupe-girteka\\\/#breadcrumb\"},\"inLanguage\":\"fr-FR\",\"potentialAction\":[{\"@type\":\"ReadAction\",\"target\":[\"https:\\\/\\\/transportjournal.com\\\/fr\\\/2026\\\/04\\\/27\\\/marius-junda-devient-directeur-financier-du-groupe-girteka\\\/\"]}]},{\"@type\":\"ImageObject\",\"inLanguage\":\"fr-FR\",\"@id\":\"https:\\\/\\\/transportjournal.com\\\/fr\\\/2026\\\/04\\\/27\\\/marius-junda-devient-directeur-financier-du-groupe-girteka\\\/#primaryimage\",\"url\":\"https:\\\/\\\/transportjournal.com\\\/wp-content\\\/uploads\\\/sites\\\/2\\\/2026\\\/04\\\/Marius-Junda-Girteka-Group-CFO-aspect-ratio-1400-788.jpg\",\"contentUrl\":\"https:\\\/\\\/transportjournal.com\\\/wp-content\\\/uploads\\\/sites\\\/2\\\/2026\\\/04\\\/Marius-Junda-Girteka-Group-CFO-aspect-ratio-1400-788.jpg\",\"width\":2048,\"height\":1153},{\"@type\":\"BreadcrumbList\",\"@id\":\"https:\\\/\\\/transportjournal.com\\\/fr\\\/2026\\\/04\\\/27\\\/marius-junda-devient-directeur-financier-du-groupe-girteka\\\/#breadcrumb\",\"itemListElement\":[{\"@type\":\"ListItem\",\"position\":1,\"name\":\"Startseite\",\"item\":\"https:\\\/\\\/transportjournal.com\\\/fr\\\/\"},{\"@type\":\"ListItem\",\"position\":2,\"name\":\"Marius Junda devient directeur financier du groupe Girteka\"}]},{\"@type\":\"WebSite\",\"@id\":\"https:\\\/\\\/transportjournal.com\\\/fr\\\/#website\",\"url\":\"https:\\\/\\\/transportjournal.com\\\/fr\\\/\",\"name\":\"ITJ | International Transport Journal\",\"description\":\"Restez inform\u00e9 des derni\u00e8res nouvelles mondiales dans les secteurs du transport, de la logistique et de la cha\u00eene d'approvisionnement. Transport Journal fournit des informations d'experts, des analyses et des mises \u00e0 jour sur le transport maritime, l'aviation, l'intermodalit\u00e9 et l'exp\u00e9dition. \",\"publisher\":{\"@id\":\"https:\\\/\\\/transportjournal.com\\\/fr\\\/#organization\"},\"potentialAction\":[{\"@type\":\"SearchAction\",\"target\":{\"@type\":\"EntryPoint\",\"urlTemplate\":\"https:\\\/\\\/transportjournal.com\\\/fr\\\/?s={search_term_string}\"},\"query-input\":{\"@type\":\"PropertyValueSpecification\",\"valueRequired\":true,\"valueName\":\"search_term_string\"}}],\"inLanguage\":\"fr-FR\"},{\"@type\":\"Organization\",\"@id\":\"https:\\\/\\\/transportjournal.com\\\/fr\\\/#organization\",\"name\":\"Groupe Logismedia AG\",\"alternateName\":\"Logismedia Group AG\",\"url\":\"https:\\\/\\\/transportjournal.com\\\/fr\\\/\",\"logo\":{\"@type\":\"ImageObject\",\"inLanguage\":\"fr-FR\",\"@id\":\"https:\\\/\\\/transportjournal.com\\\/fr\\\/#\\\/schema\\\/logo\\\/image\\\/\",\"url\":\"https:\\\/\\\/transportjournal.com\\\/wp-content\\\/uploads\\\/sites\\\/2\\\/2025\\\/09\\\/Logo_ITJ.png\",\"contentUrl\":\"https:\\\/\\\/transportjournal.com\\\/wp-content\\\/uploads\\\/sites\\\/2\\\/2025\\\/09\\\/Logo_ITJ.png\",\"width\":799,\"height\":326,\"caption\":\"Groupe Logismedia AG\"},\"image\":{\"@id\":\"https:\\\/\\\/transportjournal.com\\\/fr\\\/#\\\/schema\\\/logo\\\/image\\\/\"},\"sameAs\":[\"https:\\\/\\\/www.linkedin.com\\\/company\\\/56456496\\\/admin\\\/dashboard\\\/\",\"https:\\\/\\\/www.instagram.com\\\/logismediagroup\\\/\",\"https:\\\/\\\/www.youtube.com\\\/@LogiamediaGroupAG\"]},{\"@type\":\"Person\",\"@id\":\"https:\\\/\\\/transportjournal.com\\\/fr\\\/#\\\/schema\\\/person\\\/41d36b5474b623392fa613e97e2363fa\",\"name\":\"Jeremy Soland\",\"url\":\"https:\\\/\\\/transportjournal.com\\\/fr\\\/author\\\/jeremy\\\/\"}]}<\/script>\n<!-- \/ Yoast SEO plugin. -->","yoast_head_json":{"title":"Marius Junda devient directeur financier du groupe Girteka - ITJ | International Transport Journal","robots":{"index":"index","follow":"follow","max-snippet":"max-snippet:-1","max-image-preview":"max-image-preview:large","max-video-preview":"max-video-preview:-1"},"canonical":"https:\/\/transportjournal.com\/fr\/2026\/04\/27\/marius-junda-devient-directeur-financier-du-groupe-girteka\/","og_locale":"fr_FR","og_type":"article","og_title":"Marius Junda devient directeur financier du groupe Girteka - ITJ | International Transport Journal","og_description":"Marius Junda sera le nouveau directeur financier du groupe Girteka \u00e0 partir du 30 avril et souligne l'importance de l'int\u00e9gration de la gestion financi\u00e8re dans les d\u00e9cisions strat\u00e9giques de l'entreprise.","og_url":"https:\/\/transportjournal.com\/fr\/2026\/04\/27\/marius-junda-devient-directeur-financier-du-groupe-girteka\/","og_site_name":"ITJ | International Transport Journal","article_published_time":"2026-04-27T11:12:48+00:00","article_modified_time":"2026-04-27T11:24:01+00:00","og_image":[{"width":2048,"height":1153,"url":"https:\/\/transportjournal.com\/wp-content\/uploads\/sites\/2\/2026\/04\/Marius-Junda-Girteka-Group-CFO-aspect-ratio-1400-788.jpg","type":"image\/jpeg"}],"author":"Jeremy Soland","twitter_card":"summary_large_image","twitter_misc":{"\u00c9crit par":"Jeremy Soland","Dur\u00e9e de lecture estim\u00e9e":"1 minute"},"schema":{"@context":"https:\/\/schema.org","@graph":[{"@type":"Article","@id":"https:\/\/transportjournal.com\/fr\/2026\/04\/27\/marius-junda-devient-directeur-financier-du-groupe-girteka\/#article","isPartOf":{"@id":"https:\/\/transportjournal.com\/fr\/2026\/04\/27\/marius-junda-devient-directeur-financier-du-groupe-girteka\/"},"author":{"name":"Jeremy Soland","@id":"https:\/\/transportjournal.com\/fr\/#\/schema\/person\/41d36b5474b623392fa613e97e2363fa"},"headline":"Marius Junda devient directeur financier du groupe Girteka","datePublished":"2026-04-27T11:12:48+00:00","dateModified":"2026-04-27T11:24:01+00:00","mainEntityOfPage":{"@id":"https:\/\/transportjournal.com\/fr\/2026\/04\/27\/marius-junda-devient-directeur-financier-du-groupe-girteka\/"},"wordCount":191,"commentCount":0,"publisher":{"@id":"https:\/\/transportjournal.com\/fr\/#organization"},"image":{"@id":"https:\/\/transportjournal.com\/fr\/2026\/04\/27\/marius-junda-devient-directeur-financier-du-groupe-girteka\/#primaryimage"},"thumbnailUrl":"https:\/\/transportjournal.com\/wp-content\/uploads\/sites\/2\/2026\/04\/Marius-Junda-Girteka-Group-CFO-aspect-ratio-1400-788.jpg","keywords":["Asset Management","Baltic region","Baltikum","Berufserfahrung English Girteka Group","business consulting","CFO positions","CFO-Positionen","Chief Financial Officer","conseil aux entreprises","corporate governance","decision-making","d\u00e9partement financier","Deutsch Girteka-Gruppe","Digitalisierung","digitalization","directeur financier","entreprises internationales","entreprises r\u00e9gionales","Entscheidungsfindung","exp\u00e9rience professionnelle","Fachkr\u00e4ftemangel","finance department","finance sector","financial management","Finanzbereich","Finanzsteuerung","Finanzvorstand","Finanzwesen","gestion d'actifs","gestion financi\u00e8re","gouvernance d'entreprise","industrie du transport","infrastructure","Infrastruktur","international companies","internationale Unternehmen","logistics service providers","Logistikdienstleister","Marius Junda","num\u00e9risation","p\u00e9nurie de comp\u00e9tences","postes de directeur financier","prestataires de services logistiques","prise de d\u00e9cision","professional experience Fran\u00e7ais Girteka Groupe","r\u00e9gion baltique","regional companies","regionale Unternehmen","secteur financier","services partag\u00e9s","shared services","skills shortage","transportation industry","Transportwirtschaft","Unternehmensberatung","Unternehmensf\u00fchrung","Verm\u00f6gensverwaltung"],"articleSection":["L'Europe","Personnes et entreprises"],"inLanguage":"fr-FR","potentialAction":[{"@type":"CommentAction","name":"Comment","target":["https:\/\/transportjournal.com\/fr\/2026\/04\/27\/marius-junda-devient-directeur-financier-du-groupe-girteka\/#respond"]}]},{"@type":"WebPage","@id":"https:\/\/transportjournal.com\/fr\/2026\/04\/27\/marius-junda-devient-directeur-financier-du-groupe-girteka\/","url":"https:\/\/transportjournal.com\/fr\/2026\/04\/27\/marius-junda-devient-directeur-financier-du-groupe-girteka\/","name":"Marius Junda devient directeur financier du groupe Girteka - ITJ | International Transport Journal","isPartOf":{"@id":"https:\/\/transportjournal.com\/fr\/#website"},"primaryImageOfPage":{"@id":"https:\/\/transportjournal.com\/fr\/2026\/04\/27\/marius-junda-devient-directeur-financier-du-groupe-girteka\/#primaryimage"},"image":{"@id":"https:\/\/transportjournal.com\/fr\/2026\/04\/27\/marius-junda-devient-directeur-financier-du-groupe-girteka\/#primaryimage"},"thumbnailUrl":"https:\/\/transportjournal.com\/wp-content\/uploads\/sites\/2\/2026\/04\/Marius-Junda-Girteka-Group-CFO-aspect-ratio-1400-788.jpg","datePublished":"2026-04-27T11:12:48+00:00","dateModified":"2026-04-27T11:24:01+00:00","breadcrumb":{"@id":"https:\/\/transportjournal.com\/fr\/2026\/04\/27\/marius-junda-devient-directeur-financier-du-groupe-girteka\/#breadcrumb"},"inLanguage":"fr-FR","potentialAction":[{"@type":"ReadAction","target":["https:\/\/transportjournal.com\/fr\/2026\/04\/27\/marius-junda-devient-directeur-financier-du-groupe-girteka\/"]}]},{"@type":"ImageObject","inLanguage":"fr-FR","@id":"https:\/\/transportjournal.com\/fr\/2026\/04\/27\/marius-junda-devient-directeur-financier-du-groupe-girteka\/#primaryimage","url":"https:\/\/transportjournal.com\/wp-content\/uploads\/sites\/2\/2026\/04\/Marius-Junda-Girteka-Group-CFO-aspect-ratio-1400-788.jpg","contentUrl":"https:\/\/transportjournal.com\/wp-content\/uploads\/sites\/2\/2026\/04\/Marius-Junda-Girteka-Group-CFO-aspect-ratio-1400-788.jpg","width":2048,"height":1153},{"@type":"BreadcrumbList","@id":"https:\/\/transportjournal.com\/fr\/2026\/04\/27\/marius-junda-devient-directeur-financier-du-groupe-girteka\/#breadcrumb","itemListElement":[{"@type":"ListItem","position":1,"name":"Startseite","item":"https:\/\/transportjournal.com\/fr\/"},{"@type":"ListItem","position":2,"name":"Marius Junda devient directeur financier du groupe Girteka"}]},{"@type":"WebSite","@id":"https:\/\/transportjournal.com\/fr\/#website","url":"https:\/\/transportjournal.com\/fr\/","name":"ITJ | International Transport Journal","description":"Restez inform\u00e9 des derni\u00e8res nouvelles mondiales dans les secteurs du transport, de la logistique et de la cha\u00eene d'approvisionnement. Transport Journal fournit des informations d'experts, des analyses et des mises \u00e0 jour sur le transport maritime, l'aviation, l'intermodalit\u00e9 et l'exp\u00e9dition. ","publisher":{"@id":"https:\/\/transportjournal.com\/fr\/#organization"},"potentialAction":[{"@type":"SearchAction","target":{"@type":"EntryPoint","urlTemplate":"https:\/\/transportjournal.com\/fr\/?s={search_term_string}"},"query-input":{"@type":"PropertyValueSpecification","valueRequired":true,"valueName":"search_term_string"}}],"inLanguage":"fr-FR"},{"@type":"Organization","@id":"https:\/\/transportjournal.com\/fr\/#organization","name":"Groupe Logismedia AG","alternateName":"Logismedia Group AG","url":"https:\/\/transportjournal.com\/fr\/","logo":{"@type":"ImageObject","inLanguage":"fr-FR","@id":"https:\/\/transportjournal.com\/fr\/#\/schema\/logo\/image\/","url":"https:\/\/transportjournal.com\/wp-content\/uploads\/sites\/2\/2025\/09\/Logo_ITJ.png","contentUrl":"https:\/\/transportjournal.com\/wp-content\/uploads\/sites\/2\/2025\/09\/Logo_ITJ.png","width":799,"height":326,"caption":"Groupe Logismedia AG"},"image":{"@id":"https:\/\/transportjournal.com\/fr\/#\/schema\/logo\/image\/"},"sameAs":["https:\/\/www.linkedin.com\/company\/56456496\/admin\/dashboard\/","https:\/\/www.instagram.com\/logismediagroup\/","https:\/\/www.youtube.com\/@LogiamediaGroupAG"]},{"@type":"Person","@id":"https:\/\/transportjournal.com\/fr\/#\/schema\/person\/41d36b5474b623392fa613e97e2363fa","name":"Jeremy Soland","url":"https:\/\/transportjournal.com\/fr\/author\/jeremy\/"}]}},"_links":{"self":[{"href":"https:\/\/transportjournal.com\/fr\/wp-json\/wp\/v2\/posts\/86803","targetHints":{"allow":["GET"]}}],"collection":[{"href":"https:\/\/transportjournal.com\/fr\/wp-json\/wp\/v2\/posts"}],"about":[{"href":"https:\/\/transportjournal.com\/fr\/wp-json\/wp\/v2\/types\/post"}],"author":[{"embeddable":true,"href":"https:\/\/transportjournal.com\/fr\/wp-json\/wp\/v2\/users\/10"}],"replies":[{"embeddable":true,"href":"https:\/\/transportjournal.com\/fr\/wp-json\/wp\/v2\/comments?post=86803"}],"version-history":[{"count":1,"href":"https:\/\/transportjournal.com\/fr\/wp-json\/wp\/v2\/posts\/86803\/revisions"}],"predecessor-version":[{"id":86810,"href":"https:\/\/transportjournal.com\/fr\/wp-json\/wp\/v2\/posts\/86803\/revisions\/86810"}],"wp:featuredmedia":[{"embeddable":true,"href":"https:\/\/transportjournal.com\/fr\/wp-json\/wp\/v2\/media\/86801"}],"wp:attachment":[{"href":"https:\/\/transportjournal.com\/fr\/wp-json\/wp\/v2\/media?parent=86803"}],"wp:term":[{"taxonomy":"category","embeddable":true,"href":"https:\/\/transportjournal.com\/fr\/wp-json\/wp\/v2\/categories?post=86803"},{"taxonomy":"post_tag","embeddable":true,"href":"https:\/\/transportjournal.com\/fr\/wp-json\/wp\/v2\/tags?post=86803"}],"curies":[{"name":"wp","href":"https:\/\/api.w.org\/{rel}","templated":true}]}}