{"id":86795,"date":"2026-04-27T10:49:21","date_gmt":"2026-04-27T10:49:21","guid":{"rendered":"https:\/\/transportjournal.com\/2026\/04\/27\/prix-de-recyclage-des-navires-stables-wirana\/"},"modified":"2026-04-27T10:49:21","modified_gmt":"2026-04-27T10:49:21","slug":"prix-de-recyclage-des-navires-stables-wirana","status":"publish","type":"post","link":"https:\/\/transportjournal.com\/fr\/2026\/04\/27\/prix-de-recyclage-des-navires-stables-wirana\/","title":{"rendered":"Prix de recyclage des navires stables \u2013 Wirana"},"content":{"rendered":"<p>Les prix du recyclage des navires dans les principales r\u00e9gions de l&#8217;industrie sont rest\u00e9s largement stables malgr\u00e9 des conditions plus faibles sur les march\u00e9s de l&#8217;acier, des achats prudents et une pression sur les prix de l&#8217;acier, comme le montre un rapport de la Wirana Shipping Corporation.<\/p>\n<p>Rakesk Khetan (sur la photo), le PDG de Wirana Shipping, l&#8217;un des plus grands acheteurs de navires et dans le recyclage des navires verts, a \u00e9voqu\u00e9 un march\u00e9 o\u00f9 les recycleurs de navires maintiennent largement leurs prix, bien que la demande d&#8217;acier reste in\u00e9gale et que les acheteurs demeurent s\u00e9lectifs.<\/p>\n<p>En particulier en Inde, au Bangladesh et en Turquie, les recycleurs maintiennent leurs niveaux de prix, tandis que le Pakistan est consid\u00e9r\u00e9 comme plus vuln\u00e9rable \u00e0 d&#8217;\u00e9ventuelles baisses.<\/p>\n<p>Le rapport montre un \u00e9cart entre la baisse des prix de l&#8217;acier et la stabilit\u00e9 des prix du recyclage. En Inde et au Bangladesh, le march\u00e9 est rest\u00e9 constant malgr\u00e9 une demande plus faible, tandis qu&#8217;au Pakistan, la baisse des prix de l&#8217;acier et des ferrailles augmente la pression.<\/p>\n<p>Le Bangladesh pourrait recevoir de nouveaux impulsions gr\u00e2ce \u00e0 des projets d&#8217;infrastructure pr\u00e9vus. En Turquie, la situation reste stable, m\u00eame si la demande est faible. Dans l&#8217;ensemble, l&#8217;offre de navires est limit\u00e9e, et les transactions restent jusqu&#8217;\u00e0 pr\u00e9sent modestes. L&#8217;\u00e9volution future d\u00e9pendra de la capacit\u00e9 des prix stables \u00e0 se traduire par des transactions concr\u00e8tes.<\/p>\n<p><a href=\"http:\/\/www.wirana.com\" target=\"_blank\" rel=\"noopener noreferrer\">www.wirana.com<\/a><\/p>\n","protected":false},"excerpt":{"rendered":"<p>Malgr\u00e9 des march\u00e9s de l&rsquo;acier faibles, les prix du recyclage des navires restent stables dans les r\u00e9gions cl\u00e9s, tandis que la demande est in\u00e9gale et que les acheteurs sont exigeants.<\/p>\n","protected":false},"author":14,"featured_media":86793,"comment_status":"open","ping_status":"","sticky":false,"template":"","format":"standard","meta":{"_acf_changed":false,"footnotes":""},"categories":[1586,1583],"tags":[42488,5433,5434,42489,42490,42491,33738,42492,42493,29566,29567,29568,42494,2125,4166,4167,42495,42496,42497,42498,33762,42499,33763,42500,4178,42501,42502,42503,42504,42505,42506,42507,42508,42509,33772,33773,42510,42511,42512,42513,42514,42515,42516,33777,42517,33779,2155,1837,29952,29953,29954,42518,42519],"class_list":["post-86795","post","type-post","status-publish","format-standard","has-post-thumbnail","hentry","category-asie-pacifique","category-transport-maritime-et-ports","tag-analyse-du-marche-du-recyclage-de-navires","tag-bangladesch","tag-bangladesh","tag-demand-for-steel","tag-demande-dacier","tag-demolition-de-navires","tag-deutsch-schiffsrecycling","tag-green-ship-recycling","tag-gruene-schiffsrecycling","tag-inde","tag-india","tag-indien","tag-industrie-du-recyclage","tag-industrie-du-transport","tag-infrastructure-projects","tag-infrastrukturprojekte","tag-marche-de-lacier","tag-marktanalyse-schiffsrecycling","tag-nachfrage-nach-stahl","tag-pakistan","tag-prix-de-lacier","tag-prix-de-recyclage","tag-prix-des-ferrailles","tag-prix-stables-du-recyclage-de-navires","tag-projets-dinfrastructure","tag-recyclage-de-navires-ecologique","tag-recycleurs-de-navires","tag-recycling-industry","tag-recycling-prices","tag-recyclingindustrie","tag-recyclingpreise","tag-schiffsabbruch-english-ship-recycling","tag-schiffsrecycler","tag-schiffsverkauf","tag-schrottpreise","tag-scrap-prices","tag-ship-recyclers","tag-ship-recycling-market-analysis","tag-ship-sales","tag-shipbreaking-francais-recyclage-de-navires","tag-stabile-preise-schiffsrecycling","tag-stable-ship-recycling-prices","tag-stahlmarkt","tag-stahlpreise","tag-steel-market","tag-steel-prices","tag-transport-industry","tag-transportwirtschaft","tag-tuerkei","tag-turkey","tag-turquie","tag-vente-de-navires","tag-wirana-shipping"],"acf":[],"yoast_head":"<!-- This site is optimized with the Yoast SEO plugin v27.3 - https:\/\/yoast.com\/product\/yoast-seo-wordpress\/ -->\n<title>Prix de recyclage des navires stables \u2013 Wirana - ITJ | International Transport Journal<\/title>\n<meta name=\"robots\" content=\"index, follow, max-snippet:-1, max-image-preview:large, max-video-preview:-1\" \/>\n<link rel=\"canonical\" href=\"https:\/\/transportjournal.com\/fr\/2026\/04\/27\/prix-de-recyclage-des-navires-stables-wirana\/\" \/>\n<meta property=\"og:locale\" content=\"fr_FR\" \/>\n<meta property=\"og:type\" content=\"article\" \/>\n<meta property=\"og:title\" content=\"Prix de recyclage des navires stables \u2013 Wirana - ITJ | International Transport Journal\" \/>\n<meta property=\"og:description\" content=\"Malgr\u00e9 des march\u00e9s de l&#039;acier faibles, les prix du recyclage des navires restent stables dans les r\u00e9gions cl\u00e9s, tandis que la demande est in\u00e9gale et que les acheteurs sont exigeants.\" \/>\n<meta property=\"og:url\" content=\"https:\/\/transportjournal.com\/fr\/2026\/04\/27\/prix-de-recyclage-des-navires-stables-wirana\/\" \/>\n<meta property=\"og:site_name\" content=\"ITJ | International Transport Journal\" \/>\n<meta property=\"article:published_time\" content=\"2026-04-27T10:49:21+00:00\" \/>\n<meta property=\"og:image\" content=\"https:\/\/transportjournal.com\/wp-content\/uploads\/sites\/2\/2026\/04\/Wirana-Shipping-Corporation-CREO-Rakesk-Khetan-Foto-Wirana_55143388648_97c332cc59_c-aspect-ratio-1400-788.jpg\" \/>\n\t<meta property=\"og:image:width\" content=\"535\" \/>\n\t<meta property=\"og:image:height\" content=\"301\" \/>\n\t<meta property=\"og:image:type\" content=\"image\/jpeg\" \/>\n<meta name=\"author\" content=\"Gyan Sharan\" \/>\n<meta name=\"twitter:card\" content=\"summary_large_image\" \/>\n<meta name=\"twitter:label1\" content=\"\u00c9crit par\" \/>\n\t<meta name=\"twitter:data1\" content=\"Gyan Sharan\" \/>\n\t<meta name=\"twitter:label2\" content=\"Dur\u00e9e de lecture estim\u00e9e\" \/>\n\t<meta name=\"twitter:data2\" content=\"1 minute\" \/>\n<script type=\"application\/ld+json\" class=\"yoast-schema-graph\">{\"@context\":\"https:\\\/\\\/schema.org\",\"@graph\":[{\"@type\":\"Article\",\"@id\":\"https:\\\/\\\/transportjournal.com\\\/fr\\\/2026\\\/04\\\/27\\\/prix-de-recyclage-des-navires-stables-wirana\\\/#article\",\"isPartOf\":{\"@id\":\"https:\\\/\\\/transportjournal.com\\\/fr\\\/2026\\\/04\\\/27\\\/prix-de-recyclage-des-navires-stables-wirana\\\/\"},\"author\":{\"name\":\"Gyan Sharan\",\"@id\":\"https:\\\/\\\/transportjournal.com\\\/fr\\\/#\\\/schema\\\/person\\\/13a9fc605c753db60ef7750a229cd042\"},\"headline\":\"Prix de recyclage des navires stables \u2013 Wirana\",\"datePublished\":\"2026-04-27T10:49:21+00:00\",\"mainEntityOfPage\":{\"@id\":\"https:\\\/\\\/transportjournal.com\\\/fr\\\/2026\\\/04\\\/27\\\/prix-de-recyclage-des-navires-stables-wirana\\\/\"},\"wordCount\":263,\"commentCount\":0,\"publisher\":{\"@id\":\"https:\\\/\\\/transportjournal.com\\\/fr\\\/#organization\"},\"image\":{\"@id\":\"https:\\\/\\\/transportjournal.com\\\/fr\\\/2026\\\/04\\\/27\\\/prix-de-recyclage-des-navires-stables-wirana\\\/#primaryimage\"},\"thumbnailUrl\":\"https:\\\/\\\/transportjournal.com\\\/wp-content\\\/uploads\\\/sites\\\/2\\\/2026\\\/04\\\/Wirana-Shipping-Corporation-CREO-Rakesk-Khetan-Foto-Wirana_55143388648_97c332cc59_c-aspect-ratio-1400-788.jpg\",\"keywords\":[\"analyse du march\u00e9 du recyclage de navires\",\"Bangladesch\",\"Bangladesh\",\"demand for steel\",\"demande d'acier\",\"d\u00e9molition de navires\",\"Deutsch Schiffsrecycling\",\"green ship recycling\",\"gr\u00fcne Schiffsrecycling\",\"Inde\",\"India\",\"Indien\",\"industrie du recyclage\",\"industrie du transport\",\"infrastructure projects\",\"Infrastrukturprojekte\",\"march\u00e9 de l'acier\",\"Marktanalyse Schiffsrecycling\",\"Nachfrage nach Stahl\",\"Pakistan\",\"prix de l'acier\",\"prix de recyclage\",\"prix des ferrailles\",\"prix stables du recyclage de navires\",\"projets d'infrastructure\",\"recyclage de navires \u00e9cologique\",\"recycleurs de navires\",\"recycling industry\",\"recycling prices\",\"Recyclingindustrie\",\"Recyclingpreise\",\"Schiffsabbruch English ship recycling\",\"Schiffsrecycler\",\"Schiffsverkauf\",\"Schrottpreise\",\"scrap prices\",\"ship recyclers\",\"ship recycling market analysis\",\"ship sales\",\"shipbreaking Fran\u00e7ais recyclage de navires\",\"stabile Preise Schiffsrecycling\",\"stable ship recycling prices\",\"Stahlmarkt\",\"Stahlpreise\",\"steel market\",\"steel prices\",\"transport industry\",\"Transportwirtschaft\",\"T\u00fcrkei\",\"Turkey\",\"Turquie\",\"vente de navires\",\"Wirana Shipping\"],\"articleSection\":[\"Asie\\\/Pacifique\",\"Transport maritime et ports\"],\"inLanguage\":\"fr-FR\",\"potentialAction\":[{\"@type\":\"CommentAction\",\"name\":\"Comment\",\"target\":[\"https:\\\/\\\/transportjournal.com\\\/fr\\\/2026\\\/04\\\/27\\\/prix-de-recyclage-des-navires-stables-wirana\\\/#respond\"]}]},{\"@type\":\"WebPage\",\"@id\":\"https:\\\/\\\/transportjournal.com\\\/fr\\\/2026\\\/04\\\/27\\\/prix-de-recyclage-des-navires-stables-wirana\\\/\",\"url\":\"https:\\\/\\\/transportjournal.com\\\/fr\\\/2026\\\/04\\\/27\\\/prix-de-recyclage-des-navires-stables-wirana\\\/\",\"name\":\"Prix de recyclage des navires stables \u2013 Wirana - ITJ | International Transport Journal\",\"isPartOf\":{\"@id\":\"https:\\\/\\\/transportjournal.com\\\/fr\\\/#website\"},\"primaryImageOfPage\":{\"@id\":\"https:\\\/\\\/transportjournal.com\\\/fr\\\/2026\\\/04\\\/27\\\/prix-de-recyclage-des-navires-stables-wirana\\\/#primaryimage\"},\"image\":{\"@id\":\"https:\\\/\\\/transportjournal.com\\\/fr\\\/2026\\\/04\\\/27\\\/prix-de-recyclage-des-navires-stables-wirana\\\/#primaryimage\"},\"thumbnailUrl\":\"https:\\\/\\\/transportjournal.com\\\/wp-content\\\/uploads\\\/sites\\\/2\\\/2026\\\/04\\\/Wirana-Shipping-Corporation-CREO-Rakesk-Khetan-Foto-Wirana_55143388648_97c332cc59_c-aspect-ratio-1400-788.jpg\",\"datePublished\":\"2026-04-27T10:49:21+00:00\",\"breadcrumb\":{\"@id\":\"https:\\\/\\\/transportjournal.com\\\/fr\\\/2026\\\/04\\\/27\\\/prix-de-recyclage-des-navires-stables-wirana\\\/#breadcrumb\"},\"inLanguage\":\"fr-FR\",\"potentialAction\":[{\"@type\":\"ReadAction\",\"target\":[\"https:\\\/\\\/transportjournal.com\\\/fr\\\/2026\\\/04\\\/27\\\/prix-de-recyclage-des-navires-stables-wirana\\\/\"]}]},{\"@type\":\"ImageObject\",\"inLanguage\":\"fr-FR\",\"@id\":\"https:\\\/\\\/transportjournal.com\\\/fr\\\/2026\\\/04\\\/27\\\/prix-de-recyclage-des-navires-stables-wirana\\\/#primaryimage\",\"url\":\"https:\\\/\\\/transportjournal.com\\\/wp-content\\\/uploads\\\/sites\\\/2\\\/2026\\\/04\\\/Wirana-Shipping-Corporation-CREO-Rakesk-Khetan-Foto-Wirana_55143388648_97c332cc59_c-aspect-ratio-1400-788.jpg\",\"contentUrl\":\"https:\\\/\\\/transportjournal.com\\\/wp-content\\\/uploads\\\/sites\\\/2\\\/2026\\\/04\\\/Wirana-Shipping-Corporation-CREO-Rakesk-Khetan-Foto-Wirana_55143388648_97c332cc59_c-aspect-ratio-1400-788.jpg\",\"width\":535,\"height\":301},{\"@type\":\"BreadcrumbList\",\"@id\":\"https:\\\/\\\/transportjournal.com\\\/fr\\\/2026\\\/04\\\/27\\\/prix-de-recyclage-des-navires-stables-wirana\\\/#breadcrumb\",\"itemListElement\":[{\"@type\":\"ListItem\",\"position\":1,\"name\":\"Startseite\",\"item\":\"https:\\\/\\\/transportjournal.com\\\/fr\\\/\"},{\"@type\":\"ListItem\",\"position\":2,\"name\":\"Prix de recyclage des navires stables \u2013 Wirana\"}]},{\"@type\":\"WebSite\",\"@id\":\"https:\\\/\\\/transportjournal.com\\\/fr\\\/#website\",\"url\":\"https:\\\/\\\/transportjournal.com\\\/fr\\\/\",\"name\":\"ITJ | International Transport Journal\",\"description\":\"Restez inform\u00e9 des derni\u00e8res nouvelles mondiales dans les secteurs du transport, de la logistique et de la cha\u00eene d'approvisionnement. Transport Journal fournit des informations d'experts, des analyses et des mises \u00e0 jour sur le transport maritime, l'aviation, l'intermodalit\u00e9 et l'exp\u00e9dition. \",\"publisher\":{\"@id\":\"https:\\\/\\\/transportjournal.com\\\/fr\\\/#organization\"},\"potentialAction\":[{\"@type\":\"SearchAction\",\"target\":{\"@type\":\"EntryPoint\",\"urlTemplate\":\"https:\\\/\\\/transportjournal.com\\\/fr\\\/?s={search_term_string}\"},\"query-input\":{\"@type\":\"PropertyValueSpecification\",\"valueRequired\":true,\"valueName\":\"search_term_string\"}}],\"inLanguage\":\"fr-FR\"},{\"@type\":\"Organization\",\"@id\":\"https:\\\/\\\/transportjournal.com\\\/fr\\\/#organization\",\"name\":\"Groupe Logismedia AG\",\"alternateName\":\"Logismedia Group AG\",\"url\":\"https:\\\/\\\/transportjournal.com\\\/fr\\\/\",\"logo\":{\"@type\":\"ImageObject\",\"inLanguage\":\"fr-FR\",\"@id\":\"https:\\\/\\\/transportjournal.com\\\/fr\\\/#\\\/schema\\\/logo\\\/image\\\/\",\"url\":\"https:\\\/\\\/transportjournal.com\\\/wp-content\\\/uploads\\\/sites\\\/2\\\/2025\\\/09\\\/Logo_ITJ.png\",\"contentUrl\":\"https:\\\/\\\/transportjournal.com\\\/wp-content\\\/uploads\\\/sites\\\/2\\\/2025\\\/09\\\/Logo_ITJ.png\",\"width\":799,\"height\":326,\"caption\":\"Groupe Logismedia AG\"},\"image\":{\"@id\":\"https:\\\/\\\/transportjournal.com\\\/fr\\\/#\\\/schema\\\/logo\\\/image\\\/\"},\"sameAs\":[\"https:\\\/\\\/www.linkedin.com\\\/company\\\/56456496\\\/admin\\\/dashboard\\\/\",\"https:\\\/\\\/www.instagram.com\\\/logismediagroup\\\/\",\"https:\\\/\\\/www.youtube.com\\\/@LogiamediaGroupAG\"]},{\"@type\":\"Person\",\"@id\":\"https:\\\/\\\/transportjournal.com\\\/fr\\\/#\\\/schema\\\/person\\\/13a9fc605c753db60ef7750a229cd042\",\"name\":\"Gyan Sharan\",\"url\":\"https:\\\/\\\/transportjournal.com\\\/fr\\\/author\\\/gyan\\\/\"}]}<\/script>\n<!-- \/ Yoast SEO plugin. -->","yoast_head_json":{"title":"Prix de recyclage des navires stables \u2013 Wirana - ITJ | International Transport Journal","robots":{"index":"index","follow":"follow","max-snippet":"max-snippet:-1","max-image-preview":"max-image-preview:large","max-video-preview":"max-video-preview:-1"},"canonical":"https:\/\/transportjournal.com\/fr\/2026\/04\/27\/prix-de-recyclage-des-navires-stables-wirana\/","og_locale":"fr_FR","og_type":"article","og_title":"Prix de recyclage des navires stables \u2013 Wirana - ITJ | International Transport Journal","og_description":"Malgr\u00e9 des march\u00e9s de l'acier faibles, les prix du recyclage des navires restent stables dans les r\u00e9gions cl\u00e9s, tandis que la demande est in\u00e9gale et que les acheteurs sont exigeants.","og_url":"https:\/\/transportjournal.com\/fr\/2026\/04\/27\/prix-de-recyclage-des-navires-stables-wirana\/","og_site_name":"ITJ | International Transport Journal","article_published_time":"2026-04-27T10:49:21+00:00","og_image":[{"width":535,"height":301,"url":"https:\/\/transportjournal.com\/wp-content\/uploads\/sites\/2\/2026\/04\/Wirana-Shipping-Corporation-CREO-Rakesk-Khetan-Foto-Wirana_55143388648_97c332cc59_c-aspect-ratio-1400-788.jpg","type":"image\/jpeg"}],"author":"Gyan Sharan","twitter_card":"summary_large_image","twitter_misc":{"\u00c9crit par":"Gyan Sharan","Dur\u00e9e de lecture estim\u00e9e":"1 minute"},"schema":{"@context":"https:\/\/schema.org","@graph":[{"@type":"Article","@id":"https:\/\/transportjournal.com\/fr\/2026\/04\/27\/prix-de-recyclage-des-navires-stables-wirana\/#article","isPartOf":{"@id":"https:\/\/transportjournal.com\/fr\/2026\/04\/27\/prix-de-recyclage-des-navires-stables-wirana\/"},"author":{"name":"Gyan Sharan","@id":"https:\/\/transportjournal.com\/fr\/#\/schema\/person\/13a9fc605c753db60ef7750a229cd042"},"headline":"Prix de recyclage des navires stables \u2013 Wirana","datePublished":"2026-04-27T10:49:21+00:00","mainEntityOfPage":{"@id":"https:\/\/transportjournal.com\/fr\/2026\/04\/27\/prix-de-recyclage-des-navires-stables-wirana\/"},"wordCount":263,"commentCount":0,"publisher":{"@id":"https:\/\/transportjournal.com\/fr\/#organization"},"image":{"@id":"https:\/\/transportjournal.com\/fr\/2026\/04\/27\/prix-de-recyclage-des-navires-stables-wirana\/#primaryimage"},"thumbnailUrl":"https:\/\/transportjournal.com\/wp-content\/uploads\/sites\/2\/2026\/04\/Wirana-Shipping-Corporation-CREO-Rakesk-Khetan-Foto-Wirana_55143388648_97c332cc59_c-aspect-ratio-1400-788.jpg","keywords":["analyse du march\u00e9 du recyclage de navires","Bangladesch","Bangladesh","demand for steel","demande d'acier","d\u00e9molition de navires","Deutsch Schiffsrecycling","green ship recycling","gr\u00fcne Schiffsrecycling","Inde","India","Indien","industrie du recyclage","industrie du transport","infrastructure projects","Infrastrukturprojekte","march\u00e9 de l'acier","Marktanalyse Schiffsrecycling","Nachfrage nach Stahl","Pakistan","prix de l'acier","prix de recyclage","prix des ferrailles","prix stables du recyclage de navires","projets d'infrastructure","recyclage de navires \u00e9cologique","recycleurs de navires","recycling industry","recycling prices","Recyclingindustrie","Recyclingpreise","Schiffsabbruch English ship recycling","Schiffsrecycler","Schiffsverkauf","Schrottpreise","scrap prices","ship recyclers","ship recycling market analysis","ship sales","shipbreaking Fran\u00e7ais recyclage de navires","stabile Preise Schiffsrecycling","stable ship recycling prices","Stahlmarkt","Stahlpreise","steel market","steel prices","transport industry","Transportwirtschaft","T\u00fcrkei","Turkey","Turquie","vente de navires","Wirana Shipping"],"articleSection":["Asie\/Pacifique","Transport maritime et ports"],"inLanguage":"fr-FR","potentialAction":[{"@type":"CommentAction","name":"Comment","target":["https:\/\/transportjournal.com\/fr\/2026\/04\/27\/prix-de-recyclage-des-navires-stables-wirana\/#respond"]}]},{"@type":"WebPage","@id":"https:\/\/transportjournal.com\/fr\/2026\/04\/27\/prix-de-recyclage-des-navires-stables-wirana\/","url":"https:\/\/transportjournal.com\/fr\/2026\/04\/27\/prix-de-recyclage-des-navires-stables-wirana\/","name":"Prix de recyclage des navires stables \u2013 Wirana - ITJ | International Transport Journal","isPartOf":{"@id":"https:\/\/transportjournal.com\/fr\/#website"},"primaryImageOfPage":{"@id":"https:\/\/transportjournal.com\/fr\/2026\/04\/27\/prix-de-recyclage-des-navires-stables-wirana\/#primaryimage"},"image":{"@id":"https:\/\/transportjournal.com\/fr\/2026\/04\/27\/prix-de-recyclage-des-navires-stables-wirana\/#primaryimage"},"thumbnailUrl":"https:\/\/transportjournal.com\/wp-content\/uploads\/sites\/2\/2026\/04\/Wirana-Shipping-Corporation-CREO-Rakesk-Khetan-Foto-Wirana_55143388648_97c332cc59_c-aspect-ratio-1400-788.jpg","datePublished":"2026-04-27T10:49:21+00:00","breadcrumb":{"@id":"https:\/\/transportjournal.com\/fr\/2026\/04\/27\/prix-de-recyclage-des-navires-stables-wirana\/#breadcrumb"},"inLanguage":"fr-FR","potentialAction":[{"@type":"ReadAction","target":["https:\/\/transportjournal.com\/fr\/2026\/04\/27\/prix-de-recyclage-des-navires-stables-wirana\/"]}]},{"@type":"ImageObject","inLanguage":"fr-FR","@id":"https:\/\/transportjournal.com\/fr\/2026\/04\/27\/prix-de-recyclage-des-navires-stables-wirana\/#primaryimage","url":"https:\/\/transportjournal.com\/wp-content\/uploads\/sites\/2\/2026\/04\/Wirana-Shipping-Corporation-CREO-Rakesk-Khetan-Foto-Wirana_55143388648_97c332cc59_c-aspect-ratio-1400-788.jpg","contentUrl":"https:\/\/transportjournal.com\/wp-content\/uploads\/sites\/2\/2026\/04\/Wirana-Shipping-Corporation-CREO-Rakesk-Khetan-Foto-Wirana_55143388648_97c332cc59_c-aspect-ratio-1400-788.jpg","width":535,"height":301},{"@type":"BreadcrumbList","@id":"https:\/\/transportjournal.com\/fr\/2026\/04\/27\/prix-de-recyclage-des-navires-stables-wirana\/#breadcrumb","itemListElement":[{"@type":"ListItem","position":1,"name":"Startseite","item":"https:\/\/transportjournal.com\/fr\/"},{"@type":"ListItem","position":2,"name":"Prix de recyclage des navires stables \u2013 Wirana"}]},{"@type":"WebSite","@id":"https:\/\/transportjournal.com\/fr\/#website","url":"https:\/\/transportjournal.com\/fr\/","name":"ITJ | International Transport Journal","description":"Restez inform\u00e9 des derni\u00e8res nouvelles mondiales dans les secteurs du transport, de la logistique et de la cha\u00eene d'approvisionnement. Transport Journal fournit des informations d'experts, des analyses et des mises \u00e0 jour sur le transport maritime, l'aviation, l'intermodalit\u00e9 et l'exp\u00e9dition. ","publisher":{"@id":"https:\/\/transportjournal.com\/fr\/#organization"},"potentialAction":[{"@type":"SearchAction","target":{"@type":"EntryPoint","urlTemplate":"https:\/\/transportjournal.com\/fr\/?s={search_term_string}"},"query-input":{"@type":"PropertyValueSpecification","valueRequired":true,"valueName":"search_term_string"}}],"inLanguage":"fr-FR"},{"@type":"Organization","@id":"https:\/\/transportjournal.com\/fr\/#organization","name":"Groupe Logismedia AG","alternateName":"Logismedia Group AG","url":"https:\/\/transportjournal.com\/fr\/","logo":{"@type":"ImageObject","inLanguage":"fr-FR","@id":"https:\/\/transportjournal.com\/fr\/#\/schema\/logo\/image\/","url":"https:\/\/transportjournal.com\/wp-content\/uploads\/sites\/2\/2025\/09\/Logo_ITJ.png","contentUrl":"https:\/\/transportjournal.com\/wp-content\/uploads\/sites\/2\/2025\/09\/Logo_ITJ.png","width":799,"height":326,"caption":"Groupe Logismedia AG"},"image":{"@id":"https:\/\/transportjournal.com\/fr\/#\/schema\/logo\/image\/"},"sameAs":["https:\/\/www.linkedin.com\/company\/56456496\/admin\/dashboard\/","https:\/\/www.instagram.com\/logismediagroup\/","https:\/\/www.youtube.com\/@LogiamediaGroupAG"]},{"@type":"Person","@id":"https:\/\/transportjournal.com\/fr\/#\/schema\/person\/13a9fc605c753db60ef7750a229cd042","name":"Gyan Sharan","url":"https:\/\/transportjournal.com\/fr\/author\/gyan\/"}]}},"_links":{"self":[{"href":"https:\/\/transportjournal.com\/fr\/wp-json\/wp\/v2\/posts\/86795","targetHints":{"allow":["GET"]}}],"collection":[{"href":"https:\/\/transportjournal.com\/fr\/wp-json\/wp\/v2\/posts"}],"about":[{"href":"https:\/\/transportjournal.com\/fr\/wp-json\/wp\/v2\/types\/post"}],"author":[{"embeddable":true,"href":"https:\/\/transportjournal.com\/fr\/wp-json\/wp\/v2\/users\/14"}],"replies":[{"embeddable":true,"href":"https:\/\/transportjournal.com\/fr\/wp-json\/wp\/v2\/comments?post=86795"}],"version-history":[{"count":0,"href":"https:\/\/transportjournal.com\/fr\/wp-json\/wp\/v2\/posts\/86795\/revisions"}],"wp:featuredmedia":[{"embeddable":true,"href":"https:\/\/transportjournal.com\/fr\/wp-json\/wp\/v2\/media\/86793"}],"wp:attachment":[{"href":"https:\/\/transportjournal.com\/fr\/wp-json\/wp\/v2\/media?parent=86795"}],"wp:term":[{"taxonomy":"category","embeddable":true,"href":"https:\/\/transportjournal.com\/fr\/wp-json\/wp\/v2\/categories?post=86795"},{"taxonomy":"post_tag","embeddable":true,"href":"https:\/\/transportjournal.com\/fr\/wp-json\/wp\/v2\/tags?post=86795"}],"curies":[{"name":"wp","href":"https:\/\/api.w.org\/{rel}","templated":true}]}}