{"id":86772,"date":"2026-04-27T09:18:29","date_gmt":"2026-04-27T09:18:29","guid":{"rendered":"https:\/\/transportjournal.com\/2026\/04\/27\/les-adaptations-climatiques-renforcent-le-port-de-strasbourg-et-les-ports-du-haut-rhin\/"},"modified":"2026-04-27T09:18:29","modified_gmt":"2026-04-27T09:18:29","slug":"les-adaptations-climatiques-renforcent-le-port-de-strasbourg-et-les-ports-du-haut-rhin","status":"publish","type":"post","link":"https:\/\/transportjournal.com\/fr\/2026\/04\/27\/les-adaptations-climatiques-renforcent-le-port-de-strasbourg-et-les-ports-du-haut-rhin\/","title":{"rendered":"Les adaptations climatiques renforcent le port de Strasbourg et les ports du Haut-Rhin"},"content":{"rendered":"<p>Le port de Strasbourg et les ports du Haut-Rhin ont pr\u00e9sent\u00e9, dans le cadre des projets \u00ab Crane \u00bb et \u00ab Clim\u2019Ability Care \u00bb, des approches concr\u00e8tes pour s&#8217;adapter au changement climatique. Lors du colloque de cl\u00f4ture \u00e0 Strasbourg (France), des repr\u00e9sentants des ports, du monde scientifique et de la politique ont soulign\u00e9 l&#8217;importance des actions communes pour une navigation int\u00e9rieure r\u00e9siliente.<\/p>\n<p>Le \u00ab projet Crane \u00bb a analys\u00e9 pendant trois ans les risques li\u00e9s au climat tels que la chaleur, les basses eaux, les inondations et les temp\u00eates. Les donn\u00e9es sur les \u00e9v\u00e9nements pass\u00e9s ainsi que les projections jusqu&#8217;en 2100 ont servi de base. Il a \u00e9t\u00e9 constat\u00e9 que les voies portuaires, les surfaces de transbordement et le personnel sont particuli\u00e8rement touch\u00e9s, tandis que d&#8217;autres infrastructures restent plus robustes.<\/p>\n<p>Environ 500 mesures ont \u00e9t\u00e9 \u00e9valu\u00e9es, y compris des plans d&#8217;urgence, des investissements dans des installations r\u00e9silientes et l&#8217;augmentation des capacit\u00e9s ferroviaires. L&#8217;objectif est de garantir la capacit\u00e9 op\u00e9rationnelle m\u00eame dans des conditions extr\u00eames. La collaboration des ports le long du Rhin est ainsi renforc\u00e9e.<\/p>\n<p><a href=\"http:\/\/www.strasbourg.port.fr\" target=\"_blank\" rel=\"noopener noreferrer\">www.strasbourg.port.fr<\/a><\/p>\n","protected":false},"excerpt":{"rendered":"<p>Le port de Strasbourg et les ports du Haut-Rhin ont pr\u00e9sent\u00e9 des approches innovantes pour s&rsquo;adapter au changement climatique afin de rendre la navigation int\u00e9rieure plus r\u00e9siliente.<\/p>\n","protected":false},"author":14,"featured_media":86756,"comment_status":"open","ping_status":"","sticky":false,"template":"","format":"standard","meta":{"_acf_changed":false,"footnotes":""},"categories":[1580,1587,1645],"tags":[42423,42424,42425,2842,42426,4155,42427,42428,4156,42429,42430,5008,2115,4521,42431,42432,42433,1889,42434,2909,42435,42436,42437,2125,3682,3683,2859,42438,42439,4171,5021,2862,42440,3157,42441,2925,4096,42442,2929,42443,42444,42445,42446,42447,42448,2391,2392,42449,42450,4099,5036,2155,1837,42451,42452],"class_list":["post-86772","post","type-post","status-publish","format-standard","has-post-thumbnail","hentry","category-intermodal-route","category-leurope","category-uncategorized","tag-adaptation-a-la-chaleur","tag-adaptation-au-climat","tag-adaptation-aux-inondations","tag-binnenschifffahrt","tag-capacite-ferroviaire","tag-changement-climatique","tag-climability-care","tag-climate-adaptation","tag-climate-change","tag-climate-related-risks","tag-deutsch-hafen-strasbourg","tag-developpement-portuaire-durable","tag-digitalisierung-in-der-logistik","tag-digitization-in-logistics","tag-emergency-plans","tag-europaeische-wasserwege-english-strasbourg-port","tag-european-waterways-francais-port-de-strasbourg","tag-fachkraeftemangel","tag-flood-adaptation","tag-hafenbetrieb","tag-heat-adaptation","tag-hitzeanpassung","tag-hochwasseranpassung","tag-industrie-du-transport","tag-infrastructure","tag-infrastruktur","tag-inland-shipping","tag-klimaanpassungen","tag-klimabedingte-risiken","tag-klimawandel","tag-nachhaltige-hafenentwicklung","tag-navigation-interieure","tag-notfallplaene","tag-numerisation-dans-la-logistique","tag-oberrheinhaefen","tag-operations-portuaires","tag-penurie-de-main-doeuvre-qualifiee","tag-plans-durgence","tag-port-operations","tag-ports-du-haut-rhin","tag-project-crane","tag-projekt-crane","tag-projet-crane","tag-rail-capacity","tag-resilience-dans-la-logistique","tag-resilience-in-logistics","tag-resilienz-in-der-logistik","tag-risques-lies-au-climat","tag-schienenkapazitaeten","tag-skilled-labor-shortage","tag-sustainable-port-development","tag-transport-industry","tag-transportwirtschaft","tag-upper-rhine-ports","tag-voies-navigables-europeennes"],"acf":[],"yoast_head":"<!-- This site is optimized with the Yoast SEO plugin v27.3 - https:\/\/yoast.com\/product\/yoast-seo-wordpress\/ -->\n<title>Les adaptations climatiques renforcent le port de Strasbourg et les ports du Haut-Rhin - ITJ | International Transport Journal<\/title>\n<meta name=\"robots\" content=\"index, follow, max-snippet:-1, max-image-preview:large, max-video-preview:-1\" \/>\n<link rel=\"canonical\" href=\"https:\/\/transportjournal.com\/fr\/2026\/04\/27\/les-adaptations-climatiques-renforcent-le-port-de-strasbourg-et-les-ports-du-haut-rhin\/\" \/>\n<meta property=\"og:locale\" content=\"fr_FR\" \/>\n<meta property=\"og:type\" content=\"article\" \/>\n<meta property=\"og:title\" content=\"Les adaptations climatiques renforcent le port de Strasbourg et les ports du Haut-Rhin - ITJ | International Transport Journal\" \/>\n<meta property=\"og:description\" content=\"Le port de Strasbourg et les ports du Haut-Rhin ont pr\u00e9sent\u00e9 des approches innovantes pour s&#039;adapter au changement climatique afin de rendre la navigation int\u00e9rieure plus r\u00e9siliente.\" \/>\n<meta property=\"og:url\" content=\"https:\/\/transportjournal.com\/fr\/2026\/04\/27\/les-adaptations-climatiques-renforcent-le-port-de-strasbourg-et-les-ports-du-haut-rhin\/\" \/>\n<meta property=\"og:site_name\" content=\"ITJ | International Transport Journal\" \/>\n<meta property=\"article:published_time\" content=\"2026-04-27T09:18:29+00:00\" \/>\n<meta property=\"og:image\" content=\"https:\/\/transportjournal.com\/wp-content\/uploads\/sites\/2\/2026\/04\/Leichter-auf-der-Rhone-in-Lyon-France-Foto-Adobe-Stock-Nic_AdobeStock_821258389-scaled-aspect-ratio-1400-788-scaled-1.jpeg\" \/>\n\t<meta property=\"og:image:width\" content=\"2560\" \/>\n\t<meta property=\"og:image:height\" content=\"1441\" \/>\n\t<meta property=\"og:image:type\" content=\"image\/jpeg\" \/>\n<meta name=\"author\" content=\"Gyan Sharan\" \/>\n<meta name=\"twitter:card\" content=\"summary_large_image\" \/>\n<meta name=\"twitter:label1\" content=\"\u00c9crit par\" \/>\n\t<meta name=\"twitter:data1\" content=\"Gyan Sharan\" \/>\n\t<meta name=\"twitter:label2\" content=\"Dur\u00e9e de lecture estim\u00e9e\" \/>\n\t<meta name=\"twitter:data2\" content=\"1 minute\" \/>\n<script type=\"application\/ld+json\" class=\"yoast-schema-graph\">{\"@context\":\"https:\\\/\\\/schema.org\",\"@graph\":[{\"@type\":\"Article\",\"@id\":\"https:\\\/\\\/transportjournal.com\\\/fr\\\/2026\\\/04\\\/27\\\/les-adaptations-climatiques-renforcent-le-port-de-strasbourg-et-les-ports-du-haut-rhin\\\/#article\",\"isPartOf\":{\"@id\":\"https:\\\/\\\/transportjournal.com\\\/fr\\\/2026\\\/04\\\/27\\\/les-adaptations-climatiques-renforcent-le-port-de-strasbourg-et-les-ports-du-haut-rhin\\\/\"},\"author\":{\"name\":\"Gyan Sharan\",\"@id\":\"https:\\\/\\\/transportjournal.com\\\/fr\\\/#\\\/schema\\\/person\\\/13a9fc605c753db60ef7750a229cd042\"},\"headline\":\"Les adaptations climatiques renforcent le port de Strasbourg et les ports du Haut-Rhin\",\"datePublished\":\"2026-04-27T09:18:29+00:00\",\"mainEntityOfPage\":{\"@id\":\"https:\\\/\\\/transportjournal.com\\\/fr\\\/2026\\\/04\\\/27\\\/les-adaptations-climatiques-renforcent-le-port-de-strasbourg-et-les-ports-du-haut-rhin\\\/\"},\"wordCount\":211,\"commentCount\":0,\"publisher\":{\"@id\":\"https:\\\/\\\/transportjournal.com\\\/fr\\\/#organization\"},\"image\":{\"@id\":\"https:\\\/\\\/transportjournal.com\\\/fr\\\/2026\\\/04\\\/27\\\/les-adaptations-climatiques-renforcent-le-port-de-strasbourg-et-les-ports-du-haut-rhin\\\/#primaryimage\"},\"thumbnailUrl\":\"https:\\\/\\\/transportjournal.com\\\/wp-content\\\/uploads\\\/sites\\\/2\\\/2026\\\/04\\\/Leichter-auf-der-Rhone-in-Lyon-France-Foto-Adobe-Stock-Nic_AdobeStock_821258389-scaled-aspect-ratio-1400-788-scaled-1.jpeg\",\"keywords\":[\"adaptation \u00e0 la chaleur\",\"adaptation au climat\",\"adaptation aux inondations\",\"Binnenschifffahrt\",\"capacit\u00e9 ferroviaire\",\"changement climatique\",\"Clim\u2019Ability Care\",\"climate adaptation\",\"climate change\",\"climate-related risks\",\"Deutsch Hafen Strasbourg\",\"d\u00e9veloppement portuaire durable\",\"Digitalisierung in der Logistik\",\"digitization in logistics\",\"emergency plans\",\"europ\u00e4ische Wasserwege English Strasbourg port\",\"European waterways Fran\u00e7ais Port de Strasbourg\",\"Fachkr\u00e4ftemangel\",\"flood adaptation\",\"Hafenbetrieb\",\"heat adaptation\",\"Hitzeanpassung\",\"Hochwasseranpassung\",\"industrie du transport\",\"infrastructure\",\"Infrastruktur\",\"inland shipping\",\"Klimaanpassungen\",\"klimabedingte Risiken\",\"Klimawandel\",\"nachhaltige Hafenentwicklung\",\"navigation int\u00e9rieure\",\"Notfallpl\u00e4ne\",\"num\u00e9risation dans la logistique\",\"Oberrheinh\u00e4fen\",\"op\u00e9rations portuaires\",\"p\u00e9nurie de main-d'\u0153uvre qualifi\u00e9e\",\"plans d'urgence\",\"port operations\",\"ports du Haut-Rhin\",\"Project Crane\",\"Projekt Crane\",\"projet Crane\",\"rail capacity\",\"r\u00e9silience dans la logistique\",\"resilience in logistics\",\"Resilienz in der Logistik\",\"risques li\u00e9s au climat\",\"Schienenkapazit\u00e4ten\",\"skilled labor shortage\",\"sustainable port development\",\"transport industry\",\"Transportwirtschaft\",\"Upper Rhine ports\",\"voies navigables europ\u00e9ennes\"],\"articleSection\":[\"Intermodal \\\/ Route\",\"L'Europe\"],\"inLanguage\":\"fr-FR\",\"potentialAction\":[{\"@type\":\"CommentAction\",\"name\":\"Comment\",\"target\":[\"https:\\\/\\\/transportjournal.com\\\/fr\\\/2026\\\/04\\\/27\\\/les-adaptations-climatiques-renforcent-le-port-de-strasbourg-et-les-ports-du-haut-rhin\\\/#respond\"]}]},{\"@type\":\"WebPage\",\"@id\":\"https:\\\/\\\/transportjournal.com\\\/fr\\\/2026\\\/04\\\/27\\\/les-adaptations-climatiques-renforcent-le-port-de-strasbourg-et-les-ports-du-haut-rhin\\\/\",\"url\":\"https:\\\/\\\/transportjournal.com\\\/fr\\\/2026\\\/04\\\/27\\\/les-adaptations-climatiques-renforcent-le-port-de-strasbourg-et-les-ports-du-haut-rhin\\\/\",\"name\":\"Les adaptations climatiques renforcent le port de Strasbourg et les ports du Haut-Rhin - ITJ | International Transport Journal\",\"isPartOf\":{\"@id\":\"https:\\\/\\\/transportjournal.com\\\/fr\\\/#website\"},\"primaryImageOfPage\":{\"@id\":\"https:\\\/\\\/transportjournal.com\\\/fr\\\/2026\\\/04\\\/27\\\/les-adaptations-climatiques-renforcent-le-port-de-strasbourg-et-les-ports-du-haut-rhin\\\/#primaryimage\"},\"image\":{\"@id\":\"https:\\\/\\\/transportjournal.com\\\/fr\\\/2026\\\/04\\\/27\\\/les-adaptations-climatiques-renforcent-le-port-de-strasbourg-et-les-ports-du-haut-rhin\\\/#primaryimage\"},\"thumbnailUrl\":\"https:\\\/\\\/transportjournal.com\\\/wp-content\\\/uploads\\\/sites\\\/2\\\/2026\\\/04\\\/Leichter-auf-der-Rhone-in-Lyon-France-Foto-Adobe-Stock-Nic_AdobeStock_821258389-scaled-aspect-ratio-1400-788-scaled-1.jpeg\",\"datePublished\":\"2026-04-27T09:18:29+00:00\",\"breadcrumb\":{\"@id\":\"https:\\\/\\\/transportjournal.com\\\/fr\\\/2026\\\/04\\\/27\\\/les-adaptations-climatiques-renforcent-le-port-de-strasbourg-et-les-ports-du-haut-rhin\\\/#breadcrumb\"},\"inLanguage\":\"fr-FR\",\"potentialAction\":[{\"@type\":\"ReadAction\",\"target\":[\"https:\\\/\\\/transportjournal.com\\\/fr\\\/2026\\\/04\\\/27\\\/les-adaptations-climatiques-renforcent-le-port-de-strasbourg-et-les-ports-du-haut-rhin\\\/\"]}]},{\"@type\":\"ImageObject\",\"inLanguage\":\"fr-FR\",\"@id\":\"https:\\\/\\\/transportjournal.com\\\/fr\\\/2026\\\/04\\\/27\\\/les-adaptations-climatiques-renforcent-le-port-de-strasbourg-et-les-ports-du-haut-rhin\\\/#primaryimage\",\"url\":\"https:\\\/\\\/transportjournal.com\\\/wp-content\\\/uploads\\\/sites\\\/2\\\/2026\\\/04\\\/Leichter-auf-der-Rhone-in-Lyon-France-Foto-Adobe-Stock-Nic_AdobeStock_821258389-scaled-aspect-ratio-1400-788-scaled-1.jpeg\",\"contentUrl\":\"https:\\\/\\\/transportjournal.com\\\/wp-content\\\/uploads\\\/sites\\\/2\\\/2026\\\/04\\\/Leichter-auf-der-Rhone-in-Lyon-France-Foto-Adobe-Stock-Nic_AdobeStock_821258389-scaled-aspect-ratio-1400-788-scaled-1.jpeg\",\"width\":2560,\"height\":1441},{\"@type\":\"BreadcrumbList\",\"@id\":\"https:\\\/\\\/transportjournal.com\\\/fr\\\/2026\\\/04\\\/27\\\/les-adaptations-climatiques-renforcent-le-port-de-strasbourg-et-les-ports-du-haut-rhin\\\/#breadcrumb\",\"itemListElement\":[{\"@type\":\"ListItem\",\"position\":1,\"name\":\"Startseite\",\"item\":\"https:\\\/\\\/transportjournal.com\\\/fr\\\/\"},{\"@type\":\"ListItem\",\"position\":2,\"name\":\"Les adaptations climatiques renforcent le port de Strasbourg et les ports du Haut-Rhin\"}]},{\"@type\":\"WebSite\",\"@id\":\"https:\\\/\\\/transportjournal.com\\\/fr\\\/#website\",\"url\":\"https:\\\/\\\/transportjournal.com\\\/fr\\\/\",\"name\":\"ITJ | International Transport Journal\",\"description\":\"Restez inform\u00e9 des derni\u00e8res nouvelles mondiales dans les secteurs du transport, de la logistique et de la cha\u00eene d'approvisionnement. Transport Journal fournit des informations d'experts, des analyses et des mises \u00e0 jour sur le transport maritime, l'aviation, l'intermodalit\u00e9 et l'exp\u00e9dition. \",\"publisher\":{\"@id\":\"https:\\\/\\\/transportjournal.com\\\/fr\\\/#organization\"},\"potentialAction\":[{\"@type\":\"SearchAction\",\"target\":{\"@type\":\"EntryPoint\",\"urlTemplate\":\"https:\\\/\\\/transportjournal.com\\\/fr\\\/?s={search_term_string}\"},\"query-input\":{\"@type\":\"PropertyValueSpecification\",\"valueRequired\":true,\"valueName\":\"search_term_string\"}}],\"inLanguage\":\"fr-FR\"},{\"@type\":\"Organization\",\"@id\":\"https:\\\/\\\/transportjournal.com\\\/fr\\\/#organization\",\"name\":\"Groupe Logismedia AG\",\"alternateName\":\"Logismedia Group AG\",\"url\":\"https:\\\/\\\/transportjournal.com\\\/fr\\\/\",\"logo\":{\"@type\":\"ImageObject\",\"inLanguage\":\"fr-FR\",\"@id\":\"https:\\\/\\\/transportjournal.com\\\/fr\\\/#\\\/schema\\\/logo\\\/image\\\/\",\"url\":\"https:\\\/\\\/transportjournal.com\\\/wp-content\\\/uploads\\\/sites\\\/2\\\/2025\\\/09\\\/Logo_ITJ.png\",\"contentUrl\":\"https:\\\/\\\/transportjournal.com\\\/wp-content\\\/uploads\\\/sites\\\/2\\\/2025\\\/09\\\/Logo_ITJ.png\",\"width\":799,\"height\":326,\"caption\":\"Groupe Logismedia AG\"},\"image\":{\"@id\":\"https:\\\/\\\/transportjournal.com\\\/fr\\\/#\\\/schema\\\/logo\\\/image\\\/\"},\"sameAs\":[\"https:\\\/\\\/www.linkedin.com\\\/company\\\/56456496\\\/admin\\\/dashboard\\\/\",\"https:\\\/\\\/www.instagram.com\\\/logismediagroup\\\/\",\"https:\\\/\\\/www.youtube.com\\\/@LogiamediaGroupAG\"]},{\"@type\":\"Person\",\"@id\":\"https:\\\/\\\/transportjournal.com\\\/fr\\\/#\\\/schema\\\/person\\\/13a9fc605c753db60ef7750a229cd042\",\"name\":\"Gyan Sharan\",\"url\":\"https:\\\/\\\/transportjournal.com\\\/fr\\\/author\\\/gyan\\\/\"}]}<\/script>\n<!-- \/ Yoast SEO plugin. -->","yoast_head_json":{"title":"Les adaptations climatiques renforcent le port de Strasbourg et les ports du Haut-Rhin - ITJ | International Transport Journal","robots":{"index":"index","follow":"follow","max-snippet":"max-snippet:-1","max-image-preview":"max-image-preview:large","max-video-preview":"max-video-preview:-1"},"canonical":"https:\/\/transportjournal.com\/fr\/2026\/04\/27\/les-adaptations-climatiques-renforcent-le-port-de-strasbourg-et-les-ports-du-haut-rhin\/","og_locale":"fr_FR","og_type":"article","og_title":"Les adaptations climatiques renforcent le port de Strasbourg et les ports du Haut-Rhin - ITJ | International Transport Journal","og_description":"Le port de Strasbourg et les ports du Haut-Rhin ont pr\u00e9sent\u00e9 des approches innovantes pour s'adapter au changement climatique afin de rendre la navigation int\u00e9rieure plus r\u00e9siliente.","og_url":"https:\/\/transportjournal.com\/fr\/2026\/04\/27\/les-adaptations-climatiques-renforcent-le-port-de-strasbourg-et-les-ports-du-haut-rhin\/","og_site_name":"ITJ | International Transport Journal","article_published_time":"2026-04-27T09:18:29+00:00","og_image":[{"width":2560,"height":1441,"url":"https:\/\/transportjournal.com\/wp-content\/uploads\/sites\/2\/2026\/04\/Leichter-auf-der-Rhone-in-Lyon-France-Foto-Adobe-Stock-Nic_AdobeStock_821258389-scaled-aspect-ratio-1400-788-scaled-1.jpeg","type":"image\/jpeg"}],"author":"Gyan Sharan","twitter_card":"summary_large_image","twitter_misc":{"\u00c9crit par":"Gyan Sharan","Dur\u00e9e de lecture estim\u00e9e":"1 minute"},"schema":{"@context":"https:\/\/schema.org","@graph":[{"@type":"Article","@id":"https:\/\/transportjournal.com\/fr\/2026\/04\/27\/les-adaptations-climatiques-renforcent-le-port-de-strasbourg-et-les-ports-du-haut-rhin\/#article","isPartOf":{"@id":"https:\/\/transportjournal.com\/fr\/2026\/04\/27\/les-adaptations-climatiques-renforcent-le-port-de-strasbourg-et-les-ports-du-haut-rhin\/"},"author":{"name":"Gyan Sharan","@id":"https:\/\/transportjournal.com\/fr\/#\/schema\/person\/13a9fc605c753db60ef7750a229cd042"},"headline":"Les adaptations climatiques renforcent le port de Strasbourg et les ports du Haut-Rhin","datePublished":"2026-04-27T09:18:29+00:00","mainEntityOfPage":{"@id":"https:\/\/transportjournal.com\/fr\/2026\/04\/27\/les-adaptations-climatiques-renforcent-le-port-de-strasbourg-et-les-ports-du-haut-rhin\/"},"wordCount":211,"commentCount":0,"publisher":{"@id":"https:\/\/transportjournal.com\/fr\/#organization"},"image":{"@id":"https:\/\/transportjournal.com\/fr\/2026\/04\/27\/les-adaptations-climatiques-renforcent-le-port-de-strasbourg-et-les-ports-du-haut-rhin\/#primaryimage"},"thumbnailUrl":"https:\/\/transportjournal.com\/wp-content\/uploads\/sites\/2\/2026\/04\/Leichter-auf-der-Rhone-in-Lyon-France-Foto-Adobe-Stock-Nic_AdobeStock_821258389-scaled-aspect-ratio-1400-788-scaled-1.jpeg","keywords":["adaptation \u00e0 la chaleur","adaptation au climat","adaptation aux inondations","Binnenschifffahrt","capacit\u00e9 ferroviaire","changement climatique","Clim\u2019Ability Care","climate adaptation","climate change","climate-related risks","Deutsch Hafen Strasbourg","d\u00e9veloppement portuaire durable","Digitalisierung in der Logistik","digitization in logistics","emergency plans","europ\u00e4ische Wasserwege English Strasbourg port","European waterways Fran\u00e7ais Port de Strasbourg","Fachkr\u00e4ftemangel","flood adaptation","Hafenbetrieb","heat adaptation","Hitzeanpassung","Hochwasseranpassung","industrie du transport","infrastructure","Infrastruktur","inland shipping","Klimaanpassungen","klimabedingte Risiken","Klimawandel","nachhaltige Hafenentwicklung","navigation int\u00e9rieure","Notfallpl\u00e4ne","num\u00e9risation dans la logistique","Oberrheinh\u00e4fen","op\u00e9rations portuaires","p\u00e9nurie de main-d'\u0153uvre qualifi\u00e9e","plans d'urgence","port operations","ports du Haut-Rhin","Project Crane","Projekt Crane","projet Crane","rail capacity","r\u00e9silience dans la logistique","resilience in logistics","Resilienz in der Logistik","risques li\u00e9s au climat","Schienenkapazit\u00e4ten","skilled labor shortage","sustainable port development","transport industry","Transportwirtschaft","Upper Rhine ports","voies navigables europ\u00e9ennes"],"articleSection":["Intermodal \/ Route","L'Europe"],"inLanguage":"fr-FR","potentialAction":[{"@type":"CommentAction","name":"Comment","target":["https:\/\/transportjournal.com\/fr\/2026\/04\/27\/les-adaptations-climatiques-renforcent-le-port-de-strasbourg-et-les-ports-du-haut-rhin\/#respond"]}]},{"@type":"WebPage","@id":"https:\/\/transportjournal.com\/fr\/2026\/04\/27\/les-adaptations-climatiques-renforcent-le-port-de-strasbourg-et-les-ports-du-haut-rhin\/","url":"https:\/\/transportjournal.com\/fr\/2026\/04\/27\/les-adaptations-climatiques-renforcent-le-port-de-strasbourg-et-les-ports-du-haut-rhin\/","name":"Les adaptations climatiques renforcent le port de Strasbourg et les ports du Haut-Rhin - ITJ | International Transport Journal","isPartOf":{"@id":"https:\/\/transportjournal.com\/fr\/#website"},"primaryImageOfPage":{"@id":"https:\/\/transportjournal.com\/fr\/2026\/04\/27\/les-adaptations-climatiques-renforcent-le-port-de-strasbourg-et-les-ports-du-haut-rhin\/#primaryimage"},"image":{"@id":"https:\/\/transportjournal.com\/fr\/2026\/04\/27\/les-adaptations-climatiques-renforcent-le-port-de-strasbourg-et-les-ports-du-haut-rhin\/#primaryimage"},"thumbnailUrl":"https:\/\/transportjournal.com\/wp-content\/uploads\/sites\/2\/2026\/04\/Leichter-auf-der-Rhone-in-Lyon-France-Foto-Adobe-Stock-Nic_AdobeStock_821258389-scaled-aspect-ratio-1400-788-scaled-1.jpeg","datePublished":"2026-04-27T09:18:29+00:00","breadcrumb":{"@id":"https:\/\/transportjournal.com\/fr\/2026\/04\/27\/les-adaptations-climatiques-renforcent-le-port-de-strasbourg-et-les-ports-du-haut-rhin\/#breadcrumb"},"inLanguage":"fr-FR","potentialAction":[{"@type":"ReadAction","target":["https:\/\/transportjournal.com\/fr\/2026\/04\/27\/les-adaptations-climatiques-renforcent-le-port-de-strasbourg-et-les-ports-du-haut-rhin\/"]}]},{"@type":"ImageObject","inLanguage":"fr-FR","@id":"https:\/\/transportjournal.com\/fr\/2026\/04\/27\/les-adaptations-climatiques-renforcent-le-port-de-strasbourg-et-les-ports-du-haut-rhin\/#primaryimage","url":"https:\/\/transportjournal.com\/wp-content\/uploads\/sites\/2\/2026\/04\/Leichter-auf-der-Rhone-in-Lyon-France-Foto-Adobe-Stock-Nic_AdobeStock_821258389-scaled-aspect-ratio-1400-788-scaled-1.jpeg","contentUrl":"https:\/\/transportjournal.com\/wp-content\/uploads\/sites\/2\/2026\/04\/Leichter-auf-der-Rhone-in-Lyon-France-Foto-Adobe-Stock-Nic_AdobeStock_821258389-scaled-aspect-ratio-1400-788-scaled-1.jpeg","width":2560,"height":1441},{"@type":"BreadcrumbList","@id":"https:\/\/transportjournal.com\/fr\/2026\/04\/27\/les-adaptations-climatiques-renforcent-le-port-de-strasbourg-et-les-ports-du-haut-rhin\/#breadcrumb","itemListElement":[{"@type":"ListItem","position":1,"name":"Startseite","item":"https:\/\/transportjournal.com\/fr\/"},{"@type":"ListItem","position":2,"name":"Les adaptations climatiques renforcent le port de Strasbourg et les ports du Haut-Rhin"}]},{"@type":"WebSite","@id":"https:\/\/transportjournal.com\/fr\/#website","url":"https:\/\/transportjournal.com\/fr\/","name":"ITJ | International Transport Journal","description":"Restez inform\u00e9 des derni\u00e8res nouvelles mondiales dans les secteurs du transport, de la logistique et de la cha\u00eene d'approvisionnement. Transport Journal fournit des informations d'experts, des analyses et des mises \u00e0 jour sur le transport maritime, l'aviation, l'intermodalit\u00e9 et l'exp\u00e9dition. ","publisher":{"@id":"https:\/\/transportjournal.com\/fr\/#organization"},"potentialAction":[{"@type":"SearchAction","target":{"@type":"EntryPoint","urlTemplate":"https:\/\/transportjournal.com\/fr\/?s={search_term_string}"},"query-input":{"@type":"PropertyValueSpecification","valueRequired":true,"valueName":"search_term_string"}}],"inLanguage":"fr-FR"},{"@type":"Organization","@id":"https:\/\/transportjournal.com\/fr\/#organization","name":"Groupe Logismedia AG","alternateName":"Logismedia Group AG","url":"https:\/\/transportjournal.com\/fr\/","logo":{"@type":"ImageObject","inLanguage":"fr-FR","@id":"https:\/\/transportjournal.com\/fr\/#\/schema\/logo\/image\/","url":"https:\/\/transportjournal.com\/wp-content\/uploads\/sites\/2\/2025\/09\/Logo_ITJ.png","contentUrl":"https:\/\/transportjournal.com\/wp-content\/uploads\/sites\/2\/2025\/09\/Logo_ITJ.png","width":799,"height":326,"caption":"Groupe Logismedia AG"},"image":{"@id":"https:\/\/transportjournal.com\/fr\/#\/schema\/logo\/image\/"},"sameAs":["https:\/\/www.linkedin.com\/company\/56456496\/admin\/dashboard\/","https:\/\/www.instagram.com\/logismediagroup\/","https:\/\/www.youtube.com\/@LogiamediaGroupAG"]},{"@type":"Person","@id":"https:\/\/transportjournal.com\/fr\/#\/schema\/person\/13a9fc605c753db60ef7750a229cd042","name":"Gyan Sharan","url":"https:\/\/transportjournal.com\/fr\/author\/gyan\/"}]}},"_links":{"self":[{"href":"https:\/\/transportjournal.com\/fr\/wp-json\/wp\/v2\/posts\/86772","targetHints":{"allow":["GET"]}}],"collection":[{"href":"https:\/\/transportjournal.com\/fr\/wp-json\/wp\/v2\/posts"}],"about":[{"href":"https:\/\/transportjournal.com\/fr\/wp-json\/wp\/v2\/types\/post"}],"author":[{"embeddable":true,"href":"https:\/\/transportjournal.com\/fr\/wp-json\/wp\/v2\/users\/14"}],"replies":[{"embeddable":true,"href":"https:\/\/transportjournal.com\/fr\/wp-json\/wp\/v2\/comments?post=86772"}],"version-history":[{"count":0,"href":"https:\/\/transportjournal.com\/fr\/wp-json\/wp\/v2\/posts\/86772\/revisions"}],"wp:featuredmedia":[{"embeddable":true,"href":"https:\/\/transportjournal.com\/fr\/wp-json\/wp\/v2\/media\/86756"}],"wp:attachment":[{"href":"https:\/\/transportjournal.com\/fr\/wp-json\/wp\/v2\/media?parent=86772"}],"wp:term":[{"taxonomy":"category","embeddable":true,"href":"https:\/\/transportjournal.com\/fr\/wp-json\/wp\/v2\/categories?post=86772"},{"taxonomy":"post_tag","embeddable":true,"href":"https:\/\/transportjournal.com\/fr\/wp-json\/wp\/v2\/tags?post=86772"}],"curies":[{"name":"wp","href":"https:\/\/api.w.org\/{rel}","templated":true}]}}