{"id":86743,"date":"2026-04-27T09:20:49","date_gmt":"2026-04-27T09:20:49","guid":{"rendered":"https:\/\/transportjournal.com\/2026\/04\/27\/changement-de-direction-a-laeroport-international-de-noida\/"},"modified":"2026-04-27T11:30:49","modified_gmt":"2026-04-27T09:30:49","slug":"changement-de-direction-a-laeroport-international-de-noida","status":"publish","type":"post","link":"https:\/\/transportjournal.com\/fr\/2026\/04\/27\/changement-de-direction-a-laeroport-international-de-noida\/","title":{"rendered":"Changement de direction \u00e0 l&rsquo;a\u00e9roport international de Noida"},"content":{"rendered":"<p>Le Noida International Airport (NIA) a annonc\u00e9 un changement de direction, rendu n\u00e9cessaire par une directive r\u00e9glementaire du Bureau indien de la s\u00e9curit\u00e9 de l&#8217;aviation civile (BCAS). Cette r\u00e9glementation stipule que le directeur g\u00e9n\u00e9ral d&#8217;un a\u00e9roport en Inde doit \u00eatre un citoyen indien. En cons\u00e9quence, Nitu Samra a \u00e9t\u00e9 nomm\u00e9e directrice g\u00e9n\u00e9rale par int\u00e9rim avec effet imm\u00e9diat, jusqu&#8217;\u00e0 ce qu&#8217;un processus de s\u00e9lection formel soit achev\u00e9 par le conseil d&#8217;administration, comme le rapporte le portail en ligne News18.<\/p>\n<p>Nitu Samra assume le r\u00f4le de directrice g\u00e9n\u00e9rale (CEO) par int\u00e9rim. Selon un communiqu\u00e9 du NIA, elle exercera cette fonction jusqu&#8217;\u00e0 ce que le conseil d&#8217;administration ait termin\u00e9 la recherche d&#8217;un successeur permanent. Samra est en poste en tant que directrice financi\u00e8re (CFO) de l&#8217;a\u00e9roport depuis octobre 2021 et a jou\u00e9 un r\u00f4le dans la gestion financi\u00e8re, la gouvernance ainsi que la planification strat\u00e9gique de l&#8217;a\u00e9roport.<\/p>\n<p><a href=\"https:\/\/www.niairport.in\/\" target=\"_blank\" rel=\"noopener noreferrer\">www.niairport.in<\/a><\/p>\n","protected":false},"excerpt":{"rendered":"<p>L&rsquo;a\u00e9roport international de Noida a nomm\u00e9 Nitu Samra par int\u00e9rim au poste de PDG afin de se conformer aux r\u00e9glementations de la BCAS.<\/p>\n","protected":false},"author":10,"featured_media":86741,"comment_status":"open","ping_status":"","sticky":false,"template":"","format":"standard","meta":{"_acf_changed":false,"footnotes":""},"categories":[1586,1582,1579],"tags":[42382,31873,42383,40976,3619,42384,42385,5504,42386,42387,42388,42389,42390,42391,42392,42393,42394,13747,42395,2213,42396,7067,5515,42397,42398,5519,42399,42400,42401,42402,42403,42404,42405,42406,42407,42408,31884,3643,42409,42410,42411,42412,42413,5528,42414,42415,42416,42417,42418,29654,42419,42420,42421,42422],"class_list":["post-86743","post","type-post","status-publish","format-standard","has-post-thumbnail","hentry","category-asie-pacifique","category-fret-aerien","category-personnes-et-entreprises","tag-aeroports-indiens","tag-air-transport-industry","tag-airport-ceo","tag-airport-development","tag-airport-infrastructure","tag-airport-leadership-change","tag-airport-management","tag-airport-operations","tag-aviation-indienne","tag-aviation-security","tag-bcas-regulation","tag-bcas-vorschrift","tag-ceo-flughafen","tag-cfo-nia","tag-changement-de-direction-aeroportuaire","tag-citoyens-indiens","tag-deutsch-noida-international-airport","tag-developpement-aeroportuaire","tag-directive-reglementaire","tag-economie-du-transport","tag-flughafen-entwicklung","tag-flughafen-infrastruktur","tag-flughafenbetrieb","tag-flughafenmanagement","tag-fuehrungswechsel-flughafen","tag-gestion-aeroportuaire","tag-gestion-interimaire","tag-gouvernance-en-aviation","tag-governance-im-flughafen","tag-governance-in-aviation","tag-indian-airports","tag-indian-aviation","tag-indian-citizens","tag-indische-flughaefen","tag-indische-luftfahrt","tag-indische-staatsbuerger","tag-industrie-du-transport-aerien","tag-infrastructure-aeroportuaire","tag-interim-geschaeftsfuehrung","tag-interim-management","tag-luftfahrt-sicherheit","tag-luftverkehrsindustrie","tag-nitu-samra","tag-operations-aeroportuaires","tag-pdg-aeroport","tag-planification-strategique-aeroport","tag-reglementation-bcas","tag-regulatorische-anweisung","tag-regulatory-directive","tag-securite-aeronautique","tag-strategic-planning-airport","tag-strategische-planung-flughafen","tag-transport-economy-francais-aeroport-international-de-noida","tag-transportwirtschaft-english-noida-international-airport"],"acf":[],"yoast_head":"<!-- This site is optimized with the Yoast SEO plugin v27.3 - https:\/\/yoast.com\/product\/yoast-seo-wordpress\/ -->\n<title>Changement de direction \u00e0 l&#8217;a\u00e9roport international de Noida - ITJ | International Transport Journal<\/title>\n<meta name=\"robots\" content=\"index, follow, max-snippet:-1, max-image-preview:large, max-video-preview:-1\" \/>\n<link rel=\"canonical\" href=\"https:\/\/transportjournal.com\/fr\/2026\/04\/27\/changement-de-direction-a-laeroport-international-de-noida\/\" \/>\n<meta property=\"og:locale\" content=\"fr_FR\" \/>\n<meta property=\"og:type\" content=\"article\" \/>\n<meta property=\"og:title\" content=\"Changement de direction \u00e0 l&#8217;a\u00e9roport international de Noida - ITJ | International Transport Journal\" \/>\n<meta property=\"og:description\" content=\"L&#039;a\u00e9roport international de Noida a nomm\u00e9 Nitu Samra par int\u00e9rim au poste de PDG afin de se conformer aux r\u00e9glementations de la BCAS.\" \/>\n<meta property=\"og:url\" content=\"https:\/\/transportjournal.com\/fr\/2026\/04\/27\/changement-de-direction-a-laeroport-international-de-noida\/\" \/>\n<meta property=\"og:site_name\" content=\"ITJ | International Transport Journal\" \/>\n<meta property=\"article:published_time\" content=\"2026-04-27T09:20:49+00:00\" \/>\n<meta property=\"article:modified_time\" content=\"2026-04-27T09:30:49+00:00\" \/>\n<meta property=\"og:image\" content=\"https:\/\/transportjournal.com\/wp-content\/uploads\/sites\/2\/2026\/04\/AdobeStock_215225362-scaled-aspect-ratio-1400-788-scaled-1.jpeg\" \/>\n\t<meta property=\"og:image:width\" content=\"2560\" \/>\n\t<meta property=\"og:image:height\" content=\"1441\" \/>\n\t<meta property=\"og:image:type\" content=\"image\/jpeg\" \/>\n<meta name=\"author\" content=\"Jeremy Soland\" \/>\n<meta name=\"twitter:card\" content=\"summary_large_image\" \/>\n<meta name=\"twitter:label1\" content=\"\u00c9crit par\" \/>\n\t<meta name=\"twitter:data1\" content=\"Jeremy Soland\" \/>\n\t<meta name=\"twitter:label2\" content=\"Dur\u00e9e de lecture estim\u00e9e\" \/>\n\t<meta name=\"twitter:data2\" content=\"1 minute\" \/>\n<script type=\"application\/ld+json\" class=\"yoast-schema-graph\">{\"@context\":\"https:\\\/\\\/schema.org\",\"@graph\":[{\"@type\":\"Article\",\"@id\":\"https:\\\/\\\/transportjournal.com\\\/fr\\\/2026\\\/04\\\/27\\\/changement-de-direction-a-laeroport-international-de-noida\\\/#article\",\"isPartOf\":{\"@id\":\"https:\\\/\\\/transportjournal.com\\\/fr\\\/2026\\\/04\\\/27\\\/changement-de-direction-a-laeroport-international-de-noida\\\/\"},\"author\":{\"name\":\"Jeremy Soland\",\"@id\":\"https:\\\/\\\/transportjournal.com\\\/fr\\\/#\\\/schema\\\/person\\\/41d36b5474b623392fa613e97e2363fa\"},\"headline\":\"Changement de direction \u00e0 l&rsquo;a\u00e9roport international de Noida\",\"datePublished\":\"2026-04-27T09:20:49+00:00\",\"dateModified\":\"2026-04-27T09:30:49+00:00\",\"mainEntityOfPage\":{\"@id\":\"https:\\\/\\\/transportjournal.com\\\/fr\\\/2026\\\/04\\\/27\\\/changement-de-direction-a-laeroport-international-de-noida\\\/\"},\"wordCount\":187,\"commentCount\":0,\"publisher\":{\"@id\":\"https:\\\/\\\/transportjournal.com\\\/fr\\\/#organization\"},\"image\":{\"@id\":\"https:\\\/\\\/transportjournal.com\\\/fr\\\/2026\\\/04\\\/27\\\/changement-de-direction-a-laeroport-international-de-noida\\\/#primaryimage\"},\"thumbnailUrl\":\"https:\\\/\\\/transportjournal.com\\\/wp-content\\\/uploads\\\/sites\\\/2\\\/2026\\\/04\\\/AdobeStock_215225362-scaled-aspect-ratio-1400-788-scaled-1.jpeg\",\"keywords\":[\"a\u00e9roports indiens\",\"air transport industry\",\"airport CEO\",\"airport development\",\"airport infrastructure\",\"airport leadership change\",\"airport management\",\"airport operations\",\"aviation indienne\",\"aviation security\",\"BCAS regulation\",\"BCAS Vorschrift\",\"CEO Flughafen\",\"CFO NIA\",\"changement de direction a\u00e9roportuaire\",\"citoyens indiens\",\"Deutsch Noida International Airport\",\"d\u00e9veloppement a\u00e9roportuaire\",\"directive r\u00e9glementaire\",\"\u00e9conomie du transport\",\"Flughafen Entwicklung\",\"Flughafen Infrastruktur\",\"Flughafenbetrieb\",\"Flughafenmanagement\",\"F\u00fchrungswechsel Flughafen\",\"gestion a\u00e9roportuaire\",\"gestion int\u00e9rimaire\",\"gouvernance en aviation\",\"Governance im Flughafen\",\"governance in aviation\",\"Indian airports\",\"Indian aviation\",\"Indian citizens\",\"indische Flugh\u00e4fen\",\"indische Luftfahrt\",\"indische Staatsb\u00fcrger\",\"industrie du transport a\u00e9rien\",\"infrastructure a\u00e9roportuaire\",\"Interim Gesch\u00e4ftsf\u00fchrung\",\"interim management\",\"Luftfahrt Sicherheit\",\"Luftverkehrsindustrie\",\"Nitu Samra\",\"op\u00e9rations a\u00e9roportuaires\",\"PDG a\u00e9roport\",\"planification strat\u00e9gique a\u00e9roport\",\"r\u00e9glementation BCAS\",\"regulatorische Anweisung\",\"regulatory directive\",\"s\u00e9curit\u00e9 a\u00e9ronautique\",\"strategic planning airport\",\"strategische Planung Flughafen\",\"transport economy Fran\u00e7ais A\u00e9roport International de Noida\",\"Transportwirtschaft English Noida International Airport\"],\"articleSection\":[\"Asie\\\/Pacifique\",\"Fret a\u00e9rien\",\"Personnes et entreprises\"],\"inLanguage\":\"fr-FR\",\"potentialAction\":[{\"@type\":\"CommentAction\",\"name\":\"Comment\",\"target\":[\"https:\\\/\\\/transportjournal.com\\\/fr\\\/2026\\\/04\\\/27\\\/changement-de-direction-a-laeroport-international-de-noida\\\/#respond\"]}]},{\"@type\":\"WebPage\",\"@id\":\"https:\\\/\\\/transportjournal.com\\\/fr\\\/2026\\\/04\\\/27\\\/changement-de-direction-a-laeroport-international-de-noida\\\/\",\"url\":\"https:\\\/\\\/transportjournal.com\\\/fr\\\/2026\\\/04\\\/27\\\/changement-de-direction-a-laeroport-international-de-noida\\\/\",\"name\":\"Changement de direction \u00e0 l&#8217;a\u00e9roport international de Noida - ITJ | International Transport Journal\",\"isPartOf\":{\"@id\":\"https:\\\/\\\/transportjournal.com\\\/fr\\\/#website\"},\"primaryImageOfPage\":{\"@id\":\"https:\\\/\\\/transportjournal.com\\\/fr\\\/2026\\\/04\\\/27\\\/changement-de-direction-a-laeroport-international-de-noida\\\/#primaryimage\"},\"image\":{\"@id\":\"https:\\\/\\\/transportjournal.com\\\/fr\\\/2026\\\/04\\\/27\\\/changement-de-direction-a-laeroport-international-de-noida\\\/#primaryimage\"},\"thumbnailUrl\":\"https:\\\/\\\/transportjournal.com\\\/wp-content\\\/uploads\\\/sites\\\/2\\\/2026\\\/04\\\/AdobeStock_215225362-scaled-aspect-ratio-1400-788-scaled-1.jpeg\",\"datePublished\":\"2026-04-27T09:20:49+00:00\",\"dateModified\":\"2026-04-27T09:30:49+00:00\",\"breadcrumb\":{\"@id\":\"https:\\\/\\\/transportjournal.com\\\/fr\\\/2026\\\/04\\\/27\\\/changement-de-direction-a-laeroport-international-de-noida\\\/#breadcrumb\"},\"inLanguage\":\"fr-FR\",\"potentialAction\":[{\"@type\":\"ReadAction\",\"target\":[\"https:\\\/\\\/transportjournal.com\\\/fr\\\/2026\\\/04\\\/27\\\/changement-de-direction-a-laeroport-international-de-noida\\\/\"]}]},{\"@type\":\"ImageObject\",\"inLanguage\":\"fr-FR\",\"@id\":\"https:\\\/\\\/transportjournal.com\\\/fr\\\/2026\\\/04\\\/27\\\/changement-de-direction-a-laeroport-international-de-noida\\\/#primaryimage\",\"url\":\"https:\\\/\\\/transportjournal.com\\\/wp-content\\\/uploads\\\/sites\\\/2\\\/2026\\\/04\\\/AdobeStock_215225362-scaled-aspect-ratio-1400-788-scaled-1.jpeg\",\"contentUrl\":\"https:\\\/\\\/transportjournal.com\\\/wp-content\\\/uploads\\\/sites\\\/2\\\/2026\\\/04\\\/AdobeStock_215225362-scaled-aspect-ratio-1400-788-scaled-1.jpeg\",\"width\":2560,\"height\":1441},{\"@type\":\"BreadcrumbList\",\"@id\":\"https:\\\/\\\/transportjournal.com\\\/fr\\\/2026\\\/04\\\/27\\\/changement-de-direction-a-laeroport-international-de-noida\\\/#breadcrumb\",\"itemListElement\":[{\"@type\":\"ListItem\",\"position\":1,\"name\":\"Startseite\",\"item\":\"https:\\\/\\\/transportjournal.com\\\/fr\\\/\"},{\"@type\":\"ListItem\",\"position\":2,\"name\":\"Changement de direction \u00e0 l&#8217;a\u00e9roport international de Noida\"}]},{\"@type\":\"WebSite\",\"@id\":\"https:\\\/\\\/transportjournal.com\\\/fr\\\/#website\",\"url\":\"https:\\\/\\\/transportjournal.com\\\/fr\\\/\",\"name\":\"ITJ | International Transport Journal\",\"description\":\"Restez inform\u00e9 des derni\u00e8res nouvelles mondiales dans les secteurs du transport, de la logistique et de la cha\u00eene d'approvisionnement. Transport Journal fournit des informations d'experts, des analyses et des mises \u00e0 jour sur le transport maritime, l'aviation, l'intermodalit\u00e9 et l'exp\u00e9dition. \",\"publisher\":{\"@id\":\"https:\\\/\\\/transportjournal.com\\\/fr\\\/#organization\"},\"potentialAction\":[{\"@type\":\"SearchAction\",\"target\":{\"@type\":\"EntryPoint\",\"urlTemplate\":\"https:\\\/\\\/transportjournal.com\\\/fr\\\/?s={search_term_string}\"},\"query-input\":{\"@type\":\"PropertyValueSpecification\",\"valueRequired\":true,\"valueName\":\"search_term_string\"}}],\"inLanguage\":\"fr-FR\"},{\"@type\":\"Organization\",\"@id\":\"https:\\\/\\\/transportjournal.com\\\/fr\\\/#organization\",\"name\":\"Groupe Logismedia AG\",\"alternateName\":\"Logismedia Group AG\",\"url\":\"https:\\\/\\\/transportjournal.com\\\/fr\\\/\",\"logo\":{\"@type\":\"ImageObject\",\"inLanguage\":\"fr-FR\",\"@id\":\"https:\\\/\\\/transportjournal.com\\\/fr\\\/#\\\/schema\\\/logo\\\/image\\\/\",\"url\":\"https:\\\/\\\/transportjournal.com\\\/wp-content\\\/uploads\\\/sites\\\/2\\\/2025\\\/09\\\/Logo_ITJ.png\",\"contentUrl\":\"https:\\\/\\\/transportjournal.com\\\/wp-content\\\/uploads\\\/sites\\\/2\\\/2025\\\/09\\\/Logo_ITJ.png\",\"width\":799,\"height\":326,\"caption\":\"Groupe Logismedia AG\"},\"image\":{\"@id\":\"https:\\\/\\\/transportjournal.com\\\/fr\\\/#\\\/schema\\\/logo\\\/image\\\/\"},\"sameAs\":[\"https:\\\/\\\/www.linkedin.com\\\/company\\\/56456496\\\/admin\\\/dashboard\\\/\",\"https:\\\/\\\/www.instagram.com\\\/logismediagroup\\\/\",\"https:\\\/\\\/www.youtube.com\\\/@LogiamediaGroupAG\"]},{\"@type\":\"Person\",\"@id\":\"https:\\\/\\\/transportjournal.com\\\/fr\\\/#\\\/schema\\\/person\\\/41d36b5474b623392fa613e97e2363fa\",\"name\":\"Jeremy Soland\",\"url\":\"https:\\\/\\\/transportjournal.com\\\/fr\\\/author\\\/jeremy\\\/\"}]}<\/script>\n<!-- \/ Yoast SEO plugin. -->","yoast_head_json":{"title":"Changement de direction \u00e0 l&#8217;a\u00e9roport international de Noida - ITJ | International Transport Journal","robots":{"index":"index","follow":"follow","max-snippet":"max-snippet:-1","max-image-preview":"max-image-preview:large","max-video-preview":"max-video-preview:-1"},"canonical":"https:\/\/transportjournal.com\/fr\/2026\/04\/27\/changement-de-direction-a-laeroport-international-de-noida\/","og_locale":"fr_FR","og_type":"article","og_title":"Changement de direction \u00e0 l&#8217;a\u00e9roport international de Noida - ITJ | International Transport Journal","og_description":"L'a\u00e9roport international de Noida a nomm\u00e9 Nitu Samra par int\u00e9rim au poste de PDG afin de se conformer aux r\u00e9glementations de la BCAS.","og_url":"https:\/\/transportjournal.com\/fr\/2026\/04\/27\/changement-de-direction-a-laeroport-international-de-noida\/","og_site_name":"ITJ | International Transport Journal","article_published_time":"2026-04-27T09:20:49+00:00","article_modified_time":"2026-04-27T09:30:49+00:00","og_image":[{"width":2560,"height":1441,"url":"https:\/\/transportjournal.com\/wp-content\/uploads\/sites\/2\/2026\/04\/AdobeStock_215225362-scaled-aspect-ratio-1400-788-scaled-1.jpeg","type":"image\/jpeg"}],"author":"Jeremy Soland","twitter_card":"summary_large_image","twitter_misc":{"\u00c9crit par":"Jeremy Soland","Dur\u00e9e de lecture estim\u00e9e":"1 minute"},"schema":{"@context":"https:\/\/schema.org","@graph":[{"@type":"Article","@id":"https:\/\/transportjournal.com\/fr\/2026\/04\/27\/changement-de-direction-a-laeroport-international-de-noida\/#article","isPartOf":{"@id":"https:\/\/transportjournal.com\/fr\/2026\/04\/27\/changement-de-direction-a-laeroport-international-de-noida\/"},"author":{"name":"Jeremy Soland","@id":"https:\/\/transportjournal.com\/fr\/#\/schema\/person\/41d36b5474b623392fa613e97e2363fa"},"headline":"Changement de direction \u00e0 l&rsquo;a\u00e9roport international de Noida","datePublished":"2026-04-27T09:20:49+00:00","dateModified":"2026-04-27T09:30:49+00:00","mainEntityOfPage":{"@id":"https:\/\/transportjournal.com\/fr\/2026\/04\/27\/changement-de-direction-a-laeroport-international-de-noida\/"},"wordCount":187,"commentCount":0,"publisher":{"@id":"https:\/\/transportjournal.com\/fr\/#organization"},"image":{"@id":"https:\/\/transportjournal.com\/fr\/2026\/04\/27\/changement-de-direction-a-laeroport-international-de-noida\/#primaryimage"},"thumbnailUrl":"https:\/\/transportjournal.com\/wp-content\/uploads\/sites\/2\/2026\/04\/AdobeStock_215225362-scaled-aspect-ratio-1400-788-scaled-1.jpeg","keywords":["a\u00e9roports indiens","air transport industry","airport CEO","airport development","airport infrastructure","airport leadership change","airport management","airport operations","aviation indienne","aviation security","BCAS regulation","BCAS Vorschrift","CEO Flughafen","CFO NIA","changement de direction a\u00e9roportuaire","citoyens indiens","Deutsch Noida International Airport","d\u00e9veloppement a\u00e9roportuaire","directive r\u00e9glementaire","\u00e9conomie du transport","Flughafen Entwicklung","Flughafen Infrastruktur","Flughafenbetrieb","Flughafenmanagement","F\u00fchrungswechsel Flughafen","gestion a\u00e9roportuaire","gestion int\u00e9rimaire","gouvernance en aviation","Governance im Flughafen","governance in aviation","Indian airports","Indian aviation","Indian citizens","indische Flugh\u00e4fen","indische Luftfahrt","indische Staatsb\u00fcrger","industrie du transport a\u00e9rien","infrastructure a\u00e9roportuaire","Interim Gesch\u00e4ftsf\u00fchrung","interim management","Luftfahrt Sicherheit","Luftverkehrsindustrie","Nitu Samra","op\u00e9rations a\u00e9roportuaires","PDG a\u00e9roport","planification strat\u00e9gique a\u00e9roport","r\u00e9glementation BCAS","regulatorische Anweisung","regulatory directive","s\u00e9curit\u00e9 a\u00e9ronautique","strategic planning airport","strategische Planung Flughafen","transport economy Fran\u00e7ais A\u00e9roport International de Noida","Transportwirtschaft English Noida International Airport"],"articleSection":["Asie\/Pacifique","Fret a\u00e9rien","Personnes et entreprises"],"inLanguage":"fr-FR","potentialAction":[{"@type":"CommentAction","name":"Comment","target":["https:\/\/transportjournal.com\/fr\/2026\/04\/27\/changement-de-direction-a-laeroport-international-de-noida\/#respond"]}]},{"@type":"WebPage","@id":"https:\/\/transportjournal.com\/fr\/2026\/04\/27\/changement-de-direction-a-laeroport-international-de-noida\/","url":"https:\/\/transportjournal.com\/fr\/2026\/04\/27\/changement-de-direction-a-laeroport-international-de-noida\/","name":"Changement de direction \u00e0 l&#8217;a\u00e9roport international de Noida - ITJ | International Transport Journal","isPartOf":{"@id":"https:\/\/transportjournal.com\/fr\/#website"},"primaryImageOfPage":{"@id":"https:\/\/transportjournal.com\/fr\/2026\/04\/27\/changement-de-direction-a-laeroport-international-de-noida\/#primaryimage"},"image":{"@id":"https:\/\/transportjournal.com\/fr\/2026\/04\/27\/changement-de-direction-a-laeroport-international-de-noida\/#primaryimage"},"thumbnailUrl":"https:\/\/transportjournal.com\/wp-content\/uploads\/sites\/2\/2026\/04\/AdobeStock_215225362-scaled-aspect-ratio-1400-788-scaled-1.jpeg","datePublished":"2026-04-27T09:20:49+00:00","dateModified":"2026-04-27T09:30:49+00:00","breadcrumb":{"@id":"https:\/\/transportjournal.com\/fr\/2026\/04\/27\/changement-de-direction-a-laeroport-international-de-noida\/#breadcrumb"},"inLanguage":"fr-FR","potentialAction":[{"@type":"ReadAction","target":["https:\/\/transportjournal.com\/fr\/2026\/04\/27\/changement-de-direction-a-laeroport-international-de-noida\/"]}]},{"@type":"ImageObject","inLanguage":"fr-FR","@id":"https:\/\/transportjournal.com\/fr\/2026\/04\/27\/changement-de-direction-a-laeroport-international-de-noida\/#primaryimage","url":"https:\/\/transportjournal.com\/wp-content\/uploads\/sites\/2\/2026\/04\/AdobeStock_215225362-scaled-aspect-ratio-1400-788-scaled-1.jpeg","contentUrl":"https:\/\/transportjournal.com\/wp-content\/uploads\/sites\/2\/2026\/04\/AdobeStock_215225362-scaled-aspect-ratio-1400-788-scaled-1.jpeg","width":2560,"height":1441},{"@type":"BreadcrumbList","@id":"https:\/\/transportjournal.com\/fr\/2026\/04\/27\/changement-de-direction-a-laeroport-international-de-noida\/#breadcrumb","itemListElement":[{"@type":"ListItem","position":1,"name":"Startseite","item":"https:\/\/transportjournal.com\/fr\/"},{"@type":"ListItem","position":2,"name":"Changement de direction \u00e0 l&#8217;a\u00e9roport international de Noida"}]},{"@type":"WebSite","@id":"https:\/\/transportjournal.com\/fr\/#website","url":"https:\/\/transportjournal.com\/fr\/","name":"ITJ | International Transport Journal","description":"Restez inform\u00e9 des derni\u00e8res nouvelles mondiales dans les secteurs du transport, de la logistique et de la cha\u00eene d'approvisionnement. Transport Journal fournit des informations d'experts, des analyses et des mises \u00e0 jour sur le transport maritime, l'aviation, l'intermodalit\u00e9 et l'exp\u00e9dition. ","publisher":{"@id":"https:\/\/transportjournal.com\/fr\/#organization"},"potentialAction":[{"@type":"SearchAction","target":{"@type":"EntryPoint","urlTemplate":"https:\/\/transportjournal.com\/fr\/?s={search_term_string}"},"query-input":{"@type":"PropertyValueSpecification","valueRequired":true,"valueName":"search_term_string"}}],"inLanguage":"fr-FR"},{"@type":"Organization","@id":"https:\/\/transportjournal.com\/fr\/#organization","name":"Groupe Logismedia AG","alternateName":"Logismedia Group AG","url":"https:\/\/transportjournal.com\/fr\/","logo":{"@type":"ImageObject","inLanguage":"fr-FR","@id":"https:\/\/transportjournal.com\/fr\/#\/schema\/logo\/image\/","url":"https:\/\/transportjournal.com\/wp-content\/uploads\/sites\/2\/2025\/09\/Logo_ITJ.png","contentUrl":"https:\/\/transportjournal.com\/wp-content\/uploads\/sites\/2\/2025\/09\/Logo_ITJ.png","width":799,"height":326,"caption":"Groupe Logismedia AG"},"image":{"@id":"https:\/\/transportjournal.com\/fr\/#\/schema\/logo\/image\/"},"sameAs":["https:\/\/www.linkedin.com\/company\/56456496\/admin\/dashboard\/","https:\/\/www.instagram.com\/logismediagroup\/","https:\/\/www.youtube.com\/@LogiamediaGroupAG"]},{"@type":"Person","@id":"https:\/\/transportjournal.com\/fr\/#\/schema\/person\/41d36b5474b623392fa613e97e2363fa","name":"Jeremy Soland","url":"https:\/\/transportjournal.com\/fr\/author\/jeremy\/"}]}},"_links":{"self":[{"href":"https:\/\/transportjournal.com\/fr\/wp-json\/wp\/v2\/posts\/86743","targetHints":{"allow":["GET"]}}],"collection":[{"href":"https:\/\/transportjournal.com\/fr\/wp-json\/wp\/v2\/posts"}],"about":[{"href":"https:\/\/transportjournal.com\/fr\/wp-json\/wp\/v2\/types\/post"}],"author":[{"embeddable":true,"href":"https:\/\/transportjournal.com\/fr\/wp-json\/wp\/v2\/users\/10"}],"replies":[{"embeddable":true,"href":"https:\/\/transportjournal.com\/fr\/wp-json\/wp\/v2\/comments?post=86743"}],"version-history":[{"count":1,"href":"https:\/\/transportjournal.com\/fr\/wp-json\/wp\/v2\/posts\/86743\/revisions"}],"predecessor-version":[{"id":86750,"href":"https:\/\/transportjournal.com\/fr\/wp-json\/wp\/v2\/posts\/86743\/revisions\/86750"}],"wp:featuredmedia":[{"embeddable":true,"href":"https:\/\/transportjournal.com\/fr\/wp-json\/wp\/v2\/media\/86741"}],"wp:attachment":[{"href":"https:\/\/transportjournal.com\/fr\/wp-json\/wp\/v2\/media?parent=86743"}],"wp:term":[{"taxonomy":"category","embeddable":true,"href":"https:\/\/transportjournal.com\/fr\/wp-json\/wp\/v2\/categories?post=86743"},{"taxonomy":"post_tag","embeddable":true,"href":"https:\/\/transportjournal.com\/fr\/wp-json\/wp\/v2\/tags?post=86743"}],"curies":[{"name":"wp","href":"https:\/\/api.w.org\/{rel}","templated":true}]}}