{"id":86684,"date":"2026-04-27T08:06:02","date_gmt":"2026-04-27T08:06:02","guid":{"rendered":"https:\/\/transportjournal.com\/2026\/04\/27\/ecs-group-sassocie-a-my-freighter\/"},"modified":"2026-04-27T10:15:37","modified_gmt":"2026-04-27T08:15:37","slug":"ecs-group-sassocie-a-my-freighter","status":"publish","type":"post","link":"https:\/\/transportjournal.com\/fr\/2026\/04\/27\/ecs-group-sassocie-a-my-freighter\/","title":{"rendered":"ECS Group s&rsquo;associe \u00e0 My Freighter"},"content":{"rendered":"<p>La ECS Group a conclu un partenariat strat\u00e9gique avec My Freighter pour promouvoir son expansion commerciale en Europe. L&#8217;objectif de cette collaboration est de d\u00e9velopper l&#8217;infrastructure de distribution afin d&#8217;exploiter les flux de fret entre l&#8217;Europe et l&#8217;Asie centrale, comme l&#8217;indique l&#8217;entreprise.<\/p>\n<p>Selon la ECS Group, plusieurs march\u00e9s cl\u00e9s ont d\u00e9j\u00e0 \u00e9t\u00e9 activ\u00e9s depuis le lancement op\u00e9rationnel en janvier 2026. Par l&#8217;interm\u00e9diaire de ses filiales Globe Air Cargo en France, aux Pays-Bas et en Belgique, l&#8217;entreprise a r\u00e9alis\u00e9 un lancement transfrontalier. Ce d\u00e9veloppement vise \u00e0 souligner la capacit\u00e9 de la ECS Group \u00e0 r\u00e9agir aux changements du march\u00e9 et \u00e0 g\u00e9n\u00e9rer des r\u00e9sultats commerciaux pour ses compagnies a\u00e9riennes partenaires.<\/p>\n<h3>Extension de l&#8217;offre de fret<\/h3>\n<p>My Freighter exploite un r\u00e9seau de sites de fret europ\u00e9ens, notamment Li\u00e8ge, Maastricht, B\u00e2le, Tallinn et l&#8217;a\u00e9roport de Paris CDG. Ce r\u00e9seau est directement connect\u00e9 au hub de Tachkent et s&#8217;\u00e9tend davantage vers l&#8217;Asie centrale, y compris Almaty. Des rotations de fret r\u00e9guli\u00e8res et une mise \u00e0 disposition flexible de la capacit\u00e9 doivent, selon la ECS Group, garantir que la demande changeante en transport de fret soit satisfaite.<\/p>\n<p><a href=\"https:\/\/ecsgroup.aero\/\" target=\"_blank\" rel=\"noopener noreferrer\">www.ecsgroup.aero<\/a><\/p>\n","protected":false},"excerpt":{"rendered":"<p>ECS Group et My Freighter ont conclu un partenariat pour d\u00e9velopper l&rsquo;infrastructure de fret entre l&rsquo;Europe et l&rsquo;Asie centrale.<\/p>\n","protected":false},"author":10,"featured_media":86682,"comment_status":"open","ping_status":"","sticky":false,"template":"","format":"standard","meta":{"_acf_changed":false,"footnotes":""},"categories":[1586,1582,1587],"tags":[42275,2648,16106,42276,42277,42278,16107,29883,42279,14214,42280,10460,10461,38903,42281,42282,2811,42283,42284,28016,42285,3234,42286,28019,42287,36211,42288,42289,42290,14379,42291,42292,4293,1962,14381,42293,29896,29897,34533,42294,2148,42295,42296,40795,28032,42297,16134],"class_list":["post-86684","post","type-post","status-publish","format-standard","has-post-thumbnail","hentry","category-asie-pacifique","category-fret-aerien","category-leurope","tag-aeroport-de-paris-cdg","tag-air-freight","tag-asie-centrale","tag-bale","tag-basel","tag-capacity-provision","tag-central-asia","tag-changements-de-marche","tag-commercial-expansion","tag-deutsch-ecs-group","tag-distribution-infrastructure","tag-europa","tag-europe","tag-expansion-commerciale","tag-flughafen-paris-cdg","tag-fourniture-de-capacite","tag-frachtlogistik","tag-frachtrotationen","tag-frachtstandorte","tag-frachtverkehr","tag-freight-locations","tag-freight-logistics","tag-freight-rotations","tag-freight-traffic","tag-fret","tag-globe-air-cargo","tag-infrastructure-de-distribution","tag-kapazitaetsbereitstellung","tag-kommerzielle-expansion","tag-liege","tag-logistics-service-providers-francais-ecs-group","tag-logistikdienstleister-english-ecs-group","tag-logistique-aerienne","tag-luftfracht","tag-luettich","tag-maastricht","tag-market-changes","tag-marktveraenderungen","tag-my-freighter","tag-paris-cdg-airport","tag-prestataires-de-services-logistiques","tag-rotations-de-fret","tag-sites-de-fret","tag-tallinn","tag-trafic-de-fret","tag-vertriebsinfrastruktur","tag-zentralasien"],"acf":[],"yoast_head":"<!-- This site is optimized with the Yoast SEO plugin v27.3 - https:\/\/yoast.com\/product\/yoast-seo-wordpress\/ -->\n<title>ECS Group s&#8217;associe \u00e0 My Freighter - ITJ | International Transport Journal<\/title>\n<meta name=\"robots\" content=\"index, follow, max-snippet:-1, max-image-preview:large, max-video-preview:-1\" \/>\n<link rel=\"canonical\" href=\"https:\/\/transportjournal.com\/fr\/2026\/04\/27\/ecs-group-sassocie-a-my-freighter\/\" \/>\n<meta property=\"og:locale\" content=\"fr_FR\" \/>\n<meta property=\"og:type\" content=\"article\" \/>\n<meta property=\"og:title\" content=\"ECS Group s&#8217;associe \u00e0 My Freighter - ITJ | International Transport Journal\" \/>\n<meta property=\"og:description\" content=\"ECS Group et My Freighter ont conclu un partenariat pour d\u00e9velopper l&#039;infrastructure de fret entre l&#039;Europe et l&#039;Asie centrale.\" \/>\n<meta property=\"og:url\" content=\"https:\/\/transportjournal.com\/fr\/2026\/04\/27\/ecs-group-sassocie-a-my-freighter\/\" \/>\n<meta property=\"og:site_name\" content=\"ITJ | International Transport Journal\" \/>\n<meta property=\"article:published_time\" content=\"2026-04-27T08:06:02+00:00\" \/>\n<meta property=\"article:modified_time\" content=\"2026-04-27T08:15:37+00:00\" \/>\n<meta property=\"og:image\" content=\"https:\/\/transportjournal.com\/wp-content\/uploads\/sites\/2\/2026\/04\/ECS-Group-Accelerates-European-Expansion-for-My-Freighter-Through-Strategic-Commercial-Partnership.jpg\" \/>\n\t<meta property=\"og:image:width\" content=\"1920\" \/>\n\t<meta property=\"og:image:height\" content=\"1080\" \/>\n\t<meta property=\"og:image:type\" content=\"image\/jpeg\" \/>\n<meta name=\"author\" content=\"Jeremy Soland\" \/>\n<meta name=\"twitter:card\" content=\"summary_large_image\" \/>\n<meta name=\"twitter:label1\" content=\"\u00c9crit par\" \/>\n\t<meta name=\"twitter:data1\" content=\"Jeremy Soland\" \/>\n\t<meta name=\"twitter:label2\" content=\"Dur\u00e9e de lecture estim\u00e9e\" \/>\n\t<meta name=\"twitter:data2\" content=\"1 minute\" \/>\n<script type=\"application\/ld+json\" class=\"yoast-schema-graph\">{\"@context\":\"https:\\\/\\\/schema.org\",\"@graph\":[{\"@type\":\"Article\",\"@id\":\"https:\\\/\\\/transportjournal.com\\\/fr\\\/2026\\\/04\\\/27\\\/ecs-group-sassocie-a-my-freighter\\\/#article\",\"isPartOf\":{\"@id\":\"https:\\\/\\\/transportjournal.com\\\/fr\\\/2026\\\/04\\\/27\\\/ecs-group-sassocie-a-my-freighter\\\/\"},\"author\":{\"name\":\"Jeremy Soland\",\"@id\":\"https:\\\/\\\/transportjournal.com\\\/fr\\\/#\\\/schema\\\/person\\\/41d36b5474b623392fa613e97e2363fa\"},\"headline\":\"ECS Group s&rsquo;associe \u00e0 My Freighter\",\"datePublished\":\"2026-04-27T08:06:02+00:00\",\"dateModified\":\"2026-04-27T08:15:37+00:00\",\"mainEntityOfPage\":{\"@id\":\"https:\\\/\\\/transportjournal.com\\\/fr\\\/2026\\\/04\\\/27\\\/ecs-group-sassocie-a-my-freighter\\\/\"},\"wordCount\":222,\"commentCount\":0,\"publisher\":{\"@id\":\"https:\\\/\\\/transportjournal.com\\\/fr\\\/#organization\"},\"image\":{\"@id\":\"https:\\\/\\\/transportjournal.com\\\/fr\\\/2026\\\/04\\\/27\\\/ecs-group-sassocie-a-my-freighter\\\/#primaryimage\"},\"thumbnailUrl\":\"https:\\\/\\\/transportjournal.com\\\/wp-content\\\/uploads\\\/sites\\\/2\\\/2026\\\/04\\\/ECS-Group-Accelerates-European-Expansion-for-My-Freighter-Through-Strategic-Commercial-Partnership.jpg\",\"keywords\":[\"a\u00e9roport de Paris CDG\",\"air freight\",\"Asie centrale\",\"B\u00e2le\",\"Basel\",\"capacity provision\",\"Central Asia\",\"changements de march\u00e9\",\"commercial expansion\",\"Deutsch ECS Group\",\"distribution infrastructure\",\"Europa\",\"Europe\",\"expansion commerciale\",\"Flughafen Paris CDG\",\"fourniture de capacit\u00e9\",\"Frachtlogistik\",\"Frachtrotationen\",\"Frachtstandorte\",\"Frachtverkehr\",\"freight locations\",\"freight logistics\",\"freight rotations\",\"freight traffic\",\"fret\",\"Globe Air Cargo\",\"infrastructure de distribution\",\"Kapazit\u00e4tsbereitstellung\",\"kommerzielle Expansion\",\"Li\u00e8ge\",\"logistics service providers Fran\u00e7ais ECS Group\",\"Logistikdienstleister English ECS Group\",\"logistique a\u00e9rienne\",\"Luftfracht\",\"L\u00fcttich\",\"Maastricht\",\"market changes\",\"Marktver\u00e4nderungen\",\"My Freighter\",\"Paris CDG airport\",\"prestataires de services logistiques\",\"rotations de fret\",\"sites de fret\",\"Tallinn\",\"trafic de fret\",\"Vertriebsinfrastruktur\",\"Zentralasien\"],\"articleSection\":[\"Asie\\\/Pacifique\",\"Fret a\u00e9rien\",\"L'Europe\"],\"inLanguage\":\"fr-FR\",\"potentialAction\":[{\"@type\":\"CommentAction\",\"name\":\"Comment\",\"target\":[\"https:\\\/\\\/transportjournal.com\\\/fr\\\/2026\\\/04\\\/27\\\/ecs-group-sassocie-a-my-freighter\\\/#respond\"]}]},{\"@type\":\"WebPage\",\"@id\":\"https:\\\/\\\/transportjournal.com\\\/fr\\\/2026\\\/04\\\/27\\\/ecs-group-sassocie-a-my-freighter\\\/\",\"url\":\"https:\\\/\\\/transportjournal.com\\\/fr\\\/2026\\\/04\\\/27\\\/ecs-group-sassocie-a-my-freighter\\\/\",\"name\":\"ECS Group s&#8217;associe \u00e0 My Freighter - ITJ | International Transport Journal\",\"isPartOf\":{\"@id\":\"https:\\\/\\\/transportjournal.com\\\/fr\\\/#website\"},\"primaryImageOfPage\":{\"@id\":\"https:\\\/\\\/transportjournal.com\\\/fr\\\/2026\\\/04\\\/27\\\/ecs-group-sassocie-a-my-freighter\\\/#primaryimage\"},\"image\":{\"@id\":\"https:\\\/\\\/transportjournal.com\\\/fr\\\/2026\\\/04\\\/27\\\/ecs-group-sassocie-a-my-freighter\\\/#primaryimage\"},\"thumbnailUrl\":\"https:\\\/\\\/transportjournal.com\\\/wp-content\\\/uploads\\\/sites\\\/2\\\/2026\\\/04\\\/ECS-Group-Accelerates-European-Expansion-for-My-Freighter-Through-Strategic-Commercial-Partnership.jpg\",\"datePublished\":\"2026-04-27T08:06:02+00:00\",\"dateModified\":\"2026-04-27T08:15:37+00:00\",\"breadcrumb\":{\"@id\":\"https:\\\/\\\/transportjournal.com\\\/fr\\\/2026\\\/04\\\/27\\\/ecs-group-sassocie-a-my-freighter\\\/#breadcrumb\"},\"inLanguage\":\"fr-FR\",\"potentialAction\":[{\"@type\":\"ReadAction\",\"target\":[\"https:\\\/\\\/transportjournal.com\\\/fr\\\/2026\\\/04\\\/27\\\/ecs-group-sassocie-a-my-freighter\\\/\"]}]},{\"@type\":\"ImageObject\",\"inLanguage\":\"fr-FR\",\"@id\":\"https:\\\/\\\/transportjournal.com\\\/fr\\\/2026\\\/04\\\/27\\\/ecs-group-sassocie-a-my-freighter\\\/#primaryimage\",\"url\":\"https:\\\/\\\/transportjournal.com\\\/wp-content\\\/uploads\\\/sites\\\/2\\\/2026\\\/04\\\/ECS-Group-Accelerates-European-Expansion-for-My-Freighter-Through-Strategic-Commercial-Partnership.jpg\",\"contentUrl\":\"https:\\\/\\\/transportjournal.com\\\/wp-content\\\/uploads\\\/sites\\\/2\\\/2026\\\/04\\\/ECS-Group-Accelerates-European-Expansion-for-My-Freighter-Through-Strategic-Commercial-Partnership.jpg\",\"width\":1920,\"height\":1080},{\"@type\":\"BreadcrumbList\",\"@id\":\"https:\\\/\\\/transportjournal.com\\\/fr\\\/2026\\\/04\\\/27\\\/ecs-group-sassocie-a-my-freighter\\\/#breadcrumb\",\"itemListElement\":[{\"@type\":\"ListItem\",\"position\":1,\"name\":\"Startseite\",\"item\":\"https:\\\/\\\/transportjournal.com\\\/fr\\\/\"},{\"@type\":\"ListItem\",\"position\":2,\"name\":\"ECS Group s&#8217;associe \u00e0 My Freighter\"}]},{\"@type\":\"WebSite\",\"@id\":\"https:\\\/\\\/transportjournal.com\\\/fr\\\/#website\",\"url\":\"https:\\\/\\\/transportjournal.com\\\/fr\\\/\",\"name\":\"ITJ | International Transport Journal\",\"description\":\"Restez inform\u00e9 des derni\u00e8res nouvelles mondiales dans les secteurs du transport, de la logistique et de la cha\u00eene d'approvisionnement. Transport Journal fournit des informations d'experts, des analyses et des mises \u00e0 jour sur le transport maritime, l'aviation, l'intermodalit\u00e9 et l'exp\u00e9dition. \",\"publisher\":{\"@id\":\"https:\\\/\\\/transportjournal.com\\\/fr\\\/#organization\"},\"potentialAction\":[{\"@type\":\"SearchAction\",\"target\":{\"@type\":\"EntryPoint\",\"urlTemplate\":\"https:\\\/\\\/transportjournal.com\\\/fr\\\/?s={search_term_string}\"},\"query-input\":{\"@type\":\"PropertyValueSpecification\",\"valueRequired\":true,\"valueName\":\"search_term_string\"}}],\"inLanguage\":\"fr-FR\"},{\"@type\":\"Organization\",\"@id\":\"https:\\\/\\\/transportjournal.com\\\/fr\\\/#organization\",\"name\":\"Groupe Logismedia AG\",\"alternateName\":\"Logismedia Group AG\",\"url\":\"https:\\\/\\\/transportjournal.com\\\/fr\\\/\",\"logo\":{\"@type\":\"ImageObject\",\"inLanguage\":\"fr-FR\",\"@id\":\"https:\\\/\\\/transportjournal.com\\\/fr\\\/#\\\/schema\\\/logo\\\/image\\\/\",\"url\":\"https:\\\/\\\/transportjournal.com\\\/wp-content\\\/uploads\\\/sites\\\/2\\\/2025\\\/09\\\/Logo_ITJ.png\",\"contentUrl\":\"https:\\\/\\\/transportjournal.com\\\/wp-content\\\/uploads\\\/sites\\\/2\\\/2025\\\/09\\\/Logo_ITJ.png\",\"width\":799,\"height\":326,\"caption\":\"Groupe Logismedia AG\"},\"image\":{\"@id\":\"https:\\\/\\\/transportjournal.com\\\/fr\\\/#\\\/schema\\\/logo\\\/image\\\/\"},\"sameAs\":[\"https:\\\/\\\/www.linkedin.com\\\/company\\\/56456496\\\/admin\\\/dashboard\\\/\",\"https:\\\/\\\/www.instagram.com\\\/logismediagroup\\\/\",\"https:\\\/\\\/www.youtube.com\\\/@LogiamediaGroupAG\"]},{\"@type\":\"Person\",\"@id\":\"https:\\\/\\\/transportjournal.com\\\/fr\\\/#\\\/schema\\\/person\\\/41d36b5474b623392fa613e97e2363fa\",\"name\":\"Jeremy Soland\",\"url\":\"https:\\\/\\\/transportjournal.com\\\/fr\\\/author\\\/jeremy\\\/\"}]}<\/script>\n<!-- \/ Yoast SEO plugin. -->","yoast_head_json":{"title":"ECS Group s&#8217;associe \u00e0 My Freighter - ITJ | International Transport Journal","robots":{"index":"index","follow":"follow","max-snippet":"max-snippet:-1","max-image-preview":"max-image-preview:large","max-video-preview":"max-video-preview:-1"},"canonical":"https:\/\/transportjournal.com\/fr\/2026\/04\/27\/ecs-group-sassocie-a-my-freighter\/","og_locale":"fr_FR","og_type":"article","og_title":"ECS Group s&#8217;associe \u00e0 My Freighter - ITJ | International Transport Journal","og_description":"ECS Group et My Freighter ont conclu un partenariat pour d\u00e9velopper l'infrastructure de fret entre l'Europe et l'Asie centrale.","og_url":"https:\/\/transportjournal.com\/fr\/2026\/04\/27\/ecs-group-sassocie-a-my-freighter\/","og_site_name":"ITJ | International Transport Journal","article_published_time":"2026-04-27T08:06:02+00:00","article_modified_time":"2026-04-27T08:15:37+00:00","og_image":[{"width":1920,"height":1080,"url":"https:\/\/transportjournal.com\/wp-content\/uploads\/sites\/2\/2026\/04\/ECS-Group-Accelerates-European-Expansion-for-My-Freighter-Through-Strategic-Commercial-Partnership.jpg","type":"image\/jpeg"}],"author":"Jeremy Soland","twitter_card":"summary_large_image","twitter_misc":{"\u00c9crit par":"Jeremy Soland","Dur\u00e9e de lecture estim\u00e9e":"1 minute"},"schema":{"@context":"https:\/\/schema.org","@graph":[{"@type":"Article","@id":"https:\/\/transportjournal.com\/fr\/2026\/04\/27\/ecs-group-sassocie-a-my-freighter\/#article","isPartOf":{"@id":"https:\/\/transportjournal.com\/fr\/2026\/04\/27\/ecs-group-sassocie-a-my-freighter\/"},"author":{"name":"Jeremy Soland","@id":"https:\/\/transportjournal.com\/fr\/#\/schema\/person\/41d36b5474b623392fa613e97e2363fa"},"headline":"ECS Group s&rsquo;associe \u00e0 My Freighter","datePublished":"2026-04-27T08:06:02+00:00","dateModified":"2026-04-27T08:15:37+00:00","mainEntityOfPage":{"@id":"https:\/\/transportjournal.com\/fr\/2026\/04\/27\/ecs-group-sassocie-a-my-freighter\/"},"wordCount":222,"commentCount":0,"publisher":{"@id":"https:\/\/transportjournal.com\/fr\/#organization"},"image":{"@id":"https:\/\/transportjournal.com\/fr\/2026\/04\/27\/ecs-group-sassocie-a-my-freighter\/#primaryimage"},"thumbnailUrl":"https:\/\/transportjournal.com\/wp-content\/uploads\/sites\/2\/2026\/04\/ECS-Group-Accelerates-European-Expansion-for-My-Freighter-Through-Strategic-Commercial-Partnership.jpg","keywords":["a\u00e9roport de Paris CDG","air freight","Asie centrale","B\u00e2le","Basel","capacity provision","Central Asia","changements de march\u00e9","commercial expansion","Deutsch ECS Group","distribution infrastructure","Europa","Europe","expansion commerciale","Flughafen Paris CDG","fourniture de capacit\u00e9","Frachtlogistik","Frachtrotationen","Frachtstandorte","Frachtverkehr","freight locations","freight logistics","freight rotations","freight traffic","fret","Globe Air Cargo","infrastructure de distribution","Kapazit\u00e4tsbereitstellung","kommerzielle Expansion","Li\u00e8ge","logistics service providers Fran\u00e7ais ECS Group","Logistikdienstleister English ECS Group","logistique a\u00e9rienne","Luftfracht","L\u00fcttich","Maastricht","market changes","Marktver\u00e4nderungen","My Freighter","Paris CDG airport","prestataires de services logistiques","rotations de fret","sites de fret","Tallinn","trafic de fret","Vertriebsinfrastruktur","Zentralasien"],"articleSection":["Asie\/Pacifique","Fret a\u00e9rien","L'Europe"],"inLanguage":"fr-FR","potentialAction":[{"@type":"CommentAction","name":"Comment","target":["https:\/\/transportjournal.com\/fr\/2026\/04\/27\/ecs-group-sassocie-a-my-freighter\/#respond"]}]},{"@type":"WebPage","@id":"https:\/\/transportjournal.com\/fr\/2026\/04\/27\/ecs-group-sassocie-a-my-freighter\/","url":"https:\/\/transportjournal.com\/fr\/2026\/04\/27\/ecs-group-sassocie-a-my-freighter\/","name":"ECS Group s&#8217;associe \u00e0 My Freighter - ITJ | International Transport Journal","isPartOf":{"@id":"https:\/\/transportjournal.com\/fr\/#website"},"primaryImageOfPage":{"@id":"https:\/\/transportjournal.com\/fr\/2026\/04\/27\/ecs-group-sassocie-a-my-freighter\/#primaryimage"},"image":{"@id":"https:\/\/transportjournal.com\/fr\/2026\/04\/27\/ecs-group-sassocie-a-my-freighter\/#primaryimage"},"thumbnailUrl":"https:\/\/transportjournal.com\/wp-content\/uploads\/sites\/2\/2026\/04\/ECS-Group-Accelerates-European-Expansion-for-My-Freighter-Through-Strategic-Commercial-Partnership.jpg","datePublished":"2026-04-27T08:06:02+00:00","dateModified":"2026-04-27T08:15:37+00:00","breadcrumb":{"@id":"https:\/\/transportjournal.com\/fr\/2026\/04\/27\/ecs-group-sassocie-a-my-freighter\/#breadcrumb"},"inLanguage":"fr-FR","potentialAction":[{"@type":"ReadAction","target":["https:\/\/transportjournal.com\/fr\/2026\/04\/27\/ecs-group-sassocie-a-my-freighter\/"]}]},{"@type":"ImageObject","inLanguage":"fr-FR","@id":"https:\/\/transportjournal.com\/fr\/2026\/04\/27\/ecs-group-sassocie-a-my-freighter\/#primaryimage","url":"https:\/\/transportjournal.com\/wp-content\/uploads\/sites\/2\/2026\/04\/ECS-Group-Accelerates-European-Expansion-for-My-Freighter-Through-Strategic-Commercial-Partnership.jpg","contentUrl":"https:\/\/transportjournal.com\/wp-content\/uploads\/sites\/2\/2026\/04\/ECS-Group-Accelerates-European-Expansion-for-My-Freighter-Through-Strategic-Commercial-Partnership.jpg","width":1920,"height":1080},{"@type":"BreadcrumbList","@id":"https:\/\/transportjournal.com\/fr\/2026\/04\/27\/ecs-group-sassocie-a-my-freighter\/#breadcrumb","itemListElement":[{"@type":"ListItem","position":1,"name":"Startseite","item":"https:\/\/transportjournal.com\/fr\/"},{"@type":"ListItem","position":2,"name":"ECS Group s&#8217;associe \u00e0 My Freighter"}]},{"@type":"WebSite","@id":"https:\/\/transportjournal.com\/fr\/#website","url":"https:\/\/transportjournal.com\/fr\/","name":"ITJ | International Transport Journal","description":"Restez inform\u00e9 des derni\u00e8res nouvelles mondiales dans les secteurs du transport, de la logistique et de la cha\u00eene d'approvisionnement. Transport Journal fournit des informations d'experts, des analyses et des mises \u00e0 jour sur le transport maritime, l'aviation, l'intermodalit\u00e9 et l'exp\u00e9dition. ","publisher":{"@id":"https:\/\/transportjournal.com\/fr\/#organization"},"potentialAction":[{"@type":"SearchAction","target":{"@type":"EntryPoint","urlTemplate":"https:\/\/transportjournal.com\/fr\/?s={search_term_string}"},"query-input":{"@type":"PropertyValueSpecification","valueRequired":true,"valueName":"search_term_string"}}],"inLanguage":"fr-FR"},{"@type":"Organization","@id":"https:\/\/transportjournal.com\/fr\/#organization","name":"Groupe Logismedia AG","alternateName":"Logismedia Group AG","url":"https:\/\/transportjournal.com\/fr\/","logo":{"@type":"ImageObject","inLanguage":"fr-FR","@id":"https:\/\/transportjournal.com\/fr\/#\/schema\/logo\/image\/","url":"https:\/\/transportjournal.com\/wp-content\/uploads\/sites\/2\/2025\/09\/Logo_ITJ.png","contentUrl":"https:\/\/transportjournal.com\/wp-content\/uploads\/sites\/2\/2025\/09\/Logo_ITJ.png","width":799,"height":326,"caption":"Groupe Logismedia AG"},"image":{"@id":"https:\/\/transportjournal.com\/fr\/#\/schema\/logo\/image\/"},"sameAs":["https:\/\/www.linkedin.com\/company\/56456496\/admin\/dashboard\/","https:\/\/www.instagram.com\/logismediagroup\/","https:\/\/www.youtube.com\/@LogiamediaGroupAG"]},{"@type":"Person","@id":"https:\/\/transportjournal.com\/fr\/#\/schema\/person\/41d36b5474b623392fa613e97e2363fa","name":"Jeremy Soland","url":"https:\/\/transportjournal.com\/fr\/author\/jeremy\/"}]}},"_links":{"self":[{"href":"https:\/\/transportjournal.com\/fr\/wp-json\/wp\/v2\/posts\/86684","targetHints":{"allow":["GET"]}}],"collection":[{"href":"https:\/\/transportjournal.com\/fr\/wp-json\/wp\/v2\/posts"}],"about":[{"href":"https:\/\/transportjournal.com\/fr\/wp-json\/wp\/v2\/types\/post"}],"author":[{"embeddable":true,"href":"https:\/\/transportjournal.com\/fr\/wp-json\/wp\/v2\/users\/10"}],"replies":[{"embeddable":true,"href":"https:\/\/transportjournal.com\/fr\/wp-json\/wp\/v2\/comments?post=86684"}],"version-history":[{"count":1,"href":"https:\/\/transportjournal.com\/fr\/wp-json\/wp\/v2\/posts\/86684\/revisions"}],"predecessor-version":[{"id":86691,"href":"https:\/\/transportjournal.com\/fr\/wp-json\/wp\/v2\/posts\/86684\/revisions\/86691"}],"wp:featuredmedia":[{"embeddable":true,"href":"https:\/\/transportjournal.com\/fr\/wp-json\/wp\/v2\/media\/86682"}],"wp:attachment":[{"href":"https:\/\/transportjournal.com\/fr\/wp-json\/wp\/v2\/media?parent=86684"}],"wp:term":[{"taxonomy":"category","embeddable":true,"href":"https:\/\/transportjournal.com\/fr\/wp-json\/wp\/v2\/categories?post=86684"},{"taxonomy":"post_tag","embeddable":true,"href":"https:\/\/transportjournal.com\/fr\/wp-json\/wp\/v2\/tags?post=86684"}],"curies":[{"name":"wp","href":"https:\/\/api.w.org\/{rel}","templated":true}]}}