{"id":80890,"date":"2026-03-16T09:52:51","date_gmt":"2026-03-16T09:52:51","guid":{"rendered":"https:\/\/transportjournal.com\/2026\/03\/16\/zborowski-nouveau-membre-du-conseil-dadministration-chez-rohlig-suus\/"},"modified":"2026-03-16T09:52:51","modified_gmt":"2026-03-16T09:52:51","slug":"zborowski-nouveau-membre-du-conseil-dadministration-chez-rohlig-suus","status":"publish","type":"post","link":"https:\/\/transportjournal.com\/fr\/2026\/03\/16\/zborowski-nouveau-membre-du-conseil-dadministration-chez-rohlig-suus\/","title":{"rendered":"Zborowski nouveau membre du conseil d&rsquo;administration chez Rohlig SUUS"},"content":{"rendered":"<p>Rohlig SUUS Logistics a nomm\u00e9 Piotr Zborowski au conseil d&#8217;administration. Dans son nouveau poste, qu&#8217;il a pris d\u00e9but mars, il sera notamment responsable des domaines de la logistique contractuelle, du transport routier national ainsi que du d\u00e9veloppement des filiales en R\u00e9publique tch\u00e8que et en Slovaquie.<\/p>\n<h3>Extension de la direction<\/h3>\n<p>Piotr Iwo Chmielewski, pr\u00e9sident du conseil d&#8217;administration de Rohlig SUUS Logistics, souligne l&#8217;expansion continue de l&#8217;entreprise : \u00ab SUUS ne cro\u00eet pas seulement en taille, mais aussi en excellence op\u00e9rationnelle et en maturit\u00e9 organisationnelle. Nous construisons une entreprise qui est plus efficace, plus agile et plus r\u00e9siliente face aux changements du march\u00e9. \u00bb Dans le cadre de la strat\u00e9gie SUUS-One, la position de leader en tant que prestataire logistique dans la r\u00e9gion CEECA doit \u00eatre renforc\u00e9e. Chmielewski souligne que Zborowski apporte une vaste exp\u00e9rience internationale et supervise des domaines cl\u00e9s du portefeuille de services.<\/p>\n<p>Zborowski peut se pr\u00e9valoir d&#8217;une longue carri\u00e8re dans le secteur de la logistique. Derni\u00e8rement, il a \u00e9t\u00e9 PDG chez DB Schenker, o\u00f9 il \u00e9tait responsable des op\u00e9rations en Pologne, dans les \u00c9tats baltes, en Ukraine et au Kazakhstan. Auparavant, il a dirig\u00e9 chez DSV l&#8217;int\u00e9gration des activit\u00e9s de transport routier en Pologne et a occup\u00e9 des postes de direction chez CEVA Logistics et UPS. Il a \u00e9tudi\u00e9 \u00e0 l&#8217;\u00c9cole de commerce de Varsovie et a obtenu un MBA \u00e0 l&#8217;Universit\u00e9 de Lausanne ainsi qu&#8217;\u00e0 l&#8217;International Institute for Management Development (IMD).<\/p>\n<h3>Accent sur l&#8217;efficacit\u00e9 et la qualit\u00e9<\/h3>\n<p>Dans son nouveau r\u00f4le, Zborowski pr\u00e9voit d&#8217;optimiser davantage les processus et d&#8217;am\u00e9liorer l&#8217;efficacit\u00e9 ainsi que la qualit\u00e9 des services en logistique contractuelle et en transport routier national. Cela inclut \u00e0 la fois le transport complet et partiel ainsi que le dernier kilom\u00e8tre et la collaboration avec les transporteurs. De plus, il souhaite \u00e9tablir des structures commerciales coh\u00e9rentes et \u00e9volutives dans la r\u00e9gion et d\u00e9velopper les activit\u00e9s en R\u00e9publique tch\u00e8que et en Slovaquie.<\/p>\n<p>Rohlig SUUS Logistics fait partie des principaux prestataires logistiques dans la r\u00e9gion CEECA. L&#8217;entreprise est active depuis plus de 35 ans dans la conception et la gestion de cha\u00eenes d&#8217;approvisionnement locales et mondiales. Son portefeuille de services complet comprend notamment le transport routier, ferroviaire, maritime et a\u00e9rien, des solutions intermodales, la logistique contractuelle, des services douaniers, le transport de projets ainsi que des services de conseil sur mesure dans le domaine des solutions de cha\u00eene d&#8217;approvisionnement. Actuellement, SUUS emploie plus de 2 500 personnes dans plus de 40 agences dans huit pays : Pologne, R\u00e9publique tch\u00e8que, Slovaquie, Roumanie, Slov\u00e9nie, Hongrie, Ukraine et Kazakhstan.<\/p>\n<p>&nbsp;<\/p>\n<p><a href=\"https:\/\/suus.com\/\" target=\"_blank\" rel=\"noopener noreferrer\">www.suus.com<\/a><\/p>\n<p>&nbsp;<\/p>\n","protected":false},"excerpt":{"rendered":"<p>Rohlig SUUS Logistics a nomm\u00e9 Piotr Zborowski au conseil d&rsquo;administration pour am\u00e9liorer l&rsquo;efficacit\u00e9 et la qualit\u00e9 dans la logistique contractuelle et le transport routier national.<\/p>\n","protected":false},"author":12,"featured_media":80888,"comment_status":"open","ping_status":"","sticky":false,"template":"","format":"standard","meta":{"_acf_changed":false,"footnotes":""},"categories":[1586,1581,1580,1587,1579],"tags":[2648,2206,27287,1784,27288,3130,27289,27290,2651,27291,27292,27293,4983,2214,2215,9706,12408,2655,2909,5252,5253,3143,4128,1831,3151,1962,27294,27295,2717,2925,27296,2929,2481,2193,27297,27298,1916,15816,15817,15818,5424,5266,5430,3125,27299,12430,27300,2591,26670],"class_list":["post-80890","post","type-post","status-publish","format-standard","has-post-thumbnail","hentry","category-asie-pacifique","category-expedition-et-logistique","category-intermodal-route","category-leurope","category-personnes-et-entreprises","tag-air-freight","tag-amelioration-de-lefficacite","tag-ceeca-region","tag-ceva-logistics","tag-company-growth","tag-contract-logistics","tag-croissance-de-lentreprise","tag-czech-republic","tag-db-schenker","tag-deutsch-rohlig-suus","tag-digitalisierung-english-rohlig-suus","tag-digitalization-francais-rohlig-suus","tag-dsv","tag-efficiency-improvement","tag-effizienzsteigerung","tag-frachtfuehrer","tag-freight-carriers","tag-fret-aerien","tag-hafenbetrieb","tag-intermodal-solutions","tag-intermodale-loesungen","tag-kontraktlogistik","tag-logistics-provider","tag-logistikdienstleister","tag-logistique-contractuelle","tag-luftfracht","tag-national-road-transport","tag-nationaler-strassentransport","tag-numerisation","tag-operations-portuaires","tag-piotr-zborowski","tag-port-operations","tag-prestataire-logistique","tag-rail-freight-transport","tag-region-ceeca","tag-republique-tcheque","tag-schienengueterverkehr","tag-slovakia","tag-slovaquie","tag-slowakei","tag-solutions-de-chaine-dapprovisionnement","tag-solutions-intermodales","tag-supply-chain-solutions","tag-transport-ferroviaire-de-marchandises","tag-transport-routier-national","tag-transporteurs-de-fret","tag-tschechien","tag-unternehmenswachstum","tag-ups"],"acf":[],"yoast_head":"<!-- This site is optimized with the Yoast SEO plugin v27.3 - https:\/\/yoast.com\/product\/yoast-seo-wordpress\/ -->\n<title>Zborowski nouveau membre du conseil d&#8217;administration chez Rohlig SUUS - ITJ | International Transport Journal<\/title>\n<meta name=\"robots\" content=\"index, follow, max-snippet:-1, max-image-preview:large, max-video-preview:-1\" \/>\n<link rel=\"canonical\" href=\"https:\/\/transportjournal.com\/fr\/2026\/03\/16\/zborowski-nouveau-membre-du-conseil-dadministration-chez-rohlig-suus\/\" \/>\n<meta property=\"og:locale\" content=\"fr_FR\" \/>\n<meta property=\"og:type\" content=\"article\" \/>\n<meta property=\"og:title\" content=\"Zborowski nouveau membre du conseil d&#8217;administration chez Rohlig SUUS - ITJ | International Transport Journal\" \/>\n<meta property=\"og:description\" content=\"Rohlig SUUS Logistics a nomm\u00e9 Piotr Zborowski au conseil d&#039;administration pour am\u00e9liorer l&#039;efficacit\u00e9 et la qualit\u00e9 dans la logistique contractuelle et le transport routier national.\" \/>\n<meta property=\"og:url\" content=\"https:\/\/transportjournal.com\/fr\/2026\/03\/16\/zborowski-nouveau-membre-du-conseil-dadministration-chez-rohlig-suus\/\" \/>\n<meta property=\"og:site_name\" content=\"ITJ | International Transport Journal\" \/>\n<meta property=\"article:published_time\" content=\"2026-03-16T09:52:51+00:00\" \/>\n<meta property=\"og:image\" content=\"https:\/\/transportjournal.com\/wp-content\/uploads\/sites\/2\/2026\/03\/Piotr-Zborowski_blog_EN-2-aspect-ratio-1400-788.jpg\" \/>\n\t<meta property=\"og:image:width\" content=\"393\" \/>\n\t<meta property=\"og:image:height\" content=\"221\" \/>\n\t<meta property=\"og:image:type\" content=\"image\/jpeg\" \/>\n<meta name=\"author\" content=\"Andreas Haug\" \/>\n<meta name=\"twitter:card\" content=\"summary_large_image\" \/>\n<meta name=\"twitter:label1\" content=\"\u00c9crit par\" \/>\n\t<meta name=\"twitter:data1\" content=\"Andreas Haug\" \/>\n\t<meta name=\"twitter:label2\" content=\"Dur\u00e9e de lecture estim\u00e9e\" \/>\n\t<meta name=\"twitter:data2\" content=\"2 minutes\" \/>\n<script type=\"application\/ld+json\" class=\"yoast-schema-graph\">{\"@context\":\"https:\\\/\\\/schema.org\",\"@graph\":[{\"@type\":\"Article\",\"@id\":\"https:\\\/\\\/transportjournal.com\\\/fr\\\/2026\\\/03\\\/16\\\/zborowski-nouveau-membre-du-conseil-dadministration-chez-rohlig-suus\\\/#article\",\"isPartOf\":{\"@id\":\"https:\\\/\\\/transportjournal.com\\\/fr\\\/2026\\\/03\\\/16\\\/zborowski-nouveau-membre-du-conseil-dadministration-chez-rohlig-suus\\\/\"},\"author\":{\"name\":\"Andreas Haug\",\"@id\":\"https:\\\/\\\/transportjournal.com\\\/fr\\\/#\\\/schema\\\/person\\\/cf538b3157f15afd7589245a4b3dbd25\"},\"headline\":\"Zborowski nouveau membre du conseil d&rsquo;administration chez Rohlig SUUS\",\"datePublished\":\"2026-03-16T09:52:51+00:00\",\"mainEntityOfPage\":{\"@id\":\"https:\\\/\\\/transportjournal.com\\\/fr\\\/2026\\\/03\\\/16\\\/zborowski-nouveau-membre-du-conseil-dadministration-chez-rohlig-suus\\\/\"},\"wordCount\":471,\"commentCount\":0,\"publisher\":{\"@id\":\"https:\\\/\\\/transportjournal.com\\\/fr\\\/#organization\"},\"image\":{\"@id\":\"https:\\\/\\\/transportjournal.com\\\/fr\\\/2026\\\/03\\\/16\\\/zborowski-nouveau-membre-du-conseil-dadministration-chez-rohlig-suus\\\/#primaryimage\"},\"thumbnailUrl\":\"https:\\\/\\\/transportjournal.com\\\/wp-content\\\/uploads\\\/sites\\\/2\\\/2026\\\/03\\\/Piotr-Zborowski_blog_EN-2-aspect-ratio-1400-788.jpg\",\"keywords\":[\"air freight\",\"am\u00e9lioration de l'efficacit\u00e9\",\"CEECA-Region\",\"CEVA Logistics\",\"company growth\",\"contract logistics\",\"croissance de l'entreprise\",\"Czech Republic\",\"DB Schenker\",\"Deutsch Rohlig SUUS\",\"Digitalisierung English Rohlig SUUS\",\"digitalization Fran\u00e7ais Rohlig SUUS\",\"DSV\",\"efficiency improvement\",\"Effizienzsteigerung\",\"Frachtf\u00fchrer\",\"freight carriers\",\"fret a\u00e9rien\",\"Hafenbetrieb\",\"intermodal solutions\",\"intermodale L\u00f6sungen\",\"Kontraktlogistik\",\"logistics provider\",\"Logistikdienstleister\",\"logistique contractuelle\",\"Luftfracht\",\"national road transport\",\"nationaler Stra\u00dfentransport\",\"num\u00e9risation\",\"op\u00e9rations portuaires\",\"Piotr Zborowski\",\"port operations\",\"prestataire logistique\",\"rail freight transport\",\"r\u00e9gion CEECA\",\"R\u00e9publique tch\u00e8que\",\"Schieneng\u00fcterverkehr\",\"Slovakia\",\"Slovaquie\",\"Slowakei\",\"solutions de cha\u00eene d'approvisionnement\",\"solutions intermodales\",\"supply chain solutions\",\"transport ferroviaire de marchandises\",\"transport routier national\",\"transporteurs de fret\",\"Tschechien\",\"Unternehmenswachstum\",\"UPS\"],\"articleSection\":[\"Asie\\\/Pacifique\",\"Exp\u00e9dition de fret et logistique\",\"Intermodal \\\/ Route\",\"L'Europe\",\"Personnes et entreprises\"],\"inLanguage\":\"fr-FR\",\"potentialAction\":[{\"@type\":\"CommentAction\",\"name\":\"Comment\",\"target\":[\"https:\\\/\\\/transportjournal.com\\\/fr\\\/2026\\\/03\\\/16\\\/zborowski-nouveau-membre-du-conseil-dadministration-chez-rohlig-suus\\\/#respond\"]}]},{\"@type\":\"WebPage\",\"@id\":\"https:\\\/\\\/transportjournal.com\\\/fr\\\/2026\\\/03\\\/16\\\/zborowski-nouveau-membre-du-conseil-dadministration-chez-rohlig-suus\\\/\",\"url\":\"https:\\\/\\\/transportjournal.com\\\/fr\\\/2026\\\/03\\\/16\\\/zborowski-nouveau-membre-du-conseil-dadministration-chez-rohlig-suus\\\/\",\"name\":\"Zborowski nouveau membre du conseil d&#8217;administration chez Rohlig SUUS - ITJ | International Transport Journal\",\"isPartOf\":{\"@id\":\"https:\\\/\\\/transportjournal.com\\\/fr\\\/#website\"},\"primaryImageOfPage\":{\"@id\":\"https:\\\/\\\/transportjournal.com\\\/fr\\\/2026\\\/03\\\/16\\\/zborowski-nouveau-membre-du-conseil-dadministration-chez-rohlig-suus\\\/#primaryimage\"},\"image\":{\"@id\":\"https:\\\/\\\/transportjournal.com\\\/fr\\\/2026\\\/03\\\/16\\\/zborowski-nouveau-membre-du-conseil-dadministration-chez-rohlig-suus\\\/#primaryimage\"},\"thumbnailUrl\":\"https:\\\/\\\/transportjournal.com\\\/wp-content\\\/uploads\\\/sites\\\/2\\\/2026\\\/03\\\/Piotr-Zborowski_blog_EN-2-aspect-ratio-1400-788.jpg\",\"datePublished\":\"2026-03-16T09:52:51+00:00\",\"breadcrumb\":{\"@id\":\"https:\\\/\\\/transportjournal.com\\\/fr\\\/2026\\\/03\\\/16\\\/zborowski-nouveau-membre-du-conseil-dadministration-chez-rohlig-suus\\\/#breadcrumb\"},\"inLanguage\":\"fr-FR\",\"potentialAction\":[{\"@type\":\"ReadAction\",\"target\":[\"https:\\\/\\\/transportjournal.com\\\/fr\\\/2026\\\/03\\\/16\\\/zborowski-nouveau-membre-du-conseil-dadministration-chez-rohlig-suus\\\/\"]}]},{\"@type\":\"ImageObject\",\"inLanguage\":\"fr-FR\",\"@id\":\"https:\\\/\\\/transportjournal.com\\\/fr\\\/2026\\\/03\\\/16\\\/zborowski-nouveau-membre-du-conseil-dadministration-chez-rohlig-suus\\\/#primaryimage\",\"url\":\"https:\\\/\\\/transportjournal.com\\\/wp-content\\\/uploads\\\/sites\\\/2\\\/2026\\\/03\\\/Piotr-Zborowski_blog_EN-2-aspect-ratio-1400-788.jpg\",\"contentUrl\":\"https:\\\/\\\/transportjournal.com\\\/wp-content\\\/uploads\\\/sites\\\/2\\\/2026\\\/03\\\/Piotr-Zborowski_blog_EN-2-aspect-ratio-1400-788.jpg\",\"width\":393,\"height\":221},{\"@type\":\"BreadcrumbList\",\"@id\":\"https:\\\/\\\/transportjournal.com\\\/fr\\\/2026\\\/03\\\/16\\\/zborowski-nouveau-membre-du-conseil-dadministration-chez-rohlig-suus\\\/#breadcrumb\",\"itemListElement\":[{\"@type\":\"ListItem\",\"position\":1,\"name\":\"Startseite\",\"item\":\"https:\\\/\\\/transportjournal.com\\\/fr\\\/\"},{\"@type\":\"ListItem\",\"position\":2,\"name\":\"Zborowski nouveau membre du conseil d&rsquo;administration chez Rohlig SUUS\"}]},{\"@type\":\"WebSite\",\"@id\":\"https:\\\/\\\/transportjournal.com\\\/fr\\\/#website\",\"url\":\"https:\\\/\\\/transportjournal.com\\\/fr\\\/\",\"name\":\"ITJ | International Transport Journal\",\"description\":\"Restez inform\u00e9 des derni\u00e8res nouvelles mondiales dans les secteurs du transport, de la logistique et de la cha\u00eene d'approvisionnement. Transport Journal fournit des informations d'experts, des analyses et des mises \u00e0 jour sur le transport maritime, l'aviation, l'intermodalit\u00e9 et l'exp\u00e9dition. \",\"publisher\":{\"@id\":\"https:\\\/\\\/transportjournal.com\\\/fr\\\/#organization\"},\"potentialAction\":[{\"@type\":\"SearchAction\",\"target\":{\"@type\":\"EntryPoint\",\"urlTemplate\":\"https:\\\/\\\/transportjournal.com\\\/fr\\\/?s={search_term_string}\"},\"query-input\":{\"@type\":\"PropertyValueSpecification\",\"valueRequired\":true,\"valueName\":\"search_term_string\"}}],\"inLanguage\":\"fr-FR\"},{\"@type\":\"Organization\",\"@id\":\"https:\\\/\\\/transportjournal.com\\\/fr\\\/#organization\",\"name\":\"Groupe Logismedia AG\",\"alternateName\":\"Logismedia Group AG\",\"url\":\"https:\\\/\\\/transportjournal.com\\\/fr\\\/\",\"logo\":{\"@type\":\"ImageObject\",\"inLanguage\":\"fr-FR\",\"@id\":\"https:\\\/\\\/transportjournal.com\\\/fr\\\/#\\\/schema\\\/logo\\\/image\\\/\",\"url\":\"https:\\\/\\\/transportjournal.com\\\/wp-content\\\/uploads\\\/sites\\\/2\\\/2025\\\/09\\\/Logo_ITJ.png\",\"contentUrl\":\"https:\\\/\\\/transportjournal.com\\\/wp-content\\\/uploads\\\/sites\\\/2\\\/2025\\\/09\\\/Logo_ITJ.png\",\"width\":799,\"height\":326,\"caption\":\"Groupe Logismedia AG\"},\"image\":{\"@id\":\"https:\\\/\\\/transportjournal.com\\\/fr\\\/#\\\/schema\\\/logo\\\/image\\\/\"},\"sameAs\":[\"https:\\\/\\\/www.linkedin.com\\\/company\\\/56456496\\\/admin\\\/dashboard\\\/\",\"https:\\\/\\\/www.instagram.com\\\/logismediagroup\\\/\",\"https:\\\/\\\/www.youtube.com\\\/@LogiamediaGroupAG\"]},{\"@type\":\"Person\",\"@id\":\"https:\\\/\\\/transportjournal.com\\\/fr\\\/#\\\/schema\\\/person\\\/cf538b3157f15afd7589245a4b3dbd25\",\"name\":\"Andreas Haug\",\"url\":\"https:\\\/\\\/transportjournal.com\\\/fr\\\/author\\\/andreas\\\/\"}]}<\/script>\n<!-- \/ Yoast SEO plugin. -->","yoast_head_json":{"title":"Zborowski nouveau membre du conseil d&#8217;administration chez Rohlig SUUS - ITJ | International Transport Journal","robots":{"index":"index","follow":"follow","max-snippet":"max-snippet:-1","max-image-preview":"max-image-preview:large","max-video-preview":"max-video-preview:-1"},"canonical":"https:\/\/transportjournal.com\/fr\/2026\/03\/16\/zborowski-nouveau-membre-du-conseil-dadministration-chez-rohlig-suus\/","og_locale":"fr_FR","og_type":"article","og_title":"Zborowski nouveau membre du conseil d&#8217;administration chez Rohlig SUUS - ITJ | International Transport Journal","og_description":"Rohlig SUUS Logistics a nomm\u00e9 Piotr Zborowski au conseil d'administration pour am\u00e9liorer l'efficacit\u00e9 et la qualit\u00e9 dans la logistique contractuelle et le transport routier national.","og_url":"https:\/\/transportjournal.com\/fr\/2026\/03\/16\/zborowski-nouveau-membre-du-conseil-dadministration-chez-rohlig-suus\/","og_site_name":"ITJ | International Transport Journal","article_published_time":"2026-03-16T09:52:51+00:00","og_image":[{"width":393,"height":221,"url":"https:\/\/transportjournal.com\/wp-content\/uploads\/sites\/2\/2026\/03\/Piotr-Zborowski_blog_EN-2-aspect-ratio-1400-788.jpg","type":"image\/jpeg"}],"author":"Andreas Haug","twitter_card":"summary_large_image","twitter_misc":{"\u00c9crit par":"Andreas Haug","Dur\u00e9e de lecture estim\u00e9e":"2 minutes"},"schema":{"@context":"https:\/\/schema.org","@graph":[{"@type":"Article","@id":"https:\/\/transportjournal.com\/fr\/2026\/03\/16\/zborowski-nouveau-membre-du-conseil-dadministration-chez-rohlig-suus\/#article","isPartOf":{"@id":"https:\/\/transportjournal.com\/fr\/2026\/03\/16\/zborowski-nouveau-membre-du-conseil-dadministration-chez-rohlig-suus\/"},"author":{"name":"Andreas Haug","@id":"https:\/\/transportjournal.com\/fr\/#\/schema\/person\/cf538b3157f15afd7589245a4b3dbd25"},"headline":"Zborowski nouveau membre du conseil d&rsquo;administration chez Rohlig SUUS","datePublished":"2026-03-16T09:52:51+00:00","mainEntityOfPage":{"@id":"https:\/\/transportjournal.com\/fr\/2026\/03\/16\/zborowski-nouveau-membre-du-conseil-dadministration-chez-rohlig-suus\/"},"wordCount":471,"commentCount":0,"publisher":{"@id":"https:\/\/transportjournal.com\/fr\/#organization"},"image":{"@id":"https:\/\/transportjournal.com\/fr\/2026\/03\/16\/zborowski-nouveau-membre-du-conseil-dadministration-chez-rohlig-suus\/#primaryimage"},"thumbnailUrl":"https:\/\/transportjournal.com\/wp-content\/uploads\/sites\/2\/2026\/03\/Piotr-Zborowski_blog_EN-2-aspect-ratio-1400-788.jpg","keywords":["air freight","am\u00e9lioration de l'efficacit\u00e9","CEECA-Region","CEVA Logistics","company growth","contract logistics","croissance de l'entreprise","Czech Republic","DB Schenker","Deutsch Rohlig SUUS","Digitalisierung English Rohlig SUUS","digitalization Fran\u00e7ais Rohlig SUUS","DSV","efficiency improvement","Effizienzsteigerung","Frachtf\u00fchrer","freight carriers","fret a\u00e9rien","Hafenbetrieb","intermodal solutions","intermodale L\u00f6sungen","Kontraktlogistik","logistics provider","Logistikdienstleister","logistique contractuelle","Luftfracht","national road transport","nationaler Stra\u00dfentransport","num\u00e9risation","op\u00e9rations portuaires","Piotr Zborowski","port operations","prestataire logistique","rail freight transport","r\u00e9gion CEECA","R\u00e9publique tch\u00e8que","Schieneng\u00fcterverkehr","Slovakia","Slovaquie","Slowakei","solutions de cha\u00eene d'approvisionnement","solutions intermodales","supply chain solutions","transport ferroviaire de marchandises","transport routier national","transporteurs de fret","Tschechien","Unternehmenswachstum","UPS"],"articleSection":["Asie\/Pacifique","Exp\u00e9dition de fret et logistique","Intermodal \/ Route","L'Europe","Personnes et entreprises"],"inLanguage":"fr-FR","potentialAction":[{"@type":"CommentAction","name":"Comment","target":["https:\/\/transportjournal.com\/fr\/2026\/03\/16\/zborowski-nouveau-membre-du-conseil-dadministration-chez-rohlig-suus\/#respond"]}]},{"@type":"WebPage","@id":"https:\/\/transportjournal.com\/fr\/2026\/03\/16\/zborowski-nouveau-membre-du-conseil-dadministration-chez-rohlig-suus\/","url":"https:\/\/transportjournal.com\/fr\/2026\/03\/16\/zborowski-nouveau-membre-du-conseil-dadministration-chez-rohlig-suus\/","name":"Zborowski nouveau membre du conseil d&#8217;administration chez Rohlig SUUS - ITJ | International Transport Journal","isPartOf":{"@id":"https:\/\/transportjournal.com\/fr\/#website"},"primaryImageOfPage":{"@id":"https:\/\/transportjournal.com\/fr\/2026\/03\/16\/zborowski-nouveau-membre-du-conseil-dadministration-chez-rohlig-suus\/#primaryimage"},"image":{"@id":"https:\/\/transportjournal.com\/fr\/2026\/03\/16\/zborowski-nouveau-membre-du-conseil-dadministration-chez-rohlig-suus\/#primaryimage"},"thumbnailUrl":"https:\/\/transportjournal.com\/wp-content\/uploads\/sites\/2\/2026\/03\/Piotr-Zborowski_blog_EN-2-aspect-ratio-1400-788.jpg","datePublished":"2026-03-16T09:52:51+00:00","breadcrumb":{"@id":"https:\/\/transportjournal.com\/fr\/2026\/03\/16\/zborowski-nouveau-membre-du-conseil-dadministration-chez-rohlig-suus\/#breadcrumb"},"inLanguage":"fr-FR","potentialAction":[{"@type":"ReadAction","target":["https:\/\/transportjournal.com\/fr\/2026\/03\/16\/zborowski-nouveau-membre-du-conseil-dadministration-chez-rohlig-suus\/"]}]},{"@type":"ImageObject","inLanguage":"fr-FR","@id":"https:\/\/transportjournal.com\/fr\/2026\/03\/16\/zborowski-nouveau-membre-du-conseil-dadministration-chez-rohlig-suus\/#primaryimage","url":"https:\/\/transportjournal.com\/wp-content\/uploads\/sites\/2\/2026\/03\/Piotr-Zborowski_blog_EN-2-aspect-ratio-1400-788.jpg","contentUrl":"https:\/\/transportjournal.com\/wp-content\/uploads\/sites\/2\/2026\/03\/Piotr-Zborowski_blog_EN-2-aspect-ratio-1400-788.jpg","width":393,"height":221},{"@type":"BreadcrumbList","@id":"https:\/\/transportjournal.com\/fr\/2026\/03\/16\/zborowski-nouveau-membre-du-conseil-dadministration-chez-rohlig-suus\/#breadcrumb","itemListElement":[{"@type":"ListItem","position":1,"name":"Startseite","item":"https:\/\/transportjournal.com\/fr\/"},{"@type":"ListItem","position":2,"name":"Zborowski nouveau membre du conseil d&rsquo;administration chez Rohlig SUUS"}]},{"@type":"WebSite","@id":"https:\/\/transportjournal.com\/fr\/#website","url":"https:\/\/transportjournal.com\/fr\/","name":"ITJ | International Transport Journal","description":"Restez inform\u00e9 des derni\u00e8res nouvelles mondiales dans les secteurs du transport, de la logistique et de la cha\u00eene d'approvisionnement. Transport Journal fournit des informations d'experts, des analyses et des mises \u00e0 jour sur le transport maritime, l'aviation, l'intermodalit\u00e9 et l'exp\u00e9dition. ","publisher":{"@id":"https:\/\/transportjournal.com\/fr\/#organization"},"potentialAction":[{"@type":"SearchAction","target":{"@type":"EntryPoint","urlTemplate":"https:\/\/transportjournal.com\/fr\/?s={search_term_string}"},"query-input":{"@type":"PropertyValueSpecification","valueRequired":true,"valueName":"search_term_string"}}],"inLanguage":"fr-FR"},{"@type":"Organization","@id":"https:\/\/transportjournal.com\/fr\/#organization","name":"Groupe Logismedia AG","alternateName":"Logismedia Group AG","url":"https:\/\/transportjournal.com\/fr\/","logo":{"@type":"ImageObject","inLanguage":"fr-FR","@id":"https:\/\/transportjournal.com\/fr\/#\/schema\/logo\/image\/","url":"https:\/\/transportjournal.com\/wp-content\/uploads\/sites\/2\/2025\/09\/Logo_ITJ.png","contentUrl":"https:\/\/transportjournal.com\/wp-content\/uploads\/sites\/2\/2025\/09\/Logo_ITJ.png","width":799,"height":326,"caption":"Groupe Logismedia AG"},"image":{"@id":"https:\/\/transportjournal.com\/fr\/#\/schema\/logo\/image\/"},"sameAs":["https:\/\/www.linkedin.com\/company\/56456496\/admin\/dashboard\/","https:\/\/www.instagram.com\/logismediagroup\/","https:\/\/www.youtube.com\/@LogiamediaGroupAG"]},{"@type":"Person","@id":"https:\/\/transportjournal.com\/fr\/#\/schema\/person\/cf538b3157f15afd7589245a4b3dbd25","name":"Andreas Haug","url":"https:\/\/transportjournal.com\/fr\/author\/andreas\/"}]}},"_links":{"self":[{"href":"https:\/\/transportjournal.com\/fr\/wp-json\/wp\/v2\/posts\/80890","targetHints":{"allow":["GET"]}}],"collection":[{"href":"https:\/\/transportjournal.com\/fr\/wp-json\/wp\/v2\/posts"}],"about":[{"href":"https:\/\/transportjournal.com\/fr\/wp-json\/wp\/v2\/types\/post"}],"author":[{"embeddable":true,"href":"https:\/\/transportjournal.com\/fr\/wp-json\/wp\/v2\/users\/12"}],"replies":[{"embeddable":true,"href":"https:\/\/transportjournal.com\/fr\/wp-json\/wp\/v2\/comments?post=80890"}],"version-history":[{"count":0,"href":"https:\/\/transportjournal.com\/fr\/wp-json\/wp\/v2\/posts\/80890\/revisions"}],"wp:featuredmedia":[{"embeddable":true,"href":"https:\/\/transportjournal.com\/fr\/wp-json\/wp\/v2\/media\/80888"}],"wp:attachment":[{"href":"https:\/\/transportjournal.com\/fr\/wp-json\/wp\/v2\/media?parent=80890"}],"wp:term":[{"taxonomy":"category","embeddable":true,"href":"https:\/\/transportjournal.com\/fr\/wp-json\/wp\/v2\/categories?post=80890"},{"taxonomy":"post_tag","embeddable":true,"href":"https:\/\/transportjournal.com\/fr\/wp-json\/wp\/v2\/tags?post=80890"}],"curies":[{"name":"wp","href":"https:\/\/api.w.org\/{rel}","templated":true}]}}