{"id":80874,"date":"2026-03-16T09:45:15","date_gmt":"2026-03-16T09:45:15","guid":{"rendered":"https:\/\/transportjournal.com\/2026\/03\/16\/gatx-remet-des-wagons-laaers-a-waberers\/"},"modified":"2026-03-16T09:45:15","modified_gmt":"2026-03-16T09:45:15","slug":"gatx-remet-des-wagons-laaers-a-waberers","status":"publish","type":"post","link":"https:\/\/transportjournal.com\/fr\/2026\/03\/16\/gatx-remet-des-wagons-laaers-a-waberers\/","title":{"rendered":"GATX remet des wagons Laaers \u00e0 Waberer\u2019s"},"content":{"rendered":"<p>GATX Rail Europe a r\u00e9alis\u00e9 en janvier la remise de wagons Laaers au groupe Waberer\u2019s pour soutenir ses op\u00e9rations logistiques automobiles en Europe. Les wagons sont exploit\u00e9s par PSP Rail, la filiale logistique de Waberer\u2019s, et font partie du transport en cours de v\u00e9hicules finis de Debrecen en Hongrie vers des centres logistiques europ\u00e9ens cl\u00e9s.<\/p>\n<h3>Optimisation pour v\u00e9hicules \u00e9lectriques<\/h3>\n<p>Les wagons Laaers sont sp\u00e9cialement optimis\u00e9s pour le transport de v\u00e9hicules \u00e9lectriques et offrent la configuration technique ainsi que la flexibilit\u00e9 n\u00e9cessaires \u00e0 la logistique automobile moderne. Compte tenu de la tendance croissante vers la mobilit\u00e9 \u00e9lectrique en Europe, des solutions de transport fiables et ferroviaires prennent de l&#8217;importance.<\/p>\n<p>PSP Rail et GATX Rail Europe peuvent d\u00e9j\u00e0 se r\u00e9jouir d&#8217;une collaboration r\u00e9ussie. PSP a \u00e9t\u00e9 par le pass\u00e9 un client estim\u00e9 de GATX et a lou\u00e9 diff\u00e9rents types de wagons de la flotte GATX. Cette remise constitue la prochaine \u00e9tape d&#8217;un partenariat en pleine expansion. La collaboration entre les deux \u00e9quipes a assur\u00e9 un d\u00e9marrage fluide et une int\u00e9gration efficace des Laaers dans les op\u00e9rations en cours de PSP.<\/p>\n<p>Zsolt Kel\u00e9nyi, directeur g\u00e9n\u00e9ral de PSP Rail, a d\u00e9clar\u00e9 en mars \u00e0 propos de la remise : \u00ab Les wagons Laaers de GATX r\u00e9pondent tr\u00e8s bien aux exigences sp\u00e9cifiques du transport moderne de v\u00e9hicules. Le processus de remise a \u00e9t\u00e9 simple, et la collaboration entre nos \u00e9quipes a fonctionn\u00e9 sans accroc d\u00e8s le premier jour. \u00bb<\/p>\n<p>Christian Haas, responsable de la r\u00e9gion sud chez GATX Rail Europe, a ajout\u00e9 : \u00ab Nous sommes ravis d&#8217;accueillir un autre client automobile dans notre client\u00e8le en croissance. Faire partie du transport durable de v\u00e9hicules en Europe est exactement ce pour quoi le rail est con\u00e7u et ce que nos Laaers doivent fournir. \u00bb<\/p>\n<p>Avec cette remise, GATX poursuit son soutien \u00e0 la transformation de l&#8217;industrie automobile vers la mobilit\u00e9 \u00e9lectrique et permet un transport de v\u00e9hicules s\u00fbr, efficace et respectueux de l&#8217;environnement \u00e0 travers les corridors europ\u00e9ens.<\/p>\n<p>&nbsp;<\/p>\n<p><a href=\"https:\/\/www.gatx.eu\/\" target=\"_blank\" rel=\"noopener noreferrer\">www.gatx.eu<\/a><\/p>\n<p>&nbsp;<\/p>\n<p><a href=\"https:\/\/www.waberers.com\/\" target=\"_blank\" rel=\"noopener noreferrer\">www.waberers.com<\/a><\/p>\n<p>&nbsp;<\/p>\n","protected":false},"excerpt":{"rendered":"<p>GATX Rail Europe a remis des wagons Laaers au groupe Waberer\u2019s pour soutenir efficacement le transport de v\u00e9hicules \u00e9lectriques en Europe.<\/p>\n","protected":false},"author":12,"featured_media":80872,"comment_status":"open","ping_status":"","sticky":false,"template":"","format":"standard","meta":{"_acf_changed":false,"footnotes":""},"categories":[1581,1580,1587],"tags":[27226,6128,27227,27228,27229,27230,27231,27232,16041,27233,16042,27234,27235,27236,27237,27238,27239,27240,27241,2858,4165,27242,27243,27244,27245,18084,6569,6138,27246,27247,27248,27249,27250,27251,18088,24534,27252,2193,4180,1916,27253,27254,27255,27256,27257,27258,3125,2889,27259,2890,27260,27261,27262,27263],"class_list":["post-80874","post","type-post","status-publish","format-standard","has-post-thumbnail","hentry","category-expedition-et-logistique","category-intermodal-route","category-leurope","tag-automobil-logistik","tag-automotive-logistics","tag-centres-logistiques-europeens","tag-configuration-technique-des-wagons","tag-corridors-de-transport-de-vehicules","tag-deutsch-gatx","tag-efficient-logistics-processes-francais-gatx","tag-effiziente-logistikprozesse-english-gatx","tag-electric-vehicle-transport","tag-electromobility-trends","tag-elektrofahrzeuge-transport","tag-elektromobilitaet-trends","tag-europaeische-logistikzentren","tag-european-logistics-centers","tag-fahrzeugtransport-korridore","tag-fahrzeugtransport-loesungen","tag-freight-car-leasing","tag-gatx-psp-partnership","tag-gueterwagen-leasing","tag-industrie-du-transport-europe","tag-infrastructure-ferroviaire","tag-infrastruktur-schiene","tag-laaers-freight-cars","tag-laaers-gueterwagen","tag-location-de-wagons","tag-logistics-providers-europe","tag-logistikdienstleister-europa","tag-logistique-automobile","tag-logistique-automobile-moderne","tag-modern-automotive-logistics","tag-moderne-automobillogistik","tag-nachhaltiger-fahrzeugtransport","tag-partenariat-gatx-psp","tag-partnerschaft-gatx-psp","tag-prestataires-logistiques-europe","tag-processus-logistiques-efficaces","tag-psp-rail","tag-rail-freight-transport","tag-rail-infrastructure","tag-schienengueterverkehr","tag-solutions-de-transport-de-vehicules","tag-sustainable-vehicle-transport","tag-technical-configuration-freight-cars","tag-technische-konfiguration-gueterwagen","tag-tendances-electromobilite","tag-transport-durable-de-vehicules","tag-transport-ferroviaire-de-marchandises","tag-transport-industry-europe","tag-transport-vehicules-electriques","tag-transportwirtschaft-europa","tag-vehicle-transport-corridors","tag-vehicle-transport-solutions","tag-waberers","tag-wagons-laaers"],"acf":[],"yoast_head":"<!-- This site is optimized with the Yoast SEO plugin v27.3 - https:\/\/yoast.com\/product\/yoast-seo-wordpress\/ -->\n<title>GATX remet des wagons Laaers \u00e0 Waberer\u2019s - ITJ | International Transport Journal<\/title>\n<meta name=\"robots\" content=\"index, follow, max-snippet:-1, max-image-preview:large, max-video-preview:-1\" \/>\n<link rel=\"canonical\" href=\"https:\/\/transportjournal.com\/fr\/2026\/03\/16\/gatx-remet-des-wagons-laaers-a-waberers\/\" \/>\n<meta property=\"og:locale\" content=\"fr_FR\" \/>\n<meta property=\"og:type\" content=\"article\" \/>\n<meta property=\"og:title\" content=\"GATX remet des wagons Laaers \u00e0 Waberer\u2019s - ITJ | International Transport Journal\" \/>\n<meta property=\"og:description\" content=\"GATX Rail Europe a remis des wagons Laaers au groupe Waberer\u2019s pour soutenir efficacement le transport de v\u00e9hicules \u00e9lectriques en Europe.\" \/>\n<meta property=\"og:url\" content=\"https:\/\/transportjournal.com\/fr\/2026\/03\/16\/gatx-remet-des-wagons-laaers-a-waberers\/\" \/>\n<meta property=\"og:site_name\" content=\"ITJ | International Transport Journal\" \/>\n<meta property=\"article:published_time\" content=\"2026-03-16T09:45:15+00:00\" \/>\n<meta property=\"og:image\" content=\"https:\/\/transportjournal.com\/wp-content\/uploads\/sites\/2\/2026\/03\/GATX-news_image_PSP-Cargo-aspect-ratio-1400-788.png\" \/>\n\t<meta property=\"og:image:width\" content=\"648\" \/>\n\t<meta property=\"og:image:height\" content=\"364\" \/>\n\t<meta property=\"og:image:type\" content=\"image\/png\" \/>\n<meta name=\"author\" content=\"Andreas Haug\" \/>\n<meta name=\"twitter:card\" content=\"summary_large_image\" \/>\n<meta name=\"twitter:label1\" content=\"\u00c9crit par\" \/>\n\t<meta name=\"twitter:data1\" content=\"Andreas Haug\" \/>\n\t<meta name=\"twitter:label2\" content=\"Dur\u00e9e de lecture estim\u00e9e\" \/>\n\t<meta name=\"twitter:data2\" content=\"2 minutes\" \/>\n<script type=\"application\/ld+json\" class=\"yoast-schema-graph\">{\"@context\":\"https:\\\/\\\/schema.org\",\"@graph\":[{\"@type\":\"Article\",\"@id\":\"https:\\\/\\\/transportjournal.com\\\/fr\\\/2026\\\/03\\\/16\\\/gatx-remet-des-wagons-laaers-a-waberers\\\/#article\",\"isPartOf\":{\"@id\":\"https:\\\/\\\/transportjournal.com\\\/fr\\\/2026\\\/03\\\/16\\\/gatx-remet-des-wagons-laaers-a-waberers\\\/\"},\"author\":{\"name\":\"Andreas Haug\",\"@id\":\"https:\\\/\\\/transportjournal.com\\\/fr\\\/#\\\/schema\\\/person\\\/cf538b3157f15afd7589245a4b3dbd25\"},\"headline\":\"GATX remet des wagons Laaers \u00e0 Waberer\u2019s\",\"datePublished\":\"2026-03-16T09:45:15+00:00\",\"mainEntityOfPage\":{\"@id\":\"https:\\\/\\\/transportjournal.com\\\/fr\\\/2026\\\/03\\\/16\\\/gatx-remet-des-wagons-laaers-a-waberers\\\/\"},\"wordCount\":370,\"commentCount\":0,\"publisher\":{\"@id\":\"https:\\\/\\\/transportjournal.com\\\/fr\\\/#organization\"},\"image\":{\"@id\":\"https:\\\/\\\/transportjournal.com\\\/fr\\\/2026\\\/03\\\/16\\\/gatx-remet-des-wagons-laaers-a-waberers\\\/#primaryimage\"},\"thumbnailUrl\":\"https:\\\/\\\/transportjournal.com\\\/wp-content\\\/uploads\\\/sites\\\/2\\\/2026\\\/03\\\/GATX-news_image_PSP-Cargo-aspect-ratio-1400-788.png\",\"keywords\":[\"Automobil-Logistik\",\"Automotive logistics\",\"centres logistiques europ\u00e9ens\",\"configuration technique des wagons\",\"corridors de transport de v\u00e9hicules\",\"Deutsch GATX\",\"efficient logistics processes Fran\u00e7ais GATX\",\"effiziente Logistikprozesse English GATX\",\"electric vehicle transport\",\"electromobility trends\",\"Elektrofahrzeuge Transport\",\"Elektromobilit\u00e4t Trends\",\"europ\u00e4ische Logistikzentren\",\"European logistics centers\",\"Fahrzeugtransport Korridore\",\"Fahrzeugtransport L\u00f6sungen\",\"freight car leasing\",\"GATX PSP partnership\",\"G\u00fcterwagen Leasing\",\"industrie du transport Europe\",\"infrastructure ferroviaire\",\"Infrastruktur Schiene\",\"Laaers freight cars\",\"Laaers-G\u00fcterwagen\",\"location de wagons\",\"logistics providers Europe\",\"Logistikdienstleister Europa\",\"Logistique automobile\",\"logistique automobile moderne\",\"modern automotive logistics\",\"moderne Automobillogistik\",\"nachhaltiger Fahrzeugtransport\",\"partenariat GATX PSP\",\"Partnerschaft GATX PSP\",\"prestataires logistiques Europe\",\"processus logistiques efficaces\",\"PSP Rail\",\"rail freight transport\",\"rail infrastructure\",\"Schieneng\u00fcterverkehr\",\"solutions de transport de v\u00e9hicules\",\"sustainable vehicle transport\",\"technical configuration freight cars\",\"technische Konfiguration G\u00fcterwagen\",\"tendances \u00e9lectromobilit\u00e9\",\"transport durable de v\u00e9hicules\",\"transport ferroviaire de marchandises\",\"transport industry Europe\",\"transport v\u00e9hicules \u00e9lectriques\",\"Transportwirtschaft Europa\",\"vehicle transport corridors\",\"vehicle transport solutions\",\"Waberer\u2019s\",\"wagons Laaers\"],\"articleSection\":[\"Exp\u00e9dition de fret et logistique\",\"Intermodal \\\/ Route\",\"L'Europe\"],\"inLanguage\":\"fr-FR\",\"potentialAction\":[{\"@type\":\"CommentAction\",\"name\":\"Comment\",\"target\":[\"https:\\\/\\\/transportjournal.com\\\/fr\\\/2026\\\/03\\\/16\\\/gatx-remet-des-wagons-laaers-a-waberers\\\/#respond\"]}]},{\"@type\":\"WebPage\",\"@id\":\"https:\\\/\\\/transportjournal.com\\\/fr\\\/2026\\\/03\\\/16\\\/gatx-remet-des-wagons-laaers-a-waberers\\\/\",\"url\":\"https:\\\/\\\/transportjournal.com\\\/fr\\\/2026\\\/03\\\/16\\\/gatx-remet-des-wagons-laaers-a-waberers\\\/\",\"name\":\"GATX remet des wagons Laaers \u00e0 Waberer\u2019s - ITJ | International Transport Journal\",\"isPartOf\":{\"@id\":\"https:\\\/\\\/transportjournal.com\\\/fr\\\/#website\"},\"primaryImageOfPage\":{\"@id\":\"https:\\\/\\\/transportjournal.com\\\/fr\\\/2026\\\/03\\\/16\\\/gatx-remet-des-wagons-laaers-a-waberers\\\/#primaryimage\"},\"image\":{\"@id\":\"https:\\\/\\\/transportjournal.com\\\/fr\\\/2026\\\/03\\\/16\\\/gatx-remet-des-wagons-laaers-a-waberers\\\/#primaryimage\"},\"thumbnailUrl\":\"https:\\\/\\\/transportjournal.com\\\/wp-content\\\/uploads\\\/sites\\\/2\\\/2026\\\/03\\\/GATX-news_image_PSP-Cargo-aspect-ratio-1400-788.png\",\"datePublished\":\"2026-03-16T09:45:15+00:00\",\"breadcrumb\":{\"@id\":\"https:\\\/\\\/transportjournal.com\\\/fr\\\/2026\\\/03\\\/16\\\/gatx-remet-des-wagons-laaers-a-waberers\\\/#breadcrumb\"},\"inLanguage\":\"fr-FR\",\"potentialAction\":[{\"@type\":\"ReadAction\",\"target\":[\"https:\\\/\\\/transportjournal.com\\\/fr\\\/2026\\\/03\\\/16\\\/gatx-remet-des-wagons-laaers-a-waberers\\\/\"]}]},{\"@type\":\"ImageObject\",\"inLanguage\":\"fr-FR\",\"@id\":\"https:\\\/\\\/transportjournal.com\\\/fr\\\/2026\\\/03\\\/16\\\/gatx-remet-des-wagons-laaers-a-waberers\\\/#primaryimage\",\"url\":\"https:\\\/\\\/transportjournal.com\\\/wp-content\\\/uploads\\\/sites\\\/2\\\/2026\\\/03\\\/GATX-news_image_PSP-Cargo-aspect-ratio-1400-788.png\",\"contentUrl\":\"https:\\\/\\\/transportjournal.com\\\/wp-content\\\/uploads\\\/sites\\\/2\\\/2026\\\/03\\\/GATX-news_image_PSP-Cargo-aspect-ratio-1400-788.png\",\"width\":648,\"height\":364},{\"@type\":\"BreadcrumbList\",\"@id\":\"https:\\\/\\\/transportjournal.com\\\/fr\\\/2026\\\/03\\\/16\\\/gatx-remet-des-wagons-laaers-a-waberers\\\/#breadcrumb\",\"itemListElement\":[{\"@type\":\"ListItem\",\"position\":1,\"name\":\"Startseite\",\"item\":\"https:\\\/\\\/transportjournal.com\\\/fr\\\/\"},{\"@type\":\"ListItem\",\"position\":2,\"name\":\"GATX remet des wagons Laaers \u00e0 Waberer\u2019s\"}]},{\"@type\":\"WebSite\",\"@id\":\"https:\\\/\\\/transportjournal.com\\\/fr\\\/#website\",\"url\":\"https:\\\/\\\/transportjournal.com\\\/fr\\\/\",\"name\":\"ITJ | International Transport Journal\",\"description\":\"Restez inform\u00e9 des derni\u00e8res nouvelles mondiales dans les secteurs du transport, de la logistique et de la cha\u00eene d'approvisionnement. Transport Journal fournit des informations d'experts, des analyses et des mises \u00e0 jour sur le transport maritime, l'aviation, l'intermodalit\u00e9 et l'exp\u00e9dition. \",\"publisher\":{\"@id\":\"https:\\\/\\\/transportjournal.com\\\/fr\\\/#organization\"},\"potentialAction\":[{\"@type\":\"SearchAction\",\"target\":{\"@type\":\"EntryPoint\",\"urlTemplate\":\"https:\\\/\\\/transportjournal.com\\\/fr\\\/?s={search_term_string}\"},\"query-input\":{\"@type\":\"PropertyValueSpecification\",\"valueRequired\":true,\"valueName\":\"search_term_string\"}}],\"inLanguage\":\"fr-FR\"},{\"@type\":\"Organization\",\"@id\":\"https:\\\/\\\/transportjournal.com\\\/fr\\\/#organization\",\"name\":\"Groupe Logismedia AG\",\"alternateName\":\"Logismedia Group AG\",\"url\":\"https:\\\/\\\/transportjournal.com\\\/fr\\\/\",\"logo\":{\"@type\":\"ImageObject\",\"inLanguage\":\"fr-FR\",\"@id\":\"https:\\\/\\\/transportjournal.com\\\/fr\\\/#\\\/schema\\\/logo\\\/image\\\/\",\"url\":\"https:\\\/\\\/transportjournal.com\\\/wp-content\\\/uploads\\\/sites\\\/2\\\/2025\\\/09\\\/Logo_ITJ.png\",\"contentUrl\":\"https:\\\/\\\/transportjournal.com\\\/wp-content\\\/uploads\\\/sites\\\/2\\\/2025\\\/09\\\/Logo_ITJ.png\",\"width\":799,\"height\":326,\"caption\":\"Groupe Logismedia AG\"},\"image\":{\"@id\":\"https:\\\/\\\/transportjournal.com\\\/fr\\\/#\\\/schema\\\/logo\\\/image\\\/\"},\"sameAs\":[\"https:\\\/\\\/www.linkedin.com\\\/company\\\/56456496\\\/admin\\\/dashboard\\\/\",\"https:\\\/\\\/www.instagram.com\\\/logismediagroup\\\/\",\"https:\\\/\\\/www.youtube.com\\\/@LogiamediaGroupAG\"]},{\"@type\":\"Person\",\"@id\":\"https:\\\/\\\/transportjournal.com\\\/fr\\\/#\\\/schema\\\/person\\\/cf538b3157f15afd7589245a4b3dbd25\",\"name\":\"Andreas Haug\",\"url\":\"https:\\\/\\\/transportjournal.com\\\/fr\\\/author\\\/andreas\\\/\"}]}<\/script>\n<!-- \/ Yoast SEO plugin. -->","yoast_head_json":{"title":"GATX remet des wagons Laaers \u00e0 Waberer\u2019s - ITJ | International Transport Journal","robots":{"index":"index","follow":"follow","max-snippet":"max-snippet:-1","max-image-preview":"max-image-preview:large","max-video-preview":"max-video-preview:-1"},"canonical":"https:\/\/transportjournal.com\/fr\/2026\/03\/16\/gatx-remet-des-wagons-laaers-a-waberers\/","og_locale":"fr_FR","og_type":"article","og_title":"GATX remet des wagons Laaers \u00e0 Waberer\u2019s - ITJ | International Transport Journal","og_description":"GATX Rail Europe a remis des wagons Laaers au groupe Waberer\u2019s pour soutenir efficacement le transport de v\u00e9hicules \u00e9lectriques en Europe.","og_url":"https:\/\/transportjournal.com\/fr\/2026\/03\/16\/gatx-remet-des-wagons-laaers-a-waberers\/","og_site_name":"ITJ | International Transport Journal","article_published_time":"2026-03-16T09:45:15+00:00","og_image":[{"width":648,"height":364,"url":"https:\/\/transportjournal.com\/wp-content\/uploads\/sites\/2\/2026\/03\/GATX-news_image_PSP-Cargo-aspect-ratio-1400-788.png","type":"image\/png"}],"author":"Andreas Haug","twitter_card":"summary_large_image","twitter_misc":{"\u00c9crit par":"Andreas Haug","Dur\u00e9e de lecture estim\u00e9e":"2 minutes"},"schema":{"@context":"https:\/\/schema.org","@graph":[{"@type":"Article","@id":"https:\/\/transportjournal.com\/fr\/2026\/03\/16\/gatx-remet-des-wagons-laaers-a-waberers\/#article","isPartOf":{"@id":"https:\/\/transportjournal.com\/fr\/2026\/03\/16\/gatx-remet-des-wagons-laaers-a-waberers\/"},"author":{"name":"Andreas Haug","@id":"https:\/\/transportjournal.com\/fr\/#\/schema\/person\/cf538b3157f15afd7589245a4b3dbd25"},"headline":"GATX remet des wagons Laaers \u00e0 Waberer\u2019s","datePublished":"2026-03-16T09:45:15+00:00","mainEntityOfPage":{"@id":"https:\/\/transportjournal.com\/fr\/2026\/03\/16\/gatx-remet-des-wagons-laaers-a-waberers\/"},"wordCount":370,"commentCount":0,"publisher":{"@id":"https:\/\/transportjournal.com\/fr\/#organization"},"image":{"@id":"https:\/\/transportjournal.com\/fr\/2026\/03\/16\/gatx-remet-des-wagons-laaers-a-waberers\/#primaryimage"},"thumbnailUrl":"https:\/\/transportjournal.com\/wp-content\/uploads\/sites\/2\/2026\/03\/GATX-news_image_PSP-Cargo-aspect-ratio-1400-788.png","keywords":["Automobil-Logistik","Automotive logistics","centres logistiques europ\u00e9ens","configuration technique des wagons","corridors de transport de v\u00e9hicules","Deutsch GATX","efficient logistics processes Fran\u00e7ais GATX","effiziente Logistikprozesse English GATX","electric vehicle transport","electromobility trends","Elektrofahrzeuge Transport","Elektromobilit\u00e4t Trends","europ\u00e4ische Logistikzentren","European logistics centers","Fahrzeugtransport Korridore","Fahrzeugtransport L\u00f6sungen","freight car leasing","GATX PSP partnership","G\u00fcterwagen Leasing","industrie du transport Europe","infrastructure ferroviaire","Infrastruktur Schiene","Laaers freight cars","Laaers-G\u00fcterwagen","location de wagons","logistics providers Europe","Logistikdienstleister Europa","Logistique automobile","logistique automobile moderne","modern automotive logistics","moderne Automobillogistik","nachhaltiger Fahrzeugtransport","partenariat GATX PSP","Partnerschaft GATX PSP","prestataires logistiques Europe","processus logistiques efficaces","PSP Rail","rail freight transport","rail infrastructure","Schieneng\u00fcterverkehr","solutions de transport de v\u00e9hicules","sustainable vehicle transport","technical configuration freight cars","technische Konfiguration G\u00fcterwagen","tendances \u00e9lectromobilit\u00e9","transport durable de v\u00e9hicules","transport ferroviaire de marchandises","transport industry Europe","transport v\u00e9hicules \u00e9lectriques","Transportwirtschaft Europa","vehicle transport corridors","vehicle transport solutions","Waberer\u2019s","wagons Laaers"],"articleSection":["Exp\u00e9dition de fret et logistique","Intermodal \/ Route","L'Europe"],"inLanguage":"fr-FR","potentialAction":[{"@type":"CommentAction","name":"Comment","target":["https:\/\/transportjournal.com\/fr\/2026\/03\/16\/gatx-remet-des-wagons-laaers-a-waberers\/#respond"]}]},{"@type":"WebPage","@id":"https:\/\/transportjournal.com\/fr\/2026\/03\/16\/gatx-remet-des-wagons-laaers-a-waberers\/","url":"https:\/\/transportjournal.com\/fr\/2026\/03\/16\/gatx-remet-des-wagons-laaers-a-waberers\/","name":"GATX remet des wagons Laaers \u00e0 Waberer\u2019s - ITJ | International Transport Journal","isPartOf":{"@id":"https:\/\/transportjournal.com\/fr\/#website"},"primaryImageOfPage":{"@id":"https:\/\/transportjournal.com\/fr\/2026\/03\/16\/gatx-remet-des-wagons-laaers-a-waberers\/#primaryimage"},"image":{"@id":"https:\/\/transportjournal.com\/fr\/2026\/03\/16\/gatx-remet-des-wagons-laaers-a-waberers\/#primaryimage"},"thumbnailUrl":"https:\/\/transportjournal.com\/wp-content\/uploads\/sites\/2\/2026\/03\/GATX-news_image_PSP-Cargo-aspect-ratio-1400-788.png","datePublished":"2026-03-16T09:45:15+00:00","breadcrumb":{"@id":"https:\/\/transportjournal.com\/fr\/2026\/03\/16\/gatx-remet-des-wagons-laaers-a-waberers\/#breadcrumb"},"inLanguage":"fr-FR","potentialAction":[{"@type":"ReadAction","target":["https:\/\/transportjournal.com\/fr\/2026\/03\/16\/gatx-remet-des-wagons-laaers-a-waberers\/"]}]},{"@type":"ImageObject","inLanguage":"fr-FR","@id":"https:\/\/transportjournal.com\/fr\/2026\/03\/16\/gatx-remet-des-wagons-laaers-a-waberers\/#primaryimage","url":"https:\/\/transportjournal.com\/wp-content\/uploads\/sites\/2\/2026\/03\/GATX-news_image_PSP-Cargo-aspect-ratio-1400-788.png","contentUrl":"https:\/\/transportjournal.com\/wp-content\/uploads\/sites\/2\/2026\/03\/GATX-news_image_PSP-Cargo-aspect-ratio-1400-788.png","width":648,"height":364},{"@type":"BreadcrumbList","@id":"https:\/\/transportjournal.com\/fr\/2026\/03\/16\/gatx-remet-des-wagons-laaers-a-waberers\/#breadcrumb","itemListElement":[{"@type":"ListItem","position":1,"name":"Startseite","item":"https:\/\/transportjournal.com\/fr\/"},{"@type":"ListItem","position":2,"name":"GATX remet des wagons Laaers \u00e0 Waberer\u2019s"}]},{"@type":"WebSite","@id":"https:\/\/transportjournal.com\/fr\/#website","url":"https:\/\/transportjournal.com\/fr\/","name":"ITJ | International Transport Journal","description":"Restez inform\u00e9 des derni\u00e8res nouvelles mondiales dans les secteurs du transport, de la logistique et de la cha\u00eene d'approvisionnement. Transport Journal fournit des informations d'experts, des analyses et des mises \u00e0 jour sur le transport maritime, l'aviation, l'intermodalit\u00e9 et l'exp\u00e9dition. ","publisher":{"@id":"https:\/\/transportjournal.com\/fr\/#organization"},"potentialAction":[{"@type":"SearchAction","target":{"@type":"EntryPoint","urlTemplate":"https:\/\/transportjournal.com\/fr\/?s={search_term_string}"},"query-input":{"@type":"PropertyValueSpecification","valueRequired":true,"valueName":"search_term_string"}}],"inLanguage":"fr-FR"},{"@type":"Organization","@id":"https:\/\/transportjournal.com\/fr\/#organization","name":"Groupe Logismedia AG","alternateName":"Logismedia Group AG","url":"https:\/\/transportjournal.com\/fr\/","logo":{"@type":"ImageObject","inLanguage":"fr-FR","@id":"https:\/\/transportjournal.com\/fr\/#\/schema\/logo\/image\/","url":"https:\/\/transportjournal.com\/wp-content\/uploads\/sites\/2\/2025\/09\/Logo_ITJ.png","contentUrl":"https:\/\/transportjournal.com\/wp-content\/uploads\/sites\/2\/2025\/09\/Logo_ITJ.png","width":799,"height":326,"caption":"Groupe Logismedia AG"},"image":{"@id":"https:\/\/transportjournal.com\/fr\/#\/schema\/logo\/image\/"},"sameAs":["https:\/\/www.linkedin.com\/company\/56456496\/admin\/dashboard\/","https:\/\/www.instagram.com\/logismediagroup\/","https:\/\/www.youtube.com\/@LogiamediaGroupAG"]},{"@type":"Person","@id":"https:\/\/transportjournal.com\/fr\/#\/schema\/person\/cf538b3157f15afd7589245a4b3dbd25","name":"Andreas Haug","url":"https:\/\/transportjournal.com\/fr\/author\/andreas\/"}]}},"_links":{"self":[{"href":"https:\/\/transportjournal.com\/fr\/wp-json\/wp\/v2\/posts\/80874","targetHints":{"allow":["GET"]}}],"collection":[{"href":"https:\/\/transportjournal.com\/fr\/wp-json\/wp\/v2\/posts"}],"about":[{"href":"https:\/\/transportjournal.com\/fr\/wp-json\/wp\/v2\/types\/post"}],"author":[{"embeddable":true,"href":"https:\/\/transportjournal.com\/fr\/wp-json\/wp\/v2\/users\/12"}],"replies":[{"embeddable":true,"href":"https:\/\/transportjournal.com\/fr\/wp-json\/wp\/v2\/comments?post=80874"}],"version-history":[{"count":0,"href":"https:\/\/transportjournal.com\/fr\/wp-json\/wp\/v2\/posts\/80874\/revisions"}],"wp:featuredmedia":[{"embeddable":true,"href":"https:\/\/transportjournal.com\/fr\/wp-json\/wp\/v2\/media\/80872"}],"wp:attachment":[{"href":"https:\/\/transportjournal.com\/fr\/wp-json\/wp\/v2\/media?parent=80874"}],"wp:term":[{"taxonomy":"category","embeddable":true,"href":"https:\/\/transportjournal.com\/fr\/wp-json\/wp\/v2\/categories?post=80874"},{"taxonomy":"post_tag","embeddable":true,"href":"https:\/\/transportjournal.com\/fr\/wp-json\/wp\/v2\/tags?post=80874"}],"curies":[{"name":"wp","href":"https:\/\/api.w.org\/{rel}","templated":true}]}}